{"id":100439,"date":"2020-01-12T20:11:27","date_gmt":"2020-01-12T19:11:27","guid":{"rendered":"http:\/\/fr.motocrossmag.be\/?p=100439"},"modified":"2020-01-12T20:11:27","modified_gmt":"2020-01-12T19:11:27","slug":"nathan-watson-remporte-sa-3eme-gurp-tt-a-grayan-et-lhopital","status":"publish","type":"post","link":"https:\/\/fr.motocrossmag.be\/index.php\/2020\/01\/nathan-watson-remporte-sa-3eme-gurp-tt-a-grayan-et-lhopital\/","title":{"rendered":"Nathan Watson remporte sa 3\u00e8me Gurp TT \u00e0 Grayan-et-l&rsquo;H\u00f4pital"},"content":{"rendered":"<p><strong>Avec pr\u00e8s de 1000 pilotes au d\u00e9part ce week-end, dont presque 600 rien que pour l&rsquo;\u00e9preuve \u00ab\u00a0Motos\u00a0\u00bb, la 18\u00e8me \u00e9dition de la Gurp TT avait plus que jamais des airs de r\u00e9p\u00e9tition g\u00e9n\u00e9rale \u00e0 quelques semaines du grand rendez-vous de l&rsquo;Enduropale, le premier week-end de janvier sur la plage du Touquet. Nathan Watson en a profit\u00e9 pour se positionner en grand favori \u00e0 sa propre succession sur la finale du championnat de France des Sables.<\/strong><\/p>\n<p>Camille Chapeli\u00e8re est parti en t\u00eate de la meute mais le Fran\u00e7ais n&rsquo;a pas pu r\u00e9sister longtemps \u00e0 l&rsquo;ogre Nathan Watson. Une fois en t\u00eate, l&rsquo;officiel KTM a litt\u00e9ralement vol\u00e9 vers un 3\u00e8me succ\u00e8s cons\u00e9cutif dans le sable de Grayan. Derri\u00e8re, les Yamaha-boys sont \u00e0 la f\u00eate puisque Todd Kellett monte une nouvelle fois sur le podium devant Milko Potisek, de retour de blessure. Camille Chapeli\u00e8re termine au pied du podium devant Richard Fura, Jeremy Hauquier, Damien Prevot et Victor Brossier.<\/p>\n<p>Premier Belge, Yentel Martens franchit la ligne d&rsquo;arriv\u00e9e en 9\u00e8me position tandis que Jeremy Van Horebeek, victime d&rsquo;une panne d&rsquo;essence, se contente de la 14\u00e8me place.<\/p>\n<p>Tous les regards sont \u00e0 pr\u00e9sent braqu\u00e9s vers la plage du Touquet et la grande finale de la saison de sable, les 31 janvier, 1er et 2 f\u00e9vrier.<\/p>\n<p><span style=\"color: #800000;\"><strong>R\u00e9sultats<\/strong><\/span><\/p>\n<p>1 WATSON Nathan KTM; 2 KELLETT Todd Yamaha; 3 POTISEK Milko Yamaha; 4 CHAPELIERE Camille KTM; 5 FURA Richard Yamaha; 6 HAUQUIER Jeremy KTM; 7 PREVOT Damien Kawasaki; 8 BROSSIER Victor Yamaha; <strong>9 MARTENS Yentel Touquet Honda;<\/strong> 10 DUMONTIER Romain Husqvarna; 11 DIVALL Jordan Honda; 12 MOLLON Eddy Husqvarna; 13 JAGU Julien Honda; <strong>14 VAN HOREBEEK Jeremy Honda;<\/strong> 15 BOIDRAS Benjamin Honda;&#8230;<\/p>\n<div id=\"ConnectiveDocSignExtentionInstalled\" data-extension-version=\"1.0.4\"><\/div>\n","protected":false},"excerpt":{"rendered":"<p>Avec pr\u00e8s de 1000 pilotes au d\u00e9part ce week-end, dont presque 600 rien que pour l&rsquo;\u00e9preuve \u00ab\u00a0Motos\u00a0\u00bb, la 18\u00e8me \u00e9dition de la Gurp TT avait plus que jamais des airs [&#8230;]<\/p>\n","protected":false},"author":932,"featured_media":100440,"comment_status":"open","ping_status":"closed","sticky":false,"template":"","format":"standard","meta":{"footnotes":""},"categories":[54,1075,32,33,55,56,65],"tags":[300,490,1178],"class_list":["post-100439","post","type-post","status-publish","format-standard","has-post-thumbnail","hentry","category-actualite","category-courses-de-sable","category-enduro","category-news-enduro","category-news-actualite","category-resultats","category-slideshow","tag-course-sur-sable","tag-france","tag-sable"],"yoast_head":"<!-- This site is optimized with the Yoast SEO plugin v27.4 - https:\/\/yoast.com\/product\/yoast-seo-wordpress\/ -->\n<title>Nathan Watson remporte sa 3\u00e8me Gurp TT \u00e0 Grayan-et-l&#039;H\u00f4pital - Motocross - Enduro - Supermoto | MotocrossMag<\/title>\n<meta name=\"robots\" content=\"index, follow, max-snippet:-1, max-image-preview:large, max-video-preview:-1\" \/>\n<link rel=\"canonical\" href=\"https:\/\/fr.motocrossmag.be\/index.php\/2020\/01\/nathan-watson-remporte-sa-3eme-gurp-tt-a-grayan-et-lhopital\/\" \/>\n<meta property=\"og:locale\" content=\"fr_FR\" \/>\n<meta property=\"og:type\" content=\"article\" \/>\n<meta property=\"og:title\" content=\"Nathan Watson remporte sa 3\u00e8me Gurp TT \u00e0 Grayan-et-l&#039;H\u00f4pital - Motocross - Enduro - Supermoto | MotocrossMag\" \/>\n<meta property=\"og:description\" content=\"Avec pr\u00e8s de 1000 pilotes au d\u00e9part ce week-end, dont presque 600 rien que pour l&rsquo;\u00e9preuve \u00ab\u00a0Motos\u00a0\u00bb, la 18\u00e8me \u00e9dition de la Gurp TT avait plus que jamais des airs [...]\" \/>\n<meta property=\"og:url\" content=\"https:\/\/fr.motocrossmag.be\/index.php\/2020\/01\/nathan-watson-remporte-sa-3eme-gurp-tt-a-grayan-et-lhopital\/\" \/>\n<meta property=\"og:site_name\" content=\"Motocross - Enduro - Supermoto | MotocrossMag\" \/>\n<meta property=\"article:published_time\" content=\"2020-01-12T19:11:27+00:00\" \/>\n<meta property=\"og:image\" content=\"https:\/\/fr.motocrossmag.be\/wp-content\/uploads\/2020\/01\/watson-nathan-grayan.jpg\" \/>\n\t<meta property=\"og:image:width\" content=\"650\" \/>\n\t<meta property=\"og:image:height\" content=\"432\" \/>\n\t<meta property=\"og:image:type\" content=\"image\/jpeg\" \/>\n<meta name=\"author\" content=\"oliviere\" \/>\n<meta name=\"twitter:card\" content=\"summary_large_image\" \/>\n<meta name=\"twitter:label1\" content=\"\u00c9crit par\" \/>\n\t<meta name=\"twitter:data1\" content=\"oliviere\" \/>\n\t<meta name=\"twitter:label2\" content=\"Dur\u00e9e de lecture estim\u00e9e\" \/>\n\t<meta name=\"twitter:data2\" content=\"1 minute\" \/>\n<script type=\"application\/ld+json\" class=\"yoast-schema-graph\">{\"@context\":\"https:\\\/\\\/schema.org\",\"@graph\":[{\"@type\":\"Article\",\"@id\":\"https:\\\/\\\/fr.motocrossmag.be\\\/index.php\\\/2020\\\/01\\\/nathan-watson-remporte-sa-3eme-gurp-tt-a-grayan-et-lhopital\\\/#article\",\"isPartOf\":{\"@id\":\"https:\\\/\\\/fr.motocrossmag.be\\\/index.php\\\/2020\\\/01\\\/nathan-watson-remporte-sa-3eme-gurp-tt-a-grayan-et-lhopital\\\/\"},\"author\":{\"name\":\"oliviere\",\"@id\":\"https:\\\/\\\/fr.motocrossmag.be\\\/#\\\/schema\\\/person\\\/11b47143d9f755babca2c9110e03235c\"},\"headline\":\"Nathan Watson remporte sa 3\u00e8me Gurp TT \u00e0 Grayan-et-l&rsquo;H\u00f4pital\",\"datePublished\":\"2020-01-12T19:11:27+00:00\",\"mainEntityOfPage\":{\"@id\":\"https:\\\/\\\/fr.motocrossmag.be\\\/index.php\\\/2020\\\/01\\\/nathan-watson-remporte-sa-3eme-gurp-tt-a-grayan-et-lhopital\\\/\"},\"wordCount\":289,\"commentCount\":0,\"image\":{\"@id\":\"https:\\\/\\\/fr.motocrossmag.be\\\/index.php\\\/2020\\\/01\\\/nathan-watson-remporte-sa-3eme-gurp-tt-a-grayan-et-lhopital\\\/#primaryimage\"},\"thumbnailUrl\":\"https:\\\/\\\/fr.motocrossmag.be\\\/wp-content\\\/uploads\\\/2020\\\/01\\\/watson-nathan-grayan.jpg\",\"keywords\":[\"CFS\",\"france\",\"sable\"],\"articleSection\":[\"Actualit\u00e9\",\"Courses de sable\",\"Enduro\",\"News\",\"News\",\"R\u00e9sultats\",\"Slideshow\"],\"inLanguage\":\"fr-FR\",\"potentialAction\":[{\"@type\":\"CommentAction\",\"name\":\"Comment\",\"target\":[\"https:\\\/\\\/fr.motocrossmag.be\\\/index.php\\\/2020\\\/01\\\/nathan-watson-remporte-sa-3eme-gurp-tt-a-grayan-et-lhopital\\\/#respond\"]}]},{\"@type\":\"WebPage\",\"@id\":\"https:\\\/\\\/fr.motocrossmag.be\\\/index.php\\\/2020\\\/01\\\/nathan-watson-remporte-sa-3eme-gurp-tt-a-grayan-et-lhopital\\\/\",\"url\":\"https:\\\/\\\/fr.motocrossmag.be\\\/index.php\\\/2020\\\/01\\\/nathan-watson-remporte-sa-3eme-gurp-tt-a-grayan-et-lhopital\\\/\",\"name\":\"Nathan Watson remporte sa 3\u00e8me Gurp TT \u00e0 Grayan-et-l'H\u00f4pital - Motocross - Enduro - Supermoto | MotocrossMag\",\"isPartOf\":{\"@id\":\"https:\\\/\\\/fr.motocrossmag.be\\\/#website\"},\"primaryImageOfPage\":{\"@id\":\"https:\\\/\\\/fr.motocrossmag.be\\\/index.php\\\/2020\\\/01\\\/nathan-watson-remporte-sa-3eme-gurp-tt-a-grayan-et-lhopital\\\/#primaryimage\"},\"image\":{\"@id\":\"https:\\\/\\\/fr.motocrossmag.be\\\/index.php\\\/2020\\\/01\\\/nathan-watson-remporte-sa-3eme-gurp-tt-a-grayan-et-lhopital\\\/#primaryimage\"},\"thumbnailUrl\":\"https:\\\/\\\/fr.motocrossmag.be\\\/wp-content\\\/uploads\\\/2020\\\/01\\\/watson-nathan-grayan.jpg\",\"datePublished\":\"2020-01-12T19:11:27+00:00\",\"author\":{\"@id\":\"https:\\\/\\\/fr.motocrossmag.be\\\/#\\\/schema\\\/person\\\/11b47143d9f755babca2c9110e03235c\"},\"breadcrumb\":{\"@id\":\"https:\\\/\\\/fr.motocrossmag.be\\\/index.php\\\/2020\\\/01\\\/nathan-watson-remporte-sa-3eme-gurp-tt-a-grayan-et-lhopital\\\/#breadcrumb\"},\"inLanguage\":\"fr-FR\",\"potentialAction\":[{\"@type\":\"ReadAction\",\"target\":[\"https:\\\/\\\/fr.motocrossmag.be\\\/index.php\\\/2020\\\/01\\\/nathan-watson-remporte-sa-3eme-gurp-tt-a-grayan-et-lhopital\\\/\"]}]},{\"@type\":\"ImageObject\",\"inLanguage\":\"fr-FR\",\"@id\":\"https:\\\/\\\/fr.motocrossmag.be\\\/index.php\\\/2020\\\/01\\\/nathan-watson-remporte-sa-3eme-gurp-tt-a-grayan-et-lhopital\\\/#primaryimage\",\"url\":\"https:\\\/\\\/fr.motocrossmag.be\\\/wp-content\\\/uploads\\\/2020\\\/01\\\/watson-nathan-grayan.jpg\",\"contentUrl\":\"https:\\\/\\\/fr.motocrossmag.be\\\/wp-content\\\/uploads\\\/2020\\\/01\\\/watson-nathan-grayan.jpg\",\"width\":650,\"height\":432},{\"@type\":\"BreadcrumbList\",\"@id\":\"https:\\\/\\\/fr.motocrossmag.be\\\/index.php\\\/2020\\\/01\\\/nathan-watson-remporte-sa-3eme-gurp-tt-a-grayan-et-lhopital\\\/#breadcrumb\",\"itemListElement\":[{\"@type\":\"ListItem\",\"position\":1,\"name\":\"Accueil\",\"item\":\"https:\\\/\\\/fr.motocrossmag.be\\\/\"},{\"@type\":\"ListItem\",\"position\":2,\"name\":\"Nathan Watson remporte sa 3\u00e8me Gurp TT \u00e0 Grayan-et-l&rsquo;H\u00f4pital\"}]},{\"@type\":\"WebSite\",\"@id\":\"https:\\\/\\\/fr.motocrossmag.be\\\/#website\",\"url\":\"https:\\\/\\\/fr.motocrossmag.be\\\/\",\"name\":\"Motocross - Enduro - Supermoto | MotocrossMag\",\"description\":\"L&#039;actualit\u00e9 du motocross, de l&#039;enduro et du Supermoto en ligne!\",\"potentialAction\":[{\"@type\":\"SearchAction\",\"target\":{\"@type\":\"EntryPoint\",\"urlTemplate\":\"https:\\\/\\\/fr.motocrossmag.be\\\/?s={search_term_string}\"},\"query-input\":{\"@type\":\"PropertyValueSpecification\",\"valueRequired\":true,\"valueName\":\"search_term_string\"}}],\"inLanguage\":\"fr-FR\"},{\"@type\":\"Person\",\"@id\":\"https:\\\/\\\/fr.motocrossmag.be\\\/#\\\/schema\\\/person\\\/11b47143d9f755babca2c9110e03235c\",\"name\":\"oliviere\",\"image\":{\"@type\":\"ImageObject\",\"inLanguage\":\"fr-FR\",\"@id\":\"https:\\\/\\\/secure.gravatar.com\\\/avatar\\\/907069e0b81d119452040469e4a7501da1100f54f7f80180ce77bfab718288f6?s=96&d=mm&r=g\",\"url\":\"https:\\\/\\\/secure.gravatar.com\\\/avatar\\\/907069e0b81d119452040469e4a7501da1100f54f7f80180ce77bfab718288f6?s=96&d=mm&r=g\",\"contentUrl\":\"https:\\\/\\\/secure.gravatar.com\\\/avatar\\\/907069e0b81d119452040469e4a7501da1100f54f7f80180ce77bfab718288f6?s=96&d=mm&r=g\",\"caption\":\"oliviere\"},\"sameAs\":[\"http:\\\/\\\/www.motocrossmag.be\"],\"url\":\"https:\\\/\\\/fr.motocrossmag.be\\\/index.php\\\/author\\\/oliviere\\\/\"}]}<\/script>\n<!-- \/ Yoast SEO plugin. -->","yoast_head_json":{"title":"Nathan Watson remporte sa 3\u00e8me Gurp TT \u00e0 Grayan-et-l'H\u00f4pital - Motocross - Enduro - Supermoto | MotocrossMag","robots":{"index":"index","follow":"follow","max-snippet":"max-snippet:-1","max-image-preview":"max-image-preview:large","max-video-preview":"max-video-preview:-1"},"canonical":"https:\/\/fr.motocrossmag.be\/index.php\/2020\/01\/nathan-watson-remporte-sa-3eme-gurp-tt-a-grayan-et-lhopital\/","og_locale":"fr_FR","og_type":"article","og_title":"Nathan Watson remporte sa 3\u00e8me Gurp TT \u00e0 Grayan-et-l'H\u00f4pital - Motocross - Enduro - Supermoto | MotocrossMag","og_description":"Avec pr\u00e8s de 1000 pilotes au d\u00e9part ce week-end, dont presque 600 rien que pour l&rsquo;\u00e9preuve \u00ab\u00a0Motos\u00a0\u00bb, la 18\u00e8me \u00e9dition de la Gurp TT avait plus que jamais des airs [...]","og_url":"https:\/\/fr.motocrossmag.be\/index.php\/2020\/01\/nathan-watson-remporte-sa-3eme-gurp-tt-a-grayan-et-lhopital\/","og_site_name":"Motocross - Enduro - Supermoto | MotocrossMag","article_published_time":"2020-01-12T19:11:27+00:00","og_image":[{"width":650,"height":432,"url":"https:\/\/fr.motocrossmag.be\/wp-content\/uploads\/2020\/01\/watson-nathan-grayan.jpg","type":"image\/jpeg"}],"author":"oliviere","twitter_card":"summary_large_image","twitter_misc":{"\u00c9crit par":"oliviere","Dur\u00e9e de lecture estim\u00e9e":"1 minute"},"schema":{"@context":"https:\/\/schema.org","@graph":[{"@type":"Article","@id":"https:\/\/fr.motocrossmag.be\/index.php\/2020\/01\/nathan-watson-remporte-sa-3eme-gurp-tt-a-grayan-et-lhopital\/#article","isPartOf":{"@id":"https:\/\/fr.motocrossmag.be\/index.php\/2020\/01\/nathan-watson-remporte-sa-3eme-gurp-tt-a-grayan-et-lhopital\/"},"author":{"name":"oliviere","@id":"https:\/\/fr.motocrossmag.be\/#\/schema\/person\/11b47143d9f755babca2c9110e03235c"},"headline":"Nathan Watson remporte sa 3\u00e8me Gurp TT \u00e0 Grayan-et-l&rsquo;H\u00f4pital","datePublished":"2020-01-12T19:11:27+00:00","mainEntityOfPage":{"@id":"https:\/\/fr.motocrossmag.be\/index.php\/2020\/01\/nathan-watson-remporte-sa-3eme-gurp-tt-a-grayan-et-lhopital\/"},"wordCount":289,"commentCount":0,"image":{"@id":"https:\/\/fr.motocrossmag.be\/index.php\/2020\/01\/nathan-watson-remporte-sa-3eme-gurp-tt-a-grayan-et-lhopital\/#primaryimage"},"thumbnailUrl":"https:\/\/fr.motocrossmag.be\/wp-content\/uploads\/2020\/01\/watson-nathan-grayan.jpg","keywords":["CFS","france","sable"],"articleSection":["Actualit\u00e9","Courses de sable","Enduro","News","News","R\u00e9sultats","Slideshow"],"inLanguage":"fr-FR","potentialAction":[{"@type":"CommentAction","name":"Comment","target":["https:\/\/fr.motocrossmag.be\/index.php\/2020\/01\/nathan-watson-remporte-sa-3eme-gurp-tt-a-grayan-et-lhopital\/#respond"]}]},{"@type":"WebPage","@id":"https:\/\/fr.motocrossmag.be\/index.php\/2020\/01\/nathan-watson-remporte-sa-3eme-gurp-tt-a-grayan-et-lhopital\/","url":"https:\/\/fr.motocrossmag.be\/index.php\/2020\/01\/nathan-watson-remporte-sa-3eme-gurp-tt-a-grayan-et-lhopital\/","name":"Nathan Watson remporte sa 3\u00e8me Gurp TT \u00e0 Grayan-et-l'H\u00f4pital - Motocross - Enduro - Supermoto | MotocrossMag","isPartOf":{"@id":"https:\/\/fr.motocrossmag.be\/#website"},"primaryImageOfPage":{"@id":"https:\/\/fr.motocrossmag.be\/index.php\/2020\/01\/nathan-watson-remporte-sa-3eme-gurp-tt-a-grayan-et-lhopital\/#primaryimage"},"image":{"@id":"https:\/\/fr.motocrossmag.be\/index.php\/2020\/01\/nathan-watson-remporte-sa-3eme-gurp-tt-a-grayan-et-lhopital\/#primaryimage"},"thumbnailUrl":"https:\/\/fr.motocrossmag.be\/wp-content\/uploads\/2020\/01\/watson-nathan-grayan.jpg","datePublished":"2020-01-12T19:11:27+00:00","author":{"@id":"https:\/\/fr.motocrossmag.be\/#\/schema\/person\/11b47143d9f755babca2c9110e03235c"},"breadcrumb":{"@id":"https:\/\/fr.motocrossmag.be\/index.php\/2020\/01\/nathan-watson-remporte-sa-3eme-gurp-tt-a-grayan-et-lhopital\/#breadcrumb"},"inLanguage":"fr-FR","potentialAction":[{"@type":"ReadAction","target":["https:\/\/fr.motocrossmag.be\/index.php\/2020\/01\/nathan-watson-remporte-sa-3eme-gurp-tt-a-grayan-et-lhopital\/"]}]},{"@type":"ImageObject","inLanguage":"fr-FR","@id":"https:\/\/fr.motocrossmag.be\/index.php\/2020\/01\/nathan-watson-remporte-sa-3eme-gurp-tt-a-grayan-et-lhopital\/#primaryimage","url":"https:\/\/fr.motocrossmag.be\/wp-content\/uploads\/2020\/01\/watson-nathan-grayan.jpg","contentUrl":"https:\/\/fr.motocrossmag.be\/wp-content\/uploads\/2020\/01\/watson-nathan-grayan.jpg","width":650,"height":432},{"@type":"BreadcrumbList","@id":"https:\/\/fr.motocrossmag.be\/index.php\/2020\/01\/nathan-watson-remporte-sa-3eme-gurp-tt-a-grayan-et-lhopital\/#breadcrumb","itemListElement":[{"@type":"ListItem","position":1,"name":"Accueil","item":"https:\/\/fr.motocrossmag.be\/"},{"@type":"ListItem","position":2,"name":"Nathan Watson remporte sa 3\u00e8me Gurp TT \u00e0 Grayan-et-l&rsquo;H\u00f4pital"}]},{"@type":"WebSite","@id":"https:\/\/fr.motocrossmag.be\/#website","url":"https:\/\/fr.motocrossmag.be\/","name":"Motocross - Enduro - Supermoto | MotocrossMag","description":"L&#039;actualit\u00e9 du motocross, de l&#039;enduro et du Supermoto en ligne!","potentialAction":[{"@type":"SearchAction","target":{"@type":"EntryPoint","urlTemplate":"https:\/\/fr.motocrossmag.be\/?s={search_term_string}"},"query-input":{"@type":"PropertyValueSpecification","valueRequired":true,"valueName":"search_term_string"}}],"inLanguage":"fr-FR"},{"@type":"Person","@id":"https:\/\/fr.motocrossmag.be\/#\/schema\/person\/11b47143d9f755babca2c9110e03235c","name":"oliviere","image":{"@type":"ImageObject","inLanguage":"fr-FR","@id":"https:\/\/secure.gravatar.com\/avatar\/907069e0b81d119452040469e4a7501da1100f54f7f80180ce77bfab718288f6?s=96&d=mm&r=g","url":"https:\/\/secure.gravatar.com\/avatar\/907069e0b81d119452040469e4a7501da1100f54f7f80180ce77bfab718288f6?s=96&d=mm&r=g","contentUrl":"https:\/\/secure.gravatar.com\/avatar\/907069e0b81d119452040469e4a7501da1100f54f7f80180ce77bfab718288f6?s=96&d=mm&r=g","caption":"oliviere"},"sameAs":["http:\/\/www.motocrossmag.be"],"url":"https:\/\/fr.motocrossmag.be\/index.php\/author\/oliviere\/"}]}},"_links":{"self":[{"href":"https:\/\/fr.motocrossmag.be\/index.php\/wp-json\/wp\/v2\/posts\/100439","targetHints":{"allow":["GET"]}}],"collection":[{"href":"https:\/\/fr.motocrossmag.be\/index.php\/wp-json\/wp\/v2\/posts"}],"about":[{"href":"https:\/\/fr.motocrossmag.be\/index.php\/wp-json\/wp\/v2\/types\/post"}],"author":[{"embeddable":true,"href":"https:\/\/fr.motocrossmag.be\/index.php\/wp-json\/wp\/v2\/users\/932"}],"replies":[{"embeddable":true,"href":"https:\/\/fr.motocrossmag.be\/index.php\/wp-json\/wp\/v2\/comments?post=100439"}],"version-history":[{"count":0,"href":"https:\/\/fr.motocrossmag.be\/index.php\/wp-json\/wp\/v2\/posts\/100439\/revisions"}],"wp:featuredmedia":[{"embeddable":true,"href":"https:\/\/fr.motocrossmag.be\/index.php\/wp-json\/wp\/v2\/media\/100440"}],"wp:attachment":[{"href":"https:\/\/fr.motocrossmag.be\/index.php\/wp-json\/wp\/v2\/media?parent=100439"}],"wp:term":[{"taxonomy":"category","embeddable":true,"href":"https:\/\/fr.motocrossmag.be\/index.php\/wp-json\/wp\/v2\/categories?post=100439"},{"taxonomy":"post_tag","embeddable":true,"href":"https:\/\/fr.motocrossmag.be\/index.php\/wp-json\/wp\/v2\/tags?post=100439"}],"curies":[{"name":"wp","href":"https:\/\/api.w.org\/{rel}","templated":true}]}}