{"id":100457,"date":"2020-01-13T18:31:09","date_gmt":"2020-01-13T17:31:09","guid":{"rendered":"http:\/\/fr.motocrossmag.be\/?p=100457"},"modified":"2020-01-13T18:31:09","modified_gmt":"2020-01-13T17:31:09","slug":"nyls-kessen-atteint-ses-objectifs-sur-la-gurp-tt","status":"publish","type":"post","link":"https:\/\/fr.motocrossmag.be\/index.php\/2020\/01\/nyls-kessen-atteint-ses-objectifs-sur-la-gurp-tt\/","title":{"rendered":"Nyls Kessen atteint ses objectifs sur la Gurp TT"},"content":{"rendered":"<p><strong>A l&rsquo;heure d&rsquo;entamer sa pr\u00e9paration pour le tr\u00e8s disput\u00e9 championnat de France des Sables, Nyls Kessen s&rsquo;\u00e9tait fix\u00e9 pour objectif de parvenir \u00e0 rentrer dans le top-10 de la classe 125cc chez les Juniors. C&rsquo;est \u00e0 pr\u00e9sent chose faite !<\/strong><\/p>\n<p>Le pilote Yamaha Zone Rouge a en effet termin\u00e9 10\u00e8me pilote 125cc ce week-end dans la course r\u00e9serv\u00e9e aux Juniors de la 18\u00e8me Gurp TT, sur la plage de Grayan-et-l&rsquo;H\u00f4pital. Une course \u00e0 la saveur tr\u00e8s particuli\u00e8re puisqu&rsquo;elle constituait une v\u00e9ritable r\u00e9p\u00e9tition g\u00e9n\u00e9rale avec la grande finale du championnat de France des Sables, au Touquet. Pilotes et spectateurs avaient d&rsquo;ailleurs bien compris l&rsquo;enjeu de cette 5\u00e8me manche de la saison puisqu&rsquo;ils \u00e9taient pr\u00e8s de 1000 engag\u00e9s devant un public estim\u00e9 \u00e0 quelque 10 000 personnes.<\/p>\n<p>\u00ab\u00a0Je suis parti en 5\u00e8me position de la classe 125cc et j&rsquo;ai conserv\u00e9 cette place durant quelques tours avant de me faire passer par deux pilotes. Je suis rentr\u00e9 aux stands \u00e0 la mi-course et nous avons connu un probl\u00e8me de mise \u00e0 l&rsquo;air du remplisseur d&rsquo;essence, ce qui m&rsquo;a fait perdre plus de 2 minutes\u00a0\u00bb, commente Nyls Kessen. \u00ab\u00a0Je perds pas moins de 7 places dans l&rsquo;aventure mais je suis parvenu \u00e0 garder mon calme et \u00e0 rester concentr\u00e9 sur la course. Je reviendrai ainsi dans le top-10 sur la ligne d&rsquo;arriv\u00e9e.\u00a0\u00bb<\/p>\n<p>Une jolie performance pour le pilote Yamaha qui confirme son \u00e9tat de forme du moment, notamment gr\u00e2ce au travail accompli ces derniers mois avec son coach Yente Dourte. \u00ab\u00a0Je suis \u00e9videmment tr\u00e8s heureux de ma course ce week-end et j&rsquo;en profite pour remercie ceux sans qui tout cela ne serait pas possible. Il y a bien s\u00fbr mes partenaires Zone Rouge, les Constructions JMD, Yamaha, Dunlop, Serge Haid, Kenny, A2 Conseils, MXMag.be mais aussi toutes les personnes qui nous aident d&rsquo;une mani\u00e8re ou d&rsquo;une autre. Merci \u00e0 tous ! Rendez-vous sur la plage du Touquet le premier week-end de f\u00e9vrier ! \u00a0\u00bb<\/p>\n<p>En arrivant au Touquet, Nyls Kessen occupera la 9\u00e8me place provisoire d&rsquo;un championnat Juniors 125cc 2-temps men\u00e9 largement par un autre Belge, Junior Bal.<\/p>\n<p>&nbsp;<\/p>\n<p><span style=\"color: #800000;\"><strong>R\u00e9sultats<\/strong><\/span><\/p>\n<p>CLASSEMENT PROVISOIRE CFS JUNIORS &#8211; 125 2-TEMPS<\/p>\n<p><strong>1\u00a0 BAL Junior KTM 735 pts;<\/strong> 2 BAJEUX Tanel Yamaha 605 pts; 3 LANGUE Jules Yamaha 595 pts; 4\u00a0 NUQUES Joey Yamaha 510 pts; 5 HUCHIN Cesar Husqvarna 507 pts; 6 KRISMANN Tejy Yamaha 490 pts; 7 VARET Alexis Yamaha 475 pts; 8 DESUTTER Philippe Yamaha 429 pts; <strong>9 KESSEN Nyls Yamaha 421 pts<\/strong>; 10 FENDRICH Theo KTM 419 pts&#8230;<\/p>\n<div id=\"ConnectiveDocSignExtentionInstalled\" data-extension-version=\"1.0.4\"><\/div>\n","protected":false},"excerpt":{"rendered":"<p>A l&rsquo;heure d&rsquo;entamer sa pr\u00e9paration pour le tr\u00e8s disput\u00e9 championnat de France des Sables, Nyls Kessen s&rsquo;\u00e9tait fix\u00e9 pour objectif de parvenir \u00e0 rentrer dans le top-10 de la classe [&#8230;]<\/p>\n","protected":false},"author":932,"featured_media":100458,"comment_status":"open","ping_status":"closed","sticky":false,"template":"","format":"standard","meta":{"footnotes":""},"categories":[54,1075,32,33,55,65],"tags":[300,490,1178],"class_list":["post-100457","post","type-post","status-publish","format-standard","has-post-thumbnail","hentry","category-actualite","category-courses-de-sable","category-enduro","category-news-enduro","category-news-actualite","category-slideshow","tag-course-sur-sable","tag-france","tag-sable"],"yoast_head":"<!-- This site is optimized with the Yoast SEO plugin v27.4 - https:\/\/yoast.com\/product\/yoast-seo-wordpress\/ -->\n<title>Nyls Kessen atteint ses objectifs sur la Gurp TT - Motocross - Enduro - Supermoto | MotocrossMag<\/title>\n<meta name=\"robots\" content=\"index, follow, max-snippet:-1, max-image-preview:large, max-video-preview:-1\" \/>\n<link rel=\"canonical\" href=\"https:\/\/fr.motocrossmag.be\/index.php\/2020\/01\/nyls-kessen-atteint-ses-objectifs-sur-la-gurp-tt\/\" \/>\n<meta property=\"og:locale\" content=\"fr_FR\" \/>\n<meta property=\"og:type\" content=\"article\" \/>\n<meta property=\"og:title\" content=\"Nyls Kessen atteint ses objectifs sur la Gurp TT - Motocross - Enduro - Supermoto | MotocrossMag\" \/>\n<meta property=\"og:description\" content=\"A l&rsquo;heure d&rsquo;entamer sa pr\u00e9paration pour le tr\u00e8s disput\u00e9 championnat de France des Sables, Nyls Kessen s&rsquo;\u00e9tait fix\u00e9 pour objectif de parvenir \u00e0 rentrer dans le top-10 de la classe [...]\" \/>\n<meta property=\"og:url\" content=\"https:\/\/fr.motocrossmag.be\/index.php\/2020\/01\/nyls-kessen-atteint-ses-objectifs-sur-la-gurp-tt\/\" \/>\n<meta property=\"og:site_name\" content=\"Motocross - Enduro - Supermoto | MotocrossMag\" \/>\n<meta property=\"article:published_time\" content=\"2020-01-13T17:31:09+00:00\" \/>\n<meta property=\"og:image\" content=\"https:\/\/fr.motocrossmag.be\/wp-content\/uploads\/2020\/01\/C_UserskessefabDesktopPriv\u00e9Motocross2019F\u00e9d\u00e9rationsFranceFFM57032252_2464030206942539_6638650835402227712_n.jpg\" \/>\n\t<meta property=\"og:image:width\" content=\"960\" \/>\n\t<meta property=\"og:image:height\" content=\"626\" \/>\n\t<meta property=\"og:image:type\" content=\"image\/jpeg\" \/>\n<meta name=\"author\" content=\"oliviere\" \/>\n<meta name=\"twitter:card\" content=\"summary_large_image\" \/>\n<meta name=\"twitter:label1\" content=\"\u00c9crit par\" \/>\n\t<meta name=\"twitter:data1\" content=\"oliviere\" \/>\n\t<meta name=\"twitter:label2\" content=\"Dur\u00e9e de lecture estim\u00e9e\" \/>\n\t<meta name=\"twitter:data2\" content=\"2 minutes\" \/>\n<script type=\"application\/ld+json\" class=\"yoast-schema-graph\">{\"@context\":\"https:\\\/\\\/schema.org\",\"@graph\":[{\"@type\":\"Article\",\"@id\":\"https:\\\/\\\/fr.motocrossmag.be\\\/index.php\\\/2020\\\/01\\\/nyls-kessen-atteint-ses-objectifs-sur-la-gurp-tt\\\/#article\",\"isPartOf\":{\"@id\":\"https:\\\/\\\/fr.motocrossmag.be\\\/index.php\\\/2020\\\/01\\\/nyls-kessen-atteint-ses-objectifs-sur-la-gurp-tt\\\/\"},\"author\":{\"name\":\"oliviere\",\"@id\":\"https:\\\/\\\/fr.motocrossmag.be\\\/#\\\/schema\\\/person\\\/11b47143d9f755babca2c9110e03235c\"},\"headline\":\"Nyls Kessen atteint ses objectifs sur la Gurp TT\",\"datePublished\":\"2020-01-13T17:31:09+00:00\",\"mainEntityOfPage\":{\"@id\":\"https:\\\/\\\/fr.motocrossmag.be\\\/index.php\\\/2020\\\/01\\\/nyls-kessen-atteint-ses-objectifs-sur-la-gurp-tt\\\/\"},\"wordCount\":426,\"commentCount\":0,\"image\":{\"@id\":\"https:\\\/\\\/fr.motocrossmag.be\\\/index.php\\\/2020\\\/01\\\/nyls-kessen-atteint-ses-objectifs-sur-la-gurp-tt\\\/#primaryimage\"},\"thumbnailUrl\":\"https:\\\/\\\/fr.motocrossmag.be\\\/wp-content\\\/uploads\\\/2020\\\/01\\\/C_UserskessefabDesktopPriv\u00e9Motocross2019F\u00e9d\u00e9rationsFranceFFM57032252_2464030206942539_6638650835402227712_n.jpg\",\"keywords\":[\"CFS\",\"france\",\"sable\"],\"articleSection\":[\"Actualit\u00e9\",\"Courses de sable\",\"Enduro\",\"News\",\"News\",\"Slideshow\"],\"inLanguage\":\"fr-FR\",\"potentialAction\":[{\"@type\":\"CommentAction\",\"name\":\"Comment\",\"target\":[\"https:\\\/\\\/fr.motocrossmag.be\\\/index.php\\\/2020\\\/01\\\/nyls-kessen-atteint-ses-objectifs-sur-la-gurp-tt\\\/#respond\"]}]},{\"@type\":\"WebPage\",\"@id\":\"https:\\\/\\\/fr.motocrossmag.be\\\/index.php\\\/2020\\\/01\\\/nyls-kessen-atteint-ses-objectifs-sur-la-gurp-tt\\\/\",\"url\":\"https:\\\/\\\/fr.motocrossmag.be\\\/index.php\\\/2020\\\/01\\\/nyls-kessen-atteint-ses-objectifs-sur-la-gurp-tt\\\/\",\"name\":\"Nyls Kessen atteint ses objectifs sur la Gurp TT - Motocross - Enduro - Supermoto | MotocrossMag\",\"isPartOf\":{\"@id\":\"https:\\\/\\\/fr.motocrossmag.be\\\/#website\"},\"primaryImageOfPage\":{\"@id\":\"https:\\\/\\\/fr.motocrossmag.be\\\/index.php\\\/2020\\\/01\\\/nyls-kessen-atteint-ses-objectifs-sur-la-gurp-tt\\\/#primaryimage\"},\"image\":{\"@id\":\"https:\\\/\\\/fr.motocrossmag.be\\\/index.php\\\/2020\\\/01\\\/nyls-kessen-atteint-ses-objectifs-sur-la-gurp-tt\\\/#primaryimage\"},\"thumbnailUrl\":\"https:\\\/\\\/fr.motocrossmag.be\\\/wp-content\\\/uploads\\\/2020\\\/01\\\/C_UserskessefabDesktopPriv\u00e9Motocross2019F\u00e9d\u00e9rationsFranceFFM57032252_2464030206942539_6638650835402227712_n.jpg\",\"datePublished\":\"2020-01-13T17:31:09+00:00\",\"author\":{\"@id\":\"https:\\\/\\\/fr.motocrossmag.be\\\/#\\\/schema\\\/person\\\/11b47143d9f755babca2c9110e03235c\"},\"breadcrumb\":{\"@id\":\"https:\\\/\\\/fr.motocrossmag.be\\\/index.php\\\/2020\\\/01\\\/nyls-kessen-atteint-ses-objectifs-sur-la-gurp-tt\\\/#breadcrumb\"},\"inLanguage\":\"fr-FR\",\"potentialAction\":[{\"@type\":\"ReadAction\",\"target\":[\"https:\\\/\\\/fr.motocrossmag.be\\\/index.php\\\/2020\\\/01\\\/nyls-kessen-atteint-ses-objectifs-sur-la-gurp-tt\\\/\"]}]},{\"@type\":\"ImageObject\",\"inLanguage\":\"fr-FR\",\"@id\":\"https:\\\/\\\/fr.motocrossmag.be\\\/index.php\\\/2020\\\/01\\\/nyls-kessen-atteint-ses-objectifs-sur-la-gurp-tt\\\/#primaryimage\",\"url\":\"https:\\\/\\\/fr.motocrossmag.be\\\/wp-content\\\/uploads\\\/2020\\\/01\\\/C_UserskessefabDesktopPriv\u00e9Motocross2019F\u00e9d\u00e9rationsFranceFFM57032252_2464030206942539_6638650835402227712_n.jpg\",\"contentUrl\":\"https:\\\/\\\/fr.motocrossmag.be\\\/wp-content\\\/uploads\\\/2020\\\/01\\\/C_UserskessefabDesktopPriv\u00e9Motocross2019F\u00e9d\u00e9rationsFranceFFM57032252_2464030206942539_6638650835402227712_n.jpg\",\"width\":960,\"height\":626},{\"@type\":\"BreadcrumbList\",\"@id\":\"https:\\\/\\\/fr.motocrossmag.be\\\/index.php\\\/2020\\\/01\\\/nyls-kessen-atteint-ses-objectifs-sur-la-gurp-tt\\\/#breadcrumb\",\"itemListElement\":[{\"@type\":\"ListItem\",\"position\":1,\"name\":\"Accueil\",\"item\":\"https:\\\/\\\/fr.motocrossmag.be\\\/\"},{\"@type\":\"ListItem\",\"position\":2,\"name\":\"Nyls Kessen atteint ses objectifs sur la Gurp TT\"}]},{\"@type\":\"WebSite\",\"@id\":\"https:\\\/\\\/fr.motocrossmag.be\\\/#website\",\"url\":\"https:\\\/\\\/fr.motocrossmag.be\\\/\",\"name\":\"Motocross - Enduro - Supermoto | MotocrossMag\",\"description\":\"L&#039;actualit\u00e9 du motocross, de l&#039;enduro et du Supermoto en ligne!\",\"potentialAction\":[{\"@type\":\"SearchAction\",\"target\":{\"@type\":\"EntryPoint\",\"urlTemplate\":\"https:\\\/\\\/fr.motocrossmag.be\\\/?s={search_term_string}\"},\"query-input\":{\"@type\":\"PropertyValueSpecification\",\"valueRequired\":true,\"valueName\":\"search_term_string\"}}],\"inLanguage\":\"fr-FR\"},{\"@type\":\"Person\",\"@id\":\"https:\\\/\\\/fr.motocrossmag.be\\\/#\\\/schema\\\/person\\\/11b47143d9f755babca2c9110e03235c\",\"name\":\"oliviere\",\"image\":{\"@type\":\"ImageObject\",\"inLanguage\":\"fr-FR\",\"@id\":\"https:\\\/\\\/secure.gravatar.com\\\/avatar\\\/907069e0b81d119452040469e4a7501da1100f54f7f80180ce77bfab718288f6?s=96&d=mm&r=g\",\"url\":\"https:\\\/\\\/secure.gravatar.com\\\/avatar\\\/907069e0b81d119452040469e4a7501da1100f54f7f80180ce77bfab718288f6?s=96&d=mm&r=g\",\"contentUrl\":\"https:\\\/\\\/secure.gravatar.com\\\/avatar\\\/907069e0b81d119452040469e4a7501da1100f54f7f80180ce77bfab718288f6?s=96&d=mm&r=g\",\"caption\":\"oliviere\"},\"sameAs\":[\"http:\\\/\\\/www.motocrossmag.be\"],\"url\":\"https:\\\/\\\/fr.motocrossmag.be\\\/index.php\\\/author\\\/oliviere\\\/\"}]}<\/script>\n<!-- \/ Yoast SEO plugin. -->","yoast_head_json":{"title":"Nyls Kessen atteint ses objectifs sur la Gurp TT - Motocross - Enduro - Supermoto | MotocrossMag","robots":{"index":"index","follow":"follow","max-snippet":"max-snippet:-1","max-image-preview":"max-image-preview:large","max-video-preview":"max-video-preview:-1"},"canonical":"https:\/\/fr.motocrossmag.be\/index.php\/2020\/01\/nyls-kessen-atteint-ses-objectifs-sur-la-gurp-tt\/","og_locale":"fr_FR","og_type":"article","og_title":"Nyls Kessen atteint ses objectifs sur la Gurp TT - Motocross - Enduro - Supermoto | MotocrossMag","og_description":"A l&rsquo;heure d&rsquo;entamer sa pr\u00e9paration pour le tr\u00e8s disput\u00e9 championnat de France des Sables, Nyls Kessen s&rsquo;\u00e9tait fix\u00e9 pour objectif de parvenir \u00e0 rentrer dans le top-10 de la classe [...]","og_url":"https:\/\/fr.motocrossmag.be\/index.php\/2020\/01\/nyls-kessen-atteint-ses-objectifs-sur-la-gurp-tt\/","og_site_name":"Motocross - Enduro - Supermoto | MotocrossMag","article_published_time":"2020-01-13T17:31:09+00:00","og_image":[{"width":960,"height":626,"url":"https:\/\/fr.motocrossmag.be\/wp-content\/uploads\/2020\/01\/C_UserskessefabDesktopPriv\u00e9Motocross2019F\u00e9d\u00e9rationsFranceFFM57032252_2464030206942539_6638650835402227712_n.jpg","type":"image\/jpeg"}],"author":"oliviere","twitter_card":"summary_large_image","twitter_misc":{"\u00c9crit par":"oliviere","Dur\u00e9e de lecture estim\u00e9e":"2 minutes"},"schema":{"@context":"https:\/\/schema.org","@graph":[{"@type":"Article","@id":"https:\/\/fr.motocrossmag.be\/index.php\/2020\/01\/nyls-kessen-atteint-ses-objectifs-sur-la-gurp-tt\/#article","isPartOf":{"@id":"https:\/\/fr.motocrossmag.be\/index.php\/2020\/01\/nyls-kessen-atteint-ses-objectifs-sur-la-gurp-tt\/"},"author":{"name":"oliviere","@id":"https:\/\/fr.motocrossmag.be\/#\/schema\/person\/11b47143d9f755babca2c9110e03235c"},"headline":"Nyls Kessen atteint ses objectifs sur la Gurp TT","datePublished":"2020-01-13T17:31:09+00:00","mainEntityOfPage":{"@id":"https:\/\/fr.motocrossmag.be\/index.php\/2020\/01\/nyls-kessen-atteint-ses-objectifs-sur-la-gurp-tt\/"},"wordCount":426,"commentCount":0,"image":{"@id":"https:\/\/fr.motocrossmag.be\/index.php\/2020\/01\/nyls-kessen-atteint-ses-objectifs-sur-la-gurp-tt\/#primaryimage"},"thumbnailUrl":"https:\/\/fr.motocrossmag.be\/wp-content\/uploads\/2020\/01\/C_UserskessefabDesktopPriv\u00e9Motocross2019F\u00e9d\u00e9rationsFranceFFM57032252_2464030206942539_6638650835402227712_n.jpg","keywords":["CFS","france","sable"],"articleSection":["Actualit\u00e9","Courses de sable","Enduro","News","News","Slideshow"],"inLanguage":"fr-FR","potentialAction":[{"@type":"CommentAction","name":"Comment","target":["https:\/\/fr.motocrossmag.be\/index.php\/2020\/01\/nyls-kessen-atteint-ses-objectifs-sur-la-gurp-tt\/#respond"]}]},{"@type":"WebPage","@id":"https:\/\/fr.motocrossmag.be\/index.php\/2020\/01\/nyls-kessen-atteint-ses-objectifs-sur-la-gurp-tt\/","url":"https:\/\/fr.motocrossmag.be\/index.php\/2020\/01\/nyls-kessen-atteint-ses-objectifs-sur-la-gurp-tt\/","name":"Nyls Kessen atteint ses objectifs sur la Gurp TT - Motocross - Enduro - Supermoto | MotocrossMag","isPartOf":{"@id":"https:\/\/fr.motocrossmag.be\/#website"},"primaryImageOfPage":{"@id":"https:\/\/fr.motocrossmag.be\/index.php\/2020\/01\/nyls-kessen-atteint-ses-objectifs-sur-la-gurp-tt\/#primaryimage"},"image":{"@id":"https:\/\/fr.motocrossmag.be\/index.php\/2020\/01\/nyls-kessen-atteint-ses-objectifs-sur-la-gurp-tt\/#primaryimage"},"thumbnailUrl":"https:\/\/fr.motocrossmag.be\/wp-content\/uploads\/2020\/01\/C_UserskessefabDesktopPriv\u00e9Motocross2019F\u00e9d\u00e9rationsFranceFFM57032252_2464030206942539_6638650835402227712_n.jpg","datePublished":"2020-01-13T17:31:09+00:00","author":{"@id":"https:\/\/fr.motocrossmag.be\/#\/schema\/person\/11b47143d9f755babca2c9110e03235c"},"breadcrumb":{"@id":"https:\/\/fr.motocrossmag.be\/index.php\/2020\/01\/nyls-kessen-atteint-ses-objectifs-sur-la-gurp-tt\/#breadcrumb"},"inLanguage":"fr-FR","potentialAction":[{"@type":"ReadAction","target":["https:\/\/fr.motocrossmag.be\/index.php\/2020\/01\/nyls-kessen-atteint-ses-objectifs-sur-la-gurp-tt\/"]}]},{"@type":"ImageObject","inLanguage":"fr-FR","@id":"https:\/\/fr.motocrossmag.be\/index.php\/2020\/01\/nyls-kessen-atteint-ses-objectifs-sur-la-gurp-tt\/#primaryimage","url":"https:\/\/fr.motocrossmag.be\/wp-content\/uploads\/2020\/01\/C_UserskessefabDesktopPriv\u00e9Motocross2019F\u00e9d\u00e9rationsFranceFFM57032252_2464030206942539_6638650835402227712_n.jpg","contentUrl":"https:\/\/fr.motocrossmag.be\/wp-content\/uploads\/2020\/01\/C_UserskessefabDesktopPriv\u00e9Motocross2019F\u00e9d\u00e9rationsFranceFFM57032252_2464030206942539_6638650835402227712_n.jpg","width":960,"height":626},{"@type":"BreadcrumbList","@id":"https:\/\/fr.motocrossmag.be\/index.php\/2020\/01\/nyls-kessen-atteint-ses-objectifs-sur-la-gurp-tt\/#breadcrumb","itemListElement":[{"@type":"ListItem","position":1,"name":"Accueil","item":"https:\/\/fr.motocrossmag.be\/"},{"@type":"ListItem","position":2,"name":"Nyls Kessen atteint ses objectifs sur la Gurp TT"}]},{"@type":"WebSite","@id":"https:\/\/fr.motocrossmag.be\/#website","url":"https:\/\/fr.motocrossmag.be\/","name":"Motocross - Enduro - Supermoto | MotocrossMag","description":"L&#039;actualit\u00e9 du motocross, de l&#039;enduro et du Supermoto en ligne!","potentialAction":[{"@type":"SearchAction","target":{"@type":"EntryPoint","urlTemplate":"https:\/\/fr.motocrossmag.be\/?s={search_term_string}"},"query-input":{"@type":"PropertyValueSpecification","valueRequired":true,"valueName":"search_term_string"}}],"inLanguage":"fr-FR"},{"@type":"Person","@id":"https:\/\/fr.motocrossmag.be\/#\/schema\/person\/11b47143d9f755babca2c9110e03235c","name":"oliviere","image":{"@type":"ImageObject","inLanguage":"fr-FR","@id":"https:\/\/secure.gravatar.com\/avatar\/907069e0b81d119452040469e4a7501da1100f54f7f80180ce77bfab718288f6?s=96&d=mm&r=g","url":"https:\/\/secure.gravatar.com\/avatar\/907069e0b81d119452040469e4a7501da1100f54f7f80180ce77bfab718288f6?s=96&d=mm&r=g","contentUrl":"https:\/\/secure.gravatar.com\/avatar\/907069e0b81d119452040469e4a7501da1100f54f7f80180ce77bfab718288f6?s=96&d=mm&r=g","caption":"oliviere"},"sameAs":["http:\/\/www.motocrossmag.be"],"url":"https:\/\/fr.motocrossmag.be\/index.php\/author\/oliviere\/"}]}},"_links":{"self":[{"href":"https:\/\/fr.motocrossmag.be\/index.php\/wp-json\/wp\/v2\/posts\/100457","targetHints":{"allow":["GET"]}}],"collection":[{"href":"https:\/\/fr.motocrossmag.be\/index.php\/wp-json\/wp\/v2\/posts"}],"about":[{"href":"https:\/\/fr.motocrossmag.be\/index.php\/wp-json\/wp\/v2\/types\/post"}],"author":[{"embeddable":true,"href":"https:\/\/fr.motocrossmag.be\/index.php\/wp-json\/wp\/v2\/users\/932"}],"replies":[{"embeddable":true,"href":"https:\/\/fr.motocrossmag.be\/index.php\/wp-json\/wp\/v2\/comments?post=100457"}],"version-history":[{"count":0,"href":"https:\/\/fr.motocrossmag.be\/index.php\/wp-json\/wp\/v2\/posts\/100457\/revisions"}],"wp:featuredmedia":[{"embeddable":true,"href":"https:\/\/fr.motocrossmag.be\/index.php\/wp-json\/wp\/v2\/media\/100458"}],"wp:attachment":[{"href":"https:\/\/fr.motocrossmag.be\/index.php\/wp-json\/wp\/v2\/media?parent=100457"}],"wp:term":[{"taxonomy":"category","embeddable":true,"href":"https:\/\/fr.motocrossmag.be\/index.php\/wp-json\/wp\/v2\/categories?post=100457"},{"taxonomy":"post_tag","embeddable":true,"href":"https:\/\/fr.motocrossmag.be\/index.php\/wp-json\/wp\/v2\/tags?post=100457"}],"curies":[{"name":"wp","href":"https:\/\/api.w.org\/{rel}","templated":true}]}}