{"id":100511,"date":"2020-01-14T05:01:54","date_gmt":"2020-01-14T04:01:54","guid":{"rendered":"http:\/\/fr.motocrossmag.be\/?p=100511"},"modified":"2020-01-14T05:01:54","modified_gmt":"2020-01-14T04:01:54","slug":"trefle-lozerien-ouverture-des-inscriptions-le-25-janvier","status":"publish","type":"post","link":"https:\/\/fr.motocrossmag.be\/index.php\/2020\/01\/trefle-lozerien-ouverture-des-inscriptions-le-25-janvier\/","title":{"rendered":"Tr\u00e8fle Loz\u00e9rien : ouverture des inscriptions le 25 janvier"},"content":{"rendered":"<p><strong>Les inscriptions pour le 34\u00e8 Tr\u00e8fle Loz\u00e9rien AMV ouvriront samedi 25 janvier 2020 \u00e0 23h00 sur le site de l&rsquo;organisation. Si vous souhaitez prendre part \u00e0 la tr\u00e8s renomm\u00e9e classique fran\u00e7aise, tenez-vous pr\u00eat : les 350 places disponibles sont g\u00e9n\u00e9ralement attribu\u00e9es en 4 minutes \u00e0 peine !<br \/>\n<\/strong><\/p>\n<p>L\u2019\u00e9preuve se d\u00e9roulera les 21, 22 et 23 mai 2020 au d\u00e9part de Mende et r\u00e9unira l\u2019\u00e9lite mondiale de l\u2019enduro et quelque 600 anonymes. Seuls les 350 premiers inscrits sur le site internet <a href=\"http:\/\/www.trefle-lozerien-amv.com.\" target=\"_blank\" rel=\"noopener\">www.trefle-lozerien-amv.com<\/a> sont consid\u00e9r\u00e9s comme pr\u00e9-engag\u00e9s (250 sont attribu\u00e9es dans l\u2019ordre des validations du formulaire et 100 de fa\u00e7on al\u00e9atoire, une tentative sur 10 \u00e9tant valid\u00e9e afin de laisser une chance \u00e0 chacun).<\/p>\n<p><a href=\"http:\/\/fr.motocrossmag.be\/wp-content\/uploads\/2019\/05\/Enduro-trefle-lozerien-WESS-AP-1ZCTJ9ZUW1W11_news.jpg\"><img decoding=\"async\" class=\"lazyload alignnone size-medium wp-image-88824\" src=\"http:\/\/fr.motocrossmag.be\/wp-content\/uploads\/2019\/05\/Enduro-trefle-lozerien-WESS-AP-1ZCTJ9ZUW1W11_news-650x433.jpg\" data-orig-src=\"http:\/\/fr.motocrossmag.be\/wp-content\/uploads\/2019\/05\/Enduro-trefle-lozerien-WESS-AP-1ZCTJ9ZUW1W11_news-650x433.jpg\" alt=\"\" width=\"650\" height=\"433\" srcset=\"data:image\/svg+xml,%3Csvg%20xmlns%3D%27http%3A%2F%2Fwww.w3.org%2F2000%2Fsvg%27%20width%3D%27650%27%20height%3D%27433%27%20viewBox%3D%270%200%20650%20433%27%3E%3Crect%20width%3D%27650%27%20height%3D%27433%27%20fill-opacity%3D%220%22%2F%3E%3C%2Fsvg%3E\" data-srcset=\"https:\/\/fr.motocrossmag.be\/wp-content\/uploads\/2019\/05\/Enduro-trefle-lozerien-WESS-AP-1ZCTJ9ZUW1W11_news-650x433.jpg 650w, https:\/\/fr.motocrossmag.be\/wp-content\/uploads\/2019\/05\/Enduro-trefle-lozerien-WESS-AP-1ZCTJ9ZUW1W11_news-768x511.jpg 768w, https:\/\/fr.motocrossmag.be\/wp-content\/uploads\/2019\/05\/Enduro-trefle-lozerien-WESS-AP-1ZCTJ9ZUW1W11_news.jpg 1000w\" data-sizes=\"auto\" data-orig-sizes=\"(max-width: 650px) 100vw, 650px\" \/><\/a><\/p>\n<p>Les heureux pilotes pr\u00e9-engag\u00e9s doivent ensuite suivre la proc\u00e9dure qui leur a \u00e9t\u00e9 nvoy\u00e9e par mail pour valider leurs inscriptions et s\u2019acquitter de la somme de 360 euros pour l\u2019engagement \u00e0 l\u2019\u00e9preuve avant le 10 mars 2020.<\/p>\n<p>Les 250 places restantes, sont g\u00e9r\u00e9es \u00e0 la discr\u00e9tion du MCL, r\u00e9serv\u00e9es aux pilotes internationaux, pilotes de notori\u00e9t\u00e9, partenaires et journalistes. Les places sont nominatives et ne peuvent \u00eatre r\u00e9troc\u00e9d\u00e9es.<\/p>\n<p><a href=\"http:\/\/fr.motocrossmag.be\/wp-content\/uploads\/2019\/05\/trefle-lozerien-illu2.jpg\"><img decoding=\"async\" class=\"lazyload alignnone size-medium wp-image-87674\" src=\"http:\/\/fr.motocrossmag.be\/wp-content\/uploads\/2019\/05\/trefle-lozerien-illu2-650x433.jpg\" data-orig-src=\"http:\/\/fr.motocrossmag.be\/wp-content\/uploads\/2019\/05\/trefle-lozerien-illu2-650x433.jpg\" alt=\"\" width=\"650\" height=\"433\" srcset=\"data:image\/svg+xml,%3Csvg%20xmlns%3D%27http%3A%2F%2Fwww.w3.org%2F2000%2Fsvg%27%20width%3D%27650%27%20height%3D%27433%27%20viewBox%3D%270%200%20650%20433%27%3E%3Crect%20width%3D%27650%27%20height%3D%27433%27%20fill-opacity%3D%220%22%2F%3E%3C%2Fsvg%3E\" data-srcset=\"https:\/\/fr.motocrossmag.be\/wp-content\/uploads\/2019\/05\/trefle-lozerien-illu2-650x433.jpg 650w, https:\/\/fr.motocrossmag.be\/wp-content\/uploads\/2019\/05\/trefle-lozerien-illu2-768x511.jpg 768w, https:\/\/fr.motocrossmag.be\/wp-content\/uploads\/2019\/05\/trefle-lozerien-illu2.jpg 1000w\" data-sizes=\"auto\" data-orig-sizes=\"(max-width: 650px) 100vw, 650px\" \/><\/a><\/p>\n<p>Lors de l&rsquo;inscription, vous aurez besoin des informations suivantes : Nom, Pr\u00e9nom, Adresse mail, Date de naissance, T\u00e9l\u00e9phone, Adresse postale et Marque de la moto. Le r\u00e8glement particulier de l&rsquo;\u00e9preuve sera disponible sur le site de l&rsquo;organisation, dans la rubrique Informations utiles, vers le 23 janvier.<\/p>\n<p>Pour toute question relative aux inscriptions : <a href=\"mailto:engagements@moto-lozere.com\">engagements@moto-lozere.com<\/a><\/p>\n<div id=\"ConnectiveDocSignExtentionInstalled\" data-extension-version=\"1.0.4\"><\/div>\n","protected":false},"excerpt":{"rendered":"<p>Les inscriptions pour le 34\u00e8 Tr\u00e8fle Loz\u00e9rien AMV ouvriront samedi 25 janvier 2020 \u00e0 23h00 sur le site de l&rsquo;organisation. Si vous souhaitez prendre part \u00e0 la tr\u00e8s renomm\u00e9e classique [&#8230;]<\/p>\n","protected":false},"author":932,"featured_media":74479,"comment_status":"open","ping_status":"closed","sticky":false,"template":"","format":"standard","meta":{"footnotes":""},"categories":[54,32,33,55,65],"tags":[951,490],"class_list":["post-100511","post","type-post","status-publish","format-standard","has-post-thumbnail","hentry","category-actualite","category-enduro","category-news-enduro","category-news-actualite","category-slideshow","tag-enduro","tag-france"],"yoast_head":"<!-- This site is optimized with the Yoast SEO plugin v27.4 - https:\/\/yoast.com\/product\/yoast-seo-wordpress\/ -->\n<title>Tr\u00e8fle Loz\u00e9rien : ouverture des inscriptions le 25 janvier - Motocross - Enduro - Supermoto | MotocrossMag<\/title>\n<meta name=\"robots\" content=\"index, follow, max-snippet:-1, max-image-preview:large, max-video-preview:-1\" \/>\n<link rel=\"canonical\" href=\"https:\/\/fr.motocrossmag.be\/index.php\/2020\/01\/trefle-lozerien-ouverture-des-inscriptions-le-25-janvier\/\" \/>\n<meta property=\"og:locale\" content=\"fr_FR\" \/>\n<meta property=\"og:type\" content=\"article\" \/>\n<meta property=\"og:title\" content=\"Tr\u00e8fle Loz\u00e9rien : ouverture des inscriptions le 25 janvier - Motocross - Enduro - Supermoto | MotocrossMag\" \/>\n<meta property=\"og:description\" content=\"Les inscriptions pour le 34\u00e8 Tr\u00e8fle Loz\u00e9rien AMV ouvriront samedi 25 janvier 2020 \u00e0 23h00 sur le site de l&rsquo;organisation. Si vous souhaitez prendre part \u00e0 la tr\u00e8s renomm\u00e9e classique [...]\" \/>\n<meta property=\"og:url\" content=\"https:\/\/fr.motocrossmag.be\/index.php\/2020\/01\/trefle-lozerien-ouverture-des-inscriptions-le-25-janvier\/\" \/>\n<meta property=\"og:site_name\" content=\"Motocross - Enduro - Supermoto | MotocrossMag\" \/>\n<meta property=\"article:published_time\" content=\"2020-01-14T04:01:54+00:00\" \/>\n<meta property=\"og:image\" content=\"https:\/\/fr.motocrossmag.be\/wp-content\/uploads\/2018\/06\/trefle-lozerien-enduro-IMG_4418.jpg\" \/>\n\t<meta property=\"og:image:width\" content=\"1350\" \/>\n\t<meta property=\"og:image:height\" content=\"900\" \/>\n\t<meta property=\"og:image:type\" content=\"image\/jpeg\" \/>\n<meta name=\"author\" content=\"oliviere\" \/>\n<meta name=\"twitter:card\" content=\"summary_large_image\" \/>\n<meta name=\"twitter:label1\" content=\"\u00c9crit par\" \/>\n\t<meta name=\"twitter:data1\" content=\"oliviere\" \/>\n\t<meta name=\"twitter:label2\" content=\"Dur\u00e9e de lecture estim\u00e9e\" \/>\n\t<meta name=\"twitter:data2\" content=\"1 minute\" \/>\n<script type=\"application\/ld+json\" class=\"yoast-schema-graph\">{\"@context\":\"https:\\\/\\\/schema.org\",\"@graph\":[{\"@type\":\"Article\",\"@id\":\"https:\\\/\\\/fr.motocrossmag.be\\\/index.php\\\/2020\\\/01\\\/trefle-lozerien-ouverture-des-inscriptions-le-25-janvier\\\/#article\",\"isPartOf\":{\"@id\":\"https:\\\/\\\/fr.motocrossmag.be\\\/index.php\\\/2020\\\/01\\\/trefle-lozerien-ouverture-des-inscriptions-le-25-janvier\\\/\"},\"author\":{\"name\":\"oliviere\",\"@id\":\"https:\\\/\\\/fr.motocrossmag.be\\\/#\\\/schema\\\/person\\\/11b47143d9f755babca2c9110e03235c\"},\"headline\":\"Tr\u00e8fle Loz\u00e9rien : ouverture des inscriptions le 25 janvier\",\"datePublished\":\"2020-01-14T04:01:54+00:00\",\"mainEntityOfPage\":{\"@id\":\"https:\\\/\\\/fr.motocrossmag.be\\\/index.php\\\/2020\\\/01\\\/trefle-lozerien-ouverture-des-inscriptions-le-25-janvier\\\/\"},\"wordCount\":265,\"commentCount\":0,\"image\":{\"@id\":\"https:\\\/\\\/fr.motocrossmag.be\\\/index.php\\\/2020\\\/01\\\/trefle-lozerien-ouverture-des-inscriptions-le-25-janvier\\\/#primaryimage\"},\"thumbnailUrl\":\"https:\\\/\\\/fr.motocrossmag.be\\\/wp-content\\\/uploads\\\/2018\\\/06\\\/trefle-lozerien-enduro-IMG_4418.jpg\",\"keywords\":[\"Enduro\",\"france\"],\"articleSection\":[\"Actualit\u00e9\",\"Enduro\",\"News\",\"News\",\"Slideshow\"],\"inLanguage\":\"fr-FR\",\"potentialAction\":[{\"@type\":\"CommentAction\",\"name\":\"Comment\",\"target\":[\"https:\\\/\\\/fr.motocrossmag.be\\\/index.php\\\/2020\\\/01\\\/trefle-lozerien-ouverture-des-inscriptions-le-25-janvier\\\/#respond\"]}]},{\"@type\":\"WebPage\",\"@id\":\"https:\\\/\\\/fr.motocrossmag.be\\\/index.php\\\/2020\\\/01\\\/trefle-lozerien-ouverture-des-inscriptions-le-25-janvier\\\/\",\"url\":\"https:\\\/\\\/fr.motocrossmag.be\\\/index.php\\\/2020\\\/01\\\/trefle-lozerien-ouverture-des-inscriptions-le-25-janvier\\\/\",\"name\":\"Tr\u00e8fle Loz\u00e9rien : ouverture des inscriptions le 25 janvier - Motocross - Enduro - Supermoto | MotocrossMag\",\"isPartOf\":{\"@id\":\"https:\\\/\\\/fr.motocrossmag.be\\\/#website\"},\"primaryImageOfPage\":{\"@id\":\"https:\\\/\\\/fr.motocrossmag.be\\\/index.php\\\/2020\\\/01\\\/trefle-lozerien-ouverture-des-inscriptions-le-25-janvier\\\/#primaryimage\"},\"image\":{\"@id\":\"https:\\\/\\\/fr.motocrossmag.be\\\/index.php\\\/2020\\\/01\\\/trefle-lozerien-ouverture-des-inscriptions-le-25-janvier\\\/#primaryimage\"},\"thumbnailUrl\":\"https:\\\/\\\/fr.motocrossmag.be\\\/wp-content\\\/uploads\\\/2018\\\/06\\\/trefle-lozerien-enduro-IMG_4418.jpg\",\"datePublished\":\"2020-01-14T04:01:54+00:00\",\"author\":{\"@id\":\"https:\\\/\\\/fr.motocrossmag.be\\\/#\\\/schema\\\/person\\\/11b47143d9f755babca2c9110e03235c\"},\"breadcrumb\":{\"@id\":\"https:\\\/\\\/fr.motocrossmag.be\\\/index.php\\\/2020\\\/01\\\/trefle-lozerien-ouverture-des-inscriptions-le-25-janvier\\\/#breadcrumb\"},\"inLanguage\":\"fr-FR\",\"potentialAction\":[{\"@type\":\"ReadAction\",\"target\":[\"https:\\\/\\\/fr.motocrossmag.be\\\/index.php\\\/2020\\\/01\\\/trefle-lozerien-ouverture-des-inscriptions-le-25-janvier\\\/\"]}]},{\"@type\":\"ImageObject\",\"inLanguage\":\"fr-FR\",\"@id\":\"https:\\\/\\\/fr.motocrossmag.be\\\/index.php\\\/2020\\\/01\\\/trefle-lozerien-ouverture-des-inscriptions-le-25-janvier\\\/#primaryimage\",\"url\":\"https:\\\/\\\/fr.motocrossmag.be\\\/wp-content\\\/uploads\\\/2018\\\/06\\\/trefle-lozerien-enduro-IMG_4418.jpg\",\"contentUrl\":\"https:\\\/\\\/fr.motocrossmag.be\\\/wp-content\\\/uploads\\\/2018\\\/06\\\/trefle-lozerien-enduro-IMG_4418.jpg\",\"width\":1350,\"height\":900},{\"@type\":\"BreadcrumbList\",\"@id\":\"https:\\\/\\\/fr.motocrossmag.be\\\/index.php\\\/2020\\\/01\\\/trefle-lozerien-ouverture-des-inscriptions-le-25-janvier\\\/#breadcrumb\",\"itemListElement\":[{\"@type\":\"ListItem\",\"position\":1,\"name\":\"Accueil\",\"item\":\"https:\\\/\\\/fr.motocrossmag.be\\\/\"},{\"@type\":\"ListItem\",\"position\":2,\"name\":\"Tr\u00e8fle Loz\u00e9rien : ouverture des inscriptions le 25 janvier\"}]},{\"@type\":\"WebSite\",\"@id\":\"https:\\\/\\\/fr.motocrossmag.be\\\/#website\",\"url\":\"https:\\\/\\\/fr.motocrossmag.be\\\/\",\"name\":\"Motocross - Enduro - Supermoto | MotocrossMag\",\"description\":\"L&#039;actualit\u00e9 du motocross, de l&#039;enduro et du Supermoto en ligne!\",\"potentialAction\":[{\"@type\":\"SearchAction\",\"target\":{\"@type\":\"EntryPoint\",\"urlTemplate\":\"https:\\\/\\\/fr.motocrossmag.be\\\/?s={search_term_string}\"},\"query-input\":{\"@type\":\"PropertyValueSpecification\",\"valueRequired\":true,\"valueName\":\"search_term_string\"}}],\"inLanguage\":\"fr-FR\"},{\"@type\":\"Person\",\"@id\":\"https:\\\/\\\/fr.motocrossmag.be\\\/#\\\/schema\\\/person\\\/11b47143d9f755babca2c9110e03235c\",\"name\":\"oliviere\",\"image\":{\"@type\":\"ImageObject\",\"inLanguage\":\"fr-FR\",\"@id\":\"https:\\\/\\\/secure.gravatar.com\\\/avatar\\\/907069e0b81d119452040469e4a7501da1100f54f7f80180ce77bfab718288f6?s=96&d=mm&r=g\",\"url\":\"https:\\\/\\\/secure.gravatar.com\\\/avatar\\\/907069e0b81d119452040469e4a7501da1100f54f7f80180ce77bfab718288f6?s=96&d=mm&r=g\",\"contentUrl\":\"https:\\\/\\\/secure.gravatar.com\\\/avatar\\\/907069e0b81d119452040469e4a7501da1100f54f7f80180ce77bfab718288f6?s=96&d=mm&r=g\",\"caption\":\"oliviere\"},\"sameAs\":[\"http:\\\/\\\/www.motocrossmag.be\"],\"url\":\"https:\\\/\\\/fr.motocrossmag.be\\\/index.php\\\/author\\\/oliviere\\\/\"}]}<\/script>\n<!-- \/ Yoast SEO plugin. -->","yoast_head_json":{"title":"Tr\u00e8fle Loz\u00e9rien : ouverture des inscriptions le 25 janvier - Motocross - Enduro - Supermoto | MotocrossMag","robots":{"index":"index","follow":"follow","max-snippet":"max-snippet:-1","max-image-preview":"max-image-preview:large","max-video-preview":"max-video-preview:-1"},"canonical":"https:\/\/fr.motocrossmag.be\/index.php\/2020\/01\/trefle-lozerien-ouverture-des-inscriptions-le-25-janvier\/","og_locale":"fr_FR","og_type":"article","og_title":"Tr\u00e8fle Loz\u00e9rien : ouverture des inscriptions le 25 janvier - Motocross - Enduro - Supermoto | MotocrossMag","og_description":"Les inscriptions pour le 34\u00e8 Tr\u00e8fle Loz\u00e9rien AMV ouvriront samedi 25 janvier 2020 \u00e0 23h00 sur le site de l&rsquo;organisation. Si vous souhaitez prendre part \u00e0 la tr\u00e8s renomm\u00e9e classique [...]","og_url":"https:\/\/fr.motocrossmag.be\/index.php\/2020\/01\/trefle-lozerien-ouverture-des-inscriptions-le-25-janvier\/","og_site_name":"Motocross - Enduro - Supermoto | MotocrossMag","article_published_time":"2020-01-14T04:01:54+00:00","og_image":[{"width":1350,"height":900,"url":"https:\/\/fr.motocrossmag.be\/wp-content\/uploads\/2018\/06\/trefle-lozerien-enduro-IMG_4418.jpg","type":"image\/jpeg"}],"author":"oliviere","twitter_card":"summary_large_image","twitter_misc":{"\u00c9crit par":"oliviere","Dur\u00e9e de lecture estim\u00e9e":"1 minute"},"schema":{"@context":"https:\/\/schema.org","@graph":[{"@type":"Article","@id":"https:\/\/fr.motocrossmag.be\/index.php\/2020\/01\/trefle-lozerien-ouverture-des-inscriptions-le-25-janvier\/#article","isPartOf":{"@id":"https:\/\/fr.motocrossmag.be\/index.php\/2020\/01\/trefle-lozerien-ouverture-des-inscriptions-le-25-janvier\/"},"author":{"name":"oliviere","@id":"https:\/\/fr.motocrossmag.be\/#\/schema\/person\/11b47143d9f755babca2c9110e03235c"},"headline":"Tr\u00e8fle Loz\u00e9rien : ouverture des inscriptions le 25 janvier","datePublished":"2020-01-14T04:01:54+00:00","mainEntityOfPage":{"@id":"https:\/\/fr.motocrossmag.be\/index.php\/2020\/01\/trefle-lozerien-ouverture-des-inscriptions-le-25-janvier\/"},"wordCount":265,"commentCount":0,"image":{"@id":"https:\/\/fr.motocrossmag.be\/index.php\/2020\/01\/trefle-lozerien-ouverture-des-inscriptions-le-25-janvier\/#primaryimage"},"thumbnailUrl":"https:\/\/fr.motocrossmag.be\/wp-content\/uploads\/2018\/06\/trefle-lozerien-enduro-IMG_4418.jpg","keywords":["Enduro","france"],"articleSection":["Actualit\u00e9","Enduro","News","News","Slideshow"],"inLanguage":"fr-FR","potentialAction":[{"@type":"CommentAction","name":"Comment","target":["https:\/\/fr.motocrossmag.be\/index.php\/2020\/01\/trefle-lozerien-ouverture-des-inscriptions-le-25-janvier\/#respond"]}]},{"@type":"WebPage","@id":"https:\/\/fr.motocrossmag.be\/index.php\/2020\/01\/trefle-lozerien-ouverture-des-inscriptions-le-25-janvier\/","url":"https:\/\/fr.motocrossmag.be\/index.php\/2020\/01\/trefle-lozerien-ouverture-des-inscriptions-le-25-janvier\/","name":"Tr\u00e8fle Loz\u00e9rien : ouverture des inscriptions le 25 janvier - Motocross - Enduro - Supermoto | MotocrossMag","isPartOf":{"@id":"https:\/\/fr.motocrossmag.be\/#website"},"primaryImageOfPage":{"@id":"https:\/\/fr.motocrossmag.be\/index.php\/2020\/01\/trefle-lozerien-ouverture-des-inscriptions-le-25-janvier\/#primaryimage"},"image":{"@id":"https:\/\/fr.motocrossmag.be\/index.php\/2020\/01\/trefle-lozerien-ouverture-des-inscriptions-le-25-janvier\/#primaryimage"},"thumbnailUrl":"https:\/\/fr.motocrossmag.be\/wp-content\/uploads\/2018\/06\/trefle-lozerien-enduro-IMG_4418.jpg","datePublished":"2020-01-14T04:01:54+00:00","author":{"@id":"https:\/\/fr.motocrossmag.be\/#\/schema\/person\/11b47143d9f755babca2c9110e03235c"},"breadcrumb":{"@id":"https:\/\/fr.motocrossmag.be\/index.php\/2020\/01\/trefle-lozerien-ouverture-des-inscriptions-le-25-janvier\/#breadcrumb"},"inLanguage":"fr-FR","potentialAction":[{"@type":"ReadAction","target":["https:\/\/fr.motocrossmag.be\/index.php\/2020\/01\/trefle-lozerien-ouverture-des-inscriptions-le-25-janvier\/"]}]},{"@type":"ImageObject","inLanguage":"fr-FR","@id":"https:\/\/fr.motocrossmag.be\/index.php\/2020\/01\/trefle-lozerien-ouverture-des-inscriptions-le-25-janvier\/#primaryimage","url":"https:\/\/fr.motocrossmag.be\/wp-content\/uploads\/2018\/06\/trefle-lozerien-enduro-IMG_4418.jpg","contentUrl":"https:\/\/fr.motocrossmag.be\/wp-content\/uploads\/2018\/06\/trefle-lozerien-enduro-IMG_4418.jpg","width":1350,"height":900},{"@type":"BreadcrumbList","@id":"https:\/\/fr.motocrossmag.be\/index.php\/2020\/01\/trefle-lozerien-ouverture-des-inscriptions-le-25-janvier\/#breadcrumb","itemListElement":[{"@type":"ListItem","position":1,"name":"Accueil","item":"https:\/\/fr.motocrossmag.be\/"},{"@type":"ListItem","position":2,"name":"Tr\u00e8fle Loz\u00e9rien : ouverture des inscriptions le 25 janvier"}]},{"@type":"WebSite","@id":"https:\/\/fr.motocrossmag.be\/#website","url":"https:\/\/fr.motocrossmag.be\/","name":"Motocross - Enduro - Supermoto | MotocrossMag","description":"L&#039;actualit\u00e9 du motocross, de l&#039;enduro et du Supermoto en ligne!","potentialAction":[{"@type":"SearchAction","target":{"@type":"EntryPoint","urlTemplate":"https:\/\/fr.motocrossmag.be\/?s={search_term_string}"},"query-input":{"@type":"PropertyValueSpecification","valueRequired":true,"valueName":"search_term_string"}}],"inLanguage":"fr-FR"},{"@type":"Person","@id":"https:\/\/fr.motocrossmag.be\/#\/schema\/person\/11b47143d9f755babca2c9110e03235c","name":"oliviere","image":{"@type":"ImageObject","inLanguage":"fr-FR","@id":"https:\/\/secure.gravatar.com\/avatar\/907069e0b81d119452040469e4a7501da1100f54f7f80180ce77bfab718288f6?s=96&d=mm&r=g","url":"https:\/\/secure.gravatar.com\/avatar\/907069e0b81d119452040469e4a7501da1100f54f7f80180ce77bfab718288f6?s=96&d=mm&r=g","contentUrl":"https:\/\/secure.gravatar.com\/avatar\/907069e0b81d119452040469e4a7501da1100f54f7f80180ce77bfab718288f6?s=96&d=mm&r=g","caption":"oliviere"},"sameAs":["http:\/\/www.motocrossmag.be"],"url":"https:\/\/fr.motocrossmag.be\/index.php\/author\/oliviere\/"}]}},"_links":{"self":[{"href":"https:\/\/fr.motocrossmag.be\/index.php\/wp-json\/wp\/v2\/posts\/100511","targetHints":{"allow":["GET"]}}],"collection":[{"href":"https:\/\/fr.motocrossmag.be\/index.php\/wp-json\/wp\/v2\/posts"}],"about":[{"href":"https:\/\/fr.motocrossmag.be\/index.php\/wp-json\/wp\/v2\/types\/post"}],"author":[{"embeddable":true,"href":"https:\/\/fr.motocrossmag.be\/index.php\/wp-json\/wp\/v2\/users\/932"}],"replies":[{"embeddable":true,"href":"https:\/\/fr.motocrossmag.be\/index.php\/wp-json\/wp\/v2\/comments?post=100511"}],"version-history":[{"count":0,"href":"https:\/\/fr.motocrossmag.be\/index.php\/wp-json\/wp\/v2\/posts\/100511\/revisions"}],"wp:featuredmedia":[{"embeddable":true,"href":"https:\/\/fr.motocrossmag.be\/index.php\/wp-json\/wp\/v2\/media\/74479"}],"wp:attachment":[{"href":"https:\/\/fr.motocrossmag.be\/index.php\/wp-json\/wp\/v2\/media?parent=100511"}],"wp:term":[{"taxonomy":"category","embeddable":true,"href":"https:\/\/fr.motocrossmag.be\/index.php\/wp-json\/wp\/v2\/categories?post=100511"},{"taxonomy":"post_tag","embeddable":true,"href":"https:\/\/fr.motocrossmag.be\/index.php\/wp-json\/wp\/v2\/tags?post=100511"}],"curies":[{"name":"wp","href":"https:\/\/api.w.org\/{rel}","templated":true}]}}