{"id":100514,"date":"2020-01-14T16:11:57","date_gmt":"2020-01-14T15:11:57","guid":{"rendered":"http:\/\/fr.motocrossmag.be\/?p=100514"},"modified":"2020-01-14T16:12:32","modified_gmt":"2020-01-14T15:12:32","slug":"matteo-puffet-deja-titre-pour-arriver-au-touquet","status":"publish","type":"post","link":"https:\/\/fr.motocrossmag.be\/index.php\/2020\/01\/matteo-puffet-deja-titre-pour-arriver-au-touquet\/","title":{"rendered":"Matt\u00e9o Puffet d\u00e9j\u00e0 titr\u00e9 pour arriver au Touquet"},"content":{"rendered":"<p><strong>Matt\u00e9o Puffet faisait cette saison son entr\u00e9e dans la cour des grands. Comprenez par l\u00e0 que le vice-champion de France Junior s&rsquo;attaquait \u00e0 la cat\u00e9gorie \u00ab\u00a0Motos\u00a0\u00bb, celle dans laquelle \u00e9voluent toutes les stars des courses de sable. Au guidon de sa KTM SX-F 250 du team Motoland, le Fossois esp\u00e9rait jouer sur chaque \u00e9preuve les premiers r\u00f4les dans la cat\u00e9gorie CFS-3, r\u00e9serv\u00e9e aux machines MX2.<\/strong><\/p>\n<p>Il a finalement fait bien mieux que cela puisqu&rsquo;il vient de remporter \u00e0 Grayan-et-l&rsquo;H\u00f4pital son quatri\u00e8me succ\u00e8s cons\u00e9cutif dans la cat\u00e9gorie apr\u00e8s avoir sign\u00e9 une belle remont\u00e9e de la 65\u00e8me \u00e0 la 26\u00e8me place au classement scratch.<\/p>\n<p>Un nouveau succ\u00e8s qui vaut au pilote KTM de compter un avantage de 200 points sur son plus proche poursuivant et d&rsquo;offrir ainsi au team Motoland le titre de champion de France CFS-3 avant m\u00eame l&rsquo;ultime \u00e9preuve du championnat sur la plage du Touquet. De quoi pr\u00e9parer ce grand rendez-vous en toute s\u00e9r\u00e9nit\u00e9 !<\/p>\n<p>Co\u00e9quipier de Matt\u00e9o au sein de la structure KTM Motoland, <a href=\"http:\/\/fr.motocrossmag.be\/index.php\/2020\/01\/daymond-martens-ne-sera-pas-au-depart-de-lenduropale-du-touquet\/\">Daymond Martens ne sera pour sa part pas en mesure de d\u00e9fendre ses chances sur la c\u00f4te d&rsquo;Opale<\/a> cette ann\u00e9e.<\/p>\n<div id=\"ConnectiveDocSignExtentionInstalled\" data-extension-version=\"1.0.4\"><\/div>\n","protected":false},"excerpt":{"rendered":"<p>Matt\u00e9o Puffet faisait cette saison son entr\u00e9e dans la cour des grands. Comprenez par l\u00e0 que le vice-champion de France Junior s&rsquo;attaquait \u00e0 la cat\u00e9gorie \u00ab\u00a0Motos\u00a0\u00bb, celle dans laquelle \u00e9voluent [&#8230;]<\/p>\n","protected":false},"author":932,"featured_media":97907,"comment_status":"open","ping_status":"closed","sticky":false,"template":"","format":"standard","meta":{"footnotes":""},"categories":[54,1075,32,33,55,65],"tags":[300,490,1178],"class_list":["post-100514","post","type-post","status-publish","format-standard","has-post-thumbnail","hentry","category-actualite","category-courses-de-sable","category-enduro","category-news-enduro","category-news-actualite","category-slideshow","tag-course-sur-sable","tag-france","tag-sable"],"yoast_head":"<!-- This site is optimized with the Yoast SEO plugin v27.4 - https:\/\/yoast.com\/product\/yoast-seo-wordpress\/ -->\n<title>Matt\u00e9o Puffet d\u00e9j\u00e0 titr\u00e9 pour arriver au Touquet - Motocross - Enduro - Supermoto | MotocrossMag<\/title>\n<meta name=\"robots\" content=\"index, follow, max-snippet:-1, max-image-preview:large, max-video-preview:-1\" \/>\n<link rel=\"canonical\" href=\"https:\/\/fr.motocrossmag.be\/index.php\/2020\/01\/matteo-puffet-deja-titre-pour-arriver-au-touquet\/\" \/>\n<meta property=\"og:locale\" content=\"fr_FR\" \/>\n<meta property=\"og:type\" content=\"article\" \/>\n<meta property=\"og:title\" content=\"Matt\u00e9o Puffet d\u00e9j\u00e0 titr\u00e9 pour arriver au Touquet - Motocross - Enduro - Supermoto | MotocrossMag\" \/>\n<meta property=\"og:description\" content=\"Matt\u00e9o Puffet faisait cette saison son entr\u00e9e dans la cour des grands. Comprenez par l\u00e0 que le vice-champion de France Junior s&rsquo;attaquait \u00e0 la cat\u00e9gorie \u00ab\u00a0Motos\u00a0\u00bb, celle dans laquelle \u00e9voluent [...]\" \/>\n<meta property=\"og:url\" content=\"https:\/\/fr.motocrossmag.be\/index.php\/2020\/01\/matteo-puffet-deja-titre-pour-arriver-au-touquet\/\" \/>\n<meta property=\"og:site_name\" content=\"Motocross - Enduro - Supermoto | MotocrossMag\" \/>\n<meta property=\"article:published_time\" content=\"2020-01-14T15:11:57+00:00\" \/>\n<meta property=\"article:modified_time\" content=\"2020-01-14T15:12:32+00:00\" \/>\n<meta property=\"og:image\" content=\"https:\/\/fr.motocrossmag.be\/wp-content\/uploads\/2019\/10\/puffet-matheo-motoland.jpg\" \/>\n\t<meta property=\"og:image:width\" content=\"1000\" \/>\n\t<meta property=\"og:image:height\" content=\"661\" \/>\n\t<meta property=\"og:image:type\" content=\"image\/jpeg\" \/>\n<meta name=\"author\" content=\"oliviere\" \/>\n<meta name=\"twitter:card\" content=\"summary_large_image\" \/>\n<meta name=\"twitter:label1\" content=\"\u00c9crit par\" \/>\n\t<meta name=\"twitter:data1\" content=\"oliviere\" \/>\n\t<meta name=\"twitter:label2\" content=\"Dur\u00e9e de lecture estim\u00e9e\" \/>\n\t<meta name=\"twitter:data2\" content=\"1 minute\" \/>\n<script type=\"application\/ld+json\" class=\"yoast-schema-graph\">{\"@context\":\"https:\\\/\\\/schema.org\",\"@graph\":[{\"@type\":\"Article\",\"@id\":\"https:\\\/\\\/fr.motocrossmag.be\\\/index.php\\\/2020\\\/01\\\/matteo-puffet-deja-titre-pour-arriver-au-touquet\\\/#article\",\"isPartOf\":{\"@id\":\"https:\\\/\\\/fr.motocrossmag.be\\\/index.php\\\/2020\\\/01\\\/matteo-puffet-deja-titre-pour-arriver-au-touquet\\\/\"},\"author\":{\"name\":\"oliviere\",\"@id\":\"https:\\\/\\\/fr.motocrossmag.be\\\/#\\\/schema\\\/person\\\/11b47143d9f755babca2c9110e03235c\"},\"headline\":\"Matt\u00e9o Puffet d\u00e9j\u00e0 titr\u00e9 pour arriver au Touquet\",\"datePublished\":\"2020-01-14T15:11:57+00:00\",\"dateModified\":\"2020-01-14T15:12:32+00:00\",\"mainEntityOfPage\":{\"@id\":\"https:\\\/\\\/fr.motocrossmag.be\\\/index.php\\\/2020\\\/01\\\/matteo-puffet-deja-titre-pour-arriver-au-touquet\\\/\"},\"wordCount\":221,\"commentCount\":0,\"image\":{\"@id\":\"https:\\\/\\\/fr.motocrossmag.be\\\/index.php\\\/2020\\\/01\\\/matteo-puffet-deja-titre-pour-arriver-au-touquet\\\/#primaryimage\"},\"thumbnailUrl\":\"https:\\\/\\\/fr.motocrossmag.be\\\/wp-content\\\/uploads\\\/2019\\\/10\\\/puffet-matheo-motoland.jpg\",\"keywords\":[\"CFS\",\"france\",\"sable\"],\"articleSection\":[\"Actualit\u00e9\",\"Courses de sable\",\"Enduro\",\"News\",\"News\",\"Slideshow\"],\"inLanguage\":\"fr-FR\",\"potentialAction\":[{\"@type\":\"CommentAction\",\"name\":\"Comment\",\"target\":[\"https:\\\/\\\/fr.motocrossmag.be\\\/index.php\\\/2020\\\/01\\\/matteo-puffet-deja-titre-pour-arriver-au-touquet\\\/#respond\"]}]},{\"@type\":\"WebPage\",\"@id\":\"https:\\\/\\\/fr.motocrossmag.be\\\/index.php\\\/2020\\\/01\\\/matteo-puffet-deja-titre-pour-arriver-au-touquet\\\/\",\"url\":\"https:\\\/\\\/fr.motocrossmag.be\\\/index.php\\\/2020\\\/01\\\/matteo-puffet-deja-titre-pour-arriver-au-touquet\\\/\",\"name\":\"Matt\u00e9o Puffet d\u00e9j\u00e0 titr\u00e9 pour arriver au Touquet - Motocross - Enduro - Supermoto | MotocrossMag\",\"isPartOf\":{\"@id\":\"https:\\\/\\\/fr.motocrossmag.be\\\/#website\"},\"primaryImageOfPage\":{\"@id\":\"https:\\\/\\\/fr.motocrossmag.be\\\/index.php\\\/2020\\\/01\\\/matteo-puffet-deja-titre-pour-arriver-au-touquet\\\/#primaryimage\"},\"image\":{\"@id\":\"https:\\\/\\\/fr.motocrossmag.be\\\/index.php\\\/2020\\\/01\\\/matteo-puffet-deja-titre-pour-arriver-au-touquet\\\/#primaryimage\"},\"thumbnailUrl\":\"https:\\\/\\\/fr.motocrossmag.be\\\/wp-content\\\/uploads\\\/2019\\\/10\\\/puffet-matheo-motoland.jpg\",\"datePublished\":\"2020-01-14T15:11:57+00:00\",\"dateModified\":\"2020-01-14T15:12:32+00:00\",\"author\":{\"@id\":\"https:\\\/\\\/fr.motocrossmag.be\\\/#\\\/schema\\\/person\\\/11b47143d9f755babca2c9110e03235c\"},\"breadcrumb\":{\"@id\":\"https:\\\/\\\/fr.motocrossmag.be\\\/index.php\\\/2020\\\/01\\\/matteo-puffet-deja-titre-pour-arriver-au-touquet\\\/#breadcrumb\"},\"inLanguage\":\"fr-FR\",\"potentialAction\":[{\"@type\":\"ReadAction\",\"target\":[\"https:\\\/\\\/fr.motocrossmag.be\\\/index.php\\\/2020\\\/01\\\/matteo-puffet-deja-titre-pour-arriver-au-touquet\\\/\"]}]},{\"@type\":\"ImageObject\",\"inLanguage\":\"fr-FR\",\"@id\":\"https:\\\/\\\/fr.motocrossmag.be\\\/index.php\\\/2020\\\/01\\\/matteo-puffet-deja-titre-pour-arriver-au-touquet\\\/#primaryimage\",\"url\":\"https:\\\/\\\/fr.motocrossmag.be\\\/wp-content\\\/uploads\\\/2019\\\/10\\\/puffet-matheo-motoland.jpg\",\"contentUrl\":\"https:\\\/\\\/fr.motocrossmag.be\\\/wp-content\\\/uploads\\\/2019\\\/10\\\/puffet-matheo-motoland.jpg\",\"width\":1000,\"height\":661},{\"@type\":\"BreadcrumbList\",\"@id\":\"https:\\\/\\\/fr.motocrossmag.be\\\/index.php\\\/2020\\\/01\\\/matteo-puffet-deja-titre-pour-arriver-au-touquet\\\/#breadcrumb\",\"itemListElement\":[{\"@type\":\"ListItem\",\"position\":1,\"name\":\"Accueil\",\"item\":\"https:\\\/\\\/fr.motocrossmag.be\\\/\"},{\"@type\":\"ListItem\",\"position\":2,\"name\":\"Matt\u00e9o Puffet d\u00e9j\u00e0 titr\u00e9 pour arriver au Touquet\"}]},{\"@type\":\"WebSite\",\"@id\":\"https:\\\/\\\/fr.motocrossmag.be\\\/#website\",\"url\":\"https:\\\/\\\/fr.motocrossmag.be\\\/\",\"name\":\"Motocross - Enduro - Supermoto | MotocrossMag\",\"description\":\"L&#039;actualit\u00e9 du motocross, de l&#039;enduro et du Supermoto en ligne!\",\"potentialAction\":[{\"@type\":\"SearchAction\",\"target\":{\"@type\":\"EntryPoint\",\"urlTemplate\":\"https:\\\/\\\/fr.motocrossmag.be\\\/?s={search_term_string}\"},\"query-input\":{\"@type\":\"PropertyValueSpecification\",\"valueRequired\":true,\"valueName\":\"search_term_string\"}}],\"inLanguage\":\"fr-FR\"},{\"@type\":\"Person\",\"@id\":\"https:\\\/\\\/fr.motocrossmag.be\\\/#\\\/schema\\\/person\\\/11b47143d9f755babca2c9110e03235c\",\"name\":\"oliviere\",\"image\":{\"@type\":\"ImageObject\",\"inLanguage\":\"fr-FR\",\"@id\":\"https:\\\/\\\/secure.gravatar.com\\\/avatar\\\/907069e0b81d119452040469e4a7501da1100f54f7f80180ce77bfab718288f6?s=96&d=mm&r=g\",\"url\":\"https:\\\/\\\/secure.gravatar.com\\\/avatar\\\/907069e0b81d119452040469e4a7501da1100f54f7f80180ce77bfab718288f6?s=96&d=mm&r=g\",\"contentUrl\":\"https:\\\/\\\/secure.gravatar.com\\\/avatar\\\/907069e0b81d119452040469e4a7501da1100f54f7f80180ce77bfab718288f6?s=96&d=mm&r=g\",\"caption\":\"oliviere\"},\"sameAs\":[\"http:\\\/\\\/www.motocrossmag.be\"],\"url\":\"https:\\\/\\\/fr.motocrossmag.be\\\/index.php\\\/author\\\/oliviere\\\/\"}]}<\/script>\n<!-- \/ Yoast SEO plugin. -->","yoast_head_json":{"title":"Matt\u00e9o Puffet d\u00e9j\u00e0 titr\u00e9 pour arriver au Touquet - Motocross - Enduro - Supermoto | MotocrossMag","robots":{"index":"index","follow":"follow","max-snippet":"max-snippet:-1","max-image-preview":"max-image-preview:large","max-video-preview":"max-video-preview:-1"},"canonical":"https:\/\/fr.motocrossmag.be\/index.php\/2020\/01\/matteo-puffet-deja-titre-pour-arriver-au-touquet\/","og_locale":"fr_FR","og_type":"article","og_title":"Matt\u00e9o Puffet d\u00e9j\u00e0 titr\u00e9 pour arriver au Touquet - Motocross - Enduro - Supermoto | MotocrossMag","og_description":"Matt\u00e9o Puffet faisait cette saison son entr\u00e9e dans la cour des grands. Comprenez par l\u00e0 que le vice-champion de France Junior s&rsquo;attaquait \u00e0 la cat\u00e9gorie \u00ab\u00a0Motos\u00a0\u00bb, celle dans laquelle \u00e9voluent [...]","og_url":"https:\/\/fr.motocrossmag.be\/index.php\/2020\/01\/matteo-puffet-deja-titre-pour-arriver-au-touquet\/","og_site_name":"Motocross - Enduro - Supermoto | MotocrossMag","article_published_time":"2020-01-14T15:11:57+00:00","article_modified_time":"2020-01-14T15:12:32+00:00","og_image":[{"width":1000,"height":661,"url":"https:\/\/fr.motocrossmag.be\/wp-content\/uploads\/2019\/10\/puffet-matheo-motoland.jpg","type":"image\/jpeg"}],"author":"oliviere","twitter_card":"summary_large_image","twitter_misc":{"\u00c9crit par":"oliviere","Dur\u00e9e de lecture estim\u00e9e":"1 minute"},"schema":{"@context":"https:\/\/schema.org","@graph":[{"@type":"Article","@id":"https:\/\/fr.motocrossmag.be\/index.php\/2020\/01\/matteo-puffet-deja-titre-pour-arriver-au-touquet\/#article","isPartOf":{"@id":"https:\/\/fr.motocrossmag.be\/index.php\/2020\/01\/matteo-puffet-deja-titre-pour-arriver-au-touquet\/"},"author":{"name":"oliviere","@id":"https:\/\/fr.motocrossmag.be\/#\/schema\/person\/11b47143d9f755babca2c9110e03235c"},"headline":"Matt\u00e9o Puffet d\u00e9j\u00e0 titr\u00e9 pour arriver au Touquet","datePublished":"2020-01-14T15:11:57+00:00","dateModified":"2020-01-14T15:12:32+00:00","mainEntityOfPage":{"@id":"https:\/\/fr.motocrossmag.be\/index.php\/2020\/01\/matteo-puffet-deja-titre-pour-arriver-au-touquet\/"},"wordCount":221,"commentCount":0,"image":{"@id":"https:\/\/fr.motocrossmag.be\/index.php\/2020\/01\/matteo-puffet-deja-titre-pour-arriver-au-touquet\/#primaryimage"},"thumbnailUrl":"https:\/\/fr.motocrossmag.be\/wp-content\/uploads\/2019\/10\/puffet-matheo-motoland.jpg","keywords":["CFS","france","sable"],"articleSection":["Actualit\u00e9","Courses de sable","Enduro","News","News","Slideshow"],"inLanguage":"fr-FR","potentialAction":[{"@type":"CommentAction","name":"Comment","target":["https:\/\/fr.motocrossmag.be\/index.php\/2020\/01\/matteo-puffet-deja-titre-pour-arriver-au-touquet\/#respond"]}]},{"@type":"WebPage","@id":"https:\/\/fr.motocrossmag.be\/index.php\/2020\/01\/matteo-puffet-deja-titre-pour-arriver-au-touquet\/","url":"https:\/\/fr.motocrossmag.be\/index.php\/2020\/01\/matteo-puffet-deja-titre-pour-arriver-au-touquet\/","name":"Matt\u00e9o Puffet d\u00e9j\u00e0 titr\u00e9 pour arriver au Touquet - Motocross - Enduro - Supermoto | MotocrossMag","isPartOf":{"@id":"https:\/\/fr.motocrossmag.be\/#website"},"primaryImageOfPage":{"@id":"https:\/\/fr.motocrossmag.be\/index.php\/2020\/01\/matteo-puffet-deja-titre-pour-arriver-au-touquet\/#primaryimage"},"image":{"@id":"https:\/\/fr.motocrossmag.be\/index.php\/2020\/01\/matteo-puffet-deja-titre-pour-arriver-au-touquet\/#primaryimage"},"thumbnailUrl":"https:\/\/fr.motocrossmag.be\/wp-content\/uploads\/2019\/10\/puffet-matheo-motoland.jpg","datePublished":"2020-01-14T15:11:57+00:00","dateModified":"2020-01-14T15:12:32+00:00","author":{"@id":"https:\/\/fr.motocrossmag.be\/#\/schema\/person\/11b47143d9f755babca2c9110e03235c"},"breadcrumb":{"@id":"https:\/\/fr.motocrossmag.be\/index.php\/2020\/01\/matteo-puffet-deja-titre-pour-arriver-au-touquet\/#breadcrumb"},"inLanguage":"fr-FR","potentialAction":[{"@type":"ReadAction","target":["https:\/\/fr.motocrossmag.be\/index.php\/2020\/01\/matteo-puffet-deja-titre-pour-arriver-au-touquet\/"]}]},{"@type":"ImageObject","inLanguage":"fr-FR","@id":"https:\/\/fr.motocrossmag.be\/index.php\/2020\/01\/matteo-puffet-deja-titre-pour-arriver-au-touquet\/#primaryimage","url":"https:\/\/fr.motocrossmag.be\/wp-content\/uploads\/2019\/10\/puffet-matheo-motoland.jpg","contentUrl":"https:\/\/fr.motocrossmag.be\/wp-content\/uploads\/2019\/10\/puffet-matheo-motoland.jpg","width":1000,"height":661},{"@type":"BreadcrumbList","@id":"https:\/\/fr.motocrossmag.be\/index.php\/2020\/01\/matteo-puffet-deja-titre-pour-arriver-au-touquet\/#breadcrumb","itemListElement":[{"@type":"ListItem","position":1,"name":"Accueil","item":"https:\/\/fr.motocrossmag.be\/"},{"@type":"ListItem","position":2,"name":"Matt\u00e9o Puffet d\u00e9j\u00e0 titr\u00e9 pour arriver au Touquet"}]},{"@type":"WebSite","@id":"https:\/\/fr.motocrossmag.be\/#website","url":"https:\/\/fr.motocrossmag.be\/","name":"Motocross - Enduro - Supermoto | MotocrossMag","description":"L&#039;actualit\u00e9 du motocross, de l&#039;enduro et du Supermoto en ligne!","potentialAction":[{"@type":"SearchAction","target":{"@type":"EntryPoint","urlTemplate":"https:\/\/fr.motocrossmag.be\/?s={search_term_string}"},"query-input":{"@type":"PropertyValueSpecification","valueRequired":true,"valueName":"search_term_string"}}],"inLanguage":"fr-FR"},{"@type":"Person","@id":"https:\/\/fr.motocrossmag.be\/#\/schema\/person\/11b47143d9f755babca2c9110e03235c","name":"oliviere","image":{"@type":"ImageObject","inLanguage":"fr-FR","@id":"https:\/\/secure.gravatar.com\/avatar\/907069e0b81d119452040469e4a7501da1100f54f7f80180ce77bfab718288f6?s=96&d=mm&r=g","url":"https:\/\/secure.gravatar.com\/avatar\/907069e0b81d119452040469e4a7501da1100f54f7f80180ce77bfab718288f6?s=96&d=mm&r=g","contentUrl":"https:\/\/secure.gravatar.com\/avatar\/907069e0b81d119452040469e4a7501da1100f54f7f80180ce77bfab718288f6?s=96&d=mm&r=g","caption":"oliviere"},"sameAs":["http:\/\/www.motocrossmag.be"],"url":"https:\/\/fr.motocrossmag.be\/index.php\/author\/oliviere\/"}]}},"_links":{"self":[{"href":"https:\/\/fr.motocrossmag.be\/index.php\/wp-json\/wp\/v2\/posts\/100514","targetHints":{"allow":["GET"]}}],"collection":[{"href":"https:\/\/fr.motocrossmag.be\/index.php\/wp-json\/wp\/v2\/posts"}],"about":[{"href":"https:\/\/fr.motocrossmag.be\/index.php\/wp-json\/wp\/v2\/types\/post"}],"author":[{"embeddable":true,"href":"https:\/\/fr.motocrossmag.be\/index.php\/wp-json\/wp\/v2\/users\/932"}],"replies":[{"embeddable":true,"href":"https:\/\/fr.motocrossmag.be\/index.php\/wp-json\/wp\/v2\/comments?post=100514"}],"version-history":[{"count":0,"href":"https:\/\/fr.motocrossmag.be\/index.php\/wp-json\/wp\/v2\/posts\/100514\/revisions"}],"wp:featuredmedia":[{"embeddable":true,"href":"https:\/\/fr.motocrossmag.be\/index.php\/wp-json\/wp\/v2\/media\/97907"}],"wp:attachment":[{"href":"https:\/\/fr.motocrossmag.be\/index.php\/wp-json\/wp\/v2\/media?parent=100514"}],"wp:term":[{"taxonomy":"category","embeddable":true,"href":"https:\/\/fr.motocrossmag.be\/index.php\/wp-json\/wp\/v2\/categories?post=100514"},{"taxonomy":"post_tag","embeddable":true,"href":"https:\/\/fr.motocrossmag.be\/index.php\/wp-json\/wp\/v2\/tags?post=100514"}],"curies":[{"name":"wp","href":"https:\/\/api.w.org\/{rel}","templated":true}]}}