{"id":100515,"date":"2020-01-14T14:13:37","date_gmt":"2020-01-14T13:13:37","guid":{"rendered":"http:\/\/fr.motocrossmag.be\/?p=100515"},"modified":"2020-01-14T16:29:37","modified_gmt":"2020-01-14T15:29:37","slug":"pablo-quintanilla-remporte-la-9eme-etape-du-dakar","status":"publish","type":"post","link":"https:\/\/fr.motocrossmag.be\/index.php\/2020\/01\/pablo-quintanilla-remporte-la-9eme-etape-du-dakar\/","title":{"rendered":"Pablo Quintanilla remporte la 9\u00e8me \u00e9tape du Dakar"},"content":{"rendered":"<p><strong>Apr\u00e8s une journ\u00e9e \u00ab\u00a0off\u00a0\u00bb lundi \u00e0 la suite la disparition de Paulo Gon\u00e7alves sur la 7\u00e8me \u00e9tape, la comp\u00e9tition a repris ses droits ce mardi sur le Dakar. Plus de 850 kilom\u00e8tres \u00e9taient \u00e0 parcourir entre Wadi Al Dawasir et Haradh. Une \u00e9tape difficile qui a permis \u00e0 Pablo Quintanilla de signer son premier succ\u00e8s d&rsquo;\u00e9tape cette ann\u00e9e. L&rsquo;officiel Husqvarna devance Toby Price et Joan Barreda.<\/strong><\/p>\n<p>Toujours leader du classement provisoire alors que seules 3 \u00e9tapes restent \u00e0 disputer, Ricky Brabec assure une 4\u00e8me place, \u00e0 moins de 4 mnutes du vainqueur du jour.<\/p>\n<p><span style=\"color: #800000;\"><strong>R\u00e9sultats<\/strong><\/span><\/p>\n<p>ETAPE 9<\/p>\n<p>1. Pablo Quintanilla (Husqvarna) 4:45:06<strong>;\u00a0<\/strong> 2. Toby Price (KTM) +1:54; 3. Joan Barreda (Honda) +2:42; 4. Ricky Brabec (Honda) +3:55; 5. Ross Branch (KTM) +5:30;&#8230;<\/p>\n<p>CLASSEMENT PROVISOIRE<\/p>\n<p>1. Ricky Brabec (Honda) 31:59:29; 2. Pablo Quintanilla (Husqvarna) +20:53<strong>; <\/strong>3. Toby Price (KTM) +26:43; 4. Joan Barreda (Honda) +28:16; 5. Jose Ignacio Cornejo (Honda) +29:29;&#8230;<\/p>\n<div id=\"ConnectiveDocSignExtentionInstalled\" data-extension-version=\"1.0.4\"><\/div>\n","protected":false},"excerpt":{"rendered":"<p>Apr\u00e8s une journ\u00e9e \u00ab\u00a0off\u00a0\u00bb lundi \u00e0 la suite la disparition de Paulo Gon\u00e7alves sur la 7\u00e8me \u00e9tape, la comp\u00e9tition a repris ses droits ce mardi sur le Dakar. Plus de [&#8230;]<\/p>\n","protected":false},"author":932,"featured_media":100516,"comment_status":"open","ping_status":"closed","sticky":false,"template":"","format":"standard","meta":{"footnotes":""},"categories":[55,450,65],"tags":[687,962],"class_list":["post-100515","post","type-post","status-publish","format-standard","has-post-thumbnail","hentry","category-news-actualite","category-rallye","category-slideshow","tag-dakar","tag-rallye"],"yoast_head":"<!-- This site is optimized with the Yoast SEO plugin v27.4 - https:\/\/yoast.com\/product\/yoast-seo-wordpress\/ -->\n<title>Pablo Quintanilla remporte la 9\u00e8me \u00e9tape du Dakar - Motocross - Enduro - Supermoto | MotocrossMag<\/title>\n<meta name=\"robots\" content=\"index, follow, max-snippet:-1, max-image-preview:large, max-video-preview:-1\" \/>\n<link rel=\"canonical\" href=\"https:\/\/fr.motocrossmag.be\/index.php\/2020\/01\/pablo-quintanilla-remporte-la-9eme-etape-du-dakar\/\" \/>\n<meta property=\"og:locale\" content=\"fr_FR\" \/>\n<meta property=\"og:type\" content=\"article\" \/>\n<meta property=\"og:title\" content=\"Pablo Quintanilla remporte la 9\u00e8me \u00e9tape du Dakar - Motocross - Enduro - Supermoto | MotocrossMag\" \/>\n<meta property=\"og:description\" content=\"Apr\u00e8s une journ\u00e9e \u00ab\u00a0off\u00a0\u00bb lundi \u00e0 la suite la disparition de Paulo Gon\u00e7alves sur la 7\u00e8me \u00e9tape, la comp\u00e9tition a repris ses droits ce mardi sur le Dakar. Plus de [...]\" \/>\n<meta property=\"og:url\" content=\"https:\/\/fr.motocrossmag.be\/index.php\/2020\/01\/pablo-quintanilla-remporte-la-9eme-etape-du-dakar\/\" \/>\n<meta property=\"og:site_name\" content=\"Motocross - Enduro - Supermoto | MotocrossMag\" \/>\n<meta property=\"article:published_time\" content=\"2020-01-14T13:13:37+00:00\" \/>\n<meta property=\"article:modified_time\" content=\"2020-01-14T15:29:37+00:00\" \/>\n<meta property=\"og:image\" content=\"https:\/\/fr.motocrossmag.be\/wp-content\/uploads\/2020\/01\/68049_pablo.quintanilla_Dakar_2020_stage-9_1161.jpg\" \/>\n\t<meta property=\"og:image:width\" content=\"1000\" \/>\n\t<meta property=\"og:image:height\" content=\"666\" \/>\n\t<meta property=\"og:image:type\" content=\"image\/jpeg\" \/>\n<meta name=\"author\" content=\"oliviere\" \/>\n<meta name=\"twitter:card\" content=\"summary_large_image\" \/>\n<meta name=\"twitter:label1\" content=\"\u00c9crit par\" \/>\n\t<meta name=\"twitter:data1\" content=\"oliviere\" \/>\n\t<meta name=\"twitter:label2\" content=\"Dur\u00e9e de lecture estim\u00e9e\" \/>\n\t<meta name=\"twitter:data2\" content=\"1 minute\" \/>\n<script type=\"application\/ld+json\" class=\"yoast-schema-graph\">{\"@context\":\"https:\\\/\\\/schema.org\",\"@graph\":[{\"@type\":\"Article\",\"@id\":\"https:\\\/\\\/fr.motocrossmag.be\\\/index.php\\\/2020\\\/01\\\/pablo-quintanilla-remporte-la-9eme-etape-du-dakar\\\/#article\",\"isPartOf\":{\"@id\":\"https:\\\/\\\/fr.motocrossmag.be\\\/index.php\\\/2020\\\/01\\\/pablo-quintanilla-remporte-la-9eme-etape-du-dakar\\\/\"},\"author\":{\"name\":\"oliviere\",\"@id\":\"https:\\\/\\\/fr.motocrossmag.be\\\/#\\\/schema\\\/person\\\/11b47143d9f755babca2c9110e03235c\"},\"headline\":\"Pablo Quintanilla remporte la 9\u00e8me \u00e9tape du Dakar\",\"datePublished\":\"2020-01-14T13:13:37+00:00\",\"dateModified\":\"2020-01-14T15:29:37+00:00\",\"mainEntityOfPage\":{\"@id\":\"https:\\\/\\\/fr.motocrossmag.be\\\/index.php\\\/2020\\\/01\\\/pablo-quintanilla-remporte-la-9eme-etape-du-dakar\\\/\"},\"wordCount\":139,\"commentCount\":0,\"image\":{\"@id\":\"https:\\\/\\\/fr.motocrossmag.be\\\/index.php\\\/2020\\\/01\\\/pablo-quintanilla-remporte-la-9eme-etape-du-dakar\\\/#primaryimage\"},\"thumbnailUrl\":\"https:\\\/\\\/fr.motocrossmag.be\\\/wp-content\\\/uploads\\\/2020\\\/01\\\/68049_pablo.quintanilla_Dakar_2020_stage-9_1161.jpg\",\"keywords\":[\"dakar\",\"rallye\"],\"articleSection\":[\"News\",\"Rallye-raid\\\/Aventure\",\"Slideshow\"],\"inLanguage\":\"fr-FR\",\"potentialAction\":[{\"@type\":\"CommentAction\",\"name\":\"Comment\",\"target\":[\"https:\\\/\\\/fr.motocrossmag.be\\\/index.php\\\/2020\\\/01\\\/pablo-quintanilla-remporte-la-9eme-etape-du-dakar\\\/#respond\"]}]},{\"@type\":\"WebPage\",\"@id\":\"https:\\\/\\\/fr.motocrossmag.be\\\/index.php\\\/2020\\\/01\\\/pablo-quintanilla-remporte-la-9eme-etape-du-dakar\\\/\",\"url\":\"https:\\\/\\\/fr.motocrossmag.be\\\/index.php\\\/2020\\\/01\\\/pablo-quintanilla-remporte-la-9eme-etape-du-dakar\\\/\",\"name\":\"Pablo Quintanilla remporte la 9\u00e8me \u00e9tape du Dakar - Motocross - Enduro - Supermoto | MotocrossMag\",\"isPartOf\":{\"@id\":\"https:\\\/\\\/fr.motocrossmag.be\\\/#website\"},\"primaryImageOfPage\":{\"@id\":\"https:\\\/\\\/fr.motocrossmag.be\\\/index.php\\\/2020\\\/01\\\/pablo-quintanilla-remporte-la-9eme-etape-du-dakar\\\/#primaryimage\"},\"image\":{\"@id\":\"https:\\\/\\\/fr.motocrossmag.be\\\/index.php\\\/2020\\\/01\\\/pablo-quintanilla-remporte-la-9eme-etape-du-dakar\\\/#primaryimage\"},\"thumbnailUrl\":\"https:\\\/\\\/fr.motocrossmag.be\\\/wp-content\\\/uploads\\\/2020\\\/01\\\/68049_pablo.quintanilla_Dakar_2020_stage-9_1161.jpg\",\"datePublished\":\"2020-01-14T13:13:37+00:00\",\"dateModified\":\"2020-01-14T15:29:37+00:00\",\"author\":{\"@id\":\"https:\\\/\\\/fr.motocrossmag.be\\\/#\\\/schema\\\/person\\\/11b47143d9f755babca2c9110e03235c\"},\"breadcrumb\":{\"@id\":\"https:\\\/\\\/fr.motocrossmag.be\\\/index.php\\\/2020\\\/01\\\/pablo-quintanilla-remporte-la-9eme-etape-du-dakar\\\/#breadcrumb\"},\"inLanguage\":\"fr-FR\",\"potentialAction\":[{\"@type\":\"ReadAction\",\"target\":[\"https:\\\/\\\/fr.motocrossmag.be\\\/index.php\\\/2020\\\/01\\\/pablo-quintanilla-remporte-la-9eme-etape-du-dakar\\\/\"]}]},{\"@type\":\"ImageObject\",\"inLanguage\":\"fr-FR\",\"@id\":\"https:\\\/\\\/fr.motocrossmag.be\\\/index.php\\\/2020\\\/01\\\/pablo-quintanilla-remporte-la-9eme-etape-du-dakar\\\/#primaryimage\",\"url\":\"https:\\\/\\\/fr.motocrossmag.be\\\/wp-content\\\/uploads\\\/2020\\\/01\\\/68049_pablo.quintanilla_Dakar_2020_stage-9_1161.jpg\",\"contentUrl\":\"https:\\\/\\\/fr.motocrossmag.be\\\/wp-content\\\/uploads\\\/2020\\\/01\\\/68049_pablo.quintanilla_Dakar_2020_stage-9_1161.jpg\",\"width\":1000,\"height\":666},{\"@type\":\"BreadcrumbList\",\"@id\":\"https:\\\/\\\/fr.motocrossmag.be\\\/index.php\\\/2020\\\/01\\\/pablo-quintanilla-remporte-la-9eme-etape-du-dakar\\\/#breadcrumb\",\"itemListElement\":[{\"@type\":\"ListItem\",\"position\":1,\"name\":\"Accueil\",\"item\":\"https:\\\/\\\/fr.motocrossmag.be\\\/\"},{\"@type\":\"ListItem\",\"position\":2,\"name\":\"Pablo Quintanilla remporte la 9\u00e8me \u00e9tape du Dakar\"}]},{\"@type\":\"WebSite\",\"@id\":\"https:\\\/\\\/fr.motocrossmag.be\\\/#website\",\"url\":\"https:\\\/\\\/fr.motocrossmag.be\\\/\",\"name\":\"Motocross - Enduro - Supermoto | MotocrossMag\",\"description\":\"L&#039;actualit\u00e9 du motocross, de l&#039;enduro et du Supermoto en ligne!\",\"potentialAction\":[{\"@type\":\"SearchAction\",\"target\":{\"@type\":\"EntryPoint\",\"urlTemplate\":\"https:\\\/\\\/fr.motocrossmag.be\\\/?s={search_term_string}\"},\"query-input\":{\"@type\":\"PropertyValueSpecification\",\"valueRequired\":true,\"valueName\":\"search_term_string\"}}],\"inLanguage\":\"fr-FR\"},{\"@type\":\"Person\",\"@id\":\"https:\\\/\\\/fr.motocrossmag.be\\\/#\\\/schema\\\/person\\\/11b47143d9f755babca2c9110e03235c\",\"name\":\"oliviere\",\"image\":{\"@type\":\"ImageObject\",\"inLanguage\":\"fr-FR\",\"@id\":\"https:\\\/\\\/secure.gravatar.com\\\/avatar\\\/907069e0b81d119452040469e4a7501da1100f54f7f80180ce77bfab718288f6?s=96&d=mm&r=g\",\"url\":\"https:\\\/\\\/secure.gravatar.com\\\/avatar\\\/907069e0b81d119452040469e4a7501da1100f54f7f80180ce77bfab718288f6?s=96&d=mm&r=g\",\"contentUrl\":\"https:\\\/\\\/secure.gravatar.com\\\/avatar\\\/907069e0b81d119452040469e4a7501da1100f54f7f80180ce77bfab718288f6?s=96&d=mm&r=g\",\"caption\":\"oliviere\"},\"sameAs\":[\"http:\\\/\\\/www.motocrossmag.be\"],\"url\":\"https:\\\/\\\/fr.motocrossmag.be\\\/index.php\\\/author\\\/oliviere\\\/\"}]}<\/script>\n<!-- \/ Yoast SEO plugin. -->","yoast_head_json":{"title":"Pablo Quintanilla remporte la 9\u00e8me \u00e9tape du Dakar - Motocross - Enduro - Supermoto | MotocrossMag","robots":{"index":"index","follow":"follow","max-snippet":"max-snippet:-1","max-image-preview":"max-image-preview:large","max-video-preview":"max-video-preview:-1"},"canonical":"https:\/\/fr.motocrossmag.be\/index.php\/2020\/01\/pablo-quintanilla-remporte-la-9eme-etape-du-dakar\/","og_locale":"fr_FR","og_type":"article","og_title":"Pablo Quintanilla remporte la 9\u00e8me \u00e9tape du Dakar - Motocross - Enduro - Supermoto | MotocrossMag","og_description":"Apr\u00e8s une journ\u00e9e \u00ab\u00a0off\u00a0\u00bb lundi \u00e0 la suite la disparition de Paulo Gon\u00e7alves sur la 7\u00e8me \u00e9tape, la comp\u00e9tition a repris ses droits ce mardi sur le Dakar. Plus de [...]","og_url":"https:\/\/fr.motocrossmag.be\/index.php\/2020\/01\/pablo-quintanilla-remporte-la-9eme-etape-du-dakar\/","og_site_name":"Motocross - Enduro - Supermoto | MotocrossMag","article_published_time":"2020-01-14T13:13:37+00:00","article_modified_time":"2020-01-14T15:29:37+00:00","og_image":[{"width":1000,"height":666,"url":"https:\/\/fr.motocrossmag.be\/wp-content\/uploads\/2020\/01\/68049_pablo.quintanilla_Dakar_2020_stage-9_1161.jpg","type":"image\/jpeg"}],"author":"oliviere","twitter_card":"summary_large_image","twitter_misc":{"\u00c9crit par":"oliviere","Dur\u00e9e de lecture estim\u00e9e":"1 minute"},"schema":{"@context":"https:\/\/schema.org","@graph":[{"@type":"Article","@id":"https:\/\/fr.motocrossmag.be\/index.php\/2020\/01\/pablo-quintanilla-remporte-la-9eme-etape-du-dakar\/#article","isPartOf":{"@id":"https:\/\/fr.motocrossmag.be\/index.php\/2020\/01\/pablo-quintanilla-remporte-la-9eme-etape-du-dakar\/"},"author":{"name":"oliviere","@id":"https:\/\/fr.motocrossmag.be\/#\/schema\/person\/11b47143d9f755babca2c9110e03235c"},"headline":"Pablo Quintanilla remporte la 9\u00e8me \u00e9tape du Dakar","datePublished":"2020-01-14T13:13:37+00:00","dateModified":"2020-01-14T15:29:37+00:00","mainEntityOfPage":{"@id":"https:\/\/fr.motocrossmag.be\/index.php\/2020\/01\/pablo-quintanilla-remporte-la-9eme-etape-du-dakar\/"},"wordCount":139,"commentCount":0,"image":{"@id":"https:\/\/fr.motocrossmag.be\/index.php\/2020\/01\/pablo-quintanilla-remporte-la-9eme-etape-du-dakar\/#primaryimage"},"thumbnailUrl":"https:\/\/fr.motocrossmag.be\/wp-content\/uploads\/2020\/01\/68049_pablo.quintanilla_Dakar_2020_stage-9_1161.jpg","keywords":["dakar","rallye"],"articleSection":["News","Rallye-raid\/Aventure","Slideshow"],"inLanguage":"fr-FR","potentialAction":[{"@type":"CommentAction","name":"Comment","target":["https:\/\/fr.motocrossmag.be\/index.php\/2020\/01\/pablo-quintanilla-remporte-la-9eme-etape-du-dakar\/#respond"]}]},{"@type":"WebPage","@id":"https:\/\/fr.motocrossmag.be\/index.php\/2020\/01\/pablo-quintanilla-remporte-la-9eme-etape-du-dakar\/","url":"https:\/\/fr.motocrossmag.be\/index.php\/2020\/01\/pablo-quintanilla-remporte-la-9eme-etape-du-dakar\/","name":"Pablo Quintanilla remporte la 9\u00e8me \u00e9tape du Dakar - Motocross - Enduro - Supermoto | MotocrossMag","isPartOf":{"@id":"https:\/\/fr.motocrossmag.be\/#website"},"primaryImageOfPage":{"@id":"https:\/\/fr.motocrossmag.be\/index.php\/2020\/01\/pablo-quintanilla-remporte-la-9eme-etape-du-dakar\/#primaryimage"},"image":{"@id":"https:\/\/fr.motocrossmag.be\/index.php\/2020\/01\/pablo-quintanilla-remporte-la-9eme-etape-du-dakar\/#primaryimage"},"thumbnailUrl":"https:\/\/fr.motocrossmag.be\/wp-content\/uploads\/2020\/01\/68049_pablo.quintanilla_Dakar_2020_stage-9_1161.jpg","datePublished":"2020-01-14T13:13:37+00:00","dateModified":"2020-01-14T15:29:37+00:00","author":{"@id":"https:\/\/fr.motocrossmag.be\/#\/schema\/person\/11b47143d9f755babca2c9110e03235c"},"breadcrumb":{"@id":"https:\/\/fr.motocrossmag.be\/index.php\/2020\/01\/pablo-quintanilla-remporte-la-9eme-etape-du-dakar\/#breadcrumb"},"inLanguage":"fr-FR","potentialAction":[{"@type":"ReadAction","target":["https:\/\/fr.motocrossmag.be\/index.php\/2020\/01\/pablo-quintanilla-remporte-la-9eme-etape-du-dakar\/"]}]},{"@type":"ImageObject","inLanguage":"fr-FR","@id":"https:\/\/fr.motocrossmag.be\/index.php\/2020\/01\/pablo-quintanilla-remporte-la-9eme-etape-du-dakar\/#primaryimage","url":"https:\/\/fr.motocrossmag.be\/wp-content\/uploads\/2020\/01\/68049_pablo.quintanilla_Dakar_2020_stage-9_1161.jpg","contentUrl":"https:\/\/fr.motocrossmag.be\/wp-content\/uploads\/2020\/01\/68049_pablo.quintanilla_Dakar_2020_stage-9_1161.jpg","width":1000,"height":666},{"@type":"BreadcrumbList","@id":"https:\/\/fr.motocrossmag.be\/index.php\/2020\/01\/pablo-quintanilla-remporte-la-9eme-etape-du-dakar\/#breadcrumb","itemListElement":[{"@type":"ListItem","position":1,"name":"Accueil","item":"https:\/\/fr.motocrossmag.be\/"},{"@type":"ListItem","position":2,"name":"Pablo Quintanilla remporte la 9\u00e8me \u00e9tape du Dakar"}]},{"@type":"WebSite","@id":"https:\/\/fr.motocrossmag.be\/#website","url":"https:\/\/fr.motocrossmag.be\/","name":"Motocross - Enduro - Supermoto | MotocrossMag","description":"L&#039;actualit\u00e9 du motocross, de l&#039;enduro et du Supermoto en ligne!","potentialAction":[{"@type":"SearchAction","target":{"@type":"EntryPoint","urlTemplate":"https:\/\/fr.motocrossmag.be\/?s={search_term_string}"},"query-input":{"@type":"PropertyValueSpecification","valueRequired":true,"valueName":"search_term_string"}}],"inLanguage":"fr-FR"},{"@type":"Person","@id":"https:\/\/fr.motocrossmag.be\/#\/schema\/person\/11b47143d9f755babca2c9110e03235c","name":"oliviere","image":{"@type":"ImageObject","inLanguage":"fr-FR","@id":"https:\/\/secure.gravatar.com\/avatar\/907069e0b81d119452040469e4a7501da1100f54f7f80180ce77bfab718288f6?s=96&d=mm&r=g","url":"https:\/\/secure.gravatar.com\/avatar\/907069e0b81d119452040469e4a7501da1100f54f7f80180ce77bfab718288f6?s=96&d=mm&r=g","contentUrl":"https:\/\/secure.gravatar.com\/avatar\/907069e0b81d119452040469e4a7501da1100f54f7f80180ce77bfab718288f6?s=96&d=mm&r=g","caption":"oliviere"},"sameAs":["http:\/\/www.motocrossmag.be"],"url":"https:\/\/fr.motocrossmag.be\/index.php\/author\/oliviere\/"}]}},"_links":{"self":[{"href":"https:\/\/fr.motocrossmag.be\/index.php\/wp-json\/wp\/v2\/posts\/100515","targetHints":{"allow":["GET"]}}],"collection":[{"href":"https:\/\/fr.motocrossmag.be\/index.php\/wp-json\/wp\/v2\/posts"}],"about":[{"href":"https:\/\/fr.motocrossmag.be\/index.php\/wp-json\/wp\/v2\/types\/post"}],"author":[{"embeddable":true,"href":"https:\/\/fr.motocrossmag.be\/index.php\/wp-json\/wp\/v2\/users\/932"}],"replies":[{"embeddable":true,"href":"https:\/\/fr.motocrossmag.be\/index.php\/wp-json\/wp\/v2\/comments?post=100515"}],"version-history":[{"count":0,"href":"https:\/\/fr.motocrossmag.be\/index.php\/wp-json\/wp\/v2\/posts\/100515\/revisions"}],"wp:featuredmedia":[{"embeddable":true,"href":"https:\/\/fr.motocrossmag.be\/index.php\/wp-json\/wp\/v2\/media\/100516"}],"wp:attachment":[{"href":"https:\/\/fr.motocrossmag.be\/index.php\/wp-json\/wp\/v2\/media?parent=100515"}],"wp:term":[{"taxonomy":"category","embeddable":true,"href":"https:\/\/fr.motocrossmag.be\/index.php\/wp-json\/wp\/v2\/categories?post=100515"},{"taxonomy":"post_tag","embeddable":true,"href":"https:\/\/fr.motocrossmag.be\/index.php\/wp-json\/wp\/v2\/tags?post=100515"}],"curies":[{"name":"wp","href":"https:\/\/api.w.org\/{rel}","templated":true}]}}