{"id":100557,"date":"2020-01-15T15:58:26","date_gmt":"2020-01-15T14:58:26","guid":{"rendered":"http:\/\/fr.motocrossmag.be\/?p=100557"},"modified":"2020-01-15T15:58:26","modified_gmt":"2020-01-15T14:58:26","slug":"joan-barreda-remporte-la-10eme-etape-du-dakar","status":"publish","type":"post","link":"https:\/\/fr.motocrossmag.be\/index.php\/2020\/01\/joan-barreda-remporte-la-10eme-etape-du-dakar\/","title":{"rendered":"Joan Barreda remporte la 10\u00e8me \u00e9tape du Dakar"},"content":{"rendered":"<p><strong>Ce mercredi, Joan Barreda a remport\u00e9 une 10\u00e8me \u00e9tape \u00e9court\u00e9e sur le Dakar \u00e0 cause des conditions climatiques difficiles caus\u00e9es par des vents particuli\u00e8rement violents. Seuls 345 kilom\u00e8tres ont \u00e9t\u00e9 parcourus.<\/strong><\/p>\n<p>L&rsquo;Espagnol s&rsquo;impose d&rsquo;\u00e0 peine une minute devant son co\u00e9quipier Ricky Brabec. L&rsquo;Am\u00e9ricain touche du bout des doigts la victoire sur ce Dakar 2020, le premier en Arabie saoudite. Pablo Quintanilla et Joan Barreda sont \u00e0 plus de 25 minutes alors que seules deux \u00e9tapes sont encore \u00e0 parcourir. La premi\u00e8re KTM est quatri\u00e8me, c&rsquo;est celle de Toby Price. L&rsquo;Australien est cependant encore en mesure de pr\u00e9tendre \u00e0 une place sur le podium et de sauver ainsi les meubles dans le clan autrichien o\u00f9 l&rsquo;on ne s&rsquo;est plus inclin\u00e9 sur le Dakar depuis 18 ans !<\/p>\n<p><span style=\"color: #800000;\"><strong>R\u00e9sultats<br \/>\n<\/strong><\/span><br \/>\nETAPE 10<\/p>\n<p>1. Joan Barreda E Honda; 2. Ricky Brabec USA Honda +1:07; 3. Kevin Benavides Arg Honda +2:31; 4. Toby Price Aus KTM +2:57; 5. Luciano Benavides Arg KTM +4:14;&#8230;<\/p>\n<p>CLASSEMENT PROVISOIRE<\/p>\n<p>1. Ricky Brabec USA Honda; 2. Pablo Quintanila Arg Husqvarna +25:44; 3. Joan Barreda-Bort E Honda +27:09; 4. Toby Price Aus KTM +28:33; 5. Jose Ignacio Cornejo Chi Honda +41:32;&#8230;<\/p>\n<div id=\"ConnectiveDocSignExtentionInstalled\" data-extension-version=\"1.0.4\"><\/div>\n","protected":false},"excerpt":{"rendered":"<p>Ce mercredi, Joan Barreda a remport\u00e9 une 10\u00e8me \u00e9tape \u00e9court\u00e9e sur le Dakar \u00e0 cause des conditions climatiques difficiles caus\u00e9es par des vents particuli\u00e8rement violents. Seuls 345 kilom\u00e8tres ont \u00e9t\u00e9 [&#8230;]<\/p>\n","protected":false},"author":932,"featured_media":100558,"comment_status":"open","ping_status":"closed","sticky":false,"template":"","format":"standard","meta":{"footnotes":""},"categories":[54,55,450,56,65],"tags":[687,962],"class_list":["post-100557","post","type-post","status-publish","format-standard","has-post-thumbnail","hentry","category-actualite","category-news-actualite","category-rallye","category-resultats","category-slideshow","tag-dakar","tag-rallye"],"yoast_head":"<!-- This site is optimized with the Yoast SEO plugin v27.4 - https:\/\/yoast.com\/product\/yoast-seo-wordpress\/ -->\n<title>Joan Barreda remporte la 10\u00e8me \u00e9tape du Dakar - Motocross - Enduro - Supermoto | MotocrossMag<\/title>\n<meta name=\"robots\" content=\"index, follow, max-snippet:-1, max-image-preview:large, max-video-preview:-1\" \/>\n<link rel=\"canonical\" href=\"https:\/\/fr.motocrossmag.be\/index.php\/2020\/01\/joan-barreda-remporte-la-10eme-etape-du-dakar\/\" \/>\n<meta property=\"og:locale\" content=\"fr_FR\" \/>\n<meta property=\"og:type\" content=\"article\" \/>\n<meta property=\"og:title\" content=\"Joan Barreda remporte la 10\u00e8me \u00e9tape du Dakar - Motocross - Enduro - Supermoto | MotocrossMag\" \/>\n<meta property=\"og:description\" content=\"Ce mercredi, Joan Barreda a remport\u00e9 une 10\u00e8me \u00e9tape \u00e9court\u00e9e sur le Dakar \u00e0 cause des conditions climatiques difficiles caus\u00e9es par des vents particuli\u00e8rement violents. Seuls 345 kilom\u00e8tres ont \u00e9t\u00e9 [...]\" \/>\n<meta property=\"og:url\" content=\"https:\/\/fr.motocrossmag.be\/index.php\/2020\/01\/joan-barreda-remporte-la-10eme-etape-du-dakar\/\" \/>\n<meta property=\"og:site_name\" content=\"Motocross - Enduro - Supermoto | MotocrossMag\" \/>\n<meta property=\"article:published_time\" content=\"2020-01-15T14:58:26+00:00\" \/>\n<meta property=\"og:image\" content=\"https:\/\/fr.motocrossmag.be\/wp-content\/uploads\/2020\/01\/barreda-dakar.jpg\" \/>\n\t<meta property=\"og:image:width\" content=\"650\" \/>\n\t<meta property=\"og:image:height\" content=\"433\" \/>\n\t<meta property=\"og:image:type\" content=\"image\/jpeg\" \/>\n<meta name=\"author\" content=\"oliviere\" \/>\n<meta name=\"twitter:card\" content=\"summary_large_image\" \/>\n<meta name=\"twitter:label1\" content=\"\u00c9crit par\" \/>\n\t<meta name=\"twitter:data1\" content=\"oliviere\" \/>\n\t<meta name=\"twitter:label2\" content=\"Dur\u00e9e de lecture estim\u00e9e\" \/>\n\t<meta name=\"twitter:data2\" content=\"1 minute\" \/>\n<script type=\"application\/ld+json\" class=\"yoast-schema-graph\">{\"@context\":\"https:\\\/\\\/schema.org\",\"@graph\":[{\"@type\":\"Article\",\"@id\":\"https:\\\/\\\/fr.motocrossmag.be\\\/index.php\\\/2020\\\/01\\\/joan-barreda-remporte-la-10eme-etape-du-dakar\\\/#article\",\"isPartOf\":{\"@id\":\"https:\\\/\\\/fr.motocrossmag.be\\\/index.php\\\/2020\\\/01\\\/joan-barreda-remporte-la-10eme-etape-du-dakar\\\/\"},\"author\":{\"name\":\"oliviere\",\"@id\":\"https:\\\/\\\/fr.motocrossmag.be\\\/#\\\/schema\\\/person\\\/11b47143d9f755babca2c9110e03235c\"},\"headline\":\"Joan Barreda remporte la 10\u00e8me \u00e9tape du Dakar\",\"datePublished\":\"2020-01-15T14:58:26+00:00\",\"mainEntityOfPage\":{\"@id\":\"https:\\\/\\\/fr.motocrossmag.be\\\/index.php\\\/2020\\\/01\\\/joan-barreda-remporte-la-10eme-etape-du-dakar\\\/\"},\"wordCount\":187,\"commentCount\":0,\"image\":{\"@id\":\"https:\\\/\\\/fr.motocrossmag.be\\\/index.php\\\/2020\\\/01\\\/joan-barreda-remporte-la-10eme-etape-du-dakar\\\/#primaryimage\"},\"thumbnailUrl\":\"https:\\\/\\\/fr.motocrossmag.be\\\/wp-content\\\/uploads\\\/2020\\\/01\\\/barreda-dakar.jpg\",\"keywords\":[\"dakar\",\"rallye\"],\"articleSection\":[\"Actualit\u00e9\",\"News\",\"Rallye-raid\\\/Aventure\",\"R\u00e9sultats\",\"Slideshow\"],\"inLanguage\":\"fr-FR\",\"potentialAction\":[{\"@type\":\"CommentAction\",\"name\":\"Comment\",\"target\":[\"https:\\\/\\\/fr.motocrossmag.be\\\/index.php\\\/2020\\\/01\\\/joan-barreda-remporte-la-10eme-etape-du-dakar\\\/#respond\"]}]},{\"@type\":\"WebPage\",\"@id\":\"https:\\\/\\\/fr.motocrossmag.be\\\/index.php\\\/2020\\\/01\\\/joan-barreda-remporte-la-10eme-etape-du-dakar\\\/\",\"url\":\"https:\\\/\\\/fr.motocrossmag.be\\\/index.php\\\/2020\\\/01\\\/joan-barreda-remporte-la-10eme-etape-du-dakar\\\/\",\"name\":\"Joan Barreda remporte la 10\u00e8me \u00e9tape du Dakar - Motocross - Enduro - Supermoto | MotocrossMag\",\"isPartOf\":{\"@id\":\"https:\\\/\\\/fr.motocrossmag.be\\\/#website\"},\"primaryImageOfPage\":{\"@id\":\"https:\\\/\\\/fr.motocrossmag.be\\\/index.php\\\/2020\\\/01\\\/joan-barreda-remporte-la-10eme-etape-du-dakar\\\/#primaryimage\"},\"image\":{\"@id\":\"https:\\\/\\\/fr.motocrossmag.be\\\/index.php\\\/2020\\\/01\\\/joan-barreda-remporte-la-10eme-etape-du-dakar\\\/#primaryimage\"},\"thumbnailUrl\":\"https:\\\/\\\/fr.motocrossmag.be\\\/wp-content\\\/uploads\\\/2020\\\/01\\\/barreda-dakar.jpg\",\"datePublished\":\"2020-01-15T14:58:26+00:00\",\"author\":{\"@id\":\"https:\\\/\\\/fr.motocrossmag.be\\\/#\\\/schema\\\/person\\\/11b47143d9f755babca2c9110e03235c\"},\"breadcrumb\":{\"@id\":\"https:\\\/\\\/fr.motocrossmag.be\\\/index.php\\\/2020\\\/01\\\/joan-barreda-remporte-la-10eme-etape-du-dakar\\\/#breadcrumb\"},\"inLanguage\":\"fr-FR\",\"potentialAction\":[{\"@type\":\"ReadAction\",\"target\":[\"https:\\\/\\\/fr.motocrossmag.be\\\/index.php\\\/2020\\\/01\\\/joan-barreda-remporte-la-10eme-etape-du-dakar\\\/\"]}]},{\"@type\":\"ImageObject\",\"inLanguage\":\"fr-FR\",\"@id\":\"https:\\\/\\\/fr.motocrossmag.be\\\/index.php\\\/2020\\\/01\\\/joan-barreda-remporte-la-10eme-etape-du-dakar\\\/#primaryimage\",\"url\":\"https:\\\/\\\/fr.motocrossmag.be\\\/wp-content\\\/uploads\\\/2020\\\/01\\\/barreda-dakar.jpg\",\"contentUrl\":\"https:\\\/\\\/fr.motocrossmag.be\\\/wp-content\\\/uploads\\\/2020\\\/01\\\/barreda-dakar.jpg\",\"width\":650,\"height\":433},{\"@type\":\"BreadcrumbList\",\"@id\":\"https:\\\/\\\/fr.motocrossmag.be\\\/index.php\\\/2020\\\/01\\\/joan-barreda-remporte-la-10eme-etape-du-dakar\\\/#breadcrumb\",\"itemListElement\":[{\"@type\":\"ListItem\",\"position\":1,\"name\":\"Accueil\",\"item\":\"https:\\\/\\\/fr.motocrossmag.be\\\/\"},{\"@type\":\"ListItem\",\"position\":2,\"name\":\"Joan Barreda remporte la 10\u00e8me \u00e9tape du Dakar\"}]},{\"@type\":\"WebSite\",\"@id\":\"https:\\\/\\\/fr.motocrossmag.be\\\/#website\",\"url\":\"https:\\\/\\\/fr.motocrossmag.be\\\/\",\"name\":\"Motocross - Enduro - Supermoto | MotocrossMag\",\"description\":\"L&#039;actualit\u00e9 du motocross, de l&#039;enduro et du Supermoto en ligne!\",\"potentialAction\":[{\"@type\":\"SearchAction\",\"target\":{\"@type\":\"EntryPoint\",\"urlTemplate\":\"https:\\\/\\\/fr.motocrossmag.be\\\/?s={search_term_string}\"},\"query-input\":{\"@type\":\"PropertyValueSpecification\",\"valueRequired\":true,\"valueName\":\"search_term_string\"}}],\"inLanguage\":\"fr-FR\"},{\"@type\":\"Person\",\"@id\":\"https:\\\/\\\/fr.motocrossmag.be\\\/#\\\/schema\\\/person\\\/11b47143d9f755babca2c9110e03235c\",\"name\":\"oliviere\",\"image\":{\"@type\":\"ImageObject\",\"inLanguage\":\"fr-FR\",\"@id\":\"https:\\\/\\\/secure.gravatar.com\\\/avatar\\\/907069e0b81d119452040469e4a7501da1100f54f7f80180ce77bfab718288f6?s=96&d=mm&r=g\",\"url\":\"https:\\\/\\\/secure.gravatar.com\\\/avatar\\\/907069e0b81d119452040469e4a7501da1100f54f7f80180ce77bfab718288f6?s=96&d=mm&r=g\",\"contentUrl\":\"https:\\\/\\\/secure.gravatar.com\\\/avatar\\\/907069e0b81d119452040469e4a7501da1100f54f7f80180ce77bfab718288f6?s=96&d=mm&r=g\",\"caption\":\"oliviere\"},\"sameAs\":[\"http:\\\/\\\/www.motocrossmag.be\"],\"url\":\"https:\\\/\\\/fr.motocrossmag.be\\\/index.php\\\/author\\\/oliviere\\\/\"}]}<\/script>\n<!-- \/ Yoast SEO plugin. -->","yoast_head_json":{"title":"Joan Barreda remporte la 10\u00e8me \u00e9tape du Dakar - Motocross - Enduro - Supermoto | MotocrossMag","robots":{"index":"index","follow":"follow","max-snippet":"max-snippet:-1","max-image-preview":"max-image-preview:large","max-video-preview":"max-video-preview:-1"},"canonical":"https:\/\/fr.motocrossmag.be\/index.php\/2020\/01\/joan-barreda-remporte-la-10eme-etape-du-dakar\/","og_locale":"fr_FR","og_type":"article","og_title":"Joan Barreda remporte la 10\u00e8me \u00e9tape du Dakar - Motocross - Enduro - Supermoto | MotocrossMag","og_description":"Ce mercredi, Joan Barreda a remport\u00e9 une 10\u00e8me \u00e9tape \u00e9court\u00e9e sur le Dakar \u00e0 cause des conditions climatiques difficiles caus\u00e9es par des vents particuli\u00e8rement violents. Seuls 345 kilom\u00e8tres ont \u00e9t\u00e9 [...]","og_url":"https:\/\/fr.motocrossmag.be\/index.php\/2020\/01\/joan-barreda-remporte-la-10eme-etape-du-dakar\/","og_site_name":"Motocross - Enduro - Supermoto | MotocrossMag","article_published_time":"2020-01-15T14:58:26+00:00","og_image":[{"width":650,"height":433,"url":"https:\/\/fr.motocrossmag.be\/wp-content\/uploads\/2020\/01\/barreda-dakar.jpg","type":"image\/jpeg"}],"author":"oliviere","twitter_card":"summary_large_image","twitter_misc":{"\u00c9crit par":"oliviere","Dur\u00e9e de lecture estim\u00e9e":"1 minute"},"schema":{"@context":"https:\/\/schema.org","@graph":[{"@type":"Article","@id":"https:\/\/fr.motocrossmag.be\/index.php\/2020\/01\/joan-barreda-remporte-la-10eme-etape-du-dakar\/#article","isPartOf":{"@id":"https:\/\/fr.motocrossmag.be\/index.php\/2020\/01\/joan-barreda-remporte-la-10eme-etape-du-dakar\/"},"author":{"name":"oliviere","@id":"https:\/\/fr.motocrossmag.be\/#\/schema\/person\/11b47143d9f755babca2c9110e03235c"},"headline":"Joan Barreda remporte la 10\u00e8me \u00e9tape du Dakar","datePublished":"2020-01-15T14:58:26+00:00","mainEntityOfPage":{"@id":"https:\/\/fr.motocrossmag.be\/index.php\/2020\/01\/joan-barreda-remporte-la-10eme-etape-du-dakar\/"},"wordCount":187,"commentCount":0,"image":{"@id":"https:\/\/fr.motocrossmag.be\/index.php\/2020\/01\/joan-barreda-remporte-la-10eme-etape-du-dakar\/#primaryimage"},"thumbnailUrl":"https:\/\/fr.motocrossmag.be\/wp-content\/uploads\/2020\/01\/barreda-dakar.jpg","keywords":["dakar","rallye"],"articleSection":["Actualit\u00e9","News","Rallye-raid\/Aventure","R\u00e9sultats","Slideshow"],"inLanguage":"fr-FR","potentialAction":[{"@type":"CommentAction","name":"Comment","target":["https:\/\/fr.motocrossmag.be\/index.php\/2020\/01\/joan-barreda-remporte-la-10eme-etape-du-dakar\/#respond"]}]},{"@type":"WebPage","@id":"https:\/\/fr.motocrossmag.be\/index.php\/2020\/01\/joan-barreda-remporte-la-10eme-etape-du-dakar\/","url":"https:\/\/fr.motocrossmag.be\/index.php\/2020\/01\/joan-barreda-remporte-la-10eme-etape-du-dakar\/","name":"Joan Barreda remporte la 10\u00e8me \u00e9tape du Dakar - Motocross - Enduro - Supermoto | MotocrossMag","isPartOf":{"@id":"https:\/\/fr.motocrossmag.be\/#website"},"primaryImageOfPage":{"@id":"https:\/\/fr.motocrossmag.be\/index.php\/2020\/01\/joan-barreda-remporte-la-10eme-etape-du-dakar\/#primaryimage"},"image":{"@id":"https:\/\/fr.motocrossmag.be\/index.php\/2020\/01\/joan-barreda-remporte-la-10eme-etape-du-dakar\/#primaryimage"},"thumbnailUrl":"https:\/\/fr.motocrossmag.be\/wp-content\/uploads\/2020\/01\/barreda-dakar.jpg","datePublished":"2020-01-15T14:58:26+00:00","author":{"@id":"https:\/\/fr.motocrossmag.be\/#\/schema\/person\/11b47143d9f755babca2c9110e03235c"},"breadcrumb":{"@id":"https:\/\/fr.motocrossmag.be\/index.php\/2020\/01\/joan-barreda-remporte-la-10eme-etape-du-dakar\/#breadcrumb"},"inLanguage":"fr-FR","potentialAction":[{"@type":"ReadAction","target":["https:\/\/fr.motocrossmag.be\/index.php\/2020\/01\/joan-barreda-remporte-la-10eme-etape-du-dakar\/"]}]},{"@type":"ImageObject","inLanguage":"fr-FR","@id":"https:\/\/fr.motocrossmag.be\/index.php\/2020\/01\/joan-barreda-remporte-la-10eme-etape-du-dakar\/#primaryimage","url":"https:\/\/fr.motocrossmag.be\/wp-content\/uploads\/2020\/01\/barreda-dakar.jpg","contentUrl":"https:\/\/fr.motocrossmag.be\/wp-content\/uploads\/2020\/01\/barreda-dakar.jpg","width":650,"height":433},{"@type":"BreadcrumbList","@id":"https:\/\/fr.motocrossmag.be\/index.php\/2020\/01\/joan-barreda-remporte-la-10eme-etape-du-dakar\/#breadcrumb","itemListElement":[{"@type":"ListItem","position":1,"name":"Accueil","item":"https:\/\/fr.motocrossmag.be\/"},{"@type":"ListItem","position":2,"name":"Joan Barreda remporte la 10\u00e8me \u00e9tape du Dakar"}]},{"@type":"WebSite","@id":"https:\/\/fr.motocrossmag.be\/#website","url":"https:\/\/fr.motocrossmag.be\/","name":"Motocross - Enduro - Supermoto | MotocrossMag","description":"L&#039;actualit\u00e9 du motocross, de l&#039;enduro et du Supermoto en ligne!","potentialAction":[{"@type":"SearchAction","target":{"@type":"EntryPoint","urlTemplate":"https:\/\/fr.motocrossmag.be\/?s={search_term_string}"},"query-input":{"@type":"PropertyValueSpecification","valueRequired":true,"valueName":"search_term_string"}}],"inLanguage":"fr-FR"},{"@type":"Person","@id":"https:\/\/fr.motocrossmag.be\/#\/schema\/person\/11b47143d9f755babca2c9110e03235c","name":"oliviere","image":{"@type":"ImageObject","inLanguage":"fr-FR","@id":"https:\/\/secure.gravatar.com\/avatar\/907069e0b81d119452040469e4a7501da1100f54f7f80180ce77bfab718288f6?s=96&d=mm&r=g","url":"https:\/\/secure.gravatar.com\/avatar\/907069e0b81d119452040469e4a7501da1100f54f7f80180ce77bfab718288f6?s=96&d=mm&r=g","contentUrl":"https:\/\/secure.gravatar.com\/avatar\/907069e0b81d119452040469e4a7501da1100f54f7f80180ce77bfab718288f6?s=96&d=mm&r=g","caption":"oliviere"},"sameAs":["http:\/\/www.motocrossmag.be"],"url":"https:\/\/fr.motocrossmag.be\/index.php\/author\/oliviere\/"}]}},"_links":{"self":[{"href":"https:\/\/fr.motocrossmag.be\/index.php\/wp-json\/wp\/v2\/posts\/100557","targetHints":{"allow":["GET"]}}],"collection":[{"href":"https:\/\/fr.motocrossmag.be\/index.php\/wp-json\/wp\/v2\/posts"}],"about":[{"href":"https:\/\/fr.motocrossmag.be\/index.php\/wp-json\/wp\/v2\/types\/post"}],"author":[{"embeddable":true,"href":"https:\/\/fr.motocrossmag.be\/index.php\/wp-json\/wp\/v2\/users\/932"}],"replies":[{"embeddable":true,"href":"https:\/\/fr.motocrossmag.be\/index.php\/wp-json\/wp\/v2\/comments?post=100557"}],"version-history":[{"count":0,"href":"https:\/\/fr.motocrossmag.be\/index.php\/wp-json\/wp\/v2\/posts\/100557\/revisions"}],"wp:featuredmedia":[{"embeddable":true,"href":"https:\/\/fr.motocrossmag.be\/index.php\/wp-json\/wp\/v2\/media\/100558"}],"wp:attachment":[{"href":"https:\/\/fr.motocrossmag.be\/index.php\/wp-json\/wp\/v2\/media?parent=100557"}],"wp:term":[{"taxonomy":"category","embeddable":true,"href":"https:\/\/fr.motocrossmag.be\/index.php\/wp-json\/wp\/v2\/categories?post=100557"},{"taxonomy":"post_tag","embeddable":true,"href":"https:\/\/fr.motocrossmag.be\/index.php\/wp-json\/wp\/v2\/tags?post=100557"}],"curies":[{"name":"wp","href":"https:\/\/api.w.org\/{rel}","templated":true}]}}