{"id":100563,"date":"2020-01-16T05:51:46","date_gmt":"2020-01-16T04:51:46","guid":{"rendered":"http:\/\/fr.motocrossmag.be\/?p=100563"},"modified":"2020-01-16T05:51:46","modified_gmt":"2020-01-16T04:51:46","slug":"championnat-ditalie-les-pilotes-engages-a-riola-sardo","status":"publish","type":"post","link":"https:\/\/fr.motocrossmag.be\/index.php\/2020\/01\/championnat-ditalie-les-pilotes-engages-a-riola-sardo\/","title":{"rendered":"Championnat d&rsquo;Italie : les pilotes engag\u00e9s \u00e0 Riola Sardo"},"content":{"rendered":"<p><strong>L&rsquo;ann\u00e9e vient \u00e0 peine de commencer que d\u00e9j\u00e0 la saison MX pointe le bout de son nez ! Le dimanche 26 janvier, c&rsquo;est le championnat d&rsquo;Italie qui ouvrira le bal avec l&rsquo;\u00e9preuve de Riola Sardo, en Sardaigne. Encore une fois, l&rsquo;\u00e9preuve italienne pourra compter sur la pr\u00e9sence de pas mal de pointures des championnats du monde et d&rsquo;Europe de motocross pour susciter l&rsquo;int\u00e9r\u00eat des fans et des m\u00e9dias. Ci-dessous, la liste des pilotes participants dans les classes MX1, MX2 et 125cc.<\/p>\n<p><\/strong><\/p>\n<p><span style=\"color: #ff0000;\"><strong>Listes de d\u00e9part<\/strong><\/span><\/p>\n<table style=\"margin: auto;\" width=\"97%\">\n<tbody>\n<tr>\n<td width=\"962\"><\/td>\n<\/tr>\n<tr>\n<td width=\"962\">MX1<\/td>\n<\/tr>\n<tr>\n<td width=\"962\"><\/td>\n<\/tr>\n<tr>\n<td width=\"962\">93 BENGTSSON JONATHAN MX1<\/td>\n<\/tr>\n<tr>\n<td width=\"962\">321 BERNARDINI SAMUELE MX1<\/td>\n<\/tr>\n<tr>\n<td width=\"962\">377 BJERREGAARD NICHLAS MX1<\/td>\n<\/tr>\n<tr>\n<td width=\"962\">189 BOGERS BRIAN MX1 UNICA IIM1<\/td>\n<\/tr>\n<tr>\n<td width=\"962\">949 CONTESSI ALESSANDRO MX1<\/td>\n<\/tr>\n<tr>\n<td width=\"962\">6 45 DE BORTOLI DAVIDE MX1<\/td>\n<\/tr>\n<tr>\n<td width=\"962\">25 DESALLE CLEMENT MX1<\/td>\n<\/tr>\n<tr>\n<td width=\"962\">226 DI MARZIANTONIO GIANLUCA 3 MX1<\/td>\n<\/tr>\n<tr>\n<td width=\"962\">9 43 EVANS MITCHELL GRAHAM MX1<\/td>\n<\/tr>\n<tr>\n<td width=\"962\">3 FEBVRE ROMAIN MX1<\/td>\n<\/tr>\n<tr>\n<td width=\"962\">303 FORATO ALBERTO MX1<\/td>\n<\/tr>\n<tr>\n<td width=\"962\">243 GAJSER TIM MX1<\/td>\n<\/tr>\n<tr>\n<td width=\"962\">xxx GORINI ANDREA 1999 MX1<\/td>\n<\/tr>\n<tr>\n<td width=\"962\">29 JACOBI HENRY\u00a0 MX1<\/td>\n<\/tr>\n<tr>\n<td width=\"962\">27 JASIKONIS ARMINAS MX1<\/td>\n<\/tr>\n<tr>\n<td width=\"962\">41 JONASS PAULS MX1<\/td>\n<\/tr>\n<tr>\n<td width=\"962\">194 LAGAREN ERISON MX1<\/td>\n<\/tr>\n<tr>\n<td width=\"962\">77 LUPINO ALESSANDRO MX1<\/td>\n<\/tr>\n<tr>\n<td width=\"962\">621 LUSBO ANDERO MX1<\/td>\n<\/tr>\n<tr>\n<td width=\"962\">258 NERMANN JOHANNES\u00a0 MX1<\/td>\n<\/tr>\n<tr>\n<td width=\"962\">155 OTSUKA GOTA 1996 MX1<\/td>\n<\/tr>\n<tr>\n<td width=\"962\">21 PAULIN GAUTIER MX1<\/td>\n<\/tr>\n<tr>\n<td width=\"962\">114 SALINA PIETRO\u00a0 MX1<\/td>\n<\/tr>\n<tr>\n<td width=\"962\">88 SAVIOLI RAMON MX1<\/td>\n<\/tr>\n<tr>\n<td width=\"962\">91 SEEWER JEREMY MX1<\/td>\n<\/tr>\n<tr>\n<td width=\"962\">651 VLADISLAV LEONOV MX1<\/td>\n<\/tr>\n<tr>\n<td width=\"962\"><\/td>\n<\/tr>\n<tr>\n<td width=\"962\">MX2<\/td>\n<\/tr>\n<tr>\n<td width=\"962\"><\/td>\n<\/tr>\n<tr>\n<td width=\"962\">80 ADAMO ANDREA MX2<\/td>\n<\/tr>\n<tr>\n<td width=\"962\">325 ANDERSEN SARA MX2<\/td>\n<\/tr>\n<tr>\n<td width=\"962\">18 ANGELI LEONARDO JUNIOR MX2<\/td>\n<\/tr>\n<tr>\n<td width=\"962\">270 BARBAGLIA EUGENIO MX2<\/td>\n<\/tr>\n<tr>\n<td width=\"962\">31 BASSI FRANCESCO MX2<\/td>\n<\/tr>\n<tr>\n<td width=\"962\">249 CALUGI DARIO MX2<\/td>\n<\/tr>\n<tr>\n<td width=\"962\">209 CENERELLI GIANMARCO MX2<\/td>\n<\/tr>\n<tr>\n<td width=\"962\">922 CIABATTI LORENZO MX2<\/td>\n<\/tr>\n<tr>\n<td width=\"962\">56 CORTI LORENZO MX2<\/td>\n<\/tr>\n<tr>\n<td width=\"962\">311 DAL BOSCO MIRKO MX2<\/td>\n<\/tr>\n<tr>\n<td width=\"962\">403 DAMM BASTIAN B\u00d8GH MX2<\/td>\n<\/tr>\n<tr>\n<td width=\"962\">86 DEL COCO MATTEO MX2<\/td>\n<\/tr>\n<tr>\n<td width=\"962\">115 DICKINSON ASHTON MX2<\/td>\n<\/tr>\n<tr>\n<td width=\"962\">49 DUSI MATTIA\u00a0 MX2<\/td>\n<\/tr>\n<tr>\n<td width=\"962\">1109 EDELBACHER ROLAND\u00a0 MX2<\/td>\n<\/tr>\n<tr>\n<td width=\"962\">838 ERMINI PAOLO MX2<\/td>\n<\/tr>\n<tr>\n<td width=\"962\">70 FERNANDEZ RUBEN MX2<\/td>\n<\/tr>\n<tr>\n<td width=\"962\">135 FREIDIG LORIS MX2<\/td>\n<\/tr>\n<tr>\n<td width=\"962\">275 FURBETTA JOAKIN MX2<\/td>\n<\/tr>\n<tr>\n<td width=\"962\">193 GEERTS JAGO MX2<\/td>\n<\/tr>\n<tr>\n<td width=\"962\">51 GIFTING ISAK MX2<\/td>\n<\/tr>\n<tr>\n<td width=\"962\">220 GIUZIO RAFFAELE MICHAEL MX2<\/td>\n<\/tr>\n<tr>\n<td width=\"962\">60 GROTHUES CALEB MARK MX2<\/td>\n<\/tr>\n<tr>\n<td width=\"962\">101 GUADAGNINI MATTIA MX2<\/td>\n<\/tr>\n<tr>\n<td width=\"962\">142 HAAVISTO JERE MX2<\/td>\n<\/tr>\n<tr>\n<td width=\"962\">240 HORGMO KEVIN MX2<\/td>\n<\/tr>\n<tr>\n<td width=\"962\">371 IACOPI MANUEL MX2<\/td>\n<\/tr>\n<tr>\n<td width=\"962\">38 KOV\u00c1CS \u00c1D\u00c1M ZSOLT MX2<\/td>\n<\/tr>\n<tr>\n<td width=\"962\">132 KUTSAR KAREL MX2<\/td>\n<\/tr>\n<tr>\n<td width=\"962\">211 LAPUCCI NICHOLAS MX2<\/td>\n<\/tr>\n<tr>\n<td width=\"962\">50 LUGANA PAOLO MX2<\/td>\n<\/tr>\n<tr>\n<td width=\"962\">430 MALIN WILJAM MX2<\/td>\n<\/tr>\n<tr>\n<td width=\"962\">111 MANUCCI ALESSANDRO MX2<\/td>\n<\/tr>\n<tr>\n<td width=\"962\">959 MAXIME RENAUX MX2<\/td>\n<\/tr>\n<tr>\n<td width=\"962\">192 MEIER GLEN MX2<\/td>\n<\/tr>\n<tr>\n<td width=\"962\">426 MEWSE CONRAD MX2<\/td>\n<\/tr>\n<tr>\n<td width=\"962\">97 MILLS CHRISTOPHER MX2<\/td>\n<\/tr>\n<tr>\n<td width=\"962\">119 PALANCA GIOELE MX2<\/td>\n<\/tr>\n<tr>\n<td width=\"962\">110 PUCCINELLI MATTEO MX2<\/td>\n<\/tr>\n<tr>\n<td width=\"962\">751 ROOSIORG HARDI MX2<\/td>\n<\/tr>\n<tr>\n<td width=\"962\">7 SPIES MAXIMILIAN MX2<\/td>\n<\/tr>\n<tr>\n<td width=\"962\">41 TENTI RICCARDO MX2<\/td>\n<\/tr>\n<tr>\n<td width=\"962\">2 TUANI FEDERICO MX2<\/td>\n<\/tr>\n<tr>\n<td width=\"962\">98 VAESSEN BAS MX2<\/td>\n<\/tr>\n<tr>\n<td width=\"962\">474 VAN ESSEN TWAN MX2<\/td>\n<\/tr>\n<tr>\n<td width=\"962\">181 VANDER AUWERA JULIEN MX2<\/td>\n<\/tr>\n<tr>\n<td width=\"962\">127 VESILIND HENRY MX2<\/td>\n<\/tr>\n<tr>\n<td width=\"962\">919 WATSON BEN MX2<\/td>\n<\/tr>\n<tr>\n<td width=\"962\">200 ZONTA FILIPPO MX2<\/td>\n<\/tr>\n<tr>\n<td width=\"962\"><\/td>\n<\/tr>\n<tr>\n<td width=\"962\">125cc<\/td>\n<\/tr>\n<tr>\n<td width=\"962\"><\/td>\n<\/tr>\n<tr>\n<td width=\"962\">707 BERTIN ROCCO 125<\/td>\n<\/tr>\n<tr>\n<td width=\"962\">153 BINDI RICCARDO 125<\/td>\n<\/tr>\n<tr>\n<td width=\"962\">295 BISERNI FEDERICO 125<\/td>\n<\/tr>\n<tr>\n<td width=\"962\">32 BONACORSI ANDREA 125<\/td>\n<\/tr>\n<tr>\n<td width=\"962\">17 BOSI GIACOMO 125<\/td>\n<\/tr>\n<tr>\n<td width=\"962\">116 BRIDA ALBERTO 125<\/td>\n<\/tr>\n<tr>\n<td width=\"962\">75 DE SANCTIS MATTEO 125<\/td>\n<\/tr>\n<tr>\n<td width=\"962\">100 DI MASCIA MICHAEL 125<\/td>\n<\/tr>\n<tr>\n<td width=\"962\">19 DURANTE MANUEL 125<\/td>\n<\/tr>\n<tr>\n<td width=\"962\">26 ELSENER JOEL 125<\/td>\n<\/tr>\n<tr>\n<td width=\"962\">72 EVERTS LIAM 125<\/td>\n<\/tr>\n<tr>\n<td width=\"962\">515 FREDSOE MADS 125<\/td>\n<\/tr>\n<tr>\n<td width=\"962\">330 GIMM DANIEL 125<\/td>\n<\/tr>\n<tr>\n<td width=\"962\">574 GREGERSEN MAGNUS 125<\/td>\n<\/tr>\n<tr>\n<td width=\"962\">570 KEES VALENTIN 125<\/td>\n<\/tr>\n<tr>\n<td width=\"962\">747 KIENKO MAXIM 125<\/td>\n<\/tr>\n<tr>\n<td width=\"962\">838 KLEEMANN WILLIAM 125<\/td>\n<\/tr>\n<tr>\n<td width=\"962\">242 KUCHEROV NIKITA 125<\/td>\n<\/tr>\n<tr>\n<td width=\"962\">399 LADINI ALBERTO 125<\/td>\n<\/tr>\n<tr>\n<td width=\"962\">3 LATA VALERIO 125<\/td>\n<\/tr>\n<tr>\n<td width=\"962\">10 MACRI` GIORGIO 125<\/td>\n<\/tr>\n<tr>\n<td width=\"962\">129 MAGGIORA NICCOLO 125<\/td>\n<\/tr>\n<tr>\n<td width=\"962\">304 MAZZANTINI TIBERIO 125<\/td>\n<\/tr>\n<tr>\n<td width=\"962\">666 OLDANI RICCARDO 125<\/td>\n<\/tr>\n<tr>\n<td width=\"962\">572 PEDERSEN RASMUS 125<\/td>\n<\/tr>\n<tr>\n<td width=\"962\">532 PILLER CONSTANTIN 125<\/td>\n<\/tr>\n<tr>\n<td width=\"962\">42 RAINIO SAMPO 125<\/td>\n<\/tr>\n<tr>\n<td width=\"962\">44 RAZZINI PIETRO 125<\/td>\n<\/tr>\n<tr>\n<td width=\"962\">115 RONCOLI ANDREA 125<\/td>\n<\/tr>\n<tr>\n<td width=\"962\">420 ROSSI ANDREA 125<\/td>\n<\/tr>\n<tr>\n<td width=\"962\">669 RUFFINI LUCA 125<\/td>\n<\/tr>\n<tr>\n<td width=\"962\">125 SADOVSCHI ALESSANDRO 125<\/td>\n<\/tr>\n<tr>\n<td width=\"962\">79 SALVINI NICOLA 125<\/td>\n<\/tr>\n<tr>\n<td width=\"962\">23 SARASSO TOMMASO 125<\/td>\n<\/tr>\n<tr>\n<td width=\"962\">256 SMITH MAGNUS 125<\/td>\n<\/tr>\n<tr>\n<td width=\"962\">73 TAGLIOLI LORENZO 125<\/td>\n<\/tr>\n<tr>\n<td width=\"962\">8 VIANO ANDREA 125<\/td>\n<\/tr>\n<tr>\n<td width=\"962\">51 VIGNI DUCCIO 125<\/td>\n<\/tr>\n<tr>\n<td width=\"962\">716 ZAN\u00d3CZ NOEL 125<\/td>\n<\/tr>\n<\/tbody>\n<\/table>\n<div id=\"ConnectiveDocSignExtentionInstalled\" data-extension-version=\"1.0.4\"><\/div>\n","protected":false},"excerpt":{"rendered":"<p>L&rsquo;ann\u00e9e vient \u00e0 peine de commencer que d\u00e9j\u00e0 la saison MX pointe le bout de son nez ! Le dimanche 26 janvier, c&rsquo;est le championnat d&rsquo;Italie qui ouvrira le bal [&#8230;]<\/p>\n","protected":false},"author":932,"featured_media":69958,"comment_status":"open","ping_status":"closed","sticky":false,"template":"","format":"standard","meta":{"footnotes":""},"categories":[54,4,5,55,65],"tags":[947],"class_list":["post-100563","post","type-post","status-publish","format-standard","has-post-thumbnail","hentry","category-actualite","category-motocross","category-news","category-news-actualite","category-slideshow","tag-motocross"],"yoast_head":"<!-- This site is optimized with the Yoast SEO plugin v27.4 - https:\/\/yoast.com\/product\/yoast-seo-wordpress\/ -->\n<title>Championnat d&#039;Italie : les pilotes engag\u00e9s \u00e0 Riola Sardo - Motocross - Enduro - Supermoto | MotocrossMag<\/title>\n<meta name=\"robots\" content=\"index, follow, max-snippet:-1, max-image-preview:large, max-video-preview:-1\" \/>\n<link rel=\"canonical\" href=\"https:\/\/fr.motocrossmag.be\/index.php\/2020\/01\/championnat-ditalie-les-pilotes-engages-a-riola-sardo\/\" \/>\n<meta property=\"og:locale\" content=\"fr_FR\" \/>\n<meta property=\"og:type\" content=\"article\" \/>\n<meta property=\"og:title\" content=\"Championnat d&#039;Italie : les pilotes engag\u00e9s \u00e0 Riola Sardo - Motocross - Enduro - Supermoto | MotocrossMag\" \/>\n<meta property=\"og:description\" content=\"L&rsquo;ann\u00e9e vient \u00e0 peine de commencer que d\u00e9j\u00e0 la saison MX pointe le bout de son nez ! Le dimanche 26 janvier, c&rsquo;est le championnat d&rsquo;Italie qui ouvrira le bal [...]\" \/>\n<meta property=\"og:url\" content=\"https:\/\/fr.motocrossmag.be\/index.php\/2020\/01\/championnat-ditalie-les-pilotes-engages-a-riola-sardo\/\" \/>\n<meta property=\"og:site_name\" content=\"Motocross - Enduro - Supermoto | MotocrossMag\" \/>\n<meta property=\"article:published_time\" content=\"2020-01-16T04:51:46+00:00\" \/>\n<meta property=\"og:image\" content=\"https:\/\/fr.motocrossmag.be\/wp-content\/uploads\/2018\/02\/Italie-riola-sardo-2018-27788762_2096040837080658_4539969972303808939_o.jpg\" \/>\n\t<meta property=\"og:image:width\" content=\"1050\" \/>\n\t<meta property=\"og:image:height\" content=\"700\" \/>\n\t<meta property=\"og:image:type\" content=\"image\/jpeg\" \/>\n<meta name=\"author\" content=\"oliviere\" \/>\n<meta name=\"twitter:card\" content=\"summary_large_image\" \/>\n<meta name=\"twitter:label1\" content=\"\u00c9crit par\" \/>\n\t<meta name=\"twitter:data1\" content=\"oliviere\" \/>\n\t<meta name=\"twitter:label2\" content=\"Dur\u00e9e de lecture estim\u00e9e\" \/>\n\t<meta name=\"twitter:data2\" content=\"2 minutes\" \/>\n<script type=\"application\/ld+json\" class=\"yoast-schema-graph\">{\"@context\":\"https:\\\/\\\/schema.org\",\"@graph\":[{\"@type\":\"Article\",\"@id\":\"https:\\\/\\\/fr.motocrossmag.be\\\/index.php\\\/2020\\\/01\\\/championnat-ditalie-les-pilotes-engages-a-riola-sardo\\\/#article\",\"isPartOf\":{\"@id\":\"https:\\\/\\\/fr.motocrossmag.be\\\/index.php\\\/2020\\\/01\\\/championnat-ditalie-les-pilotes-engages-a-riola-sardo\\\/\"},\"author\":{\"name\":\"oliviere\",\"@id\":\"https:\\\/\\\/fr.motocrossmag.be\\\/#\\\/schema\\\/person\\\/11b47143d9f755babca2c9110e03235c\"},\"headline\":\"Championnat d&rsquo;Italie : les pilotes engag\u00e9s \u00e0 Riola Sardo\",\"datePublished\":\"2020-01-16T04:51:46+00:00\",\"mainEntityOfPage\":{\"@id\":\"https:\\\/\\\/fr.motocrossmag.be\\\/index.php\\\/2020\\\/01\\\/championnat-ditalie-les-pilotes-engages-a-riola-sardo\\\/\"},\"wordCount\":431,\"commentCount\":0,\"image\":{\"@id\":\"https:\\\/\\\/fr.motocrossmag.be\\\/index.php\\\/2020\\\/01\\\/championnat-ditalie-les-pilotes-engages-a-riola-sardo\\\/#primaryimage\"},\"thumbnailUrl\":\"https:\\\/\\\/fr.motocrossmag.be\\\/wp-content\\\/uploads\\\/2018\\\/02\\\/Italie-riola-sardo-2018-27788762_2096040837080658_4539969972303808939_o.jpg\",\"keywords\":[\"Motocross\"],\"articleSection\":[\"Actualit\u00e9\",\"Motocross\",\"News\",\"News\",\"Slideshow\"],\"inLanguage\":\"fr-FR\",\"potentialAction\":[{\"@type\":\"CommentAction\",\"name\":\"Comment\",\"target\":[\"https:\\\/\\\/fr.motocrossmag.be\\\/index.php\\\/2020\\\/01\\\/championnat-ditalie-les-pilotes-engages-a-riola-sardo\\\/#respond\"]}]},{\"@type\":\"WebPage\",\"@id\":\"https:\\\/\\\/fr.motocrossmag.be\\\/index.php\\\/2020\\\/01\\\/championnat-ditalie-les-pilotes-engages-a-riola-sardo\\\/\",\"url\":\"https:\\\/\\\/fr.motocrossmag.be\\\/index.php\\\/2020\\\/01\\\/championnat-ditalie-les-pilotes-engages-a-riola-sardo\\\/\",\"name\":\"Championnat d'Italie : les pilotes engag\u00e9s \u00e0 Riola Sardo - Motocross - Enduro - Supermoto | MotocrossMag\",\"isPartOf\":{\"@id\":\"https:\\\/\\\/fr.motocrossmag.be\\\/#website\"},\"primaryImageOfPage\":{\"@id\":\"https:\\\/\\\/fr.motocrossmag.be\\\/index.php\\\/2020\\\/01\\\/championnat-ditalie-les-pilotes-engages-a-riola-sardo\\\/#primaryimage\"},\"image\":{\"@id\":\"https:\\\/\\\/fr.motocrossmag.be\\\/index.php\\\/2020\\\/01\\\/championnat-ditalie-les-pilotes-engages-a-riola-sardo\\\/#primaryimage\"},\"thumbnailUrl\":\"https:\\\/\\\/fr.motocrossmag.be\\\/wp-content\\\/uploads\\\/2018\\\/02\\\/Italie-riola-sardo-2018-27788762_2096040837080658_4539969972303808939_o.jpg\",\"datePublished\":\"2020-01-16T04:51:46+00:00\",\"author\":{\"@id\":\"https:\\\/\\\/fr.motocrossmag.be\\\/#\\\/schema\\\/person\\\/11b47143d9f755babca2c9110e03235c\"},\"breadcrumb\":{\"@id\":\"https:\\\/\\\/fr.motocrossmag.be\\\/index.php\\\/2020\\\/01\\\/championnat-ditalie-les-pilotes-engages-a-riola-sardo\\\/#breadcrumb\"},\"inLanguage\":\"fr-FR\",\"potentialAction\":[{\"@type\":\"ReadAction\",\"target\":[\"https:\\\/\\\/fr.motocrossmag.be\\\/index.php\\\/2020\\\/01\\\/championnat-ditalie-les-pilotes-engages-a-riola-sardo\\\/\"]}]},{\"@type\":\"ImageObject\",\"inLanguage\":\"fr-FR\",\"@id\":\"https:\\\/\\\/fr.motocrossmag.be\\\/index.php\\\/2020\\\/01\\\/championnat-ditalie-les-pilotes-engages-a-riola-sardo\\\/#primaryimage\",\"url\":\"https:\\\/\\\/fr.motocrossmag.be\\\/wp-content\\\/uploads\\\/2018\\\/02\\\/Italie-riola-sardo-2018-27788762_2096040837080658_4539969972303808939_o.jpg\",\"contentUrl\":\"https:\\\/\\\/fr.motocrossmag.be\\\/wp-content\\\/uploads\\\/2018\\\/02\\\/Italie-riola-sardo-2018-27788762_2096040837080658_4539969972303808939_o.jpg\",\"width\":1050,\"height\":700},{\"@type\":\"BreadcrumbList\",\"@id\":\"https:\\\/\\\/fr.motocrossmag.be\\\/index.php\\\/2020\\\/01\\\/championnat-ditalie-les-pilotes-engages-a-riola-sardo\\\/#breadcrumb\",\"itemListElement\":[{\"@type\":\"ListItem\",\"position\":1,\"name\":\"Accueil\",\"item\":\"https:\\\/\\\/fr.motocrossmag.be\\\/\"},{\"@type\":\"ListItem\",\"position\":2,\"name\":\"Championnat d&rsquo;Italie : les pilotes engag\u00e9s \u00e0 Riola Sardo\"}]},{\"@type\":\"WebSite\",\"@id\":\"https:\\\/\\\/fr.motocrossmag.be\\\/#website\",\"url\":\"https:\\\/\\\/fr.motocrossmag.be\\\/\",\"name\":\"Motocross - Enduro - Supermoto | MotocrossMag\",\"description\":\"L&#039;actualit\u00e9 du motocross, de l&#039;enduro et du Supermoto en ligne!\",\"potentialAction\":[{\"@type\":\"SearchAction\",\"target\":{\"@type\":\"EntryPoint\",\"urlTemplate\":\"https:\\\/\\\/fr.motocrossmag.be\\\/?s={search_term_string}\"},\"query-input\":{\"@type\":\"PropertyValueSpecification\",\"valueRequired\":true,\"valueName\":\"search_term_string\"}}],\"inLanguage\":\"fr-FR\"},{\"@type\":\"Person\",\"@id\":\"https:\\\/\\\/fr.motocrossmag.be\\\/#\\\/schema\\\/person\\\/11b47143d9f755babca2c9110e03235c\",\"name\":\"oliviere\",\"image\":{\"@type\":\"ImageObject\",\"inLanguage\":\"fr-FR\",\"@id\":\"https:\\\/\\\/secure.gravatar.com\\\/avatar\\\/907069e0b81d119452040469e4a7501da1100f54f7f80180ce77bfab718288f6?s=96&d=mm&r=g\",\"url\":\"https:\\\/\\\/secure.gravatar.com\\\/avatar\\\/907069e0b81d119452040469e4a7501da1100f54f7f80180ce77bfab718288f6?s=96&d=mm&r=g\",\"contentUrl\":\"https:\\\/\\\/secure.gravatar.com\\\/avatar\\\/907069e0b81d119452040469e4a7501da1100f54f7f80180ce77bfab718288f6?s=96&d=mm&r=g\",\"caption\":\"oliviere\"},\"sameAs\":[\"http:\\\/\\\/www.motocrossmag.be\"],\"url\":\"https:\\\/\\\/fr.motocrossmag.be\\\/index.php\\\/author\\\/oliviere\\\/\"}]}<\/script>\n<!-- \/ Yoast SEO plugin. -->","yoast_head_json":{"title":"Championnat d'Italie : les pilotes engag\u00e9s \u00e0 Riola Sardo - Motocross - Enduro - Supermoto | MotocrossMag","robots":{"index":"index","follow":"follow","max-snippet":"max-snippet:-1","max-image-preview":"max-image-preview:large","max-video-preview":"max-video-preview:-1"},"canonical":"https:\/\/fr.motocrossmag.be\/index.php\/2020\/01\/championnat-ditalie-les-pilotes-engages-a-riola-sardo\/","og_locale":"fr_FR","og_type":"article","og_title":"Championnat d'Italie : les pilotes engag\u00e9s \u00e0 Riola Sardo - Motocross - Enduro - Supermoto | MotocrossMag","og_description":"L&rsquo;ann\u00e9e vient \u00e0 peine de commencer que d\u00e9j\u00e0 la saison MX pointe le bout de son nez ! Le dimanche 26 janvier, c&rsquo;est le championnat d&rsquo;Italie qui ouvrira le bal [...]","og_url":"https:\/\/fr.motocrossmag.be\/index.php\/2020\/01\/championnat-ditalie-les-pilotes-engages-a-riola-sardo\/","og_site_name":"Motocross - Enduro - Supermoto | MotocrossMag","article_published_time":"2020-01-16T04:51:46+00:00","og_image":[{"width":1050,"height":700,"url":"https:\/\/fr.motocrossmag.be\/wp-content\/uploads\/2018\/02\/Italie-riola-sardo-2018-27788762_2096040837080658_4539969972303808939_o.jpg","type":"image\/jpeg"}],"author":"oliviere","twitter_card":"summary_large_image","twitter_misc":{"\u00c9crit par":"oliviere","Dur\u00e9e de lecture estim\u00e9e":"2 minutes"},"schema":{"@context":"https:\/\/schema.org","@graph":[{"@type":"Article","@id":"https:\/\/fr.motocrossmag.be\/index.php\/2020\/01\/championnat-ditalie-les-pilotes-engages-a-riola-sardo\/#article","isPartOf":{"@id":"https:\/\/fr.motocrossmag.be\/index.php\/2020\/01\/championnat-ditalie-les-pilotes-engages-a-riola-sardo\/"},"author":{"name":"oliviere","@id":"https:\/\/fr.motocrossmag.be\/#\/schema\/person\/11b47143d9f755babca2c9110e03235c"},"headline":"Championnat d&rsquo;Italie : les pilotes engag\u00e9s \u00e0 Riola Sardo","datePublished":"2020-01-16T04:51:46+00:00","mainEntityOfPage":{"@id":"https:\/\/fr.motocrossmag.be\/index.php\/2020\/01\/championnat-ditalie-les-pilotes-engages-a-riola-sardo\/"},"wordCount":431,"commentCount":0,"image":{"@id":"https:\/\/fr.motocrossmag.be\/index.php\/2020\/01\/championnat-ditalie-les-pilotes-engages-a-riola-sardo\/#primaryimage"},"thumbnailUrl":"https:\/\/fr.motocrossmag.be\/wp-content\/uploads\/2018\/02\/Italie-riola-sardo-2018-27788762_2096040837080658_4539969972303808939_o.jpg","keywords":["Motocross"],"articleSection":["Actualit\u00e9","Motocross","News","News","Slideshow"],"inLanguage":"fr-FR","potentialAction":[{"@type":"CommentAction","name":"Comment","target":["https:\/\/fr.motocrossmag.be\/index.php\/2020\/01\/championnat-ditalie-les-pilotes-engages-a-riola-sardo\/#respond"]}]},{"@type":"WebPage","@id":"https:\/\/fr.motocrossmag.be\/index.php\/2020\/01\/championnat-ditalie-les-pilotes-engages-a-riola-sardo\/","url":"https:\/\/fr.motocrossmag.be\/index.php\/2020\/01\/championnat-ditalie-les-pilotes-engages-a-riola-sardo\/","name":"Championnat d'Italie : les pilotes engag\u00e9s \u00e0 Riola Sardo - Motocross - Enduro - Supermoto | MotocrossMag","isPartOf":{"@id":"https:\/\/fr.motocrossmag.be\/#website"},"primaryImageOfPage":{"@id":"https:\/\/fr.motocrossmag.be\/index.php\/2020\/01\/championnat-ditalie-les-pilotes-engages-a-riola-sardo\/#primaryimage"},"image":{"@id":"https:\/\/fr.motocrossmag.be\/index.php\/2020\/01\/championnat-ditalie-les-pilotes-engages-a-riola-sardo\/#primaryimage"},"thumbnailUrl":"https:\/\/fr.motocrossmag.be\/wp-content\/uploads\/2018\/02\/Italie-riola-sardo-2018-27788762_2096040837080658_4539969972303808939_o.jpg","datePublished":"2020-01-16T04:51:46+00:00","author":{"@id":"https:\/\/fr.motocrossmag.be\/#\/schema\/person\/11b47143d9f755babca2c9110e03235c"},"breadcrumb":{"@id":"https:\/\/fr.motocrossmag.be\/index.php\/2020\/01\/championnat-ditalie-les-pilotes-engages-a-riola-sardo\/#breadcrumb"},"inLanguage":"fr-FR","potentialAction":[{"@type":"ReadAction","target":["https:\/\/fr.motocrossmag.be\/index.php\/2020\/01\/championnat-ditalie-les-pilotes-engages-a-riola-sardo\/"]}]},{"@type":"ImageObject","inLanguage":"fr-FR","@id":"https:\/\/fr.motocrossmag.be\/index.php\/2020\/01\/championnat-ditalie-les-pilotes-engages-a-riola-sardo\/#primaryimage","url":"https:\/\/fr.motocrossmag.be\/wp-content\/uploads\/2018\/02\/Italie-riola-sardo-2018-27788762_2096040837080658_4539969972303808939_o.jpg","contentUrl":"https:\/\/fr.motocrossmag.be\/wp-content\/uploads\/2018\/02\/Italie-riola-sardo-2018-27788762_2096040837080658_4539969972303808939_o.jpg","width":1050,"height":700},{"@type":"BreadcrumbList","@id":"https:\/\/fr.motocrossmag.be\/index.php\/2020\/01\/championnat-ditalie-les-pilotes-engages-a-riola-sardo\/#breadcrumb","itemListElement":[{"@type":"ListItem","position":1,"name":"Accueil","item":"https:\/\/fr.motocrossmag.be\/"},{"@type":"ListItem","position":2,"name":"Championnat d&rsquo;Italie : les pilotes engag\u00e9s \u00e0 Riola Sardo"}]},{"@type":"WebSite","@id":"https:\/\/fr.motocrossmag.be\/#website","url":"https:\/\/fr.motocrossmag.be\/","name":"Motocross - Enduro - Supermoto | MotocrossMag","description":"L&#039;actualit\u00e9 du motocross, de l&#039;enduro et du Supermoto en ligne!","potentialAction":[{"@type":"SearchAction","target":{"@type":"EntryPoint","urlTemplate":"https:\/\/fr.motocrossmag.be\/?s={search_term_string}"},"query-input":{"@type":"PropertyValueSpecification","valueRequired":true,"valueName":"search_term_string"}}],"inLanguage":"fr-FR"},{"@type":"Person","@id":"https:\/\/fr.motocrossmag.be\/#\/schema\/person\/11b47143d9f755babca2c9110e03235c","name":"oliviere","image":{"@type":"ImageObject","inLanguage":"fr-FR","@id":"https:\/\/secure.gravatar.com\/avatar\/907069e0b81d119452040469e4a7501da1100f54f7f80180ce77bfab718288f6?s=96&d=mm&r=g","url":"https:\/\/secure.gravatar.com\/avatar\/907069e0b81d119452040469e4a7501da1100f54f7f80180ce77bfab718288f6?s=96&d=mm&r=g","contentUrl":"https:\/\/secure.gravatar.com\/avatar\/907069e0b81d119452040469e4a7501da1100f54f7f80180ce77bfab718288f6?s=96&d=mm&r=g","caption":"oliviere"},"sameAs":["http:\/\/www.motocrossmag.be"],"url":"https:\/\/fr.motocrossmag.be\/index.php\/author\/oliviere\/"}]}},"_links":{"self":[{"href":"https:\/\/fr.motocrossmag.be\/index.php\/wp-json\/wp\/v2\/posts\/100563","targetHints":{"allow":["GET"]}}],"collection":[{"href":"https:\/\/fr.motocrossmag.be\/index.php\/wp-json\/wp\/v2\/posts"}],"about":[{"href":"https:\/\/fr.motocrossmag.be\/index.php\/wp-json\/wp\/v2\/types\/post"}],"author":[{"embeddable":true,"href":"https:\/\/fr.motocrossmag.be\/index.php\/wp-json\/wp\/v2\/users\/932"}],"replies":[{"embeddable":true,"href":"https:\/\/fr.motocrossmag.be\/index.php\/wp-json\/wp\/v2\/comments?post=100563"}],"version-history":[{"count":0,"href":"https:\/\/fr.motocrossmag.be\/index.php\/wp-json\/wp\/v2\/posts\/100563\/revisions"}],"wp:featuredmedia":[{"embeddable":true,"href":"https:\/\/fr.motocrossmag.be\/index.php\/wp-json\/wp\/v2\/media\/69958"}],"wp:attachment":[{"href":"https:\/\/fr.motocrossmag.be\/index.php\/wp-json\/wp\/v2\/media?parent=100563"}],"wp:term":[{"taxonomy":"category","embeddable":true,"href":"https:\/\/fr.motocrossmag.be\/index.php\/wp-json\/wp\/v2\/categories?post=100563"},{"taxonomy":"post_tag","embeddable":true,"href":"https:\/\/fr.motocrossmag.be\/index.php\/wp-json\/wp\/v2\/tags?post=100563"}],"curies":[{"name":"wp","href":"https:\/\/api.w.org\/{rel}","templated":true}]}}