{"id":100630,"date":"2020-01-19T05:52:38","date_gmt":"2020-01-19T04:52:38","guid":{"rendered":"http:\/\/fr.motocrossmag.be\/?p=100630"},"modified":"2020-01-19T05:52:38","modified_gmt":"2020-01-19T04:52:38","slug":"arenacross-thomas-ramette-et-brian-hsu-quittent-belfast-en-leaders","status":"publish","type":"post","link":"https:\/\/fr.motocrossmag.be\/index.php\/2020\/01\/arenacross-thomas-ramette-et-brian-hsu-quittent-belfast-en-leaders\/","title":{"rendered":"Arenacross : Thomas Ramette et Brian Hsu quittent Belfast en leaders"},"content":{"rendered":"<p><strong>Le championnat Arenacross s&rsquo;ouvrait ce week-end dans le stade de Belfast, en Irlande du Nord. Comme souvent sur la s\u00e9rie indoor britannique, les pilotes fran\u00e7ais y ont jou\u00e9 les premiers r\u00f4les.<\/strong><\/p>\n<p>En 250, C\u00e9dric Soubeyras et Brian Hsu, visiblement d\u00e9j\u00e0 bien remis de sa grosse chute de Dortmund le week-end dernier, se sont partag\u00e9 le succ\u00e8s le premier soir tandis que Hsu s&rsquo;est impos\u00e9 \u00e0 deux reprises samedi devant Julien Lebeau et Soubeyras. Egalement vainqueur de la Superfinale le vendredi, Brian Hsu repart de Belfast en t\u00eate du classement provisoire 250 avec 4 points d&rsquo;avance sur Soubeyras et 5 sur Lebeau.<\/p>\n<p>Charles Lefran\u00e7ois remporte la premi\u00e8re finale 450 de la saison vendredi soir avant de devoir se contenter d&rsquo;une 5\u00e8me place dans la deuxi\u00e8me finale, remport\u00e9e par Thomas Ramette. Le samedi, Ramette ouvre le bal avec une nouvelle victoire puis se contente d&rsquo;une 4\u00e8me place alors que Lefran\u00e7ois s&rsquo;impose pour la deuxi\u00e8me fois du week-end avant de remporer la Superfinale devant les 250 de Hsu et Lebeau.<\/p>\n<p>Avec deux succ\u00e8s en poche chacun, Ramette et Lefran\u00e7ois sont au coude \u00e0 coude en t\u00eate du classement provisoire 450. Les Fran\u00e7ais sont s\u00e9par\u00e9s d&rsquo;un petit point pour arriver sur le deuxi\u00e8me rendez-vous Arenacross 2020, les 31 janvier et 1er f\u00e9vrier \u00e0 Brimingham.<\/p>\n<p><span style=\"color: #800000;\"><strong>R\u00e9sultats<\/strong><\/span><\/p>\n<p>VENDREDI<\/p>\n<p><strong>Pro Lites Main Event 1<\/strong><br \/>\n1. Cedric SOUBEYRAS \u2013 12 tours \u2013 4:41.345; 2. Brian HSU +2.232 sec.; 3. Julien LEBEAU +7.256 sec.; 4. Adam CHATFIELD +9.364 sec.; 5. Dylan WOODCOCK +10.965 sec.; 6. Nico DERCOURT +14.276 sec.; 7. Martin BARR +15.327 sec.; 8. Joe CLAYTON +15.624 sec.; 9. Jordan KEOGH +1 Lap<\/p>\n<p><strong>Pro Lites Main Event 2<\/strong><br \/>\n1. Brian HSU \u2013 12 tours \u2013 4:42.028; 2. Cedric SOUBEYRAS +1.321 sec.; 3. Julien LEBEAU +8.969 sec.; 4. Dylan WOODCOCK +13.367 sec.; 5. Nico DERCOURT +13.600 sec.; 6. Adam CHATFIELD +15.563 sec.; 7. Joe CLAYTON +16.507 sec.; 8. Martin BARR +17.770 sec.; 9. Jordan KEOGH +24.783 sec.<\/p>\n<p><strong>Pro 450 Main Event 1<\/strong><br \/>\n1. Charles LE FRANCOIS \u2013 12 tours \u2013 4:48.444; 2. Thomas RAMETTE +1.309 sec.; 3. Fabien IZOIRD +3.376 sec.; 4. Mathew BAYLISS +5.463 sec.; 5. Dan REARDON +6.286 sec.; 6. Angelo PELLEGRINI +11.099 sec.; 7. Ashley GREEDY +13.594 sec.; 8. Graeme IRWIN +15.059 sec.; 9. Jack BRUNELL +15.608 sec.; 10. Stuart EDMONDS +24.609 sec.<\/p>\n<p><strong>Pro 450 Main Event 2<\/strong><br \/>\n1. Thomas RAMETTE \u2013 12 tours \u2013 4:47.975; 2. Dan REARDON +4.448; 3. Fabien IZOIRD +5.578; 4. Jack BRUNELL +10.343; 5. Charles LE FRANCOIS +10.956; 6. Ashley GREEDY +11.055; 7. Mathew BAYLISS +14.056; 8. Graeme IRWIN +18.701; 9. Angelo PELLEGRINI +21.068; 10. Stuart EDMONDS +1 Lap<\/p>\n<p><strong>Pro Main Event Super Final<\/strong><br \/>\n1. Brian HSU \u2013 15 tours \u2013 5:58.809; 2. Cedric SOUBEYRAS +6.603 sec; 3. Charles LEFRANCOIS +9.699 sec; 4. Dan REARDON +12.672 sec; 5. Adam CHATFIELD +14.264 sec; 6. Fabien IZOIRD +14.887 sec; 7. Ashley GREEDY +18.441 sec; 8. Thomas RAMETTE +19.655 sec;n9. Julien LEBEAU +19.912 sec; 10. Dylan WOODCOCK +22.713 sec; 11. Mathew BAYLISS +2 trs; 12. Angelo PELLEGRINI +3 trs<\/p>\n<p>SAMEDI<\/p>\n<p><strong>Pro Lites Main Event 1<\/strong><br \/>\n1. Brian HSU \u2013 12 tours \u2013 4:53.951; 2. Julien LEBEAU +4.178 sec.; 3. Cedric SOUBEYRAS +9.774 sec.; 4. Dylan WOODCOCK +12.201 sec.; 5. Adam CHATFIELD +17.517 sec.; 6. Nico DERCOURT +22.100 sec.; 7. Joe CLAYTON +22.709 sec.; 8. Martin BARR +24.243 sec.; 9. James MACKREL +8 trs<\/p>\n<p><strong>Pro Lites Main Event 2<\/strong><br \/>\n1. Brian HSU \u2013 12 tours \u2013 4:56.516; 2. Julien LEBEAU +1.731 sec.; 3. Cedric SOUBEYRAS +8.987 sec.; 4. Dylan WOODCOCK +13.652 sec.; 5. Nico DERCOURT +15.368 sec.; 6. Joe CLAYTON +19.711 sec.; 7. Adam CHATFIELD +36.764 sec.; 8. James MACKREL +1 tr; 9. Martin BARR +1 tr<\/p>\n<p><strong>Pro 450 Main Event 1<\/strong><br \/>\n1. Thomas RAMETTE \u2013 12 tours \u2013 5:01.051; 2. Charles LE FRANCOIS +1.762 sec.; 3. Dan REARDON +6.013 sec.; 4. Fabien IZOIRD +7.422 sec.; 5. Jack BRUNELL +8.232 sec.; 6. Angelo PELLEGRINI +10.154 sec.; 7. Mathew BAYLISS +19.661 sec.; 8. Graeme IRWIN +20.888 sec.; 9. Ashley GREEDY +1 tr; 10. Stuart EDMONDS +1 tr<\/p>\n<p><strong>Pro 450 Main Event 2<\/strong><br \/>\n1. Charles LE FRANCOIS \u2013 12 tours \u2013 5:05.916; 2. Jack BRUNELL +3.154 sec.; 3. Fabien IZOIRD +3.689 sec.; 4. Thomas RAMETTE +4.703 sec.; 5. Mathew BAYLISS +10.827 sec.; 6. Angelo PELLEGRINI +11.675 sec.; 7. Ashley GREEDY +16.200 sec.; 8. Dan REARDON +17.400 sec.; 9. Graeme IRWIN +21.944 sec.; 10. Stuart EDMONDS +1 tr<\/p>\n<p><strong>Pro Main Event Super Final<\/strong><br \/>\n1. Charles LE FRANCOIS \u2013 15 tours \u2013 6:19.503; 2. Brian HSU +1.184; 3. Julien LEBEAU +4.043; 4. Fabien IZOIRD +6.175; 5. Nico DERCOURT +7.950; 6. Jack BRUNELL +9.505; 7. Angelo PELLEGRINI +14.767; 8. Ashley GREEDY +18.307; 9. Thomas RAMETTE +19.928; 10. Graeme IRWIN +21.109; 11. Dan REARDON +21.581; 12. Cedric SOUBEYRAS +22.354; 13. Dylan WOODCOCK +8 trs<\/p>\n<p>CLASSEMENTS PROVISOIRES<\/p>\n<p><strong>Pro Lites<\/strong><br \/>\n1. Brian HSU \u2013 47 pts; 2. Cedric SOUBEYRAS \u2013 43 pts; 3. Julien LEBEAU \u2013 42 pts; 4. Dylan WOODCOCK \u2013 35 pts; 5. Nico DERCOURT \u2013 30 pts; 6. Adam CHATFIELD \u2013 30 pts; 7. Joe CLAYTON \u2013 24 pts; 8. Martin BARR \u2013 20 pts; 9. James MACKREL \u2013 9 pts; 10. Jordan KEOGH \u2013 8 pts;<\/p>\n<p><strong>Pro 450<\/strong><br \/>\n1. Thomas RAMETTE \u2013 44 pts; 2. Charles LE FRANCOIS \u2013 43 pts; 3. Fabien IZOIRD \u2013 39 pts; 4. Dan REARDON \u2013 34 pts; 5. Jack BRUNELL \u2013 32 pts; 6. Mathew BAYLISS \u2013 29 pts; 7. Angelo PELLEGRINI \u2013 25 pts; 8. Ashley GREEDY \u2013 23 pts; 9. Graeme IRWIN \u2013 19 pts; 10. Stuart EDMONDS \u2013 12 pts;<\/p>\n<div id=\"ConnectiveDocSignExtentionInstalled\" data-extension-version=\"1.0.4\"><\/div>\n","protected":false},"excerpt":{"rendered":"<p>Le championnat Arenacross s&rsquo;ouvrait ce week-end dans le stade de Belfast, en Irlande du Nord. Comme souvent sur la s\u00e9rie indoor britannique, les pilotes fran\u00e7ais y ont jou\u00e9 les premiers [&#8230;]<\/p>\n","protected":false},"author":932,"featured_media":100632,"comment_status":"open","ping_status":"closed","sticky":false,"template":"","format":"standard","meta":{"footnotes":""},"categories":[54,4,5,55,56,65],"tags":[966],"class_list":["post-100630","post","type-post","status-publish","format-standard","has-post-thumbnail","hentry","category-actualite","category-motocross","category-news","category-news-actualite","category-resultats","category-slideshow","tag-arenacross"],"yoast_head":"<!-- This site is optimized with the Yoast SEO plugin v27.4 - https:\/\/yoast.com\/product\/yoast-seo-wordpress\/ -->\n<title>Arenacross : Thomas Ramette et Brian Hsu quittent Belfast en leaders - Motocross - Enduro - Supermoto | MotocrossMag<\/title>\n<meta name=\"robots\" content=\"index, follow, max-snippet:-1, max-image-preview:large, max-video-preview:-1\" \/>\n<link rel=\"canonical\" href=\"https:\/\/fr.motocrossmag.be\/index.php\/2020\/01\/arenacross-thomas-ramette-et-brian-hsu-quittent-belfast-en-leaders\/\" \/>\n<meta property=\"og:locale\" content=\"fr_FR\" \/>\n<meta property=\"og:type\" content=\"article\" \/>\n<meta property=\"og:title\" content=\"Arenacross : Thomas Ramette et Brian Hsu quittent Belfast en leaders - Motocross - Enduro - Supermoto | MotocrossMag\" \/>\n<meta property=\"og:description\" content=\"Le championnat Arenacross s&rsquo;ouvrait ce week-end dans le stade de Belfast, en Irlande du Nord. Comme souvent sur la s\u00e9rie indoor britannique, les pilotes fran\u00e7ais y ont jou\u00e9 les premiers [...]\" \/>\n<meta property=\"og:url\" content=\"https:\/\/fr.motocrossmag.be\/index.php\/2020\/01\/arenacross-thomas-ramette-et-brian-hsu-quittent-belfast-en-leaders\/\" \/>\n<meta property=\"og:site_name\" content=\"Motocross - Enduro - Supermoto | MotocrossMag\" \/>\n<meta property=\"article:published_time\" content=\"2020-01-19T04:52:38+00:00\" \/>\n<meta property=\"og:image\" content=\"https:\/\/fr.motocrossmag.be\/wp-content\/uploads\/2020\/01\/AX_BELFAST_2020-ramette.jpg\" \/>\n\t<meta property=\"og:image:width\" content=\"1000\" \/>\n\t<meta property=\"og:image:height\" content=\"666\" \/>\n\t<meta property=\"og:image:type\" content=\"image\/jpeg\" \/>\n<meta name=\"author\" content=\"oliviere\" \/>\n<meta name=\"twitter:card\" content=\"summary_large_image\" \/>\n<meta name=\"twitter:label1\" content=\"\u00c9crit par\" \/>\n\t<meta name=\"twitter:data1\" content=\"oliviere\" \/>\n\t<meta name=\"twitter:label2\" content=\"Dur\u00e9e de lecture estim\u00e9e\" \/>\n\t<meta name=\"twitter:data2\" content=\"3 minutes\" \/>\n<script type=\"application\/ld+json\" class=\"yoast-schema-graph\">{\"@context\":\"https:\\\/\\\/schema.org\",\"@graph\":[{\"@type\":\"Article\",\"@id\":\"https:\\\/\\\/fr.motocrossmag.be\\\/index.php\\\/2020\\\/01\\\/arenacross-thomas-ramette-et-brian-hsu-quittent-belfast-en-leaders\\\/#article\",\"isPartOf\":{\"@id\":\"https:\\\/\\\/fr.motocrossmag.be\\\/index.php\\\/2020\\\/01\\\/arenacross-thomas-ramette-et-brian-hsu-quittent-belfast-en-leaders\\\/\"},\"author\":{\"name\":\"oliviere\",\"@id\":\"https:\\\/\\\/fr.motocrossmag.be\\\/#\\\/schema\\\/person\\\/11b47143d9f755babca2c9110e03235c\"},\"headline\":\"Arenacross : Thomas Ramette et Brian Hsu quittent Belfast en leaders\",\"datePublished\":\"2020-01-19T04:52:38+00:00\",\"mainEntityOfPage\":{\"@id\":\"https:\\\/\\\/fr.motocrossmag.be\\\/index.php\\\/2020\\\/01\\\/arenacross-thomas-ramette-et-brian-hsu-quittent-belfast-en-leaders\\\/\"},\"wordCount\":634,\"commentCount\":0,\"image\":{\"@id\":\"https:\\\/\\\/fr.motocrossmag.be\\\/index.php\\\/2020\\\/01\\\/arenacross-thomas-ramette-et-brian-hsu-quittent-belfast-en-leaders\\\/#primaryimage\"},\"thumbnailUrl\":\"https:\\\/\\\/fr.motocrossmag.be\\\/wp-content\\\/uploads\\\/2020\\\/01\\\/AX_BELFAST_2020-ramette.jpg\",\"keywords\":[\"arenacross\"],\"articleSection\":[\"Actualit\u00e9\",\"Motocross\",\"News\",\"News\",\"R\u00e9sultats\",\"Slideshow\"],\"inLanguage\":\"fr-FR\",\"potentialAction\":[{\"@type\":\"CommentAction\",\"name\":\"Comment\",\"target\":[\"https:\\\/\\\/fr.motocrossmag.be\\\/index.php\\\/2020\\\/01\\\/arenacross-thomas-ramette-et-brian-hsu-quittent-belfast-en-leaders\\\/#respond\"]}]},{\"@type\":\"WebPage\",\"@id\":\"https:\\\/\\\/fr.motocrossmag.be\\\/index.php\\\/2020\\\/01\\\/arenacross-thomas-ramette-et-brian-hsu-quittent-belfast-en-leaders\\\/\",\"url\":\"https:\\\/\\\/fr.motocrossmag.be\\\/index.php\\\/2020\\\/01\\\/arenacross-thomas-ramette-et-brian-hsu-quittent-belfast-en-leaders\\\/\",\"name\":\"Arenacross : Thomas Ramette et Brian Hsu quittent Belfast en leaders - Motocross - Enduro - Supermoto | MotocrossMag\",\"isPartOf\":{\"@id\":\"https:\\\/\\\/fr.motocrossmag.be\\\/#website\"},\"primaryImageOfPage\":{\"@id\":\"https:\\\/\\\/fr.motocrossmag.be\\\/index.php\\\/2020\\\/01\\\/arenacross-thomas-ramette-et-brian-hsu-quittent-belfast-en-leaders\\\/#primaryimage\"},\"image\":{\"@id\":\"https:\\\/\\\/fr.motocrossmag.be\\\/index.php\\\/2020\\\/01\\\/arenacross-thomas-ramette-et-brian-hsu-quittent-belfast-en-leaders\\\/#primaryimage\"},\"thumbnailUrl\":\"https:\\\/\\\/fr.motocrossmag.be\\\/wp-content\\\/uploads\\\/2020\\\/01\\\/AX_BELFAST_2020-ramette.jpg\",\"datePublished\":\"2020-01-19T04:52:38+00:00\",\"author\":{\"@id\":\"https:\\\/\\\/fr.motocrossmag.be\\\/#\\\/schema\\\/person\\\/11b47143d9f755babca2c9110e03235c\"},\"breadcrumb\":{\"@id\":\"https:\\\/\\\/fr.motocrossmag.be\\\/index.php\\\/2020\\\/01\\\/arenacross-thomas-ramette-et-brian-hsu-quittent-belfast-en-leaders\\\/#breadcrumb\"},\"inLanguage\":\"fr-FR\",\"potentialAction\":[{\"@type\":\"ReadAction\",\"target\":[\"https:\\\/\\\/fr.motocrossmag.be\\\/index.php\\\/2020\\\/01\\\/arenacross-thomas-ramette-et-brian-hsu-quittent-belfast-en-leaders\\\/\"]}]},{\"@type\":\"ImageObject\",\"inLanguage\":\"fr-FR\",\"@id\":\"https:\\\/\\\/fr.motocrossmag.be\\\/index.php\\\/2020\\\/01\\\/arenacross-thomas-ramette-et-brian-hsu-quittent-belfast-en-leaders\\\/#primaryimage\",\"url\":\"https:\\\/\\\/fr.motocrossmag.be\\\/wp-content\\\/uploads\\\/2020\\\/01\\\/AX_BELFAST_2020-ramette.jpg\",\"contentUrl\":\"https:\\\/\\\/fr.motocrossmag.be\\\/wp-content\\\/uploads\\\/2020\\\/01\\\/AX_BELFAST_2020-ramette.jpg\",\"width\":1000,\"height\":666},{\"@type\":\"BreadcrumbList\",\"@id\":\"https:\\\/\\\/fr.motocrossmag.be\\\/index.php\\\/2020\\\/01\\\/arenacross-thomas-ramette-et-brian-hsu-quittent-belfast-en-leaders\\\/#breadcrumb\",\"itemListElement\":[{\"@type\":\"ListItem\",\"position\":1,\"name\":\"Accueil\",\"item\":\"https:\\\/\\\/fr.motocrossmag.be\\\/\"},{\"@type\":\"ListItem\",\"position\":2,\"name\":\"Arenacross : Thomas Ramette et Brian Hsu quittent Belfast en leaders\"}]},{\"@type\":\"WebSite\",\"@id\":\"https:\\\/\\\/fr.motocrossmag.be\\\/#website\",\"url\":\"https:\\\/\\\/fr.motocrossmag.be\\\/\",\"name\":\"Motocross - Enduro - Supermoto | MotocrossMag\",\"description\":\"L&#039;actualit\u00e9 du motocross, de l&#039;enduro et du Supermoto en ligne!\",\"potentialAction\":[{\"@type\":\"SearchAction\",\"target\":{\"@type\":\"EntryPoint\",\"urlTemplate\":\"https:\\\/\\\/fr.motocrossmag.be\\\/?s={search_term_string}\"},\"query-input\":{\"@type\":\"PropertyValueSpecification\",\"valueRequired\":true,\"valueName\":\"search_term_string\"}}],\"inLanguage\":\"fr-FR\"},{\"@type\":\"Person\",\"@id\":\"https:\\\/\\\/fr.motocrossmag.be\\\/#\\\/schema\\\/person\\\/11b47143d9f755babca2c9110e03235c\",\"name\":\"oliviere\",\"image\":{\"@type\":\"ImageObject\",\"inLanguage\":\"fr-FR\",\"@id\":\"https:\\\/\\\/secure.gravatar.com\\\/avatar\\\/907069e0b81d119452040469e4a7501da1100f54f7f80180ce77bfab718288f6?s=96&d=mm&r=g\",\"url\":\"https:\\\/\\\/secure.gravatar.com\\\/avatar\\\/907069e0b81d119452040469e4a7501da1100f54f7f80180ce77bfab718288f6?s=96&d=mm&r=g\",\"contentUrl\":\"https:\\\/\\\/secure.gravatar.com\\\/avatar\\\/907069e0b81d119452040469e4a7501da1100f54f7f80180ce77bfab718288f6?s=96&d=mm&r=g\",\"caption\":\"oliviere\"},\"sameAs\":[\"http:\\\/\\\/www.motocrossmag.be\"],\"url\":\"https:\\\/\\\/fr.motocrossmag.be\\\/index.php\\\/author\\\/oliviere\\\/\"}]}<\/script>\n<!-- \/ Yoast SEO plugin. -->","yoast_head_json":{"title":"Arenacross : Thomas Ramette et Brian Hsu quittent Belfast en leaders - Motocross - Enduro - Supermoto | MotocrossMag","robots":{"index":"index","follow":"follow","max-snippet":"max-snippet:-1","max-image-preview":"max-image-preview:large","max-video-preview":"max-video-preview:-1"},"canonical":"https:\/\/fr.motocrossmag.be\/index.php\/2020\/01\/arenacross-thomas-ramette-et-brian-hsu-quittent-belfast-en-leaders\/","og_locale":"fr_FR","og_type":"article","og_title":"Arenacross : Thomas Ramette et Brian Hsu quittent Belfast en leaders - Motocross - Enduro - Supermoto | MotocrossMag","og_description":"Le championnat Arenacross s&rsquo;ouvrait ce week-end dans le stade de Belfast, en Irlande du Nord. Comme souvent sur la s\u00e9rie indoor britannique, les pilotes fran\u00e7ais y ont jou\u00e9 les premiers [...]","og_url":"https:\/\/fr.motocrossmag.be\/index.php\/2020\/01\/arenacross-thomas-ramette-et-brian-hsu-quittent-belfast-en-leaders\/","og_site_name":"Motocross - Enduro - Supermoto | MotocrossMag","article_published_time":"2020-01-19T04:52:38+00:00","og_image":[{"width":1000,"height":666,"url":"https:\/\/fr.motocrossmag.be\/wp-content\/uploads\/2020\/01\/AX_BELFAST_2020-ramette.jpg","type":"image\/jpeg"}],"author":"oliviere","twitter_card":"summary_large_image","twitter_misc":{"\u00c9crit par":"oliviere","Dur\u00e9e de lecture estim\u00e9e":"3 minutes"},"schema":{"@context":"https:\/\/schema.org","@graph":[{"@type":"Article","@id":"https:\/\/fr.motocrossmag.be\/index.php\/2020\/01\/arenacross-thomas-ramette-et-brian-hsu-quittent-belfast-en-leaders\/#article","isPartOf":{"@id":"https:\/\/fr.motocrossmag.be\/index.php\/2020\/01\/arenacross-thomas-ramette-et-brian-hsu-quittent-belfast-en-leaders\/"},"author":{"name":"oliviere","@id":"https:\/\/fr.motocrossmag.be\/#\/schema\/person\/11b47143d9f755babca2c9110e03235c"},"headline":"Arenacross : Thomas Ramette et Brian Hsu quittent Belfast en leaders","datePublished":"2020-01-19T04:52:38+00:00","mainEntityOfPage":{"@id":"https:\/\/fr.motocrossmag.be\/index.php\/2020\/01\/arenacross-thomas-ramette-et-brian-hsu-quittent-belfast-en-leaders\/"},"wordCount":634,"commentCount":0,"image":{"@id":"https:\/\/fr.motocrossmag.be\/index.php\/2020\/01\/arenacross-thomas-ramette-et-brian-hsu-quittent-belfast-en-leaders\/#primaryimage"},"thumbnailUrl":"https:\/\/fr.motocrossmag.be\/wp-content\/uploads\/2020\/01\/AX_BELFAST_2020-ramette.jpg","keywords":["arenacross"],"articleSection":["Actualit\u00e9","Motocross","News","News","R\u00e9sultats","Slideshow"],"inLanguage":"fr-FR","potentialAction":[{"@type":"CommentAction","name":"Comment","target":["https:\/\/fr.motocrossmag.be\/index.php\/2020\/01\/arenacross-thomas-ramette-et-brian-hsu-quittent-belfast-en-leaders\/#respond"]}]},{"@type":"WebPage","@id":"https:\/\/fr.motocrossmag.be\/index.php\/2020\/01\/arenacross-thomas-ramette-et-brian-hsu-quittent-belfast-en-leaders\/","url":"https:\/\/fr.motocrossmag.be\/index.php\/2020\/01\/arenacross-thomas-ramette-et-brian-hsu-quittent-belfast-en-leaders\/","name":"Arenacross : Thomas Ramette et Brian Hsu quittent Belfast en leaders - Motocross - Enduro - Supermoto | MotocrossMag","isPartOf":{"@id":"https:\/\/fr.motocrossmag.be\/#website"},"primaryImageOfPage":{"@id":"https:\/\/fr.motocrossmag.be\/index.php\/2020\/01\/arenacross-thomas-ramette-et-brian-hsu-quittent-belfast-en-leaders\/#primaryimage"},"image":{"@id":"https:\/\/fr.motocrossmag.be\/index.php\/2020\/01\/arenacross-thomas-ramette-et-brian-hsu-quittent-belfast-en-leaders\/#primaryimage"},"thumbnailUrl":"https:\/\/fr.motocrossmag.be\/wp-content\/uploads\/2020\/01\/AX_BELFAST_2020-ramette.jpg","datePublished":"2020-01-19T04:52:38+00:00","author":{"@id":"https:\/\/fr.motocrossmag.be\/#\/schema\/person\/11b47143d9f755babca2c9110e03235c"},"breadcrumb":{"@id":"https:\/\/fr.motocrossmag.be\/index.php\/2020\/01\/arenacross-thomas-ramette-et-brian-hsu-quittent-belfast-en-leaders\/#breadcrumb"},"inLanguage":"fr-FR","potentialAction":[{"@type":"ReadAction","target":["https:\/\/fr.motocrossmag.be\/index.php\/2020\/01\/arenacross-thomas-ramette-et-brian-hsu-quittent-belfast-en-leaders\/"]}]},{"@type":"ImageObject","inLanguage":"fr-FR","@id":"https:\/\/fr.motocrossmag.be\/index.php\/2020\/01\/arenacross-thomas-ramette-et-brian-hsu-quittent-belfast-en-leaders\/#primaryimage","url":"https:\/\/fr.motocrossmag.be\/wp-content\/uploads\/2020\/01\/AX_BELFAST_2020-ramette.jpg","contentUrl":"https:\/\/fr.motocrossmag.be\/wp-content\/uploads\/2020\/01\/AX_BELFAST_2020-ramette.jpg","width":1000,"height":666},{"@type":"BreadcrumbList","@id":"https:\/\/fr.motocrossmag.be\/index.php\/2020\/01\/arenacross-thomas-ramette-et-brian-hsu-quittent-belfast-en-leaders\/#breadcrumb","itemListElement":[{"@type":"ListItem","position":1,"name":"Accueil","item":"https:\/\/fr.motocrossmag.be\/"},{"@type":"ListItem","position":2,"name":"Arenacross : Thomas Ramette et Brian Hsu quittent Belfast en leaders"}]},{"@type":"WebSite","@id":"https:\/\/fr.motocrossmag.be\/#website","url":"https:\/\/fr.motocrossmag.be\/","name":"Motocross - Enduro - Supermoto | MotocrossMag","description":"L&#039;actualit\u00e9 du motocross, de l&#039;enduro et du Supermoto en ligne!","potentialAction":[{"@type":"SearchAction","target":{"@type":"EntryPoint","urlTemplate":"https:\/\/fr.motocrossmag.be\/?s={search_term_string}"},"query-input":{"@type":"PropertyValueSpecification","valueRequired":true,"valueName":"search_term_string"}}],"inLanguage":"fr-FR"},{"@type":"Person","@id":"https:\/\/fr.motocrossmag.be\/#\/schema\/person\/11b47143d9f755babca2c9110e03235c","name":"oliviere","image":{"@type":"ImageObject","inLanguage":"fr-FR","@id":"https:\/\/secure.gravatar.com\/avatar\/907069e0b81d119452040469e4a7501da1100f54f7f80180ce77bfab718288f6?s=96&d=mm&r=g","url":"https:\/\/secure.gravatar.com\/avatar\/907069e0b81d119452040469e4a7501da1100f54f7f80180ce77bfab718288f6?s=96&d=mm&r=g","contentUrl":"https:\/\/secure.gravatar.com\/avatar\/907069e0b81d119452040469e4a7501da1100f54f7f80180ce77bfab718288f6?s=96&d=mm&r=g","caption":"oliviere"},"sameAs":["http:\/\/www.motocrossmag.be"],"url":"https:\/\/fr.motocrossmag.be\/index.php\/author\/oliviere\/"}]}},"_links":{"self":[{"href":"https:\/\/fr.motocrossmag.be\/index.php\/wp-json\/wp\/v2\/posts\/100630","targetHints":{"allow":["GET"]}}],"collection":[{"href":"https:\/\/fr.motocrossmag.be\/index.php\/wp-json\/wp\/v2\/posts"}],"about":[{"href":"https:\/\/fr.motocrossmag.be\/index.php\/wp-json\/wp\/v2\/types\/post"}],"author":[{"embeddable":true,"href":"https:\/\/fr.motocrossmag.be\/index.php\/wp-json\/wp\/v2\/users\/932"}],"replies":[{"embeddable":true,"href":"https:\/\/fr.motocrossmag.be\/index.php\/wp-json\/wp\/v2\/comments?post=100630"}],"version-history":[{"count":0,"href":"https:\/\/fr.motocrossmag.be\/index.php\/wp-json\/wp\/v2\/posts\/100630\/revisions"}],"wp:featuredmedia":[{"embeddable":true,"href":"https:\/\/fr.motocrossmag.be\/index.php\/wp-json\/wp\/v2\/media\/100632"}],"wp:attachment":[{"href":"https:\/\/fr.motocrossmag.be\/index.php\/wp-json\/wp\/v2\/media?parent=100630"}],"wp:term":[{"taxonomy":"category","embeddable":true,"href":"https:\/\/fr.motocrossmag.be\/index.php\/wp-json\/wp\/v2\/categories?post=100630"},{"taxonomy":"post_tag","embeddable":true,"href":"https:\/\/fr.motocrossmag.be\/index.php\/wp-json\/wp\/v2\/tags?post=100630"}],"curies":[{"name":"wp","href":"https:\/\/api.w.org\/{rel}","templated":true}]}}