{"id":100778,"date":"2020-01-21T05:09:29","date_gmt":"2020-01-21T04:09:29","guid":{"rendered":"http:\/\/fr.motocrossmag.be\/?p=100778"},"modified":"2020-01-21T07:10:13","modified_gmt":"2020-01-21T06:10:13","slug":"thomas-ramette-en-tete-du-championnat-arenacross-je-me-regale","status":"publish","type":"post","link":"https:\/\/fr.motocrossmag.be\/index.php\/2020\/01\/thomas-ramette-en-tete-du-championnat-arenacross-je-me-regale\/","title":{"rendered":"Thomas Ramette en t\u00eate du championnat Arenacross : \u00ab\u00a0Je me r\u00e9gale !\u00a0\u00bb"},"content":{"rendered":"<p><strong>Le week-end pass\u00e9, le stade de Belfast accueillait l&rsquo;\u00e9preuve d&rsquo;ouverture du championnat Arenacross. Deux premi\u00e8res soir\u00e9es dont Thomas Ramette repartait en leader du classement provisoire 450 de la s\u00e9rie britannique.<\/strong><\/p>\n<p>\u00ab\u00a0C\u2019\u00e9tait ma premi\u00e8re course sur la Yamaha 450 YZF et j\u2019avais h\u00e2te de voir mes sensations en conditions courses avec cette nouvelle moto\u00a0\u00bb, confie Ramette. \u00ab\u00a0Et les sensations se sont montr\u00e9es tr\u00e8s bonnes puisque j\u2019ai r\u00e9alis\u00e9 les meilleurs temps dans chaque s\u00e9ance chronom\u00e9tr\u00e9 que \u00e7a soit le vendredi ou le samedi.\u00a0Lors des finales 450 du vendredi, je termine en seconde place apr\u00e8s un d\u00e9part quasi dernier et une superbe remont\u00e9e dans la premi\u00e8re finale. En seconde finale, je vais r\u00e9aliser le meilleur d\u00e9part et m\u2019imposer dans la cat\u00e9gorie SX1 au g\u00e9n\u00e9ral des deux finales. En Superfinale, qui m\u00e9lange les meilleurs pilotes 250&amp;450, je prends un bon d\u00e9part en seconde position mais je vais malheureusement chuter \u00e0 deux reprises et finir \u00e0 une d\u00e9cevante 8eme place.\u00a0\u00bb<\/p>\n<p><a href=\"http:\/\/fr.motocrossmag.be\/wp-content\/uploads\/2020\/01\/6-geen-logo-NK_04855.jpg\"><img decoding=\"async\" class=\"lazyload alignnone size-medium wp-image-100654\" src=\"http:\/\/fr.motocrossmag.be\/wp-content\/uploads\/2020\/01\/6-geen-logo-NK_04855-650x433.jpg\" data-orig-src=\"http:\/\/fr.motocrossmag.be\/wp-content\/uploads\/2020\/01\/6-geen-logo-NK_04855-650x433.jpg\" alt=\"\" width=\"650\" height=\"433\" srcset=\"data:image\/svg+xml,%3Csvg%20xmlns%3D%27http%3A%2F%2Fwww.w3.org%2F2000%2Fsvg%27%20width%3D%27650%27%20height%3D%27433%27%20viewBox%3D%270%200%20650%20433%27%3E%3Crect%20width%3D%27650%27%20height%3D%27433%27%20fill-opacity%3D%220%22%2F%3E%3C%2Fsvg%3E\" data-srcset=\"https:\/\/fr.motocrossmag.be\/wp-content\/uploads\/2020\/01\/6-geen-logo-NK_04855-650x433.jpg 650w, https:\/\/fr.motocrossmag.be\/wp-content\/uploads\/2020\/01\/6-geen-logo-NK_04855-768x511.jpg 768w, https:\/\/fr.motocrossmag.be\/wp-content\/uploads\/2020\/01\/6-geen-logo-NK_04855.jpg 1000w\" data-sizes=\"auto\" data-orig-sizes=\"(max-width: 650px) 100vw, 650px\" \/><\/a><\/p>\n<p>\u00ab\u00a0La journ\u00e9e du samedi a bien d\u00e9but\u00e9 puisque je r\u00e9alise \u00e0 nouveau les meilleurs temps dans chaque s\u00e9ance chronom\u00e9tr\u00e9e\u00a0\u00bb, poursuit le pilote fran\u00e7ais. \u00ab\u00a0Un bon d\u00e9part et une nouvelle victoire lors de la premi\u00e8re finale SX1 me permettent de d\u00e9buter parfaitement cette deuxi\u00e8me soir\u00e9e. Lors de la deuxi\u00e8me finale, je vais prendre un d\u00e9part moyen et remonter difficilement \u00e0 la 4\u00e8me place sur un circuit tr\u00e8s compliqu\u00e9 pour doubler. Deuxi\u00e8me de la cat\u00e9gorie 450 apr\u00e8s la soir\u00e9e du samedi, cela me permet de prendre le leadership du championnat 450.\u00a0\u00bb<\/p>\n<p>\u00ab\u00a0Je comptais sur la Superfinale pour conclure en beaut\u00e9 ce week-end Irlandais !\u00a0\u00bb, ajoute Ramette. \u00ab\u00a0Une excellente sortie de grille va me permettre d\u2019arriver en seconde position au premier virage mais je vais me faire \u201dtasser\u201d dans ce premier virage ce qui entra\u00eenera une chute. Reparti bon dernier, je vais remonter en 9\u00e8me position.\u00a0\u00bb<\/p>\n<p><a href=\"http:\/\/fr.motocrossmag.be\/wp-content\/uploads\/2020\/01\/AX_BELFAST_2020-ramette.jpg\"><img decoding=\"async\" class=\"lazyload alignnone size-medium wp-image-100632\" src=\"http:\/\/fr.motocrossmag.be\/wp-content\/uploads\/2020\/01\/AX_BELFAST_2020-ramette-650x433.jpg\" data-orig-src=\"http:\/\/fr.motocrossmag.be\/wp-content\/uploads\/2020\/01\/AX_BELFAST_2020-ramette-650x433.jpg\" alt=\"\" width=\"650\" height=\"433\" srcset=\"data:image\/svg+xml,%3Csvg%20xmlns%3D%27http%3A%2F%2Fwww.w3.org%2F2000%2Fsvg%27%20width%3D%27650%27%20height%3D%27433%27%20viewBox%3D%270%200%20650%20433%27%3E%3Crect%20width%3D%27650%27%20height%3D%27433%27%20fill-opacity%3D%220%22%2F%3E%3C%2Fsvg%3E\" data-srcset=\"https:\/\/fr.motocrossmag.be\/wp-content\/uploads\/2020\/01\/AX_BELFAST_2020-ramette-650x433.jpg 650w, https:\/\/fr.motocrossmag.be\/wp-content\/uploads\/2020\/01\/AX_BELFAST_2020-ramette-768x511.jpg 768w, https:\/\/fr.motocrossmag.be\/wp-content\/uploads\/2020\/01\/AX_BELFAST_2020-ramette.jpg 1000w\" data-sizes=\"auto\" data-orig-sizes=\"(max-width: 650px) 100vw, 650px\" \/><\/a><\/p>\n<p>\u00ab\u00a0Un week-end tout de m\u00eame positif puisque je prends la t\u00eate du championnat apr\u00e8s ces deux premi\u00e8res soir\u00e9es et j\u2019ai surtout beaucoup appris en conditions course sur cette nouvelle Yamaha avec laquelle je me r\u00e9gale !\u00a0 Un grand merci au team Yamaha GSM Dafy Michelin pour le support technique lors de ce championnat, Goby Racing pour les suspensions, Shot, Scorpion, TCX ainsi que Fro System &#8211; Offset CBD qui m\u2019accueille durant ces \u00e9preuves outre-manche\u00a0\u00bb, conclut-il.<\/p>\n<p>Prochaine \u00e9preuve Arenacross \u00e0 Birmingham les 31 janvier et 1er f\u00e9vrier.<\/p>\n<div id=\"ConnectiveDocSignExtentionInstalled\" data-extension-version=\"1.0.4\"><\/div>\n","protected":false},"excerpt":{"rendered":"<p>Le week-end pass\u00e9, le stade de Belfast accueillait l&rsquo;\u00e9preuve d&rsquo;ouverture du championnat Arenacross. Deux premi\u00e8res soir\u00e9es dont Thomas Ramette repartait en leader du classement provisoire 450 de la s\u00e9rie britannique. [&#8230;]<\/p>\n","protected":false},"author":932,"featured_media":100779,"comment_status":"open","ping_status":"closed","sticky":false,"template":"","format":"standard","meta":{"footnotes":""},"categories":[54,4,5,55,65],"tags":[966,116],"class_list":["post-100778","post","type-post","status-publish","format-standard","has-post-thumbnail","hentry","category-actualite","category-motocross","category-news","category-news-actualite","category-slideshow","tag-arenacross","tag-supercross"],"yoast_head":"<!-- This site is optimized with the Yoast SEO plugin v27.4 - https:\/\/yoast.com\/product\/yoast-seo-wordpress\/ -->\n<title>Thomas Ramette en t\u00eate du championnat Arenacross : &quot;Je me r\u00e9gale !&quot; - Motocross - Enduro - Supermoto | MotocrossMag<\/title>\n<meta name=\"robots\" content=\"index, follow, max-snippet:-1, max-image-preview:large, max-video-preview:-1\" \/>\n<link rel=\"canonical\" href=\"https:\/\/fr.motocrossmag.be\/index.php\/2020\/01\/thomas-ramette-en-tete-du-championnat-arenacross-je-me-regale\/\" \/>\n<meta property=\"og:locale\" content=\"fr_FR\" \/>\n<meta property=\"og:type\" content=\"article\" \/>\n<meta property=\"og:title\" content=\"Thomas Ramette en t\u00eate du championnat Arenacross : &quot;Je me r\u00e9gale !&quot; - Motocross - Enduro - Supermoto | MotocrossMag\" \/>\n<meta property=\"og:description\" content=\"Le week-end pass\u00e9, le stade de Belfast accueillait l&rsquo;\u00e9preuve d&rsquo;ouverture du championnat Arenacross. Deux premi\u00e8res soir\u00e9es dont Thomas Ramette repartait en leader du classement provisoire 450 de la s\u00e9rie britannique. [...]\" \/>\n<meta property=\"og:url\" content=\"https:\/\/fr.motocrossmag.be\/index.php\/2020\/01\/thomas-ramette-en-tete-du-championnat-arenacross-je-me-regale\/\" \/>\n<meta property=\"og:site_name\" content=\"Motocross - Enduro - Supermoto | MotocrossMag\" \/>\n<meta property=\"article:published_time\" content=\"2020-01-21T04:09:29+00:00\" \/>\n<meta property=\"article:modified_time\" content=\"2020-01-21T06:10:13+00:00\" \/>\n<meta property=\"og:image\" content=\"https:\/\/fr.motocrossmag.be\/wp-content\/uploads\/2020\/01\/thomas-ramette.jpeg\" \/>\n\t<meta property=\"og:image:width\" content=\"1000\" \/>\n\t<meta property=\"og:image:height\" content=\"679\" \/>\n\t<meta property=\"og:image:type\" content=\"image\/jpeg\" \/>\n<meta name=\"author\" content=\"oliviere\" \/>\n<meta name=\"twitter:card\" content=\"summary_large_image\" \/>\n<meta name=\"twitter:label1\" content=\"\u00c9crit par\" \/>\n\t<meta name=\"twitter:data1\" content=\"oliviere\" \/>\n\t<meta name=\"twitter:label2\" content=\"Dur\u00e9e de lecture estim\u00e9e\" \/>\n\t<meta name=\"twitter:data2\" content=\"2 minutes\" \/>\n<script type=\"application\/ld+json\" class=\"yoast-schema-graph\">{\"@context\":\"https:\\\/\\\/schema.org\",\"@graph\":[{\"@type\":\"Article\",\"@id\":\"https:\\\/\\\/fr.motocrossmag.be\\\/index.php\\\/2020\\\/01\\\/thomas-ramette-en-tete-du-championnat-arenacross-je-me-regale\\\/#article\",\"isPartOf\":{\"@id\":\"https:\\\/\\\/fr.motocrossmag.be\\\/index.php\\\/2020\\\/01\\\/thomas-ramette-en-tete-du-championnat-arenacross-je-me-regale\\\/\"},\"author\":{\"name\":\"oliviere\",\"@id\":\"https:\\\/\\\/fr.motocrossmag.be\\\/#\\\/schema\\\/person\\\/11b47143d9f755babca2c9110e03235c\"},\"headline\":\"Thomas Ramette en t\u00eate du championnat Arenacross : \u00ab\u00a0Je me r\u00e9gale !\u00a0\u00bb\",\"datePublished\":\"2020-01-21T04:09:29+00:00\",\"dateModified\":\"2020-01-21T06:10:13+00:00\",\"mainEntityOfPage\":{\"@id\":\"https:\\\/\\\/fr.motocrossmag.be\\\/index.php\\\/2020\\\/01\\\/thomas-ramette-en-tete-du-championnat-arenacross-je-me-regale\\\/\"},\"wordCount\":442,\"commentCount\":0,\"image\":{\"@id\":\"https:\\\/\\\/fr.motocrossmag.be\\\/index.php\\\/2020\\\/01\\\/thomas-ramette-en-tete-du-championnat-arenacross-je-me-regale\\\/#primaryimage\"},\"thumbnailUrl\":\"https:\\\/\\\/fr.motocrossmag.be\\\/wp-content\\\/uploads\\\/2020\\\/01\\\/thomas-ramette.jpeg\",\"keywords\":[\"arenacross\",\"Supercross\"],\"articleSection\":[\"Actualit\u00e9\",\"Motocross\",\"News\",\"News\",\"Slideshow\"],\"inLanguage\":\"fr-FR\",\"potentialAction\":[{\"@type\":\"CommentAction\",\"name\":\"Comment\",\"target\":[\"https:\\\/\\\/fr.motocrossmag.be\\\/index.php\\\/2020\\\/01\\\/thomas-ramette-en-tete-du-championnat-arenacross-je-me-regale\\\/#respond\"]}]},{\"@type\":\"WebPage\",\"@id\":\"https:\\\/\\\/fr.motocrossmag.be\\\/index.php\\\/2020\\\/01\\\/thomas-ramette-en-tete-du-championnat-arenacross-je-me-regale\\\/\",\"url\":\"https:\\\/\\\/fr.motocrossmag.be\\\/index.php\\\/2020\\\/01\\\/thomas-ramette-en-tete-du-championnat-arenacross-je-me-regale\\\/\",\"name\":\"Thomas Ramette en t\u00eate du championnat Arenacross : \\\"Je me r\u00e9gale !\\\" - Motocross - Enduro - Supermoto | MotocrossMag\",\"isPartOf\":{\"@id\":\"https:\\\/\\\/fr.motocrossmag.be\\\/#website\"},\"primaryImageOfPage\":{\"@id\":\"https:\\\/\\\/fr.motocrossmag.be\\\/index.php\\\/2020\\\/01\\\/thomas-ramette-en-tete-du-championnat-arenacross-je-me-regale\\\/#primaryimage\"},\"image\":{\"@id\":\"https:\\\/\\\/fr.motocrossmag.be\\\/index.php\\\/2020\\\/01\\\/thomas-ramette-en-tete-du-championnat-arenacross-je-me-regale\\\/#primaryimage\"},\"thumbnailUrl\":\"https:\\\/\\\/fr.motocrossmag.be\\\/wp-content\\\/uploads\\\/2020\\\/01\\\/thomas-ramette.jpeg\",\"datePublished\":\"2020-01-21T04:09:29+00:00\",\"dateModified\":\"2020-01-21T06:10:13+00:00\",\"author\":{\"@id\":\"https:\\\/\\\/fr.motocrossmag.be\\\/#\\\/schema\\\/person\\\/11b47143d9f755babca2c9110e03235c\"},\"breadcrumb\":{\"@id\":\"https:\\\/\\\/fr.motocrossmag.be\\\/index.php\\\/2020\\\/01\\\/thomas-ramette-en-tete-du-championnat-arenacross-je-me-regale\\\/#breadcrumb\"},\"inLanguage\":\"fr-FR\",\"potentialAction\":[{\"@type\":\"ReadAction\",\"target\":[\"https:\\\/\\\/fr.motocrossmag.be\\\/index.php\\\/2020\\\/01\\\/thomas-ramette-en-tete-du-championnat-arenacross-je-me-regale\\\/\"]}]},{\"@type\":\"ImageObject\",\"inLanguage\":\"fr-FR\",\"@id\":\"https:\\\/\\\/fr.motocrossmag.be\\\/index.php\\\/2020\\\/01\\\/thomas-ramette-en-tete-du-championnat-arenacross-je-me-regale\\\/#primaryimage\",\"url\":\"https:\\\/\\\/fr.motocrossmag.be\\\/wp-content\\\/uploads\\\/2020\\\/01\\\/thomas-ramette.jpeg\",\"contentUrl\":\"https:\\\/\\\/fr.motocrossmag.be\\\/wp-content\\\/uploads\\\/2020\\\/01\\\/thomas-ramette.jpeg\",\"width\":1000,\"height\":679},{\"@type\":\"BreadcrumbList\",\"@id\":\"https:\\\/\\\/fr.motocrossmag.be\\\/index.php\\\/2020\\\/01\\\/thomas-ramette-en-tete-du-championnat-arenacross-je-me-regale\\\/#breadcrumb\",\"itemListElement\":[{\"@type\":\"ListItem\",\"position\":1,\"name\":\"Accueil\",\"item\":\"https:\\\/\\\/fr.motocrossmag.be\\\/\"},{\"@type\":\"ListItem\",\"position\":2,\"name\":\"Thomas Ramette en t\u00eate du championnat Arenacross : \u00ab\u00a0Je me r\u00e9gale !\u00a0\u00bb\"}]},{\"@type\":\"WebSite\",\"@id\":\"https:\\\/\\\/fr.motocrossmag.be\\\/#website\",\"url\":\"https:\\\/\\\/fr.motocrossmag.be\\\/\",\"name\":\"Motocross - Enduro - Supermoto | MotocrossMag\",\"description\":\"L&#039;actualit\u00e9 du motocross, de l&#039;enduro et du Supermoto en ligne!\",\"potentialAction\":[{\"@type\":\"SearchAction\",\"target\":{\"@type\":\"EntryPoint\",\"urlTemplate\":\"https:\\\/\\\/fr.motocrossmag.be\\\/?s={search_term_string}\"},\"query-input\":{\"@type\":\"PropertyValueSpecification\",\"valueRequired\":true,\"valueName\":\"search_term_string\"}}],\"inLanguage\":\"fr-FR\"},{\"@type\":\"Person\",\"@id\":\"https:\\\/\\\/fr.motocrossmag.be\\\/#\\\/schema\\\/person\\\/11b47143d9f755babca2c9110e03235c\",\"name\":\"oliviere\",\"image\":{\"@type\":\"ImageObject\",\"inLanguage\":\"fr-FR\",\"@id\":\"https:\\\/\\\/secure.gravatar.com\\\/avatar\\\/907069e0b81d119452040469e4a7501da1100f54f7f80180ce77bfab718288f6?s=96&d=mm&r=g\",\"url\":\"https:\\\/\\\/secure.gravatar.com\\\/avatar\\\/907069e0b81d119452040469e4a7501da1100f54f7f80180ce77bfab718288f6?s=96&d=mm&r=g\",\"contentUrl\":\"https:\\\/\\\/secure.gravatar.com\\\/avatar\\\/907069e0b81d119452040469e4a7501da1100f54f7f80180ce77bfab718288f6?s=96&d=mm&r=g\",\"caption\":\"oliviere\"},\"sameAs\":[\"http:\\\/\\\/www.motocrossmag.be\"],\"url\":\"https:\\\/\\\/fr.motocrossmag.be\\\/index.php\\\/author\\\/oliviere\\\/\"}]}<\/script>\n<!-- \/ Yoast SEO plugin. -->","yoast_head_json":{"title":"Thomas Ramette en t\u00eate du championnat Arenacross : \"Je me r\u00e9gale !\" - Motocross - Enduro - Supermoto | MotocrossMag","robots":{"index":"index","follow":"follow","max-snippet":"max-snippet:-1","max-image-preview":"max-image-preview:large","max-video-preview":"max-video-preview:-1"},"canonical":"https:\/\/fr.motocrossmag.be\/index.php\/2020\/01\/thomas-ramette-en-tete-du-championnat-arenacross-je-me-regale\/","og_locale":"fr_FR","og_type":"article","og_title":"Thomas Ramette en t\u00eate du championnat Arenacross : \"Je me r\u00e9gale !\" - Motocross - Enduro - Supermoto | MotocrossMag","og_description":"Le week-end pass\u00e9, le stade de Belfast accueillait l&rsquo;\u00e9preuve d&rsquo;ouverture du championnat Arenacross. Deux premi\u00e8res soir\u00e9es dont Thomas Ramette repartait en leader du classement provisoire 450 de la s\u00e9rie britannique. [...]","og_url":"https:\/\/fr.motocrossmag.be\/index.php\/2020\/01\/thomas-ramette-en-tete-du-championnat-arenacross-je-me-regale\/","og_site_name":"Motocross - Enduro - Supermoto | MotocrossMag","article_published_time":"2020-01-21T04:09:29+00:00","article_modified_time":"2020-01-21T06:10:13+00:00","og_image":[{"width":1000,"height":679,"url":"https:\/\/fr.motocrossmag.be\/wp-content\/uploads\/2020\/01\/thomas-ramette.jpeg","type":"image\/jpeg"}],"author":"oliviere","twitter_card":"summary_large_image","twitter_misc":{"\u00c9crit par":"oliviere","Dur\u00e9e de lecture estim\u00e9e":"2 minutes"},"schema":{"@context":"https:\/\/schema.org","@graph":[{"@type":"Article","@id":"https:\/\/fr.motocrossmag.be\/index.php\/2020\/01\/thomas-ramette-en-tete-du-championnat-arenacross-je-me-regale\/#article","isPartOf":{"@id":"https:\/\/fr.motocrossmag.be\/index.php\/2020\/01\/thomas-ramette-en-tete-du-championnat-arenacross-je-me-regale\/"},"author":{"name":"oliviere","@id":"https:\/\/fr.motocrossmag.be\/#\/schema\/person\/11b47143d9f755babca2c9110e03235c"},"headline":"Thomas Ramette en t\u00eate du championnat Arenacross : \u00ab\u00a0Je me r\u00e9gale !\u00a0\u00bb","datePublished":"2020-01-21T04:09:29+00:00","dateModified":"2020-01-21T06:10:13+00:00","mainEntityOfPage":{"@id":"https:\/\/fr.motocrossmag.be\/index.php\/2020\/01\/thomas-ramette-en-tete-du-championnat-arenacross-je-me-regale\/"},"wordCount":442,"commentCount":0,"image":{"@id":"https:\/\/fr.motocrossmag.be\/index.php\/2020\/01\/thomas-ramette-en-tete-du-championnat-arenacross-je-me-regale\/#primaryimage"},"thumbnailUrl":"https:\/\/fr.motocrossmag.be\/wp-content\/uploads\/2020\/01\/thomas-ramette.jpeg","keywords":["arenacross","Supercross"],"articleSection":["Actualit\u00e9","Motocross","News","News","Slideshow"],"inLanguage":"fr-FR","potentialAction":[{"@type":"CommentAction","name":"Comment","target":["https:\/\/fr.motocrossmag.be\/index.php\/2020\/01\/thomas-ramette-en-tete-du-championnat-arenacross-je-me-regale\/#respond"]}]},{"@type":"WebPage","@id":"https:\/\/fr.motocrossmag.be\/index.php\/2020\/01\/thomas-ramette-en-tete-du-championnat-arenacross-je-me-regale\/","url":"https:\/\/fr.motocrossmag.be\/index.php\/2020\/01\/thomas-ramette-en-tete-du-championnat-arenacross-je-me-regale\/","name":"Thomas Ramette en t\u00eate du championnat Arenacross : \"Je me r\u00e9gale !\" - Motocross - Enduro - Supermoto | MotocrossMag","isPartOf":{"@id":"https:\/\/fr.motocrossmag.be\/#website"},"primaryImageOfPage":{"@id":"https:\/\/fr.motocrossmag.be\/index.php\/2020\/01\/thomas-ramette-en-tete-du-championnat-arenacross-je-me-regale\/#primaryimage"},"image":{"@id":"https:\/\/fr.motocrossmag.be\/index.php\/2020\/01\/thomas-ramette-en-tete-du-championnat-arenacross-je-me-regale\/#primaryimage"},"thumbnailUrl":"https:\/\/fr.motocrossmag.be\/wp-content\/uploads\/2020\/01\/thomas-ramette.jpeg","datePublished":"2020-01-21T04:09:29+00:00","dateModified":"2020-01-21T06:10:13+00:00","author":{"@id":"https:\/\/fr.motocrossmag.be\/#\/schema\/person\/11b47143d9f755babca2c9110e03235c"},"breadcrumb":{"@id":"https:\/\/fr.motocrossmag.be\/index.php\/2020\/01\/thomas-ramette-en-tete-du-championnat-arenacross-je-me-regale\/#breadcrumb"},"inLanguage":"fr-FR","potentialAction":[{"@type":"ReadAction","target":["https:\/\/fr.motocrossmag.be\/index.php\/2020\/01\/thomas-ramette-en-tete-du-championnat-arenacross-je-me-regale\/"]}]},{"@type":"ImageObject","inLanguage":"fr-FR","@id":"https:\/\/fr.motocrossmag.be\/index.php\/2020\/01\/thomas-ramette-en-tete-du-championnat-arenacross-je-me-regale\/#primaryimage","url":"https:\/\/fr.motocrossmag.be\/wp-content\/uploads\/2020\/01\/thomas-ramette.jpeg","contentUrl":"https:\/\/fr.motocrossmag.be\/wp-content\/uploads\/2020\/01\/thomas-ramette.jpeg","width":1000,"height":679},{"@type":"BreadcrumbList","@id":"https:\/\/fr.motocrossmag.be\/index.php\/2020\/01\/thomas-ramette-en-tete-du-championnat-arenacross-je-me-regale\/#breadcrumb","itemListElement":[{"@type":"ListItem","position":1,"name":"Accueil","item":"https:\/\/fr.motocrossmag.be\/"},{"@type":"ListItem","position":2,"name":"Thomas Ramette en t\u00eate du championnat Arenacross : \u00ab\u00a0Je me r\u00e9gale !\u00a0\u00bb"}]},{"@type":"WebSite","@id":"https:\/\/fr.motocrossmag.be\/#website","url":"https:\/\/fr.motocrossmag.be\/","name":"Motocross - Enduro - Supermoto | MotocrossMag","description":"L&#039;actualit\u00e9 du motocross, de l&#039;enduro et du Supermoto en ligne!","potentialAction":[{"@type":"SearchAction","target":{"@type":"EntryPoint","urlTemplate":"https:\/\/fr.motocrossmag.be\/?s={search_term_string}"},"query-input":{"@type":"PropertyValueSpecification","valueRequired":true,"valueName":"search_term_string"}}],"inLanguage":"fr-FR"},{"@type":"Person","@id":"https:\/\/fr.motocrossmag.be\/#\/schema\/person\/11b47143d9f755babca2c9110e03235c","name":"oliviere","image":{"@type":"ImageObject","inLanguage":"fr-FR","@id":"https:\/\/secure.gravatar.com\/avatar\/907069e0b81d119452040469e4a7501da1100f54f7f80180ce77bfab718288f6?s=96&d=mm&r=g","url":"https:\/\/secure.gravatar.com\/avatar\/907069e0b81d119452040469e4a7501da1100f54f7f80180ce77bfab718288f6?s=96&d=mm&r=g","contentUrl":"https:\/\/secure.gravatar.com\/avatar\/907069e0b81d119452040469e4a7501da1100f54f7f80180ce77bfab718288f6?s=96&d=mm&r=g","caption":"oliviere"},"sameAs":["http:\/\/www.motocrossmag.be"],"url":"https:\/\/fr.motocrossmag.be\/index.php\/author\/oliviere\/"}]}},"_links":{"self":[{"href":"https:\/\/fr.motocrossmag.be\/index.php\/wp-json\/wp\/v2\/posts\/100778","targetHints":{"allow":["GET"]}}],"collection":[{"href":"https:\/\/fr.motocrossmag.be\/index.php\/wp-json\/wp\/v2\/posts"}],"about":[{"href":"https:\/\/fr.motocrossmag.be\/index.php\/wp-json\/wp\/v2\/types\/post"}],"author":[{"embeddable":true,"href":"https:\/\/fr.motocrossmag.be\/index.php\/wp-json\/wp\/v2\/users\/932"}],"replies":[{"embeddable":true,"href":"https:\/\/fr.motocrossmag.be\/index.php\/wp-json\/wp\/v2\/comments?post=100778"}],"version-history":[{"count":0,"href":"https:\/\/fr.motocrossmag.be\/index.php\/wp-json\/wp\/v2\/posts\/100778\/revisions"}],"wp:featuredmedia":[{"embeddable":true,"href":"https:\/\/fr.motocrossmag.be\/index.php\/wp-json\/wp\/v2\/media\/100779"}],"wp:attachment":[{"href":"https:\/\/fr.motocrossmag.be\/index.php\/wp-json\/wp\/v2\/media?parent=100778"}],"wp:term":[{"taxonomy":"category","embeddable":true,"href":"https:\/\/fr.motocrossmag.be\/index.php\/wp-json\/wp\/v2\/categories?post=100778"},{"taxonomy":"post_tag","embeddable":true,"href":"https:\/\/fr.motocrossmag.be\/index.php\/wp-json\/wp\/v2\/tags?post=100778"}],"curies":[{"name":"wp","href":"https:\/\/api.w.org\/{rel}","templated":true}]}}