{"id":100780,"date":"2020-01-21T07:43:43","date_gmt":"2020-01-21T06:43:43","guid":{"rendered":"http:\/\/fr.motocrossmag.be\/?p=100780"},"modified":"2020-01-21T07:43:43","modified_gmt":"2020-01-21T06:43:43","slug":"jeffrey-dewulf-en-allemagne-en-hollande-et-en-belgique-avec-ktm-belgique-et-motorshop-desmet","status":"publish","type":"post","link":"https:\/\/fr.motocrossmag.be\/index.php\/2020\/01\/jeffrey-dewulf-en-allemagne-en-hollande-et-en-belgique-avec-ktm-belgique-et-motorshop-desmet\/","title":{"rendered":"Jeffrey Dewulf en Allemagne, en Hollande et en Belgique avec KTM Belgique et Motorshop Desmet"},"content":{"rendered":"<p><strong>La saison 2020 de Jeffrey Dewulf s&rsquo;annonce charg\u00e9e. Celui qui pr\u00e9pare activement l&rsquo;Enduropale du Touquet, o\u00f9 il est attendu parmi les favoris, pr\u00e9pare \u00e9galement une saison sportive 2020 qui l&#8217;emm\u00e8nera sur le championnat allemand ADAC MX Masters, sur les \u00e9preuves hollandaises Dutch Masters of Motocross et sur une s\u00e9lection de courses en Belgique. Tout cela avec le soutien de KTM Belgique, qui supporte le flandrien depuis 2017, et de son dealer officiel KTM Motorshop Desmet.<\/strong><\/p>\n<p>\u00ab\u00a0C&rsquo;est intense mais c&rsquo;est aussi une belle combinaison, ce sont des championnats qui se compl\u00e8tent bien\u00a0\u00bb, commente Dewulf qui pourra compter en Allemagne sur le support additionnel de WZ Racing.<\/p>\n<p>&nbsp;<\/p>\n<div id=\"ConnectiveDocSignExtentionInstalled\" data-extension-version=\"1.0.4\"><\/div>\n","protected":false},"excerpt":{"rendered":"<p>La saison 2020 de Jeffrey Dewulf s&rsquo;annonce charg\u00e9e. Celui qui pr\u00e9pare activement l&rsquo;Enduropale du Touquet, o\u00f9 il est attendu parmi les favoris, pr\u00e9pare \u00e9galement une saison sportive 2020 qui l&#8217;emm\u00e8nera [&#8230;]<\/p>\n","protected":false},"author":932,"featured_media":100781,"comment_status":"open","ping_status":"closed","sticky":false,"template":"","format":"standard","meta":{"footnotes":""},"categories":[54,1075,4,5,55,65],"tags":[947,1178],"class_list":["post-100780","post","type-post","status-publish","format-standard","has-post-thumbnail","hentry","category-actualite","category-courses-de-sable","category-motocross","category-news","category-news-actualite","category-slideshow","tag-motocross","tag-sable"],"yoast_head":"<!-- This site is optimized with the Yoast SEO plugin v27.4 - https:\/\/yoast.com\/product\/yoast-seo-wordpress\/ -->\n<title>Jeffrey Dewulf en Allemagne, en Hollande et en Belgique avec KTM Belgique et Motorshop Desmet - Motocross - Enduro - Supermoto | MotocrossMag<\/title>\n<meta name=\"robots\" content=\"index, follow, max-snippet:-1, max-image-preview:large, max-video-preview:-1\" \/>\n<link rel=\"canonical\" href=\"https:\/\/fr.motocrossmag.be\/index.php\/2020\/01\/jeffrey-dewulf-en-allemagne-en-hollande-et-en-belgique-avec-ktm-belgique-et-motorshop-desmet\/\" \/>\n<meta property=\"og:locale\" content=\"fr_FR\" \/>\n<meta property=\"og:type\" content=\"article\" \/>\n<meta property=\"og:title\" content=\"Jeffrey Dewulf en Allemagne, en Hollande et en Belgique avec KTM Belgique et Motorshop Desmet - Motocross - Enduro - Supermoto | MotocrossMag\" \/>\n<meta property=\"og:description\" content=\"La saison 2020 de Jeffrey Dewulf s&rsquo;annonce charg\u00e9e. Celui qui pr\u00e9pare activement l&rsquo;Enduropale du Touquet, o\u00f9 il est attendu parmi les favoris, pr\u00e9pare \u00e9galement une saison sportive 2020 qui l&#8217;emm\u00e8nera [...]\" \/>\n<meta property=\"og:url\" content=\"https:\/\/fr.motocrossmag.be\/index.php\/2020\/01\/jeffrey-dewulf-en-allemagne-en-hollande-et-en-belgique-avec-ktm-belgique-et-motorshop-desmet\/\" \/>\n<meta property=\"og:site_name\" content=\"Motocross - Enduro - Supermoto | MotocrossMag\" \/>\n<meta property=\"article:published_time\" content=\"2020-01-21T06:43:43+00:00\" \/>\n<meta property=\"og:image\" content=\"https:\/\/fr.motocrossmag.be\/wp-content\/uploads\/2020\/01\/dewulf-jeffrey-ktm.jpg\" \/>\n\t<meta property=\"og:image:width\" content=\"900\" \/>\n\t<meta property=\"og:image:height\" content=\"600\" \/>\n\t<meta property=\"og:image:type\" content=\"image\/jpeg\" \/>\n<meta name=\"author\" content=\"oliviere\" \/>\n<meta name=\"twitter:card\" content=\"summary_large_image\" \/>\n<meta name=\"twitter:label1\" content=\"\u00c9crit par\" \/>\n\t<meta name=\"twitter:data1\" content=\"oliviere\" \/>\n\t<meta name=\"twitter:label2\" content=\"Dur\u00e9e de lecture estim\u00e9e\" \/>\n\t<meta name=\"twitter:data2\" content=\"1 minute\" \/>\n<script type=\"application\/ld+json\" class=\"yoast-schema-graph\">{\"@context\":\"https:\\\/\\\/schema.org\",\"@graph\":[{\"@type\":\"Article\",\"@id\":\"https:\\\/\\\/fr.motocrossmag.be\\\/index.php\\\/2020\\\/01\\\/jeffrey-dewulf-en-allemagne-en-hollande-et-en-belgique-avec-ktm-belgique-et-motorshop-desmet\\\/#article\",\"isPartOf\":{\"@id\":\"https:\\\/\\\/fr.motocrossmag.be\\\/index.php\\\/2020\\\/01\\\/jeffrey-dewulf-en-allemagne-en-hollande-et-en-belgique-avec-ktm-belgique-et-motorshop-desmet\\\/\"},\"author\":{\"name\":\"oliviere\",\"@id\":\"https:\\\/\\\/fr.motocrossmag.be\\\/#\\\/schema\\\/person\\\/11b47143d9f755babca2c9110e03235c\"},\"headline\":\"Jeffrey Dewulf en Allemagne, en Hollande et en Belgique avec KTM Belgique et Motorshop Desmet\",\"datePublished\":\"2020-01-21T06:43:43+00:00\",\"mainEntityOfPage\":{\"@id\":\"https:\\\/\\\/fr.motocrossmag.be\\\/index.php\\\/2020\\\/01\\\/jeffrey-dewulf-en-allemagne-en-hollande-et-en-belgique-avec-ktm-belgique-et-motorshop-desmet\\\/\"},\"wordCount\":129,\"commentCount\":0,\"image\":{\"@id\":\"https:\\\/\\\/fr.motocrossmag.be\\\/index.php\\\/2020\\\/01\\\/jeffrey-dewulf-en-allemagne-en-hollande-et-en-belgique-avec-ktm-belgique-et-motorshop-desmet\\\/#primaryimage\"},\"thumbnailUrl\":\"https:\\\/\\\/fr.motocrossmag.be\\\/wp-content\\\/uploads\\\/2020\\\/01\\\/dewulf-jeffrey-ktm.jpg\",\"keywords\":[\"Motocross\",\"sable\"],\"articleSection\":[\"Actualit\u00e9\",\"Courses de sable\",\"Motocross\",\"News\",\"News\",\"Slideshow\"],\"inLanguage\":\"fr-FR\",\"potentialAction\":[{\"@type\":\"CommentAction\",\"name\":\"Comment\",\"target\":[\"https:\\\/\\\/fr.motocrossmag.be\\\/index.php\\\/2020\\\/01\\\/jeffrey-dewulf-en-allemagne-en-hollande-et-en-belgique-avec-ktm-belgique-et-motorshop-desmet\\\/#respond\"]}]},{\"@type\":\"WebPage\",\"@id\":\"https:\\\/\\\/fr.motocrossmag.be\\\/index.php\\\/2020\\\/01\\\/jeffrey-dewulf-en-allemagne-en-hollande-et-en-belgique-avec-ktm-belgique-et-motorshop-desmet\\\/\",\"url\":\"https:\\\/\\\/fr.motocrossmag.be\\\/index.php\\\/2020\\\/01\\\/jeffrey-dewulf-en-allemagne-en-hollande-et-en-belgique-avec-ktm-belgique-et-motorshop-desmet\\\/\",\"name\":\"Jeffrey Dewulf en Allemagne, en Hollande et en Belgique avec KTM Belgique et Motorshop Desmet - Motocross - Enduro - Supermoto | MotocrossMag\",\"isPartOf\":{\"@id\":\"https:\\\/\\\/fr.motocrossmag.be\\\/#website\"},\"primaryImageOfPage\":{\"@id\":\"https:\\\/\\\/fr.motocrossmag.be\\\/index.php\\\/2020\\\/01\\\/jeffrey-dewulf-en-allemagne-en-hollande-et-en-belgique-avec-ktm-belgique-et-motorshop-desmet\\\/#primaryimage\"},\"image\":{\"@id\":\"https:\\\/\\\/fr.motocrossmag.be\\\/index.php\\\/2020\\\/01\\\/jeffrey-dewulf-en-allemagne-en-hollande-et-en-belgique-avec-ktm-belgique-et-motorshop-desmet\\\/#primaryimage\"},\"thumbnailUrl\":\"https:\\\/\\\/fr.motocrossmag.be\\\/wp-content\\\/uploads\\\/2020\\\/01\\\/dewulf-jeffrey-ktm.jpg\",\"datePublished\":\"2020-01-21T06:43:43+00:00\",\"author\":{\"@id\":\"https:\\\/\\\/fr.motocrossmag.be\\\/#\\\/schema\\\/person\\\/11b47143d9f755babca2c9110e03235c\"},\"breadcrumb\":{\"@id\":\"https:\\\/\\\/fr.motocrossmag.be\\\/index.php\\\/2020\\\/01\\\/jeffrey-dewulf-en-allemagne-en-hollande-et-en-belgique-avec-ktm-belgique-et-motorshop-desmet\\\/#breadcrumb\"},\"inLanguage\":\"fr-FR\",\"potentialAction\":[{\"@type\":\"ReadAction\",\"target\":[\"https:\\\/\\\/fr.motocrossmag.be\\\/index.php\\\/2020\\\/01\\\/jeffrey-dewulf-en-allemagne-en-hollande-et-en-belgique-avec-ktm-belgique-et-motorshop-desmet\\\/\"]}]},{\"@type\":\"ImageObject\",\"inLanguage\":\"fr-FR\",\"@id\":\"https:\\\/\\\/fr.motocrossmag.be\\\/index.php\\\/2020\\\/01\\\/jeffrey-dewulf-en-allemagne-en-hollande-et-en-belgique-avec-ktm-belgique-et-motorshop-desmet\\\/#primaryimage\",\"url\":\"https:\\\/\\\/fr.motocrossmag.be\\\/wp-content\\\/uploads\\\/2020\\\/01\\\/dewulf-jeffrey-ktm.jpg\",\"contentUrl\":\"https:\\\/\\\/fr.motocrossmag.be\\\/wp-content\\\/uploads\\\/2020\\\/01\\\/dewulf-jeffrey-ktm.jpg\",\"width\":900,\"height\":600},{\"@type\":\"BreadcrumbList\",\"@id\":\"https:\\\/\\\/fr.motocrossmag.be\\\/index.php\\\/2020\\\/01\\\/jeffrey-dewulf-en-allemagne-en-hollande-et-en-belgique-avec-ktm-belgique-et-motorshop-desmet\\\/#breadcrumb\",\"itemListElement\":[{\"@type\":\"ListItem\",\"position\":1,\"name\":\"Accueil\",\"item\":\"https:\\\/\\\/fr.motocrossmag.be\\\/\"},{\"@type\":\"ListItem\",\"position\":2,\"name\":\"Jeffrey Dewulf en Allemagne, en Hollande et en Belgique avec KTM Belgique et Motorshop Desmet\"}]},{\"@type\":\"WebSite\",\"@id\":\"https:\\\/\\\/fr.motocrossmag.be\\\/#website\",\"url\":\"https:\\\/\\\/fr.motocrossmag.be\\\/\",\"name\":\"Motocross - Enduro - Supermoto | MotocrossMag\",\"description\":\"L&#039;actualit\u00e9 du motocross, de l&#039;enduro et du Supermoto en ligne!\",\"potentialAction\":[{\"@type\":\"SearchAction\",\"target\":{\"@type\":\"EntryPoint\",\"urlTemplate\":\"https:\\\/\\\/fr.motocrossmag.be\\\/?s={search_term_string}\"},\"query-input\":{\"@type\":\"PropertyValueSpecification\",\"valueRequired\":true,\"valueName\":\"search_term_string\"}}],\"inLanguage\":\"fr-FR\"},{\"@type\":\"Person\",\"@id\":\"https:\\\/\\\/fr.motocrossmag.be\\\/#\\\/schema\\\/person\\\/11b47143d9f755babca2c9110e03235c\",\"name\":\"oliviere\",\"image\":{\"@type\":\"ImageObject\",\"inLanguage\":\"fr-FR\",\"@id\":\"https:\\\/\\\/secure.gravatar.com\\\/avatar\\\/907069e0b81d119452040469e4a7501da1100f54f7f80180ce77bfab718288f6?s=96&d=mm&r=g\",\"url\":\"https:\\\/\\\/secure.gravatar.com\\\/avatar\\\/907069e0b81d119452040469e4a7501da1100f54f7f80180ce77bfab718288f6?s=96&d=mm&r=g\",\"contentUrl\":\"https:\\\/\\\/secure.gravatar.com\\\/avatar\\\/907069e0b81d119452040469e4a7501da1100f54f7f80180ce77bfab718288f6?s=96&d=mm&r=g\",\"caption\":\"oliviere\"},\"sameAs\":[\"http:\\\/\\\/www.motocrossmag.be\"],\"url\":\"https:\\\/\\\/fr.motocrossmag.be\\\/index.php\\\/author\\\/oliviere\\\/\"}]}<\/script>\n<!-- \/ Yoast SEO plugin. -->","yoast_head_json":{"title":"Jeffrey Dewulf en Allemagne, en Hollande et en Belgique avec KTM Belgique et Motorshop Desmet - Motocross - Enduro - Supermoto | MotocrossMag","robots":{"index":"index","follow":"follow","max-snippet":"max-snippet:-1","max-image-preview":"max-image-preview:large","max-video-preview":"max-video-preview:-1"},"canonical":"https:\/\/fr.motocrossmag.be\/index.php\/2020\/01\/jeffrey-dewulf-en-allemagne-en-hollande-et-en-belgique-avec-ktm-belgique-et-motorshop-desmet\/","og_locale":"fr_FR","og_type":"article","og_title":"Jeffrey Dewulf en Allemagne, en Hollande et en Belgique avec KTM Belgique et Motorshop Desmet - Motocross - Enduro - Supermoto | MotocrossMag","og_description":"La saison 2020 de Jeffrey Dewulf s&rsquo;annonce charg\u00e9e. Celui qui pr\u00e9pare activement l&rsquo;Enduropale du Touquet, o\u00f9 il est attendu parmi les favoris, pr\u00e9pare \u00e9galement une saison sportive 2020 qui l&#8217;emm\u00e8nera [...]","og_url":"https:\/\/fr.motocrossmag.be\/index.php\/2020\/01\/jeffrey-dewulf-en-allemagne-en-hollande-et-en-belgique-avec-ktm-belgique-et-motorshop-desmet\/","og_site_name":"Motocross - Enduro - Supermoto | MotocrossMag","article_published_time":"2020-01-21T06:43:43+00:00","og_image":[{"width":900,"height":600,"url":"https:\/\/fr.motocrossmag.be\/wp-content\/uploads\/2020\/01\/dewulf-jeffrey-ktm.jpg","type":"image\/jpeg"}],"author":"oliviere","twitter_card":"summary_large_image","twitter_misc":{"\u00c9crit par":"oliviere","Dur\u00e9e de lecture estim\u00e9e":"1 minute"},"schema":{"@context":"https:\/\/schema.org","@graph":[{"@type":"Article","@id":"https:\/\/fr.motocrossmag.be\/index.php\/2020\/01\/jeffrey-dewulf-en-allemagne-en-hollande-et-en-belgique-avec-ktm-belgique-et-motorshop-desmet\/#article","isPartOf":{"@id":"https:\/\/fr.motocrossmag.be\/index.php\/2020\/01\/jeffrey-dewulf-en-allemagne-en-hollande-et-en-belgique-avec-ktm-belgique-et-motorshop-desmet\/"},"author":{"name":"oliviere","@id":"https:\/\/fr.motocrossmag.be\/#\/schema\/person\/11b47143d9f755babca2c9110e03235c"},"headline":"Jeffrey Dewulf en Allemagne, en Hollande et en Belgique avec KTM Belgique et Motorshop Desmet","datePublished":"2020-01-21T06:43:43+00:00","mainEntityOfPage":{"@id":"https:\/\/fr.motocrossmag.be\/index.php\/2020\/01\/jeffrey-dewulf-en-allemagne-en-hollande-et-en-belgique-avec-ktm-belgique-et-motorshop-desmet\/"},"wordCount":129,"commentCount":0,"image":{"@id":"https:\/\/fr.motocrossmag.be\/index.php\/2020\/01\/jeffrey-dewulf-en-allemagne-en-hollande-et-en-belgique-avec-ktm-belgique-et-motorshop-desmet\/#primaryimage"},"thumbnailUrl":"https:\/\/fr.motocrossmag.be\/wp-content\/uploads\/2020\/01\/dewulf-jeffrey-ktm.jpg","keywords":["Motocross","sable"],"articleSection":["Actualit\u00e9","Courses de sable","Motocross","News","News","Slideshow"],"inLanguage":"fr-FR","potentialAction":[{"@type":"CommentAction","name":"Comment","target":["https:\/\/fr.motocrossmag.be\/index.php\/2020\/01\/jeffrey-dewulf-en-allemagne-en-hollande-et-en-belgique-avec-ktm-belgique-et-motorshop-desmet\/#respond"]}]},{"@type":"WebPage","@id":"https:\/\/fr.motocrossmag.be\/index.php\/2020\/01\/jeffrey-dewulf-en-allemagne-en-hollande-et-en-belgique-avec-ktm-belgique-et-motorshop-desmet\/","url":"https:\/\/fr.motocrossmag.be\/index.php\/2020\/01\/jeffrey-dewulf-en-allemagne-en-hollande-et-en-belgique-avec-ktm-belgique-et-motorshop-desmet\/","name":"Jeffrey Dewulf en Allemagne, en Hollande et en Belgique avec KTM Belgique et Motorshop Desmet - Motocross - Enduro - Supermoto | MotocrossMag","isPartOf":{"@id":"https:\/\/fr.motocrossmag.be\/#website"},"primaryImageOfPage":{"@id":"https:\/\/fr.motocrossmag.be\/index.php\/2020\/01\/jeffrey-dewulf-en-allemagne-en-hollande-et-en-belgique-avec-ktm-belgique-et-motorshop-desmet\/#primaryimage"},"image":{"@id":"https:\/\/fr.motocrossmag.be\/index.php\/2020\/01\/jeffrey-dewulf-en-allemagne-en-hollande-et-en-belgique-avec-ktm-belgique-et-motorshop-desmet\/#primaryimage"},"thumbnailUrl":"https:\/\/fr.motocrossmag.be\/wp-content\/uploads\/2020\/01\/dewulf-jeffrey-ktm.jpg","datePublished":"2020-01-21T06:43:43+00:00","author":{"@id":"https:\/\/fr.motocrossmag.be\/#\/schema\/person\/11b47143d9f755babca2c9110e03235c"},"breadcrumb":{"@id":"https:\/\/fr.motocrossmag.be\/index.php\/2020\/01\/jeffrey-dewulf-en-allemagne-en-hollande-et-en-belgique-avec-ktm-belgique-et-motorshop-desmet\/#breadcrumb"},"inLanguage":"fr-FR","potentialAction":[{"@type":"ReadAction","target":["https:\/\/fr.motocrossmag.be\/index.php\/2020\/01\/jeffrey-dewulf-en-allemagne-en-hollande-et-en-belgique-avec-ktm-belgique-et-motorshop-desmet\/"]}]},{"@type":"ImageObject","inLanguage":"fr-FR","@id":"https:\/\/fr.motocrossmag.be\/index.php\/2020\/01\/jeffrey-dewulf-en-allemagne-en-hollande-et-en-belgique-avec-ktm-belgique-et-motorshop-desmet\/#primaryimage","url":"https:\/\/fr.motocrossmag.be\/wp-content\/uploads\/2020\/01\/dewulf-jeffrey-ktm.jpg","contentUrl":"https:\/\/fr.motocrossmag.be\/wp-content\/uploads\/2020\/01\/dewulf-jeffrey-ktm.jpg","width":900,"height":600},{"@type":"BreadcrumbList","@id":"https:\/\/fr.motocrossmag.be\/index.php\/2020\/01\/jeffrey-dewulf-en-allemagne-en-hollande-et-en-belgique-avec-ktm-belgique-et-motorshop-desmet\/#breadcrumb","itemListElement":[{"@type":"ListItem","position":1,"name":"Accueil","item":"https:\/\/fr.motocrossmag.be\/"},{"@type":"ListItem","position":2,"name":"Jeffrey Dewulf en Allemagne, en Hollande et en Belgique avec KTM Belgique et Motorshop Desmet"}]},{"@type":"WebSite","@id":"https:\/\/fr.motocrossmag.be\/#website","url":"https:\/\/fr.motocrossmag.be\/","name":"Motocross - Enduro - Supermoto | MotocrossMag","description":"L&#039;actualit\u00e9 du motocross, de l&#039;enduro et du Supermoto en ligne!","potentialAction":[{"@type":"SearchAction","target":{"@type":"EntryPoint","urlTemplate":"https:\/\/fr.motocrossmag.be\/?s={search_term_string}"},"query-input":{"@type":"PropertyValueSpecification","valueRequired":true,"valueName":"search_term_string"}}],"inLanguage":"fr-FR"},{"@type":"Person","@id":"https:\/\/fr.motocrossmag.be\/#\/schema\/person\/11b47143d9f755babca2c9110e03235c","name":"oliviere","image":{"@type":"ImageObject","inLanguage":"fr-FR","@id":"https:\/\/secure.gravatar.com\/avatar\/907069e0b81d119452040469e4a7501da1100f54f7f80180ce77bfab718288f6?s=96&d=mm&r=g","url":"https:\/\/secure.gravatar.com\/avatar\/907069e0b81d119452040469e4a7501da1100f54f7f80180ce77bfab718288f6?s=96&d=mm&r=g","contentUrl":"https:\/\/secure.gravatar.com\/avatar\/907069e0b81d119452040469e4a7501da1100f54f7f80180ce77bfab718288f6?s=96&d=mm&r=g","caption":"oliviere"},"sameAs":["http:\/\/www.motocrossmag.be"],"url":"https:\/\/fr.motocrossmag.be\/index.php\/author\/oliviere\/"}]}},"_links":{"self":[{"href":"https:\/\/fr.motocrossmag.be\/index.php\/wp-json\/wp\/v2\/posts\/100780","targetHints":{"allow":["GET"]}}],"collection":[{"href":"https:\/\/fr.motocrossmag.be\/index.php\/wp-json\/wp\/v2\/posts"}],"about":[{"href":"https:\/\/fr.motocrossmag.be\/index.php\/wp-json\/wp\/v2\/types\/post"}],"author":[{"embeddable":true,"href":"https:\/\/fr.motocrossmag.be\/index.php\/wp-json\/wp\/v2\/users\/932"}],"replies":[{"embeddable":true,"href":"https:\/\/fr.motocrossmag.be\/index.php\/wp-json\/wp\/v2\/comments?post=100780"}],"version-history":[{"count":0,"href":"https:\/\/fr.motocrossmag.be\/index.php\/wp-json\/wp\/v2\/posts\/100780\/revisions"}],"wp:featuredmedia":[{"embeddable":true,"href":"https:\/\/fr.motocrossmag.be\/index.php\/wp-json\/wp\/v2\/media\/100781"}],"wp:attachment":[{"href":"https:\/\/fr.motocrossmag.be\/index.php\/wp-json\/wp\/v2\/media?parent=100780"}],"wp:term":[{"taxonomy":"category","embeddable":true,"href":"https:\/\/fr.motocrossmag.be\/index.php\/wp-json\/wp\/v2\/categories?post=100780"},{"taxonomy":"post_tag","embeddable":true,"href":"https:\/\/fr.motocrossmag.be\/index.php\/wp-json\/wp\/v2\/tags?post=100780"}],"curies":[{"name":"wp","href":"https:\/\/api.w.org\/{rel}","templated":true}]}}