{"id":100944,"date":"2020-01-26T18:34:29","date_gmt":"2020-01-26T17:34:29","guid":{"rendered":"http:\/\/fr.motocrossmag.be\/?p=100944"},"modified":"2020-01-26T18:35:35","modified_gmt":"2020-01-26T17:35:35","slug":"jago-geerts-simpose-en-italie","status":"publish","type":"post","link":"https:\/\/fr.motocrossmag.be\/index.php\/2020\/01\/jago-geerts-simpose-en-italie\/","title":{"rendered":"Jago Geerts s&rsquo;impose en Italie"},"content":{"rendered":"<p><strong>La saison 2020 commence bien pour Jago Geerts. Le pilote Yamaha s&rsquo;est impos\u00e9 ce dimanche sur le premier round du championnat d&rsquo;Italie, sur la piste de Riola Sardo, en Sardaigne.<\/strong><\/p>\n<p>Les pilotes Yamaha ont fait forte impression ce dimanche dans le sable de Riola Sardo. Car si Jago Geerts s&rsquo;impose et c\u00e9l\u00e8bre en Italie son premier succ\u00e8s d&rsquo;une saison 2020 prometteuse, le Belge est rest\u00e9 sous la pression de son co\u00e9quipier Ben Watson. Le Britannique termine l&rsquo;unique manche MX2 de la journ\u00e9e \u00e0 moins d&rsquo;une seconde de Geerts. Maxime Renaux compl\u00e8te le podium tandis que le champion d&rsquo;Europe 125cc Mattia Guadagnini termine 4\u00e8me.<\/p>\n<p>Dans la Superfinale opposant pilotes MX1 et MX2, Geerts et Watson sont \u00e0 nouveau les meilleurs pilotes MX2 en terminant respectivement aux 5 et 6\u00e8mes places d&rsquo;une course remport\u00e9e par le champion du monde MXGP en titre Tim Gajser devant Jeremy Seewer et Arminas Jasikonis.<\/p>\n<p><span style=\"color: #800000;\"><strong>R\u00e9sultats<\/strong><\/span><\/p>\n<p>MANCHE MX2<\/p>\n<div dir=\"auto\">\n<p><strong>1. Geerts Jago (BEL, YAM), 16 tours<\/strong>;\u00a02. Watson Ben (GBR, YAM), +00 854;\u00a03. Renaux Maxime (FRA, YAM), +17 046;\u00a04. Guadagnini Mattia (ITA, HUS), +31.192;\u00a05. Edelbacher Roland (AUT, HUS), +1: 00.228;\u00a06. Kutsar Karel (EST, KTM), +1: 07.594;\u00a07. Damm Bastian Bogh (DEN, KTM), +1: 14.284;\u00a08. Cenerelli Gianmarco (ITA, HUS), +1: 22 388;\u00a09. Lesiardo Morgan (ITA, YAM), +1: 39 178;\u00a010. Lugana Paolo (ITA, KTM), +1: 50 448;\u00a011. Zonta Filippo (ITA, KTM), +1: 53,368;\u00a012. Zanotti Andrea (ITA, KTM), +1: 54,452;\u00a013. Tropepe Giuseppe (ITA, YAM), +1: 56 948;\u00a014. Quarti Yuri (ITA, HUS), +2: 00.379;&#8230;<\/p>\n<p>SUPERFINALE MX1 + MX2<\/p>\n<div dir=\"auto\">1. Gajser Tim (SLO, HON), 16 tours;\u00a02. Seewer Jeremy (SUI, YAM), +02.591;\u00a03. Jasikonis Arminas (LTU, HUS), +24 740;\u00a04. Paulin Gautier (FRA, YAM), +36 598;\u00a0<strong>5. Geerts Jago (BEL, YAM), +45.356;\u00a0<\/strong>6. Watson Ben (GBR, YAM), +45 765;\u00a07. Bogers Brian (NED, KTM), +1: 01.088;\u00a08. Cervellin Michele (ITA, YAM), +1: 10 687;\u00a09. Forato Alberto (ITA, HUS), +1: 12.347;\u00a010. Renaux Maxime (FRA, YAM), +1: 30 157;\u00a011. Lesiardo Morgan (ITA, YAM), +1: 32 599;\u00a012. Febvre Romain (FRA, KAW), +1: 34 836;\u00a013. Guadagnini Mattia (ITA, HUS), +1: 41 661;\u00a014. Kutsar Karel (EST, KTM), +1: 57,170;\u00a015. Nermann Johannes (EST, HUS), +2: 02.901;&#8230;<\/div>\n<\/div>\n<p>&nbsp;<\/p>\n","protected":false},"excerpt":{"rendered":"<p>La saison 2020 commence bien pour Jago Geerts. Le pilote Yamaha s&rsquo;est impos\u00e9 ce dimanche sur le premier round du championnat d&rsquo;Italie, sur la piste de Riola Sardo, en Sardaigne. [&#8230;]<\/p>\n","protected":false},"author":932,"featured_media":100945,"comment_status":"open","ping_status":"closed","sticky":false,"template":"","format":"standard","meta":{"footnotes":""},"categories":[54,4,5,55,56,65],"tags":[131,813,947],"class_list":["post-100944","post","type-post","status-publish","format-standard","has-post-thumbnail","hentry","category-actualite","category-motocross","category-news","category-news-actualite","category-resultats","category-slideshow","tag-italie","tag-jago-geerts","tag-motocross"],"yoast_head":"<!-- This site is optimized with the Yoast SEO plugin v27.4 - https:\/\/yoast.com\/product\/yoast-seo-wordpress\/ -->\n<title>Jago Geerts s&#039;impose en Italie - Motocross - Enduro - Supermoto | MotocrossMag<\/title>\n<meta name=\"robots\" content=\"index, follow, max-snippet:-1, max-image-preview:large, max-video-preview:-1\" \/>\n<link rel=\"canonical\" href=\"https:\/\/fr.motocrossmag.be\/index.php\/2020\/01\/jago-geerts-simpose-en-italie\/\" \/>\n<meta property=\"og:locale\" content=\"fr_FR\" \/>\n<meta property=\"og:type\" content=\"article\" \/>\n<meta property=\"og:title\" content=\"Jago Geerts s&#039;impose en Italie - Motocross - Enduro - Supermoto | MotocrossMag\" \/>\n<meta property=\"og:description\" content=\"La saison 2020 commence bien pour Jago Geerts. Le pilote Yamaha s&rsquo;est impos\u00e9 ce dimanche sur le premier round du championnat d&rsquo;Italie, sur la piste de Riola Sardo, en Sardaigne. [...]\" \/>\n<meta property=\"og:url\" content=\"https:\/\/fr.motocrossmag.be\/index.php\/2020\/01\/jago-geerts-simpose-en-italie\/\" \/>\n<meta property=\"og:site_name\" content=\"Motocross - Enduro - Supermoto | MotocrossMag\" \/>\n<meta property=\"article:published_time\" content=\"2020-01-26T17:34:29+00:00\" \/>\n<meta property=\"article:modified_time\" content=\"2020-01-26T17:35:35+00:00\" \/>\n<meta property=\"og:image\" content=\"https:\/\/fr.motocrossmag.be\/wp-content\/uploads\/2020\/01\/Jago-Geerts_riola.jpg\" \/>\n\t<meta property=\"og:image:width\" content=\"901\" \/>\n\t<meta property=\"og:image:height\" content=\"600\" \/>\n\t<meta property=\"og:image:type\" content=\"image\/jpeg\" \/>\n<meta name=\"author\" content=\"oliviere\" \/>\n<meta name=\"twitter:card\" content=\"summary_large_image\" \/>\n<meta name=\"twitter:label1\" content=\"\u00c9crit par\" \/>\n\t<meta name=\"twitter:data1\" content=\"oliviere\" \/>\n\t<meta name=\"twitter:label2\" content=\"Dur\u00e9e de lecture estim\u00e9e\" \/>\n\t<meta name=\"twitter:data2\" content=\"1 minute\" \/>\n<script type=\"application\/ld+json\" class=\"yoast-schema-graph\">{\"@context\":\"https:\\\/\\\/schema.org\",\"@graph\":[{\"@type\":\"Article\",\"@id\":\"https:\\\/\\\/fr.motocrossmag.be\\\/index.php\\\/2020\\\/01\\\/jago-geerts-simpose-en-italie\\\/#article\",\"isPartOf\":{\"@id\":\"https:\\\/\\\/fr.motocrossmag.be\\\/index.php\\\/2020\\\/01\\\/jago-geerts-simpose-en-italie\\\/\"},\"author\":{\"name\":\"oliviere\",\"@id\":\"https:\\\/\\\/fr.motocrossmag.be\\\/#\\\/schema\\\/person\\\/11b47143d9f755babca2c9110e03235c\"},\"headline\":\"Jago Geerts s&rsquo;impose en Italie\",\"datePublished\":\"2020-01-26T17:34:29+00:00\",\"dateModified\":\"2020-01-26T17:35:35+00:00\",\"mainEntityOfPage\":{\"@id\":\"https:\\\/\\\/fr.motocrossmag.be\\\/index.php\\\/2020\\\/01\\\/jago-geerts-simpose-en-italie\\\/\"},\"wordCount\":291,\"commentCount\":0,\"image\":{\"@id\":\"https:\\\/\\\/fr.motocrossmag.be\\\/index.php\\\/2020\\\/01\\\/jago-geerts-simpose-en-italie\\\/#primaryimage\"},\"thumbnailUrl\":\"https:\\\/\\\/fr.motocrossmag.be\\\/wp-content\\\/uploads\\\/2020\\\/01\\\/Jago-Geerts_riola.jpg\",\"keywords\":[\"italie\",\"Jago Geerts\",\"Motocross\"],\"articleSection\":[\"Actualit\u00e9\",\"Motocross\",\"News\",\"News\",\"R\u00e9sultats\",\"Slideshow\"],\"inLanguage\":\"fr-FR\",\"potentialAction\":[{\"@type\":\"CommentAction\",\"name\":\"Comment\",\"target\":[\"https:\\\/\\\/fr.motocrossmag.be\\\/index.php\\\/2020\\\/01\\\/jago-geerts-simpose-en-italie\\\/#respond\"]}]},{\"@type\":\"WebPage\",\"@id\":\"https:\\\/\\\/fr.motocrossmag.be\\\/index.php\\\/2020\\\/01\\\/jago-geerts-simpose-en-italie\\\/\",\"url\":\"https:\\\/\\\/fr.motocrossmag.be\\\/index.php\\\/2020\\\/01\\\/jago-geerts-simpose-en-italie\\\/\",\"name\":\"Jago Geerts s'impose en Italie - Motocross - Enduro - Supermoto | MotocrossMag\",\"isPartOf\":{\"@id\":\"https:\\\/\\\/fr.motocrossmag.be\\\/#website\"},\"primaryImageOfPage\":{\"@id\":\"https:\\\/\\\/fr.motocrossmag.be\\\/index.php\\\/2020\\\/01\\\/jago-geerts-simpose-en-italie\\\/#primaryimage\"},\"image\":{\"@id\":\"https:\\\/\\\/fr.motocrossmag.be\\\/index.php\\\/2020\\\/01\\\/jago-geerts-simpose-en-italie\\\/#primaryimage\"},\"thumbnailUrl\":\"https:\\\/\\\/fr.motocrossmag.be\\\/wp-content\\\/uploads\\\/2020\\\/01\\\/Jago-Geerts_riola.jpg\",\"datePublished\":\"2020-01-26T17:34:29+00:00\",\"dateModified\":\"2020-01-26T17:35:35+00:00\",\"author\":{\"@id\":\"https:\\\/\\\/fr.motocrossmag.be\\\/#\\\/schema\\\/person\\\/11b47143d9f755babca2c9110e03235c\"},\"breadcrumb\":{\"@id\":\"https:\\\/\\\/fr.motocrossmag.be\\\/index.php\\\/2020\\\/01\\\/jago-geerts-simpose-en-italie\\\/#breadcrumb\"},\"inLanguage\":\"fr-FR\",\"potentialAction\":[{\"@type\":\"ReadAction\",\"target\":[\"https:\\\/\\\/fr.motocrossmag.be\\\/index.php\\\/2020\\\/01\\\/jago-geerts-simpose-en-italie\\\/\"]}]},{\"@type\":\"ImageObject\",\"inLanguage\":\"fr-FR\",\"@id\":\"https:\\\/\\\/fr.motocrossmag.be\\\/index.php\\\/2020\\\/01\\\/jago-geerts-simpose-en-italie\\\/#primaryimage\",\"url\":\"https:\\\/\\\/fr.motocrossmag.be\\\/wp-content\\\/uploads\\\/2020\\\/01\\\/Jago-Geerts_riola.jpg\",\"contentUrl\":\"https:\\\/\\\/fr.motocrossmag.be\\\/wp-content\\\/uploads\\\/2020\\\/01\\\/Jago-Geerts_riola.jpg\",\"width\":901,\"height\":600},{\"@type\":\"BreadcrumbList\",\"@id\":\"https:\\\/\\\/fr.motocrossmag.be\\\/index.php\\\/2020\\\/01\\\/jago-geerts-simpose-en-italie\\\/#breadcrumb\",\"itemListElement\":[{\"@type\":\"ListItem\",\"position\":1,\"name\":\"Accueil\",\"item\":\"https:\\\/\\\/fr.motocrossmag.be\\\/\"},{\"@type\":\"ListItem\",\"position\":2,\"name\":\"Jago Geerts s&rsquo;impose en Italie\"}]},{\"@type\":\"WebSite\",\"@id\":\"https:\\\/\\\/fr.motocrossmag.be\\\/#website\",\"url\":\"https:\\\/\\\/fr.motocrossmag.be\\\/\",\"name\":\"Motocross - Enduro - Supermoto | MotocrossMag\",\"description\":\"L&#039;actualit\u00e9 du motocross, de l&#039;enduro et du Supermoto en ligne!\",\"potentialAction\":[{\"@type\":\"SearchAction\",\"target\":{\"@type\":\"EntryPoint\",\"urlTemplate\":\"https:\\\/\\\/fr.motocrossmag.be\\\/?s={search_term_string}\"},\"query-input\":{\"@type\":\"PropertyValueSpecification\",\"valueRequired\":true,\"valueName\":\"search_term_string\"}}],\"inLanguage\":\"fr-FR\"},{\"@type\":\"Person\",\"@id\":\"https:\\\/\\\/fr.motocrossmag.be\\\/#\\\/schema\\\/person\\\/11b47143d9f755babca2c9110e03235c\",\"name\":\"oliviere\",\"image\":{\"@type\":\"ImageObject\",\"inLanguage\":\"fr-FR\",\"@id\":\"https:\\\/\\\/secure.gravatar.com\\\/avatar\\\/907069e0b81d119452040469e4a7501da1100f54f7f80180ce77bfab718288f6?s=96&d=mm&r=g\",\"url\":\"https:\\\/\\\/secure.gravatar.com\\\/avatar\\\/907069e0b81d119452040469e4a7501da1100f54f7f80180ce77bfab718288f6?s=96&d=mm&r=g\",\"contentUrl\":\"https:\\\/\\\/secure.gravatar.com\\\/avatar\\\/907069e0b81d119452040469e4a7501da1100f54f7f80180ce77bfab718288f6?s=96&d=mm&r=g\",\"caption\":\"oliviere\"},\"sameAs\":[\"http:\\\/\\\/www.motocrossmag.be\"],\"url\":\"https:\\\/\\\/fr.motocrossmag.be\\\/index.php\\\/author\\\/oliviere\\\/\"}]}<\/script>\n<!-- \/ Yoast SEO plugin. -->","yoast_head_json":{"title":"Jago Geerts s'impose en Italie - Motocross - Enduro - Supermoto | MotocrossMag","robots":{"index":"index","follow":"follow","max-snippet":"max-snippet:-1","max-image-preview":"max-image-preview:large","max-video-preview":"max-video-preview:-1"},"canonical":"https:\/\/fr.motocrossmag.be\/index.php\/2020\/01\/jago-geerts-simpose-en-italie\/","og_locale":"fr_FR","og_type":"article","og_title":"Jago Geerts s'impose en Italie - Motocross - Enduro - Supermoto | MotocrossMag","og_description":"La saison 2020 commence bien pour Jago Geerts. Le pilote Yamaha s&rsquo;est impos\u00e9 ce dimanche sur le premier round du championnat d&rsquo;Italie, sur la piste de Riola Sardo, en Sardaigne. [...]","og_url":"https:\/\/fr.motocrossmag.be\/index.php\/2020\/01\/jago-geerts-simpose-en-italie\/","og_site_name":"Motocross - Enduro - Supermoto | MotocrossMag","article_published_time":"2020-01-26T17:34:29+00:00","article_modified_time":"2020-01-26T17:35:35+00:00","og_image":[{"width":901,"height":600,"url":"https:\/\/fr.motocrossmag.be\/wp-content\/uploads\/2020\/01\/Jago-Geerts_riola.jpg","type":"image\/jpeg"}],"author":"oliviere","twitter_card":"summary_large_image","twitter_misc":{"\u00c9crit par":"oliviere","Dur\u00e9e de lecture estim\u00e9e":"1 minute"},"schema":{"@context":"https:\/\/schema.org","@graph":[{"@type":"Article","@id":"https:\/\/fr.motocrossmag.be\/index.php\/2020\/01\/jago-geerts-simpose-en-italie\/#article","isPartOf":{"@id":"https:\/\/fr.motocrossmag.be\/index.php\/2020\/01\/jago-geerts-simpose-en-italie\/"},"author":{"name":"oliviere","@id":"https:\/\/fr.motocrossmag.be\/#\/schema\/person\/11b47143d9f755babca2c9110e03235c"},"headline":"Jago Geerts s&rsquo;impose en Italie","datePublished":"2020-01-26T17:34:29+00:00","dateModified":"2020-01-26T17:35:35+00:00","mainEntityOfPage":{"@id":"https:\/\/fr.motocrossmag.be\/index.php\/2020\/01\/jago-geerts-simpose-en-italie\/"},"wordCount":291,"commentCount":0,"image":{"@id":"https:\/\/fr.motocrossmag.be\/index.php\/2020\/01\/jago-geerts-simpose-en-italie\/#primaryimage"},"thumbnailUrl":"https:\/\/fr.motocrossmag.be\/wp-content\/uploads\/2020\/01\/Jago-Geerts_riola.jpg","keywords":["italie","Jago Geerts","Motocross"],"articleSection":["Actualit\u00e9","Motocross","News","News","R\u00e9sultats","Slideshow"],"inLanguage":"fr-FR","potentialAction":[{"@type":"CommentAction","name":"Comment","target":["https:\/\/fr.motocrossmag.be\/index.php\/2020\/01\/jago-geerts-simpose-en-italie\/#respond"]}]},{"@type":"WebPage","@id":"https:\/\/fr.motocrossmag.be\/index.php\/2020\/01\/jago-geerts-simpose-en-italie\/","url":"https:\/\/fr.motocrossmag.be\/index.php\/2020\/01\/jago-geerts-simpose-en-italie\/","name":"Jago Geerts s'impose en Italie - Motocross - Enduro - Supermoto | MotocrossMag","isPartOf":{"@id":"https:\/\/fr.motocrossmag.be\/#website"},"primaryImageOfPage":{"@id":"https:\/\/fr.motocrossmag.be\/index.php\/2020\/01\/jago-geerts-simpose-en-italie\/#primaryimage"},"image":{"@id":"https:\/\/fr.motocrossmag.be\/index.php\/2020\/01\/jago-geerts-simpose-en-italie\/#primaryimage"},"thumbnailUrl":"https:\/\/fr.motocrossmag.be\/wp-content\/uploads\/2020\/01\/Jago-Geerts_riola.jpg","datePublished":"2020-01-26T17:34:29+00:00","dateModified":"2020-01-26T17:35:35+00:00","author":{"@id":"https:\/\/fr.motocrossmag.be\/#\/schema\/person\/11b47143d9f755babca2c9110e03235c"},"breadcrumb":{"@id":"https:\/\/fr.motocrossmag.be\/index.php\/2020\/01\/jago-geerts-simpose-en-italie\/#breadcrumb"},"inLanguage":"fr-FR","potentialAction":[{"@type":"ReadAction","target":["https:\/\/fr.motocrossmag.be\/index.php\/2020\/01\/jago-geerts-simpose-en-italie\/"]}]},{"@type":"ImageObject","inLanguage":"fr-FR","@id":"https:\/\/fr.motocrossmag.be\/index.php\/2020\/01\/jago-geerts-simpose-en-italie\/#primaryimage","url":"https:\/\/fr.motocrossmag.be\/wp-content\/uploads\/2020\/01\/Jago-Geerts_riola.jpg","contentUrl":"https:\/\/fr.motocrossmag.be\/wp-content\/uploads\/2020\/01\/Jago-Geerts_riola.jpg","width":901,"height":600},{"@type":"BreadcrumbList","@id":"https:\/\/fr.motocrossmag.be\/index.php\/2020\/01\/jago-geerts-simpose-en-italie\/#breadcrumb","itemListElement":[{"@type":"ListItem","position":1,"name":"Accueil","item":"https:\/\/fr.motocrossmag.be\/"},{"@type":"ListItem","position":2,"name":"Jago Geerts s&rsquo;impose en Italie"}]},{"@type":"WebSite","@id":"https:\/\/fr.motocrossmag.be\/#website","url":"https:\/\/fr.motocrossmag.be\/","name":"Motocross - Enduro - Supermoto | MotocrossMag","description":"L&#039;actualit\u00e9 du motocross, de l&#039;enduro et du Supermoto en ligne!","potentialAction":[{"@type":"SearchAction","target":{"@type":"EntryPoint","urlTemplate":"https:\/\/fr.motocrossmag.be\/?s={search_term_string}"},"query-input":{"@type":"PropertyValueSpecification","valueRequired":true,"valueName":"search_term_string"}}],"inLanguage":"fr-FR"},{"@type":"Person","@id":"https:\/\/fr.motocrossmag.be\/#\/schema\/person\/11b47143d9f755babca2c9110e03235c","name":"oliviere","image":{"@type":"ImageObject","inLanguage":"fr-FR","@id":"https:\/\/secure.gravatar.com\/avatar\/907069e0b81d119452040469e4a7501da1100f54f7f80180ce77bfab718288f6?s=96&d=mm&r=g","url":"https:\/\/secure.gravatar.com\/avatar\/907069e0b81d119452040469e4a7501da1100f54f7f80180ce77bfab718288f6?s=96&d=mm&r=g","contentUrl":"https:\/\/secure.gravatar.com\/avatar\/907069e0b81d119452040469e4a7501da1100f54f7f80180ce77bfab718288f6?s=96&d=mm&r=g","caption":"oliviere"},"sameAs":["http:\/\/www.motocrossmag.be"],"url":"https:\/\/fr.motocrossmag.be\/index.php\/author\/oliviere\/"}]}},"_links":{"self":[{"href":"https:\/\/fr.motocrossmag.be\/index.php\/wp-json\/wp\/v2\/posts\/100944","targetHints":{"allow":["GET"]}}],"collection":[{"href":"https:\/\/fr.motocrossmag.be\/index.php\/wp-json\/wp\/v2\/posts"}],"about":[{"href":"https:\/\/fr.motocrossmag.be\/index.php\/wp-json\/wp\/v2\/types\/post"}],"author":[{"embeddable":true,"href":"https:\/\/fr.motocrossmag.be\/index.php\/wp-json\/wp\/v2\/users\/932"}],"replies":[{"embeddable":true,"href":"https:\/\/fr.motocrossmag.be\/index.php\/wp-json\/wp\/v2\/comments?post=100944"}],"version-history":[{"count":0,"href":"https:\/\/fr.motocrossmag.be\/index.php\/wp-json\/wp\/v2\/posts\/100944\/revisions"}],"wp:featuredmedia":[{"embeddable":true,"href":"https:\/\/fr.motocrossmag.be\/index.php\/wp-json\/wp\/v2\/media\/100945"}],"wp:attachment":[{"href":"https:\/\/fr.motocrossmag.be\/index.php\/wp-json\/wp\/v2\/media?parent=100944"}],"wp:term":[{"taxonomy":"category","embeddable":true,"href":"https:\/\/fr.motocrossmag.be\/index.php\/wp-json\/wp\/v2\/categories?post=100944"},{"taxonomy":"post_tag","embeddable":true,"href":"https:\/\/fr.motocrossmag.be\/index.php\/wp-json\/wp\/v2\/tags?post=100944"}],"curies":[{"name":"wp","href":"https:\/\/api.w.org\/{rel}","templated":true}]}}