{"id":100946,"date":"2020-01-26T20:32:34","date_gmt":"2020-01-26T19:32:34","guid":{"rendered":"http:\/\/fr.motocrossmag.be\/?p=100946"},"modified":"2020-01-26T20:32:34","modified_gmt":"2020-01-26T19:32:34","slug":"clement-desalle-au-pied-du-podium-a-riola-sardo","status":"publish","type":"post","link":"https:\/\/fr.motocrossmag.be\/index.php\/2020\/01\/clement-desalle-au-pied-du-podium-a-riola-sardo\/","title":{"rendered":"Cl\u00e9ment Desalle au pied du podium \u00e0 Riola Sardo"},"content":{"rendered":"<p><strong>Cl\u00e9ment Desalle disputait ce dimanche \u00e0 Riola Sardo, en Italie, la premi\u00e8re course de sa saison 2020. Le pilote Kawasaki en revient avec une 4\u00e8me place dans la cat\u00e9gorie MX1. En Superfinale, il a \u00e9t\u00e9 contraint \u00e0 l&rsquo;abandon sur ennuis m\u00e9caniques.<\/strong><\/p>\n<p>En l&rsquo;absence d&rsquo;Antonio Cairoli, qui a report\u00e9 sa rentr\u00e9e de deux semaines, Tim Gajser s&rsquo;est clairement montr\u00e9 le plus fort ce dimanche dans le sable de Riola Sardo. Le champion du monde en titre devance son nouveau co\u00e9quipier chez Honda Mitch Evans dans la manche MX1 avant de remporter la Superfinale devant Jeremy Seewer.<\/p>\n<p>On notera la belle prestation d&rsquo;Alberto Forato, 7\u00e8me dans la manche MX1 puis 9\u00e8me en Superfinale et la prestation prudente de Romain F\u00e8bvre. Pour sa premi\u00e8re sortie au guidon de la Kawasaki officielle, l&rsquo;ancien champion du monde MXGP se contente de rentrer en 14\u00e8me position avant de terminer 12\u00e8me de la Superfinale.<\/p>\n<p><span style=\"color: #800000;\"><strong>R\u00e9sultats<\/strong><\/span><\/p>\n<p>MANCHE MX1<\/p>\n<p>1. Gajser Tim (SLO, HON), 16 tours;\u00a02. Evans Mitchell (AUS, HON), +03.091;\u00a03. Seewer Jeremy (SUI, YAM), +11.720;\u00a0<strong>4. Desalle Clement (BEL, KAW), +16,341<\/strong>;\u00a05. Jasikonis Arminas (LTU, HUS), +19.155;\u00a06. Monticelli Ivo (ITA, KTM), +27 663;\u00a07. Forato Alberto (ITA, HUS), +28 771;\u00a08. Paulin Gautier (FRA, YAM), +35,678;\u00a09. Cervellin Michele (ITA, YAM), +36 976;\u00a010.BogersBrian (NED, KTM), +1: 14.289;\u00a011. Jonass Pauls (LAT, HUS), +1: 21.515;\u00a012. Jacobi Henry (GER, YAM), +1: 34.098;\u00a013. Kahro Erki (EST, KTM), +1: 34,761;\u00a014. Febvre Romain (FRA, KAW), +1: 37 572;&#8230;.<\/p>\n<p>SUPERFINALE MX1 + MX2<\/p>\n<div dir=\"auto\">1. Gajser Tim (SLO, HON), 16 tours;\u00a02. Seewer Jeremy (SUI, YAM), +02.591;\u00a03. Jasikonis Arminas (LTU, HUS), +24 740;\u00a04. Paulin Gautier (FRA, YAM), +36 598;\u00a0<strong>5. Geerts Jago (BEL, YAM), +45.356;\u00a0<\/strong>6. Watson Ben (GBR, YAM), +45 765;\u00a07. Bogers Brian (NED, KTM), +1: 01.088;\u00a08. Cervellin Michele (ITA, YAM), +1: 10 687;\u00a09. Forato Alberto (ITA, HUS), +1: 12.347;\u00a010. Renaux Maxime (FRA, YAM), +1: 30 157;\u00a011. Lesiardo Morgan (ITA, YAM), +1: 32 599;\u00a012. Febvre Romain (FRA, KAW), +1: 34 836;\u00a013. Guadagnini Mattia (ITA, HUS), +1: 41 661;\u00a014. Kutsar Karel (EST, KTM), +1: 57,170;\u00a015. Nermann Johannes (EST, HUS), +2: 02.901;&#8230;<\/div>\n","protected":false},"excerpt":{"rendered":"<p>Cl\u00e9ment Desalle disputait ce dimanche \u00e0 Riola Sardo, en Italie, la premi\u00e8re course de sa saison 2020. Le pilote Kawasaki en revient avec une 4\u00e8me place dans la cat\u00e9gorie MX1. [&#8230;]<\/p>\n","protected":false},"author":932,"featured_media":100922,"comment_status":"open","ping_status":"closed","sticky":false,"template":"","format":"standard","meta":{"footnotes":""},"categories":[54,4,5,55,65],"tags":[131,947],"class_list":["post-100946","post","type-post","status-publish","format-standard","has-post-thumbnail","hentry","category-actualite","category-motocross","category-news","category-news-actualite","category-slideshow","tag-italie","tag-motocross"],"yoast_head":"<!-- This site is optimized with the Yoast SEO plugin v27.4 - https:\/\/yoast.com\/product\/yoast-seo-wordpress\/ -->\n<title>Cl\u00e9ment Desalle au pied du podium \u00e0 Riola Sardo - Motocross - Enduro - Supermoto | MotocrossMag<\/title>\n<meta name=\"robots\" content=\"index, follow, max-snippet:-1, max-image-preview:large, max-video-preview:-1\" \/>\n<link rel=\"canonical\" href=\"https:\/\/fr.motocrossmag.be\/index.php\/2020\/01\/clement-desalle-au-pied-du-podium-a-riola-sardo\/\" \/>\n<meta property=\"og:locale\" content=\"fr_FR\" \/>\n<meta property=\"og:type\" content=\"article\" \/>\n<meta property=\"og:title\" content=\"Cl\u00e9ment Desalle au pied du podium \u00e0 Riola Sardo - Motocross - Enduro - Supermoto | MotocrossMag\" \/>\n<meta property=\"og:description\" content=\"Cl\u00e9ment Desalle disputait ce dimanche \u00e0 Riola Sardo, en Italie, la premi\u00e8re course de sa saison 2020. Le pilote Kawasaki en revient avec une 4\u00e8me place dans la cat\u00e9gorie MX1. [...]\" \/>\n<meta property=\"og:url\" content=\"https:\/\/fr.motocrossmag.be\/index.php\/2020\/01\/clement-desalle-au-pied-du-podium-a-riola-sardo\/\" \/>\n<meta property=\"og:site_name\" content=\"Motocross - Enduro - Supermoto | MotocrossMag\" \/>\n<meta property=\"article:published_time\" content=\"2020-01-26T19:32:34+00:00\" \/>\n<meta property=\"og:image\" content=\"https:\/\/fr.motocrossmag.be\/wp-content\/uploads\/2020\/01\/DeSalle_Clement_KRT_2020_action_ZA_0766.jpg\" \/>\n\t<meta property=\"og:image:width\" content=\"900\" \/>\n\t<meta property=\"og:image:height\" content=\"600\" \/>\n\t<meta property=\"og:image:type\" content=\"image\/jpeg\" \/>\n<meta name=\"author\" content=\"oliviere\" \/>\n<meta name=\"twitter:card\" content=\"summary_large_image\" \/>\n<meta name=\"twitter:label1\" content=\"\u00c9crit par\" \/>\n\t<meta name=\"twitter:data1\" content=\"oliviere\" \/>\n\t<meta name=\"twitter:label2\" content=\"Dur\u00e9e de lecture estim\u00e9e\" \/>\n\t<meta name=\"twitter:data2\" content=\"1 minute\" \/>\n<script type=\"application\/ld+json\" class=\"yoast-schema-graph\">{\"@context\":\"https:\\\/\\\/schema.org\",\"@graph\":[{\"@type\":\"Article\",\"@id\":\"https:\\\/\\\/fr.motocrossmag.be\\\/index.php\\\/2020\\\/01\\\/clement-desalle-au-pied-du-podium-a-riola-sardo\\\/#article\",\"isPartOf\":{\"@id\":\"https:\\\/\\\/fr.motocrossmag.be\\\/index.php\\\/2020\\\/01\\\/clement-desalle-au-pied-du-podium-a-riola-sardo\\\/\"},\"author\":{\"name\":\"oliviere\",\"@id\":\"https:\\\/\\\/fr.motocrossmag.be\\\/#\\\/schema\\\/person\\\/11b47143d9f755babca2c9110e03235c\"},\"headline\":\"Cl\u00e9ment Desalle au pied du podium \u00e0 Riola Sardo\",\"datePublished\":\"2020-01-26T19:32:34+00:00\",\"mainEntityOfPage\":{\"@id\":\"https:\\\/\\\/fr.motocrossmag.be\\\/index.php\\\/2020\\\/01\\\/clement-desalle-au-pied-du-podium-a-riola-sardo\\\/\"},\"wordCount\":291,\"commentCount\":0,\"image\":{\"@id\":\"https:\\\/\\\/fr.motocrossmag.be\\\/index.php\\\/2020\\\/01\\\/clement-desalle-au-pied-du-podium-a-riola-sardo\\\/#primaryimage\"},\"thumbnailUrl\":\"https:\\\/\\\/fr.motocrossmag.be\\\/wp-content\\\/uploads\\\/2020\\\/01\\\/DeSalle_Clement_KRT_2020_action_ZA_0766.jpg\",\"keywords\":[\"italie\",\"Motocross\"],\"articleSection\":[\"Actualit\u00e9\",\"Motocross\",\"News\",\"News\",\"Slideshow\"],\"inLanguage\":\"fr-FR\",\"potentialAction\":[{\"@type\":\"CommentAction\",\"name\":\"Comment\",\"target\":[\"https:\\\/\\\/fr.motocrossmag.be\\\/index.php\\\/2020\\\/01\\\/clement-desalle-au-pied-du-podium-a-riola-sardo\\\/#respond\"]}]},{\"@type\":\"WebPage\",\"@id\":\"https:\\\/\\\/fr.motocrossmag.be\\\/index.php\\\/2020\\\/01\\\/clement-desalle-au-pied-du-podium-a-riola-sardo\\\/\",\"url\":\"https:\\\/\\\/fr.motocrossmag.be\\\/index.php\\\/2020\\\/01\\\/clement-desalle-au-pied-du-podium-a-riola-sardo\\\/\",\"name\":\"Cl\u00e9ment Desalle au pied du podium \u00e0 Riola Sardo - Motocross - Enduro - Supermoto | MotocrossMag\",\"isPartOf\":{\"@id\":\"https:\\\/\\\/fr.motocrossmag.be\\\/#website\"},\"primaryImageOfPage\":{\"@id\":\"https:\\\/\\\/fr.motocrossmag.be\\\/index.php\\\/2020\\\/01\\\/clement-desalle-au-pied-du-podium-a-riola-sardo\\\/#primaryimage\"},\"image\":{\"@id\":\"https:\\\/\\\/fr.motocrossmag.be\\\/index.php\\\/2020\\\/01\\\/clement-desalle-au-pied-du-podium-a-riola-sardo\\\/#primaryimage\"},\"thumbnailUrl\":\"https:\\\/\\\/fr.motocrossmag.be\\\/wp-content\\\/uploads\\\/2020\\\/01\\\/DeSalle_Clement_KRT_2020_action_ZA_0766.jpg\",\"datePublished\":\"2020-01-26T19:32:34+00:00\",\"author\":{\"@id\":\"https:\\\/\\\/fr.motocrossmag.be\\\/#\\\/schema\\\/person\\\/11b47143d9f755babca2c9110e03235c\"},\"breadcrumb\":{\"@id\":\"https:\\\/\\\/fr.motocrossmag.be\\\/index.php\\\/2020\\\/01\\\/clement-desalle-au-pied-du-podium-a-riola-sardo\\\/#breadcrumb\"},\"inLanguage\":\"fr-FR\",\"potentialAction\":[{\"@type\":\"ReadAction\",\"target\":[\"https:\\\/\\\/fr.motocrossmag.be\\\/index.php\\\/2020\\\/01\\\/clement-desalle-au-pied-du-podium-a-riola-sardo\\\/\"]}]},{\"@type\":\"ImageObject\",\"inLanguage\":\"fr-FR\",\"@id\":\"https:\\\/\\\/fr.motocrossmag.be\\\/index.php\\\/2020\\\/01\\\/clement-desalle-au-pied-du-podium-a-riola-sardo\\\/#primaryimage\",\"url\":\"https:\\\/\\\/fr.motocrossmag.be\\\/wp-content\\\/uploads\\\/2020\\\/01\\\/DeSalle_Clement_KRT_2020_action_ZA_0766.jpg\",\"contentUrl\":\"https:\\\/\\\/fr.motocrossmag.be\\\/wp-content\\\/uploads\\\/2020\\\/01\\\/DeSalle_Clement_KRT_2020_action_ZA_0766.jpg\",\"width\":900,\"height\":600},{\"@type\":\"BreadcrumbList\",\"@id\":\"https:\\\/\\\/fr.motocrossmag.be\\\/index.php\\\/2020\\\/01\\\/clement-desalle-au-pied-du-podium-a-riola-sardo\\\/#breadcrumb\",\"itemListElement\":[{\"@type\":\"ListItem\",\"position\":1,\"name\":\"Accueil\",\"item\":\"https:\\\/\\\/fr.motocrossmag.be\\\/\"},{\"@type\":\"ListItem\",\"position\":2,\"name\":\"Cl\u00e9ment Desalle au pied du podium \u00e0 Riola Sardo\"}]},{\"@type\":\"WebSite\",\"@id\":\"https:\\\/\\\/fr.motocrossmag.be\\\/#website\",\"url\":\"https:\\\/\\\/fr.motocrossmag.be\\\/\",\"name\":\"Motocross - Enduro - Supermoto | MotocrossMag\",\"description\":\"L&#039;actualit\u00e9 du motocross, de l&#039;enduro et du Supermoto en ligne!\",\"potentialAction\":[{\"@type\":\"SearchAction\",\"target\":{\"@type\":\"EntryPoint\",\"urlTemplate\":\"https:\\\/\\\/fr.motocrossmag.be\\\/?s={search_term_string}\"},\"query-input\":{\"@type\":\"PropertyValueSpecification\",\"valueRequired\":true,\"valueName\":\"search_term_string\"}}],\"inLanguage\":\"fr-FR\"},{\"@type\":\"Person\",\"@id\":\"https:\\\/\\\/fr.motocrossmag.be\\\/#\\\/schema\\\/person\\\/11b47143d9f755babca2c9110e03235c\",\"name\":\"oliviere\",\"image\":{\"@type\":\"ImageObject\",\"inLanguage\":\"fr-FR\",\"@id\":\"https:\\\/\\\/secure.gravatar.com\\\/avatar\\\/907069e0b81d119452040469e4a7501da1100f54f7f80180ce77bfab718288f6?s=96&d=mm&r=g\",\"url\":\"https:\\\/\\\/secure.gravatar.com\\\/avatar\\\/907069e0b81d119452040469e4a7501da1100f54f7f80180ce77bfab718288f6?s=96&d=mm&r=g\",\"contentUrl\":\"https:\\\/\\\/secure.gravatar.com\\\/avatar\\\/907069e0b81d119452040469e4a7501da1100f54f7f80180ce77bfab718288f6?s=96&d=mm&r=g\",\"caption\":\"oliviere\"},\"sameAs\":[\"http:\\\/\\\/www.motocrossmag.be\"],\"url\":\"https:\\\/\\\/fr.motocrossmag.be\\\/index.php\\\/author\\\/oliviere\\\/\"}]}<\/script>\n<!-- \/ Yoast SEO plugin. -->","yoast_head_json":{"title":"Cl\u00e9ment Desalle au pied du podium \u00e0 Riola Sardo - Motocross - Enduro - Supermoto | MotocrossMag","robots":{"index":"index","follow":"follow","max-snippet":"max-snippet:-1","max-image-preview":"max-image-preview:large","max-video-preview":"max-video-preview:-1"},"canonical":"https:\/\/fr.motocrossmag.be\/index.php\/2020\/01\/clement-desalle-au-pied-du-podium-a-riola-sardo\/","og_locale":"fr_FR","og_type":"article","og_title":"Cl\u00e9ment Desalle au pied du podium \u00e0 Riola Sardo - Motocross - Enduro - Supermoto | MotocrossMag","og_description":"Cl\u00e9ment Desalle disputait ce dimanche \u00e0 Riola Sardo, en Italie, la premi\u00e8re course de sa saison 2020. Le pilote Kawasaki en revient avec une 4\u00e8me place dans la cat\u00e9gorie MX1. [...]","og_url":"https:\/\/fr.motocrossmag.be\/index.php\/2020\/01\/clement-desalle-au-pied-du-podium-a-riola-sardo\/","og_site_name":"Motocross - Enduro - Supermoto | MotocrossMag","article_published_time":"2020-01-26T19:32:34+00:00","og_image":[{"width":900,"height":600,"url":"https:\/\/fr.motocrossmag.be\/wp-content\/uploads\/2020\/01\/DeSalle_Clement_KRT_2020_action_ZA_0766.jpg","type":"image\/jpeg"}],"author":"oliviere","twitter_card":"summary_large_image","twitter_misc":{"\u00c9crit par":"oliviere","Dur\u00e9e de lecture estim\u00e9e":"1 minute"},"schema":{"@context":"https:\/\/schema.org","@graph":[{"@type":"Article","@id":"https:\/\/fr.motocrossmag.be\/index.php\/2020\/01\/clement-desalle-au-pied-du-podium-a-riola-sardo\/#article","isPartOf":{"@id":"https:\/\/fr.motocrossmag.be\/index.php\/2020\/01\/clement-desalle-au-pied-du-podium-a-riola-sardo\/"},"author":{"name":"oliviere","@id":"https:\/\/fr.motocrossmag.be\/#\/schema\/person\/11b47143d9f755babca2c9110e03235c"},"headline":"Cl\u00e9ment Desalle au pied du podium \u00e0 Riola Sardo","datePublished":"2020-01-26T19:32:34+00:00","mainEntityOfPage":{"@id":"https:\/\/fr.motocrossmag.be\/index.php\/2020\/01\/clement-desalle-au-pied-du-podium-a-riola-sardo\/"},"wordCount":291,"commentCount":0,"image":{"@id":"https:\/\/fr.motocrossmag.be\/index.php\/2020\/01\/clement-desalle-au-pied-du-podium-a-riola-sardo\/#primaryimage"},"thumbnailUrl":"https:\/\/fr.motocrossmag.be\/wp-content\/uploads\/2020\/01\/DeSalle_Clement_KRT_2020_action_ZA_0766.jpg","keywords":["italie","Motocross"],"articleSection":["Actualit\u00e9","Motocross","News","News","Slideshow"],"inLanguage":"fr-FR","potentialAction":[{"@type":"CommentAction","name":"Comment","target":["https:\/\/fr.motocrossmag.be\/index.php\/2020\/01\/clement-desalle-au-pied-du-podium-a-riola-sardo\/#respond"]}]},{"@type":"WebPage","@id":"https:\/\/fr.motocrossmag.be\/index.php\/2020\/01\/clement-desalle-au-pied-du-podium-a-riola-sardo\/","url":"https:\/\/fr.motocrossmag.be\/index.php\/2020\/01\/clement-desalle-au-pied-du-podium-a-riola-sardo\/","name":"Cl\u00e9ment Desalle au pied du podium \u00e0 Riola Sardo - Motocross - Enduro - Supermoto | MotocrossMag","isPartOf":{"@id":"https:\/\/fr.motocrossmag.be\/#website"},"primaryImageOfPage":{"@id":"https:\/\/fr.motocrossmag.be\/index.php\/2020\/01\/clement-desalle-au-pied-du-podium-a-riola-sardo\/#primaryimage"},"image":{"@id":"https:\/\/fr.motocrossmag.be\/index.php\/2020\/01\/clement-desalle-au-pied-du-podium-a-riola-sardo\/#primaryimage"},"thumbnailUrl":"https:\/\/fr.motocrossmag.be\/wp-content\/uploads\/2020\/01\/DeSalle_Clement_KRT_2020_action_ZA_0766.jpg","datePublished":"2020-01-26T19:32:34+00:00","author":{"@id":"https:\/\/fr.motocrossmag.be\/#\/schema\/person\/11b47143d9f755babca2c9110e03235c"},"breadcrumb":{"@id":"https:\/\/fr.motocrossmag.be\/index.php\/2020\/01\/clement-desalle-au-pied-du-podium-a-riola-sardo\/#breadcrumb"},"inLanguage":"fr-FR","potentialAction":[{"@type":"ReadAction","target":["https:\/\/fr.motocrossmag.be\/index.php\/2020\/01\/clement-desalle-au-pied-du-podium-a-riola-sardo\/"]}]},{"@type":"ImageObject","inLanguage":"fr-FR","@id":"https:\/\/fr.motocrossmag.be\/index.php\/2020\/01\/clement-desalle-au-pied-du-podium-a-riola-sardo\/#primaryimage","url":"https:\/\/fr.motocrossmag.be\/wp-content\/uploads\/2020\/01\/DeSalle_Clement_KRT_2020_action_ZA_0766.jpg","contentUrl":"https:\/\/fr.motocrossmag.be\/wp-content\/uploads\/2020\/01\/DeSalle_Clement_KRT_2020_action_ZA_0766.jpg","width":900,"height":600},{"@type":"BreadcrumbList","@id":"https:\/\/fr.motocrossmag.be\/index.php\/2020\/01\/clement-desalle-au-pied-du-podium-a-riola-sardo\/#breadcrumb","itemListElement":[{"@type":"ListItem","position":1,"name":"Accueil","item":"https:\/\/fr.motocrossmag.be\/"},{"@type":"ListItem","position":2,"name":"Cl\u00e9ment Desalle au pied du podium \u00e0 Riola Sardo"}]},{"@type":"WebSite","@id":"https:\/\/fr.motocrossmag.be\/#website","url":"https:\/\/fr.motocrossmag.be\/","name":"Motocross - Enduro - Supermoto | MotocrossMag","description":"L&#039;actualit\u00e9 du motocross, de l&#039;enduro et du Supermoto en ligne!","potentialAction":[{"@type":"SearchAction","target":{"@type":"EntryPoint","urlTemplate":"https:\/\/fr.motocrossmag.be\/?s={search_term_string}"},"query-input":{"@type":"PropertyValueSpecification","valueRequired":true,"valueName":"search_term_string"}}],"inLanguage":"fr-FR"},{"@type":"Person","@id":"https:\/\/fr.motocrossmag.be\/#\/schema\/person\/11b47143d9f755babca2c9110e03235c","name":"oliviere","image":{"@type":"ImageObject","inLanguage":"fr-FR","@id":"https:\/\/secure.gravatar.com\/avatar\/907069e0b81d119452040469e4a7501da1100f54f7f80180ce77bfab718288f6?s=96&d=mm&r=g","url":"https:\/\/secure.gravatar.com\/avatar\/907069e0b81d119452040469e4a7501da1100f54f7f80180ce77bfab718288f6?s=96&d=mm&r=g","contentUrl":"https:\/\/secure.gravatar.com\/avatar\/907069e0b81d119452040469e4a7501da1100f54f7f80180ce77bfab718288f6?s=96&d=mm&r=g","caption":"oliviere"},"sameAs":["http:\/\/www.motocrossmag.be"],"url":"https:\/\/fr.motocrossmag.be\/index.php\/author\/oliviere\/"}]}},"_links":{"self":[{"href":"https:\/\/fr.motocrossmag.be\/index.php\/wp-json\/wp\/v2\/posts\/100946","targetHints":{"allow":["GET"]}}],"collection":[{"href":"https:\/\/fr.motocrossmag.be\/index.php\/wp-json\/wp\/v2\/posts"}],"about":[{"href":"https:\/\/fr.motocrossmag.be\/index.php\/wp-json\/wp\/v2\/types\/post"}],"author":[{"embeddable":true,"href":"https:\/\/fr.motocrossmag.be\/index.php\/wp-json\/wp\/v2\/users\/932"}],"replies":[{"embeddable":true,"href":"https:\/\/fr.motocrossmag.be\/index.php\/wp-json\/wp\/v2\/comments?post=100946"}],"version-history":[{"count":0,"href":"https:\/\/fr.motocrossmag.be\/index.php\/wp-json\/wp\/v2\/posts\/100946\/revisions"}],"wp:featuredmedia":[{"embeddable":true,"href":"https:\/\/fr.motocrossmag.be\/index.php\/wp-json\/wp\/v2\/media\/100922"}],"wp:attachment":[{"href":"https:\/\/fr.motocrossmag.be\/index.php\/wp-json\/wp\/v2\/media?parent=100946"}],"wp:term":[{"taxonomy":"category","embeddable":true,"href":"https:\/\/fr.motocrossmag.be\/index.php\/wp-json\/wp\/v2\/categories?post=100946"},{"taxonomy":"post_tag","embeddable":true,"href":"https:\/\/fr.motocrossmag.be\/index.php\/wp-json\/wp\/v2\/tags?post=100946"}],"curies":[{"name":"wp","href":"https:\/\/api.w.org\/{rel}","templated":true}]}}