{"id":100958,"date":"2020-01-28T05:10:55","date_gmt":"2020-01-28T04:10:55","guid":{"rendered":"http:\/\/fr.motocrossmag.be\/?p=100958"},"modified":"2020-01-28T06:05:58","modified_gmt":"2020-01-28T05:05:58","slug":"romain-febvre-je-dois-encore-gagner-en-vitesse","status":"publish","type":"post","link":"https:\/\/fr.motocrossmag.be\/index.php\/2020\/01\/romain-febvre-je-dois-encore-gagner-en-vitesse\/","title":{"rendered":"Romain F\u00e8bvre : \u00ab\u00a0Je dois encore gagner en vitesse\u00a0\u00bb"},"content":{"rendered":"<p><strong>Apr\u00e8s une saison 2019 malheureusement marqu\u00e9e par deux blessures, Romain F\u00e8bvre \u00e9tait de retour derri\u00e8re une grille de d\u00e9part ce week-end en Italie. Le nouveau pilote Kawasaki KRT disputait \u00e0 Riola Sardo sa premi\u00e8re course depuis de longs mois et effectuait aussi sa toute premi\u00e8re sortie en comp\u00e9tition au guidon de la Kawasaki officielle frapp\u00e9e de son nouveau num\u00e9ro de course.<\/strong><\/p>\n<p>\u00ab\u00a0Apr\u00e8s un si long break, c&rsquo;est vraiment un super feeling que de se retrouver \u00e0 nouveau derri\u00e8re une grille de d\u00e9part\u00a0\u00bb, confie celui qui porte d\u00e9sormais le num\u00e9ro 3. \u00ab\u00a0Je savais en venant ici que ma vitesse n&rsquo;\u00e9tait pas encore optimale. C&rsquo;est un point que je travaille encore, c&rsquo;est normal \u00e0 ce stade de la saison. Bien que j&rsquo;ai souffert des bras dans la manche MX1, je me suis senti bien physiquement. J&rsquo;ai fait une petite faute en course mais globalement, j&rsquo;ai senti que ma vitesse revenait au fil des tours. Je sais \u00e0 pr\u00e9sent ce que je dois encore travailler. Depuis le d\u00e9but du mois, je roule tous les jours \u00e0 moto et nous allons rester quelques jours ici en Sardaigne avant de nous rendre vers notre derni\u00e8re course de pr\u00e9paration en vue des GP\u00a0\u00bb.<\/p>\n<div id=\"ConnectiveDocSignExtentionInstalled\" data-extension-version=\"1.0.4\"><\/div>\n","protected":false},"excerpt":{"rendered":"<p>Apr\u00e8s une saison 2019 malheureusement marqu\u00e9e par deux blessures, Romain F\u00e8bvre \u00e9tait de retour derri\u00e8re une grille de d\u00e9part ce week-end en Italie. Le nouveau pilote Kawasaki KRT disputait \u00e0 [&#8230;]<\/p>\n","protected":false},"author":932,"featured_media":100957,"comment_status":"open","ping_status":"closed","sticky":false,"template":"","format":"standard","meta":{"footnotes":""},"categories":[54,4,5,55,65],"tags":[1233,913],"class_list":["post-100958","post","type-post","status-publish","format-standard","has-post-thumbnail","hentry","category-actualite","category-motocross","category-news","category-news-actualite","category-slideshow","tag-febvre","tag-motocros"],"yoast_head":"<!-- This site is optimized with the Yoast SEO plugin v27.4 - https:\/\/yoast.com\/product\/yoast-seo-wordpress\/ -->\n<title>Romain F\u00e8bvre : &quot;Je dois encore gagner en vitesse&quot; - Motocross - Enduro - Supermoto | MotocrossMag<\/title>\n<meta name=\"robots\" content=\"index, follow, max-snippet:-1, max-image-preview:large, max-video-preview:-1\" \/>\n<link rel=\"canonical\" href=\"https:\/\/fr.motocrossmag.be\/index.php\/2020\/01\/romain-febvre-je-dois-encore-gagner-en-vitesse\/\" \/>\n<meta property=\"og:locale\" content=\"fr_FR\" \/>\n<meta property=\"og:type\" content=\"article\" \/>\n<meta property=\"og:title\" content=\"Romain F\u00e8bvre : &quot;Je dois encore gagner en vitesse&quot; - Motocross - Enduro - Supermoto | MotocrossMag\" \/>\n<meta property=\"og:description\" content=\"Apr\u00e8s une saison 2019 malheureusement marqu\u00e9e par deux blessures, Romain F\u00e8bvre \u00e9tait de retour derri\u00e8re une grille de d\u00e9part ce week-end en Italie. Le nouveau pilote Kawasaki KRT disputait \u00e0 [...]\" \/>\n<meta property=\"og:url\" content=\"https:\/\/fr.motocrossmag.be\/index.php\/2020\/01\/romain-febvre-je-dois-encore-gagner-en-vitesse\/\" \/>\n<meta property=\"og:site_name\" content=\"Motocross - Enduro - Supermoto | MotocrossMag\" \/>\n<meta property=\"article:published_time\" content=\"2020-01-28T04:10:55+00:00\" \/>\n<meta property=\"article:modified_time\" content=\"2020-01-28T05:05:58+00:00\" \/>\n<meta property=\"og:image\" content=\"https:\/\/fr.motocrossmag.be\/wp-content\/uploads\/2020\/01\/FEBVRE_riola-sardo.jpg\" \/>\n\t<meta property=\"og:image:width\" content=\"1000\" \/>\n\t<meta property=\"og:image:height\" content=\"666\" \/>\n\t<meta property=\"og:image:type\" content=\"image\/jpeg\" \/>\n<meta name=\"author\" content=\"oliviere\" \/>\n<meta name=\"twitter:card\" content=\"summary_large_image\" \/>\n<meta name=\"twitter:label1\" content=\"\u00c9crit par\" \/>\n\t<meta name=\"twitter:data1\" content=\"oliviere\" \/>\n\t<meta name=\"twitter:label2\" content=\"Dur\u00e9e de lecture estim\u00e9e\" \/>\n\t<meta name=\"twitter:data2\" content=\"1 minute\" \/>\n<script type=\"application\/ld+json\" class=\"yoast-schema-graph\">{\"@context\":\"https:\\\/\\\/schema.org\",\"@graph\":[{\"@type\":\"Article\",\"@id\":\"https:\\\/\\\/fr.motocrossmag.be\\\/index.php\\\/2020\\\/01\\\/romain-febvre-je-dois-encore-gagner-en-vitesse\\\/#article\",\"isPartOf\":{\"@id\":\"https:\\\/\\\/fr.motocrossmag.be\\\/index.php\\\/2020\\\/01\\\/romain-febvre-je-dois-encore-gagner-en-vitesse\\\/\"},\"author\":{\"name\":\"oliviere\",\"@id\":\"https:\\\/\\\/fr.motocrossmag.be\\\/#\\\/schema\\\/person\\\/11b47143d9f755babca2c9110e03235c\"},\"headline\":\"Romain F\u00e8bvre : \u00ab\u00a0Je dois encore gagner en vitesse\u00a0\u00bb\",\"datePublished\":\"2020-01-28T04:10:55+00:00\",\"dateModified\":\"2020-01-28T05:05:58+00:00\",\"mainEntityOfPage\":{\"@id\":\"https:\\\/\\\/fr.motocrossmag.be\\\/index.php\\\/2020\\\/01\\\/romain-febvre-je-dois-encore-gagner-en-vitesse\\\/\"},\"wordCount\":225,\"commentCount\":0,\"image\":{\"@id\":\"https:\\\/\\\/fr.motocrossmag.be\\\/index.php\\\/2020\\\/01\\\/romain-febvre-je-dois-encore-gagner-en-vitesse\\\/#primaryimage\"},\"thumbnailUrl\":\"https:\\\/\\\/fr.motocrossmag.be\\\/wp-content\\\/uploads\\\/2020\\\/01\\\/FEBVRE_riola-sardo.jpg\",\"keywords\":[\"febvre\",\"motocros\"],\"articleSection\":[\"Actualit\u00e9\",\"Motocross\",\"News\",\"News\",\"Slideshow\"],\"inLanguage\":\"fr-FR\",\"potentialAction\":[{\"@type\":\"CommentAction\",\"name\":\"Comment\",\"target\":[\"https:\\\/\\\/fr.motocrossmag.be\\\/index.php\\\/2020\\\/01\\\/romain-febvre-je-dois-encore-gagner-en-vitesse\\\/#respond\"]}]},{\"@type\":\"WebPage\",\"@id\":\"https:\\\/\\\/fr.motocrossmag.be\\\/index.php\\\/2020\\\/01\\\/romain-febvre-je-dois-encore-gagner-en-vitesse\\\/\",\"url\":\"https:\\\/\\\/fr.motocrossmag.be\\\/index.php\\\/2020\\\/01\\\/romain-febvre-je-dois-encore-gagner-en-vitesse\\\/\",\"name\":\"Romain F\u00e8bvre : \\\"Je dois encore gagner en vitesse\\\" - Motocross - Enduro - Supermoto | MotocrossMag\",\"isPartOf\":{\"@id\":\"https:\\\/\\\/fr.motocrossmag.be\\\/#website\"},\"primaryImageOfPage\":{\"@id\":\"https:\\\/\\\/fr.motocrossmag.be\\\/index.php\\\/2020\\\/01\\\/romain-febvre-je-dois-encore-gagner-en-vitesse\\\/#primaryimage\"},\"image\":{\"@id\":\"https:\\\/\\\/fr.motocrossmag.be\\\/index.php\\\/2020\\\/01\\\/romain-febvre-je-dois-encore-gagner-en-vitesse\\\/#primaryimage\"},\"thumbnailUrl\":\"https:\\\/\\\/fr.motocrossmag.be\\\/wp-content\\\/uploads\\\/2020\\\/01\\\/FEBVRE_riola-sardo.jpg\",\"datePublished\":\"2020-01-28T04:10:55+00:00\",\"dateModified\":\"2020-01-28T05:05:58+00:00\",\"author\":{\"@id\":\"https:\\\/\\\/fr.motocrossmag.be\\\/#\\\/schema\\\/person\\\/11b47143d9f755babca2c9110e03235c\"},\"breadcrumb\":{\"@id\":\"https:\\\/\\\/fr.motocrossmag.be\\\/index.php\\\/2020\\\/01\\\/romain-febvre-je-dois-encore-gagner-en-vitesse\\\/#breadcrumb\"},\"inLanguage\":\"fr-FR\",\"potentialAction\":[{\"@type\":\"ReadAction\",\"target\":[\"https:\\\/\\\/fr.motocrossmag.be\\\/index.php\\\/2020\\\/01\\\/romain-febvre-je-dois-encore-gagner-en-vitesse\\\/\"]}]},{\"@type\":\"ImageObject\",\"inLanguage\":\"fr-FR\",\"@id\":\"https:\\\/\\\/fr.motocrossmag.be\\\/index.php\\\/2020\\\/01\\\/romain-febvre-je-dois-encore-gagner-en-vitesse\\\/#primaryimage\",\"url\":\"https:\\\/\\\/fr.motocrossmag.be\\\/wp-content\\\/uploads\\\/2020\\\/01\\\/FEBVRE_riola-sardo.jpg\",\"contentUrl\":\"https:\\\/\\\/fr.motocrossmag.be\\\/wp-content\\\/uploads\\\/2020\\\/01\\\/FEBVRE_riola-sardo.jpg\",\"width\":1000,\"height\":666},{\"@type\":\"BreadcrumbList\",\"@id\":\"https:\\\/\\\/fr.motocrossmag.be\\\/index.php\\\/2020\\\/01\\\/romain-febvre-je-dois-encore-gagner-en-vitesse\\\/#breadcrumb\",\"itemListElement\":[{\"@type\":\"ListItem\",\"position\":1,\"name\":\"Accueil\",\"item\":\"https:\\\/\\\/fr.motocrossmag.be\\\/\"},{\"@type\":\"ListItem\",\"position\":2,\"name\":\"Romain F\u00e8bvre : \u00ab\u00a0Je dois encore gagner en vitesse\u00a0\u00bb\"}]},{\"@type\":\"WebSite\",\"@id\":\"https:\\\/\\\/fr.motocrossmag.be\\\/#website\",\"url\":\"https:\\\/\\\/fr.motocrossmag.be\\\/\",\"name\":\"Motocross - Enduro - Supermoto | MotocrossMag\",\"description\":\"L&#039;actualit\u00e9 du motocross, de l&#039;enduro et du Supermoto en ligne!\",\"potentialAction\":[{\"@type\":\"SearchAction\",\"target\":{\"@type\":\"EntryPoint\",\"urlTemplate\":\"https:\\\/\\\/fr.motocrossmag.be\\\/?s={search_term_string}\"},\"query-input\":{\"@type\":\"PropertyValueSpecification\",\"valueRequired\":true,\"valueName\":\"search_term_string\"}}],\"inLanguage\":\"fr-FR\"},{\"@type\":\"Person\",\"@id\":\"https:\\\/\\\/fr.motocrossmag.be\\\/#\\\/schema\\\/person\\\/11b47143d9f755babca2c9110e03235c\",\"name\":\"oliviere\",\"image\":{\"@type\":\"ImageObject\",\"inLanguage\":\"fr-FR\",\"@id\":\"https:\\\/\\\/secure.gravatar.com\\\/avatar\\\/907069e0b81d119452040469e4a7501da1100f54f7f80180ce77bfab718288f6?s=96&d=mm&r=g\",\"url\":\"https:\\\/\\\/secure.gravatar.com\\\/avatar\\\/907069e0b81d119452040469e4a7501da1100f54f7f80180ce77bfab718288f6?s=96&d=mm&r=g\",\"contentUrl\":\"https:\\\/\\\/secure.gravatar.com\\\/avatar\\\/907069e0b81d119452040469e4a7501da1100f54f7f80180ce77bfab718288f6?s=96&d=mm&r=g\",\"caption\":\"oliviere\"},\"sameAs\":[\"http:\\\/\\\/www.motocrossmag.be\"],\"url\":\"https:\\\/\\\/fr.motocrossmag.be\\\/index.php\\\/author\\\/oliviere\\\/\"}]}<\/script>\n<!-- \/ Yoast SEO plugin. -->","yoast_head_json":{"title":"Romain F\u00e8bvre : \"Je dois encore gagner en vitesse\" - Motocross - Enduro - Supermoto | MotocrossMag","robots":{"index":"index","follow":"follow","max-snippet":"max-snippet:-1","max-image-preview":"max-image-preview:large","max-video-preview":"max-video-preview:-1"},"canonical":"https:\/\/fr.motocrossmag.be\/index.php\/2020\/01\/romain-febvre-je-dois-encore-gagner-en-vitesse\/","og_locale":"fr_FR","og_type":"article","og_title":"Romain F\u00e8bvre : \"Je dois encore gagner en vitesse\" - Motocross - Enduro - Supermoto | MotocrossMag","og_description":"Apr\u00e8s une saison 2019 malheureusement marqu\u00e9e par deux blessures, Romain F\u00e8bvre \u00e9tait de retour derri\u00e8re une grille de d\u00e9part ce week-end en Italie. Le nouveau pilote Kawasaki KRT disputait \u00e0 [...]","og_url":"https:\/\/fr.motocrossmag.be\/index.php\/2020\/01\/romain-febvre-je-dois-encore-gagner-en-vitesse\/","og_site_name":"Motocross - Enduro - Supermoto | MotocrossMag","article_published_time":"2020-01-28T04:10:55+00:00","article_modified_time":"2020-01-28T05:05:58+00:00","og_image":[{"width":1000,"height":666,"url":"https:\/\/fr.motocrossmag.be\/wp-content\/uploads\/2020\/01\/FEBVRE_riola-sardo.jpg","type":"image\/jpeg"}],"author":"oliviere","twitter_card":"summary_large_image","twitter_misc":{"\u00c9crit par":"oliviere","Dur\u00e9e de lecture estim\u00e9e":"1 minute"},"schema":{"@context":"https:\/\/schema.org","@graph":[{"@type":"Article","@id":"https:\/\/fr.motocrossmag.be\/index.php\/2020\/01\/romain-febvre-je-dois-encore-gagner-en-vitesse\/#article","isPartOf":{"@id":"https:\/\/fr.motocrossmag.be\/index.php\/2020\/01\/romain-febvre-je-dois-encore-gagner-en-vitesse\/"},"author":{"name":"oliviere","@id":"https:\/\/fr.motocrossmag.be\/#\/schema\/person\/11b47143d9f755babca2c9110e03235c"},"headline":"Romain F\u00e8bvre : \u00ab\u00a0Je dois encore gagner en vitesse\u00a0\u00bb","datePublished":"2020-01-28T04:10:55+00:00","dateModified":"2020-01-28T05:05:58+00:00","mainEntityOfPage":{"@id":"https:\/\/fr.motocrossmag.be\/index.php\/2020\/01\/romain-febvre-je-dois-encore-gagner-en-vitesse\/"},"wordCount":225,"commentCount":0,"image":{"@id":"https:\/\/fr.motocrossmag.be\/index.php\/2020\/01\/romain-febvre-je-dois-encore-gagner-en-vitesse\/#primaryimage"},"thumbnailUrl":"https:\/\/fr.motocrossmag.be\/wp-content\/uploads\/2020\/01\/FEBVRE_riola-sardo.jpg","keywords":["febvre","motocros"],"articleSection":["Actualit\u00e9","Motocross","News","News","Slideshow"],"inLanguage":"fr-FR","potentialAction":[{"@type":"CommentAction","name":"Comment","target":["https:\/\/fr.motocrossmag.be\/index.php\/2020\/01\/romain-febvre-je-dois-encore-gagner-en-vitesse\/#respond"]}]},{"@type":"WebPage","@id":"https:\/\/fr.motocrossmag.be\/index.php\/2020\/01\/romain-febvre-je-dois-encore-gagner-en-vitesse\/","url":"https:\/\/fr.motocrossmag.be\/index.php\/2020\/01\/romain-febvre-je-dois-encore-gagner-en-vitesse\/","name":"Romain F\u00e8bvre : \"Je dois encore gagner en vitesse\" - Motocross - Enduro - Supermoto | MotocrossMag","isPartOf":{"@id":"https:\/\/fr.motocrossmag.be\/#website"},"primaryImageOfPage":{"@id":"https:\/\/fr.motocrossmag.be\/index.php\/2020\/01\/romain-febvre-je-dois-encore-gagner-en-vitesse\/#primaryimage"},"image":{"@id":"https:\/\/fr.motocrossmag.be\/index.php\/2020\/01\/romain-febvre-je-dois-encore-gagner-en-vitesse\/#primaryimage"},"thumbnailUrl":"https:\/\/fr.motocrossmag.be\/wp-content\/uploads\/2020\/01\/FEBVRE_riola-sardo.jpg","datePublished":"2020-01-28T04:10:55+00:00","dateModified":"2020-01-28T05:05:58+00:00","author":{"@id":"https:\/\/fr.motocrossmag.be\/#\/schema\/person\/11b47143d9f755babca2c9110e03235c"},"breadcrumb":{"@id":"https:\/\/fr.motocrossmag.be\/index.php\/2020\/01\/romain-febvre-je-dois-encore-gagner-en-vitesse\/#breadcrumb"},"inLanguage":"fr-FR","potentialAction":[{"@type":"ReadAction","target":["https:\/\/fr.motocrossmag.be\/index.php\/2020\/01\/romain-febvre-je-dois-encore-gagner-en-vitesse\/"]}]},{"@type":"ImageObject","inLanguage":"fr-FR","@id":"https:\/\/fr.motocrossmag.be\/index.php\/2020\/01\/romain-febvre-je-dois-encore-gagner-en-vitesse\/#primaryimage","url":"https:\/\/fr.motocrossmag.be\/wp-content\/uploads\/2020\/01\/FEBVRE_riola-sardo.jpg","contentUrl":"https:\/\/fr.motocrossmag.be\/wp-content\/uploads\/2020\/01\/FEBVRE_riola-sardo.jpg","width":1000,"height":666},{"@type":"BreadcrumbList","@id":"https:\/\/fr.motocrossmag.be\/index.php\/2020\/01\/romain-febvre-je-dois-encore-gagner-en-vitesse\/#breadcrumb","itemListElement":[{"@type":"ListItem","position":1,"name":"Accueil","item":"https:\/\/fr.motocrossmag.be\/"},{"@type":"ListItem","position":2,"name":"Romain F\u00e8bvre : \u00ab\u00a0Je dois encore gagner en vitesse\u00a0\u00bb"}]},{"@type":"WebSite","@id":"https:\/\/fr.motocrossmag.be\/#website","url":"https:\/\/fr.motocrossmag.be\/","name":"Motocross - Enduro - Supermoto | MotocrossMag","description":"L&#039;actualit\u00e9 du motocross, de l&#039;enduro et du Supermoto en ligne!","potentialAction":[{"@type":"SearchAction","target":{"@type":"EntryPoint","urlTemplate":"https:\/\/fr.motocrossmag.be\/?s={search_term_string}"},"query-input":{"@type":"PropertyValueSpecification","valueRequired":true,"valueName":"search_term_string"}}],"inLanguage":"fr-FR"},{"@type":"Person","@id":"https:\/\/fr.motocrossmag.be\/#\/schema\/person\/11b47143d9f755babca2c9110e03235c","name":"oliviere","image":{"@type":"ImageObject","inLanguage":"fr-FR","@id":"https:\/\/secure.gravatar.com\/avatar\/907069e0b81d119452040469e4a7501da1100f54f7f80180ce77bfab718288f6?s=96&d=mm&r=g","url":"https:\/\/secure.gravatar.com\/avatar\/907069e0b81d119452040469e4a7501da1100f54f7f80180ce77bfab718288f6?s=96&d=mm&r=g","contentUrl":"https:\/\/secure.gravatar.com\/avatar\/907069e0b81d119452040469e4a7501da1100f54f7f80180ce77bfab718288f6?s=96&d=mm&r=g","caption":"oliviere"},"sameAs":["http:\/\/www.motocrossmag.be"],"url":"https:\/\/fr.motocrossmag.be\/index.php\/author\/oliviere\/"}]}},"_links":{"self":[{"href":"https:\/\/fr.motocrossmag.be\/index.php\/wp-json\/wp\/v2\/posts\/100958","targetHints":{"allow":["GET"]}}],"collection":[{"href":"https:\/\/fr.motocrossmag.be\/index.php\/wp-json\/wp\/v2\/posts"}],"about":[{"href":"https:\/\/fr.motocrossmag.be\/index.php\/wp-json\/wp\/v2\/types\/post"}],"author":[{"embeddable":true,"href":"https:\/\/fr.motocrossmag.be\/index.php\/wp-json\/wp\/v2\/users\/932"}],"replies":[{"embeddable":true,"href":"https:\/\/fr.motocrossmag.be\/index.php\/wp-json\/wp\/v2\/comments?post=100958"}],"version-history":[{"count":0,"href":"https:\/\/fr.motocrossmag.be\/index.php\/wp-json\/wp\/v2\/posts\/100958\/revisions"}],"wp:featuredmedia":[{"embeddable":true,"href":"https:\/\/fr.motocrossmag.be\/index.php\/wp-json\/wp\/v2\/media\/100957"}],"wp:attachment":[{"href":"https:\/\/fr.motocrossmag.be\/index.php\/wp-json\/wp\/v2\/media?parent=100958"}],"wp:term":[{"taxonomy":"category","embeddable":true,"href":"https:\/\/fr.motocrossmag.be\/index.php\/wp-json\/wp\/v2\/categories?post=100958"},{"taxonomy":"post_tag","embeddable":true,"href":"https:\/\/fr.motocrossmag.be\/index.php\/wp-json\/wp\/v2\/tags?post=100958"}],"curies":[{"name":"wp","href":"https:\/\/api.w.org\/{rel}","templated":true}]}}