{"id":100960,"date":"2020-01-30T19:45:23","date_gmt":"2020-01-30T18:45:23","guid":{"rendered":"http:\/\/fr.motocrossmag.be\/?p=100960"},"modified":"2020-01-30T19:45:23","modified_gmt":"2020-01-30T18:45:23","slug":"florian-miot-sur-le-championnat-emx125-avec-globe-powered-by-diga-racing","status":"publish","type":"post","link":"https:\/\/fr.motocrossmag.be\/index.php\/2020\/01\/florian-miot-sur-le-championnat-emx125-avec-globe-powered-by-diga-racing\/","title":{"rendered":"Florian Miot sur le championnat EMX125 avec \u00ab\u00a0Globe powered by Diga Racing\u00a0\u00bb"},"content":{"rendered":"<p><strong>Le spin-off du team KTM Diga Junior Racing \u00ab\u00a0Globe powered Diga Racing\u00a0\u00bb fait son entr\u00e9e sur le championnat EMX125 avec un projet ambitieux. La toute nouvelle \u00e9quipe belge a sign\u00e9 le jeune Fran\u00e7ais Florian Miot. Florian, 16 ans, est le fr\u00e8re cadet de Math\u00e9o Miot.<\/strong><\/p>\n<p>Malgr\u00e9 de bons r\u00e9sultats la saison derni\u00e8re, le champion de France et d&rsquo;Italie 125cc s&rsquo;est retrouv\u00e9 sans \u00e9quipe \u00e0 la fin de l&rsquo;ann\u00e9e 2019. Maintenant de retour sur KTM, \u00ab\u00a0FloFlo\u00a0\u00bb est plus rapide que jamais. Il a domin\u00e9 la course de sable de Berck-sur-Mer en octobre dernier en remportant les trois manches.<\/p>\n<p>Le plus jeune des fr\u00e8res Miot s&rsquo;est \u00e9galement d\u00e9j\u00e0 fait remarquer sur la sc\u00e8ne internationale. Il est mont\u00e9 sur son premier podium lors\u00a0de sa toute premi\u00e8re ann\u00e9e en Europe 125cc, en 2018, et il avait avant cela remport\u00e9 le Motocross des Nations europ\u00e9ennes avec l&rsquo;\u00e9quipe de France en 2017. \u00ab\u00a0FloFlo\u00a0\u00bb et Globe powered by Diga Racing se r\u00e9jouissent de travailler ensemble.<\/p>\n<p><img decoding=\"async\" class=\"lazyload aligncenter wp-image-101167 size-medium\" src=\"http:\/\/fr.motocrossmag.be\/wp-content\/uploads\/2020\/01\/Globe-bike-Florian-Miot-3-650x307.jpg\" data-orig-src=\"http:\/\/fr.motocrossmag.be\/wp-content\/uploads\/2020\/01\/Globe-bike-Florian-Miot-3-650x307.jpg\" alt=\"\" width=\"650\" height=\"307\" srcset=\"data:image\/svg+xml,%3Csvg%20xmlns%3D%27http%3A%2F%2Fwww.w3.org%2F2000%2Fsvg%27%20width%3D%27650%27%20height%3D%27307%27%20viewBox%3D%270%200%20650%20307%27%3E%3Crect%20width%3D%27650%27%20height%3D%27307%27%20fill-opacity%3D%220%22%2F%3E%3C%2Fsvg%3E\" data-srcset=\"https:\/\/fr.motocrossmag.be\/wp-content\/uploads\/2020\/01\/Globe-bike-Florian-Miot-3-650x307.jpg 650w, https:\/\/fr.motocrossmag.be\/wp-content\/uploads\/2020\/01\/Globe-bike-Florian-Miot-3-768x362.jpg 768w, https:\/\/fr.motocrossmag.be\/wp-content\/uploads\/2020\/01\/Globe-bike-Florian-Miot-3.jpg 1000w\" data-sizes=\"auto\" data-orig-sizes=\"(max-width: 650px) 100vw, 650px\" \/><\/p>\n<p><strong>Florian Miot:<\/strong> \u00ab\u00a0Je suis vraiment heureux et soulag\u00e9 que nous ayons pu conclure ce contrat avec Globe powered by Diga Racing. Nous connaissions les personnes impliqu\u00e9es et c&rsquo;est formidable d&rsquo;\u00eatre entour\u00e9 de professionnels dans une atmosph\u00e8re d\u00e9tendue. J&rsquo;ai beaucoup appris au cours des deux derni\u00e8res saisons en EMX125 et je veux mettre toutes ces connaissances au service de ce nouveau d\u00e9fi !\u00a0\u00bb<\/p>\n<p><strong>Dirk Saelen :<\/strong> \u00ab\u00a0Nous sommes heureux d&rsquo;avoir Florian (Miot) \u00e0 bord en tant que premier pilote pour Globe powered by Diga Racing. Cette nouvelle structure se concentrera sur le soutien logistique et technique aux pilotes EMX. C&rsquo;est g\u00e9nial de se lancer dans la course avec un jeune pilote talentueux et motiv\u00e9 comme Florian. Il s&rsquo;est d\u00e9j\u00e0 entra\u00een\u00e9 sur la KTM, nous sommes donc convaincus qu&rsquo;il s&rsquo;adaptera facilement \u00e0 son nouvel environnement\u00a0\u00bb.<\/p>\n<p>Florian Miot fera ses d\u00e9buts en course avec Globe powered by Diga Racing le 23 f\u00e9vrier prochain lors de l&rsquo;ouverture de la saison belge \u00e0 Lommel. La s\u00e9rie EMX125 d\u00e9butera quant \u00e0 elle une semaine plus tard \u00e0 Matterley Basin, en Angleterre.<\/p>\n<p><span style=\"color: #ff0000;\"><strong>PROFIL FLORIAN MIOT (FRA)<\/strong><\/span><\/p>\n<table width=\"97%\">\n<tbody>\n<tr>\n<td width=\"177\">EMX125 num\u00e9ro de course<\/td>\n<td width=\"390\">\u00a0247<\/td>\n<\/tr>\n<tr>\n<td width=\"177\">Moto de course<\/td>\n<td width=\"390\">Diga KTM 125SX<\/td>\n<\/tr>\n<tr>\n<td width=\"177\">Date et lieu de naissance<\/td>\n<td width=\"390\">30 novembre 2003 &#8211; Maubeuge, France<\/td>\n<\/tr>\n<tr>\n<td width=\"177\">Ville d&rsquo;origine<\/td>\n<td width=\"390\">Feignies (Hautsde-France), France<\/td>\n<\/tr>\n<tr>\n<td width=\"177\">Commenc\u00e9 \u00e0 rouler, premi\u00e8re moto<\/td>\n<td width=\"390\">\u00c0 3 ans<\/td>\n<\/tr>\n<tr>\n<td width=\"177\">Profils des m\u00e9dias sociaux<\/td>\n<td width=\"390\">Instagram: florianmiot247<\/td>\n<\/tr>\n<tr>\n<td width=\"177\">Piste pr\u00e9f\u00e9r\u00e9e<\/td>\n<td width=\"390\">\u00a0Saint-Jean d\u2018Ang\u00e9ly<\/td>\n<\/tr>\n<tr>\n<td width=\"177\">Pilotes pr\u00e9f\u00e9r\u00e9es<\/td>\n<td width=\"390\">Marvin Musquin<\/td>\n<\/tr>\n<tr>\n<td width=\"177\">Points forts<\/td>\n<td width=\"390\">Le mental<\/td>\n<\/tr>\n<tr>\n<td width=\"177\">Faiblesses<\/td>\n<td width=\"390\">aucun<\/td>\n<\/tr>\n<tr>\n<td width=\"177\">Premi\u00e8re course EMX<\/td>\n<td width=\"390\">Valkenswaard (Pays-Bas) 2018<\/td>\n<\/tr>\n<tr>\n<td width=\"177\">Meilleure manche EMX<\/td>\n<td width=\"390\">2i\u00e8me (Assen\/Pays-Bas, 2018)<\/td>\n<\/tr>\n<tr>\n<td width=\"177\">Meilleur r\u00e9sultat EMX g\u00e9n\u00e9ral<\/td>\n<td width=\"390\">3i\u00e8me (St-Jean d\u2019Ang\u00e9ly &#8211; France, 2018)<\/td>\n<\/tr>\n<tr>\n<td width=\"177\">Objectifs 2020<\/td>\n<td width=\"390\">Titre EMX125 et 125 mondial junior, champion Dutch Masters of Motocross 125cc<\/td>\n<\/tr>\n<tr>\n<td width=\"177\">2019<\/td>\n<td width=\"390\">Champion de France Junior, Champion d\u2019Italie 125, \u00a017i\u00e8me en EMX125, 10<sup>i\u00e8me<\/sup> au Chpt du monde Junior<\/td>\n<\/tr>\n<tr>\n<td width=\"177\">2018<\/td>\n<td width=\"390\">17i\u00e8me en EMX125, 5 ieme championnat de France junior<\/td>\n<\/tr>\n<tr>\n<td width=\"177\">2017<\/td>\n<td width=\"390\">Vice champion de France 85<\/p>\n<p>4<sup>i\u00e8me<\/sup> Championnat du monde junior 85<br \/>\nChampion de France des sables 85<br \/>\nChampion Motocross des Nations Europ\u00e9ennes 2017<\/p>\n<p>Vainqueur Enduropale Espoirs<\/td>\n<\/tr>\n<tr>\n<td width=\"177\">2016<\/td>\n<td width=\"390\">4<sup>i\u00e8me<\/sup> Championnat de France 85<br \/>\nChampion de France des sables 85<\/td>\n<\/tr>\n<tr>\n<td width=\"177\">2015<\/td>\n<td width=\"390\">Champion de France 65<br \/>\n4<sup>i\u00e8me<\/sup> Championnat du monde junior 65<br \/>\nChampion d\u2019Europe 65 zone sud<\/td>\n<\/tr>\n<tr>\n<td width=\"177\">2014<\/td>\n<td width=\"390\">Vice champion de France 65<\/td>\n<\/tr>\n<tr>\n<td width=\"177\">2013<\/td>\n<td width=\"390\">3<sup>i\u00e8me<\/sup> Championnat de France 65<\/td>\n<\/tr>\n<\/tbody>\n<\/table>\n<p>&nbsp;<\/p>\n<p>&nbsp;<\/p>\n<div id=\"ConnectiveDocSignExtentionInstalled\" data-extension-version=\"1.0.4\"><\/div>\n","protected":false},"excerpt":{"rendered":"<p>Le spin-off du team KTM Diga Junior Racing \u00ab\u00a0Globe powered Diga Racing\u00a0\u00bb fait son entr\u00e9e sur le championnat EMX125 avec un projet ambitieux. La toute nouvelle \u00e9quipe belge a sign\u00e9 [&#8230;]<\/p>\n","protected":false},"author":932,"featured_media":101166,"comment_status":"open","ping_status":"closed","sticky":false,"template":"","format":"standard","meta":{"footnotes":""},"categories":[54,128,4,5,55,65],"tags":[1237,823,1239,1236,947],"class_list":["post-100960","post","type-post","status-publish","format-standard","has-post-thumbnail","hentry","category-actualite","category-emx-125-emx2","category-motocross","category-news","category-news-actualite","category-slideshow","tag-diga","tag-emx125","tag-florian-miot","tag-miot","tag-motocross"],"yoast_head":"<!-- This site is optimized with the Yoast SEO plugin v27.4 - https:\/\/yoast.com\/product\/yoast-seo-wordpress\/ -->\n<title>Florian Miot sur le championnat EMX125 avec &quot;Globe powered by Diga Racing&quot; - Motocross - Enduro - Supermoto | MotocrossMag<\/title>\n<meta name=\"robots\" content=\"index, follow, max-snippet:-1, max-image-preview:large, max-video-preview:-1\" \/>\n<link rel=\"canonical\" href=\"https:\/\/fr.motocrossmag.be\/index.php\/2020\/01\/florian-miot-sur-le-championnat-emx125-avec-globe-powered-by-diga-racing\/\" \/>\n<meta property=\"og:locale\" content=\"fr_FR\" \/>\n<meta property=\"og:type\" content=\"article\" \/>\n<meta property=\"og:title\" content=\"Florian Miot sur le championnat EMX125 avec &quot;Globe powered by Diga Racing&quot; - Motocross - Enduro - Supermoto | MotocrossMag\" \/>\n<meta property=\"og:description\" content=\"Le spin-off du team KTM Diga Junior Racing \u00ab\u00a0Globe powered Diga Racing\u00a0\u00bb fait son entr\u00e9e sur le championnat EMX125 avec un projet ambitieux. La toute nouvelle \u00e9quipe belge a sign\u00e9 [...]\" \/>\n<meta property=\"og:url\" content=\"https:\/\/fr.motocrossmag.be\/index.php\/2020\/01\/florian-miot-sur-le-championnat-emx125-avec-globe-powered-by-diga-racing\/\" \/>\n<meta property=\"og:site_name\" content=\"Motocross - Enduro - Supermoto | MotocrossMag\" \/>\n<meta property=\"article:published_time\" content=\"2020-01-30T18:45:23+00:00\" \/>\n<meta property=\"og:image\" content=\"https:\/\/fr.motocrossmag.be\/wp-content\/uploads\/2020\/01\/Florian-1_INTROX.jpg\" \/>\n\t<meta property=\"og:image:width\" content=\"1000\" \/>\n\t<meta property=\"og:image:height\" content=\"666\" \/>\n\t<meta property=\"og:image:type\" content=\"image\/jpeg\" \/>\n<meta name=\"author\" content=\"oliviere\" \/>\n<meta name=\"twitter:card\" content=\"summary_large_image\" \/>\n<meta name=\"twitter:label1\" content=\"\u00c9crit par\" \/>\n\t<meta name=\"twitter:data1\" content=\"oliviere\" \/>\n\t<meta name=\"twitter:label2\" content=\"Dur\u00e9e de lecture estim\u00e9e\" \/>\n\t<meta name=\"twitter:data2\" content=\"3 minutes\" \/>\n<script type=\"application\/ld+json\" class=\"yoast-schema-graph\">{\"@context\":\"https:\\\/\\\/schema.org\",\"@graph\":[{\"@type\":\"Article\",\"@id\":\"https:\\\/\\\/fr.motocrossmag.be\\\/index.php\\\/2020\\\/01\\\/florian-miot-sur-le-championnat-emx125-avec-globe-powered-by-diga-racing\\\/#article\",\"isPartOf\":{\"@id\":\"https:\\\/\\\/fr.motocrossmag.be\\\/index.php\\\/2020\\\/01\\\/florian-miot-sur-le-championnat-emx125-avec-globe-powered-by-diga-racing\\\/\"},\"author\":{\"name\":\"oliviere\",\"@id\":\"https:\\\/\\\/fr.motocrossmag.be\\\/#\\\/schema\\\/person\\\/11b47143d9f755babca2c9110e03235c\"},\"headline\":\"Florian Miot sur le championnat EMX125 avec \u00ab\u00a0Globe powered by Diga Racing\u00a0\u00bb\",\"datePublished\":\"2020-01-30T18:45:23+00:00\",\"mainEntityOfPage\":{\"@id\":\"https:\\\/\\\/fr.motocrossmag.be\\\/index.php\\\/2020\\\/01\\\/florian-miot-sur-le-championnat-emx125-avec-globe-powered-by-diga-racing\\\/\"},\"wordCount\":564,\"commentCount\":0,\"image\":{\"@id\":\"https:\\\/\\\/fr.motocrossmag.be\\\/index.php\\\/2020\\\/01\\\/florian-miot-sur-le-championnat-emx125-avec-globe-powered-by-diga-racing\\\/#primaryimage\"},\"thumbnailUrl\":\"https:\\\/\\\/fr.motocrossmag.be\\\/wp-content\\\/uploads\\\/2020\\\/01\\\/Florian-1_INTROX.jpg\",\"keywords\":[\"diga\",\"emx125\",\"Florian Miot\",\"miot\",\"Motocross\"],\"articleSection\":[\"Actualit\u00e9\",\"EMX\",\"Motocross\",\"News\",\"News\",\"Slideshow\"],\"inLanguage\":\"fr-FR\",\"potentialAction\":[{\"@type\":\"CommentAction\",\"name\":\"Comment\",\"target\":[\"https:\\\/\\\/fr.motocrossmag.be\\\/index.php\\\/2020\\\/01\\\/florian-miot-sur-le-championnat-emx125-avec-globe-powered-by-diga-racing\\\/#respond\"]}]},{\"@type\":\"WebPage\",\"@id\":\"https:\\\/\\\/fr.motocrossmag.be\\\/index.php\\\/2020\\\/01\\\/florian-miot-sur-le-championnat-emx125-avec-globe-powered-by-diga-racing\\\/\",\"url\":\"https:\\\/\\\/fr.motocrossmag.be\\\/index.php\\\/2020\\\/01\\\/florian-miot-sur-le-championnat-emx125-avec-globe-powered-by-diga-racing\\\/\",\"name\":\"Florian Miot sur le championnat EMX125 avec \\\"Globe powered by Diga Racing\\\" - Motocross - Enduro - Supermoto | MotocrossMag\",\"isPartOf\":{\"@id\":\"https:\\\/\\\/fr.motocrossmag.be\\\/#website\"},\"primaryImageOfPage\":{\"@id\":\"https:\\\/\\\/fr.motocrossmag.be\\\/index.php\\\/2020\\\/01\\\/florian-miot-sur-le-championnat-emx125-avec-globe-powered-by-diga-racing\\\/#primaryimage\"},\"image\":{\"@id\":\"https:\\\/\\\/fr.motocrossmag.be\\\/index.php\\\/2020\\\/01\\\/florian-miot-sur-le-championnat-emx125-avec-globe-powered-by-diga-racing\\\/#primaryimage\"},\"thumbnailUrl\":\"https:\\\/\\\/fr.motocrossmag.be\\\/wp-content\\\/uploads\\\/2020\\\/01\\\/Florian-1_INTROX.jpg\",\"datePublished\":\"2020-01-30T18:45:23+00:00\",\"author\":{\"@id\":\"https:\\\/\\\/fr.motocrossmag.be\\\/#\\\/schema\\\/person\\\/11b47143d9f755babca2c9110e03235c\"},\"breadcrumb\":{\"@id\":\"https:\\\/\\\/fr.motocrossmag.be\\\/index.php\\\/2020\\\/01\\\/florian-miot-sur-le-championnat-emx125-avec-globe-powered-by-diga-racing\\\/#breadcrumb\"},\"inLanguage\":\"fr-FR\",\"potentialAction\":[{\"@type\":\"ReadAction\",\"target\":[\"https:\\\/\\\/fr.motocrossmag.be\\\/index.php\\\/2020\\\/01\\\/florian-miot-sur-le-championnat-emx125-avec-globe-powered-by-diga-racing\\\/\"]}]},{\"@type\":\"ImageObject\",\"inLanguage\":\"fr-FR\",\"@id\":\"https:\\\/\\\/fr.motocrossmag.be\\\/index.php\\\/2020\\\/01\\\/florian-miot-sur-le-championnat-emx125-avec-globe-powered-by-diga-racing\\\/#primaryimage\",\"url\":\"https:\\\/\\\/fr.motocrossmag.be\\\/wp-content\\\/uploads\\\/2020\\\/01\\\/Florian-1_INTROX.jpg\",\"contentUrl\":\"https:\\\/\\\/fr.motocrossmag.be\\\/wp-content\\\/uploads\\\/2020\\\/01\\\/Florian-1_INTROX.jpg\",\"width\":1000,\"height\":666},{\"@type\":\"BreadcrumbList\",\"@id\":\"https:\\\/\\\/fr.motocrossmag.be\\\/index.php\\\/2020\\\/01\\\/florian-miot-sur-le-championnat-emx125-avec-globe-powered-by-diga-racing\\\/#breadcrumb\",\"itemListElement\":[{\"@type\":\"ListItem\",\"position\":1,\"name\":\"Accueil\",\"item\":\"https:\\\/\\\/fr.motocrossmag.be\\\/\"},{\"@type\":\"ListItem\",\"position\":2,\"name\":\"Florian Miot sur le championnat EMX125 avec \u00ab\u00a0Globe powered by Diga Racing\u00a0\u00bb\"}]},{\"@type\":\"WebSite\",\"@id\":\"https:\\\/\\\/fr.motocrossmag.be\\\/#website\",\"url\":\"https:\\\/\\\/fr.motocrossmag.be\\\/\",\"name\":\"Motocross - Enduro - Supermoto | MotocrossMag\",\"description\":\"L&#039;actualit\u00e9 du motocross, de l&#039;enduro et du Supermoto en ligne!\",\"potentialAction\":[{\"@type\":\"SearchAction\",\"target\":{\"@type\":\"EntryPoint\",\"urlTemplate\":\"https:\\\/\\\/fr.motocrossmag.be\\\/?s={search_term_string}\"},\"query-input\":{\"@type\":\"PropertyValueSpecification\",\"valueRequired\":true,\"valueName\":\"search_term_string\"}}],\"inLanguage\":\"fr-FR\"},{\"@type\":\"Person\",\"@id\":\"https:\\\/\\\/fr.motocrossmag.be\\\/#\\\/schema\\\/person\\\/11b47143d9f755babca2c9110e03235c\",\"name\":\"oliviere\",\"image\":{\"@type\":\"ImageObject\",\"inLanguage\":\"fr-FR\",\"@id\":\"https:\\\/\\\/secure.gravatar.com\\\/avatar\\\/907069e0b81d119452040469e4a7501da1100f54f7f80180ce77bfab718288f6?s=96&d=mm&r=g\",\"url\":\"https:\\\/\\\/secure.gravatar.com\\\/avatar\\\/907069e0b81d119452040469e4a7501da1100f54f7f80180ce77bfab718288f6?s=96&d=mm&r=g\",\"contentUrl\":\"https:\\\/\\\/secure.gravatar.com\\\/avatar\\\/907069e0b81d119452040469e4a7501da1100f54f7f80180ce77bfab718288f6?s=96&d=mm&r=g\",\"caption\":\"oliviere\"},\"sameAs\":[\"http:\\\/\\\/www.motocrossmag.be\"],\"url\":\"https:\\\/\\\/fr.motocrossmag.be\\\/index.php\\\/author\\\/oliviere\\\/\"}]}<\/script>\n<!-- \/ Yoast SEO plugin. -->","yoast_head_json":{"title":"Florian Miot sur le championnat EMX125 avec \"Globe powered by Diga Racing\" - Motocross - Enduro - Supermoto | MotocrossMag","robots":{"index":"index","follow":"follow","max-snippet":"max-snippet:-1","max-image-preview":"max-image-preview:large","max-video-preview":"max-video-preview:-1"},"canonical":"https:\/\/fr.motocrossmag.be\/index.php\/2020\/01\/florian-miot-sur-le-championnat-emx125-avec-globe-powered-by-diga-racing\/","og_locale":"fr_FR","og_type":"article","og_title":"Florian Miot sur le championnat EMX125 avec \"Globe powered by Diga Racing\" - Motocross - Enduro - Supermoto | MotocrossMag","og_description":"Le spin-off du team KTM Diga Junior Racing \u00ab\u00a0Globe powered Diga Racing\u00a0\u00bb fait son entr\u00e9e sur le championnat EMX125 avec un projet ambitieux. La toute nouvelle \u00e9quipe belge a sign\u00e9 [...]","og_url":"https:\/\/fr.motocrossmag.be\/index.php\/2020\/01\/florian-miot-sur-le-championnat-emx125-avec-globe-powered-by-diga-racing\/","og_site_name":"Motocross - Enduro - Supermoto | MotocrossMag","article_published_time":"2020-01-30T18:45:23+00:00","og_image":[{"width":1000,"height":666,"url":"https:\/\/fr.motocrossmag.be\/wp-content\/uploads\/2020\/01\/Florian-1_INTROX.jpg","type":"image\/jpeg"}],"author":"oliviere","twitter_card":"summary_large_image","twitter_misc":{"\u00c9crit par":"oliviere","Dur\u00e9e de lecture estim\u00e9e":"3 minutes"},"schema":{"@context":"https:\/\/schema.org","@graph":[{"@type":"Article","@id":"https:\/\/fr.motocrossmag.be\/index.php\/2020\/01\/florian-miot-sur-le-championnat-emx125-avec-globe-powered-by-diga-racing\/#article","isPartOf":{"@id":"https:\/\/fr.motocrossmag.be\/index.php\/2020\/01\/florian-miot-sur-le-championnat-emx125-avec-globe-powered-by-diga-racing\/"},"author":{"name":"oliviere","@id":"https:\/\/fr.motocrossmag.be\/#\/schema\/person\/11b47143d9f755babca2c9110e03235c"},"headline":"Florian Miot sur le championnat EMX125 avec \u00ab\u00a0Globe powered by Diga Racing\u00a0\u00bb","datePublished":"2020-01-30T18:45:23+00:00","mainEntityOfPage":{"@id":"https:\/\/fr.motocrossmag.be\/index.php\/2020\/01\/florian-miot-sur-le-championnat-emx125-avec-globe-powered-by-diga-racing\/"},"wordCount":564,"commentCount":0,"image":{"@id":"https:\/\/fr.motocrossmag.be\/index.php\/2020\/01\/florian-miot-sur-le-championnat-emx125-avec-globe-powered-by-diga-racing\/#primaryimage"},"thumbnailUrl":"https:\/\/fr.motocrossmag.be\/wp-content\/uploads\/2020\/01\/Florian-1_INTROX.jpg","keywords":["diga","emx125","Florian Miot","miot","Motocross"],"articleSection":["Actualit\u00e9","EMX","Motocross","News","News","Slideshow"],"inLanguage":"fr-FR","potentialAction":[{"@type":"CommentAction","name":"Comment","target":["https:\/\/fr.motocrossmag.be\/index.php\/2020\/01\/florian-miot-sur-le-championnat-emx125-avec-globe-powered-by-diga-racing\/#respond"]}]},{"@type":"WebPage","@id":"https:\/\/fr.motocrossmag.be\/index.php\/2020\/01\/florian-miot-sur-le-championnat-emx125-avec-globe-powered-by-diga-racing\/","url":"https:\/\/fr.motocrossmag.be\/index.php\/2020\/01\/florian-miot-sur-le-championnat-emx125-avec-globe-powered-by-diga-racing\/","name":"Florian Miot sur le championnat EMX125 avec \"Globe powered by Diga Racing\" - Motocross - Enduro - Supermoto | MotocrossMag","isPartOf":{"@id":"https:\/\/fr.motocrossmag.be\/#website"},"primaryImageOfPage":{"@id":"https:\/\/fr.motocrossmag.be\/index.php\/2020\/01\/florian-miot-sur-le-championnat-emx125-avec-globe-powered-by-diga-racing\/#primaryimage"},"image":{"@id":"https:\/\/fr.motocrossmag.be\/index.php\/2020\/01\/florian-miot-sur-le-championnat-emx125-avec-globe-powered-by-diga-racing\/#primaryimage"},"thumbnailUrl":"https:\/\/fr.motocrossmag.be\/wp-content\/uploads\/2020\/01\/Florian-1_INTROX.jpg","datePublished":"2020-01-30T18:45:23+00:00","author":{"@id":"https:\/\/fr.motocrossmag.be\/#\/schema\/person\/11b47143d9f755babca2c9110e03235c"},"breadcrumb":{"@id":"https:\/\/fr.motocrossmag.be\/index.php\/2020\/01\/florian-miot-sur-le-championnat-emx125-avec-globe-powered-by-diga-racing\/#breadcrumb"},"inLanguage":"fr-FR","potentialAction":[{"@type":"ReadAction","target":["https:\/\/fr.motocrossmag.be\/index.php\/2020\/01\/florian-miot-sur-le-championnat-emx125-avec-globe-powered-by-diga-racing\/"]}]},{"@type":"ImageObject","inLanguage":"fr-FR","@id":"https:\/\/fr.motocrossmag.be\/index.php\/2020\/01\/florian-miot-sur-le-championnat-emx125-avec-globe-powered-by-diga-racing\/#primaryimage","url":"https:\/\/fr.motocrossmag.be\/wp-content\/uploads\/2020\/01\/Florian-1_INTROX.jpg","contentUrl":"https:\/\/fr.motocrossmag.be\/wp-content\/uploads\/2020\/01\/Florian-1_INTROX.jpg","width":1000,"height":666},{"@type":"BreadcrumbList","@id":"https:\/\/fr.motocrossmag.be\/index.php\/2020\/01\/florian-miot-sur-le-championnat-emx125-avec-globe-powered-by-diga-racing\/#breadcrumb","itemListElement":[{"@type":"ListItem","position":1,"name":"Accueil","item":"https:\/\/fr.motocrossmag.be\/"},{"@type":"ListItem","position":2,"name":"Florian Miot sur le championnat EMX125 avec \u00ab\u00a0Globe powered by Diga Racing\u00a0\u00bb"}]},{"@type":"WebSite","@id":"https:\/\/fr.motocrossmag.be\/#website","url":"https:\/\/fr.motocrossmag.be\/","name":"Motocross - Enduro - Supermoto | MotocrossMag","description":"L&#039;actualit\u00e9 du motocross, de l&#039;enduro et du Supermoto en ligne!","potentialAction":[{"@type":"SearchAction","target":{"@type":"EntryPoint","urlTemplate":"https:\/\/fr.motocrossmag.be\/?s={search_term_string}"},"query-input":{"@type":"PropertyValueSpecification","valueRequired":true,"valueName":"search_term_string"}}],"inLanguage":"fr-FR"},{"@type":"Person","@id":"https:\/\/fr.motocrossmag.be\/#\/schema\/person\/11b47143d9f755babca2c9110e03235c","name":"oliviere","image":{"@type":"ImageObject","inLanguage":"fr-FR","@id":"https:\/\/secure.gravatar.com\/avatar\/907069e0b81d119452040469e4a7501da1100f54f7f80180ce77bfab718288f6?s=96&d=mm&r=g","url":"https:\/\/secure.gravatar.com\/avatar\/907069e0b81d119452040469e4a7501da1100f54f7f80180ce77bfab718288f6?s=96&d=mm&r=g","contentUrl":"https:\/\/secure.gravatar.com\/avatar\/907069e0b81d119452040469e4a7501da1100f54f7f80180ce77bfab718288f6?s=96&d=mm&r=g","caption":"oliviere"},"sameAs":["http:\/\/www.motocrossmag.be"],"url":"https:\/\/fr.motocrossmag.be\/index.php\/author\/oliviere\/"}]}},"_links":{"self":[{"href":"https:\/\/fr.motocrossmag.be\/index.php\/wp-json\/wp\/v2\/posts\/100960","targetHints":{"allow":["GET"]}}],"collection":[{"href":"https:\/\/fr.motocrossmag.be\/index.php\/wp-json\/wp\/v2\/posts"}],"about":[{"href":"https:\/\/fr.motocrossmag.be\/index.php\/wp-json\/wp\/v2\/types\/post"}],"author":[{"embeddable":true,"href":"https:\/\/fr.motocrossmag.be\/index.php\/wp-json\/wp\/v2\/users\/932"}],"replies":[{"embeddable":true,"href":"https:\/\/fr.motocrossmag.be\/index.php\/wp-json\/wp\/v2\/comments?post=100960"}],"version-history":[{"count":1,"href":"https:\/\/fr.motocrossmag.be\/index.php\/wp-json\/wp\/v2\/posts\/100960\/revisions"}],"predecessor-version":[{"id":100961,"href":"https:\/\/fr.motocrossmag.be\/index.php\/wp-json\/wp\/v2\/posts\/100960\/revisions\/100961"}],"wp:featuredmedia":[{"embeddable":true,"href":"https:\/\/fr.motocrossmag.be\/index.php\/wp-json\/wp\/v2\/media\/101166"}],"wp:attachment":[{"href":"https:\/\/fr.motocrossmag.be\/index.php\/wp-json\/wp\/v2\/media?parent=100960"}],"wp:term":[{"taxonomy":"category","embeddable":true,"href":"https:\/\/fr.motocrossmag.be\/index.php\/wp-json\/wp\/v2\/categories?post=100960"},{"taxonomy":"post_tag","embeddable":true,"href":"https:\/\/fr.motocrossmag.be\/index.php\/wp-json\/wp\/v2\/tags?post=100960"}],"curies":[{"name":"wp","href":"https:\/\/api.w.org\/{rel}","templated":true}]}}