{"id":101486,"date":"2020-02-13T10:25:48","date_gmt":"2020-02-13T09:25:48","guid":{"rendered":"http:\/\/fr.motocrossmag.be\/?p=101486"},"modified":"2020-02-13T10:25:48","modified_gmt":"2020-02-13T09:25:48","slug":"debrief-le-supercross-de-san-diego","status":"publish","type":"post","link":"https:\/\/fr.motocrossmag.be\/index.php\/2020\/02\/debrief-le-supercross-de-san-diego\/","title":{"rendered":"Debrief : le Supercross de San Diego"},"content":{"rendered":"<p><strong>On fait le debrief du sixi\u00e8me round de la saison de Supercross US disput\u00e9 dans le stade de San Diego, sur la c\u00f4te pacifique de la Californie.<\/strong><\/p>\n<ul>\n<li>Retour en piste de Chad Reed ce week-end, l&rsquo;Australien \u00e9tant le pilote totalisant le plus de victoires \u00e0 San Diego.<\/li>\n<li>Dernier au bout de la ligne droite de la premi\u00e8re s\u00e9rie, Eli Tomac est revenu troisi\u00e8me dans la roue de Zach Osborne.<\/li>\n<li>Pas de LCQ pour Chad Reed cette fois-ci puisqu&rsquo;il score la neuvi\u00e8me et derni\u00e8re place qualif en s\u00e9rie.<\/li>\n<li>Victime d&rsquo;un souci m\u00e9canique dans le dernier tour, Jason Anderson se qualifie tout de m\u00eame directement en finale.<\/li>\n<li>En t\u00eate, Mickael Mosiman a bien tent\u00e9 de r\u00e9sister aux hommes forts mais termine quatri\u00e8me.<\/li>\n<li>Cinqui\u00e8me \u00e0 mi-course, Cameron McAdoo a \u00e9t\u00e9 victime d&rsquo;un probl\u00e8me m\u00e9canique sur sa Kawasaki.<\/li>\n<li>Plus rapide dans les whoops, Dylan Ferrandis a tent\u00e9 trois attaques avant de trouver l&rsquo;ouverture \u00e0 quatre tours de la fin.<\/li>\n<li>Troisi\u00e8me, Justin Cooper a \u00e9t\u00e9 rel\u00e9gu\u00e9 loin de ses deux principaux rivaux et va devoir trouver des solutions pendant le break.<\/li>\n<li>Loin au d\u00e9part, Brandon Hartranft est revenu \u00e0 la cinqui\u00e8me position juste devant Luke Clout, une nouvelle fois aux avant-postes.<\/li>\n<li>Dylan Ferrandis poss\u00e8de un avantage de respectivement 7 et 13 points sur Justin Cooper et Austin Forkner avant un break de six semaines sans courses pour les pilotes de la c\u00f4te ouest.<\/li>\n<li>Seul pilote \u00e0 avoir jusqu&rsquo;ici int\u00e9gr\u00e9 le top-5 sur chaque \u00e9preuve, Jason Anderson termine \u00e0 la quatorzi\u00e8me position ce samedi.<\/li>\n<li>Adam Cianciarulo a de suite voulu s&rsquo;imposer face \u00e0 Cooper Webb dans le premier tour mais la soir\u00e9e a cette fois souri au pilote KTM.<\/li>\n<li>San Diego \u00e9tait la derni\u00e8re course SX de Jason Clermont, lequel s&rsquo;est qualifi\u00e9 pour sa premi\u00e8re finale en SX US.<\/li>\n<li>Troisi\u00e8me, Aaron Plessinger a chut\u00e9 avant la s\u00e9rie de whoops.<\/li>\n<li>Cooper Webb est le quatri\u00e8me vainqueur de 2020 en 450 apr\u00e8s Barcia, Roczen et Tomac.<\/li>\n<li>Belle finale de Blake Baggett qui termine troisi\u00e8me en s\u00e9rie comme en finale.<\/li>\n<li>Le champion en titre Cooper Webb a divis\u00e9 son retard au championnat 450 par deux, passant de 18 \u00e0 9 points.<\/li>\n<\/ul>\n<p>&nbsp;<\/p><div class=\"ftgmh6a9a7c2b8501f\" ><!-- \/91277017\/Inline-articles-mobile -->\n<div style=\"margin:auto; text-align:center !important\">\n<div id='div-gpt-ad-1784982661365-0' style='min-width: 250px; min-height: 75px;'>\n  <script>\n    googletag.cmd.push(function() { googletag.display('div-gpt-ad-1784982661365-0'); });\n  <\/script>\n<\/div><\/div><\/div><style type=\"text\/css\">\r\n.ftgmh6a9a7c2b8501f {\r\nmargin-bottom:30px;margin-top:20px\r\n}\r\n@media screen and (min-width: 1201px) {\r\n.ftgmh6a9a7c2b8501f {\r\ndisplay: block;\r\n}\r\n}\r\n@media screen and (min-width: 993px) and (max-width: 1200px) {\r\n.ftgmh6a9a7c2b8501f {\r\ndisplay: block;\r\n}\r\n}\r\n@media screen and (min-width: 769px) and (max-width: 992px) {\r\n.ftgmh6a9a7c2b8501f {\r\ndisplay: block;\r\n}\r\n}\r\n@media screen and (min-width: 768px) and (max-width: 768px) {\r\n.ftgmh6a9a7c2b8501f {\r\ndisplay: block;\r\n}\r\n}\r\n@media screen and (max-width: 767px) {\r\n.ftgmh6a9a7c2b8501f {\r\ndisplay: block;\r\n}\r\n}\r\n<\/style>\r\n\n<p>Texte : Michel Capton<\/p>\n<div id=\"ConnectiveDocSignExtentionInstalled\" data-extension-version=\"1.0.4\"><\/div>\n","protected":false},"excerpt":{"rendered":"<p>On fait le debrief du sixi\u00e8me round de la saison de Supercross US disput\u00e9 dans le stade de San Diego, sur la c\u00f4te pacifique de la Californie. Retour en piste de Chad Reed ce week-end, l&rsquo;Australien \u00e9tant le pilote totalisant le plus de victoires \u00e0 San Diego. Dernier au bout de la ligne droite de [&hellip;]<\/p>\n","protected":false},"author":932,"featured_media":101487,"comment_status":"open","ping_status":"closed","sticky":false,"template":"","format":"standard","meta":{"tdm_status":"","tdm_grid_status":"","footnotes":""},"categories":[54,4,27,5,55,65],"tags":[147,116],"class_list":["post-101486","post","type-post","status-publish","format-standard","has-post-thumbnail","category-actualite","category-motocross","category-sx-us","category-news","category-news-actualite","category-slideshow","tag-ama","tag-supercross"],"yoast_head":"<!-- This site is optimized with the Yoast SEO plugin v28.4 - https:\/\/yoast.com\/product\/yoast-seo-wordpress\/ -->\n<title>Debrief : le Supercross de San Diego - Motocross - Enduro - Supermoto | MotocrossMag<\/title>\n<meta name=\"robots\" content=\"index, follow, max-snippet:-1, max-image-preview:large, max-video-preview:-1\" \/>\n<link rel=\"canonical\" href=\"https:\/\/fr.motocrossmag.be\/index.php\/2020\/02\/debrief-le-supercross-de-san-diego\/\" \/>\n<meta property=\"og:locale\" content=\"fr_FR\" \/>\n<meta property=\"og:type\" content=\"article\" \/>\n<meta property=\"og:title\" content=\"Debrief : le Supercross de San Diego - Motocross - Enduro - Supermoto | MotocrossMag\" \/>\n<meta property=\"og:description\" content=\"On fait le debrief du sixi\u00e8me round de la saison de Supercross US disput\u00e9 dans le stade de San Diego, sur la c\u00f4te pacifique de la Californie. Retour en piste de Chad Reed ce week-end, l&rsquo;Australien \u00e9tant le pilote totalisant le plus de victoires \u00e0 San Diego. Dernier au bout de la ligne droite de [&hellip;]\" \/>\n<meta property=\"og:url\" content=\"https:\/\/fr.motocrossmag.be\/index.php\/2020\/02\/debrief-le-supercross-de-san-diego\/\" \/>\n<meta property=\"og:site_name\" content=\"Motocross - Enduro - Supermoto | MotocrossMag\" \/>\n<meta property=\"article:published_time\" content=\"2020-02-13T09:25:48+00:00\" \/>\n<meta property=\"og:image\" content=\"https:\/\/fr.motocrossmag.be\/wp-content\/uploads\/2020\/02\/332948_Cooper-Webb-KTM-450-SX-F-San-Diego-SX-2020-011.jpg\" \/>\n\t<meta property=\"og:image:width\" content=\"1000\" \/>\n\t<meta property=\"og:image:height\" content=\"666\" \/>\n\t<meta property=\"og:image:type\" content=\"image\/jpeg\" \/>\n<meta name=\"author\" content=\"oliviere\" \/>\n<meta name=\"twitter:card\" content=\"summary_large_image\" \/>\n<meta name=\"twitter:label1\" content=\"\u00c9crit par\" \/>\n\t<meta name=\"twitter:data1\" content=\"oliviere\" \/>\n\t<meta name=\"twitter:label2\" content=\"Dur\u00e9e de lecture estim\u00e9e\" \/>\n\t<meta name=\"twitter:data2\" content=\"2 minutes\" \/>\n<script type=\"application\/ld+json\" class=\"yoast-schema-graph\">{\"@context\":\"https:\\\/\\\/schema.org\",\"@graph\":[{\"@type\":\"Article\",\"@id\":\"https:\\\/\\\/fr.motocrossmag.be\\\/index.php\\\/2020\\\/02\\\/debrief-le-supercross-de-san-diego\\\/#article\",\"isPartOf\":{\"@id\":\"https:\\\/\\\/fr.motocrossmag.be\\\/index.php\\\/2020\\\/02\\\/debrief-le-supercross-de-san-diego\\\/\"},\"author\":{\"name\":\"oliviere\",\"@id\":\"https:\\\/\\\/fr.motocrossmag.be\\\/#\\\/schema\\\/person\\\/11b47143d9f755babca2c9110e03235c\"},\"headline\":\"Debrief : le Supercross de San Diego\",\"datePublished\":\"2020-02-13T09:25:48+00:00\",\"mainEntityOfPage\":{\"@id\":\"https:\\\/\\\/fr.motocrossmag.be\\\/index.php\\\/2020\\\/02\\\/debrief-le-supercross-de-san-diego\\\/\"},\"wordCount\":388,\"commentCount\":0,\"image\":{\"@id\":\"https:\\\/\\\/fr.motocrossmag.be\\\/index.php\\\/2020\\\/02\\\/debrief-le-supercross-de-san-diego\\\/#primaryimage\"},\"thumbnailUrl\":\"https:\\\/\\\/fr.motocrossmag.be\\\/wp-content\\\/uploads\\\/2020\\\/02\\\/332948_Cooper-Webb-KTM-450-SX-F-San-Diego-SX-2020-011.jpg\",\"keywords\":[\"AMA\",\"Supercross\"],\"articleSection\":[\"Actualit\u00e9\",\"Motocross\",\"MX\\\/SX US\",\"News\",\"News\",\"Slideshow\"],\"inLanguage\":\"fr-FR\",\"potentialAction\":[{\"@type\":\"CommentAction\",\"name\":\"Comment\",\"target\":[\"https:\\\/\\\/fr.motocrossmag.be\\\/index.php\\\/2020\\\/02\\\/debrief-le-supercross-de-san-diego\\\/#respond\"]}]},{\"@type\":\"WebPage\",\"@id\":\"https:\\\/\\\/fr.motocrossmag.be\\\/index.php\\\/2020\\\/02\\\/debrief-le-supercross-de-san-diego\\\/\",\"url\":\"https:\\\/\\\/fr.motocrossmag.be\\\/index.php\\\/2020\\\/02\\\/debrief-le-supercross-de-san-diego\\\/\",\"name\":\"Debrief : le Supercross de San Diego - Motocross - Enduro - Supermoto | MotocrossMag\",\"isPartOf\":{\"@id\":\"https:\\\/\\\/fr.motocrossmag.be\\\/#website\"},\"primaryImageOfPage\":{\"@id\":\"https:\\\/\\\/fr.motocrossmag.be\\\/index.php\\\/2020\\\/02\\\/debrief-le-supercross-de-san-diego\\\/#primaryimage\"},\"image\":{\"@id\":\"https:\\\/\\\/fr.motocrossmag.be\\\/index.php\\\/2020\\\/02\\\/debrief-le-supercross-de-san-diego\\\/#primaryimage\"},\"thumbnailUrl\":\"https:\\\/\\\/fr.motocrossmag.be\\\/wp-content\\\/uploads\\\/2020\\\/02\\\/332948_Cooper-Webb-KTM-450-SX-F-San-Diego-SX-2020-011.jpg\",\"datePublished\":\"2020-02-13T09:25:48+00:00\",\"author\":{\"@id\":\"https:\\\/\\\/fr.motocrossmag.be\\\/#\\\/schema\\\/person\\\/11b47143d9f755babca2c9110e03235c\"},\"breadcrumb\":{\"@id\":\"https:\\\/\\\/fr.motocrossmag.be\\\/index.php\\\/2020\\\/02\\\/debrief-le-supercross-de-san-diego\\\/#breadcrumb\"},\"inLanguage\":\"fr-FR\",\"potentialAction\":[{\"@type\":\"ReadAction\",\"target\":[\"https:\\\/\\\/fr.motocrossmag.be\\\/index.php\\\/2020\\\/02\\\/debrief-le-supercross-de-san-diego\\\/\"]}]},{\"@type\":\"ImageObject\",\"inLanguage\":\"fr-FR\",\"@id\":\"https:\\\/\\\/fr.motocrossmag.be\\\/index.php\\\/2020\\\/02\\\/debrief-le-supercross-de-san-diego\\\/#primaryimage\",\"url\":\"https:\\\/\\\/fr.motocrossmag.be\\\/wp-content\\\/uploads\\\/2020\\\/02\\\/332948_Cooper-Webb-KTM-450-SX-F-San-Diego-SX-2020-011.jpg\",\"contentUrl\":\"https:\\\/\\\/fr.motocrossmag.be\\\/wp-content\\\/uploads\\\/2020\\\/02\\\/332948_Cooper-Webb-KTM-450-SX-F-San-Diego-SX-2020-011.jpg\",\"width\":1000,\"height\":666},{\"@type\":\"BreadcrumbList\",\"@id\":\"https:\\\/\\\/fr.motocrossmag.be\\\/index.php\\\/2020\\\/02\\\/debrief-le-supercross-de-san-diego\\\/#breadcrumb\",\"itemListElement\":[{\"@type\":\"ListItem\",\"position\":1,\"name\":\"Accueil\",\"item\":\"https:\\\/\\\/fr.motocrossmag.be\\\/\"},{\"@type\":\"ListItem\",\"position\":2,\"name\":\"Debrief : le Supercross de San Diego\"}]},{\"@type\":\"WebSite\",\"@id\":\"https:\\\/\\\/fr.motocrossmag.be\\\/#website\",\"url\":\"https:\\\/\\\/fr.motocrossmag.be\\\/\",\"name\":\"Motocross - Enduro - Supermoto | MotocrossMag\",\"description\":\"L&#039;actualit\u00e9 du motocross, de l&#039;enduro et du Supermoto en ligne!\",\"potentialAction\":[{\"@type\":\"SearchAction\",\"target\":{\"@type\":\"EntryPoint\",\"urlTemplate\":\"https:\\\/\\\/fr.motocrossmag.be\\\/?s={search_term_string}\"},\"query-input\":{\"@type\":\"PropertyValueSpecification\",\"valueRequired\":true,\"valueName\":\"search_term_string\"}}],\"inLanguage\":\"fr-FR\"},{\"@type\":\"Person\",\"@id\":\"https:\\\/\\\/fr.motocrossmag.be\\\/#\\\/schema\\\/person\\\/11b47143d9f755babca2c9110e03235c\",\"name\":\"oliviere\",\"image\":{\"@type\":\"ImageObject\",\"inLanguage\":\"fr-FR\",\"@id\":\"https:\\\/\\\/secure.gravatar.com\\\/avatar\\\/907069e0b81d119452040469e4a7501da1100f54f7f80180ce77bfab718288f6?s=96&d=mm&r=g\",\"url\":\"https:\\\/\\\/secure.gravatar.com\\\/avatar\\\/907069e0b81d119452040469e4a7501da1100f54f7f80180ce77bfab718288f6?s=96&d=mm&r=g\",\"contentUrl\":\"https:\\\/\\\/secure.gravatar.com\\\/avatar\\\/907069e0b81d119452040469e4a7501da1100f54f7f80180ce77bfab718288f6?s=96&d=mm&r=g\",\"caption\":\"oliviere\"},\"sameAs\":[\"http:\\\/\\\/www.motocrossmag.be\"],\"url\":\"https:\\\/\\\/fr.motocrossmag.be\\\/index.php\\\/author\\\/oliviere\\\/\"}]}<\/script>\n<!-- \/ Yoast SEO plugin. -->","yoast_head_json":{"title":"Debrief : le Supercross de San Diego - Motocross - Enduro - Supermoto | MotocrossMag","robots":{"index":"index","follow":"follow","max-snippet":"max-snippet:-1","max-image-preview":"max-image-preview:large","max-video-preview":"max-video-preview:-1"},"canonical":"https:\/\/fr.motocrossmag.be\/index.php\/2020\/02\/debrief-le-supercross-de-san-diego\/","og_locale":"fr_FR","og_type":"article","og_title":"Debrief : le Supercross de San Diego - Motocross - Enduro - Supermoto | MotocrossMag","og_description":"On fait le debrief du sixi\u00e8me round de la saison de Supercross US disput\u00e9 dans le stade de San Diego, sur la c\u00f4te pacifique de la Californie. Retour en piste de Chad Reed ce week-end, l&rsquo;Australien \u00e9tant le pilote totalisant le plus de victoires \u00e0 San Diego. Dernier au bout de la ligne droite de [&hellip;]","og_url":"https:\/\/fr.motocrossmag.be\/index.php\/2020\/02\/debrief-le-supercross-de-san-diego\/","og_site_name":"Motocross - Enduro - Supermoto | MotocrossMag","article_published_time":"2020-02-13T09:25:48+00:00","og_image":[{"width":1000,"height":666,"url":"https:\/\/fr.motocrossmag.be\/wp-content\/uploads\/2020\/02\/332948_Cooper-Webb-KTM-450-SX-F-San-Diego-SX-2020-011.jpg","type":"image\/jpeg"}],"author":"oliviere","twitter_card":"summary_large_image","twitter_misc":{"\u00c9crit par":"oliviere","Dur\u00e9e de lecture estim\u00e9e":"2 minutes"},"schema":{"@context":"https:\/\/schema.org","@graph":[{"@type":"Article","@id":"https:\/\/fr.motocrossmag.be\/index.php\/2020\/02\/debrief-le-supercross-de-san-diego\/#article","isPartOf":{"@id":"https:\/\/fr.motocrossmag.be\/index.php\/2020\/02\/debrief-le-supercross-de-san-diego\/"},"author":{"name":"oliviere","@id":"https:\/\/fr.motocrossmag.be\/#\/schema\/person\/11b47143d9f755babca2c9110e03235c"},"headline":"Debrief : le Supercross de San Diego","datePublished":"2020-02-13T09:25:48+00:00","mainEntityOfPage":{"@id":"https:\/\/fr.motocrossmag.be\/index.php\/2020\/02\/debrief-le-supercross-de-san-diego\/"},"wordCount":388,"commentCount":0,"image":{"@id":"https:\/\/fr.motocrossmag.be\/index.php\/2020\/02\/debrief-le-supercross-de-san-diego\/#primaryimage"},"thumbnailUrl":"https:\/\/fr.motocrossmag.be\/wp-content\/uploads\/2020\/02\/332948_Cooper-Webb-KTM-450-SX-F-San-Diego-SX-2020-011.jpg","keywords":["AMA","Supercross"],"articleSection":["Actualit\u00e9","Motocross","MX\/SX US","News","News","Slideshow"],"inLanguage":"fr-FR","potentialAction":[{"@type":"CommentAction","name":"Comment","target":["https:\/\/fr.motocrossmag.be\/index.php\/2020\/02\/debrief-le-supercross-de-san-diego\/#respond"]}]},{"@type":"WebPage","@id":"https:\/\/fr.motocrossmag.be\/index.php\/2020\/02\/debrief-le-supercross-de-san-diego\/","url":"https:\/\/fr.motocrossmag.be\/index.php\/2020\/02\/debrief-le-supercross-de-san-diego\/","name":"Debrief : le Supercross de San Diego - Motocross - Enduro - Supermoto | MotocrossMag","isPartOf":{"@id":"https:\/\/fr.motocrossmag.be\/#website"},"primaryImageOfPage":{"@id":"https:\/\/fr.motocrossmag.be\/index.php\/2020\/02\/debrief-le-supercross-de-san-diego\/#primaryimage"},"image":{"@id":"https:\/\/fr.motocrossmag.be\/index.php\/2020\/02\/debrief-le-supercross-de-san-diego\/#primaryimage"},"thumbnailUrl":"https:\/\/fr.motocrossmag.be\/wp-content\/uploads\/2020\/02\/332948_Cooper-Webb-KTM-450-SX-F-San-Diego-SX-2020-011.jpg","datePublished":"2020-02-13T09:25:48+00:00","author":{"@id":"https:\/\/fr.motocrossmag.be\/#\/schema\/person\/11b47143d9f755babca2c9110e03235c"},"breadcrumb":{"@id":"https:\/\/fr.motocrossmag.be\/index.php\/2020\/02\/debrief-le-supercross-de-san-diego\/#breadcrumb"},"inLanguage":"fr-FR","potentialAction":[{"@type":"ReadAction","target":["https:\/\/fr.motocrossmag.be\/index.php\/2020\/02\/debrief-le-supercross-de-san-diego\/"]}]},{"@type":"ImageObject","inLanguage":"fr-FR","@id":"https:\/\/fr.motocrossmag.be\/index.php\/2020\/02\/debrief-le-supercross-de-san-diego\/#primaryimage","url":"https:\/\/fr.motocrossmag.be\/wp-content\/uploads\/2020\/02\/332948_Cooper-Webb-KTM-450-SX-F-San-Diego-SX-2020-011.jpg","contentUrl":"https:\/\/fr.motocrossmag.be\/wp-content\/uploads\/2020\/02\/332948_Cooper-Webb-KTM-450-SX-F-San-Diego-SX-2020-011.jpg","width":1000,"height":666},{"@type":"BreadcrumbList","@id":"https:\/\/fr.motocrossmag.be\/index.php\/2020\/02\/debrief-le-supercross-de-san-diego\/#breadcrumb","itemListElement":[{"@type":"ListItem","position":1,"name":"Accueil","item":"https:\/\/fr.motocrossmag.be\/"},{"@type":"ListItem","position":2,"name":"Debrief : le Supercross de San Diego"}]},{"@type":"WebSite","@id":"https:\/\/fr.motocrossmag.be\/#website","url":"https:\/\/fr.motocrossmag.be\/","name":"Motocross - Enduro - Supermoto | MotocrossMag","description":"L&#039;actualit\u00e9 du motocross, de l&#039;enduro et du Supermoto en ligne!","potentialAction":[{"@type":"SearchAction","target":{"@type":"EntryPoint","urlTemplate":"https:\/\/fr.motocrossmag.be\/?s={search_term_string}"},"query-input":{"@type":"PropertyValueSpecification","valueRequired":true,"valueName":"search_term_string"}}],"inLanguage":"fr-FR"},{"@type":"Person","@id":"https:\/\/fr.motocrossmag.be\/#\/schema\/person\/11b47143d9f755babca2c9110e03235c","name":"oliviere","image":{"@type":"ImageObject","inLanguage":"fr-FR","@id":"https:\/\/secure.gravatar.com\/avatar\/907069e0b81d119452040469e4a7501da1100f54f7f80180ce77bfab718288f6?s=96&d=mm&r=g","url":"https:\/\/secure.gravatar.com\/avatar\/907069e0b81d119452040469e4a7501da1100f54f7f80180ce77bfab718288f6?s=96&d=mm&r=g","contentUrl":"https:\/\/secure.gravatar.com\/avatar\/907069e0b81d119452040469e4a7501da1100f54f7f80180ce77bfab718288f6?s=96&d=mm&r=g","caption":"oliviere"},"sameAs":["http:\/\/www.motocrossmag.be"],"url":"https:\/\/fr.motocrossmag.be\/index.php\/author\/oliviere\/"}]}},"_links":{"self":[{"href":"https:\/\/fr.motocrossmag.be\/index.php\/wp-json\/wp\/v2\/posts\/101486","targetHints":{"allow":["GET"]}}],"collection":[{"href":"https:\/\/fr.motocrossmag.be\/index.php\/wp-json\/wp\/v2\/posts"}],"about":[{"href":"https:\/\/fr.motocrossmag.be\/index.php\/wp-json\/wp\/v2\/types\/post"}],"author":[{"embeddable":true,"href":"https:\/\/fr.motocrossmag.be\/index.php\/wp-json\/wp\/v2\/users\/932"}],"replies":[{"embeddable":true,"href":"https:\/\/fr.motocrossmag.be\/index.php\/wp-json\/wp\/v2\/comments?post=101486"}],"version-history":[{"count":0,"href":"https:\/\/fr.motocrossmag.be\/index.php\/wp-json\/wp\/v2\/posts\/101486\/revisions"}],"wp:featuredmedia":[{"embeddable":true,"href":"https:\/\/fr.motocrossmag.be\/index.php\/wp-json\/wp\/v2\/media\/101487"}],"wp:attachment":[{"href":"https:\/\/fr.motocrossmag.be\/index.php\/wp-json\/wp\/v2\/media?parent=101486"}],"wp:term":[{"taxonomy":"category","embeddable":true,"href":"https:\/\/fr.motocrossmag.be\/index.php\/wp-json\/wp\/v2\/categories?post=101486"},{"taxonomy":"post_tag","embeddable":true,"href":"https:\/\/fr.motocrossmag.be\/index.php\/wp-json\/wp\/v2\/tags?post=101486"}],"curies":[{"name":"wp","href":"https:\/\/api.w.org\/{rel}","templated":true}]}}