{"id":101529,"date":"2020-02-16T18:31:51","date_gmt":"2020-02-16T17:31:51","guid":{"rendered":"http:\/\/fr.motocrossmag.be\/?p=101529"},"modified":"2020-02-16T18:33:33","modified_gmt":"2020-02-16T17:33:33","slug":"jeffrey-herlings-et-tom-vialle-dominent-clement-desalle-au-pied-du-podium","status":"publish","type":"post","link":"https:\/\/fr.motocrossmag.be\/index.php\/2020\/02\/jeffrey-herlings-et-tom-vialle-dominent-clement-desalle-au-pied-du-podium\/","title":{"rendered":"Jeffrey Herlings et Tom Vialle dominent, Cl\u00e9ment Desalle et Jago Geerts au pied du podium"},"content":{"rendered":"<p><strong>Deux pilotes fran\u00e7ais aux c\u00f4t\u00e9s de Jeffrey Herlings : la journ\u00e9e se referme en beaut\u00e9 pour le public de Lacapelle Marival. Une fois de plus, l&rsquo;\u00e9preuve fran\u00e7aise accueillait un plateau v\u00e9ritablement exceptionnel, \u00e0 deux semaines \u00e0 peine de l&rsquo;ouverture du championnat du monde MXGP. Avant de s&rsquo;imposer dans la Supefinale devant Romain Febvre et Gautier Paulin, Jeffrey Herlings s&rsquo;\u00e9tait d\u00e9j\u00e0 assur\u00e9 d&rsquo;un imparable doubl\u00e9 dans les manches MX1.<\/strong><\/p>\n<p>Vainqueur devant Paulin puis devant Febvre des deux manches MX1, Herlings a encore une fois \u00e9t\u00e9 intraitable \u00e0 Lacapelle. Le Hollandais est en forme et ce nouveau doubl\u00e9 le prouve. Derri\u00e8re lui, c&rsquo;est Jeremy Seewer, avec une 4\u00e8me et une 3\u00e8me places qui se montre le plus r\u00e9gulier et monte sur la 2\u00e8me marche du podium MX1 devant Romain Febvre (6+2). Cl\u00e9ment Desalle (3+6) termine au pied du podium, une position qui sera \u00e9galement la sienne dans la Superfinale qu&rsquo;il termine devant le vice-champion du monde MXGP en titre Jeremy Seewer et l&rsquo;ancien champion du monde MX2 Pauls Jonass.<\/p>\n<h5>Tom Vialle dominateur en MX2<\/h5>\n<p>Si Herlings a \u00e9t\u00e9 l&rsquo;homme \u00e0 battre en MX1, Tom Vialle a assum\u00e9 le m\u00eame r\u00f4le en MX2. Le jeune Fran\u00e7ais a compl\u00e9t\u00e9 le succ\u00e8s du team KTM Red Bull en s&rsquo;offrant lui aussi les deux manches dans sa cat\u00e9gorie. D&rsquo;abord devant son co\u00e9quipier Ren\u00e9 Hofer (2+5) puis devant Jed Beaton (3+2). Jago Geerts (4+4) termine \u00e0 la 4\u00e8me place du g\u00e9n\u00e9ral MX2 avant de compl\u00e9ter le top-10 de la Superfinale qu&rsquo;il termine 2\u00e8me meilleur pilote MX2 derri\u00e8re Tom Vialle, 8\u00e8me.<\/p>\n<p>Photo : Pascal Haudiquert<\/p>\n<p><span style=\"color: #800000;\"><strong>R\u00e9sultats<\/strong><\/span><\/p>\n<p>MX1<\/p>\n<p>1. Jeffrey Herlings (KTM) 25+25; 2. Jeremy Seewer (YAM) 18+20; 3. Romain Febvre (KAW) 15+22; <strong>4. Cl\u00e9ment Desalle (KAW) 20+15<\/strong>; 5. Pauls Jonass (HUS) 16+18; 6. Gautier Paulin (YAM) 22+11; 7.Henri Jacobi (YAM) 12+14; 8.Shaun Simpson (KTM) 14+12; 9. Alessandro Lupino (YAM) 8+16; 10. Beno\u00eet Paturel (HON) 13+10;&#8230; <strong>15. Kevin Strijbos 9+4<\/strong>;&#8230;<\/p>\n<p>MX2<\/p>\n<p>1. Tom Vialle (KTM) 25+25; 2. Jed Beaton (HUS) 20+22; 3.Ren\u00e9 Hofer (KTM) 22+16; <strong>4.Jago Geerts (YAM) 18+18<\/strong>; 5.Nathan Crawford (HON) 14+20; 6.Tom Guyon (KTM) 15+13; 7.Matthias Talviku (HUS) 16+12); 8. Thibault Benistant (YAM) 12+15; 9.Simon Langenfelder (GASGAS)11+12; 10.Richard Sikyna (KTM) 6+14;&#8230;<\/p>\n<p>SUPERFINALE<\/p>\n<p>1.Jeffrey Herlings; 2. Romain Febvre; 3. Gautier Paulin; <strong>4. Cl\u00e9ment Desalle<\/strong>; 5. Jeremy Seewer; 6.Pauls Jonass; 7.Henri Jacobi; 8.Tom Vialle; 9.Shaun Simpson; <strong>10. Jago Geerts;&#8230;20. Kevin Strijbos;<\/strong>&#8230;<\/p>\n<div id=\"ConnectiveDocSignExtentionInstalled\" data-extension-version=\"1.0.4\"><\/div>\n","protected":false},"excerpt":{"rendered":"<p>Deux pilotes fran\u00e7ais aux c\u00f4t\u00e9s de Jeffrey Herlings : la journ\u00e9e se referme en beaut\u00e9 pour le public de Lacapelle Marival. Une fois de plus, l&rsquo;\u00e9preuve fran\u00e7aise accueillait un plateau [&#8230;]<\/p>\n","protected":false},"author":932,"featured_media":101530,"comment_status":"open","ping_status":"closed","sticky":false,"template":"","format":"standard","meta":{"footnotes":""},"categories":[54,4,5,55,56,65],"tags":[1232,490,85,504,947],"class_list":["post-101529","post","type-post","status-publish","format-standard","has-post-thumbnail","hentry","category-actualite","category-motocross","category-news","category-news-actualite","category-resultats","category-slideshow","tag-desalle","tag-france","tag-herlings","tag-lacapelle-marival","tag-motocross"],"yoast_head":"<!-- This site is optimized with the Yoast SEO plugin v27.4 - https:\/\/yoast.com\/product\/yoast-seo-wordpress\/ -->\n<title>Jeffrey Herlings et Tom Vialle dominent, Cl\u00e9ment Desalle et Jago Geerts au pied du podium - Motocross - Enduro - Supermoto | MotocrossMag<\/title>\n<meta name=\"robots\" content=\"index, follow, max-snippet:-1, max-image-preview:large, max-video-preview:-1\" \/>\n<link rel=\"canonical\" href=\"https:\/\/fr.motocrossmag.be\/index.php\/2020\/02\/jeffrey-herlings-et-tom-vialle-dominent-clement-desalle-au-pied-du-podium\/\" \/>\n<meta property=\"og:locale\" content=\"fr_FR\" \/>\n<meta property=\"og:type\" content=\"article\" \/>\n<meta property=\"og:title\" content=\"Jeffrey Herlings et Tom Vialle dominent, Cl\u00e9ment Desalle et Jago Geerts au pied du podium - Motocross - Enduro - Supermoto | MotocrossMag\" \/>\n<meta property=\"og:description\" content=\"Deux pilotes fran\u00e7ais aux c\u00f4t\u00e9s de Jeffrey Herlings : la journ\u00e9e se referme en beaut\u00e9 pour le public de Lacapelle Marival. Une fois de plus, l&rsquo;\u00e9preuve fran\u00e7aise accueillait un plateau [...]\" \/>\n<meta property=\"og:url\" content=\"https:\/\/fr.motocrossmag.be\/index.php\/2020\/02\/jeffrey-herlings-et-tom-vialle-dominent-clement-desalle-au-pied-du-podium\/\" \/>\n<meta property=\"og:site_name\" content=\"Motocross - Enduro - Supermoto | MotocrossMag\" \/>\n<meta property=\"article:published_time\" content=\"2020-02-16T17:31:51+00:00\" \/>\n<meta property=\"article:modified_time\" content=\"2020-02-16T17:33:33+00:00\" \/>\n<meta property=\"og:image\" content=\"https:\/\/fr.motocrossmag.be\/wp-content\/uploads\/2020\/02\/lacapelle-start-herlings-vialle.jpg\" \/>\n\t<meta property=\"og:image:width\" content=\"1000\" \/>\n\t<meta property=\"og:image:height\" content=\"667\" \/>\n\t<meta property=\"og:image:type\" content=\"image\/jpeg\" \/>\n<meta name=\"author\" content=\"oliviere\" \/>\n<meta name=\"twitter:card\" content=\"summary_large_image\" \/>\n<meta name=\"twitter:label1\" content=\"\u00c9crit par\" \/>\n\t<meta name=\"twitter:data1\" content=\"oliviere\" \/>\n\t<meta name=\"twitter:label2\" content=\"Dur\u00e9e de lecture estim\u00e9e\" \/>\n\t<meta name=\"twitter:data2\" content=\"2 minutes\" \/>\n<script type=\"application\/ld+json\" class=\"yoast-schema-graph\">{\"@context\":\"https:\\\/\\\/schema.org\",\"@graph\":[{\"@type\":\"Article\",\"@id\":\"https:\\\/\\\/fr.motocrossmag.be\\\/index.php\\\/2020\\\/02\\\/jeffrey-herlings-et-tom-vialle-dominent-clement-desalle-au-pied-du-podium\\\/#article\",\"isPartOf\":{\"@id\":\"https:\\\/\\\/fr.motocrossmag.be\\\/index.php\\\/2020\\\/02\\\/jeffrey-herlings-et-tom-vialle-dominent-clement-desalle-au-pied-du-podium\\\/\"},\"author\":{\"name\":\"oliviere\",\"@id\":\"https:\\\/\\\/fr.motocrossmag.be\\\/#\\\/schema\\\/person\\\/11b47143d9f755babca2c9110e03235c\"},\"headline\":\"Jeffrey Herlings et Tom Vialle dominent, Cl\u00e9ment Desalle et Jago Geerts au pied du podium\",\"datePublished\":\"2020-02-16T17:31:51+00:00\",\"dateModified\":\"2020-02-16T17:33:33+00:00\",\"mainEntityOfPage\":{\"@id\":\"https:\\\/\\\/fr.motocrossmag.be\\\/index.php\\\/2020\\\/02\\\/jeffrey-herlings-et-tom-vialle-dominent-clement-desalle-au-pied-du-podium\\\/\"},\"wordCount\":386,\"commentCount\":0,\"image\":{\"@id\":\"https:\\\/\\\/fr.motocrossmag.be\\\/index.php\\\/2020\\\/02\\\/jeffrey-herlings-et-tom-vialle-dominent-clement-desalle-au-pied-du-podium\\\/#primaryimage\"},\"thumbnailUrl\":\"https:\\\/\\\/fr.motocrossmag.be\\\/wp-content\\\/uploads\\\/2020\\\/02\\\/lacapelle-start-herlings-vialle.jpg\",\"keywords\":[\"desalle\",\"france\",\"herlings\",\"lacapelle-marival\",\"Motocross\"],\"articleSection\":[\"Actualit\u00e9\",\"Motocross\",\"News\",\"News\",\"R\u00e9sultats\",\"Slideshow\"],\"inLanguage\":\"fr-FR\",\"potentialAction\":[{\"@type\":\"CommentAction\",\"name\":\"Comment\",\"target\":[\"https:\\\/\\\/fr.motocrossmag.be\\\/index.php\\\/2020\\\/02\\\/jeffrey-herlings-et-tom-vialle-dominent-clement-desalle-au-pied-du-podium\\\/#respond\"]}]},{\"@type\":\"WebPage\",\"@id\":\"https:\\\/\\\/fr.motocrossmag.be\\\/index.php\\\/2020\\\/02\\\/jeffrey-herlings-et-tom-vialle-dominent-clement-desalle-au-pied-du-podium\\\/\",\"url\":\"https:\\\/\\\/fr.motocrossmag.be\\\/index.php\\\/2020\\\/02\\\/jeffrey-herlings-et-tom-vialle-dominent-clement-desalle-au-pied-du-podium\\\/\",\"name\":\"Jeffrey Herlings et Tom Vialle dominent, Cl\u00e9ment Desalle et Jago Geerts au pied du podium - Motocross - Enduro - Supermoto | MotocrossMag\",\"isPartOf\":{\"@id\":\"https:\\\/\\\/fr.motocrossmag.be\\\/#website\"},\"primaryImageOfPage\":{\"@id\":\"https:\\\/\\\/fr.motocrossmag.be\\\/index.php\\\/2020\\\/02\\\/jeffrey-herlings-et-tom-vialle-dominent-clement-desalle-au-pied-du-podium\\\/#primaryimage\"},\"image\":{\"@id\":\"https:\\\/\\\/fr.motocrossmag.be\\\/index.php\\\/2020\\\/02\\\/jeffrey-herlings-et-tom-vialle-dominent-clement-desalle-au-pied-du-podium\\\/#primaryimage\"},\"thumbnailUrl\":\"https:\\\/\\\/fr.motocrossmag.be\\\/wp-content\\\/uploads\\\/2020\\\/02\\\/lacapelle-start-herlings-vialle.jpg\",\"datePublished\":\"2020-02-16T17:31:51+00:00\",\"dateModified\":\"2020-02-16T17:33:33+00:00\",\"author\":{\"@id\":\"https:\\\/\\\/fr.motocrossmag.be\\\/#\\\/schema\\\/person\\\/11b47143d9f755babca2c9110e03235c\"},\"breadcrumb\":{\"@id\":\"https:\\\/\\\/fr.motocrossmag.be\\\/index.php\\\/2020\\\/02\\\/jeffrey-herlings-et-tom-vialle-dominent-clement-desalle-au-pied-du-podium\\\/#breadcrumb\"},\"inLanguage\":\"fr-FR\",\"potentialAction\":[{\"@type\":\"ReadAction\",\"target\":[\"https:\\\/\\\/fr.motocrossmag.be\\\/index.php\\\/2020\\\/02\\\/jeffrey-herlings-et-tom-vialle-dominent-clement-desalle-au-pied-du-podium\\\/\"]}]},{\"@type\":\"ImageObject\",\"inLanguage\":\"fr-FR\",\"@id\":\"https:\\\/\\\/fr.motocrossmag.be\\\/index.php\\\/2020\\\/02\\\/jeffrey-herlings-et-tom-vialle-dominent-clement-desalle-au-pied-du-podium\\\/#primaryimage\",\"url\":\"https:\\\/\\\/fr.motocrossmag.be\\\/wp-content\\\/uploads\\\/2020\\\/02\\\/lacapelle-start-herlings-vialle.jpg\",\"contentUrl\":\"https:\\\/\\\/fr.motocrossmag.be\\\/wp-content\\\/uploads\\\/2020\\\/02\\\/lacapelle-start-herlings-vialle.jpg\",\"width\":1000,\"height\":667},{\"@type\":\"BreadcrumbList\",\"@id\":\"https:\\\/\\\/fr.motocrossmag.be\\\/index.php\\\/2020\\\/02\\\/jeffrey-herlings-et-tom-vialle-dominent-clement-desalle-au-pied-du-podium\\\/#breadcrumb\",\"itemListElement\":[{\"@type\":\"ListItem\",\"position\":1,\"name\":\"Accueil\",\"item\":\"https:\\\/\\\/fr.motocrossmag.be\\\/\"},{\"@type\":\"ListItem\",\"position\":2,\"name\":\"Jeffrey Herlings et Tom Vialle dominent, Cl\u00e9ment Desalle et Jago Geerts au pied du podium\"}]},{\"@type\":\"WebSite\",\"@id\":\"https:\\\/\\\/fr.motocrossmag.be\\\/#website\",\"url\":\"https:\\\/\\\/fr.motocrossmag.be\\\/\",\"name\":\"Motocross - Enduro - Supermoto | MotocrossMag\",\"description\":\"L&#039;actualit\u00e9 du motocross, de l&#039;enduro et du Supermoto en ligne!\",\"potentialAction\":[{\"@type\":\"SearchAction\",\"target\":{\"@type\":\"EntryPoint\",\"urlTemplate\":\"https:\\\/\\\/fr.motocrossmag.be\\\/?s={search_term_string}\"},\"query-input\":{\"@type\":\"PropertyValueSpecification\",\"valueRequired\":true,\"valueName\":\"search_term_string\"}}],\"inLanguage\":\"fr-FR\"},{\"@type\":\"Person\",\"@id\":\"https:\\\/\\\/fr.motocrossmag.be\\\/#\\\/schema\\\/person\\\/11b47143d9f755babca2c9110e03235c\",\"name\":\"oliviere\",\"image\":{\"@type\":\"ImageObject\",\"inLanguage\":\"fr-FR\",\"@id\":\"https:\\\/\\\/secure.gravatar.com\\\/avatar\\\/907069e0b81d119452040469e4a7501da1100f54f7f80180ce77bfab718288f6?s=96&d=mm&r=g\",\"url\":\"https:\\\/\\\/secure.gravatar.com\\\/avatar\\\/907069e0b81d119452040469e4a7501da1100f54f7f80180ce77bfab718288f6?s=96&d=mm&r=g\",\"contentUrl\":\"https:\\\/\\\/secure.gravatar.com\\\/avatar\\\/907069e0b81d119452040469e4a7501da1100f54f7f80180ce77bfab718288f6?s=96&d=mm&r=g\",\"caption\":\"oliviere\"},\"sameAs\":[\"http:\\\/\\\/www.motocrossmag.be\"],\"url\":\"https:\\\/\\\/fr.motocrossmag.be\\\/index.php\\\/author\\\/oliviere\\\/\"}]}<\/script>\n<!-- \/ Yoast SEO plugin. -->","yoast_head_json":{"title":"Jeffrey Herlings et Tom Vialle dominent, Cl\u00e9ment Desalle et Jago Geerts au pied du podium - Motocross - Enduro - Supermoto | MotocrossMag","robots":{"index":"index","follow":"follow","max-snippet":"max-snippet:-1","max-image-preview":"max-image-preview:large","max-video-preview":"max-video-preview:-1"},"canonical":"https:\/\/fr.motocrossmag.be\/index.php\/2020\/02\/jeffrey-herlings-et-tom-vialle-dominent-clement-desalle-au-pied-du-podium\/","og_locale":"fr_FR","og_type":"article","og_title":"Jeffrey Herlings et Tom Vialle dominent, Cl\u00e9ment Desalle et Jago Geerts au pied du podium - Motocross - Enduro - Supermoto | MotocrossMag","og_description":"Deux pilotes fran\u00e7ais aux c\u00f4t\u00e9s de Jeffrey Herlings : la journ\u00e9e se referme en beaut\u00e9 pour le public de Lacapelle Marival. Une fois de plus, l&rsquo;\u00e9preuve fran\u00e7aise accueillait un plateau [...]","og_url":"https:\/\/fr.motocrossmag.be\/index.php\/2020\/02\/jeffrey-herlings-et-tom-vialle-dominent-clement-desalle-au-pied-du-podium\/","og_site_name":"Motocross - Enduro - Supermoto | MotocrossMag","article_published_time":"2020-02-16T17:31:51+00:00","article_modified_time":"2020-02-16T17:33:33+00:00","og_image":[{"width":1000,"height":667,"url":"https:\/\/fr.motocrossmag.be\/wp-content\/uploads\/2020\/02\/lacapelle-start-herlings-vialle.jpg","type":"image\/jpeg"}],"author":"oliviere","twitter_card":"summary_large_image","twitter_misc":{"\u00c9crit par":"oliviere","Dur\u00e9e de lecture estim\u00e9e":"2 minutes"},"schema":{"@context":"https:\/\/schema.org","@graph":[{"@type":"Article","@id":"https:\/\/fr.motocrossmag.be\/index.php\/2020\/02\/jeffrey-herlings-et-tom-vialle-dominent-clement-desalle-au-pied-du-podium\/#article","isPartOf":{"@id":"https:\/\/fr.motocrossmag.be\/index.php\/2020\/02\/jeffrey-herlings-et-tom-vialle-dominent-clement-desalle-au-pied-du-podium\/"},"author":{"name":"oliviere","@id":"https:\/\/fr.motocrossmag.be\/#\/schema\/person\/11b47143d9f755babca2c9110e03235c"},"headline":"Jeffrey Herlings et Tom Vialle dominent, Cl\u00e9ment Desalle et Jago Geerts au pied du podium","datePublished":"2020-02-16T17:31:51+00:00","dateModified":"2020-02-16T17:33:33+00:00","mainEntityOfPage":{"@id":"https:\/\/fr.motocrossmag.be\/index.php\/2020\/02\/jeffrey-herlings-et-tom-vialle-dominent-clement-desalle-au-pied-du-podium\/"},"wordCount":386,"commentCount":0,"image":{"@id":"https:\/\/fr.motocrossmag.be\/index.php\/2020\/02\/jeffrey-herlings-et-tom-vialle-dominent-clement-desalle-au-pied-du-podium\/#primaryimage"},"thumbnailUrl":"https:\/\/fr.motocrossmag.be\/wp-content\/uploads\/2020\/02\/lacapelle-start-herlings-vialle.jpg","keywords":["desalle","france","herlings","lacapelle-marival","Motocross"],"articleSection":["Actualit\u00e9","Motocross","News","News","R\u00e9sultats","Slideshow"],"inLanguage":"fr-FR","potentialAction":[{"@type":"CommentAction","name":"Comment","target":["https:\/\/fr.motocrossmag.be\/index.php\/2020\/02\/jeffrey-herlings-et-tom-vialle-dominent-clement-desalle-au-pied-du-podium\/#respond"]}]},{"@type":"WebPage","@id":"https:\/\/fr.motocrossmag.be\/index.php\/2020\/02\/jeffrey-herlings-et-tom-vialle-dominent-clement-desalle-au-pied-du-podium\/","url":"https:\/\/fr.motocrossmag.be\/index.php\/2020\/02\/jeffrey-herlings-et-tom-vialle-dominent-clement-desalle-au-pied-du-podium\/","name":"Jeffrey Herlings et Tom Vialle dominent, Cl\u00e9ment Desalle et Jago Geerts au pied du podium - Motocross - Enduro - Supermoto | MotocrossMag","isPartOf":{"@id":"https:\/\/fr.motocrossmag.be\/#website"},"primaryImageOfPage":{"@id":"https:\/\/fr.motocrossmag.be\/index.php\/2020\/02\/jeffrey-herlings-et-tom-vialle-dominent-clement-desalle-au-pied-du-podium\/#primaryimage"},"image":{"@id":"https:\/\/fr.motocrossmag.be\/index.php\/2020\/02\/jeffrey-herlings-et-tom-vialle-dominent-clement-desalle-au-pied-du-podium\/#primaryimage"},"thumbnailUrl":"https:\/\/fr.motocrossmag.be\/wp-content\/uploads\/2020\/02\/lacapelle-start-herlings-vialle.jpg","datePublished":"2020-02-16T17:31:51+00:00","dateModified":"2020-02-16T17:33:33+00:00","author":{"@id":"https:\/\/fr.motocrossmag.be\/#\/schema\/person\/11b47143d9f755babca2c9110e03235c"},"breadcrumb":{"@id":"https:\/\/fr.motocrossmag.be\/index.php\/2020\/02\/jeffrey-herlings-et-tom-vialle-dominent-clement-desalle-au-pied-du-podium\/#breadcrumb"},"inLanguage":"fr-FR","potentialAction":[{"@type":"ReadAction","target":["https:\/\/fr.motocrossmag.be\/index.php\/2020\/02\/jeffrey-herlings-et-tom-vialle-dominent-clement-desalle-au-pied-du-podium\/"]}]},{"@type":"ImageObject","inLanguage":"fr-FR","@id":"https:\/\/fr.motocrossmag.be\/index.php\/2020\/02\/jeffrey-herlings-et-tom-vialle-dominent-clement-desalle-au-pied-du-podium\/#primaryimage","url":"https:\/\/fr.motocrossmag.be\/wp-content\/uploads\/2020\/02\/lacapelle-start-herlings-vialle.jpg","contentUrl":"https:\/\/fr.motocrossmag.be\/wp-content\/uploads\/2020\/02\/lacapelle-start-herlings-vialle.jpg","width":1000,"height":667},{"@type":"BreadcrumbList","@id":"https:\/\/fr.motocrossmag.be\/index.php\/2020\/02\/jeffrey-herlings-et-tom-vialle-dominent-clement-desalle-au-pied-du-podium\/#breadcrumb","itemListElement":[{"@type":"ListItem","position":1,"name":"Accueil","item":"https:\/\/fr.motocrossmag.be\/"},{"@type":"ListItem","position":2,"name":"Jeffrey Herlings et Tom Vialle dominent, Cl\u00e9ment Desalle et Jago Geerts au pied du podium"}]},{"@type":"WebSite","@id":"https:\/\/fr.motocrossmag.be\/#website","url":"https:\/\/fr.motocrossmag.be\/","name":"Motocross - Enduro - Supermoto | MotocrossMag","description":"L&#039;actualit\u00e9 du motocross, de l&#039;enduro et du Supermoto en ligne!","potentialAction":[{"@type":"SearchAction","target":{"@type":"EntryPoint","urlTemplate":"https:\/\/fr.motocrossmag.be\/?s={search_term_string}"},"query-input":{"@type":"PropertyValueSpecification","valueRequired":true,"valueName":"search_term_string"}}],"inLanguage":"fr-FR"},{"@type":"Person","@id":"https:\/\/fr.motocrossmag.be\/#\/schema\/person\/11b47143d9f755babca2c9110e03235c","name":"oliviere","image":{"@type":"ImageObject","inLanguage":"fr-FR","@id":"https:\/\/secure.gravatar.com\/avatar\/907069e0b81d119452040469e4a7501da1100f54f7f80180ce77bfab718288f6?s=96&d=mm&r=g","url":"https:\/\/secure.gravatar.com\/avatar\/907069e0b81d119452040469e4a7501da1100f54f7f80180ce77bfab718288f6?s=96&d=mm&r=g","contentUrl":"https:\/\/secure.gravatar.com\/avatar\/907069e0b81d119452040469e4a7501da1100f54f7f80180ce77bfab718288f6?s=96&d=mm&r=g","caption":"oliviere"},"sameAs":["http:\/\/www.motocrossmag.be"],"url":"https:\/\/fr.motocrossmag.be\/index.php\/author\/oliviere\/"}]}},"_links":{"self":[{"href":"https:\/\/fr.motocrossmag.be\/index.php\/wp-json\/wp\/v2\/posts\/101529","targetHints":{"allow":["GET"]}}],"collection":[{"href":"https:\/\/fr.motocrossmag.be\/index.php\/wp-json\/wp\/v2\/posts"}],"about":[{"href":"https:\/\/fr.motocrossmag.be\/index.php\/wp-json\/wp\/v2\/types\/post"}],"author":[{"embeddable":true,"href":"https:\/\/fr.motocrossmag.be\/index.php\/wp-json\/wp\/v2\/users\/932"}],"replies":[{"embeddable":true,"href":"https:\/\/fr.motocrossmag.be\/index.php\/wp-json\/wp\/v2\/comments?post=101529"}],"version-history":[{"count":0,"href":"https:\/\/fr.motocrossmag.be\/index.php\/wp-json\/wp\/v2\/posts\/101529\/revisions"}],"wp:featuredmedia":[{"embeddable":true,"href":"https:\/\/fr.motocrossmag.be\/index.php\/wp-json\/wp\/v2\/media\/101530"}],"wp:attachment":[{"href":"https:\/\/fr.motocrossmag.be\/index.php\/wp-json\/wp\/v2\/media?parent=101529"}],"wp:term":[{"taxonomy":"category","embeddable":true,"href":"https:\/\/fr.motocrossmag.be\/index.php\/wp-json\/wp\/v2\/categories?post=101529"},{"taxonomy":"post_tag","embeddable":true,"href":"https:\/\/fr.motocrossmag.be\/index.php\/wp-json\/wp\/v2\/tags?post=101529"}],"curies":[{"name":"wp","href":"https:\/\/api.w.org\/{rel}","templated":true}]}}