{"id":101541,"date":"2020-02-17T22:49:59","date_gmt":"2020-02-17T21:49:59","guid":{"rendered":"http:\/\/fr.motocrossmag.be\/?p=101541"},"modified":"2020-02-17T22:49:59","modified_gmt":"2020-02-17T21:49:59","slug":"photos-supercross-us-a-tampa","status":"publish","type":"post","link":"https:\/\/fr.motocrossmag.be\/index.php\/2020\/02\/photos-supercross-us-a-tampa\/","title":{"rendered":"Photos : Supercross US \u00e0 Tampa"},"content":{"rendered":"<p><strong>Retour en images sur le 7\u00e8me round de la saison de Supercross US, le premier sur la c\u00f4te est, \u00e0 Tampa, en Californie.<\/strong><\/p>\n<p>&nbsp;<\/p><div class=\"cpipd6a9a60334dc3c\" ><!-- \/91277017\/Inline-articles-mobile -->\n<div style=\"margin:auto; text-align:center !important\">\n<div id='div-gpt-ad-1784982661365-0' style='min-width: 250px; min-height: 75px;'>\n  <script>\n    googletag.cmd.push(function() { googletag.display('div-gpt-ad-1784982661365-0'); });\n  <\/script>\n<\/div><\/div><\/div><style type=\"text\/css\">\r\n.cpipd6a9a60334dc3c {\r\nmargin-bottom:30px;margin-top:20px\r\n}\r\n@media screen and (min-width: 1201px) {\r\n.cpipd6a9a60334dc3c {\r\ndisplay: block;\r\n}\r\n}\r\n@media screen and (min-width: 993px) and (max-width: 1200px) {\r\n.cpipd6a9a60334dc3c {\r\ndisplay: block;\r\n}\r\n}\r\n@media screen and (min-width: 769px) and (max-width: 992px) {\r\n.cpipd6a9a60334dc3c {\r\ndisplay: block;\r\n}\r\n}\r\n@media screen and (min-width: 768px) and (max-width: 768px) {\r\n.cpipd6a9a60334dc3c {\r\ndisplay: block;\r\n}\r\n}\r\n@media screen and (max-width: 767px) {\r\n.cpipd6a9a60334dc3c {\r\ndisplay: block;\r\n}\r\n}\r\n<\/style>\r\n\n<div id='gallery-1' class='gallery galleryid-101541 gallery-columns-3 gallery-size-thumbnail'><figure class='gallery-item'>\n\t\t\t<div class='gallery-icon landscape'>\n\t\t\t\t<a href='https:\/\/fr.motocrossmag.be\/index.php\/2020\/02\/photos-supercross-us-a-tampa\/69600_dean-wilson-hqv-fc-450-tampa-sx-2020-003\/'><img decoding=\"async\" width=\"250\" height=\"250\" src=\"https:\/\/fr.motocrossmag.be\/wp-content\/uploads\/2020\/02\/69600_Dean-Wilson-HQV-FC-450-Tampa-SX-2020-003-250x250.jpg\" class=\"attachment-thumbnail size-thumbnail\" alt=\"\" srcset=\"https:\/\/fr.motocrossmag.be\/wp-content\/uploads\/2020\/02\/69600_Dean-Wilson-HQV-FC-450-Tampa-SX-2020-003-250x250.jpg 250w, https:\/\/fr.motocrossmag.be\/wp-content\/uploads\/2020\/02\/69600_Dean-Wilson-HQV-FC-450-Tampa-SX-2020-003-50x50.jpg 50w, https:\/\/fr.motocrossmag.be\/wp-content\/uploads\/2020\/02\/69600_Dean-Wilson-HQV-FC-450-Tampa-SX-2020-003-150x150.jpg 150w, https:\/\/fr.motocrossmag.be\/wp-content\/uploads\/2020\/02\/69600_Dean-Wilson-HQV-FC-450-Tampa-SX-2020-003-45x45.jpg 45w\" sizes=\"(max-width: 250px) 100vw, 250px\" \/><\/a>\n\t\t\t<\/div><\/figure><figure class='gallery-item'>\n\t\t\t<div class='gallery-icon landscape'>\n\t\t\t\t<a href='https:\/\/fr.motocrossmag.be\/index.php\/2020\/02\/photos-supercross-us-a-tampa\/69630_jason-anderson-hqv-fc-450-tampa-sx-2020-007\/'><img decoding=\"async\" width=\"250\" height=\"250\" src=\"https:\/\/fr.motocrossmag.be\/wp-content\/uploads\/2020\/02\/69630_Jason-Anderson-HQV-FC-450-Tampa-SX-2020-007-250x250.jpg\" class=\"attachment-thumbnail size-thumbnail\" alt=\"\" srcset=\"https:\/\/fr.motocrossmag.be\/wp-content\/uploads\/2020\/02\/69630_Jason-Anderson-HQV-FC-450-Tampa-SX-2020-007-250x250.jpg 250w, https:\/\/fr.motocrossmag.be\/wp-content\/uploads\/2020\/02\/69630_Jason-Anderson-HQV-FC-450-Tampa-SX-2020-007-50x50.jpg 50w, https:\/\/fr.motocrossmag.be\/wp-content\/uploads\/2020\/02\/69630_Jason-Anderson-HQV-FC-450-Tampa-SX-2020-007-150x150.jpg 150w, https:\/\/fr.motocrossmag.be\/wp-content\/uploads\/2020\/02\/69630_Jason-Anderson-HQV-FC-450-Tampa-SX-2020-007-45x45.jpg 45w\" sizes=\"(max-width: 250px) 100vw, 250px\" \/><\/a>\n\t\t\t<\/div><\/figure><figure class='gallery-item'>\n\t\t\t<div class='gallery-icon landscape'>\n\t\t\t\t<a href='https:\/\/fr.motocrossmag.be\/index.php\/2020\/02\/photos-supercross-us-a-tampa\/334506_cooper-webb-ktm-450-sx-f-tampa-sx-2020-023\/'><img decoding=\"async\" width=\"250\" height=\"250\" src=\"https:\/\/fr.motocrossmag.be\/wp-content\/uploads\/2020\/02\/334506_Cooper-Webb-KTM-450-SX-F-Tampa-SX-2020-023-250x250.jpg\" class=\"attachment-thumbnail size-thumbnail\" alt=\"\" srcset=\"https:\/\/fr.motocrossmag.be\/wp-content\/uploads\/2020\/02\/334506_Cooper-Webb-KTM-450-SX-F-Tampa-SX-2020-023-250x250.jpg 250w, https:\/\/fr.motocrossmag.be\/wp-content\/uploads\/2020\/02\/334506_Cooper-Webb-KTM-450-SX-F-Tampa-SX-2020-023-50x50.jpg 50w, https:\/\/fr.motocrossmag.be\/wp-content\/uploads\/2020\/02\/334506_Cooper-Webb-KTM-450-SX-F-Tampa-SX-2020-023-150x150.jpg 150w, https:\/\/fr.motocrossmag.be\/wp-content\/uploads\/2020\/02\/334506_Cooper-Webb-KTM-450-SX-F-Tampa-SX-2020-023-45x45.jpg 45w\" sizes=\"(max-width: 250px) 100vw, 250px\" \/><\/a>\n\t\t\t<\/div><\/figure><figure class='gallery-item'>\n\t\t\t<div class='gallery-icon landscape'>\n\t\t\t\t<a href='https:\/\/fr.motocrossmag.be\/index.php\/2020\/02\/photos-supercross-us-a-tampa\/69671_zach-osborne-hqv-fc-450-tampa-sx-2020-007\/'><img decoding=\"async\" width=\"250\" height=\"250\" src=\"https:\/\/fr.motocrossmag.be\/wp-content\/uploads\/2020\/02\/69671_Zach-Osborne-HQV-FC-450-Tampa-SX-2020-007-250x250.jpg\" class=\"attachment-thumbnail size-thumbnail\" alt=\"\" srcset=\"https:\/\/fr.motocrossmag.be\/wp-content\/uploads\/2020\/02\/69671_Zach-Osborne-HQV-FC-450-Tampa-SX-2020-007-250x250.jpg 250w, https:\/\/fr.motocrossmag.be\/wp-content\/uploads\/2020\/02\/69671_Zach-Osborne-HQV-FC-450-Tampa-SX-2020-007-50x50.jpg 50w, https:\/\/fr.motocrossmag.be\/wp-content\/uploads\/2020\/02\/69671_Zach-Osborne-HQV-FC-450-Tampa-SX-2020-007-150x150.jpg 150w, https:\/\/fr.motocrossmag.be\/wp-content\/uploads\/2020\/02\/69671_Zach-Osborne-HQV-FC-450-Tampa-SX-2020-007-45x45.jpg 45w\" sizes=\"(max-width: 250px) 100vw, 250px\" \/><\/a>\n\t\t\t<\/div><\/figure><figure class='gallery-item'>\n\t\t\t<div class='gallery-icon landscape'>\n\t\t\t\t<a href='https:\/\/fr.motocrossmag.be\/index.php\/2020\/02\/photos-supercross-us-a-tampa\/334480_brian-moreau-ktm-250-sx-f-tampa-sx-2020-015\/'><img decoding=\"async\" width=\"250\" height=\"250\" src=\"https:\/\/fr.motocrossmag.be\/wp-content\/uploads\/2020\/02\/334480_Brian-Moreau-KTM-250-SX-F-Tampa-SX-2020-015-250x250.jpg\" class=\"attachment-thumbnail size-thumbnail\" alt=\"\" srcset=\"https:\/\/fr.motocrossmag.be\/wp-content\/uploads\/2020\/02\/334480_Brian-Moreau-KTM-250-SX-F-Tampa-SX-2020-015-250x250.jpg 250w, https:\/\/fr.motocrossmag.be\/wp-content\/uploads\/2020\/02\/334480_Brian-Moreau-KTM-250-SX-F-Tampa-SX-2020-015-50x50.jpg 50w, https:\/\/fr.motocrossmag.be\/wp-content\/uploads\/2020\/02\/334480_Brian-Moreau-KTM-250-SX-F-Tampa-SX-2020-015-150x150.jpg 150w, https:\/\/fr.motocrossmag.be\/wp-content\/uploads\/2020\/02\/334480_Brian-Moreau-KTM-250-SX-F-Tampa-SX-2020-015-45x45.jpg 45w\" sizes=\"(max-width: 250px) 100vw, 250px\" \/><\/a>\n\t\t\t<\/div><\/figure><figure class='gallery-item'>\n\t\t\t<div class='gallery-icon landscape'>\n\t\t\t\t<a href='https:\/\/fr.motocrossmag.be\/index.php\/2020\/02\/photos-supercross-us-a-tampa\/me1_8198\/'><img decoding=\"async\" width=\"250\" height=\"250\" src=\"https:\/\/fr.motocrossmag.be\/wp-content\/uploads\/2020\/02\/ME1_8198-250x250.jpg\" class=\"attachment-thumbnail size-thumbnail\" alt=\"\" srcset=\"https:\/\/fr.motocrossmag.be\/wp-content\/uploads\/2020\/02\/ME1_8198-250x250.jpg 250w, https:\/\/fr.motocrossmag.be\/wp-content\/uploads\/2020\/02\/ME1_8198-50x50.jpg 50w, https:\/\/fr.motocrossmag.be\/wp-content\/uploads\/2020\/02\/ME1_8198-150x150.jpg 150w, https:\/\/fr.motocrossmag.be\/wp-content\/uploads\/2020\/02\/ME1_8198-45x45.jpg 45w\" sizes=\"(max-width: 250px) 100vw, 250px\" \/><\/a>\n\t\t\t<\/div><\/figure><figure class='gallery-item'>\n\t\t\t<div class='gallery-icon landscape'>\n\t\t\t\t<a href='https:\/\/fr.motocrossmag.be\/index.php\/2020\/02\/photos-supercross-us-a-tampa\/334511_cooper-webb-ktm-450-sx-f-tampa-sx-2020-028\/'><img decoding=\"async\" width=\"250\" height=\"250\" src=\"https:\/\/fr.motocrossmag.be\/wp-content\/uploads\/2020\/02\/334511_Cooper-Webb-KTM-450-SX-F-Tampa-SX-2020-028-250x250.jpg\" class=\"attachment-thumbnail size-thumbnail\" alt=\"\" srcset=\"https:\/\/fr.motocrossmag.be\/wp-content\/uploads\/2020\/02\/334511_Cooper-Webb-KTM-450-SX-F-Tampa-SX-2020-028-250x250.jpg 250w, https:\/\/fr.motocrossmag.be\/wp-content\/uploads\/2020\/02\/334511_Cooper-Webb-KTM-450-SX-F-Tampa-SX-2020-028-50x50.jpg 50w, https:\/\/fr.motocrossmag.be\/wp-content\/uploads\/2020\/02\/334511_Cooper-Webb-KTM-450-SX-F-Tampa-SX-2020-028-150x150.jpg 150w, https:\/\/fr.motocrossmag.be\/wp-content\/uploads\/2020\/02\/334511_Cooper-Webb-KTM-450-SX-F-Tampa-SX-2020-028-45x45.jpg 45w\" sizes=\"(max-width: 250px) 100vw, 250px\" \/><\/a>\n\t\t\t<\/div><\/figure><figure class='gallery-item'>\n\t\t\t<div class='gallery-icon landscape'>\n\t\t\t\t<a href='https:\/\/fr.motocrossmag.be\/index.php\/2020\/02\/photos-supercross-us-a-tampa\/69673_zach-osborne-hqv-fc-450-tampa-sx-2020-009\/'><img decoding=\"async\" width=\"250\" height=\"250\" src=\"https:\/\/fr.motocrossmag.be\/wp-content\/uploads\/2020\/02\/69673_Zach-Osborne-HQV-FC-450-Tampa-SX-2020-009-250x250.jpg\" class=\"attachment-thumbnail size-thumbnail\" alt=\"\" srcset=\"https:\/\/fr.motocrossmag.be\/wp-content\/uploads\/2020\/02\/69673_Zach-Osborne-HQV-FC-450-Tampa-SX-2020-009-250x250.jpg 250w, https:\/\/fr.motocrossmag.be\/wp-content\/uploads\/2020\/02\/69673_Zach-Osborne-HQV-FC-450-Tampa-SX-2020-009-50x50.jpg 50w, https:\/\/fr.motocrossmag.be\/wp-content\/uploads\/2020\/02\/69673_Zach-Osborne-HQV-FC-450-Tampa-SX-2020-009-150x150.jpg 150w, https:\/\/fr.motocrossmag.be\/wp-content\/uploads\/2020\/02\/69673_Zach-Osborne-HQV-FC-450-Tampa-SX-2020-009-45x45.jpg 45w\" sizes=\"(max-width: 250px) 100vw, 250px\" \/><\/a>\n\t\t\t<\/div><\/figure><figure class='gallery-item'>\n\t\t\t<div class='gallery-icon landscape'>\n\t\t\t\t<a href='https:\/\/fr.motocrossmag.be\/index.php\/2020\/02\/photos-supercross-us-a-tampa\/334529_cooper-webb-ktm-450-sx-f-tampa-sx-2020-046\/'><img decoding=\"async\" width=\"250\" height=\"250\" src=\"https:\/\/fr.motocrossmag.be\/wp-content\/uploads\/2020\/02\/334529_Cooper-Webb-KTM-450-SX-F-Tampa-SX-2020-046-250x250.jpg\" class=\"attachment-thumbnail size-thumbnail\" alt=\"\" srcset=\"https:\/\/fr.motocrossmag.be\/wp-content\/uploads\/2020\/02\/334529_Cooper-Webb-KTM-450-SX-F-Tampa-SX-2020-046-250x250.jpg 250w, https:\/\/fr.motocrossmag.be\/wp-content\/uploads\/2020\/02\/334529_Cooper-Webb-KTM-450-SX-F-Tampa-SX-2020-046-50x50.jpg 50w, https:\/\/fr.motocrossmag.be\/wp-content\/uploads\/2020\/02\/334529_Cooper-Webb-KTM-450-SX-F-Tampa-SX-2020-046-150x150.jpg 150w, https:\/\/fr.motocrossmag.be\/wp-content\/uploads\/2020\/02\/334529_Cooper-Webb-KTM-450-SX-F-Tampa-SX-2020-046-45x45.jpg 45w\" sizes=\"(max-width: 250px) 100vw, 250px\" \/><\/a>\n\t\t\t<\/div><\/figure><figure class='gallery-item'>\n\t\t\t<div class='gallery-icon landscape'>\n\t\t\t\t<a href='https:\/\/fr.motocrossmag.be\/index.php\/2020\/02\/photos-supercross-us-a-tampa\/334467_brian-moreau-ktm-250-sx-f-tampa-sx-2020-002\/'><img decoding=\"async\" width=\"250\" height=\"250\" src=\"https:\/\/fr.motocrossmag.be\/wp-content\/uploads\/2020\/02\/334467_Brian-Moreau-KTM-250-SX-F-Tampa-SX-2020-002-250x250.jpg\" class=\"attachment-thumbnail size-thumbnail\" alt=\"\" srcset=\"https:\/\/fr.motocrossmag.be\/wp-content\/uploads\/2020\/02\/334467_Brian-Moreau-KTM-250-SX-F-Tampa-SX-2020-002-250x250.jpg 250w, https:\/\/fr.motocrossmag.be\/wp-content\/uploads\/2020\/02\/334467_Brian-Moreau-KTM-250-SX-F-Tampa-SX-2020-002-50x50.jpg 50w, https:\/\/fr.motocrossmag.be\/wp-content\/uploads\/2020\/02\/334467_Brian-Moreau-KTM-250-SX-F-Tampa-SX-2020-002-150x150.jpg 150w, https:\/\/fr.motocrossmag.be\/wp-content\/uploads\/2020\/02\/334467_Brian-Moreau-KTM-250-SX-F-Tampa-SX-2020-002-45x45.jpg 45w\" sizes=\"(max-width: 250px) 100vw, 250px\" \/><\/a>\n\t\t\t<\/div><\/figure><figure class='gallery-item'>\n\t\t\t<div class='gallery-icon landscape'>\n\t\t\t\t<a href='https:\/\/fr.motocrossmag.be\/index.php\/2020\/02\/photos-supercross-us-a-tampa\/69631_jason-anderson-hqv-fc-450-tampa-sx-2020-008\/'><img decoding=\"async\" width=\"250\" height=\"250\" src=\"https:\/\/fr.motocrossmag.be\/wp-content\/uploads\/2020\/02\/69631_Jason-Anderson-HQV-FC-450-Tampa-SX-2020-008-250x250.jpg\" class=\"attachment-thumbnail size-thumbnail\" alt=\"\" srcset=\"https:\/\/fr.motocrossmag.be\/wp-content\/uploads\/2020\/02\/69631_Jason-Anderson-HQV-FC-450-Tampa-SX-2020-008-250x250.jpg 250w, https:\/\/fr.motocrossmag.be\/wp-content\/uploads\/2020\/02\/69631_Jason-Anderson-HQV-FC-450-Tampa-SX-2020-008-50x50.jpg 50w, https:\/\/fr.motocrossmag.be\/wp-content\/uploads\/2020\/02\/69631_Jason-Anderson-HQV-FC-450-Tampa-SX-2020-008-150x150.jpg 150w, https:\/\/fr.motocrossmag.be\/wp-content\/uploads\/2020\/02\/69631_Jason-Anderson-HQV-FC-450-Tampa-SX-2020-008-45x45.jpg 45w\" sizes=\"(max-width: 250px) 100vw, 250px\" \/><\/a>\n\t\t\t<\/div><\/figure><figure class='gallery-item'>\n\t\t\t<div class='gallery-icon landscape'>\n\t\t\t\t<a href='https:\/\/fr.motocrossmag.be\/index.php\/2020\/02\/photos-supercross-us-a-tampa\/69598_dean-wilson-hqv-fc-450-tampa-sx-2020-001\/'><img decoding=\"async\" width=\"250\" height=\"250\" src=\"https:\/\/fr.motocrossmag.be\/wp-content\/uploads\/2020\/02\/69598_Dean-Wilson-HQV-FC-450-Tampa-SX-2020-001-250x250.jpg\" class=\"attachment-thumbnail size-thumbnail\" alt=\"\" srcset=\"https:\/\/fr.motocrossmag.be\/wp-content\/uploads\/2020\/02\/69598_Dean-Wilson-HQV-FC-450-Tampa-SX-2020-001-250x250.jpg 250w, https:\/\/fr.motocrossmag.be\/wp-content\/uploads\/2020\/02\/69598_Dean-Wilson-HQV-FC-450-Tampa-SX-2020-001-50x50.jpg 50w, https:\/\/fr.motocrossmag.be\/wp-content\/uploads\/2020\/02\/69598_Dean-Wilson-HQV-FC-450-Tampa-SX-2020-001-150x150.jpg 150w, https:\/\/fr.motocrossmag.be\/wp-content\/uploads\/2020\/02\/69598_Dean-Wilson-HQV-FC-450-Tampa-SX-2020-001-45x45.jpg 45w\" sizes=\"(max-width: 250px) 100vw, 250px\" \/><\/a>\n\t\t\t<\/div><\/figure><figure class='gallery-item'>\n\t\t\t<div class='gallery-icon landscape'>\n\t\t\t\t<a href='https:\/\/fr.motocrossmag.be\/index.php\/2020\/02\/photos-supercross-us-a-tampa\/5e4ab92c31c8f9-82687136\/'><img decoding=\"async\" width=\"250\" height=\"250\" src=\"https:\/\/fr.motocrossmag.be\/wp-content\/uploads\/2020\/02\/5e4ab92c31c8f9.82687136-250x250.jpg\" class=\"attachment-thumbnail size-thumbnail\" alt=\"\" srcset=\"https:\/\/fr.motocrossmag.be\/wp-content\/uploads\/2020\/02\/5e4ab92c31c8f9.82687136-250x250.jpg 250w, https:\/\/fr.motocrossmag.be\/wp-content\/uploads\/2020\/02\/5e4ab92c31c8f9.82687136-50x50.jpg 50w, https:\/\/fr.motocrossmag.be\/wp-content\/uploads\/2020\/02\/5e4ab92c31c8f9.82687136-150x150.jpg 150w, https:\/\/fr.motocrossmag.be\/wp-content\/uploads\/2020\/02\/5e4ab92c31c8f9.82687136-45x45.jpg 45w\" sizes=\"(max-width: 250px) 100vw, 250px\" \/><\/a>\n\t\t\t<\/div><\/figure><figure class='gallery-item'>\n\t\t\t<div class='gallery-icon landscape'>\n\t\t\t\t<a href='https:\/\/fr.motocrossmag.be\/index.php\/2020\/02\/photos-supercross-us-a-tampa\/me1_5738\/'><img decoding=\"async\" width=\"250\" height=\"250\" src=\"https:\/\/fr.motocrossmag.be\/wp-content\/uploads\/2020\/02\/ME1_5738-250x250.jpg\" class=\"attachment-thumbnail size-thumbnail\" alt=\"\" srcset=\"https:\/\/fr.motocrossmag.be\/wp-content\/uploads\/2020\/02\/ME1_5738-250x250.jpg 250w, https:\/\/fr.motocrossmag.be\/wp-content\/uploads\/2020\/02\/ME1_5738-50x50.jpg 50w, https:\/\/fr.motocrossmag.be\/wp-content\/uploads\/2020\/02\/ME1_5738-150x150.jpg 150w, https:\/\/fr.motocrossmag.be\/wp-content\/uploads\/2020\/02\/ME1_5738-45x45.jpg 45w\" sizes=\"(max-width: 250px) 100vw, 250px\" \/><\/a>\n\t\t\t<\/div><\/figure><figure class='gallery-item'>\n\t\t\t<div class='gallery-icon landscape'>\n\t\t\t\t<a href='https:\/\/fr.motocrossmag.be\/index.php\/2020\/02\/photos-supercross-us-a-tampa\/334493_cooper-webb-ktm-450-sx-f-tampa-sx-2020-010\/'><img decoding=\"async\" width=\"250\" height=\"250\" src=\"https:\/\/fr.motocrossmag.be\/wp-content\/uploads\/2020\/02\/334493_Cooper-Webb-KTM-450-SX-F-Tampa-SX-2020-010-250x250.jpg\" class=\"attachment-thumbnail size-thumbnail\" alt=\"\" srcset=\"https:\/\/fr.motocrossmag.be\/wp-content\/uploads\/2020\/02\/334493_Cooper-Webb-KTM-450-SX-F-Tampa-SX-2020-010-250x250.jpg 250w, https:\/\/fr.motocrossmag.be\/wp-content\/uploads\/2020\/02\/334493_Cooper-Webb-KTM-450-SX-F-Tampa-SX-2020-010-50x50.jpg 50w, https:\/\/fr.motocrossmag.be\/wp-content\/uploads\/2020\/02\/334493_Cooper-Webb-KTM-450-SX-F-Tampa-SX-2020-010-150x150.jpg 150w, https:\/\/fr.motocrossmag.be\/wp-content\/uploads\/2020\/02\/334493_Cooper-Webb-KTM-450-SX-F-Tampa-SX-2020-010-45x45.jpg 45w\" sizes=\"(max-width: 250px) 100vw, 250px\" \/><\/a>\n\t\t\t<\/div><\/figure><figure class='gallery-item'>\n\t\t\t<div class='gallery-icon landscape'>\n\t\t\t\t<a href='https:\/\/fr.motocrossmag.be\/index.php\/2020\/02\/photos-supercross-us-a-tampa\/rich3857\/'><img decoding=\"async\" width=\"250\" height=\"250\" src=\"https:\/\/fr.motocrossmag.be\/wp-content\/uploads\/2020\/02\/RICH3857-250x250.jpg\" class=\"attachment-thumbnail size-thumbnail\" alt=\"\" srcset=\"https:\/\/fr.motocrossmag.be\/wp-content\/uploads\/2020\/02\/RICH3857-250x250.jpg 250w, https:\/\/fr.motocrossmag.be\/wp-content\/uploads\/2020\/02\/RICH3857-50x50.jpg 50w, https:\/\/fr.motocrossmag.be\/wp-content\/uploads\/2020\/02\/RICH3857-150x150.jpg 150w, https:\/\/fr.motocrossmag.be\/wp-content\/uploads\/2020\/02\/RICH3857-45x45.jpg 45w\" sizes=\"(max-width: 250px) 100vw, 250px\" \/><\/a>\n\t\t\t<\/div><\/figure><figure class='gallery-item'>\n\t\t\t<div class='gallery-icon landscape'>\n\t\t\t\t<a href='https:\/\/fr.motocrossmag.be\/index.php\/2020\/02\/photos-supercross-us-a-tampa\/334526_cooper-webb-ktm-450-sx-f-tampa-sx-2020-043\/'><img decoding=\"async\" width=\"250\" height=\"250\" src=\"https:\/\/fr.motocrossmag.be\/wp-content\/uploads\/2020\/02\/334526_Cooper-Webb-KTM-450-SX-F-Tampa-SX-2020-043-250x250.jpg\" class=\"attachment-thumbnail size-thumbnail\" alt=\"\" srcset=\"https:\/\/fr.motocrossmag.be\/wp-content\/uploads\/2020\/02\/334526_Cooper-Webb-KTM-450-SX-F-Tampa-SX-2020-043-250x250.jpg 250w, https:\/\/fr.motocrossmag.be\/wp-content\/uploads\/2020\/02\/334526_Cooper-Webb-KTM-450-SX-F-Tampa-SX-2020-043-50x50.jpg 50w, https:\/\/fr.motocrossmag.be\/wp-content\/uploads\/2020\/02\/334526_Cooper-Webb-KTM-450-SX-F-Tampa-SX-2020-043-150x150.jpg 150w, https:\/\/fr.motocrossmag.be\/wp-content\/uploads\/2020\/02\/334526_Cooper-Webb-KTM-450-SX-F-Tampa-SX-2020-043-45x45.jpg 45w\" sizes=\"(max-width: 250px) 100vw, 250px\" \/><\/a>\n\t\t\t<\/div><\/figure><figure class='gallery-item'>\n\t\t\t<div class='gallery-icon landscape'>\n\t\t\t\t<a href='https:\/\/fr.motocrossmag.be\/index.php\/2020\/02\/photos-supercross-us-a-tampa\/69674_zach-osborne-hqv-fc-450-tampa-sx-2020-010\/'><img decoding=\"async\" width=\"250\" height=\"250\" src=\"https:\/\/fr.motocrossmag.be\/wp-content\/uploads\/2020\/02\/69674_Zach-Osborne-HQV-FC-450-Tampa-SX-2020-010-250x250.jpg\" class=\"attachment-thumbnail size-thumbnail\" alt=\"\" srcset=\"https:\/\/fr.motocrossmag.be\/wp-content\/uploads\/2020\/02\/69674_Zach-Osborne-HQV-FC-450-Tampa-SX-2020-010-250x250.jpg 250w, https:\/\/fr.motocrossmag.be\/wp-content\/uploads\/2020\/02\/69674_Zach-Osborne-HQV-FC-450-Tampa-SX-2020-010-50x50.jpg 50w, https:\/\/fr.motocrossmag.be\/wp-content\/uploads\/2020\/02\/69674_Zach-Osborne-HQV-FC-450-Tampa-SX-2020-010-150x150.jpg 150w, https:\/\/fr.motocrossmag.be\/wp-content\/uploads\/2020\/02\/69674_Zach-Osborne-HQV-FC-450-Tampa-SX-2020-010-45x45.jpg 45w\" sizes=\"(max-width: 250px) 100vw, 250px\" \/><\/a>\n\t\t\t<\/div><\/figure><figure class='gallery-item'>\n\t\t\t<div class='gallery-icon landscape'>\n\t\t\t\t<a href='https:\/\/fr.motocrossmag.be\/index.php\/2020\/02\/photos-supercross-us-a-tampa\/mcelrath-win-tampa\/'><img decoding=\"async\" width=\"250\" height=\"250\" src=\"https:\/\/fr.motocrossmag.be\/wp-content\/uploads\/2020\/02\/mcelrath-win-tampa-250x250.jpeg\" class=\"attachment-thumbnail size-thumbnail\" alt=\"\" srcset=\"https:\/\/fr.motocrossmag.be\/wp-content\/uploads\/2020\/02\/mcelrath-win-tampa-250x250.jpeg 250w, https:\/\/fr.motocrossmag.be\/wp-content\/uploads\/2020\/02\/mcelrath-win-tampa-50x50.jpeg 50w, https:\/\/fr.motocrossmag.be\/wp-content\/uploads\/2020\/02\/mcelrath-win-tampa-150x150.jpeg 150w, https:\/\/fr.motocrossmag.be\/wp-content\/uploads\/2020\/02\/mcelrath-win-tampa-45x45.jpeg 45w\" sizes=\"(max-width: 250px) 100vw, 250px\" \/><\/a>\n\t\t\t<\/div><\/figure><figure class='gallery-item'>\n\t\t\t<div class='gallery-icon landscape'>\n\t\t\t\t<a href='https:\/\/fr.motocrossmag.be\/index.php\/2020\/02\/photos-supercross-us-a-tampa\/cq5dam-web-2000-2000-barcia\/'><img decoding=\"async\" width=\"250\" height=\"250\" src=\"https:\/\/fr.motocrossmag.be\/wp-content\/uploads\/2020\/02\/cq5dam.web_.2000.2000-barcia-250x250.jpeg\" class=\"attachment-thumbnail size-thumbnail\" alt=\"\" srcset=\"https:\/\/fr.motocrossmag.be\/wp-content\/uploads\/2020\/02\/cq5dam.web_.2000.2000-barcia-250x250.jpeg 250w, https:\/\/fr.motocrossmag.be\/wp-content\/uploads\/2020\/02\/cq5dam.web_.2000.2000-barcia-50x50.jpeg 50w, https:\/\/fr.motocrossmag.be\/wp-content\/uploads\/2020\/02\/cq5dam.web_.2000.2000-barcia-150x150.jpeg 150w, https:\/\/fr.motocrossmag.be\/wp-content\/uploads\/2020\/02\/cq5dam.web_.2000.2000-barcia-45x45.jpeg 45w\" sizes=\"(max-width: 250px) 100vw, 250px\" \/><\/a>\n\t\t\t<\/div><\/figure><figure class='gallery-item'>\n\t\t\t<div class='gallery-icon landscape'>\n\t\t\t\t<a href='https:\/\/fr.motocrossmag.be\/index.php\/2020\/02\/photos-supercross-us-a-tampa\/334515_cooper-webb-ktm-450-sx-f-tampa-sx-2020-032\/'><img decoding=\"async\" width=\"250\" height=\"250\" src=\"https:\/\/fr.motocrossmag.be\/wp-content\/uploads\/2020\/02\/334515_Cooper-Webb-KTM-450-SX-F-Tampa-SX-2020-032-250x250.jpg\" class=\"attachment-thumbnail size-thumbnail\" alt=\"\" srcset=\"https:\/\/fr.motocrossmag.be\/wp-content\/uploads\/2020\/02\/334515_Cooper-Webb-KTM-450-SX-F-Tampa-SX-2020-032-250x250.jpg 250w, https:\/\/fr.motocrossmag.be\/wp-content\/uploads\/2020\/02\/334515_Cooper-Webb-KTM-450-SX-F-Tampa-SX-2020-032-50x50.jpg 50w, https:\/\/fr.motocrossmag.be\/wp-content\/uploads\/2020\/02\/334515_Cooper-Webb-KTM-450-SX-F-Tampa-SX-2020-032-150x150.jpg 150w, https:\/\/fr.motocrossmag.be\/wp-content\/uploads\/2020\/02\/334515_Cooper-Webb-KTM-450-SX-F-Tampa-SX-2020-032-45x45.jpg 45w\" sizes=\"(max-width: 250px) 100vw, 250px\" \/><\/a>\n\t\t\t<\/div><\/figure><figure class='gallery-item'>\n\t\t\t<div class='gallery-icon landscape'>\n\t\t\t\t<a href='https:\/\/fr.motocrossmag.be\/index.php\/2020\/02\/photos-supercross-us-a-tampa\/cq5dam-web-2000-2000-3\/'><img decoding=\"async\" width=\"250\" height=\"250\" src=\"https:\/\/fr.motocrossmag.be\/wp-content\/uploads\/2020\/02\/cq5dam.web_.2000.2000-3-250x250.jpeg\" class=\"attachment-thumbnail size-thumbnail\" alt=\"\" srcset=\"https:\/\/fr.motocrossmag.be\/wp-content\/uploads\/2020\/02\/cq5dam.web_.2000.2000-3-250x250.jpeg 250w, https:\/\/fr.motocrossmag.be\/wp-content\/uploads\/2020\/02\/cq5dam.web_.2000.2000-3-50x50.jpeg 50w, https:\/\/fr.motocrossmag.be\/wp-content\/uploads\/2020\/02\/cq5dam.web_.2000.2000-3-150x150.jpeg 150w, https:\/\/fr.motocrossmag.be\/wp-content\/uploads\/2020\/02\/cq5dam.web_.2000.2000-3-45x45.jpeg 45w\" sizes=\"(max-width: 250px) 100vw, 250px\" \/><\/a>\n\t\t\t<\/div><\/figure><figure class='gallery-item'>\n\t\t\t<div class='gallery-icon landscape'>\n\t\t\t\t<a href='https:\/\/fr.motocrossmag.be\/index.php\/2020\/02\/photos-supercross-us-a-tampa\/cq5dam-web-2000-2000-2\/'><img decoding=\"async\" width=\"250\" height=\"250\" src=\"https:\/\/fr.motocrossmag.be\/wp-content\/uploads\/2020\/02\/cq5dam.web_.2000.2000-250x250.jpeg\" class=\"attachment-thumbnail size-thumbnail\" alt=\"\" srcset=\"https:\/\/fr.motocrossmag.be\/wp-content\/uploads\/2020\/02\/cq5dam.web_.2000.2000-250x250.jpeg 250w, https:\/\/fr.motocrossmag.be\/wp-content\/uploads\/2020\/02\/cq5dam.web_.2000.2000-50x50.jpeg 50w, https:\/\/fr.motocrossmag.be\/wp-content\/uploads\/2020\/02\/cq5dam.web_.2000.2000-150x150.jpeg 150w, https:\/\/fr.motocrossmag.be\/wp-content\/uploads\/2020\/02\/cq5dam.web_.2000.2000-45x45.jpeg 45w\" sizes=\"(max-width: 250px) 100vw, 250px\" \/><\/a>\n\t\t\t<\/div><\/figure><figure class='gallery-item'>\n\t\t\t<div class='gallery-icon portrait'>\n\t\t\t\t<a href='https:\/\/fr.motocrossmag.be\/index.php\/2020\/02\/photos-supercross-us-a-tampa\/334478_brian-moreau-ktm-250-sx-f-tampa-sx-2020-013\/'><img decoding=\"async\" width=\"250\" height=\"250\" src=\"https:\/\/fr.motocrossmag.be\/wp-content\/uploads\/2020\/02\/334478_Brian-Moreau-KTM-250-SX-F-Tampa-SX-2020-013-250x250.jpg\" class=\"attachment-thumbnail size-thumbnail\" alt=\"\" srcset=\"https:\/\/fr.motocrossmag.be\/wp-content\/uploads\/2020\/02\/334478_Brian-Moreau-KTM-250-SX-F-Tampa-SX-2020-013-250x250.jpg 250w, https:\/\/fr.motocrossmag.be\/wp-content\/uploads\/2020\/02\/334478_Brian-Moreau-KTM-250-SX-F-Tampa-SX-2020-013-50x50.jpg 50w, https:\/\/fr.motocrossmag.be\/wp-content\/uploads\/2020\/02\/334478_Brian-Moreau-KTM-250-SX-F-Tampa-SX-2020-013-150x150.jpg 150w, https:\/\/fr.motocrossmag.be\/wp-content\/uploads\/2020\/02\/334478_Brian-Moreau-KTM-250-SX-F-Tampa-SX-2020-013-45x45.jpg 45w\" sizes=\"(max-width: 250px) 100vw, 250px\" \/><\/a>\n\t\t\t<\/div><\/figure><figure class='gallery-item'>\n\t\t\t<div class='gallery-icon landscape'>\n\t\t\t\t<a href='https:\/\/fr.motocrossmag.be\/index.php\/2020\/02\/photos-supercross-us-a-tampa\/rs__1440\/'><img decoding=\"async\" width=\"250\" height=\"250\" src=\"https:\/\/fr.motocrossmag.be\/wp-content\/uploads\/2020\/02\/RS__1440-250x250.jpg\" class=\"attachment-thumbnail size-thumbnail\" alt=\"\" srcset=\"https:\/\/fr.motocrossmag.be\/wp-content\/uploads\/2020\/02\/RS__1440-250x250.jpg 250w, https:\/\/fr.motocrossmag.be\/wp-content\/uploads\/2020\/02\/RS__1440-50x50.jpg 50w, https:\/\/fr.motocrossmag.be\/wp-content\/uploads\/2020\/02\/RS__1440-150x150.jpg 150w, https:\/\/fr.motocrossmag.be\/wp-content\/uploads\/2020\/02\/RS__1440-45x45.jpg 45w\" sizes=\"(max-width: 250px) 100vw, 250px\" \/><\/a>\n\t\t\t<\/div><\/figure><figure class='gallery-item'>\n\t\t\t<div class='gallery-icon landscape'>\n\t\t\t\t<a href='https:\/\/fr.motocrossmag.be\/index.php\/2020\/02\/photos-supercross-us-a-tampa\/rs__1418-1\/'><img decoding=\"async\" width=\"250\" height=\"250\" src=\"https:\/\/fr.motocrossmag.be\/wp-content\/uploads\/2020\/02\/RS__1418-1-250x250.jpg\" class=\"attachment-thumbnail size-thumbnail\" alt=\"\" srcset=\"https:\/\/fr.motocrossmag.be\/wp-content\/uploads\/2020\/02\/RS__1418-1-250x250.jpg 250w, https:\/\/fr.motocrossmag.be\/wp-content\/uploads\/2020\/02\/RS__1418-1-50x50.jpg 50w, https:\/\/fr.motocrossmag.be\/wp-content\/uploads\/2020\/02\/RS__1418-1-150x150.jpg 150w, https:\/\/fr.motocrossmag.be\/wp-content\/uploads\/2020\/02\/RS__1418-1-45x45.jpg 45w\" sizes=\"(max-width: 250px) 100vw, 250px\" \/><\/a>\n\t\t\t<\/div><\/figure><figure class='gallery-item'>\n\t\t\t<div class='gallery-icon landscape'>\n\t\t\t\t<a href='https:\/\/fr.motocrossmag.be\/index.php\/2020\/02\/photos-supercross-us-a-tampa\/69650_rj-hampshire-hqv-fc-250-tampa-sx-2020-007\/'><img decoding=\"async\" width=\"250\" height=\"250\" src=\"https:\/\/fr.motocrossmag.be\/wp-content\/uploads\/2020\/02\/69650_RJ-Hampshire-HQV-FC-250-Tampa-SX-2020-007-250x250.jpg\" class=\"attachment-thumbnail size-thumbnail\" alt=\"\" srcset=\"https:\/\/fr.motocrossmag.be\/wp-content\/uploads\/2020\/02\/69650_RJ-Hampshire-HQV-FC-250-Tampa-SX-2020-007-250x250.jpg 250w, https:\/\/fr.motocrossmag.be\/wp-content\/uploads\/2020\/02\/69650_RJ-Hampshire-HQV-FC-250-Tampa-SX-2020-007-50x50.jpg 50w, https:\/\/fr.motocrossmag.be\/wp-content\/uploads\/2020\/02\/69650_RJ-Hampshire-HQV-FC-250-Tampa-SX-2020-007-150x150.jpg 150w, https:\/\/fr.motocrossmag.be\/wp-content\/uploads\/2020\/02\/69650_RJ-Hampshire-HQV-FC-250-Tampa-SX-2020-007-45x45.jpg 45w\" sizes=\"(max-width: 250px) 100vw, 250px\" \/><\/a>\n\t\t\t<\/div><\/figure><figure class='gallery-item'>\n\t\t\t<div class='gallery-icon landscape'>\n\t\t\t\t<a href='https:\/\/fr.motocrossmag.be\/index.php\/2020\/02\/photos-supercross-us-a-tampa\/69603_dean-wilson-hqv-fc-450-tampa-sx-2020-006\/'><img decoding=\"async\" width=\"250\" height=\"250\" src=\"https:\/\/fr.motocrossmag.be\/wp-content\/uploads\/2020\/02\/69603_Dean-Wilson-HQV-FC-450-Tampa-SX-2020-006-250x250.jpg\" class=\"attachment-thumbnail size-thumbnail\" alt=\"\" srcset=\"https:\/\/fr.motocrossmag.be\/wp-content\/uploads\/2020\/02\/69603_Dean-Wilson-HQV-FC-450-Tampa-SX-2020-006-250x250.jpg 250w, https:\/\/fr.motocrossmag.be\/wp-content\/uploads\/2020\/02\/69603_Dean-Wilson-HQV-FC-450-Tampa-SX-2020-006-50x50.jpg 50w, https:\/\/fr.motocrossmag.be\/wp-content\/uploads\/2020\/02\/69603_Dean-Wilson-HQV-FC-450-Tampa-SX-2020-006-150x150.jpg 150w, https:\/\/fr.motocrossmag.be\/wp-content\/uploads\/2020\/02\/69603_Dean-Wilson-HQV-FC-450-Tampa-SX-2020-006-45x45.jpg 45w\" sizes=\"(max-width: 250px) 100vw, 250px\" \/><\/a>\n\t\t\t<\/div><\/figure><figure class='gallery-item'>\n\t\t\t<div class='gallery-icon landscape'>\n\t\t\t\t<a href='https:\/\/fr.motocrossmag.be\/index.php\/2020\/02\/photos-supercross-us-a-tampa\/rich4789\/'><img decoding=\"async\" width=\"250\" height=\"250\" src=\"https:\/\/fr.motocrossmag.be\/wp-content\/uploads\/2020\/02\/RICH4789-250x250.jpg\" class=\"attachment-thumbnail size-thumbnail\" alt=\"\" srcset=\"https:\/\/fr.motocrossmag.be\/wp-content\/uploads\/2020\/02\/RICH4789-250x250.jpg 250w, https:\/\/fr.motocrossmag.be\/wp-content\/uploads\/2020\/02\/RICH4789-50x50.jpg 50w, https:\/\/fr.motocrossmag.be\/wp-content\/uploads\/2020\/02\/RICH4789-150x150.jpg 150w, https:\/\/fr.motocrossmag.be\/wp-content\/uploads\/2020\/02\/RICH4789-45x45.jpg 45w\" sizes=\"(max-width: 250px) 100vw, 250px\" \/><\/a>\n\t\t\t<\/div><\/figure><figure class='gallery-item'>\n\t\t\t<div class='gallery-icon landscape'>\n\t\t\t\t<a href='https:\/\/fr.motocrossmag.be\/index.php\/2020\/02\/photos-supercross-us-a-tampa\/me1_5898\/'><img decoding=\"async\" width=\"250\" height=\"250\" src=\"https:\/\/fr.motocrossmag.be\/wp-content\/uploads\/2020\/02\/ME1_5898-250x250.jpg\" class=\"attachment-thumbnail size-thumbnail\" alt=\"\" srcset=\"https:\/\/fr.motocrossmag.be\/wp-content\/uploads\/2020\/02\/ME1_5898-250x250.jpg 250w, https:\/\/fr.motocrossmag.be\/wp-content\/uploads\/2020\/02\/ME1_5898-50x50.jpg 50w, https:\/\/fr.motocrossmag.be\/wp-content\/uploads\/2020\/02\/ME1_5898-150x150.jpg 150w, https:\/\/fr.motocrossmag.be\/wp-content\/uploads\/2020\/02\/ME1_5898-45x45.jpg 45w\" sizes=\"(max-width: 250px) 100vw, 250px\" \/><\/a>\n\t\t\t<\/div><\/figure><figure class='gallery-item'>\n\t\t\t<div class='gallery-icon landscape'>\n\t\t\t\t<a href='https:\/\/fr.motocrossmag.be\/index.php\/2020\/02\/photos-supercross-us-a-tampa\/69649_rj-hampshire-hqv-fc-250-tampa-sx-2020-006\/'><img decoding=\"async\" width=\"250\" height=\"250\" src=\"https:\/\/fr.motocrossmag.be\/wp-content\/uploads\/2020\/02\/69649_RJ-Hampshire-HQV-FC-250-Tampa-SX-2020-006-250x250.jpg\" class=\"attachment-thumbnail size-thumbnail\" alt=\"\" srcset=\"https:\/\/fr.motocrossmag.be\/wp-content\/uploads\/2020\/02\/69649_RJ-Hampshire-HQV-FC-250-Tampa-SX-2020-006-250x250.jpg 250w, https:\/\/fr.motocrossmag.be\/wp-content\/uploads\/2020\/02\/69649_RJ-Hampshire-HQV-FC-250-Tampa-SX-2020-006-50x50.jpg 50w, https:\/\/fr.motocrossmag.be\/wp-content\/uploads\/2020\/02\/69649_RJ-Hampshire-HQV-FC-250-Tampa-SX-2020-006-150x150.jpg 150w, https:\/\/fr.motocrossmag.be\/wp-content\/uploads\/2020\/02\/69649_RJ-Hampshire-HQV-FC-250-Tampa-SX-2020-006-45x45.jpg 45w\" sizes=\"(max-width: 250px) 100vw, 250px\" \/><\/a>\n\t\t\t<\/div><\/figure><figure class='gallery-item'>\n\t\t\t<div class='gallery-icon landscape'>\n\t\t\t\t<a href='https:\/\/fr.motocrossmag.be\/index.php\/2020\/02\/photos-supercross-us-a-tampa\/69615_jalek-swoll-hqv-fc-250-tampa-sx-2020-003\/'><img decoding=\"async\" width=\"250\" height=\"250\" src=\"https:\/\/fr.motocrossmag.be\/wp-content\/uploads\/2020\/02\/69615_Jalek-Swoll-HQV-FC-250-Tampa-SX-2020-003-250x250.jpg\" class=\"attachment-thumbnail size-thumbnail\" alt=\"\" srcset=\"https:\/\/fr.motocrossmag.be\/wp-content\/uploads\/2020\/02\/69615_Jalek-Swoll-HQV-FC-250-Tampa-SX-2020-003-250x250.jpg 250w, https:\/\/fr.motocrossmag.be\/wp-content\/uploads\/2020\/02\/69615_Jalek-Swoll-HQV-FC-250-Tampa-SX-2020-003-50x50.jpg 50w, https:\/\/fr.motocrossmag.be\/wp-content\/uploads\/2020\/02\/69615_Jalek-Swoll-HQV-FC-250-Tampa-SX-2020-003-150x150.jpg 150w, https:\/\/fr.motocrossmag.be\/wp-content\/uploads\/2020\/02\/69615_Jalek-Swoll-HQV-FC-250-Tampa-SX-2020-003-45x45.jpg 45w\" sizes=\"(max-width: 250px) 100vw, 250px\" \/><\/a>\n\t\t\t<\/div><\/figure><figure class='gallery-item'>\n\t\t\t<div class='gallery-icon landscape'>\n\t\t\t\t<a href='https:\/\/fr.motocrossmag.be\/index.php\/2020\/02\/photos-supercross-us-a-tampa\/69605_dean-wilson-hqv-fc-450-tampa-sx-2020-008\/'><img decoding=\"async\" width=\"250\" height=\"250\" src=\"https:\/\/fr.motocrossmag.be\/wp-content\/uploads\/2020\/02\/69605_Dean-Wilson-HQV-FC-450-Tampa-SX-2020-008-250x250.jpg\" class=\"attachment-thumbnail size-thumbnail\" alt=\"\" srcset=\"https:\/\/fr.motocrossmag.be\/wp-content\/uploads\/2020\/02\/69605_Dean-Wilson-HQV-FC-450-Tampa-SX-2020-008-250x250.jpg 250w, https:\/\/fr.motocrossmag.be\/wp-content\/uploads\/2020\/02\/69605_Dean-Wilson-HQV-FC-450-Tampa-SX-2020-008-50x50.jpg 50w, https:\/\/fr.motocrossmag.be\/wp-content\/uploads\/2020\/02\/69605_Dean-Wilson-HQV-FC-450-Tampa-SX-2020-008-150x150.jpg 150w, https:\/\/fr.motocrossmag.be\/wp-content\/uploads\/2020\/02\/69605_Dean-Wilson-HQV-FC-450-Tampa-SX-2020-008-45x45.jpg 45w\" sizes=\"(max-width: 250px) 100vw, 250px\" \/><\/a>\n\t\t\t<\/div><\/figure><figure class='gallery-item'>\n\t\t\t<div class='gallery-icon landscape'>\n\t\t\t\t<a href='https:\/\/fr.motocrossmag.be\/index.php\/2020\/02\/photos-supercross-us-a-tampa\/rich4793\/'><img decoding=\"async\" width=\"250\" height=\"250\" src=\"https:\/\/fr.motocrossmag.be\/wp-content\/uploads\/2020\/02\/RICH4793-250x250.jpg\" class=\"attachment-thumbnail size-thumbnail\" alt=\"\" srcset=\"https:\/\/fr.motocrossmag.be\/wp-content\/uploads\/2020\/02\/RICH4793-250x250.jpg 250w, https:\/\/fr.motocrossmag.be\/wp-content\/uploads\/2020\/02\/RICH4793-50x50.jpg 50w, https:\/\/fr.motocrossmag.be\/wp-content\/uploads\/2020\/02\/RICH4793-150x150.jpg 150w, https:\/\/fr.motocrossmag.be\/wp-content\/uploads\/2020\/02\/RICH4793-45x45.jpg 45w\" sizes=\"(max-width: 250px) 100vw, 250px\" \/><\/a>\n\t\t\t<\/div><\/figure><figure class='gallery-item'>\n\t\t\t<div class='gallery-icon landscape'>\n\t\t\t\t<a href='https:\/\/fr.motocrossmag.be\/index.php\/2020\/02\/photos-supercross-us-a-tampa\/69678_zach-osborne-hqv-fc-450-tampa-sx-2020-014\/'><img decoding=\"async\" width=\"250\" height=\"250\" src=\"https:\/\/fr.motocrossmag.be\/wp-content\/uploads\/2020\/02\/69678_Zach-Osborne-HQV-FC-450-Tampa-SX-2020-014-250x250.jpg\" class=\"attachment-thumbnail size-thumbnail\" alt=\"\" srcset=\"https:\/\/fr.motocrossmag.be\/wp-content\/uploads\/2020\/02\/69678_Zach-Osborne-HQV-FC-450-Tampa-SX-2020-014-250x250.jpg 250w, https:\/\/fr.motocrossmag.be\/wp-content\/uploads\/2020\/02\/69678_Zach-Osborne-HQV-FC-450-Tampa-SX-2020-014-50x50.jpg 50w, https:\/\/fr.motocrossmag.be\/wp-content\/uploads\/2020\/02\/69678_Zach-Osborne-HQV-FC-450-Tampa-SX-2020-014-150x150.jpg 150w, https:\/\/fr.motocrossmag.be\/wp-content\/uploads\/2020\/02\/69678_Zach-Osborne-HQV-FC-450-Tampa-SX-2020-014-45x45.jpg 45w\" sizes=\"(max-width: 250px) 100vw, 250px\" \/><\/a>\n\t\t\t<\/div><\/figure><figure class='gallery-item'>\n\t\t\t<div class='gallery-icon landscape'>\n\t\t\t\t<a href='https:\/\/fr.motocrossmag.be\/index.php\/2020\/02\/photos-supercross-us-a-tampa\/5e4ab9e4a44cd4-22077392\/'><img decoding=\"async\" width=\"250\" height=\"250\" src=\"https:\/\/fr.motocrossmag.be\/wp-content\/uploads\/2020\/02\/5e4ab9e4a44cd4.22077392-250x250.jpg\" class=\"attachment-thumbnail size-thumbnail\" alt=\"\" srcset=\"https:\/\/fr.motocrossmag.be\/wp-content\/uploads\/2020\/02\/5e4ab9e4a44cd4.22077392-250x250.jpg 250w, https:\/\/fr.motocrossmag.be\/wp-content\/uploads\/2020\/02\/5e4ab9e4a44cd4.22077392-50x50.jpg 50w, https:\/\/fr.motocrossmag.be\/wp-content\/uploads\/2020\/02\/5e4ab9e4a44cd4.22077392-150x150.jpg 150w, https:\/\/fr.motocrossmag.be\/wp-content\/uploads\/2020\/02\/5e4ab9e4a44cd4.22077392-45x45.jpg 45w\" sizes=\"(max-width: 250px) 100vw, 250px\" \/><\/a>\n\t\t\t<\/div><\/figure><figure class='gallery-item'>\n\t\t\t<div class='gallery-icon landscape'>\n\t\t\t\t<a href='https:\/\/fr.motocrossmag.be\/index.php\/2020\/02\/photos-supercross-us-a-tampa\/rs__1323\/'><img decoding=\"async\" width=\"250\" height=\"250\" src=\"https:\/\/fr.motocrossmag.be\/wp-content\/uploads\/2020\/02\/RS__1323-250x250.jpg\" class=\"attachment-thumbnail size-thumbnail\" alt=\"\" srcset=\"https:\/\/fr.motocrossmag.be\/wp-content\/uploads\/2020\/02\/RS__1323-250x250.jpg 250w, https:\/\/fr.motocrossmag.be\/wp-content\/uploads\/2020\/02\/RS__1323-50x50.jpg 50w, https:\/\/fr.motocrossmag.be\/wp-content\/uploads\/2020\/02\/RS__1323-150x150.jpg 150w, https:\/\/fr.motocrossmag.be\/wp-content\/uploads\/2020\/02\/RS__1323-45x45.jpg 45w\" sizes=\"(max-width: 250px) 100vw, 250px\" \/><\/a>\n\t\t\t<\/div><\/figure><figure class='gallery-item'>\n\t\t\t<div class='gallery-icon landscape'>\n\t\t\t\t<a href='https:\/\/fr.motocrossmag.be\/index.php\/2020\/02\/photos-supercross-us-a-tampa\/69669_zach-osborne-hqv-fc-450-tampa-sx-2020-005\/'><img decoding=\"async\" width=\"250\" height=\"250\" src=\"https:\/\/fr.motocrossmag.be\/wp-content\/uploads\/2020\/02\/69669_Zach-Osborne-HQV-FC-450-Tampa-SX-2020-005-250x250.jpg\" class=\"attachment-thumbnail size-thumbnail\" alt=\"\" srcset=\"https:\/\/fr.motocrossmag.be\/wp-content\/uploads\/2020\/02\/69669_Zach-Osborne-HQV-FC-450-Tampa-SX-2020-005-250x250.jpg 250w, https:\/\/fr.motocrossmag.be\/wp-content\/uploads\/2020\/02\/69669_Zach-Osborne-HQV-FC-450-Tampa-SX-2020-005-50x50.jpg 50w, https:\/\/fr.motocrossmag.be\/wp-content\/uploads\/2020\/02\/69669_Zach-Osborne-HQV-FC-450-Tampa-SX-2020-005-150x150.jpg 150w, https:\/\/fr.motocrossmag.be\/wp-content\/uploads\/2020\/02\/69669_Zach-Osborne-HQV-FC-450-Tampa-SX-2020-005-45x45.jpg 45w\" sizes=\"(max-width: 250px) 100vw, 250px\" \/><\/a>\n\t\t\t<\/div><\/figure><figure class='gallery-item'>\n\t\t\t<div class='gallery-icon landscape'>\n\t\t\t\t<a href='https:\/\/fr.motocrossmag.be\/index.php\/2020\/02\/photos-supercross-us-a-tampa\/69614_jalek-swoll-hqv-fc-250-tampa-sx-2020-002\/'><img decoding=\"async\" width=\"250\" height=\"250\" src=\"https:\/\/fr.motocrossmag.be\/wp-content\/uploads\/2020\/02\/69614_Jalek-Swoll-HQV-FC-250-Tampa-SX-2020-002-250x250.jpg\" class=\"attachment-thumbnail size-thumbnail\" alt=\"\" srcset=\"https:\/\/fr.motocrossmag.be\/wp-content\/uploads\/2020\/02\/69614_Jalek-Swoll-HQV-FC-250-Tampa-SX-2020-002-250x250.jpg 250w, https:\/\/fr.motocrossmag.be\/wp-content\/uploads\/2020\/02\/69614_Jalek-Swoll-HQV-FC-250-Tampa-SX-2020-002-50x50.jpg 50w, https:\/\/fr.motocrossmag.be\/wp-content\/uploads\/2020\/02\/69614_Jalek-Swoll-HQV-FC-250-Tampa-SX-2020-002-150x150.jpg 150w, https:\/\/fr.motocrossmag.be\/wp-content\/uploads\/2020\/02\/69614_Jalek-Swoll-HQV-FC-250-Tampa-SX-2020-002-45x45.jpg 45w\" sizes=\"(max-width: 250px) 100vw, 250px\" \/><\/a>\n\t\t\t<\/div><\/figure><figure class='gallery-item'>\n\t\t\t<div class='gallery-icon landscape'>\n\t\t\t\t<a href='https:\/\/fr.motocrossmag.be\/index.php\/2020\/02\/photos-supercross-us-a-tampa\/cq5dam-web-2000-2000-barcia-whoops\/'><img decoding=\"async\" width=\"250\" height=\"250\" src=\"https:\/\/fr.motocrossmag.be\/wp-content\/uploads\/2020\/02\/cq5dam.web_.2000.2000-barcia-whoops-250x250.jpeg\" class=\"attachment-thumbnail size-thumbnail\" alt=\"\" srcset=\"https:\/\/fr.motocrossmag.be\/wp-content\/uploads\/2020\/02\/cq5dam.web_.2000.2000-barcia-whoops-250x250.jpeg 250w, https:\/\/fr.motocrossmag.be\/wp-content\/uploads\/2020\/02\/cq5dam.web_.2000.2000-barcia-whoops-50x50.jpeg 50w, https:\/\/fr.motocrossmag.be\/wp-content\/uploads\/2020\/02\/cq5dam.web_.2000.2000-barcia-whoops-150x150.jpeg 150w, https:\/\/fr.motocrossmag.be\/wp-content\/uploads\/2020\/02\/cq5dam.web_.2000.2000-barcia-whoops-45x45.jpeg 45w\" sizes=\"(max-width: 250px) 100vw, 250px\" \/><\/a>\n\t\t\t<\/div><\/figure><figure class='gallery-item'>\n\t\t\t<div class='gallery-icon landscape'>\n\t\t\t\t<a href='https:\/\/fr.motocrossmag.be\/index.php\/2020\/02\/photos-supercross-us-a-tampa\/rich2629\/'><img decoding=\"async\" width=\"250\" height=\"250\" src=\"https:\/\/fr.motocrossmag.be\/wp-content\/uploads\/2020\/02\/RICH2629-250x250.jpg\" class=\"attachment-thumbnail size-thumbnail\" alt=\"\" srcset=\"https:\/\/fr.motocrossmag.be\/wp-content\/uploads\/2020\/02\/RICH2629-250x250.jpg 250w, https:\/\/fr.motocrossmag.be\/wp-content\/uploads\/2020\/02\/RICH2629-50x50.jpg 50w, https:\/\/fr.motocrossmag.be\/wp-content\/uploads\/2020\/02\/RICH2629-150x150.jpg 150w, https:\/\/fr.motocrossmag.be\/wp-content\/uploads\/2020\/02\/RICH2629-45x45.jpg 45w\" sizes=\"(max-width: 250px) 100vw, 250px\" \/><\/a>\n\t\t\t<\/div><\/figure><figure class='gallery-item'>\n\t\t\t<div class='gallery-icon landscape'>\n\t\t\t\t<a href='https:\/\/fr.motocrossmag.be\/index.php\/2020\/02\/photos-supercross-us-a-tampa\/334476_brian-moreau-ktm-250-sx-f-tampa-sx-2020-011\/'><img decoding=\"async\" width=\"250\" height=\"250\" src=\"https:\/\/fr.motocrossmag.be\/wp-content\/uploads\/2020\/02\/334476_Brian-Moreau-KTM-250-SX-F-Tampa-SX-2020-011-250x250.jpg\" class=\"attachment-thumbnail size-thumbnail\" alt=\"\" srcset=\"https:\/\/fr.motocrossmag.be\/wp-content\/uploads\/2020\/02\/334476_Brian-Moreau-KTM-250-SX-F-Tampa-SX-2020-011-250x250.jpg 250w, https:\/\/fr.motocrossmag.be\/wp-content\/uploads\/2020\/02\/334476_Brian-Moreau-KTM-250-SX-F-Tampa-SX-2020-011-50x50.jpg 50w, https:\/\/fr.motocrossmag.be\/wp-content\/uploads\/2020\/02\/334476_Brian-Moreau-KTM-250-SX-F-Tampa-SX-2020-011-150x150.jpg 150w, https:\/\/fr.motocrossmag.be\/wp-content\/uploads\/2020\/02\/334476_Brian-Moreau-KTM-250-SX-F-Tampa-SX-2020-011-45x45.jpg 45w\" sizes=\"(max-width: 250px) 100vw, 250px\" \/><\/a>\n\t\t\t<\/div><\/figure><figure class='gallery-item'>\n\t\t\t<div class='gallery-icon landscape'>\n\t\t\t\t<a href='https:\/\/fr.motocrossmag.be\/index.php\/2020\/02\/photos-supercross-us-a-tampa\/me1_8470\/'><img decoding=\"async\" width=\"250\" height=\"250\" src=\"https:\/\/fr.motocrossmag.be\/wp-content\/uploads\/2020\/02\/ME1_8470-250x250.jpg\" class=\"attachment-thumbnail size-thumbnail\" alt=\"\" srcset=\"https:\/\/fr.motocrossmag.be\/wp-content\/uploads\/2020\/02\/ME1_8470-250x250.jpg 250w, https:\/\/fr.motocrossmag.be\/wp-content\/uploads\/2020\/02\/ME1_8470-50x50.jpg 50w, https:\/\/fr.motocrossmag.be\/wp-content\/uploads\/2020\/02\/ME1_8470-150x150.jpg 150w, https:\/\/fr.motocrossmag.be\/wp-content\/uploads\/2020\/02\/ME1_8470-45x45.jpg 45w\" sizes=\"(max-width: 250px) 100vw, 250px\" \/><\/a>\n\t\t\t<\/div><\/figure><figure class='gallery-item'>\n\t\t\t<div class='gallery-icon landscape'>\n\t\t\t\t<a href='https:\/\/fr.motocrossmag.be\/index.php\/2020\/02\/photos-supercross-us-a-tampa\/69644_rj-hampshire-hqv-fc-250-tampa-sx-2020-001\/'><img decoding=\"async\" width=\"250\" height=\"250\" src=\"https:\/\/fr.motocrossmag.be\/wp-content\/uploads\/2020\/02\/69644_RJ-Hampshire-HQV-FC-250-Tampa-SX-2020-001-250x250.jpg\" class=\"attachment-thumbnail size-thumbnail\" alt=\"\" srcset=\"https:\/\/fr.motocrossmag.be\/wp-content\/uploads\/2020\/02\/69644_RJ-Hampshire-HQV-FC-250-Tampa-SX-2020-001-250x250.jpg 250w, https:\/\/fr.motocrossmag.be\/wp-content\/uploads\/2020\/02\/69644_RJ-Hampshire-HQV-FC-250-Tampa-SX-2020-001-50x50.jpg 50w, https:\/\/fr.motocrossmag.be\/wp-content\/uploads\/2020\/02\/69644_RJ-Hampshire-HQV-FC-250-Tampa-SX-2020-001-150x150.jpg 150w, https:\/\/fr.motocrossmag.be\/wp-content\/uploads\/2020\/02\/69644_RJ-Hampshire-HQV-FC-250-Tampa-SX-2020-001-45x45.jpg 45w\" sizes=\"(max-width: 250px) 100vw, 250px\" \/><\/a>\n\t\t\t<\/div><\/figure><figure class='gallery-item'>\n\t\t\t<div class='gallery-icon landscape'>\n\t\t\t\t<a href='https:\/\/fr.motocrossmag.be\/index.php\/2020\/02\/photos-supercross-us-a-tampa\/69659_rj-hampshire-hqv-fc-250-tampa-sx-2020-016\/'><img decoding=\"async\" width=\"250\" height=\"250\" src=\"https:\/\/fr.motocrossmag.be\/wp-content\/uploads\/2020\/02\/69659_RJ-Hampshire-HQV-FC-250-Tampa-SX-2020-016-250x250.jpg\" class=\"attachment-thumbnail size-thumbnail\" alt=\"\" srcset=\"https:\/\/fr.motocrossmag.be\/wp-content\/uploads\/2020\/02\/69659_RJ-Hampshire-HQV-FC-250-Tampa-SX-2020-016-250x250.jpg 250w, https:\/\/fr.motocrossmag.be\/wp-content\/uploads\/2020\/02\/69659_RJ-Hampshire-HQV-FC-250-Tampa-SX-2020-016-50x50.jpg 50w, https:\/\/fr.motocrossmag.be\/wp-content\/uploads\/2020\/02\/69659_RJ-Hampshire-HQV-FC-250-Tampa-SX-2020-016-150x150.jpg 150w, https:\/\/fr.motocrossmag.be\/wp-content\/uploads\/2020\/02\/69659_RJ-Hampshire-HQV-FC-250-Tampa-SX-2020-016-45x45.jpg 45w\" sizes=\"(max-width: 250px) 100vw, 250px\" \/><\/a>\n\t\t\t<\/div><\/figure><figure class='gallery-item'>\n\t\t\t<div class='gallery-icon landscape'>\n\t\t\t\t<a href='https:\/\/fr.motocrossmag.be\/index.php\/2020\/02\/photos-supercross-us-a-tampa\/me1_4204\/'><img decoding=\"async\" width=\"250\" height=\"250\" src=\"https:\/\/fr.motocrossmag.be\/wp-content\/uploads\/2020\/02\/ME1_4204-250x250.jpg\" class=\"attachment-thumbnail size-thumbnail\" alt=\"\" srcset=\"https:\/\/fr.motocrossmag.be\/wp-content\/uploads\/2020\/02\/ME1_4204-250x250.jpg 250w, https:\/\/fr.motocrossmag.be\/wp-content\/uploads\/2020\/02\/ME1_4204-50x50.jpg 50w, https:\/\/fr.motocrossmag.be\/wp-content\/uploads\/2020\/02\/ME1_4204-150x150.jpg 150w, https:\/\/fr.motocrossmag.be\/wp-content\/uploads\/2020\/02\/ME1_4204-45x45.jpg 45w\" sizes=\"(max-width: 250px) 100vw, 250px\" \/><\/a>\n\t\t\t<\/div><\/figure><figure class='gallery-item'>\n\t\t\t<div class='gallery-icon landscape'>\n\t\t\t\t<a href='https:\/\/fr.motocrossmag.be\/index.php\/2020\/02\/photos-supercross-us-a-tampa\/334482_brian-moreau-ktm-250-sx-f-tampa-sx-2020-017\/'><img decoding=\"async\" width=\"250\" height=\"250\" src=\"https:\/\/fr.motocrossmag.be\/wp-content\/uploads\/2020\/02\/334482_Brian-Moreau-KTM-250-SX-F-Tampa-SX-2020-017-250x250.jpg\" class=\"attachment-thumbnail size-thumbnail\" alt=\"\" srcset=\"https:\/\/fr.motocrossmag.be\/wp-content\/uploads\/2020\/02\/334482_Brian-Moreau-KTM-250-SX-F-Tampa-SX-2020-017-250x250.jpg 250w, https:\/\/fr.motocrossmag.be\/wp-content\/uploads\/2020\/02\/334482_Brian-Moreau-KTM-250-SX-F-Tampa-SX-2020-017-50x50.jpg 50w, https:\/\/fr.motocrossmag.be\/wp-content\/uploads\/2020\/02\/334482_Brian-Moreau-KTM-250-SX-F-Tampa-SX-2020-017-150x150.jpg 150w, https:\/\/fr.motocrossmag.be\/wp-content\/uploads\/2020\/02\/334482_Brian-Moreau-KTM-250-SX-F-Tampa-SX-2020-017-45x45.jpg 45w\" sizes=\"(max-width: 250px) 100vw, 250px\" \/><\/a>\n\t\t\t<\/div><\/figure><figure class='gallery-item'>\n\t\t\t<div class='gallery-icon landscape'>\n\t\t\t\t<a href='https:\/\/fr.motocrossmag.be\/index.php\/2020\/02\/photos-supercross-us-a-tampa\/334524_cooper-webb-ktm-450-sx-f-tampa-sx-2020-041\/'><img decoding=\"async\" width=\"250\" height=\"250\" src=\"https:\/\/fr.motocrossmag.be\/wp-content\/uploads\/2020\/02\/334524_Cooper-Webb-KTM-450-SX-F-Tampa-SX-2020-041-250x250.jpg\" class=\"attachment-thumbnail size-thumbnail\" alt=\"\" srcset=\"https:\/\/fr.motocrossmag.be\/wp-content\/uploads\/2020\/02\/334524_Cooper-Webb-KTM-450-SX-F-Tampa-SX-2020-041-250x250.jpg 250w, https:\/\/fr.motocrossmag.be\/wp-content\/uploads\/2020\/02\/334524_Cooper-Webb-KTM-450-SX-F-Tampa-SX-2020-041-50x50.jpg 50w, https:\/\/fr.motocrossmag.be\/wp-content\/uploads\/2020\/02\/334524_Cooper-Webb-KTM-450-SX-F-Tampa-SX-2020-041-150x150.jpg 150w, https:\/\/fr.motocrossmag.be\/wp-content\/uploads\/2020\/02\/334524_Cooper-Webb-KTM-450-SX-F-Tampa-SX-2020-041-45x45.jpg 45w\" sizes=\"(max-width: 250px) 100vw, 250px\" \/><\/a>\n\t\t\t<\/div><\/figure><figure class='gallery-item'>\n\t\t\t<div class='gallery-icon landscape'>\n\t\t\t\t<a href='https:\/\/fr.motocrossmag.be\/index.php\/2020\/02\/photos-supercross-us-a-tampa\/5e4ab940223eb8-24445445\/'><img decoding=\"async\" width=\"250\" height=\"250\" src=\"https:\/\/fr.motocrossmag.be\/wp-content\/uploads\/2020\/02\/5e4ab940223eb8.24445445-250x250.jpg\" class=\"attachment-thumbnail size-thumbnail\" alt=\"\" srcset=\"https:\/\/fr.motocrossmag.be\/wp-content\/uploads\/2020\/02\/5e4ab940223eb8.24445445-250x250.jpg 250w, https:\/\/fr.motocrossmag.be\/wp-content\/uploads\/2020\/02\/5e4ab940223eb8.24445445-50x50.jpg 50w, https:\/\/fr.motocrossmag.be\/wp-content\/uploads\/2020\/02\/5e4ab940223eb8.24445445-150x150.jpg 150w, https:\/\/fr.motocrossmag.be\/wp-content\/uploads\/2020\/02\/5e4ab940223eb8.24445445-45x45.jpg 45w\" sizes=\"(max-width: 250px) 100vw, 250px\" \/><\/a>\n\t\t\t<\/div><\/figure><figure class='gallery-item'>\n\t\t\t<div class='gallery-icon landscape'>\n\t\t\t\t<a href='https:\/\/fr.motocrossmag.be\/index.php\/2020\/02\/photos-supercross-us-a-tampa\/cq5dam-web-2000-2000-2-2\/'><img decoding=\"async\" width=\"250\" height=\"250\" src=\"https:\/\/fr.motocrossmag.be\/wp-content\/uploads\/2020\/02\/cq5dam.web_.2000.2000-2-250x250.jpeg\" class=\"attachment-thumbnail size-thumbnail\" alt=\"\" srcset=\"https:\/\/fr.motocrossmag.be\/wp-content\/uploads\/2020\/02\/cq5dam.web_.2000.2000-2-250x250.jpeg 250w, https:\/\/fr.motocrossmag.be\/wp-content\/uploads\/2020\/02\/cq5dam.web_.2000.2000-2-50x50.jpeg 50w, https:\/\/fr.motocrossmag.be\/wp-content\/uploads\/2020\/02\/cq5dam.web_.2000.2000-2-150x150.jpeg 150w, https:\/\/fr.motocrossmag.be\/wp-content\/uploads\/2020\/02\/cq5dam.web_.2000.2000-2-45x45.jpeg 45w\" sizes=\"(max-width: 250px) 100vw, 250px\" \/><\/a>\n\t\t\t<\/div><\/figure><figure class='gallery-item'>\n\t\t\t<div class='gallery-icon landscape'>\n\t\t\t\t<a href='https:\/\/fr.motocrossmag.be\/index.php\/2020\/02\/photos-supercross-us-a-tampa\/rs__1452\/'><img decoding=\"async\" width=\"250\" height=\"250\" src=\"https:\/\/fr.motocrossmag.be\/wp-content\/uploads\/2020\/02\/RS__1452-250x250.jpg\" class=\"attachment-thumbnail size-thumbnail\" alt=\"\" srcset=\"https:\/\/fr.motocrossmag.be\/wp-content\/uploads\/2020\/02\/RS__1452-250x250.jpg 250w, https:\/\/fr.motocrossmag.be\/wp-content\/uploads\/2020\/02\/RS__1452-50x50.jpg 50w, https:\/\/fr.motocrossmag.be\/wp-content\/uploads\/2020\/02\/RS__1452-150x150.jpg 150w, https:\/\/fr.motocrossmag.be\/wp-content\/uploads\/2020\/02\/RS__1452-45x45.jpg 45w\" sizes=\"(max-width: 250px) 100vw, 250px\" \/><\/a>\n\t\t\t<\/div><\/figure>\n\t\t<\/div>\n\n<div id=\"ConnectiveDocSignExtentionInstalled\" data-extension-version=\"1.0.4\"><\/div>\n","protected":false},"excerpt":{"rendered":"<p>Retour en images sur le 7\u00e8me round de la saison de Supercross US, le premier sur la c\u00f4te est, \u00e0 Tampa, en Californie. &nbsp;<\/p>\n","protected":false},"author":932,"featured_media":101589,"comment_status":"open","ping_status":"closed","sticky":false,"template":"","format":"standard","meta":{"tdm_status":"","tdm_grid_status":"","footnotes":""},"categories":[54,4,27,5,55,65],"tags":[147,116],"class_list":["post-101541","post","type-post","status-publish","format-standard","has-post-thumbnail","category-actualite","category-motocross","category-sx-us","category-news","category-news-actualite","category-slideshow","tag-ama","tag-supercross"],"yoast_head":"<!-- This site is optimized with the Yoast SEO plugin v28.4 - https:\/\/yoast.com\/product\/yoast-seo-wordpress\/ -->\n<title>Photos : Supercross US \u00e0 Tampa - Motocross - Enduro - Supermoto | MotocrossMag<\/title>\n<meta name=\"robots\" content=\"index, follow, max-snippet:-1, max-image-preview:large, max-video-preview:-1\" \/>\n<link rel=\"canonical\" href=\"https:\/\/fr.motocrossmag.be\/index.php\/2020\/02\/photos-supercross-us-a-tampa\/\" \/>\n<meta property=\"og:locale\" content=\"fr_FR\" \/>\n<meta property=\"og:type\" content=\"article\" \/>\n<meta property=\"og:title\" content=\"Photos : Supercross US \u00e0 Tampa - Motocross - Enduro - Supermoto | MotocrossMag\" \/>\n<meta property=\"og:description\" content=\"Retour en images sur le 7\u00e8me round de la saison de Supercross US, le premier sur la c\u00f4te est, \u00e0 Tampa, en Californie. &nbsp;\" \/>\n<meta property=\"og:url\" content=\"https:\/\/fr.motocrossmag.be\/index.php\/2020\/02\/photos-supercross-us-a-tampa\/\" \/>\n<meta property=\"og:site_name\" content=\"Motocross - Enduro - Supermoto | MotocrossMag\" \/>\n<meta property=\"article:published_time\" content=\"2020-02-17T21:49:59+00:00\" \/>\n<meta property=\"og:image\" content=\"https:\/\/fr.motocrossmag.be\/wp-content\/uploads\/2020\/02\/RS__1323.jpg\" \/>\n\t<meta property=\"og:image:width\" content=\"1000\" \/>\n\t<meta property=\"og:image:height\" content=\"666\" \/>\n\t<meta property=\"og:image:type\" content=\"image\/jpeg\" \/>\n<meta name=\"author\" content=\"oliviere\" \/>\n<meta name=\"twitter:card\" content=\"summary_large_image\" \/>\n<meta name=\"twitter:label1\" content=\"\u00c9crit par\" \/>\n\t<meta name=\"twitter:data1\" content=\"oliviere\" \/>\n<script type=\"application\/ld+json\" class=\"yoast-schema-graph\">{\"@context\":\"https:\\\/\\\/schema.org\",\"@graph\":[{\"@type\":\"Article\",\"@id\":\"https:\\\/\\\/fr.motocrossmag.be\\\/index.php\\\/2020\\\/02\\\/photos-supercross-us-a-tampa\\\/#article\",\"isPartOf\":{\"@id\":\"https:\\\/\\\/fr.motocrossmag.be\\\/index.php\\\/2020\\\/02\\\/photos-supercross-us-a-tampa\\\/\"},\"author\":{\"name\":\"oliviere\",\"@id\":\"https:\\\/\\\/fr.motocrossmag.be\\\/#\\\/schema\\\/person\\\/11b47143d9f755babca2c9110e03235c\"},\"headline\":\"Photos : Supercross US \u00e0 Tampa\",\"datePublished\":\"2020-02-17T21:49:59+00:00\",\"mainEntityOfPage\":{\"@id\":\"https:\\\/\\\/fr.motocrossmag.be\\\/index.php\\\/2020\\\/02\\\/photos-supercross-us-a-tampa\\\/\"},\"wordCount\":32,\"commentCount\":0,\"image\":{\"@id\":\"https:\\\/\\\/fr.motocrossmag.be\\\/index.php\\\/2020\\\/02\\\/photos-supercross-us-a-tampa\\\/#primaryimage\"},\"thumbnailUrl\":\"https:\\\/\\\/fr.motocrossmag.be\\\/wp-content\\\/uploads\\\/2020\\\/02\\\/RS__1323.jpg\",\"keywords\":[\"AMA\",\"Supercross\"],\"articleSection\":[\"Actualit\u00e9\",\"Motocross\",\"MX\\\/SX US\",\"News\",\"News\",\"Slideshow\"],\"inLanguage\":\"fr-FR\",\"potentialAction\":[{\"@type\":\"CommentAction\",\"name\":\"Comment\",\"target\":[\"https:\\\/\\\/fr.motocrossmag.be\\\/index.php\\\/2020\\\/02\\\/photos-supercross-us-a-tampa\\\/#respond\"]}]},{\"@type\":\"WebPage\",\"@id\":\"https:\\\/\\\/fr.motocrossmag.be\\\/index.php\\\/2020\\\/02\\\/photos-supercross-us-a-tampa\\\/\",\"url\":\"https:\\\/\\\/fr.motocrossmag.be\\\/index.php\\\/2020\\\/02\\\/photos-supercross-us-a-tampa\\\/\",\"name\":\"Photos : Supercross US \u00e0 Tampa - Motocross - Enduro - Supermoto | MotocrossMag\",\"isPartOf\":{\"@id\":\"https:\\\/\\\/fr.motocrossmag.be\\\/#website\"},\"primaryImageOfPage\":{\"@id\":\"https:\\\/\\\/fr.motocrossmag.be\\\/index.php\\\/2020\\\/02\\\/photos-supercross-us-a-tampa\\\/#primaryimage\"},\"image\":{\"@id\":\"https:\\\/\\\/fr.motocrossmag.be\\\/index.php\\\/2020\\\/02\\\/photos-supercross-us-a-tampa\\\/#primaryimage\"},\"thumbnailUrl\":\"https:\\\/\\\/fr.motocrossmag.be\\\/wp-content\\\/uploads\\\/2020\\\/02\\\/RS__1323.jpg\",\"datePublished\":\"2020-02-17T21:49:59+00:00\",\"author\":{\"@id\":\"https:\\\/\\\/fr.motocrossmag.be\\\/#\\\/schema\\\/person\\\/11b47143d9f755babca2c9110e03235c\"},\"breadcrumb\":{\"@id\":\"https:\\\/\\\/fr.motocrossmag.be\\\/index.php\\\/2020\\\/02\\\/photos-supercross-us-a-tampa\\\/#breadcrumb\"},\"inLanguage\":\"fr-FR\",\"potentialAction\":[{\"@type\":\"ReadAction\",\"target\":[\"https:\\\/\\\/fr.motocrossmag.be\\\/index.php\\\/2020\\\/02\\\/photos-supercross-us-a-tampa\\\/\"]}]},{\"@type\":\"ImageObject\",\"inLanguage\":\"fr-FR\",\"@id\":\"https:\\\/\\\/fr.motocrossmag.be\\\/index.php\\\/2020\\\/02\\\/photos-supercross-us-a-tampa\\\/#primaryimage\",\"url\":\"https:\\\/\\\/fr.motocrossmag.be\\\/wp-content\\\/uploads\\\/2020\\\/02\\\/RS__1323.jpg\",\"contentUrl\":\"https:\\\/\\\/fr.motocrossmag.be\\\/wp-content\\\/uploads\\\/2020\\\/02\\\/RS__1323.jpg\",\"width\":1000,\"height\":666},{\"@type\":\"BreadcrumbList\",\"@id\":\"https:\\\/\\\/fr.motocrossmag.be\\\/index.php\\\/2020\\\/02\\\/photos-supercross-us-a-tampa\\\/#breadcrumb\",\"itemListElement\":[{\"@type\":\"ListItem\",\"position\":1,\"name\":\"Accueil\",\"item\":\"https:\\\/\\\/fr.motocrossmag.be\\\/\"},{\"@type\":\"ListItem\",\"position\":2,\"name\":\"Photos : Supercross US \u00e0 Tampa\"}]},{\"@type\":\"WebSite\",\"@id\":\"https:\\\/\\\/fr.motocrossmag.be\\\/#website\",\"url\":\"https:\\\/\\\/fr.motocrossmag.be\\\/\",\"name\":\"Motocross - Enduro - Supermoto | MotocrossMag\",\"description\":\"L&#039;actualit\u00e9 du motocross, de l&#039;enduro et du Supermoto en ligne!\",\"potentialAction\":[{\"@type\":\"SearchAction\",\"target\":{\"@type\":\"EntryPoint\",\"urlTemplate\":\"https:\\\/\\\/fr.motocrossmag.be\\\/?s={search_term_string}\"},\"query-input\":{\"@type\":\"PropertyValueSpecification\",\"valueRequired\":true,\"valueName\":\"search_term_string\"}}],\"inLanguage\":\"fr-FR\"},{\"@type\":\"Person\",\"@id\":\"https:\\\/\\\/fr.motocrossmag.be\\\/#\\\/schema\\\/person\\\/11b47143d9f755babca2c9110e03235c\",\"name\":\"oliviere\",\"image\":{\"@type\":\"ImageObject\",\"inLanguage\":\"fr-FR\",\"@id\":\"https:\\\/\\\/secure.gravatar.com\\\/avatar\\\/907069e0b81d119452040469e4a7501da1100f54f7f80180ce77bfab718288f6?s=96&d=mm&r=g\",\"url\":\"https:\\\/\\\/secure.gravatar.com\\\/avatar\\\/907069e0b81d119452040469e4a7501da1100f54f7f80180ce77bfab718288f6?s=96&d=mm&r=g\",\"contentUrl\":\"https:\\\/\\\/secure.gravatar.com\\\/avatar\\\/907069e0b81d119452040469e4a7501da1100f54f7f80180ce77bfab718288f6?s=96&d=mm&r=g\",\"caption\":\"oliviere\"},\"sameAs\":[\"http:\\\/\\\/www.motocrossmag.be\"],\"url\":\"https:\\\/\\\/fr.motocrossmag.be\\\/index.php\\\/author\\\/oliviere\\\/\"}]}<\/script>\n<!-- \/ Yoast SEO plugin. -->","yoast_head_json":{"title":"Photos : Supercross US \u00e0 Tampa - Motocross - Enduro - Supermoto | MotocrossMag","robots":{"index":"index","follow":"follow","max-snippet":"max-snippet:-1","max-image-preview":"max-image-preview:large","max-video-preview":"max-video-preview:-1"},"canonical":"https:\/\/fr.motocrossmag.be\/index.php\/2020\/02\/photos-supercross-us-a-tampa\/","og_locale":"fr_FR","og_type":"article","og_title":"Photos : Supercross US \u00e0 Tampa - Motocross - Enduro - Supermoto | MotocrossMag","og_description":"Retour en images sur le 7\u00e8me round de la saison de Supercross US, le premier sur la c\u00f4te est, \u00e0 Tampa, en Californie. &nbsp;","og_url":"https:\/\/fr.motocrossmag.be\/index.php\/2020\/02\/photos-supercross-us-a-tampa\/","og_site_name":"Motocross - Enduro - Supermoto | MotocrossMag","article_published_time":"2020-02-17T21:49:59+00:00","og_image":[{"width":1000,"height":666,"url":"https:\/\/fr.motocrossmag.be\/wp-content\/uploads\/2020\/02\/RS__1323.jpg","type":"image\/jpeg"}],"author":"oliviere","twitter_card":"summary_large_image","twitter_misc":{"\u00c9crit par":"oliviere"},"schema":{"@context":"https:\/\/schema.org","@graph":[{"@type":"Article","@id":"https:\/\/fr.motocrossmag.be\/index.php\/2020\/02\/photos-supercross-us-a-tampa\/#article","isPartOf":{"@id":"https:\/\/fr.motocrossmag.be\/index.php\/2020\/02\/photos-supercross-us-a-tampa\/"},"author":{"name":"oliviere","@id":"https:\/\/fr.motocrossmag.be\/#\/schema\/person\/11b47143d9f755babca2c9110e03235c"},"headline":"Photos : Supercross US \u00e0 Tampa","datePublished":"2020-02-17T21:49:59+00:00","mainEntityOfPage":{"@id":"https:\/\/fr.motocrossmag.be\/index.php\/2020\/02\/photos-supercross-us-a-tampa\/"},"wordCount":32,"commentCount":0,"image":{"@id":"https:\/\/fr.motocrossmag.be\/index.php\/2020\/02\/photos-supercross-us-a-tampa\/#primaryimage"},"thumbnailUrl":"https:\/\/fr.motocrossmag.be\/wp-content\/uploads\/2020\/02\/RS__1323.jpg","keywords":["AMA","Supercross"],"articleSection":["Actualit\u00e9","Motocross","MX\/SX US","News","News","Slideshow"],"inLanguage":"fr-FR","potentialAction":[{"@type":"CommentAction","name":"Comment","target":["https:\/\/fr.motocrossmag.be\/index.php\/2020\/02\/photos-supercross-us-a-tampa\/#respond"]}]},{"@type":"WebPage","@id":"https:\/\/fr.motocrossmag.be\/index.php\/2020\/02\/photos-supercross-us-a-tampa\/","url":"https:\/\/fr.motocrossmag.be\/index.php\/2020\/02\/photos-supercross-us-a-tampa\/","name":"Photos : Supercross US \u00e0 Tampa - Motocross - Enduro - Supermoto | MotocrossMag","isPartOf":{"@id":"https:\/\/fr.motocrossmag.be\/#website"},"primaryImageOfPage":{"@id":"https:\/\/fr.motocrossmag.be\/index.php\/2020\/02\/photos-supercross-us-a-tampa\/#primaryimage"},"image":{"@id":"https:\/\/fr.motocrossmag.be\/index.php\/2020\/02\/photos-supercross-us-a-tampa\/#primaryimage"},"thumbnailUrl":"https:\/\/fr.motocrossmag.be\/wp-content\/uploads\/2020\/02\/RS__1323.jpg","datePublished":"2020-02-17T21:49:59+00:00","author":{"@id":"https:\/\/fr.motocrossmag.be\/#\/schema\/person\/11b47143d9f755babca2c9110e03235c"},"breadcrumb":{"@id":"https:\/\/fr.motocrossmag.be\/index.php\/2020\/02\/photos-supercross-us-a-tampa\/#breadcrumb"},"inLanguage":"fr-FR","potentialAction":[{"@type":"ReadAction","target":["https:\/\/fr.motocrossmag.be\/index.php\/2020\/02\/photos-supercross-us-a-tampa\/"]}]},{"@type":"ImageObject","inLanguage":"fr-FR","@id":"https:\/\/fr.motocrossmag.be\/index.php\/2020\/02\/photos-supercross-us-a-tampa\/#primaryimage","url":"https:\/\/fr.motocrossmag.be\/wp-content\/uploads\/2020\/02\/RS__1323.jpg","contentUrl":"https:\/\/fr.motocrossmag.be\/wp-content\/uploads\/2020\/02\/RS__1323.jpg","width":1000,"height":666},{"@type":"BreadcrumbList","@id":"https:\/\/fr.motocrossmag.be\/index.php\/2020\/02\/photos-supercross-us-a-tampa\/#breadcrumb","itemListElement":[{"@type":"ListItem","position":1,"name":"Accueil","item":"https:\/\/fr.motocrossmag.be\/"},{"@type":"ListItem","position":2,"name":"Photos : Supercross US \u00e0 Tampa"}]},{"@type":"WebSite","@id":"https:\/\/fr.motocrossmag.be\/#website","url":"https:\/\/fr.motocrossmag.be\/","name":"Motocross - Enduro - Supermoto | MotocrossMag","description":"L&#039;actualit\u00e9 du motocross, de l&#039;enduro et du Supermoto en ligne!","potentialAction":[{"@type":"SearchAction","target":{"@type":"EntryPoint","urlTemplate":"https:\/\/fr.motocrossmag.be\/?s={search_term_string}"},"query-input":{"@type":"PropertyValueSpecification","valueRequired":true,"valueName":"search_term_string"}}],"inLanguage":"fr-FR"},{"@type":"Person","@id":"https:\/\/fr.motocrossmag.be\/#\/schema\/person\/11b47143d9f755babca2c9110e03235c","name":"oliviere","image":{"@type":"ImageObject","inLanguage":"fr-FR","@id":"https:\/\/secure.gravatar.com\/avatar\/907069e0b81d119452040469e4a7501da1100f54f7f80180ce77bfab718288f6?s=96&d=mm&r=g","url":"https:\/\/secure.gravatar.com\/avatar\/907069e0b81d119452040469e4a7501da1100f54f7f80180ce77bfab718288f6?s=96&d=mm&r=g","contentUrl":"https:\/\/secure.gravatar.com\/avatar\/907069e0b81d119452040469e4a7501da1100f54f7f80180ce77bfab718288f6?s=96&d=mm&r=g","caption":"oliviere"},"sameAs":["http:\/\/www.motocrossmag.be"],"url":"https:\/\/fr.motocrossmag.be\/index.php\/author\/oliviere\/"}]}},"_links":{"self":[{"href":"https:\/\/fr.motocrossmag.be\/index.php\/wp-json\/wp\/v2\/posts\/101541","targetHints":{"allow":["GET"]}}],"collection":[{"href":"https:\/\/fr.motocrossmag.be\/index.php\/wp-json\/wp\/v2\/posts"}],"about":[{"href":"https:\/\/fr.motocrossmag.be\/index.php\/wp-json\/wp\/v2\/types\/post"}],"author":[{"embeddable":true,"href":"https:\/\/fr.motocrossmag.be\/index.php\/wp-json\/wp\/v2\/users\/932"}],"replies":[{"embeddable":true,"href":"https:\/\/fr.motocrossmag.be\/index.php\/wp-json\/wp\/v2\/comments?post=101541"}],"version-history":[{"count":0,"href":"https:\/\/fr.motocrossmag.be\/index.php\/wp-json\/wp\/v2\/posts\/101541\/revisions"}],"wp:featuredmedia":[{"embeddable":true,"href":"https:\/\/fr.motocrossmag.be\/index.php\/wp-json\/wp\/v2\/media\/101589"}],"wp:attachment":[{"href":"https:\/\/fr.motocrossmag.be\/index.php\/wp-json\/wp\/v2\/media?parent=101541"}],"wp:term":[{"taxonomy":"category","embeddable":true,"href":"https:\/\/fr.motocrossmag.be\/index.php\/wp-json\/wp\/v2\/categories?post=101541"},{"taxonomy":"post_tag","embeddable":true,"href":"https:\/\/fr.motocrossmag.be\/index.php\/wp-json\/wp\/v2\/tags?post=101541"}],"curies":[{"name":"wp","href":"https:\/\/api.w.org\/{rel}","templated":true}]}}