{"id":1043,"date":"2008-06-28T21:46:44","date_gmt":"2008-06-28T20:46:44","guid":{"rendered":"http:\/\/www.motocrossmag.be\/?p=1043"},"modified":"2008-06-28T21:49:35","modified_gmt":"2008-06-28T20:49:35","slug":"motocross-mxgp-teutschenthal-la-pole-pour-de-dijcker","status":"publish","type":"post","link":"https:\/\/fr.motocrossmag.be\/index.php\/2008\/06\/motocross-mxgp-teutschenthal-la-pole-pour-de-dijcker\/","title":{"rendered":"Motocross MXGP &#8211; Teutschenthal | La pole pour De Dijcker"},"content":{"rendered":"<p>Cet apr\u00e8s-midi, notre compatriote Ken De Dijcker a sign\u00e9 sa seconde pole position de la saison. Le pilote Suzuki a attendu les derni\u00e8res minutes de la s\u00e9ance qualificative pour r\u00e9aliser un tour rapide sur un circuit devenu plus sec, ce qui lui a permis de d\u00e9loger S\u00e9bastien Pourcel de la premi\u00e8re place.<br \/>\nEncore 5\u00e8me &agrave; quelques minutes de la fin de la s\u00e9ance, Steve Ramon a vu passer in extremis devant lui 4 pilotes et a \u00e9t\u00e9 incapable d&rsquo;am\u00e9liorer ensuite son chrono, &agrave; cause d&rsquo;un pilote qui a chut\u00e9 devant lui durant son ultime tentative.<br \/>\nCl\u00e9ment Desalle prend un bon 11\u00e8me temps, tandis que Priem termine au 15\u00e8me rang et C\u00e9dric M\u00e9lotte au 22\u00e8me.<\/p>\n<p><img decoding=\"async\" class=\"lazyload alignnone size-full wp-image-1044\" title=\"Ken De Dijcker a devanc\u00e9 S\u00e9bastien Pourcel aujourd\\'hui lors des essais qualificatifs du GP d\\'Allemagne.\" src=\"http:\/\/www.motocrossmag.be\/wp-content\/uploads\/2008\/06\/dedijcker_de.jpg\" data-orig-src=\"http:\/\/www.motocrossmag.be\/wp-content\/uploads\/2008\/06\/dedijcker_de.jpg\" alt=\"\" width=\"500\" height=\"334\" srcset=\"data:image\/svg+xml,%3Csvg%20xmlns%3D%27http%3A%2F%2Fwww.w3.org%2F2000%2Fsvg%27%20width%3D%27500%27%20height%3D%27334%27%20viewBox%3D%270%200%20500%20334%27%3E%3Crect%20width%3D%27500%27%20height%3D%27334%27%20fill-opacity%3D%220%22%2F%3E%3C%2Fsvg%3E\" data-srcset=\"https:\/\/fr.motocrossmag.be\/wp-content\/uploads\/2008\/06\/dedijcker_de-300x200.jpg 300w, https:\/\/fr.motocrossmag.be\/wp-content\/uploads\/2008\/06\/dedijcker_de.jpg 500w\" data-sizes=\"auto\" data-orig-sizes=\"(max-width: 500px) 100vw, 500px\" \/><\/p>\n<p>En MX2, Cairoli et Rattray ont remport\u00e9 les manches qualificatives, tandis que Searle, qui a chut\u00e9 &agrave; 2 reprises dans sa s\u00e9rie, a \u00e9t\u00e9 contraint de passer par le rep\u00eachage, o\u00f9 il s&rsquo;est impos\u00e9.<br \/>\nDans la premi\u00e8re manche, Van Horebeek termine &agrave; une 3\u00e8me place de bonne augure alors que Roelants est 8\u00e8me.<br \/>\nDennis Verbruggen confirme quant &agrave; lui sa bonne forme actuelle en prenant le 9\u00e8me rang dans la seconde s\u00e9rie.<\/p>\n<p>Chez les dames, la Fran\u00e7aise Livia Lancelot signe le meilleur temps devant les Allemandes Franke, Papenmeier et Laier. Notre compatriote Elien De Winter est 7\u00e8me &agrave; pr\u00e8s de 6 secondes de Lancelot.<br \/>\nRappelons que Katherine Prumm, leader du classement provisoire, s&rsquo;est bless\u00e9e &agrave; l&rsquo;entra\u00eenement et ne participe pas &agrave; cette avant-derni\u00e8re manche du championnat f\u00e9minin.<\/p>\n<p><strong><\/strong><\/p>\n<p><strong><\/strong><\/p>\n<p><strong>MX1<\/strong><\/p>\n<p><strong>1. Ken de Dycker (BEL, Suzuki), 2:05.014;<\/strong> 2. Sebastien Pourcel (FRA, Kawasaki), +0:00.029; 3. Billy Mackenzie (GBR, Honda), +0:00.152; 4. Joshua Coppins (NZL, Yamaha), +0:00.259; 5. Julien Bill (SUI, Honda), +0:00.618,&#8230; <strong>9. Steve Ramon (BEL, Suzuki), 11. Cl\u00e9ment Desalle (BEL, Suzuki), 15. Manuel Priem (BEL, Kawasaki), 22. M\u00e9lotte C\u00e9dric (BEL, Aprilia)<\/strong><\/p>\n<p><strong>MX2<\/strong><\/p>\n<p>Manche qualificative 1<\/p>\n<p>1. Antonio Cairoli (ITA, Yamaha), 26:02.073; ; 2. Rui Goncalves (POR, KTM), +0:07.187; <strong>3. Jeremy van Horebeek (BEL, KTM),<\/strong> +0:14.288; 4. Steven Frossard (FRA, Kawasaki), +0:22.760; 5. Manuel Monni (ITA, Yamaha), +0:30.486&#8230; <strong>8. Jo\u00ebl Roelants (BEL, KTM), + 0:38.440<\/strong><\/p>\n<p>Manche qualificative 2<\/p>\n<p>1. Tyla Rattray (RSA, KTM), 26:18.662; ; 2. Shaun Simpson (GBR, KTM), +0:06.949; 3. Marvin Musquin (FRA, Honda), +0:10.347; 4. Xavier Boog (FRA, Suzuki), +0:12.766; 5. Jeremy Tarroux (FRA, KTM), +0:24.773&#8230; <strong>9. Dennis Verbruggen (BEL, Yamaha), + 0:44.245<\/strong><\/p>\n<p>Rep\u00eachage<\/p>\n<p>1 Searle Tommy, 2 Guarneri Davide, 3 Aubin Nicolas, 4 Soubeyras Cedric, 5 Larsen Nikolaj<\/p>\n<p><strong>Women<\/strong><\/p>\n<p>1. Livia Lancelot (FRA, Kawasaki), 2:18.718; 2. Maria Franke (GER, Kawasaki), +0:00.101; 3. Larissa Papenmeier (GER, Suzuki), +0:02.723; 4. Stephanie Laier (GER, KTM), +0:02.976; 5. Elin Mann (SWE, KTM), +0:03.472; 6. Marianne Veenstra (NED, Suzuki), +0:05.141; <strong>7. Elien De Winter (BEL, KTM), +0:05.815;<\/strong> 8. Sofia Sj\u00e0\u00b6berg (SWE, Honda), +0:05.986; 9. Alexandra Haupt (GER, Kawasaki), +0:06.522; 10. Marielle De Mol (NED, Yamaha), +0:06.763<\/p>\n","protected":false},"excerpt":{"rendered":"<p>Cet apr\u00e8s-midi, notre compatriote Ken De Dijcker a sign\u00e9 sa seconde pole position de la saison. Le pilote Suzuki a attendu les derni\u00e8res minutes de la s\u00e9ance qualificative pour r\u00e9aliser [&#8230;]<\/p>\n","protected":false},"author":932,"featured_media":0,"comment_status":"open","ping_status":"open","sticky":false,"template":"","format":"standard","meta":{"footnotes":""},"categories":[54,4,5,55],"tags":[],"class_list":["post-1043","post","type-post","status-publish","format-standard","hentry","category-actualite","category-motocross","category-news","category-news-actualite"],"yoast_head":"<!-- This site is optimized with the Yoast SEO plugin v27.4 - https:\/\/yoast.com\/product\/yoast-seo-wordpress\/ -->\n<title>Motocross MXGP - Teutschenthal | La pole pour De Dijcker - Motocross - Enduro - Supermoto | MotocrossMag<\/title>\n<meta name=\"robots\" content=\"index, follow, max-snippet:-1, max-image-preview:large, max-video-preview:-1\" \/>\n<link rel=\"canonical\" href=\"https:\/\/fr.motocrossmag.be\/index.php\/2008\/06\/motocross-mxgp-teutschenthal-la-pole-pour-de-dijcker\/\" \/>\n<meta property=\"og:locale\" content=\"fr_FR\" \/>\n<meta property=\"og:type\" content=\"article\" \/>\n<meta property=\"og:title\" content=\"Motocross MXGP - Teutschenthal | La pole pour De Dijcker - Motocross - Enduro - Supermoto | MotocrossMag\" \/>\n<meta property=\"og:description\" content=\"Cet apr\u00e8s-midi, notre compatriote Ken De Dijcker a sign\u00e9 sa seconde pole position de la saison. Le pilote Suzuki a attendu les derni\u00e8res minutes de la s\u00e9ance qualificative pour r\u00e9aliser [...]\" \/>\n<meta property=\"og:url\" content=\"https:\/\/fr.motocrossmag.be\/index.php\/2008\/06\/motocross-mxgp-teutschenthal-la-pole-pour-de-dijcker\/\" \/>\n<meta property=\"og:site_name\" content=\"Motocross - Enduro - Supermoto | MotocrossMag\" \/>\n<meta property=\"article:published_time\" content=\"2008-06-28T20:46:44+00:00\" \/>\n<meta property=\"article:modified_time\" content=\"2008-06-28T20:49:35+00:00\" \/>\n<meta property=\"og:image\" content=\"http:\/\/www.motocrossmag.be\/wp-content\/uploads\/2008\/06\/dedijcker_de.jpg\" \/>\n<meta name=\"author\" content=\"oliviere\" \/>\n<meta name=\"twitter:card\" content=\"summary_large_image\" \/>\n<meta name=\"twitter:label1\" content=\"\u00c9crit par\" \/>\n\t<meta name=\"twitter:data1\" content=\"oliviere\" \/>\n\t<meta name=\"twitter:label2\" content=\"Dur\u00e9e de lecture estim\u00e9e\" \/>\n\t<meta name=\"twitter:data2\" content=\"2 minutes\" \/>\n<script type=\"application\/ld+json\" class=\"yoast-schema-graph\">{\"@context\":\"https:\\\/\\\/schema.org\",\"@graph\":[{\"@type\":\"Article\",\"@id\":\"https:\\\/\\\/fr.motocrossmag.be\\\/index.php\\\/2008\\\/06\\\/motocross-mxgp-teutschenthal-la-pole-pour-de-dijcker\\\/#article\",\"isPartOf\":{\"@id\":\"https:\\\/\\\/fr.motocrossmag.be\\\/index.php\\\/2008\\\/06\\\/motocross-mxgp-teutschenthal-la-pole-pour-de-dijcker\\\/\"},\"author\":{\"name\":\"oliviere\",\"@id\":\"https:\\\/\\\/fr.motocrossmag.be\\\/#\\\/schema\\\/person\\\/11b47143d9f755babca2c9110e03235c\"},\"headline\":\"Motocross MXGP &#8211; Teutschenthal | La pole pour De Dijcker\",\"datePublished\":\"2008-06-28T20:46:44+00:00\",\"dateModified\":\"2008-06-28T20:49:35+00:00\",\"mainEntityOfPage\":{\"@id\":\"https:\\\/\\\/fr.motocrossmag.be\\\/index.php\\\/2008\\\/06\\\/motocross-mxgp-teutschenthal-la-pole-pour-de-dijcker\\\/\"},\"wordCount\":426,\"commentCount\":0,\"image\":{\"@id\":\"https:\\\/\\\/fr.motocrossmag.be\\\/index.php\\\/2008\\\/06\\\/motocross-mxgp-teutschenthal-la-pole-pour-de-dijcker\\\/#primaryimage\"},\"thumbnailUrl\":\"http:\\\/\\\/www.motocrossmag.be\\\/wp-content\\\/uploads\\\/2008\\\/06\\\/dedijcker_de.jpg\",\"articleSection\":[\"Actualit\u00e9\",\"Motocross\",\"News\",\"News\"],\"inLanguage\":\"fr-FR\",\"potentialAction\":[{\"@type\":\"CommentAction\",\"name\":\"Comment\",\"target\":[\"https:\\\/\\\/fr.motocrossmag.be\\\/index.php\\\/2008\\\/06\\\/motocross-mxgp-teutschenthal-la-pole-pour-de-dijcker\\\/#respond\"]}]},{\"@type\":\"WebPage\",\"@id\":\"https:\\\/\\\/fr.motocrossmag.be\\\/index.php\\\/2008\\\/06\\\/motocross-mxgp-teutschenthal-la-pole-pour-de-dijcker\\\/\",\"url\":\"https:\\\/\\\/fr.motocrossmag.be\\\/index.php\\\/2008\\\/06\\\/motocross-mxgp-teutschenthal-la-pole-pour-de-dijcker\\\/\",\"name\":\"Motocross MXGP - Teutschenthal | La pole pour De Dijcker - Motocross - Enduro - Supermoto | MotocrossMag\",\"isPartOf\":{\"@id\":\"https:\\\/\\\/fr.motocrossmag.be\\\/#website\"},\"primaryImageOfPage\":{\"@id\":\"https:\\\/\\\/fr.motocrossmag.be\\\/index.php\\\/2008\\\/06\\\/motocross-mxgp-teutschenthal-la-pole-pour-de-dijcker\\\/#primaryimage\"},\"image\":{\"@id\":\"https:\\\/\\\/fr.motocrossmag.be\\\/index.php\\\/2008\\\/06\\\/motocross-mxgp-teutschenthal-la-pole-pour-de-dijcker\\\/#primaryimage\"},\"thumbnailUrl\":\"http:\\\/\\\/www.motocrossmag.be\\\/wp-content\\\/uploads\\\/2008\\\/06\\\/dedijcker_de.jpg\",\"datePublished\":\"2008-06-28T20:46:44+00:00\",\"dateModified\":\"2008-06-28T20:49:35+00:00\",\"author\":{\"@id\":\"https:\\\/\\\/fr.motocrossmag.be\\\/#\\\/schema\\\/person\\\/11b47143d9f755babca2c9110e03235c\"},\"breadcrumb\":{\"@id\":\"https:\\\/\\\/fr.motocrossmag.be\\\/index.php\\\/2008\\\/06\\\/motocross-mxgp-teutschenthal-la-pole-pour-de-dijcker\\\/#breadcrumb\"},\"inLanguage\":\"fr-FR\",\"potentialAction\":[{\"@type\":\"ReadAction\",\"target\":[\"https:\\\/\\\/fr.motocrossmag.be\\\/index.php\\\/2008\\\/06\\\/motocross-mxgp-teutschenthal-la-pole-pour-de-dijcker\\\/\"]}]},{\"@type\":\"ImageObject\",\"inLanguage\":\"fr-FR\",\"@id\":\"https:\\\/\\\/fr.motocrossmag.be\\\/index.php\\\/2008\\\/06\\\/motocross-mxgp-teutschenthal-la-pole-pour-de-dijcker\\\/#primaryimage\",\"url\":\"http:\\\/\\\/www.motocrossmag.be\\\/wp-content\\\/uploads\\\/2008\\\/06\\\/dedijcker_de.jpg\",\"contentUrl\":\"http:\\\/\\\/www.motocrossmag.be\\\/wp-content\\\/uploads\\\/2008\\\/06\\\/dedijcker_de.jpg\"},{\"@type\":\"BreadcrumbList\",\"@id\":\"https:\\\/\\\/fr.motocrossmag.be\\\/index.php\\\/2008\\\/06\\\/motocross-mxgp-teutschenthal-la-pole-pour-de-dijcker\\\/#breadcrumb\",\"itemListElement\":[{\"@type\":\"ListItem\",\"position\":1,\"name\":\"Accueil\",\"item\":\"https:\\\/\\\/fr.motocrossmag.be\\\/\"},{\"@type\":\"ListItem\",\"position\":2,\"name\":\"Motocross MXGP &#8211; Teutschenthal | La pole pour De Dijcker\"}]},{\"@type\":\"WebSite\",\"@id\":\"https:\\\/\\\/fr.motocrossmag.be\\\/#website\",\"url\":\"https:\\\/\\\/fr.motocrossmag.be\\\/\",\"name\":\"Motocross - Enduro - Supermoto | MotocrossMag\",\"description\":\"L&#039;actualit\u00e9 du motocross, de l&#039;enduro et du Supermoto en ligne!\",\"potentialAction\":[{\"@type\":\"SearchAction\",\"target\":{\"@type\":\"EntryPoint\",\"urlTemplate\":\"https:\\\/\\\/fr.motocrossmag.be\\\/?s={search_term_string}\"},\"query-input\":{\"@type\":\"PropertyValueSpecification\",\"valueRequired\":true,\"valueName\":\"search_term_string\"}}],\"inLanguage\":\"fr-FR\"},{\"@type\":\"Person\",\"@id\":\"https:\\\/\\\/fr.motocrossmag.be\\\/#\\\/schema\\\/person\\\/11b47143d9f755babca2c9110e03235c\",\"name\":\"oliviere\",\"image\":{\"@type\":\"ImageObject\",\"inLanguage\":\"fr-FR\",\"@id\":\"https:\\\/\\\/secure.gravatar.com\\\/avatar\\\/907069e0b81d119452040469e4a7501da1100f54f7f80180ce77bfab718288f6?s=96&d=mm&r=g\",\"url\":\"https:\\\/\\\/secure.gravatar.com\\\/avatar\\\/907069e0b81d119452040469e4a7501da1100f54f7f80180ce77bfab718288f6?s=96&d=mm&r=g\",\"contentUrl\":\"https:\\\/\\\/secure.gravatar.com\\\/avatar\\\/907069e0b81d119452040469e4a7501da1100f54f7f80180ce77bfab718288f6?s=96&d=mm&r=g\",\"caption\":\"oliviere\"},\"sameAs\":[\"http:\\\/\\\/www.motocrossmag.be\"],\"url\":\"https:\\\/\\\/fr.motocrossmag.be\\\/index.php\\\/author\\\/oliviere\\\/\"}]}<\/script>\n<!-- \/ Yoast SEO plugin. -->","yoast_head_json":{"title":"Motocross MXGP - Teutschenthal | La pole pour De Dijcker - Motocross - Enduro - Supermoto | MotocrossMag","robots":{"index":"index","follow":"follow","max-snippet":"max-snippet:-1","max-image-preview":"max-image-preview:large","max-video-preview":"max-video-preview:-1"},"canonical":"https:\/\/fr.motocrossmag.be\/index.php\/2008\/06\/motocross-mxgp-teutschenthal-la-pole-pour-de-dijcker\/","og_locale":"fr_FR","og_type":"article","og_title":"Motocross MXGP - Teutschenthal | La pole pour De Dijcker - Motocross - Enduro - Supermoto | MotocrossMag","og_description":"Cet apr\u00e8s-midi, notre compatriote Ken De Dijcker a sign\u00e9 sa seconde pole position de la saison. Le pilote Suzuki a attendu les derni\u00e8res minutes de la s\u00e9ance qualificative pour r\u00e9aliser [...]","og_url":"https:\/\/fr.motocrossmag.be\/index.php\/2008\/06\/motocross-mxgp-teutschenthal-la-pole-pour-de-dijcker\/","og_site_name":"Motocross - Enduro - Supermoto | MotocrossMag","article_published_time":"2008-06-28T20:46:44+00:00","article_modified_time":"2008-06-28T20:49:35+00:00","og_image":[{"url":"http:\/\/www.motocrossmag.be\/wp-content\/uploads\/2008\/06\/dedijcker_de.jpg","type":"","width":"","height":""}],"author":"oliviere","twitter_card":"summary_large_image","twitter_misc":{"\u00c9crit par":"oliviere","Dur\u00e9e de lecture estim\u00e9e":"2 minutes"},"schema":{"@context":"https:\/\/schema.org","@graph":[{"@type":"Article","@id":"https:\/\/fr.motocrossmag.be\/index.php\/2008\/06\/motocross-mxgp-teutschenthal-la-pole-pour-de-dijcker\/#article","isPartOf":{"@id":"https:\/\/fr.motocrossmag.be\/index.php\/2008\/06\/motocross-mxgp-teutschenthal-la-pole-pour-de-dijcker\/"},"author":{"name":"oliviere","@id":"https:\/\/fr.motocrossmag.be\/#\/schema\/person\/11b47143d9f755babca2c9110e03235c"},"headline":"Motocross MXGP &#8211; Teutschenthal | La pole pour De Dijcker","datePublished":"2008-06-28T20:46:44+00:00","dateModified":"2008-06-28T20:49:35+00:00","mainEntityOfPage":{"@id":"https:\/\/fr.motocrossmag.be\/index.php\/2008\/06\/motocross-mxgp-teutschenthal-la-pole-pour-de-dijcker\/"},"wordCount":426,"commentCount":0,"image":{"@id":"https:\/\/fr.motocrossmag.be\/index.php\/2008\/06\/motocross-mxgp-teutschenthal-la-pole-pour-de-dijcker\/#primaryimage"},"thumbnailUrl":"http:\/\/www.motocrossmag.be\/wp-content\/uploads\/2008\/06\/dedijcker_de.jpg","articleSection":["Actualit\u00e9","Motocross","News","News"],"inLanguage":"fr-FR","potentialAction":[{"@type":"CommentAction","name":"Comment","target":["https:\/\/fr.motocrossmag.be\/index.php\/2008\/06\/motocross-mxgp-teutschenthal-la-pole-pour-de-dijcker\/#respond"]}]},{"@type":"WebPage","@id":"https:\/\/fr.motocrossmag.be\/index.php\/2008\/06\/motocross-mxgp-teutschenthal-la-pole-pour-de-dijcker\/","url":"https:\/\/fr.motocrossmag.be\/index.php\/2008\/06\/motocross-mxgp-teutschenthal-la-pole-pour-de-dijcker\/","name":"Motocross MXGP - Teutschenthal | La pole pour De Dijcker - Motocross - Enduro - Supermoto | MotocrossMag","isPartOf":{"@id":"https:\/\/fr.motocrossmag.be\/#website"},"primaryImageOfPage":{"@id":"https:\/\/fr.motocrossmag.be\/index.php\/2008\/06\/motocross-mxgp-teutschenthal-la-pole-pour-de-dijcker\/#primaryimage"},"image":{"@id":"https:\/\/fr.motocrossmag.be\/index.php\/2008\/06\/motocross-mxgp-teutschenthal-la-pole-pour-de-dijcker\/#primaryimage"},"thumbnailUrl":"http:\/\/www.motocrossmag.be\/wp-content\/uploads\/2008\/06\/dedijcker_de.jpg","datePublished":"2008-06-28T20:46:44+00:00","dateModified":"2008-06-28T20:49:35+00:00","author":{"@id":"https:\/\/fr.motocrossmag.be\/#\/schema\/person\/11b47143d9f755babca2c9110e03235c"},"breadcrumb":{"@id":"https:\/\/fr.motocrossmag.be\/index.php\/2008\/06\/motocross-mxgp-teutschenthal-la-pole-pour-de-dijcker\/#breadcrumb"},"inLanguage":"fr-FR","potentialAction":[{"@type":"ReadAction","target":["https:\/\/fr.motocrossmag.be\/index.php\/2008\/06\/motocross-mxgp-teutschenthal-la-pole-pour-de-dijcker\/"]}]},{"@type":"ImageObject","inLanguage":"fr-FR","@id":"https:\/\/fr.motocrossmag.be\/index.php\/2008\/06\/motocross-mxgp-teutschenthal-la-pole-pour-de-dijcker\/#primaryimage","url":"http:\/\/www.motocrossmag.be\/wp-content\/uploads\/2008\/06\/dedijcker_de.jpg","contentUrl":"http:\/\/www.motocrossmag.be\/wp-content\/uploads\/2008\/06\/dedijcker_de.jpg"},{"@type":"BreadcrumbList","@id":"https:\/\/fr.motocrossmag.be\/index.php\/2008\/06\/motocross-mxgp-teutschenthal-la-pole-pour-de-dijcker\/#breadcrumb","itemListElement":[{"@type":"ListItem","position":1,"name":"Accueil","item":"https:\/\/fr.motocrossmag.be\/"},{"@type":"ListItem","position":2,"name":"Motocross MXGP &#8211; Teutschenthal | La pole pour De Dijcker"}]},{"@type":"WebSite","@id":"https:\/\/fr.motocrossmag.be\/#website","url":"https:\/\/fr.motocrossmag.be\/","name":"Motocross - Enduro - Supermoto | MotocrossMag","description":"L&#039;actualit\u00e9 du motocross, de l&#039;enduro et du Supermoto en ligne!","potentialAction":[{"@type":"SearchAction","target":{"@type":"EntryPoint","urlTemplate":"https:\/\/fr.motocrossmag.be\/?s={search_term_string}"},"query-input":{"@type":"PropertyValueSpecification","valueRequired":true,"valueName":"search_term_string"}}],"inLanguage":"fr-FR"},{"@type":"Person","@id":"https:\/\/fr.motocrossmag.be\/#\/schema\/person\/11b47143d9f755babca2c9110e03235c","name":"oliviere","image":{"@type":"ImageObject","inLanguage":"fr-FR","@id":"https:\/\/secure.gravatar.com\/avatar\/907069e0b81d119452040469e4a7501da1100f54f7f80180ce77bfab718288f6?s=96&d=mm&r=g","url":"https:\/\/secure.gravatar.com\/avatar\/907069e0b81d119452040469e4a7501da1100f54f7f80180ce77bfab718288f6?s=96&d=mm&r=g","contentUrl":"https:\/\/secure.gravatar.com\/avatar\/907069e0b81d119452040469e4a7501da1100f54f7f80180ce77bfab718288f6?s=96&d=mm&r=g","caption":"oliviere"},"sameAs":["http:\/\/www.motocrossmag.be"],"url":"https:\/\/fr.motocrossmag.be\/index.php\/author\/oliviere\/"}]}},"_links":{"self":[{"href":"https:\/\/fr.motocrossmag.be\/index.php\/wp-json\/wp\/v2\/posts\/1043","targetHints":{"allow":["GET"]}}],"collection":[{"href":"https:\/\/fr.motocrossmag.be\/index.php\/wp-json\/wp\/v2\/posts"}],"about":[{"href":"https:\/\/fr.motocrossmag.be\/index.php\/wp-json\/wp\/v2\/types\/post"}],"author":[{"embeddable":true,"href":"https:\/\/fr.motocrossmag.be\/index.php\/wp-json\/wp\/v2\/users\/932"}],"replies":[{"embeddable":true,"href":"https:\/\/fr.motocrossmag.be\/index.php\/wp-json\/wp\/v2\/comments?post=1043"}],"version-history":[{"count":0,"href":"https:\/\/fr.motocrossmag.be\/index.php\/wp-json\/wp\/v2\/posts\/1043\/revisions"}],"wp:attachment":[{"href":"https:\/\/fr.motocrossmag.be\/index.php\/wp-json\/wp\/v2\/media?parent=1043"}],"wp:term":[{"taxonomy":"category","embeddable":true,"href":"https:\/\/fr.motocrossmag.be\/index.php\/wp-json\/wp\/v2\/categories?post=1043"},{"taxonomy":"post_tag","embeddable":true,"href":"https:\/\/fr.motocrossmag.be\/index.php\/wp-json\/wp\/v2\/tags?post=1043"}],"curies":[{"name":"wp","href":"https:\/\/api.w.org\/{rel}","templated":true}]}}