{"id":104328,"date":"2020-07-15T14:51:39","date_gmt":"2020-07-15T12:51:39","guid":{"rendered":"http:\/\/fr.motocrossmag.be\/?p=104328"},"modified":"2020-07-15T14:51:39","modified_gmt":"2020-07-15T12:51:39","slug":"photos-les-nouvelles-gasgas-factory","status":"publish","type":"post","link":"https:\/\/fr.motocrossmag.be\/index.php\/2020\/07\/photos-les-nouvelles-gasgas-factory\/","title":{"rendered":"Photos : les nouvelles GasGas factory"},"content":{"rendered":"<p><strong>Alors que l&rsquo;on se pr\u00e9pare \u00e0 reprendre le chemin des circuits dans les ateliers des teams engag\u00e9s sur le championnat du monde MXGP, GasGas pr\u00e9sente les premi\u00e8res images de ses nouvelles MC450F et MC250F officielles. Glenn Coldenhoff et ses co\u00e9quipiers \u00e9trenneront ces nouvelles machines \u00ab\u00a0factory\u00a0\u00bb \u00e0 l&rsquo;occasion de l&rsquo;\u00e9preuve internationale d&rsquo;Arnhem, en Hollande, le 26 juillet prochain.<\/strong><\/p>\n<p>Photos : Bavo Swijgers<\/p><div class=\"cwdos6a9714d966748\" ><!-- \/91277017\/Inline-articles-mobile -->\n<div style=\"margin:auto; text-align:center !important\">\n<div id='div-gpt-ad-1784982661365-0' style='min-width: 250px; min-height: 75px;'>\n  <script>\n    googletag.cmd.push(function() { googletag.display('div-gpt-ad-1784982661365-0'); });\n  <\/script>\n<\/div><\/div><\/div><style type=\"text\/css\">\r\n.cwdos6a9714d966748 {\r\nmargin-bottom:30px;margin-top:20px\r\n}\r\n@media screen and (min-width: 1201px) {\r\n.cwdos6a9714d966748 {\r\ndisplay: block;\r\n}\r\n}\r\n@media screen and (min-width: 993px) and (max-width: 1200px) {\r\n.cwdos6a9714d966748 {\r\ndisplay: block;\r\n}\r\n}\r\n@media screen and (min-width: 769px) and (max-width: 992px) {\r\n.cwdos6a9714d966748 {\r\ndisplay: block;\r\n}\r\n}\r\n@media screen and (min-width: 768px) and (max-width: 768px) {\r\n.cwdos6a9714d966748 {\r\ndisplay: block;\r\n}\r\n}\r\n@media screen and (max-width: 767px) {\r\n.cwdos6a9714d966748 {\r\ndisplay: block;\r\n}\r\n}\r\n<\/style>\r\n\n<div id='gallery-1' class='gallery galleryid-104328 gallery-columns-3 gallery-size-thumbnail'><figure class='gallery-item'>\n\t\t\t<div class='gallery-icon landscape'>\n\t\t\t\t<a href='https:\/\/fr.motocrossmag.be\/index.php\/2020\/07\/photos-les-nouvelles-gasgas-factory\/gasgas-mc-250f-dsc_0895\/'><img decoding=\"async\" width=\"250\" height=\"250\" src=\"https:\/\/fr.motocrossmag.be\/wp-content\/uploads\/2020\/07\/GASGAS-MC-250F-DSC_0895-250x250.jpg\" class=\"attachment-thumbnail size-thumbnail\" alt=\"\" srcset=\"https:\/\/fr.motocrossmag.be\/wp-content\/uploads\/2020\/07\/GASGAS-MC-250F-DSC_0895-250x250.jpg 250w, https:\/\/fr.motocrossmag.be\/wp-content\/uploads\/2020\/07\/GASGAS-MC-250F-DSC_0895-50x50.jpg 50w, https:\/\/fr.motocrossmag.be\/wp-content\/uploads\/2020\/07\/GASGAS-MC-250F-DSC_0895-150x150.jpg 150w, https:\/\/fr.motocrossmag.be\/wp-content\/uploads\/2020\/07\/GASGAS-MC-250F-DSC_0895-45x45.jpg 45w\" sizes=\"(max-width: 250px) 100vw, 250px\" \/><\/a>\n\t\t\t<\/div><\/figure><figure class='gallery-item'>\n\t\t\t<div class='gallery-icon portrait'>\n\t\t\t\t<a href='https:\/\/fr.motocrossmag.be\/index.php\/2020\/07\/photos-les-nouvelles-gasgas-factory\/gasgas-mc-250f-dsc_0894\/'><img decoding=\"async\" width=\"250\" height=\"250\" src=\"https:\/\/fr.motocrossmag.be\/wp-content\/uploads\/2020\/07\/GASGAS-MC-250F-DSC_0894-250x250.jpg\" class=\"attachment-thumbnail size-thumbnail\" alt=\"\" srcset=\"https:\/\/fr.motocrossmag.be\/wp-content\/uploads\/2020\/07\/GASGAS-MC-250F-DSC_0894-250x250.jpg 250w, https:\/\/fr.motocrossmag.be\/wp-content\/uploads\/2020\/07\/GASGAS-MC-250F-DSC_0894-50x50.jpg 50w, https:\/\/fr.motocrossmag.be\/wp-content\/uploads\/2020\/07\/GASGAS-MC-250F-DSC_0894-150x150.jpg 150w, https:\/\/fr.motocrossmag.be\/wp-content\/uploads\/2020\/07\/GASGAS-MC-250F-DSC_0894-45x45.jpg 45w\" sizes=\"(max-width: 250px) 100vw, 250px\" \/><\/a>\n\t\t\t<\/div><\/figure><figure class='gallery-item'>\n\t\t\t<div class='gallery-icon landscape'>\n\t\t\t\t<a href='https:\/\/fr.motocrossmag.be\/index.php\/2020\/07\/photos-les-nouvelles-gasgas-factory\/gasgas-mc-250f-dsc_0892\/'><img decoding=\"async\" width=\"250\" height=\"250\" src=\"https:\/\/fr.motocrossmag.be\/wp-content\/uploads\/2020\/07\/GASGAS-MC-250F-DSC_0892-250x250.jpg\" class=\"attachment-thumbnail size-thumbnail\" alt=\"\" srcset=\"https:\/\/fr.motocrossmag.be\/wp-content\/uploads\/2020\/07\/GASGAS-MC-250F-DSC_0892-250x250.jpg 250w, https:\/\/fr.motocrossmag.be\/wp-content\/uploads\/2020\/07\/GASGAS-MC-250F-DSC_0892-50x50.jpg 50w, https:\/\/fr.motocrossmag.be\/wp-content\/uploads\/2020\/07\/GASGAS-MC-250F-DSC_0892-150x150.jpg 150w, https:\/\/fr.motocrossmag.be\/wp-content\/uploads\/2020\/07\/GASGAS-MC-250F-DSC_0892-45x45.jpg 45w\" sizes=\"(max-width: 250px) 100vw, 250px\" \/><\/a>\n\t\t\t<\/div><\/figure><figure class='gallery-item'>\n\t\t\t<div class='gallery-icon portrait'>\n\t\t\t\t<a href='https:\/\/fr.motocrossmag.be\/index.php\/2020\/07\/photos-les-nouvelles-gasgas-factory\/gasgas-mc-250f-dsc_0893\/'><img decoding=\"async\" width=\"250\" height=\"250\" src=\"https:\/\/fr.motocrossmag.be\/wp-content\/uploads\/2020\/07\/GASGAS-MC-250F-DSC_0893-250x250.jpg\" class=\"attachment-thumbnail size-thumbnail\" alt=\"\" srcset=\"https:\/\/fr.motocrossmag.be\/wp-content\/uploads\/2020\/07\/GASGAS-MC-250F-DSC_0893-250x250.jpg 250w, https:\/\/fr.motocrossmag.be\/wp-content\/uploads\/2020\/07\/GASGAS-MC-250F-DSC_0893-50x50.jpg 50w, https:\/\/fr.motocrossmag.be\/wp-content\/uploads\/2020\/07\/GASGAS-MC-250F-DSC_0893-150x150.jpg 150w, https:\/\/fr.motocrossmag.be\/wp-content\/uploads\/2020\/07\/GASGAS-MC-250F-DSC_0893-45x45.jpg 45w\" sizes=\"(max-width: 250px) 100vw, 250px\" \/><\/a>\n\t\t\t<\/div><\/figure><figure class='gallery-item'>\n\t\t\t<div class='gallery-icon landscape'>\n\t\t\t\t<a href='https:\/\/fr.motocrossmag.be\/index.php\/2020\/07\/photos-les-nouvelles-gasgas-factory\/gasgas-mc-250f-dsc_0891\/'><img decoding=\"async\" width=\"250\" height=\"250\" src=\"https:\/\/fr.motocrossmag.be\/wp-content\/uploads\/2020\/07\/GASGAS-MC-250F-DSC_0891-250x250.jpg\" class=\"attachment-thumbnail size-thumbnail\" alt=\"\" srcset=\"https:\/\/fr.motocrossmag.be\/wp-content\/uploads\/2020\/07\/GASGAS-MC-250F-DSC_0891-250x250.jpg 250w, https:\/\/fr.motocrossmag.be\/wp-content\/uploads\/2020\/07\/GASGAS-MC-250F-DSC_0891-50x50.jpg 50w, https:\/\/fr.motocrossmag.be\/wp-content\/uploads\/2020\/07\/GASGAS-MC-250F-DSC_0891-150x150.jpg 150w, https:\/\/fr.motocrossmag.be\/wp-content\/uploads\/2020\/07\/GASGAS-MC-250F-DSC_0891-45x45.jpg 45w\" sizes=\"(max-width: 250px) 100vw, 250px\" \/><\/a>\n\t\t\t<\/div><\/figure><figure class='gallery-item'>\n\t\t\t<div class='gallery-icon landscape'>\n\t\t\t\t<a href='https:\/\/fr.motocrossmag.be\/index.php\/2020\/07\/photos-les-nouvelles-gasgas-factory\/gasgas-mc-250f-dsc_0888\/'><img decoding=\"async\" width=\"250\" height=\"250\" src=\"https:\/\/fr.motocrossmag.be\/wp-content\/uploads\/2020\/07\/GASGAS-MC-250F-DSC_0888-250x250.jpg\" class=\"attachment-thumbnail size-thumbnail\" alt=\"\" srcset=\"https:\/\/fr.motocrossmag.be\/wp-content\/uploads\/2020\/07\/GASGAS-MC-250F-DSC_0888-250x250.jpg 250w, https:\/\/fr.motocrossmag.be\/wp-content\/uploads\/2020\/07\/GASGAS-MC-250F-DSC_0888-50x50.jpg 50w, https:\/\/fr.motocrossmag.be\/wp-content\/uploads\/2020\/07\/GASGAS-MC-250F-DSC_0888-150x150.jpg 150w, https:\/\/fr.motocrossmag.be\/wp-content\/uploads\/2020\/07\/GASGAS-MC-250F-DSC_0888-45x45.jpg 45w\" sizes=\"(max-width: 250px) 100vw, 250px\" \/><\/a>\n\t\t\t<\/div><\/figure><figure class='gallery-item'>\n\t\t\t<div class='gallery-icon portrait'>\n\t\t\t\t<a href='https:\/\/fr.motocrossmag.be\/index.php\/2020\/07\/photos-les-nouvelles-gasgas-factory\/gasgas-mc-250f-dsc_0883\/'><img decoding=\"async\" width=\"250\" height=\"250\" src=\"https:\/\/fr.motocrossmag.be\/wp-content\/uploads\/2020\/07\/GASGAS-MC-250F-DSC_0883-250x250.jpg\" class=\"attachment-thumbnail size-thumbnail\" alt=\"\" srcset=\"https:\/\/fr.motocrossmag.be\/wp-content\/uploads\/2020\/07\/GASGAS-MC-250F-DSC_0883-250x250.jpg 250w, https:\/\/fr.motocrossmag.be\/wp-content\/uploads\/2020\/07\/GASGAS-MC-250F-DSC_0883-50x50.jpg 50w, https:\/\/fr.motocrossmag.be\/wp-content\/uploads\/2020\/07\/GASGAS-MC-250F-DSC_0883-150x150.jpg 150w, https:\/\/fr.motocrossmag.be\/wp-content\/uploads\/2020\/07\/GASGAS-MC-250F-DSC_0883-45x45.jpg 45w\" sizes=\"(max-width: 250px) 100vw, 250px\" \/><\/a>\n\t\t\t<\/div><\/figure><figure class='gallery-item'>\n\t\t\t<div class='gallery-icon portrait'>\n\t\t\t\t<a href='https:\/\/fr.motocrossmag.be\/index.php\/2020\/07\/photos-les-nouvelles-gasgas-factory\/gasgas-mc-250f-dsc_0884\/'><img decoding=\"async\" width=\"250\" height=\"250\" src=\"https:\/\/fr.motocrossmag.be\/wp-content\/uploads\/2020\/07\/GASGAS-MC-250F-DSC_0884-250x250.jpg\" class=\"attachment-thumbnail size-thumbnail\" alt=\"\" srcset=\"https:\/\/fr.motocrossmag.be\/wp-content\/uploads\/2020\/07\/GASGAS-MC-250F-DSC_0884-250x250.jpg 250w, https:\/\/fr.motocrossmag.be\/wp-content\/uploads\/2020\/07\/GASGAS-MC-250F-DSC_0884-50x50.jpg 50w, https:\/\/fr.motocrossmag.be\/wp-content\/uploads\/2020\/07\/GASGAS-MC-250F-DSC_0884-150x150.jpg 150w, https:\/\/fr.motocrossmag.be\/wp-content\/uploads\/2020\/07\/GASGAS-MC-250F-DSC_0884-45x45.jpg 45w\" sizes=\"(max-width: 250px) 100vw, 250px\" \/><\/a>\n\t\t\t<\/div><\/figure><figure class='gallery-item'>\n\t\t\t<div class='gallery-icon landscape'>\n\t\t\t\t<a href='https:\/\/fr.motocrossmag.be\/index.php\/2020\/07\/photos-les-nouvelles-gasgas-factory\/gasgas-mc-250f-dsc_0882\/'><img decoding=\"async\" width=\"250\" height=\"250\" src=\"https:\/\/fr.motocrossmag.be\/wp-content\/uploads\/2020\/07\/GASGAS-MC-250F-DSC_0882-250x250.jpg\" class=\"attachment-thumbnail size-thumbnail\" alt=\"\" srcset=\"https:\/\/fr.motocrossmag.be\/wp-content\/uploads\/2020\/07\/GASGAS-MC-250F-DSC_0882-250x250.jpg 250w, https:\/\/fr.motocrossmag.be\/wp-content\/uploads\/2020\/07\/GASGAS-MC-250F-DSC_0882-50x50.jpg 50w, https:\/\/fr.motocrossmag.be\/wp-content\/uploads\/2020\/07\/GASGAS-MC-250F-DSC_0882-150x150.jpg 150w, https:\/\/fr.motocrossmag.be\/wp-content\/uploads\/2020\/07\/GASGAS-MC-250F-DSC_0882-45x45.jpg 45w\" sizes=\"(max-width: 250px) 100vw, 250px\" \/><\/a>\n\t\t\t<\/div><\/figure><figure class='gallery-item'>\n\t\t\t<div class='gallery-icon landscape'>\n\t\t\t\t<a href='https:\/\/fr.motocrossmag.be\/index.php\/2020\/07\/photos-les-nouvelles-gasgas-factory\/gasgas-mc-250f-dsc_0878\/'><img decoding=\"async\" width=\"250\" height=\"250\" src=\"https:\/\/fr.motocrossmag.be\/wp-content\/uploads\/2020\/07\/GASGAS-MC-250F-DSC_0878-250x250.jpg\" class=\"attachment-thumbnail size-thumbnail\" alt=\"\" srcset=\"https:\/\/fr.motocrossmag.be\/wp-content\/uploads\/2020\/07\/GASGAS-MC-250F-DSC_0878-250x250.jpg 250w, https:\/\/fr.motocrossmag.be\/wp-content\/uploads\/2020\/07\/GASGAS-MC-250F-DSC_0878-50x50.jpg 50w, https:\/\/fr.motocrossmag.be\/wp-content\/uploads\/2020\/07\/GASGAS-MC-250F-DSC_0878-150x150.jpg 150w, https:\/\/fr.motocrossmag.be\/wp-content\/uploads\/2020\/07\/GASGAS-MC-250F-DSC_0878-45x45.jpg 45w\" sizes=\"(max-width: 250px) 100vw, 250px\" \/><\/a>\n\t\t\t<\/div><\/figure><figure class='gallery-item'>\n\t\t\t<div class='gallery-icon portrait'>\n\t\t\t\t<a href='https:\/\/fr.motocrossmag.be\/index.php\/2020\/07\/photos-les-nouvelles-gasgas-factory\/gasgas-mc-250f-dsc_0876\/'><img decoding=\"async\" width=\"250\" height=\"250\" src=\"https:\/\/fr.motocrossmag.be\/wp-content\/uploads\/2020\/07\/GASGAS-MC-250F-DSC_0876-250x250.jpg\" class=\"attachment-thumbnail size-thumbnail\" alt=\"\" srcset=\"https:\/\/fr.motocrossmag.be\/wp-content\/uploads\/2020\/07\/GASGAS-MC-250F-DSC_0876-250x250.jpg 250w, https:\/\/fr.motocrossmag.be\/wp-content\/uploads\/2020\/07\/GASGAS-MC-250F-DSC_0876-50x50.jpg 50w, https:\/\/fr.motocrossmag.be\/wp-content\/uploads\/2020\/07\/GASGAS-MC-250F-DSC_0876-150x150.jpg 150w, https:\/\/fr.motocrossmag.be\/wp-content\/uploads\/2020\/07\/GASGAS-MC-250F-DSC_0876-45x45.jpg 45w\" sizes=\"(max-width: 250px) 100vw, 250px\" \/><\/a>\n\t\t\t<\/div><\/figure><figure class='gallery-item'>\n\t\t\t<div class='gallery-icon landscape'>\n\t\t\t\t<a href='https:\/\/fr.motocrossmag.be\/index.php\/2020\/07\/photos-les-nouvelles-gasgas-factory\/gasgas-mc-250f-dsc_0877\/'><img decoding=\"async\" width=\"250\" height=\"250\" src=\"https:\/\/fr.motocrossmag.be\/wp-content\/uploads\/2020\/07\/GASGAS-MC-250F-DSC_0877-250x250.jpg\" class=\"attachment-thumbnail size-thumbnail\" alt=\"\" srcset=\"https:\/\/fr.motocrossmag.be\/wp-content\/uploads\/2020\/07\/GASGAS-MC-250F-DSC_0877-250x250.jpg 250w, https:\/\/fr.motocrossmag.be\/wp-content\/uploads\/2020\/07\/GASGAS-MC-250F-DSC_0877-50x50.jpg 50w, https:\/\/fr.motocrossmag.be\/wp-content\/uploads\/2020\/07\/GASGAS-MC-250F-DSC_0877-150x150.jpg 150w, https:\/\/fr.motocrossmag.be\/wp-content\/uploads\/2020\/07\/GASGAS-MC-250F-DSC_0877-45x45.jpg 45w\" sizes=\"(max-width: 250px) 100vw, 250px\" \/><\/a>\n\t\t\t<\/div><\/figure><figure class='gallery-item'>\n\t\t\t<div class='gallery-icon landscape'>\n\t\t\t\t<a href='https:\/\/fr.motocrossmag.be\/index.php\/2020\/07\/photos-les-nouvelles-gasgas-factory\/gasgas-mc-250f-dsc_0875\/'><img decoding=\"async\" width=\"250\" height=\"250\" src=\"https:\/\/fr.motocrossmag.be\/wp-content\/uploads\/2020\/07\/GASGAS-MC-250F-DSC_0875-250x250.jpg\" class=\"attachment-thumbnail size-thumbnail\" alt=\"\" srcset=\"https:\/\/fr.motocrossmag.be\/wp-content\/uploads\/2020\/07\/GASGAS-MC-250F-DSC_0875-250x250.jpg 250w, https:\/\/fr.motocrossmag.be\/wp-content\/uploads\/2020\/07\/GASGAS-MC-250F-DSC_0875-50x50.jpg 50w, https:\/\/fr.motocrossmag.be\/wp-content\/uploads\/2020\/07\/GASGAS-MC-250F-DSC_0875-150x150.jpg 150w, https:\/\/fr.motocrossmag.be\/wp-content\/uploads\/2020\/07\/GASGAS-MC-250F-DSC_0875-45x45.jpg 45w\" sizes=\"(max-width: 250px) 100vw, 250px\" \/><\/a>\n\t\t\t<\/div><\/figure><figure class='gallery-item'>\n\t\t\t<div class='gallery-icon landscape'>\n\t\t\t\t<a href='https:\/\/fr.motocrossmag.be\/index.php\/2020\/07\/photos-les-nouvelles-gasgas-factory\/gasgas-mc-250f-dsc_0870\/'><img decoding=\"async\" width=\"250\" height=\"250\" src=\"https:\/\/fr.motocrossmag.be\/wp-content\/uploads\/2020\/07\/GASGAS-MC-250F-DSC_0870-250x250.jpg\" class=\"attachment-thumbnail size-thumbnail\" alt=\"\" srcset=\"https:\/\/fr.motocrossmag.be\/wp-content\/uploads\/2020\/07\/GASGAS-MC-250F-DSC_0870-250x250.jpg 250w, https:\/\/fr.motocrossmag.be\/wp-content\/uploads\/2020\/07\/GASGAS-MC-250F-DSC_0870-50x50.jpg 50w, https:\/\/fr.motocrossmag.be\/wp-content\/uploads\/2020\/07\/GASGAS-MC-250F-DSC_0870-150x150.jpg 150w, https:\/\/fr.motocrossmag.be\/wp-content\/uploads\/2020\/07\/GASGAS-MC-250F-DSC_0870-45x45.jpg 45w\" sizes=\"(max-width: 250px) 100vw, 250px\" \/><\/a>\n\t\t\t<\/div><\/figure><figure class='gallery-item'>\n\t\t\t<div class='gallery-icon landscape'>\n\t\t\t\t<a href='https:\/\/fr.motocrossmag.be\/index.php\/2020\/07\/photos-les-nouvelles-gasgas-factory\/gasgas-mc-250f-dsc_0872\/'><img decoding=\"async\" width=\"250\" height=\"250\" src=\"https:\/\/fr.motocrossmag.be\/wp-content\/uploads\/2020\/07\/GASGAS-MC-250F-DSC_0872-250x250.jpg\" class=\"attachment-thumbnail size-thumbnail\" alt=\"\" srcset=\"https:\/\/fr.motocrossmag.be\/wp-content\/uploads\/2020\/07\/GASGAS-MC-250F-DSC_0872-250x250.jpg 250w, https:\/\/fr.motocrossmag.be\/wp-content\/uploads\/2020\/07\/GASGAS-MC-250F-DSC_0872-50x50.jpg 50w, https:\/\/fr.motocrossmag.be\/wp-content\/uploads\/2020\/07\/GASGAS-MC-250F-DSC_0872-150x150.jpg 150w, https:\/\/fr.motocrossmag.be\/wp-content\/uploads\/2020\/07\/GASGAS-MC-250F-DSC_0872-45x45.jpg 45w\" sizes=\"(max-width: 250px) 100vw, 250px\" \/><\/a>\n\t\t\t<\/div><\/figure><figure class='gallery-item'>\n\t\t\t<div class='gallery-icon landscape'>\n\t\t\t\t<a href='https:\/\/fr.motocrossmag.be\/index.php\/2020\/07\/photos-les-nouvelles-gasgas-factory\/gasgas-mc-250f-dsc_0868\/'><img decoding=\"async\" width=\"250\" height=\"250\" src=\"https:\/\/fr.motocrossmag.be\/wp-content\/uploads\/2020\/07\/GASGAS-MC-250F-DSC_0868-250x250.jpg\" class=\"attachment-thumbnail size-thumbnail\" alt=\"\" srcset=\"https:\/\/fr.motocrossmag.be\/wp-content\/uploads\/2020\/07\/GASGAS-MC-250F-DSC_0868-250x250.jpg 250w, https:\/\/fr.motocrossmag.be\/wp-content\/uploads\/2020\/07\/GASGAS-MC-250F-DSC_0868-50x50.jpg 50w, https:\/\/fr.motocrossmag.be\/wp-content\/uploads\/2020\/07\/GASGAS-MC-250F-DSC_0868-150x150.jpg 150w, https:\/\/fr.motocrossmag.be\/wp-content\/uploads\/2020\/07\/GASGAS-MC-250F-DSC_0868-45x45.jpg 45w\" sizes=\"(max-width: 250px) 100vw, 250px\" \/><\/a>\n\t\t\t<\/div><\/figure><figure class='gallery-item'>\n\t\t\t<div class='gallery-icon landscape'>\n\t\t\t\t<a href='https:\/\/fr.motocrossmag.be\/index.php\/2020\/07\/photos-les-nouvelles-gasgas-factory\/coldenhoff-monticelli-mc-450f-dsc_1004\/'><img decoding=\"async\" width=\"250\" height=\"250\" src=\"https:\/\/fr.motocrossmag.be\/wp-content\/uploads\/2020\/07\/Coldenhoff-Monticelli-MC-450F-DSC_1004-250x250.jpg\" class=\"attachment-thumbnail size-thumbnail\" alt=\"\" srcset=\"https:\/\/fr.motocrossmag.be\/wp-content\/uploads\/2020\/07\/Coldenhoff-Monticelli-MC-450F-DSC_1004-250x250.jpg 250w, https:\/\/fr.motocrossmag.be\/wp-content\/uploads\/2020\/07\/Coldenhoff-Monticelli-MC-450F-DSC_1004-50x50.jpg 50w, https:\/\/fr.motocrossmag.be\/wp-content\/uploads\/2020\/07\/Coldenhoff-Monticelli-MC-450F-DSC_1004-150x150.jpg 150w, https:\/\/fr.motocrossmag.be\/wp-content\/uploads\/2020\/07\/Coldenhoff-Monticelli-MC-450F-DSC_1004-45x45.jpg 45w\" sizes=\"(max-width: 250px) 100vw, 250px\" \/><\/a>\n\t\t\t<\/div><\/figure><figure class='gallery-item'>\n\t\t\t<div class='gallery-icon landscape'>\n\t\t\t\t<a href='https:\/\/fr.motocrossmag.be\/index.php\/2020\/07\/photos-les-nouvelles-gasgas-factory\/coldenhoff-monticelli-mc-450f-259-128-dsc_1041\/'><img decoding=\"async\" width=\"250\" height=\"250\" src=\"https:\/\/fr.motocrossmag.be\/wp-content\/uploads\/2020\/07\/Coldenhoff-Monticelli-MC-450F-259-128-DSC_1041-250x250.jpg\" class=\"attachment-thumbnail size-thumbnail\" alt=\"\" srcset=\"https:\/\/fr.motocrossmag.be\/wp-content\/uploads\/2020\/07\/Coldenhoff-Monticelli-MC-450F-259-128-DSC_1041-250x250.jpg 250w, https:\/\/fr.motocrossmag.be\/wp-content\/uploads\/2020\/07\/Coldenhoff-Monticelli-MC-450F-259-128-DSC_1041-50x50.jpg 50w, https:\/\/fr.motocrossmag.be\/wp-content\/uploads\/2020\/07\/Coldenhoff-Monticelli-MC-450F-259-128-DSC_1041-150x150.jpg 150w, https:\/\/fr.motocrossmag.be\/wp-content\/uploads\/2020\/07\/Coldenhoff-Monticelli-MC-450F-259-128-DSC_1041-45x45.jpg 45w\" sizes=\"(max-width: 250px) 100vw, 250px\" \/><\/a>\n\t\t\t<\/div><\/figure><figure class='gallery-item'>\n\t\t\t<div class='gallery-icon landscape'>\n\t\t\t\t<a href='https:\/\/fr.motocrossmag.be\/index.php\/2020\/07\/photos-les-nouvelles-gasgas-factory\/coldenhoff-monticelli-mc-450f-259-128-dsc_1055\/'><img decoding=\"async\" width=\"250\" height=\"250\" src=\"https:\/\/fr.motocrossmag.be\/wp-content\/uploads\/2020\/07\/Coldenhoff-Monticelli-MC-450F-259-128-DSC_1055-250x250.jpg\" class=\"attachment-thumbnail size-thumbnail\" alt=\"\" srcset=\"https:\/\/fr.motocrossmag.be\/wp-content\/uploads\/2020\/07\/Coldenhoff-Monticelli-MC-450F-259-128-DSC_1055-250x250.jpg 250w, https:\/\/fr.motocrossmag.be\/wp-content\/uploads\/2020\/07\/Coldenhoff-Monticelli-MC-450F-259-128-DSC_1055-50x50.jpg 50w, https:\/\/fr.motocrossmag.be\/wp-content\/uploads\/2020\/07\/Coldenhoff-Monticelli-MC-450F-259-128-DSC_1055-150x150.jpg 150w, https:\/\/fr.motocrossmag.be\/wp-content\/uploads\/2020\/07\/Coldenhoff-Monticelli-MC-450F-259-128-DSC_1055-45x45.jpg 45w\" sizes=\"(max-width: 250px) 100vw, 250px\" \/><\/a>\n\t\t\t<\/div><\/figure><figure class='gallery-item'>\n\t\t\t<div class='gallery-icon landscape'>\n\t\t\t\t<a href='https:\/\/fr.motocrossmag.be\/index.php\/2020\/07\/photos-les-nouvelles-gasgas-factory\/coldenhoff-monticelli-mc-450f-259-128-dsc_1038\/'><img decoding=\"async\" width=\"250\" height=\"250\" src=\"https:\/\/fr.motocrossmag.be\/wp-content\/uploads\/2020\/07\/Coldenhoff-Monticelli-MC-450F-259-128-DSC_1038-250x250.jpg\" class=\"attachment-thumbnail size-thumbnail\" alt=\"\" srcset=\"https:\/\/fr.motocrossmag.be\/wp-content\/uploads\/2020\/07\/Coldenhoff-Monticelli-MC-450F-259-128-DSC_1038-250x250.jpg 250w, https:\/\/fr.motocrossmag.be\/wp-content\/uploads\/2020\/07\/Coldenhoff-Monticelli-MC-450F-259-128-DSC_1038-50x50.jpg 50w, https:\/\/fr.motocrossmag.be\/wp-content\/uploads\/2020\/07\/Coldenhoff-Monticelli-MC-450F-259-128-DSC_1038-150x150.jpg 150w, https:\/\/fr.motocrossmag.be\/wp-content\/uploads\/2020\/07\/Coldenhoff-Monticelli-MC-450F-259-128-DSC_1038-45x45.jpg 45w\" sizes=\"(max-width: 250px) 100vw, 250px\" \/><\/a>\n\t\t\t<\/div><\/figure><figure class='gallery-item'>\n\t\t\t<div class='gallery-icon landscape'>\n\t\t\t\t<a href='https:\/\/fr.motocrossmag.be\/index.php\/2020\/07\/photos-les-nouvelles-gasgas-factory\/coldenhoff-monticelli-mc-450f-259-128-dsc_1023\/'><img decoding=\"async\" width=\"250\" height=\"250\" src=\"https:\/\/fr.motocrossmag.be\/wp-content\/uploads\/2020\/07\/Coldenhoff-Monticelli-MC-450F-259-128-DSC_1023-250x250.jpg\" class=\"attachment-thumbnail size-thumbnail\" alt=\"\" srcset=\"https:\/\/fr.motocrossmag.be\/wp-content\/uploads\/2020\/07\/Coldenhoff-Monticelli-MC-450F-259-128-DSC_1023-250x250.jpg 250w, https:\/\/fr.motocrossmag.be\/wp-content\/uploads\/2020\/07\/Coldenhoff-Monticelli-MC-450F-259-128-DSC_1023-50x50.jpg 50w, https:\/\/fr.motocrossmag.be\/wp-content\/uploads\/2020\/07\/Coldenhoff-Monticelli-MC-450F-259-128-DSC_1023-150x150.jpg 150w, https:\/\/fr.motocrossmag.be\/wp-content\/uploads\/2020\/07\/Coldenhoff-Monticelli-MC-450F-259-128-DSC_1023-45x45.jpg 45w\" sizes=\"(max-width: 250px) 100vw, 250px\" \/><\/a>\n\t\t\t<\/div><\/figure><figure class='gallery-item'>\n\t\t\t<div class='gallery-icon landscape'>\n\t\t\t\t<a href='https:\/\/fr.motocrossmag.be\/coldenhoff-monticelli-mc-450f-259-128-dsc_1018\/'><img decoding=\"async\" width=\"250\" height=\"250\" src=\"https:\/\/fr.motocrossmag.be\/wp-content\/uploads\/2020\/07\/Coldenhoff-Monticelli-MC-450F-259-128-DSC_1018-250x250.jpg\" class=\"attachment-thumbnail size-thumbnail\" alt=\"\" srcset=\"https:\/\/fr.motocrossmag.be\/wp-content\/uploads\/2020\/07\/Coldenhoff-Monticelli-MC-450F-259-128-DSC_1018-250x250.jpg 250w, https:\/\/fr.motocrossmag.be\/wp-content\/uploads\/2020\/07\/Coldenhoff-Monticelli-MC-450F-259-128-DSC_1018-50x50.jpg 50w, https:\/\/fr.motocrossmag.be\/wp-content\/uploads\/2020\/07\/Coldenhoff-Monticelli-MC-450F-259-128-DSC_1018-150x150.jpg 150w, https:\/\/fr.motocrossmag.be\/wp-content\/uploads\/2020\/07\/Coldenhoff-Monticelli-MC-450F-259-128-DSC_1018-45x45.jpg 45w\" sizes=\"(max-width: 250px) 100vw, 250px\" \/><\/a>\n\t\t\t<\/div><\/figure><figure class='gallery-item'>\n\t\t\t<div class='gallery-icon landscape'>\n\t\t\t\t<a href='https:\/\/fr.motocrossmag.be\/coldenhoff-monticelli-259-128-sydow-laengenfelder-mc-250f-gasgas-104-516-dsc_1192\/'><img decoding=\"async\" width=\"250\" height=\"250\" src=\"https:\/\/fr.motocrossmag.be\/wp-content\/uploads\/2020\/07\/Coldenhoff-Monticelli-259-128-Sydow-Laengenfelder-mc-250F-gasgas-104-516-DSC_1192-250x250.jpg\" class=\"attachment-thumbnail size-thumbnail\" alt=\"\" srcset=\"https:\/\/fr.motocrossmag.be\/wp-content\/uploads\/2020\/07\/Coldenhoff-Monticelli-259-128-Sydow-Laengenfelder-mc-250F-gasgas-104-516-DSC_1192-250x250.jpg 250w, https:\/\/fr.motocrossmag.be\/wp-content\/uploads\/2020\/07\/Coldenhoff-Monticelli-259-128-Sydow-Laengenfelder-mc-250F-gasgas-104-516-DSC_1192-50x50.jpg 50w, https:\/\/fr.motocrossmag.be\/wp-content\/uploads\/2020\/07\/Coldenhoff-Monticelli-259-128-Sydow-Laengenfelder-mc-250F-gasgas-104-516-DSC_1192-150x150.jpg 150w, https:\/\/fr.motocrossmag.be\/wp-content\/uploads\/2020\/07\/Coldenhoff-Monticelli-259-128-Sydow-Laengenfelder-mc-250F-gasgas-104-516-DSC_1192-45x45.jpg 45w\" sizes=\"(max-width: 250px) 100vw, 250px\" \/><\/a>\n\t\t\t<\/div><\/figure><figure class='gallery-item'>\n\t\t\t<div class='gallery-icon landscape'>\n\t\t\t\t<a href='https:\/\/fr.motocrossmag.be\/coldenhoff-monticelli-mc-450f-259-128-dsc_1014\/'><img decoding=\"async\" width=\"250\" height=\"250\" src=\"https:\/\/fr.motocrossmag.be\/wp-content\/uploads\/2020\/07\/Coldenhoff-Monticelli-MC-450F-259-128-DSC_1014-250x250.jpg\" class=\"attachment-thumbnail size-thumbnail\" alt=\"\" srcset=\"https:\/\/fr.motocrossmag.be\/wp-content\/uploads\/2020\/07\/Coldenhoff-Monticelli-MC-450F-259-128-DSC_1014-250x250.jpg 250w, https:\/\/fr.motocrossmag.be\/wp-content\/uploads\/2020\/07\/Coldenhoff-Monticelli-MC-450F-259-128-DSC_1014-50x50.jpg 50w, https:\/\/fr.motocrossmag.be\/wp-content\/uploads\/2020\/07\/Coldenhoff-Monticelli-MC-450F-259-128-DSC_1014-150x150.jpg 150w, https:\/\/fr.motocrossmag.be\/wp-content\/uploads\/2020\/07\/Coldenhoff-Monticelli-MC-450F-259-128-DSC_1014-45x45.jpg 45w\" sizes=\"(max-width: 250px) 100vw, 250px\" \/><\/a>\n\t\t\t<\/div><\/figure><figure class='gallery-item'>\n\t\t\t<div class='gallery-icon landscape'>\n\t\t\t\t<a href='https:\/\/fr.motocrossmag.be\/coldenhoff-monticelli-259-128-sydow-laengenfelder-mc-250f-gasgas-104-516-dsc_1185\/'><img decoding=\"async\" width=\"250\" height=\"250\" src=\"https:\/\/fr.motocrossmag.be\/wp-content\/uploads\/2020\/07\/Coldenhoff-Monticelli-259-128-Sydow-Laengenfelder-mc-250F-gasgas-104-516-DSC_1185-250x250.jpg\" class=\"attachment-thumbnail size-thumbnail\" alt=\"\" srcset=\"https:\/\/fr.motocrossmag.be\/wp-content\/uploads\/2020\/07\/Coldenhoff-Monticelli-259-128-Sydow-Laengenfelder-mc-250F-gasgas-104-516-DSC_1185-250x250.jpg 250w, https:\/\/fr.motocrossmag.be\/wp-content\/uploads\/2020\/07\/Coldenhoff-Monticelli-259-128-Sydow-Laengenfelder-mc-250F-gasgas-104-516-DSC_1185-50x50.jpg 50w, https:\/\/fr.motocrossmag.be\/wp-content\/uploads\/2020\/07\/Coldenhoff-Monticelli-259-128-Sydow-Laengenfelder-mc-250F-gasgas-104-516-DSC_1185-150x150.jpg 150w, https:\/\/fr.motocrossmag.be\/wp-content\/uploads\/2020\/07\/Coldenhoff-Monticelli-259-128-Sydow-Laengenfelder-mc-250F-gasgas-104-516-DSC_1185-45x45.jpg 45w\" sizes=\"(max-width: 250px) 100vw, 250px\" \/><\/a>\n\t\t\t<\/div><\/figure><figure class='gallery-item'>\n\t\t\t<div class='gallery-icon landscape'>\n\t\t\t\t<a href='https:\/\/fr.motocrossmag.be\/coldenhoff-monticelli-259-128-sydow-laengenfelder-mc-250f-gasgas-104-516-dsc_1174\/'><img decoding=\"async\" width=\"250\" height=\"250\" src=\"https:\/\/fr.motocrossmag.be\/wp-content\/uploads\/2020\/07\/Coldenhoff-Monticelli-259-128-Sydow-Laengenfelder-mc-250F-gasgas-104-516-DSC_1174-250x250.jpg\" class=\"attachment-thumbnail size-thumbnail\" alt=\"\" srcset=\"https:\/\/fr.motocrossmag.be\/wp-content\/uploads\/2020\/07\/Coldenhoff-Monticelli-259-128-Sydow-Laengenfelder-mc-250F-gasgas-104-516-DSC_1174-250x250.jpg 250w, https:\/\/fr.motocrossmag.be\/wp-content\/uploads\/2020\/07\/Coldenhoff-Monticelli-259-128-Sydow-Laengenfelder-mc-250F-gasgas-104-516-DSC_1174-50x50.jpg 50w, https:\/\/fr.motocrossmag.be\/wp-content\/uploads\/2020\/07\/Coldenhoff-Monticelli-259-128-Sydow-Laengenfelder-mc-250F-gasgas-104-516-DSC_1174-150x150.jpg 150w, https:\/\/fr.motocrossmag.be\/wp-content\/uploads\/2020\/07\/Coldenhoff-Monticelli-259-128-Sydow-Laengenfelder-mc-250F-gasgas-104-516-DSC_1174-45x45.jpg 45w\" sizes=\"(max-width: 250px) 100vw, 250px\" \/><\/a>\n\t\t\t<\/div><\/figure><figure class='gallery-item'>\n\t\t\t<div class='gallery-icon landscape'>\n\t\t\t\t<a href='https:\/\/fr.motocrossmag.be\/coldenhoff-monticelli-259-128-sydow-laengenfelder-mc-250f-gasgas-104-516-dsc_1171\/'><img decoding=\"async\" width=\"250\" height=\"250\" src=\"https:\/\/fr.motocrossmag.be\/wp-content\/uploads\/2020\/07\/Coldenhoff-Monticelli-259-128-Sydow-Laengenfelder-mc-250F-gasgas-104-516-DSC_1171-250x250.jpg\" class=\"attachment-thumbnail size-thumbnail\" alt=\"\" srcset=\"https:\/\/fr.motocrossmag.be\/wp-content\/uploads\/2020\/07\/Coldenhoff-Monticelli-259-128-Sydow-Laengenfelder-mc-250F-gasgas-104-516-DSC_1171-250x250.jpg 250w, https:\/\/fr.motocrossmag.be\/wp-content\/uploads\/2020\/07\/Coldenhoff-Monticelli-259-128-Sydow-Laengenfelder-mc-250F-gasgas-104-516-DSC_1171-50x50.jpg 50w, https:\/\/fr.motocrossmag.be\/wp-content\/uploads\/2020\/07\/Coldenhoff-Monticelli-259-128-Sydow-Laengenfelder-mc-250F-gasgas-104-516-DSC_1171-150x150.jpg 150w, https:\/\/fr.motocrossmag.be\/wp-content\/uploads\/2020\/07\/Coldenhoff-Monticelli-259-128-Sydow-Laengenfelder-mc-250F-gasgas-104-516-DSC_1171-45x45.jpg 45w\" sizes=\"(max-width: 250px) 100vw, 250px\" \/><\/a>\n\t\t\t<\/div><\/figure><figure class='gallery-item'>\n\t\t\t<div class='gallery-icon landscape'>\n\t\t\t\t<a href='https:\/\/fr.motocrossmag.be\/coldenhoff-monticelli-259-128-sydow-laengenfelder-mc-250f-gasgas-104-516-dsc_1168\/'><img decoding=\"async\" width=\"250\" height=\"250\" src=\"https:\/\/fr.motocrossmag.be\/wp-content\/uploads\/2020\/07\/Coldenhoff-Monticelli-259-128-Sydow-Laengenfelder-mc-250F-gasgas-104-516-DSC_1168-250x250.jpg\" class=\"attachment-thumbnail size-thumbnail\" alt=\"\" srcset=\"https:\/\/fr.motocrossmag.be\/wp-content\/uploads\/2020\/07\/Coldenhoff-Monticelli-259-128-Sydow-Laengenfelder-mc-250F-gasgas-104-516-DSC_1168-250x250.jpg 250w, https:\/\/fr.motocrossmag.be\/wp-content\/uploads\/2020\/07\/Coldenhoff-Monticelli-259-128-Sydow-Laengenfelder-mc-250F-gasgas-104-516-DSC_1168-50x50.jpg 50w, https:\/\/fr.motocrossmag.be\/wp-content\/uploads\/2020\/07\/Coldenhoff-Monticelli-259-128-Sydow-Laengenfelder-mc-250F-gasgas-104-516-DSC_1168-150x150.jpg 150w, https:\/\/fr.motocrossmag.be\/wp-content\/uploads\/2020\/07\/Coldenhoff-Monticelli-259-128-Sydow-Laengenfelder-mc-250F-gasgas-104-516-DSC_1168-45x45.jpg 45w\" sizes=\"(max-width: 250px) 100vw, 250px\" \/><\/a>\n\t\t\t<\/div><\/figure><figure class='gallery-item'>\n\t\t\t<div class='gallery-icon landscape'>\n\t\t\t\t<a href='https:\/\/fr.motocrossmag.be\/coldenhoff-259-mc-450f-dscf5126\/'><img decoding=\"async\" width=\"250\" height=\"250\" src=\"https:\/\/fr.motocrossmag.be\/wp-content\/uploads\/2020\/07\/Coldenhoff-259-MC-450F-DSCF5126-250x250.jpg\" class=\"attachment-thumbnail size-thumbnail\" alt=\"\" srcset=\"https:\/\/fr.motocrossmag.be\/wp-content\/uploads\/2020\/07\/Coldenhoff-259-MC-450F-DSCF5126-250x250.jpg 250w, https:\/\/fr.motocrossmag.be\/wp-content\/uploads\/2020\/07\/Coldenhoff-259-MC-450F-DSCF5126-50x50.jpg 50w, https:\/\/fr.motocrossmag.be\/wp-content\/uploads\/2020\/07\/Coldenhoff-259-MC-450F-DSCF5126-150x150.jpg 150w, https:\/\/fr.motocrossmag.be\/wp-content\/uploads\/2020\/07\/Coldenhoff-259-MC-450F-DSCF5126-45x45.jpg 45w\" sizes=\"(max-width: 250px) 100vw, 250px\" \/><\/a>\n\t\t\t<\/div><\/figure><figure class='gallery-item'>\n\t\t\t<div class='gallery-icon landscape'>\n\t\t\t\t<a href='https:\/\/fr.motocrossmag.be\/coldenhoff-259-mc-450f-dscf5072\/'><img decoding=\"async\" width=\"250\" height=\"250\" src=\"https:\/\/fr.motocrossmag.be\/wp-content\/uploads\/2020\/07\/Coldenhoff-259-MC-450F-DSCF5072-250x250.jpg\" class=\"attachment-thumbnail size-thumbnail\" alt=\"\" srcset=\"https:\/\/fr.motocrossmag.be\/wp-content\/uploads\/2020\/07\/Coldenhoff-259-MC-450F-DSCF5072-250x250.jpg 250w, https:\/\/fr.motocrossmag.be\/wp-content\/uploads\/2020\/07\/Coldenhoff-259-MC-450F-DSCF5072-50x50.jpg 50w, https:\/\/fr.motocrossmag.be\/wp-content\/uploads\/2020\/07\/Coldenhoff-259-MC-450F-DSCF5072-150x150.jpg 150w, https:\/\/fr.motocrossmag.be\/wp-content\/uploads\/2020\/07\/Coldenhoff-259-MC-450F-DSCF5072-45x45.jpg 45w\" sizes=\"(max-width: 250px) 100vw, 250px\" \/><\/a>\n\t\t\t<\/div><\/figure><figure class='gallery-item'>\n\t\t\t<div class='gallery-icon landscape'>\n\t\t\t\t<a href='https:\/\/fr.motocrossmag.be\/coldenhoff-259-mc-450f-dscf5064\/'><img decoding=\"async\" width=\"250\" height=\"250\" src=\"https:\/\/fr.motocrossmag.be\/wp-content\/uploads\/2020\/07\/Coldenhoff-259-MC-450F-DSCF5064-250x250.jpg\" class=\"attachment-thumbnail size-thumbnail\" alt=\"\" srcset=\"https:\/\/fr.motocrossmag.be\/wp-content\/uploads\/2020\/07\/Coldenhoff-259-MC-450F-DSCF5064-250x250.jpg 250w, https:\/\/fr.motocrossmag.be\/wp-content\/uploads\/2020\/07\/Coldenhoff-259-MC-450F-DSCF5064-50x50.jpg 50w, https:\/\/fr.motocrossmag.be\/wp-content\/uploads\/2020\/07\/Coldenhoff-259-MC-450F-DSCF5064-150x150.jpg 150w, https:\/\/fr.motocrossmag.be\/wp-content\/uploads\/2020\/07\/Coldenhoff-259-MC-450F-DSCF5064-45x45.jpg 45w\" sizes=\"(max-width: 250px) 100vw, 250px\" \/><\/a>\n\t\t\t<\/div><\/figure><figure class='gallery-item'>\n\t\t\t<div class='gallery-icon landscape'>\n\t\t\t\t<a href='https:\/\/fr.motocrossmag.be\/coldenhoff-259-mc-450f-dsc_3939\/'><img decoding=\"async\" width=\"250\" height=\"250\" src=\"https:\/\/fr.motocrossmag.be\/wp-content\/uploads\/2020\/07\/Coldenhoff-259-MC-450F-DSC_3939-250x250.jpg\" class=\"attachment-thumbnail size-thumbnail\" alt=\"\" srcset=\"https:\/\/fr.motocrossmag.be\/wp-content\/uploads\/2020\/07\/Coldenhoff-259-MC-450F-DSC_3939-250x250.jpg 250w, https:\/\/fr.motocrossmag.be\/wp-content\/uploads\/2020\/07\/Coldenhoff-259-MC-450F-DSC_3939-50x50.jpg 50w, https:\/\/fr.motocrossmag.be\/wp-content\/uploads\/2020\/07\/Coldenhoff-259-MC-450F-DSC_3939-150x150.jpg 150w, https:\/\/fr.motocrossmag.be\/wp-content\/uploads\/2020\/07\/Coldenhoff-259-MC-450F-DSC_3939-45x45.jpg 45w\" sizes=\"(max-width: 250px) 100vw, 250px\" \/><\/a>\n\t\t\t<\/div><\/figure><figure class='gallery-item'>\n\t\t\t<div class='gallery-icon landscape'>\n\t\t\t\t<a href='https:\/\/fr.motocrossmag.be\/coldenhoff-259-mc-450f-dsc_3888\/'><img decoding=\"async\" width=\"250\" height=\"250\" src=\"https:\/\/fr.motocrossmag.be\/wp-content\/uploads\/2020\/07\/Coldenhoff-259-MC-450F-DSC_3888-250x250.jpg\" class=\"attachment-thumbnail size-thumbnail\" alt=\"\" srcset=\"https:\/\/fr.motocrossmag.be\/wp-content\/uploads\/2020\/07\/Coldenhoff-259-MC-450F-DSC_3888-250x250.jpg 250w, https:\/\/fr.motocrossmag.be\/wp-content\/uploads\/2020\/07\/Coldenhoff-259-MC-450F-DSC_3888-50x50.jpg 50w, https:\/\/fr.motocrossmag.be\/wp-content\/uploads\/2020\/07\/Coldenhoff-259-MC-450F-DSC_3888-150x150.jpg 150w, https:\/\/fr.motocrossmag.be\/wp-content\/uploads\/2020\/07\/Coldenhoff-259-MC-450F-DSC_3888-45x45.jpg 45w\" sizes=\"(max-width: 250px) 100vw, 250px\" \/><\/a>\n\t\t\t<\/div><\/figure><figure class='gallery-item'>\n\t\t\t<div class='gallery-icon landscape'>\n\t\t\t\t<a href='https:\/\/fr.motocrossmag.be\/coldenhoff-259-mc-450f-dsc_3899\/'><img decoding=\"async\" width=\"250\" height=\"250\" src=\"https:\/\/fr.motocrossmag.be\/wp-content\/uploads\/2020\/07\/Coldenhoff-259-MC-450F-DSC_3899-250x250.jpg\" class=\"attachment-thumbnail size-thumbnail\" alt=\"\" srcset=\"https:\/\/fr.motocrossmag.be\/wp-content\/uploads\/2020\/07\/Coldenhoff-259-MC-450F-DSC_3899-250x250.jpg 250w, https:\/\/fr.motocrossmag.be\/wp-content\/uploads\/2020\/07\/Coldenhoff-259-MC-450F-DSC_3899-50x50.jpg 50w, https:\/\/fr.motocrossmag.be\/wp-content\/uploads\/2020\/07\/Coldenhoff-259-MC-450F-DSC_3899-150x150.jpg 150w, https:\/\/fr.motocrossmag.be\/wp-content\/uploads\/2020\/07\/Coldenhoff-259-MC-450F-DSC_3899-45x45.jpg 45w\" sizes=\"(max-width: 250px) 100vw, 250px\" \/><\/a>\n\t\t\t<\/div><\/figure><figure class='gallery-item'>\n\t\t\t<div class='gallery-icon landscape'>\n\t\t\t\t<a href='https:\/\/fr.motocrossmag.be\/coldenhoff-259-mc-450f-dsc_3642\/'><img decoding=\"async\" width=\"250\" height=\"250\" src=\"https:\/\/fr.motocrossmag.be\/wp-content\/uploads\/2020\/07\/Coldenhoff-259-MC-450F-DSC_3642-250x250.jpg\" class=\"attachment-thumbnail size-thumbnail\" alt=\"\" srcset=\"https:\/\/fr.motocrossmag.be\/wp-content\/uploads\/2020\/07\/Coldenhoff-259-MC-450F-DSC_3642-250x250.jpg 250w, https:\/\/fr.motocrossmag.be\/wp-content\/uploads\/2020\/07\/Coldenhoff-259-MC-450F-DSC_3642-50x50.jpg 50w, https:\/\/fr.motocrossmag.be\/wp-content\/uploads\/2020\/07\/Coldenhoff-259-MC-450F-DSC_3642-150x150.jpg 150w, https:\/\/fr.motocrossmag.be\/wp-content\/uploads\/2020\/07\/Coldenhoff-259-MC-450F-DSC_3642-45x45.jpg 45w\" sizes=\"(max-width: 250px) 100vw, 250px\" \/><\/a>\n\t\t\t<\/div><\/figure><figure class='gallery-item'>\n\t\t\t<div class='gallery-icon landscape'>\n\t\t\t\t<a href='https:\/\/fr.motocrossmag.be\/coldenhoff-259-mc-450f-dsc_3312\/'><img decoding=\"async\" width=\"250\" height=\"250\" src=\"https:\/\/fr.motocrossmag.be\/wp-content\/uploads\/2020\/07\/Coldenhoff-259-MC-450F-DSC_3312-250x250.jpg\" class=\"attachment-thumbnail size-thumbnail\" alt=\"\" srcset=\"https:\/\/fr.motocrossmag.be\/wp-content\/uploads\/2020\/07\/Coldenhoff-259-MC-450F-DSC_3312-250x250.jpg 250w, https:\/\/fr.motocrossmag.be\/wp-content\/uploads\/2020\/07\/Coldenhoff-259-MC-450F-DSC_3312-50x50.jpg 50w, https:\/\/fr.motocrossmag.be\/wp-content\/uploads\/2020\/07\/Coldenhoff-259-MC-450F-DSC_3312-150x150.jpg 150w, https:\/\/fr.motocrossmag.be\/wp-content\/uploads\/2020\/07\/Coldenhoff-259-MC-450F-DSC_3312-45x45.jpg 45w\" sizes=\"(max-width: 250px) 100vw, 250px\" \/><\/a>\n\t\t\t<\/div><\/figure><figure class='gallery-item'>\n\t\t\t<div class='gallery-icon landscape'>\n\t\t\t\t<a href='https:\/\/fr.motocrossmag.be\/coldenhoff-259-mc-450f-dsc_3302\/'><img decoding=\"async\" width=\"250\" height=\"250\" src=\"https:\/\/fr.motocrossmag.be\/wp-content\/uploads\/2020\/07\/Coldenhoff-259-MC-450F-DSC_3302-250x250.jpg\" class=\"attachment-thumbnail size-thumbnail\" alt=\"\" srcset=\"https:\/\/fr.motocrossmag.be\/wp-content\/uploads\/2020\/07\/Coldenhoff-259-MC-450F-DSC_3302-250x250.jpg 250w, https:\/\/fr.motocrossmag.be\/wp-content\/uploads\/2020\/07\/Coldenhoff-259-MC-450F-DSC_3302-50x50.jpg 50w, https:\/\/fr.motocrossmag.be\/wp-content\/uploads\/2020\/07\/Coldenhoff-259-MC-450F-DSC_3302-150x150.jpg 150w, https:\/\/fr.motocrossmag.be\/wp-content\/uploads\/2020\/07\/Coldenhoff-259-MC-450F-DSC_3302-45x45.jpg 45w\" sizes=\"(max-width: 250px) 100vw, 250px\" \/><\/a>\n\t\t\t<\/div><\/figure><figure class='gallery-item'>\n\t\t\t<div class='gallery-icon landscape'>\n\t\t\t\t<a href='https:\/\/fr.motocrossmag.be\/coldenhoff-259-mc-450f-dsc_3300\/'><img decoding=\"async\" width=\"250\" height=\"250\" src=\"https:\/\/fr.motocrossmag.be\/wp-content\/uploads\/2020\/07\/Coldenhoff-259-MC-450F-DSC_3300-250x250.jpg\" class=\"attachment-thumbnail size-thumbnail\" alt=\"\" srcset=\"https:\/\/fr.motocrossmag.be\/wp-content\/uploads\/2020\/07\/Coldenhoff-259-MC-450F-DSC_3300-250x250.jpg 250w, https:\/\/fr.motocrossmag.be\/wp-content\/uploads\/2020\/07\/Coldenhoff-259-MC-450F-DSC_3300-50x50.jpg 50w, https:\/\/fr.motocrossmag.be\/wp-content\/uploads\/2020\/07\/Coldenhoff-259-MC-450F-DSC_3300-150x150.jpg 150w, https:\/\/fr.motocrossmag.be\/wp-content\/uploads\/2020\/07\/Coldenhoff-259-MC-450F-DSC_3300-45x45.jpg 45w\" sizes=\"(max-width: 250px) 100vw, 250px\" \/><\/a>\n\t\t\t<\/div><\/figure><figure class='gallery-item'>\n\t\t\t<div class='gallery-icon landscape'>\n\t\t\t\t<a href='https:\/\/fr.motocrossmag.be\/coldenhoff-259-mc-450f-dsc_2333\/'><img decoding=\"async\" width=\"250\" height=\"250\" src=\"https:\/\/fr.motocrossmag.be\/wp-content\/uploads\/2020\/07\/Coldenhoff-259-MC-450F-DSC_2333-250x250.jpg\" class=\"attachment-thumbnail size-thumbnail\" alt=\"\" srcset=\"https:\/\/fr.motocrossmag.be\/wp-content\/uploads\/2020\/07\/Coldenhoff-259-MC-450F-DSC_2333-250x250.jpg 250w, https:\/\/fr.motocrossmag.be\/wp-content\/uploads\/2020\/07\/Coldenhoff-259-MC-450F-DSC_2333-50x50.jpg 50w, https:\/\/fr.motocrossmag.be\/wp-content\/uploads\/2020\/07\/Coldenhoff-259-MC-450F-DSC_2333-150x150.jpg 150w, https:\/\/fr.motocrossmag.be\/wp-content\/uploads\/2020\/07\/Coldenhoff-259-MC-450F-DSC_2333-45x45.jpg 45w\" sizes=\"(max-width: 250px) 100vw, 250px\" \/><\/a>\n\t\t\t<\/div><\/figure><figure class='gallery-item'>\n\t\t\t<div class='gallery-icon landscape'>\n\t\t\t\t<a href='https:\/\/fr.motocrossmag.be\/coldenhoff-259-mc-450f-dsc_2224\/'><img decoding=\"async\" width=\"250\" height=\"250\" src=\"https:\/\/fr.motocrossmag.be\/wp-content\/uploads\/2020\/07\/Coldenhoff-259-MC-450F-DSC_2224-250x250.jpg\" class=\"attachment-thumbnail size-thumbnail\" alt=\"\" srcset=\"https:\/\/fr.motocrossmag.be\/wp-content\/uploads\/2020\/07\/Coldenhoff-259-MC-450F-DSC_2224-250x250.jpg 250w, https:\/\/fr.motocrossmag.be\/wp-content\/uploads\/2020\/07\/Coldenhoff-259-MC-450F-DSC_2224-50x50.jpg 50w, https:\/\/fr.motocrossmag.be\/wp-content\/uploads\/2020\/07\/Coldenhoff-259-MC-450F-DSC_2224-150x150.jpg 150w, https:\/\/fr.motocrossmag.be\/wp-content\/uploads\/2020\/07\/Coldenhoff-259-MC-450F-DSC_2224-45x45.jpg 45w\" sizes=\"(max-width: 250px) 100vw, 250px\" \/><\/a>\n\t\t\t<\/div><\/figure><figure class='gallery-item'>\n\t\t\t<div class='gallery-icon portrait'>\n\t\t\t\t<a href='https:\/\/fr.motocrossmag.be\/coldenhoff-259-mc-450f-dsc_2201\/'><img decoding=\"async\" width=\"250\" height=\"250\" src=\"https:\/\/fr.motocrossmag.be\/wp-content\/uploads\/2020\/07\/Coldenhoff-259-MC-450F-DSC_2201-250x250.jpg\" class=\"attachment-thumbnail size-thumbnail\" alt=\"\" srcset=\"https:\/\/fr.motocrossmag.be\/wp-content\/uploads\/2020\/07\/Coldenhoff-259-MC-450F-DSC_2201-250x250.jpg 250w, https:\/\/fr.motocrossmag.be\/wp-content\/uploads\/2020\/07\/Coldenhoff-259-MC-450F-DSC_2201-50x50.jpg 50w, https:\/\/fr.motocrossmag.be\/wp-content\/uploads\/2020\/07\/Coldenhoff-259-MC-450F-DSC_2201-150x150.jpg 150w, https:\/\/fr.motocrossmag.be\/wp-content\/uploads\/2020\/07\/Coldenhoff-259-MC-450F-DSC_2201-45x45.jpg 45w\" sizes=\"(max-width: 250px) 100vw, 250px\" \/><\/a>\n\t\t\t<\/div><\/figure><figure class='gallery-item'>\n\t\t\t<div class='gallery-icon portrait'>\n\t\t\t\t<a href='https:\/\/fr.motocrossmag.be\/coldenhoff-259-mc-450f-dsc_2198\/'><img decoding=\"async\" width=\"250\" height=\"250\" src=\"https:\/\/fr.motocrossmag.be\/wp-content\/uploads\/2020\/07\/Coldenhoff-259-MC-450F-DSC_2198-250x250.jpg\" class=\"attachment-thumbnail size-thumbnail\" alt=\"\" srcset=\"https:\/\/fr.motocrossmag.be\/wp-content\/uploads\/2020\/07\/Coldenhoff-259-MC-450F-DSC_2198-250x250.jpg 250w, https:\/\/fr.motocrossmag.be\/wp-content\/uploads\/2020\/07\/Coldenhoff-259-MC-450F-DSC_2198-50x50.jpg 50w, https:\/\/fr.motocrossmag.be\/wp-content\/uploads\/2020\/07\/Coldenhoff-259-MC-450F-DSC_2198-150x150.jpg 150w, https:\/\/fr.motocrossmag.be\/wp-content\/uploads\/2020\/07\/Coldenhoff-259-MC-450F-DSC_2198-45x45.jpg 45w\" sizes=\"(max-width: 250px) 100vw, 250px\" \/><\/a>\n\t\t\t<\/div><\/figure><figure class='gallery-item'>\n\t\t\t<div class='gallery-icon landscape'>\n\t\t\t\t<a href='https:\/\/fr.motocrossmag.be\/coldenhoff-259-mc-450f-dsc_2176\/'><img decoding=\"async\" width=\"250\" height=\"250\" src=\"https:\/\/fr.motocrossmag.be\/wp-content\/uploads\/2020\/07\/Coldenhoff-259-MC-450F-DSC_2176-250x250.jpg\" class=\"attachment-thumbnail size-thumbnail\" alt=\"\" srcset=\"https:\/\/fr.motocrossmag.be\/wp-content\/uploads\/2020\/07\/Coldenhoff-259-MC-450F-DSC_2176-250x250.jpg 250w, https:\/\/fr.motocrossmag.be\/wp-content\/uploads\/2020\/07\/Coldenhoff-259-MC-450F-DSC_2176-50x50.jpg 50w, https:\/\/fr.motocrossmag.be\/wp-content\/uploads\/2020\/07\/Coldenhoff-259-MC-450F-DSC_2176-150x150.jpg 150w, https:\/\/fr.motocrossmag.be\/wp-content\/uploads\/2020\/07\/Coldenhoff-259-MC-450F-DSC_2176-45x45.jpg 45w\" sizes=\"(max-width: 250px) 100vw, 250px\" \/><\/a>\n\t\t\t<\/div><\/figure><figure class='gallery-item'>\n\t\t\t<div class='gallery-icon landscape'>\n\t\t\t\t<a href='https:\/\/fr.motocrossmag.be\/coldenhoff-259-mc-450f-dsc_2132\/'><img decoding=\"async\" width=\"250\" height=\"250\" src=\"https:\/\/fr.motocrossmag.be\/wp-content\/uploads\/2020\/07\/Coldenhoff-259-MC-450F-DSC_2132-250x250.jpg\" class=\"attachment-thumbnail size-thumbnail\" alt=\"\" srcset=\"https:\/\/fr.motocrossmag.be\/wp-content\/uploads\/2020\/07\/Coldenhoff-259-MC-450F-DSC_2132-250x250.jpg 250w, https:\/\/fr.motocrossmag.be\/wp-content\/uploads\/2020\/07\/Coldenhoff-259-MC-450F-DSC_2132-50x50.jpg 50w, https:\/\/fr.motocrossmag.be\/wp-content\/uploads\/2020\/07\/Coldenhoff-259-MC-450F-DSC_2132-150x150.jpg 150w, https:\/\/fr.motocrossmag.be\/wp-content\/uploads\/2020\/07\/Coldenhoff-259-MC-450F-DSC_2132-45x45.jpg 45w\" sizes=\"(max-width: 250px) 100vw, 250px\" \/><\/a>\n\t\t\t<\/div><\/figure><figure class='gallery-item'>\n\t\t\t<div class='gallery-icon portrait'>\n\t\t\t\t<a href='https:\/\/fr.motocrossmag.be\/coldenhoff-259-mc-450f-dsc_1865\/'><img decoding=\"async\" width=\"250\" height=\"250\" src=\"https:\/\/fr.motocrossmag.be\/wp-content\/uploads\/2020\/07\/Coldenhoff-259-MC-450F-DSC_1865-250x250.jpg\" class=\"attachment-thumbnail size-thumbnail\" alt=\"\" srcset=\"https:\/\/fr.motocrossmag.be\/wp-content\/uploads\/2020\/07\/Coldenhoff-259-MC-450F-DSC_1865-250x250.jpg 250w, https:\/\/fr.motocrossmag.be\/wp-content\/uploads\/2020\/07\/Coldenhoff-259-MC-450F-DSC_1865-50x50.jpg 50w, https:\/\/fr.motocrossmag.be\/wp-content\/uploads\/2020\/07\/Coldenhoff-259-MC-450F-DSC_1865-150x150.jpg 150w, https:\/\/fr.motocrossmag.be\/wp-content\/uploads\/2020\/07\/Coldenhoff-259-MC-450F-DSC_1865-45x45.jpg 45w\" sizes=\"(max-width: 250px) 100vw, 250px\" \/><\/a>\n\t\t\t<\/div><\/figure><figure class='gallery-item'>\n\t\t\t<div class='gallery-icon landscape'>\n\t\t\t\t<a href='https:\/\/fr.motocrossmag.be\/coldenhoff-259-mc-450f-dsc_1946\/'><img decoding=\"async\" width=\"250\" height=\"250\" src=\"https:\/\/fr.motocrossmag.be\/wp-content\/uploads\/2020\/07\/Coldenhoff-259-MC-450F-DSC_1946-250x250.jpg\" class=\"attachment-thumbnail size-thumbnail\" alt=\"\" srcset=\"https:\/\/fr.motocrossmag.be\/wp-content\/uploads\/2020\/07\/Coldenhoff-259-MC-450F-DSC_1946-250x250.jpg 250w, https:\/\/fr.motocrossmag.be\/wp-content\/uploads\/2020\/07\/Coldenhoff-259-MC-450F-DSC_1946-50x50.jpg 50w, https:\/\/fr.motocrossmag.be\/wp-content\/uploads\/2020\/07\/Coldenhoff-259-MC-450F-DSC_1946-150x150.jpg 150w, https:\/\/fr.motocrossmag.be\/wp-content\/uploads\/2020\/07\/Coldenhoff-259-MC-450F-DSC_1946-45x45.jpg 45w\" sizes=\"(max-width: 250px) 100vw, 250px\" \/><\/a>\n\t\t\t<\/div><\/figure><figure class='gallery-item'>\n\t\t\t<div class='gallery-icon landscape'>\n\t\t\t\t<a href='https:\/\/fr.motocrossmag.be\/coldenhoff-259-mc-450f-dsc_1765\/'><img decoding=\"async\" width=\"250\" height=\"250\" src=\"https:\/\/fr.motocrossmag.be\/wp-content\/uploads\/2020\/07\/Coldenhoff-259-MC-450F-DSC_1765-250x250.jpg\" class=\"attachment-thumbnail size-thumbnail\" alt=\"\" srcset=\"https:\/\/fr.motocrossmag.be\/wp-content\/uploads\/2020\/07\/Coldenhoff-259-MC-450F-DSC_1765-250x250.jpg 250w, https:\/\/fr.motocrossmag.be\/wp-content\/uploads\/2020\/07\/Coldenhoff-259-MC-450F-DSC_1765-50x50.jpg 50w, https:\/\/fr.motocrossmag.be\/wp-content\/uploads\/2020\/07\/Coldenhoff-259-MC-450F-DSC_1765-150x150.jpg 150w, https:\/\/fr.motocrossmag.be\/wp-content\/uploads\/2020\/07\/Coldenhoff-259-MC-450F-DSC_1765-45x45.jpg 45w\" sizes=\"(max-width: 250px) 100vw, 250px\" \/><\/a>\n\t\t\t<\/div><\/figure><figure class='gallery-item'>\n\t\t\t<div class='gallery-icon portrait'>\n\t\t\t\t<a href='https:\/\/fr.motocrossmag.be\/coldenhoff-259-mc-450f-dsc_1664\/'><img decoding=\"async\" width=\"250\" height=\"250\" src=\"https:\/\/fr.motocrossmag.be\/wp-content\/uploads\/2020\/07\/Coldenhoff-259-MC-450F-DSC_1664-250x250.jpg\" class=\"attachment-thumbnail size-thumbnail\" alt=\"\" srcset=\"https:\/\/fr.motocrossmag.be\/wp-content\/uploads\/2020\/07\/Coldenhoff-259-MC-450F-DSC_1664-250x250.jpg 250w, https:\/\/fr.motocrossmag.be\/wp-content\/uploads\/2020\/07\/Coldenhoff-259-MC-450F-DSC_1664-50x50.jpg 50w, https:\/\/fr.motocrossmag.be\/wp-content\/uploads\/2020\/07\/Coldenhoff-259-MC-450F-DSC_1664-150x150.jpg 150w, https:\/\/fr.motocrossmag.be\/wp-content\/uploads\/2020\/07\/Coldenhoff-259-MC-450F-DSC_1664-45x45.jpg 45w\" sizes=\"(max-width: 250px) 100vw, 250px\" \/><\/a>\n\t\t\t<\/div><\/figure><figure class='gallery-item'>\n\t\t\t<div class='gallery-icon landscape'>\n\t\t\t\t<a href='https:\/\/fr.motocrossmag.be\/coldenhoff-259-mc-450f-dsc_1693\/'><img decoding=\"async\" width=\"250\" height=\"250\" src=\"https:\/\/fr.motocrossmag.be\/wp-content\/uploads\/2020\/07\/Coldenhoff-259-MC-450F-DSC_1693-250x250.jpg\" class=\"attachment-thumbnail size-thumbnail\" alt=\"\" srcset=\"https:\/\/fr.motocrossmag.be\/wp-content\/uploads\/2020\/07\/Coldenhoff-259-MC-450F-DSC_1693-250x250.jpg 250w, https:\/\/fr.motocrossmag.be\/wp-content\/uploads\/2020\/07\/Coldenhoff-259-MC-450F-DSC_1693-50x50.jpg 50w, https:\/\/fr.motocrossmag.be\/wp-content\/uploads\/2020\/07\/Coldenhoff-259-MC-450F-DSC_1693-150x150.jpg 150w, https:\/\/fr.motocrossmag.be\/wp-content\/uploads\/2020\/07\/Coldenhoff-259-MC-450F-DSC_1693-45x45.jpg 45w\" sizes=\"(max-width: 250px) 100vw, 250px\" \/><\/a>\n\t\t\t<\/div><\/figure><figure class='gallery-item'>\n\t\t\t<div class='gallery-icon landscape'>\n\t\t\t\t<a href='https:\/\/fr.motocrossmag.be\/coldenhoff-259-mc-450f-dsc_1587\/'><img decoding=\"async\" width=\"250\" height=\"250\" src=\"https:\/\/fr.motocrossmag.be\/wp-content\/uploads\/2020\/07\/Coldenhoff-259-MC-450F-DSC_1587-250x250.jpg\" class=\"attachment-thumbnail size-thumbnail\" alt=\"\" srcset=\"https:\/\/fr.motocrossmag.be\/wp-content\/uploads\/2020\/07\/Coldenhoff-259-MC-450F-DSC_1587-250x250.jpg 250w, https:\/\/fr.motocrossmag.be\/wp-content\/uploads\/2020\/07\/Coldenhoff-259-MC-450F-DSC_1587-50x50.jpg 50w, https:\/\/fr.motocrossmag.be\/wp-content\/uploads\/2020\/07\/Coldenhoff-259-MC-450F-DSC_1587-150x150.jpg 150w, https:\/\/fr.motocrossmag.be\/wp-content\/uploads\/2020\/07\/Coldenhoff-259-MC-450F-DSC_1587-45x45.jpg 45w\" sizes=\"(max-width: 250px) 100vw, 250px\" \/><\/a>\n\t\t\t<\/div><\/figure><figure class='gallery-item'>\n\t\t\t<div class='gallery-icon landscape'>\n\t\t\t\t<a href='https:\/\/fr.motocrossmag.be\/coldenhoff-259-mc-450f-dsc_1559\/'><img decoding=\"async\" width=\"250\" height=\"250\" src=\"https:\/\/fr.motocrossmag.be\/wp-content\/uploads\/2020\/07\/Coldenhoff-259-MC-450F-DSC_1559-250x250.jpg\" class=\"attachment-thumbnail size-thumbnail\" alt=\"\" srcset=\"https:\/\/fr.motocrossmag.be\/wp-content\/uploads\/2020\/07\/Coldenhoff-259-MC-450F-DSC_1559-250x250.jpg 250w, https:\/\/fr.motocrossmag.be\/wp-content\/uploads\/2020\/07\/Coldenhoff-259-MC-450F-DSC_1559-50x50.jpg 50w, https:\/\/fr.motocrossmag.be\/wp-content\/uploads\/2020\/07\/Coldenhoff-259-MC-450F-DSC_1559-150x150.jpg 150w, https:\/\/fr.motocrossmag.be\/wp-content\/uploads\/2020\/07\/Coldenhoff-259-MC-450F-DSC_1559-45x45.jpg 45w\" sizes=\"(max-width: 250px) 100vw, 250px\" \/><\/a>\n\t\t\t<\/div><\/figure><figure class='gallery-item'>\n\t\t\t<div class='gallery-icon landscape'>\n\t\t\t\t<a href='https:\/\/fr.motocrossmag.be\/coldenhoff-259-mc-450f-dsc_1532\/'><img decoding=\"async\" width=\"250\" height=\"250\" src=\"https:\/\/fr.motocrossmag.be\/wp-content\/uploads\/2020\/07\/Coldenhoff-259-MC-450F-DSC_1532-250x250.jpg\" class=\"attachment-thumbnail size-thumbnail\" alt=\"\" srcset=\"https:\/\/fr.motocrossmag.be\/wp-content\/uploads\/2020\/07\/Coldenhoff-259-MC-450F-DSC_1532-250x250.jpg 250w, https:\/\/fr.motocrossmag.be\/wp-content\/uploads\/2020\/07\/Coldenhoff-259-MC-450F-DSC_1532-50x50.jpg 50w, https:\/\/fr.motocrossmag.be\/wp-content\/uploads\/2020\/07\/Coldenhoff-259-MC-450F-DSC_1532-150x150.jpg 150w, https:\/\/fr.motocrossmag.be\/wp-content\/uploads\/2020\/07\/Coldenhoff-259-MC-450F-DSC_1532-45x45.jpg 45w\" sizes=\"(max-width: 250px) 100vw, 250px\" \/><\/a>\n\t\t\t<\/div><\/figure><figure class='gallery-item'>\n\t\t\t<div class='gallery-icon landscape'>\n\t\t\t\t<a href='https:\/\/fr.motocrossmag.be\/coldenhoff-259-mc-450f-dsc_1473\/'><img decoding=\"async\" width=\"250\" height=\"250\" src=\"https:\/\/fr.motocrossmag.be\/wp-content\/uploads\/2020\/07\/Coldenhoff-259-MC-450F-DSC_1473-250x250.jpg\" class=\"attachment-thumbnail size-thumbnail\" alt=\"\" srcset=\"https:\/\/fr.motocrossmag.be\/wp-content\/uploads\/2020\/07\/Coldenhoff-259-MC-450F-DSC_1473-250x250.jpg 250w, https:\/\/fr.motocrossmag.be\/wp-content\/uploads\/2020\/07\/Coldenhoff-259-MC-450F-DSC_1473-50x50.jpg 50w, https:\/\/fr.motocrossmag.be\/wp-content\/uploads\/2020\/07\/Coldenhoff-259-MC-450F-DSC_1473-150x150.jpg 150w, https:\/\/fr.motocrossmag.be\/wp-content\/uploads\/2020\/07\/Coldenhoff-259-MC-450F-DSC_1473-45x45.jpg 45w\" sizes=\"(max-width: 250px) 100vw, 250px\" \/><\/a>\n\t\t\t<\/div><\/figure><figure class='gallery-item'>\n\t\t\t<div class='gallery-icon landscape'>\n\t\t\t\t<a href='https:\/\/fr.motocrossmag.be\/coldenhoff-259-mc-450f-dsc_1087\/'><img decoding=\"async\" width=\"250\" height=\"250\" src=\"https:\/\/fr.motocrossmag.be\/wp-content\/uploads\/2020\/07\/Coldenhoff-259-MC-450F-DSC_1087-250x250.jpg\" class=\"attachment-thumbnail size-thumbnail\" alt=\"\" srcset=\"https:\/\/fr.motocrossmag.be\/wp-content\/uploads\/2020\/07\/Coldenhoff-259-MC-450F-DSC_1087-250x250.jpg 250w, https:\/\/fr.motocrossmag.be\/wp-content\/uploads\/2020\/07\/Coldenhoff-259-MC-450F-DSC_1087-50x50.jpg 50w, https:\/\/fr.motocrossmag.be\/wp-content\/uploads\/2020\/07\/Coldenhoff-259-MC-450F-DSC_1087-150x150.jpg 150w, https:\/\/fr.motocrossmag.be\/wp-content\/uploads\/2020\/07\/Coldenhoff-259-MC-450F-DSC_1087-45x45.jpg 45w\" sizes=\"(max-width: 250px) 100vw, 250px\" \/><\/a>\n\t\t\t<\/div><\/figure><figure class='gallery-item'>\n\t\t\t<div class='gallery-icon landscape'>\n\t\t\t\t<a href='https:\/\/fr.motocrossmag.be\/coldenhoff-259-mc-450f-dsc_1081\/'><img decoding=\"async\" width=\"250\" height=\"250\" src=\"https:\/\/fr.motocrossmag.be\/wp-content\/uploads\/2020\/07\/Coldenhoff-259-MC-450F-DSC_1081-250x250.jpg\" class=\"attachment-thumbnail size-thumbnail\" alt=\"\" srcset=\"https:\/\/fr.motocrossmag.be\/wp-content\/uploads\/2020\/07\/Coldenhoff-259-MC-450F-DSC_1081-250x250.jpg 250w, https:\/\/fr.motocrossmag.be\/wp-content\/uploads\/2020\/07\/Coldenhoff-259-MC-450F-DSC_1081-50x50.jpg 50w, https:\/\/fr.motocrossmag.be\/wp-content\/uploads\/2020\/07\/Coldenhoff-259-MC-450F-DSC_1081-150x150.jpg 150w, https:\/\/fr.motocrossmag.be\/wp-content\/uploads\/2020\/07\/Coldenhoff-259-MC-450F-DSC_1081-45x45.jpg 45w\" sizes=\"(max-width: 250px) 100vw, 250px\" \/><\/a>\n\t\t\t<\/div><\/figure><figure class='gallery-item'>\n\t\t\t<div class='gallery-icon landscape'>\n\t\t\t\t<a href='https:\/\/fr.motocrossmag.be\/coldenhoff-259-mc-450f-dsc_1047\/'><img decoding=\"async\" width=\"250\" height=\"250\" src=\"https:\/\/fr.motocrossmag.be\/wp-content\/uploads\/2020\/07\/Coldenhoff-259-MC-450F-DSC_1047-250x250.jpg\" class=\"attachment-thumbnail size-thumbnail\" alt=\"\" srcset=\"https:\/\/fr.motocrossmag.be\/wp-content\/uploads\/2020\/07\/Coldenhoff-259-MC-450F-DSC_1047-250x250.jpg 250w, https:\/\/fr.motocrossmag.be\/wp-content\/uploads\/2020\/07\/Coldenhoff-259-MC-450F-DSC_1047-50x50.jpg 50w, https:\/\/fr.motocrossmag.be\/wp-content\/uploads\/2020\/07\/Coldenhoff-259-MC-450F-DSC_1047-150x150.jpg 150w, https:\/\/fr.motocrossmag.be\/wp-content\/uploads\/2020\/07\/Coldenhoff-259-MC-450F-DSC_1047-45x45.jpg 45w\" sizes=\"(max-width: 250px) 100vw, 250px\" \/><\/a>\n\t\t\t<\/div><\/figure><figure class='gallery-item'>\n\t\t\t<div class='gallery-icon landscape'>\n\t\t\t\t<a href='https:\/\/fr.motocrossmag.be\/coldenhoff-259-mc-450f-dsc_1045\/'><img decoding=\"async\" width=\"250\" height=\"250\" src=\"https:\/\/fr.motocrossmag.be\/wp-content\/uploads\/2020\/07\/Coldenhoff-259-MC-450F-DSC_1045-250x250.jpg\" class=\"attachment-thumbnail size-thumbnail\" alt=\"\" srcset=\"https:\/\/fr.motocrossmag.be\/wp-content\/uploads\/2020\/07\/Coldenhoff-259-MC-450F-DSC_1045-250x250.jpg 250w, https:\/\/fr.motocrossmag.be\/wp-content\/uploads\/2020\/07\/Coldenhoff-259-MC-450F-DSC_1045-50x50.jpg 50w, https:\/\/fr.motocrossmag.be\/wp-content\/uploads\/2020\/07\/Coldenhoff-259-MC-450F-DSC_1045-150x150.jpg 150w, https:\/\/fr.motocrossmag.be\/wp-content\/uploads\/2020\/07\/Coldenhoff-259-MC-450F-DSC_1045-45x45.jpg 45w\" sizes=\"(max-width: 250px) 100vw, 250px\" \/><\/a>\n\t\t\t<\/div><\/figure><figure class='gallery-item'>\n\t\t\t<div class='gallery-icon landscape'>\n\t\t\t\t<a href='https:\/\/fr.motocrossmag.be\/coldenhoff-259-mc-450f-dsc_1032\/'><img decoding=\"async\" width=\"250\" height=\"250\" src=\"https:\/\/fr.motocrossmag.be\/wp-content\/uploads\/2020\/07\/Coldenhoff-259-MC-450F-DSC_1032-250x250.jpg\" class=\"attachment-thumbnail size-thumbnail\" alt=\"\" srcset=\"https:\/\/fr.motocrossmag.be\/wp-content\/uploads\/2020\/07\/Coldenhoff-259-MC-450F-DSC_1032-250x250.jpg 250w, https:\/\/fr.motocrossmag.be\/wp-content\/uploads\/2020\/07\/Coldenhoff-259-MC-450F-DSC_1032-50x50.jpg 50w, https:\/\/fr.motocrossmag.be\/wp-content\/uploads\/2020\/07\/Coldenhoff-259-MC-450F-DSC_1032-150x150.jpg 150w, https:\/\/fr.motocrossmag.be\/wp-content\/uploads\/2020\/07\/Coldenhoff-259-MC-450F-DSC_1032-45x45.jpg 45w\" sizes=\"(max-width: 250px) 100vw, 250px\" \/><\/a>\n\t\t\t<\/div><\/figure><figure class='gallery-item'>\n\t\t\t<div class='gallery-icon landscape'>\n\t\t\t\t<a href='https:\/\/fr.motocrossmag.be\/coldenhoff-259-mc-450f-dsc_1020\/'><img decoding=\"async\" width=\"250\" height=\"250\" src=\"https:\/\/fr.motocrossmag.be\/wp-content\/uploads\/2020\/07\/Coldenhoff-259-MC-450F-DSC_1020-250x250.jpg\" class=\"attachment-thumbnail size-thumbnail\" alt=\"\" srcset=\"https:\/\/fr.motocrossmag.be\/wp-content\/uploads\/2020\/07\/Coldenhoff-259-MC-450F-DSC_1020-250x250.jpg 250w, https:\/\/fr.motocrossmag.be\/wp-content\/uploads\/2020\/07\/Coldenhoff-259-MC-450F-DSC_1020-50x50.jpg 50w, https:\/\/fr.motocrossmag.be\/wp-content\/uploads\/2020\/07\/Coldenhoff-259-MC-450F-DSC_1020-150x150.jpg 150w, https:\/\/fr.motocrossmag.be\/wp-content\/uploads\/2020\/07\/Coldenhoff-259-MC-450F-DSC_1020-45x45.jpg 45w\" sizes=\"(max-width: 250px) 100vw, 250px\" \/><\/a>\n\t\t\t<\/div><\/figure><figure class='gallery-item'>\n\t\t\t<div class='gallery-icon landscape'>\n\t\t\t\t<a href='https:\/\/fr.motocrossmag.be\/coldenhoff-259-mc-450f-dsc_1019\/'><img decoding=\"async\" width=\"250\" height=\"250\" src=\"https:\/\/fr.motocrossmag.be\/wp-content\/uploads\/2020\/07\/Coldenhoff-259-MC-450F-DSC_1019-250x250.jpg\" class=\"attachment-thumbnail size-thumbnail\" alt=\"\" srcset=\"https:\/\/fr.motocrossmag.be\/wp-content\/uploads\/2020\/07\/Coldenhoff-259-MC-450F-DSC_1019-250x250.jpg 250w, https:\/\/fr.motocrossmag.be\/wp-content\/uploads\/2020\/07\/Coldenhoff-259-MC-450F-DSC_1019-50x50.jpg 50w, https:\/\/fr.motocrossmag.be\/wp-content\/uploads\/2020\/07\/Coldenhoff-259-MC-450F-DSC_1019-150x150.jpg 150w, https:\/\/fr.motocrossmag.be\/wp-content\/uploads\/2020\/07\/Coldenhoff-259-MC-450F-DSC_1019-45x45.jpg 45w\" sizes=\"(max-width: 250px) 100vw, 250px\" \/><\/a>\n\t\t\t<\/div><\/figure>\n\t\t<\/div>\n\n","protected":false},"excerpt":{"rendered":"<p>Alors que l&rsquo;on se pr\u00e9pare \u00e0 reprendre le chemin des circuits dans les ateliers des teams engag\u00e9s sur le championnat du monde MXGP, GasGas pr\u00e9sente les premi\u00e8res images de ses nouvelles MC450F et MC250F officielles. Glenn Coldenhoff et ses co\u00e9quipiers \u00e9trenneront ces nouvelles machines \u00ab\u00a0factory\u00a0\u00bb \u00e0 l&rsquo;occasion de l&rsquo;\u00e9preuve internationale d&rsquo;Arnhem, en Hollande, le 26 [&hellip;]<\/p>\n","protected":false},"author":932,"featured_media":104334,"comment_status":"open","ping_status":"closed","sticky":false,"template":"","format":"standard","meta":{"tdm_status":"","tdm_grid_status":"","footnotes":""},"categories":[54,4,6,5,55,65],"tags":[1190,83,947,568],"class_list":["post-104328","post","type-post","status-publish","format-standard","has-post-thumbnail","category-actualite","category-motocross","category-mx1mx2","category-news","category-news-actualite","category-slideshow","tag-gasgas","tag-glenn-coldenhoff","tag-motocross","tag-mxgp"],"yoast_head":"<!-- This site is optimized with the Yoast SEO plugin v28.3 - https:\/\/yoast.com\/product\/yoast-seo-wordpress\/ -->\n<title>Photos : les nouvelles GasGas factory - Motocross - Enduro - Supermoto | MotocrossMag<\/title>\n<meta name=\"robots\" content=\"index, follow, max-snippet:-1, max-image-preview:large, max-video-preview:-1\" \/>\n<link rel=\"canonical\" href=\"https:\/\/fr.motocrossmag.be\/index.php\/2020\/07\/photos-les-nouvelles-gasgas-factory\/\" \/>\n<meta property=\"og:locale\" content=\"fr_FR\" \/>\n<meta property=\"og:type\" content=\"article\" \/>\n<meta property=\"og:title\" content=\"Photos : les nouvelles GasGas factory - Motocross - Enduro - Supermoto | MotocrossMag\" \/>\n<meta property=\"og:description\" content=\"Alors que l&rsquo;on se pr\u00e9pare \u00e0 reprendre le chemin des circuits dans les ateliers des teams engag\u00e9s sur le championnat du monde MXGP, GasGas pr\u00e9sente les premi\u00e8res images de ses nouvelles MC450F et MC250F officielles. Glenn Coldenhoff et ses co\u00e9quipiers \u00e9trenneront ces nouvelles machines \u00ab\u00a0factory\u00a0\u00bb \u00e0 l&rsquo;occasion de l&rsquo;\u00e9preuve internationale d&rsquo;Arnhem, en Hollande, le 26 [&hellip;]\" \/>\n<meta property=\"og:url\" content=\"https:\/\/fr.motocrossmag.be\/index.php\/2020\/07\/photos-les-nouvelles-gasgas-factory\/\" \/>\n<meta property=\"og:site_name\" content=\"Motocross - Enduro - Supermoto | MotocrossMag\" \/>\n<meta property=\"article:published_time\" content=\"2020-07-15T12:51:39+00:00\" \/>\n<meta property=\"og:image\" content=\"https:\/\/fr.motocrossmag.be\/wp-content\/uploads\/2020\/07\/GASGAS-MC-250F-DSC_0868.jpg\" \/>\n\t<meta property=\"og:image:width\" content=\"1000\" \/>\n\t<meta property=\"og:image:height\" content=\"666\" \/>\n\t<meta property=\"og:image:type\" content=\"image\/jpeg\" \/>\n<meta name=\"author\" content=\"oliviere\" \/>\n<meta name=\"twitter:card\" content=\"summary_large_image\" \/>\n<meta name=\"twitter:label1\" content=\"\u00c9crit par\" \/>\n\t<meta name=\"twitter:data1\" content=\"oliviere\" \/>\n<script type=\"application\/ld+json\" class=\"yoast-schema-graph\">{\"@context\":\"https:\\\/\\\/schema.org\",\"@graph\":[{\"@type\":\"Article\",\"@id\":\"https:\\\/\\\/fr.motocrossmag.be\\\/index.php\\\/2020\\\/07\\\/photos-les-nouvelles-gasgas-factory\\\/#article\",\"isPartOf\":{\"@id\":\"https:\\\/\\\/fr.motocrossmag.be\\\/index.php\\\/2020\\\/07\\\/photos-les-nouvelles-gasgas-factory\\\/\"},\"author\":{\"name\":\"oliviere\",\"@id\":\"https:\\\/\\\/fr.motocrossmag.be\\\/#\\\/schema\\\/person\\\/11b47143d9f755babca2c9110e03235c\"},\"headline\":\"Photos : les nouvelles GasGas factory\",\"datePublished\":\"2020-07-15T12:51:39+00:00\",\"mainEntityOfPage\":{\"@id\":\"https:\\\/\\\/fr.motocrossmag.be\\\/index.php\\\/2020\\\/07\\\/photos-les-nouvelles-gasgas-factory\\\/\"},\"wordCount\":75,\"commentCount\":0,\"image\":{\"@id\":\"https:\\\/\\\/fr.motocrossmag.be\\\/index.php\\\/2020\\\/07\\\/photos-les-nouvelles-gasgas-factory\\\/#primaryimage\"},\"thumbnailUrl\":\"https:\\\/\\\/fr.motocrossmag.be\\\/wp-content\\\/uploads\\\/2020\\\/07\\\/GASGAS-MC-250F-DSC_0868.jpg\",\"keywords\":[\"gasgas\",\"Glenn Coldenhoff\",\"Motocross\",\"MXGP\"],\"articleSection\":[\"Actualit\u00e9\",\"Motocross\",\"Motocross MXGP\",\"News\",\"News\",\"Slideshow\"],\"inLanguage\":\"fr-FR\",\"potentialAction\":[{\"@type\":\"CommentAction\",\"name\":\"Comment\",\"target\":[\"https:\\\/\\\/fr.motocrossmag.be\\\/index.php\\\/2020\\\/07\\\/photos-les-nouvelles-gasgas-factory\\\/#respond\"]}]},{\"@type\":\"WebPage\",\"@id\":\"https:\\\/\\\/fr.motocrossmag.be\\\/index.php\\\/2020\\\/07\\\/photos-les-nouvelles-gasgas-factory\\\/\",\"url\":\"https:\\\/\\\/fr.motocrossmag.be\\\/index.php\\\/2020\\\/07\\\/photos-les-nouvelles-gasgas-factory\\\/\",\"name\":\"Photos : les nouvelles GasGas factory - Motocross - Enduro - Supermoto | MotocrossMag\",\"isPartOf\":{\"@id\":\"https:\\\/\\\/fr.motocrossmag.be\\\/#website\"},\"primaryImageOfPage\":{\"@id\":\"https:\\\/\\\/fr.motocrossmag.be\\\/index.php\\\/2020\\\/07\\\/photos-les-nouvelles-gasgas-factory\\\/#primaryimage\"},\"image\":{\"@id\":\"https:\\\/\\\/fr.motocrossmag.be\\\/index.php\\\/2020\\\/07\\\/photos-les-nouvelles-gasgas-factory\\\/#primaryimage\"},\"thumbnailUrl\":\"https:\\\/\\\/fr.motocrossmag.be\\\/wp-content\\\/uploads\\\/2020\\\/07\\\/GASGAS-MC-250F-DSC_0868.jpg\",\"datePublished\":\"2020-07-15T12:51:39+00:00\",\"author\":{\"@id\":\"https:\\\/\\\/fr.motocrossmag.be\\\/#\\\/schema\\\/person\\\/11b47143d9f755babca2c9110e03235c\"},\"breadcrumb\":{\"@id\":\"https:\\\/\\\/fr.motocrossmag.be\\\/index.php\\\/2020\\\/07\\\/photos-les-nouvelles-gasgas-factory\\\/#breadcrumb\"},\"inLanguage\":\"fr-FR\",\"potentialAction\":[{\"@type\":\"ReadAction\",\"target\":[\"https:\\\/\\\/fr.motocrossmag.be\\\/index.php\\\/2020\\\/07\\\/photos-les-nouvelles-gasgas-factory\\\/\"]}]},{\"@type\":\"ImageObject\",\"inLanguage\":\"fr-FR\",\"@id\":\"https:\\\/\\\/fr.motocrossmag.be\\\/index.php\\\/2020\\\/07\\\/photos-les-nouvelles-gasgas-factory\\\/#primaryimage\",\"url\":\"https:\\\/\\\/fr.motocrossmag.be\\\/wp-content\\\/uploads\\\/2020\\\/07\\\/GASGAS-MC-250F-DSC_0868.jpg\",\"contentUrl\":\"https:\\\/\\\/fr.motocrossmag.be\\\/wp-content\\\/uploads\\\/2020\\\/07\\\/GASGAS-MC-250F-DSC_0868.jpg\",\"width\":1000,\"height\":666},{\"@type\":\"BreadcrumbList\",\"@id\":\"https:\\\/\\\/fr.motocrossmag.be\\\/index.php\\\/2020\\\/07\\\/photos-les-nouvelles-gasgas-factory\\\/#breadcrumb\",\"itemListElement\":[{\"@type\":\"ListItem\",\"position\":1,\"name\":\"Accueil\",\"item\":\"https:\\\/\\\/fr.motocrossmag.be\\\/\"},{\"@type\":\"ListItem\",\"position\":2,\"name\":\"Photos : les nouvelles GasGas factory\"}]},{\"@type\":\"WebSite\",\"@id\":\"https:\\\/\\\/fr.motocrossmag.be\\\/#website\",\"url\":\"https:\\\/\\\/fr.motocrossmag.be\\\/\",\"name\":\"Motocross - Enduro - Supermoto | MotocrossMag\",\"description\":\"L&#039;actualit\u00e9 du motocross, de l&#039;enduro et du Supermoto en ligne!\",\"potentialAction\":[{\"@type\":\"SearchAction\",\"target\":{\"@type\":\"EntryPoint\",\"urlTemplate\":\"https:\\\/\\\/fr.motocrossmag.be\\\/?s={search_term_string}\"},\"query-input\":{\"@type\":\"PropertyValueSpecification\",\"valueRequired\":true,\"valueName\":\"search_term_string\"}}],\"inLanguage\":\"fr-FR\"},{\"@type\":\"Person\",\"@id\":\"https:\\\/\\\/fr.motocrossmag.be\\\/#\\\/schema\\\/person\\\/11b47143d9f755babca2c9110e03235c\",\"name\":\"oliviere\",\"image\":{\"@type\":\"ImageObject\",\"inLanguage\":\"fr-FR\",\"@id\":\"https:\\\/\\\/secure.gravatar.com\\\/avatar\\\/907069e0b81d119452040469e4a7501da1100f54f7f80180ce77bfab718288f6?s=96&d=mm&r=g\",\"url\":\"https:\\\/\\\/secure.gravatar.com\\\/avatar\\\/907069e0b81d119452040469e4a7501da1100f54f7f80180ce77bfab718288f6?s=96&d=mm&r=g\",\"contentUrl\":\"https:\\\/\\\/secure.gravatar.com\\\/avatar\\\/907069e0b81d119452040469e4a7501da1100f54f7f80180ce77bfab718288f6?s=96&d=mm&r=g\",\"caption\":\"oliviere\"},\"sameAs\":[\"http:\\\/\\\/www.motocrossmag.be\"],\"url\":\"https:\\\/\\\/fr.motocrossmag.be\\\/index.php\\\/author\\\/oliviere\\\/\"}]}<\/script>\n<!-- \/ Yoast SEO plugin. -->","yoast_head_json":{"title":"Photos : les nouvelles GasGas factory - Motocross - Enduro - Supermoto | MotocrossMag","robots":{"index":"index","follow":"follow","max-snippet":"max-snippet:-1","max-image-preview":"max-image-preview:large","max-video-preview":"max-video-preview:-1"},"canonical":"https:\/\/fr.motocrossmag.be\/index.php\/2020\/07\/photos-les-nouvelles-gasgas-factory\/","og_locale":"fr_FR","og_type":"article","og_title":"Photos : les nouvelles GasGas factory - Motocross - Enduro - Supermoto | MotocrossMag","og_description":"Alors que l&rsquo;on se pr\u00e9pare \u00e0 reprendre le chemin des circuits dans les ateliers des teams engag\u00e9s sur le championnat du monde MXGP, GasGas pr\u00e9sente les premi\u00e8res images de ses nouvelles MC450F et MC250F officielles. Glenn Coldenhoff et ses co\u00e9quipiers \u00e9trenneront ces nouvelles machines \u00ab\u00a0factory\u00a0\u00bb \u00e0 l&rsquo;occasion de l&rsquo;\u00e9preuve internationale d&rsquo;Arnhem, en Hollande, le 26 [&hellip;]","og_url":"https:\/\/fr.motocrossmag.be\/index.php\/2020\/07\/photos-les-nouvelles-gasgas-factory\/","og_site_name":"Motocross - Enduro - Supermoto | MotocrossMag","article_published_time":"2020-07-15T12:51:39+00:00","og_image":[{"width":1000,"height":666,"url":"https:\/\/fr.motocrossmag.be\/wp-content\/uploads\/2020\/07\/GASGAS-MC-250F-DSC_0868.jpg","type":"image\/jpeg"}],"author":"oliviere","twitter_card":"summary_large_image","twitter_misc":{"\u00c9crit par":"oliviere"},"schema":{"@context":"https:\/\/schema.org","@graph":[{"@type":"Article","@id":"https:\/\/fr.motocrossmag.be\/index.php\/2020\/07\/photos-les-nouvelles-gasgas-factory\/#article","isPartOf":{"@id":"https:\/\/fr.motocrossmag.be\/index.php\/2020\/07\/photos-les-nouvelles-gasgas-factory\/"},"author":{"name":"oliviere","@id":"https:\/\/fr.motocrossmag.be\/#\/schema\/person\/11b47143d9f755babca2c9110e03235c"},"headline":"Photos : les nouvelles GasGas factory","datePublished":"2020-07-15T12:51:39+00:00","mainEntityOfPage":{"@id":"https:\/\/fr.motocrossmag.be\/index.php\/2020\/07\/photos-les-nouvelles-gasgas-factory\/"},"wordCount":75,"commentCount":0,"image":{"@id":"https:\/\/fr.motocrossmag.be\/index.php\/2020\/07\/photos-les-nouvelles-gasgas-factory\/#primaryimage"},"thumbnailUrl":"https:\/\/fr.motocrossmag.be\/wp-content\/uploads\/2020\/07\/GASGAS-MC-250F-DSC_0868.jpg","keywords":["gasgas","Glenn Coldenhoff","Motocross","MXGP"],"articleSection":["Actualit\u00e9","Motocross","Motocross MXGP","News","News","Slideshow"],"inLanguage":"fr-FR","potentialAction":[{"@type":"CommentAction","name":"Comment","target":["https:\/\/fr.motocrossmag.be\/index.php\/2020\/07\/photos-les-nouvelles-gasgas-factory\/#respond"]}]},{"@type":"WebPage","@id":"https:\/\/fr.motocrossmag.be\/index.php\/2020\/07\/photos-les-nouvelles-gasgas-factory\/","url":"https:\/\/fr.motocrossmag.be\/index.php\/2020\/07\/photos-les-nouvelles-gasgas-factory\/","name":"Photos : les nouvelles GasGas factory - Motocross - Enduro - Supermoto | MotocrossMag","isPartOf":{"@id":"https:\/\/fr.motocrossmag.be\/#website"},"primaryImageOfPage":{"@id":"https:\/\/fr.motocrossmag.be\/index.php\/2020\/07\/photos-les-nouvelles-gasgas-factory\/#primaryimage"},"image":{"@id":"https:\/\/fr.motocrossmag.be\/index.php\/2020\/07\/photos-les-nouvelles-gasgas-factory\/#primaryimage"},"thumbnailUrl":"https:\/\/fr.motocrossmag.be\/wp-content\/uploads\/2020\/07\/GASGAS-MC-250F-DSC_0868.jpg","datePublished":"2020-07-15T12:51:39+00:00","author":{"@id":"https:\/\/fr.motocrossmag.be\/#\/schema\/person\/11b47143d9f755babca2c9110e03235c"},"breadcrumb":{"@id":"https:\/\/fr.motocrossmag.be\/index.php\/2020\/07\/photos-les-nouvelles-gasgas-factory\/#breadcrumb"},"inLanguage":"fr-FR","potentialAction":[{"@type":"ReadAction","target":["https:\/\/fr.motocrossmag.be\/index.php\/2020\/07\/photos-les-nouvelles-gasgas-factory\/"]}]},{"@type":"ImageObject","inLanguage":"fr-FR","@id":"https:\/\/fr.motocrossmag.be\/index.php\/2020\/07\/photos-les-nouvelles-gasgas-factory\/#primaryimage","url":"https:\/\/fr.motocrossmag.be\/wp-content\/uploads\/2020\/07\/GASGAS-MC-250F-DSC_0868.jpg","contentUrl":"https:\/\/fr.motocrossmag.be\/wp-content\/uploads\/2020\/07\/GASGAS-MC-250F-DSC_0868.jpg","width":1000,"height":666},{"@type":"BreadcrumbList","@id":"https:\/\/fr.motocrossmag.be\/index.php\/2020\/07\/photos-les-nouvelles-gasgas-factory\/#breadcrumb","itemListElement":[{"@type":"ListItem","position":1,"name":"Accueil","item":"https:\/\/fr.motocrossmag.be\/"},{"@type":"ListItem","position":2,"name":"Photos : les nouvelles GasGas factory"}]},{"@type":"WebSite","@id":"https:\/\/fr.motocrossmag.be\/#website","url":"https:\/\/fr.motocrossmag.be\/","name":"Motocross - Enduro - Supermoto | MotocrossMag","description":"L&#039;actualit\u00e9 du motocross, de l&#039;enduro et du Supermoto en ligne!","potentialAction":[{"@type":"SearchAction","target":{"@type":"EntryPoint","urlTemplate":"https:\/\/fr.motocrossmag.be\/?s={search_term_string}"},"query-input":{"@type":"PropertyValueSpecification","valueRequired":true,"valueName":"search_term_string"}}],"inLanguage":"fr-FR"},{"@type":"Person","@id":"https:\/\/fr.motocrossmag.be\/#\/schema\/person\/11b47143d9f755babca2c9110e03235c","name":"oliviere","image":{"@type":"ImageObject","inLanguage":"fr-FR","@id":"https:\/\/secure.gravatar.com\/avatar\/907069e0b81d119452040469e4a7501da1100f54f7f80180ce77bfab718288f6?s=96&d=mm&r=g","url":"https:\/\/secure.gravatar.com\/avatar\/907069e0b81d119452040469e4a7501da1100f54f7f80180ce77bfab718288f6?s=96&d=mm&r=g","contentUrl":"https:\/\/secure.gravatar.com\/avatar\/907069e0b81d119452040469e4a7501da1100f54f7f80180ce77bfab718288f6?s=96&d=mm&r=g","caption":"oliviere"},"sameAs":["http:\/\/www.motocrossmag.be"],"url":"https:\/\/fr.motocrossmag.be\/index.php\/author\/oliviere\/"}]}},"_links":{"self":[{"href":"https:\/\/fr.motocrossmag.be\/index.php\/wp-json\/wp\/v2\/posts\/104328","targetHints":{"allow":["GET"]}}],"collection":[{"href":"https:\/\/fr.motocrossmag.be\/index.php\/wp-json\/wp\/v2\/posts"}],"about":[{"href":"https:\/\/fr.motocrossmag.be\/index.php\/wp-json\/wp\/v2\/types\/post"}],"author":[{"embeddable":true,"href":"https:\/\/fr.motocrossmag.be\/index.php\/wp-json\/wp\/v2\/users\/932"}],"replies":[{"embeddable":true,"href":"https:\/\/fr.motocrossmag.be\/index.php\/wp-json\/wp\/v2\/comments?post=104328"}],"version-history":[{"count":0,"href":"https:\/\/fr.motocrossmag.be\/index.php\/wp-json\/wp\/v2\/posts\/104328\/revisions"}],"wp:featuredmedia":[{"embeddable":true,"href":"https:\/\/fr.motocrossmag.be\/index.php\/wp-json\/wp\/v2\/media\/104334"}],"wp:attachment":[{"href":"https:\/\/fr.motocrossmag.be\/index.php\/wp-json\/wp\/v2\/media?parent=104328"}],"wp:term":[{"taxonomy":"category","embeddable":true,"href":"https:\/\/fr.motocrossmag.be\/index.php\/wp-json\/wp\/v2\/categories?post=104328"},{"taxonomy":"post_tag","embeddable":true,"href":"https:\/\/fr.motocrossmag.be\/index.php\/wp-json\/wp\/v2\/tags?post=104328"}],"curies":[{"name":"wp","href":"https:\/\/api.w.org\/{rel}","templated":true}]}}