{"id":10529,"date":"2011-04-12T10:56:34","date_gmt":"2011-04-12T09:56:34","guid":{"rendered":"http:\/\/fr.motocrossmag.be\/?p=10529"},"modified":"2011-04-12T10:56:34","modified_gmt":"2011-04-12T09:56:34","slug":"galerie-photos-le-gp-de-sevlievo-en-images","status":"publish","type":"post","link":"https:\/\/fr.motocrossmag.be\/index.php\/2011\/04\/galerie-photos-le-gp-de-sevlievo-en-images\/","title":{"rendered":"Galerie photos | Le GP de Sevlievo en images"},"content":{"rendered":"<p>Retour en images sur le premier GP de la saison 2011 \u00e0\u00a0 Sevlievo. De Bulgarie, notre photographe maison CDS nous ram\u00e8ne encore une fois de superbes clich\u00e9s qui nous permettent de d\u00e9couvir les couleurs 2011 du paddock MXGP.<\/p>\n<p>Photos: CDS<\/p><div class=\"ysgnb6a988848b738c\" ><!-- \/91277017\/Inline-articles-mobile -->\n<div style=\"margin:auto; text-align:center !important\">\n<div id='div-gpt-ad-1784982661365-0' style='min-width: 250px; min-height: 75px;'>\n  <script>\n    googletag.cmd.push(function() { googletag.display('div-gpt-ad-1784982661365-0'); });\n  <\/script>\n<\/div><\/div><\/div><style type=\"text\/css\">\r\n.ysgnb6a988848b738c {\r\nmargin-bottom:30px;margin-top:20px\r\n}\r\n@media screen and (min-width: 1201px) {\r\n.ysgnb6a988848b738c {\r\ndisplay: block;\r\n}\r\n}\r\n@media screen and (min-width: 993px) and (max-width: 1200px) {\r\n.ysgnb6a988848b738c {\r\ndisplay: block;\r\n}\r\n}\r\n@media screen and (min-width: 769px) and (max-width: 992px) {\r\n.ysgnb6a988848b738c {\r\ndisplay: block;\r\n}\r\n}\r\n@media screen and (min-width: 768px) and (max-width: 768px) {\r\n.ysgnb6a988848b738c {\r\ndisplay: block;\r\n}\r\n}\r\n@media screen and (max-width: 767px) {\r\n.ysgnb6a988848b738c {\r\ndisplay: block;\r\n}\r\n}\r\n<\/style>\r\n\n<p><a rel=\"lightbox dia=1\" href=\"http:\/\/fr.motocrossmag.be\/wp-content\/uploads\/2011\/04\/_ds_3825.jpg\"><img decoding=\"async\" class=\"alignnone size-thumbnail wp-image-10579\" title=\"_ds_3825\" src=\"http:\/\/fr.motocrossmag.be\/wp-content\/uploads\/2011\/04\/_ds_3825-150x150.jpg\" alt=\"\" width=\"150\" height=\"150\" \/><\/a>\u00a0\u00a0 <a rel=\"lightbox dia=1\" href=\"http:\/\/fr.motocrossmag.be\/wp-content\/uploads\/2011\/04\/_ds_3964.jpg\"><img decoding=\"async\" class=\"alignnone size-thumbnail wp-image-10578\" title=\"_ds_3964\" src=\"http:\/\/fr.motocrossmag.be\/wp-content\/uploads\/2011\/04\/_ds_3964-150x150.jpg\" alt=\"\" width=\"150\" height=\"150\" \/><\/a>\u00a0\u00a0 <a rel=\"lightbox dia=1\" href=\"http:\/\/fr.motocrossmag.be\/wp-content\/uploads\/2011\/04\/_ds_3983.jpg\"><img decoding=\"async\" class=\"alignnone size-thumbnail wp-image-10577\" title=\"_ds_3983\" src=\"http:\/\/fr.motocrossmag.be\/wp-content\/uploads\/2011\/04\/_ds_3983-150x150.jpg\" alt=\"\" width=\"150\" height=\"150\" \/><\/a><br \/>\n<a rel=\"lightbox dia=1\" href=\"http:\/\/fr.motocrossmag.be\/wp-content\/uploads\/2011\/04\/_ds_4041.jpg\"><img decoding=\"async\" class=\"alignnone size-thumbnail wp-image-10576\" title=\"_ds_4041\" src=\"http:\/\/fr.motocrossmag.be\/wp-content\/uploads\/2011\/04\/_ds_4041-150x150.jpg\" alt=\"\" width=\"150\" height=\"150\" \/><\/a>\u00a0\u00a0 <a rel=\"lightbox dia=1\" href=\"http:\/\/fr.motocrossmag.be\/wp-content\/uploads\/2011\/04\/_ds_4054.jpg\"><img decoding=\"async\" class=\"alignnone size-thumbnail wp-image-10575\" title=\"_ds_4054\" src=\"http:\/\/fr.motocrossmag.be\/wp-content\/uploads\/2011\/04\/_ds_4054-150x150.jpg\" alt=\"\" width=\"150\" height=\"150\" \/><\/a>\u00a0\u00a0 <a rel=\"lightbox dia=1\" href=\"http:\/\/fr.motocrossmag.be\/wp-content\/uploads\/2011\/04\/_ds_4064.jpg\"><img decoding=\"async\" class=\"alignnone size-thumbnail wp-image-10574\" title=\"_ds_4064\" src=\"http:\/\/fr.motocrossmag.be\/wp-content\/uploads\/2011\/04\/_ds_4064-150x150.jpg\" alt=\"\" width=\"150\" height=\"150\" \/><\/a><br \/>\n<a rel=\"lightbox dia=1\" href=\"http:\/\/fr.motocrossmag.be\/wp-content\/uploads\/2011\/04\/_ds_4164.jpg\"><img decoding=\"async\" class=\"alignnone size-thumbnail wp-image-10573\" title=\"_ds_4164\" src=\"http:\/\/fr.motocrossmag.be\/wp-content\/uploads\/2011\/04\/_ds_4164-150x150.jpg\" alt=\"\" width=\"150\" height=\"150\" \/><\/a>\u00a0\u00a0 <a rel=\"lightbox dia=1\" href=\"http:\/\/fr.motocrossmag.be\/wp-content\/uploads\/2011\/04\/_ds_41821.jpg\"><img decoding=\"async\" class=\"alignnone size-thumbnail wp-image-10572\" title=\"_ds_41821\" src=\"http:\/\/fr.motocrossmag.be\/wp-content\/uploads\/2011\/04\/_ds_41821-150x150.jpg\" alt=\"\" width=\"150\" height=\"150\" \/><\/a>\u00a0\u00a0 <a rel=\"lightbox dia=1\" href=\"http:\/\/fr.motocrossmag.be\/wp-content\/uploads\/2011\/04\/_ds_4230.jpg\"><img decoding=\"async\" class=\"alignnone size-thumbnail wp-image-10571\" title=\"_ds_4230\" src=\"http:\/\/fr.motocrossmag.be\/wp-content\/uploads\/2011\/04\/_ds_4230-150x150.jpg\" alt=\"\" width=\"150\" height=\"150\" \/><\/a><br \/>\n<a rel=\"lightbox dia=1\" href=\"http:\/\/fr.motocrossmag.be\/wp-content\/uploads\/2011\/04\/_ds_4269.jpg\"><img decoding=\"async\" class=\"alignnone size-thumbnail wp-image-10570\" title=\"_ds_4269\" src=\"http:\/\/fr.motocrossmag.be\/wp-content\/uploads\/2011\/04\/_ds_4269-150x150.jpg\" alt=\"\" width=\"150\" height=\"150\" \/><\/a>\u00a0\u00a0 <a rel=\"lightbox dia=1\" href=\"http:\/\/fr.motocrossmag.be\/wp-content\/uploads\/2011\/04\/_ds_4280.jpg\"><img decoding=\"async\" class=\"alignnone size-thumbnail wp-image-10569\" title=\"_ds_4280\" src=\"http:\/\/fr.motocrossmag.be\/wp-content\/uploads\/2011\/04\/_ds_4280-150x150.jpg\" alt=\"\" width=\"150\" height=\"150\" \/><\/a>\u00a0\u00a0 <a rel=\"lightbox dia=1\" href=\"http:\/\/fr.motocrossmag.be\/wp-content\/uploads\/2011\/04\/_ds_4415.jpg\"><img decoding=\"async\" class=\"alignnone size-thumbnail wp-image-10568\" title=\"_ds_4415\" src=\"http:\/\/fr.motocrossmag.be\/wp-content\/uploads\/2011\/04\/_ds_4415-150x150.jpg\" alt=\"\" width=\"150\" height=\"150\" \/><\/a><br \/>\n<a rel=\"lightbox dia=1\" href=\"http:\/\/fr.motocrossmag.be\/wp-content\/uploads\/2011\/04\/_ds_4463.jpg\"><img decoding=\"async\" class=\"alignnone size-thumbnail wp-image-10567\" title=\"_ds_4463\" src=\"http:\/\/fr.motocrossmag.be\/wp-content\/uploads\/2011\/04\/_ds_4463-150x150.jpg\" alt=\"\" width=\"150\" height=\"150\" \/><\/a>\u00a0\u00a0 <a rel=\"lightbox dia=1\" href=\"http:\/\/fr.motocrossmag.be\/wp-content\/uploads\/2011\/04\/_ds_4515.jpg\"><img decoding=\"async\" class=\"alignnone size-thumbnail wp-image-10566\" title=\"_ds_4515\" src=\"http:\/\/fr.motocrossmag.be\/wp-content\/uploads\/2011\/04\/_ds_4515-150x150.jpg\" alt=\"\" width=\"150\" height=\"150\" \/><\/a>\u00a0\u00a0 <a rel=\"lightbox dia=1\" href=\"http:\/\/fr.motocrossmag.be\/wp-content\/uploads\/2011\/04\/_ds_4556.jpg\"><img decoding=\"async\" class=\"alignnone size-thumbnail wp-image-10565\" title=\"_ds_4556\" src=\"http:\/\/fr.motocrossmag.be\/wp-content\/uploads\/2011\/04\/_ds_4556-150x150.jpg\" alt=\"\" width=\"150\" height=\"150\" \/><\/a><br \/>\n<a rel=\"lightbox dia=1\" href=\"http:\/\/fr.motocrossmag.be\/wp-content\/uploads\/2011\/04\/_ds_4564.jpg\"><img decoding=\"async\" class=\"alignnone size-thumbnail wp-image-10564\" title=\"_ds_4564\" src=\"http:\/\/fr.motocrossmag.be\/wp-content\/uploads\/2011\/04\/_ds_4564-150x150.jpg\" alt=\"\" width=\"150\" height=\"150\" \/><\/a>\u00a0\u00a0 <a rel=\"lightbox dia=1\" href=\"http:\/\/fr.motocrossmag.be\/wp-content\/uploads\/2011\/04\/_ds_4593.jpg\"><img decoding=\"async\" class=\"alignnone size-thumbnail wp-image-10563\" title=\"_ds_4593\" src=\"http:\/\/fr.motocrossmag.be\/wp-content\/uploads\/2011\/04\/_ds_4593-150x150.jpg\" alt=\"\" width=\"150\" height=\"150\" \/><\/a>\u00a0\u00a0 <a rel=\"lightbox dia=1\" href=\"http:\/\/fr.motocrossmag.be\/wp-content\/uploads\/2011\/04\/_ds_4598.jpg\"><img decoding=\"async\" class=\"alignnone size-thumbnail wp-image-10562\" title=\"_ds_4598\" src=\"http:\/\/fr.motocrossmag.be\/wp-content\/uploads\/2011\/04\/_ds_4598-150x150.jpg\" alt=\"\" width=\"150\" height=\"150\" \/><\/a><br \/>\n<a rel=\"lightbox dia=1\" href=\"http:\/\/fr.motocrossmag.be\/wp-content\/uploads\/2011\/04\/_ds_4744.jpg\"><img decoding=\"async\" class=\"alignnone size-thumbnail wp-image-10561\" title=\"_ds_4744\" src=\"http:\/\/fr.motocrossmag.be\/wp-content\/uploads\/2011\/04\/_ds_4744-150x150.jpg\" alt=\"\" width=\"150\" height=\"150\" \/><\/a>\u00a0\u00a0 <a rel=\"lightbox dia=1\" href=\"http:\/\/fr.motocrossmag.be\/wp-content\/uploads\/2011\/04\/_ds_4748.jpg\"><img decoding=\"async\" class=\"alignnone size-thumbnail wp-image-10560\" title=\"_ds_4748\" src=\"http:\/\/fr.motocrossmag.be\/wp-content\/uploads\/2011\/04\/_ds_4748-150x150.jpg\" alt=\"\" width=\"150\" height=\"150\" \/><\/a>\u00a0\u00a0 <a rel=\"lightbox dia=1\" href=\"http:\/\/fr.motocrossmag.be\/wp-content\/uploads\/2011\/04\/_ds_4811.jpg\"><img decoding=\"async\" class=\"alignnone size-thumbnail wp-image-10559\" title=\"_ds_4811\" src=\"http:\/\/fr.motocrossmag.be\/wp-content\/uploads\/2011\/04\/_ds_4811-150x150.jpg\" alt=\"\" width=\"150\" height=\"150\" \/><\/a><br \/>\n<a rel=\"lightbox dia=1\" href=\"http:\/\/fr.motocrossmag.be\/wp-content\/uploads\/2011\/04\/_ds_4827.jpg\"><img decoding=\"async\" class=\"alignnone size-thumbnail wp-image-10558\" title=\"_ds_4827\" src=\"http:\/\/fr.motocrossmag.be\/wp-content\/uploads\/2011\/04\/_ds_4827-150x150.jpg\" alt=\"\" width=\"150\" height=\"150\" \/><\/a>\u00a0\u00a0 <a rel=\"lightbox dia=1\" href=\"http:\/\/fr.motocrossmag.be\/wp-content\/uploads\/2011\/04\/_ds_4848.jpg\"><img decoding=\"async\" class=\"alignnone size-thumbnail wp-image-10557\" title=\"_ds_4848\" src=\"http:\/\/fr.motocrossmag.be\/wp-content\/uploads\/2011\/04\/_ds_4848-150x150.jpg\" alt=\"\" width=\"150\" height=\"150\" \/><\/a>\u00a0\u00a0 <a rel=\"lightbox dia=1\" href=\"http:\/\/fr.motocrossmag.be\/wp-content\/uploads\/2011\/04\/_ds_4853.jpg\"><img decoding=\"async\" class=\"alignnone size-thumbnail wp-image-10556\" title=\"_ds_4853\" src=\"http:\/\/fr.motocrossmag.be\/wp-content\/uploads\/2011\/04\/_ds_4853-150x150.jpg\" alt=\"\" width=\"150\" height=\"150\" \/><\/a><br \/>\n<a rel=\"lightbox dia=1\" href=\"http:\/\/fr.motocrossmag.be\/wp-content\/uploads\/2011\/04\/_ds_4993.jpg\"><img decoding=\"async\" class=\"alignnone size-thumbnail wp-image-10555\" title=\"_ds_4993\" src=\"http:\/\/fr.motocrossmag.be\/wp-content\/uploads\/2011\/04\/_ds_4993-150x150.jpg\" alt=\"\" width=\"150\" height=\"150\" \/><\/a>\u00a0\u00a0 <a rel=\"lightbox dia=1\" href=\"http:\/\/fr.motocrossmag.be\/wp-content\/uploads\/2011\/04\/_ds_5025.jpg\"><img decoding=\"async\" class=\"alignnone size-thumbnail wp-image-10554\" title=\"_ds_5025\" src=\"http:\/\/fr.motocrossmag.be\/wp-content\/uploads\/2011\/04\/_ds_5025-150x150.jpg\" alt=\"\" width=\"150\" height=\"150\" \/><\/a>\u00a0\u00a0 <a rel=\"lightbox dia=1\" href=\"http:\/\/fr.motocrossmag.be\/wp-content\/uploads\/2011\/04\/_ds_5060.jpg\"><img decoding=\"async\" class=\"alignnone size-thumbnail wp-image-10553\" title=\"_ds_5060\" src=\"http:\/\/fr.motocrossmag.be\/wp-content\/uploads\/2011\/04\/_ds_5060-150x150.jpg\" alt=\"\" width=\"150\" height=\"150\" \/><\/a><br \/>\n<a rel=\"lightbox dia=1\" href=\"http:\/\/fr.motocrossmag.be\/wp-content\/uploads\/2011\/04\/_ds_5087.jpg\"><img decoding=\"async\" class=\"alignnone size-thumbnail wp-image-10552\" title=\"_ds_5087\" src=\"http:\/\/fr.motocrossmag.be\/wp-content\/uploads\/2011\/04\/_ds_5087-150x150.jpg\" alt=\"\" width=\"150\" height=\"150\" \/><\/a>\u00a0\u00a0 <a rel=\"lightbox dia=1\" href=\"http:\/\/fr.motocrossmag.be\/wp-content\/uploads\/2011\/04\/_ds_5120.jpg\"><img decoding=\"async\" class=\"alignnone size-thumbnail wp-image-10551\" title=\"_ds_5120\" src=\"http:\/\/fr.motocrossmag.be\/wp-content\/uploads\/2011\/04\/_ds_5120-150x150.jpg\" alt=\"\" width=\"150\" height=\"150\" \/><\/a>\u00a0\u00a0 <a rel=\"lightbox dia=1\" href=\"http:\/\/fr.motocrossmag.be\/wp-content\/uploads\/2011\/04\/_ds_5158.jpg\"><img decoding=\"async\" class=\"alignnone size-thumbnail wp-image-10550\" title=\"_ds_5158\" src=\"http:\/\/fr.motocrossmag.be\/wp-content\/uploads\/2011\/04\/_ds_5158-150x150.jpg\" alt=\"\" width=\"150\" height=\"150\" \/><\/a><br \/>\n<a rel=\"lightbox dia=1\" href=\"http:\/\/fr.motocrossmag.be\/wp-content\/uploads\/2011\/04\/_ds_5166.jpg\"><img decoding=\"async\" class=\"alignnone size-thumbnail wp-image-10549\" title=\"_ds_5166\" src=\"http:\/\/fr.motocrossmag.be\/wp-content\/uploads\/2011\/04\/_ds_5166-150x150.jpg\" alt=\"\" width=\"150\" height=\"150\" \/><\/a>\u00a0\u00a0 <a rel=\"lightbox dia=1\" href=\"http:\/\/fr.motocrossmag.be\/wp-content\/uploads\/2011\/04\/_ds_5221.jpg\"><img decoding=\"async\" class=\"alignnone size-thumbnail wp-image-10548\" title=\"_ds_5221\" src=\"http:\/\/fr.motocrossmag.be\/wp-content\/uploads\/2011\/04\/_ds_5221-150x150.jpg\" alt=\"\" width=\"150\" height=\"150\" \/><\/a>\u00a0\u00a0 <a rel=\"lightbox dia=1\" href=\"http:\/\/fr.motocrossmag.be\/wp-content\/uploads\/2011\/04\/_ds_5223.jpg\"><img decoding=\"async\" class=\"alignnone size-thumbnail wp-image-10547\" title=\"_ds_5223\" src=\"http:\/\/fr.motocrossmag.be\/wp-content\/uploads\/2011\/04\/_ds_5223-150x150.jpg\" alt=\"\" width=\"150\" height=\"150\" \/><\/a><br \/>\n<a rel=\"lightbox dia=1\" href=\"http:\/\/fr.motocrossmag.be\/wp-content\/uploads\/2011\/04\/_ds_5260.jpg\"><img decoding=\"async\" class=\"alignnone size-thumbnail wp-image-10546\" title=\"_ds_5260\" src=\"http:\/\/fr.motocrossmag.be\/wp-content\/uploads\/2011\/04\/_ds_5260-150x150.jpg\" alt=\"\" width=\"150\" height=\"150\" \/><\/a>\u00a0\u00a0 <a rel=\"lightbox dia=1\" href=\"http:\/\/fr.motocrossmag.be\/wp-content\/uploads\/2011\/04\/_v7m2253.jpg\"><img decoding=\"async\" class=\"alignnone size-thumbnail wp-image-10545\" title=\"_v7m2253\" src=\"http:\/\/fr.motocrossmag.be\/wp-content\/uploads\/2011\/04\/_v7m2253-150x150.jpg\" alt=\"\" width=\"150\" height=\"150\" \/><\/a>\u00a0\u00a0 <a rel=\"lightbox dia=1\" href=\"http:\/\/fr.motocrossmag.be\/wp-content\/uploads\/2011\/04\/_v7m2265.jpg\"><img decoding=\"async\" class=\"alignnone size-thumbnail wp-image-10544\" title=\"_v7m2265\" src=\"http:\/\/fr.motocrossmag.be\/wp-content\/uploads\/2011\/04\/_v7m2265-150x150.jpg\" alt=\"\" width=\"150\" height=\"150\" \/><\/a><br \/>\n<a rel=\"lightbox dia=1\" href=\"http:\/\/fr.motocrossmag.be\/wp-content\/uploads\/2011\/04\/_v7m2274.jpg\"><img decoding=\"async\" class=\"alignnone size-thumbnail wp-image-10543\" title=\"_v7m2274\" src=\"http:\/\/fr.motocrossmag.be\/wp-content\/uploads\/2011\/04\/_v7m2274-150x150.jpg\" alt=\"\" width=\"150\" height=\"150\" \/><\/a>\u00a0\u00a0 <a rel=\"lightbox dia=1\" href=\"http:\/\/fr.motocrossmag.be\/wp-content\/uploads\/2011\/04\/_v7m2303.jpg\"><img decoding=\"async\" class=\"alignnone size-thumbnail wp-image-10542\" title=\"_v7m2303\" src=\"http:\/\/fr.motocrossmag.be\/wp-content\/uploads\/2011\/04\/_v7m2303-150x150.jpg\" alt=\"\" width=\"150\" height=\"150\" \/><\/a>\u00a0\u00a0 <a rel=\"lightbox dia=1\" href=\"http:\/\/fr.motocrossmag.be\/wp-content\/uploads\/2011\/04\/_v7m2318.jpg\"><img decoding=\"async\" class=\"alignnone size-thumbnail wp-image-10541\" title=\"_v7m2318\" src=\"http:\/\/fr.motocrossmag.be\/wp-content\/uploads\/2011\/04\/_v7m2318-150x150.jpg\" alt=\"\" width=\"150\" height=\"150\" \/><\/a><br \/>\n<a rel=\"lightbox dia=1\" href=\"http:\/\/fr.motocrossmag.be\/wp-content\/uploads\/2011\/04\/_v7m2347.jpg\"><img decoding=\"async\" class=\"alignnone size-thumbnail wp-image-10540\" title=\"_v7m2347\" src=\"http:\/\/fr.motocrossmag.be\/wp-content\/uploads\/2011\/04\/_v7m2347-150x150.jpg\" alt=\"\" width=\"150\" height=\"150\" \/><\/a>\u00a0\u00a0 <a rel=\"lightbox dia=1\" href=\"http:\/\/fr.motocrossmag.be\/wp-content\/uploads\/2011\/04\/_v7m2366.jpg\"><img decoding=\"async\" class=\"alignnone size-thumbnail wp-image-10539\" title=\"_v7m2366\" src=\"http:\/\/fr.motocrossmag.be\/wp-content\/uploads\/2011\/04\/_v7m2366-150x150.jpg\" alt=\"\" width=\"150\" height=\"150\" \/><\/a>\u00a0\u00a0 <a rel=\"lightbox dia=1\" href=\"http:\/\/fr.motocrossmag.be\/wp-content\/uploads\/2011\/04\/_v7m2368.jpg\"><img decoding=\"async\" class=\"alignnone size-thumbnail wp-image-10538\" title=\"_v7m2368\" src=\"http:\/\/fr.motocrossmag.be\/wp-content\/uploads\/2011\/04\/_v7m2368-150x150.jpg\" alt=\"\" width=\"150\" height=\"150\" \/><\/a><br \/>\n<a rel=\"lightbox dia=1\" href=\"http:\/\/fr.motocrossmag.be\/wp-content\/uploads\/2011\/04\/_v7m2417.jpg\"><img decoding=\"async\" class=\"alignnone size-thumbnail wp-image-10537\" title=\"_v7m2417\" src=\"http:\/\/fr.motocrossmag.be\/wp-content\/uploads\/2011\/04\/_v7m2417-150x150.jpg\" alt=\"\" width=\"150\" height=\"150\" \/><\/a>\u00a0\u00a0 <a rel=\"lightbox dia=1\" href=\"http:\/\/fr.motocrossmag.be\/wp-content\/uploads\/2011\/04\/_v7m2511.jpg\"><img decoding=\"async\" class=\"alignnone size-thumbnail wp-image-10536\" title=\"_v7m2511\" src=\"http:\/\/fr.motocrossmag.be\/wp-content\/uploads\/2011\/04\/_v7m2511-150x150.jpg\" alt=\"\" width=\"150\" height=\"150\" \/><\/a>\u00a0\u00a0 <a rel=\"lightbox dia=1\" href=\"http:\/\/fr.motocrossmag.be\/wp-content\/uploads\/2011\/04\/_v7m2575.jpg\"><img decoding=\"async\" class=\"alignnone size-thumbnail wp-image-10535\" title=\"_v7m2575\" src=\"http:\/\/fr.motocrossmag.be\/wp-content\/uploads\/2011\/04\/_v7m2575-150x150.jpg\" alt=\"\" width=\"150\" height=\"150\" \/><\/a><br \/>\n<a rel=\"lightbox dia=1\" href=\"http:\/\/fr.motocrossmag.be\/wp-content\/uploads\/2011\/04\/_v7m2749.jpg\"><img decoding=\"async\" class=\"alignnone size-thumbnail wp-image-10534\" title=\"_v7m2749\" src=\"http:\/\/fr.motocrossmag.be\/wp-content\/uploads\/2011\/04\/_v7m2749-150x150.jpg\" alt=\"\" width=\"150\" height=\"150\" \/><\/a>\u00a0\u00a0 <a rel=\"lightbox dia=1\" href=\"http:\/\/fr.motocrossmag.be\/wp-content\/uploads\/2011\/04\/_v7m2767.jpg\"><img decoding=\"async\" class=\"alignnone size-thumbnail wp-image-10533\" title=\"_v7m2767\" src=\"http:\/\/fr.motocrossmag.be\/wp-content\/uploads\/2011\/04\/_v7m2767-150x150.jpg\" alt=\"\" width=\"150\" height=\"150\" \/><\/a>\u00a0\u00a0 <a rel=\"lightbox dia=1\" href=\"http:\/\/fr.motocrossmag.be\/wp-content\/uploads\/2011\/04\/_v7m2808.jpg\"><img decoding=\"async\" class=\"alignnone size-thumbnail wp-image-10532\" title=\"_v7m2808\" src=\"http:\/\/fr.motocrossmag.be\/wp-content\/uploads\/2011\/04\/_v7m2808-150x150.jpg\" alt=\"\" width=\"150\" height=\"150\" \/><\/a><br \/>\n<a rel=\"lightbox dia=1\" href=\"http:\/\/fr.motocrossmag.be\/wp-content\/uploads\/2011\/04\/_v7m2872.jpg\"><img decoding=\"async\" class=\"alignnone size-thumbnail wp-image-10531\" title=\"_v7m2872\" src=\"http:\/\/fr.motocrossmag.be\/wp-content\/uploads\/2011\/04\/_v7m2872-150x150.jpg\" alt=\"\" width=\"150\" height=\"150\" \/><\/a>\u00a0\u00a0 <a rel=\"lightbox dia=1\" href=\"http:\/\/fr.motocrossmag.be\/wp-content\/uploads\/2011\/04\/_v7m2876.jpg\"><img decoding=\"async\" class=\"alignnone size-thumbnail wp-image-10530\" title=\"_v7m2876\" src=\"http:\/\/fr.motocrossmag.be\/wp-content\/uploads\/2011\/04\/_v7m2876-150x150.jpg\" alt=\"\" width=\"150\" height=\"150\" \/><\/a>\u00a0\u00a0 <a rel=\"lightbox dia=1\" href=\"http:\/\/fr.motocrossmag.be\/wp-content\/uploads\/2011\/04\/_v7m2880.jpg\"><img decoding=\"async\" class=\"alignnone size-thumbnail wp-image-10528\" title=\"_v7m2880\" src=\"http:\/\/fr.motocrossmag.be\/wp-content\/uploads\/2011\/04\/_v7m2880-150x150.jpg\" alt=\"\" width=\"150\" height=\"150\" \/><\/a><br \/>\n<a rel=\"lightbox dia=1\" href=\"http:\/\/fr.motocrossmag.be\/wp-content\/uploads\/2011\/04\/_v7m2906.jpg\"><img decoding=\"async\" class=\"alignnone size-thumbnail wp-image-10527\" title=\"_v7m2906\" src=\"http:\/\/fr.motocrossmag.be\/wp-content\/uploads\/2011\/04\/_v7m2906-150x150.jpg\" alt=\"\" width=\"150\" height=\"150\" \/><\/a>\u00a0\u00a0 <a rel=\"lightbox dia=1\" href=\"http:\/\/fr.motocrossmag.be\/wp-content\/uploads\/2011\/04\/_v7m2910.jpg\"><img decoding=\"async\" class=\"alignnone size-thumbnail wp-image-10526\" title=\"_v7m2910\" src=\"http:\/\/fr.motocrossmag.be\/wp-content\/uploads\/2011\/04\/_v7m2910-150x150.jpg\" alt=\"\" width=\"150\" height=\"150\" \/><\/a>\u00a0\u00a0 <a rel=\"lightbox dia=1\" href=\"http:\/\/fr.motocrossmag.be\/wp-content\/uploads\/2011\/04\/_v7m2976.jpg\"><img decoding=\"async\" class=\"alignnone size-thumbnail wp-image-10525\" title=\"_v7m2976\" src=\"http:\/\/fr.motocrossmag.be\/wp-content\/uploads\/2011\/04\/_v7m2976-150x150.jpg\" alt=\"\" width=\"150\" height=\"150\" \/><\/a><br \/>\n<a rel=\"lightbox dia=1\" href=\"http:\/\/fr.motocrossmag.be\/wp-content\/uploads\/2011\/04\/_v7m3045.jpg\"><img decoding=\"async\" class=\"alignnone size-thumbnail wp-image-10524\" title=\"_v7m3045\" src=\"http:\/\/fr.motocrossmag.be\/wp-content\/uploads\/2011\/04\/_v7m3045-150x150.jpg\" alt=\"\" width=\"150\" height=\"150\" \/><\/a>\u00a0\u00a0 <a rel=\"lightbox dia=1\" href=\"http:\/\/fr.motocrossmag.be\/wp-content\/uploads\/2011\/04\/_v7m3275.jpg\"><img decoding=\"async\" class=\"alignnone size-thumbnail wp-image-10523\" title=\"_v7m3275\" src=\"http:\/\/fr.motocrossmag.be\/wp-content\/uploads\/2011\/04\/_v7m3275-150x150.jpg\" alt=\"\" width=\"150\" height=\"150\" \/><\/a>\u00a0\u00a0 <a rel=\"lightbox dia=1\" href=\"http:\/\/fr.motocrossmag.be\/wp-content\/uploads\/2011\/04\/_v7m3327.jpg\"><img decoding=\"async\" class=\"alignnone size-thumbnail wp-image-10522\" title=\"_v7m3327\" src=\"http:\/\/fr.motocrossmag.be\/wp-content\/uploads\/2011\/04\/_v7m3327-150x150.jpg\" alt=\"\" width=\"150\" height=\"150\" \/><\/a><br \/>\n<a rel=\"lightbox dia=1\" href=\"http:\/\/fr.motocrossmag.be\/wp-content\/uploads\/2011\/04\/_v7m3344.jpg\"><img decoding=\"async\" class=\"alignnone size-thumbnail wp-image-10521\" title=\"_v7m3344\" src=\"http:\/\/fr.motocrossmag.be\/wp-content\/uploads\/2011\/04\/_v7m3344-150x150.jpg\" alt=\"\" width=\"150\" height=\"150\" \/><\/a>\u00a0\u00a0 <a rel=\"lightbox dia=1\" href=\"http:\/\/fr.motocrossmag.be\/wp-content\/uploads\/2011\/04\/_v7m3474.jpg\"><img decoding=\"async\" class=\"alignnone size-thumbnail wp-image-10520\" title=\"_v7m3474\" src=\"http:\/\/fr.motocrossmag.be\/wp-content\/uploads\/2011\/04\/_v7m3474-150x150.jpg\" alt=\"\" width=\"150\" height=\"150\" \/><\/a>\u00a0\u00a0 <a rel=\"lightbox dia=1\" href=\"http:\/\/fr.motocrossmag.be\/wp-content\/uploads\/2011\/04\/_v7m3488.jpg\"><img decoding=\"async\" class=\"alignnone size-thumbnail wp-image-10519\" title=\"_v7m3488\" src=\"http:\/\/fr.motocrossmag.be\/wp-content\/uploads\/2011\/04\/_v7m3488-150x150.jpg\" alt=\"\" width=\"150\" height=\"150\" \/><\/a><br \/>\n<a rel=\"lightbox dia=1\" href=\"http:\/\/fr.motocrossmag.be\/wp-content\/uploads\/2011\/04\/_v7m3496.jpg\"><img decoding=\"async\" class=\"alignnone size-thumbnail wp-image-10518\" title=\"_v7m3496\" src=\"http:\/\/fr.motocrossmag.be\/wp-content\/uploads\/2011\/04\/_v7m3496-150x150.jpg\" alt=\"\" width=\"150\" height=\"150\" \/><\/a>\u00a0\u00a0 <a rel=\"lightbox dia=1\" href=\"http:\/\/fr.motocrossmag.be\/wp-content\/uploads\/2011\/04\/_v7m3531.jpg\"><img decoding=\"async\" class=\"alignnone size-thumbnail wp-image-10517\" title=\"_v7m3531\" src=\"http:\/\/fr.motocrossmag.be\/wp-content\/uploads\/2011\/04\/_v7m3531-150x150.jpg\" alt=\"\" width=\"150\" height=\"150\" \/><\/a>\u00a0\u00a0 <a rel=\"lightbox dia=1\" href=\"http:\/\/fr.motocrossmag.be\/wp-content\/uploads\/2011\/04\/_v7m3548.jpg\"><img decoding=\"async\" class=\"alignnone size-thumbnail wp-image-10516\" title=\"_v7m3548\" src=\"http:\/\/fr.motocrossmag.be\/wp-content\/uploads\/2011\/04\/_v7m3548-150x150.jpg\" alt=\"\" width=\"150\" height=\"150\" \/><\/a><\/p>\n","protected":false},"excerpt":{"rendered":"<p>Retour en images sur le premier GP de la saison 2011 \u00e0\u00a0 Sevlievo. De Bulgarie, notre photographe maison CDS nous ram\u00e8ne encore une fois de superbes clich\u00e9s qui nous permettent de d\u00e9couvir les couleurs 2011 du paddock MXGP. Photos: CDS \u00a0\u00a0 \u00a0\u00a0 \u00a0\u00a0 \u00a0\u00a0 \u00a0\u00a0 \u00a0\u00a0 \u00a0\u00a0 \u00a0\u00a0 \u00a0\u00a0 \u00a0\u00a0 \u00a0\u00a0 \u00a0\u00a0 \u00a0\u00a0 \u00a0\u00a0 \u00a0\u00a0 [&hellip;]<\/p>\n","protected":false},"author":932,"featured_media":0,"comment_status":"open","ping_status":"closed","sticky":false,"template":"","format":"standard","meta":{"tdm_status":"","tdm_grid_status":"","footnotes":""},"categories":[4,6,66],"tags":[],"class_list":["post-10529","post","type-post","status-publish","format-standard","category-motocross","category-mx1mx2","category-photos"],"yoast_head":"<!-- This site is optimized with the Yoast SEO plugin v28.4 - https:\/\/yoast.com\/product\/yoast-seo-wordpress\/ -->\n<title>Galerie photos | Le GP de Sevlievo en images - Motocross - Enduro - Supermoto | MotocrossMag<\/title>\n<meta name=\"robots\" content=\"index, follow, max-snippet:-1, max-image-preview:large, max-video-preview:-1\" \/>\n<link rel=\"canonical\" href=\"https:\/\/fr.motocrossmag.be\/index.php\/2011\/04\/galerie-photos-le-gp-de-sevlievo-en-images\/\" \/>\n<meta property=\"og:locale\" content=\"fr_FR\" \/>\n<meta property=\"og:type\" content=\"article\" \/>\n<meta property=\"og:title\" content=\"Galerie photos | Le GP de Sevlievo en images - Motocross - Enduro - Supermoto | MotocrossMag\" \/>\n<meta property=\"og:description\" content=\"Retour en images sur le premier GP de la saison 2011 \u00e0\u00a0 Sevlievo. De Bulgarie, notre photographe maison CDS nous ram\u00e8ne encore une fois de superbes clich\u00e9s qui nous permettent de d\u00e9couvir les couleurs 2011 du paddock MXGP. Photos: CDS \u00a0\u00a0 \u00a0\u00a0 \u00a0\u00a0 \u00a0\u00a0 \u00a0\u00a0 \u00a0\u00a0 \u00a0\u00a0 \u00a0\u00a0 \u00a0\u00a0 \u00a0\u00a0 \u00a0\u00a0 \u00a0\u00a0 \u00a0\u00a0 \u00a0\u00a0 \u00a0\u00a0 [&hellip;]\" \/>\n<meta property=\"og:url\" content=\"https:\/\/fr.motocrossmag.be\/index.php\/2011\/04\/galerie-photos-le-gp-de-sevlievo-en-images\/\" \/>\n<meta property=\"og:site_name\" content=\"Motocross - Enduro - Supermoto | MotocrossMag\" \/>\n<meta property=\"article:published_time\" content=\"2011-04-12T09:56:34+00:00\" \/>\n<meta property=\"og:image\" content=\"http:\/\/fr.motocrossmag.be\/wp-content\/uploads\/2011\/04\/_ds_3825-150x150.jpg\" \/>\n<meta name=\"author\" content=\"oliviere\" \/>\n<meta name=\"twitter:card\" content=\"summary_large_image\" \/>\n<meta name=\"twitter:label1\" content=\"\u00c9crit par\" \/>\n\t<meta name=\"twitter:data1\" content=\"oliviere\" \/>\n<script type=\"application\/ld+json\" class=\"yoast-schema-graph\">{\"@context\":\"https:\\\/\\\/schema.org\",\"@graph\":[{\"@type\":\"Article\",\"@id\":\"https:\\\/\\\/fr.motocrossmag.be\\\/index.php\\\/2011\\\/04\\\/galerie-photos-le-gp-de-sevlievo-en-images\\\/#article\",\"isPartOf\":{\"@id\":\"https:\\\/\\\/fr.motocrossmag.be\\\/index.php\\\/2011\\\/04\\\/galerie-photos-le-gp-de-sevlievo-en-images\\\/\"},\"author\":{\"name\":\"oliviere\",\"@id\":\"https:\\\/\\\/fr.motocrossmag.be\\\/#\\\/schema\\\/person\\\/11b47143d9f755babca2c9110e03235c\"},\"headline\":\"Galerie photos | Le GP de Sevlievo en images\",\"datePublished\":\"2011-04-12T09:56:34+00:00\",\"mainEntityOfPage\":{\"@id\":\"https:\\\/\\\/fr.motocrossmag.be\\\/index.php\\\/2011\\\/04\\\/galerie-photos-le-gp-de-sevlievo-en-images\\\/\"},\"wordCount\":48,\"commentCount\":0,\"image\":{\"@id\":\"https:\\\/\\\/fr.motocrossmag.be\\\/index.php\\\/2011\\\/04\\\/galerie-photos-le-gp-de-sevlievo-en-images\\\/#primaryimage\"},\"thumbnailUrl\":\"http:\\\/\\\/fr.motocrossmag.be\\\/wp-content\\\/uploads\\\/2011\\\/04\\\/_ds_3825-150x150.jpg\",\"articleSection\":[\"Motocross\",\"Motocross MXGP\",\"Photos\"],\"inLanguage\":\"fr-FR\",\"potentialAction\":[{\"@type\":\"CommentAction\",\"name\":\"Comment\",\"target\":[\"https:\\\/\\\/fr.motocrossmag.be\\\/index.php\\\/2011\\\/04\\\/galerie-photos-le-gp-de-sevlievo-en-images\\\/#respond\"]}]},{\"@type\":\"WebPage\",\"@id\":\"https:\\\/\\\/fr.motocrossmag.be\\\/index.php\\\/2011\\\/04\\\/galerie-photos-le-gp-de-sevlievo-en-images\\\/\",\"url\":\"https:\\\/\\\/fr.motocrossmag.be\\\/index.php\\\/2011\\\/04\\\/galerie-photos-le-gp-de-sevlievo-en-images\\\/\",\"name\":\"Galerie photos | Le GP de Sevlievo en images - Motocross - Enduro - Supermoto | MotocrossMag\",\"isPartOf\":{\"@id\":\"https:\\\/\\\/fr.motocrossmag.be\\\/#website\"},\"primaryImageOfPage\":{\"@id\":\"https:\\\/\\\/fr.motocrossmag.be\\\/index.php\\\/2011\\\/04\\\/galerie-photos-le-gp-de-sevlievo-en-images\\\/#primaryimage\"},\"image\":{\"@id\":\"https:\\\/\\\/fr.motocrossmag.be\\\/index.php\\\/2011\\\/04\\\/galerie-photos-le-gp-de-sevlievo-en-images\\\/#primaryimage\"},\"thumbnailUrl\":\"http:\\\/\\\/fr.motocrossmag.be\\\/wp-content\\\/uploads\\\/2011\\\/04\\\/_ds_3825-150x150.jpg\",\"datePublished\":\"2011-04-12T09:56:34+00:00\",\"author\":{\"@id\":\"https:\\\/\\\/fr.motocrossmag.be\\\/#\\\/schema\\\/person\\\/11b47143d9f755babca2c9110e03235c\"},\"breadcrumb\":{\"@id\":\"https:\\\/\\\/fr.motocrossmag.be\\\/index.php\\\/2011\\\/04\\\/galerie-photos-le-gp-de-sevlievo-en-images\\\/#breadcrumb\"},\"inLanguage\":\"fr-FR\",\"potentialAction\":[{\"@type\":\"ReadAction\",\"target\":[\"https:\\\/\\\/fr.motocrossmag.be\\\/index.php\\\/2011\\\/04\\\/galerie-photos-le-gp-de-sevlievo-en-images\\\/\"]}]},{\"@type\":\"ImageObject\",\"inLanguage\":\"fr-FR\",\"@id\":\"https:\\\/\\\/fr.motocrossmag.be\\\/index.php\\\/2011\\\/04\\\/galerie-photos-le-gp-de-sevlievo-en-images\\\/#primaryimage\",\"url\":\"https:\\\/\\\/fr.motocrossmag.be\\\/wp-content\\\/uploads\\\/2011\\\/04\\\/_ds_3825.jpg\",\"contentUrl\":\"https:\\\/\\\/fr.motocrossmag.be\\\/wp-content\\\/uploads\\\/2011\\\/04\\\/_ds_3825.jpg\",\"width\":800,\"height\":533},{\"@type\":\"BreadcrumbList\",\"@id\":\"https:\\\/\\\/fr.motocrossmag.be\\\/index.php\\\/2011\\\/04\\\/galerie-photos-le-gp-de-sevlievo-en-images\\\/#breadcrumb\",\"itemListElement\":[{\"@type\":\"ListItem\",\"position\":1,\"name\":\"Accueil\",\"item\":\"https:\\\/\\\/fr.motocrossmag.be\\\/\"},{\"@type\":\"ListItem\",\"position\":2,\"name\":\"Galerie photos | Le GP de Sevlievo en images\"}]},{\"@type\":\"WebSite\",\"@id\":\"https:\\\/\\\/fr.motocrossmag.be\\\/#website\",\"url\":\"https:\\\/\\\/fr.motocrossmag.be\\\/\",\"name\":\"Motocross - Enduro - Supermoto | MotocrossMag\",\"description\":\"L&#039;actualit\u00e9 du motocross, de l&#039;enduro et du Supermoto en ligne!\",\"potentialAction\":[{\"@type\":\"SearchAction\",\"target\":{\"@type\":\"EntryPoint\",\"urlTemplate\":\"https:\\\/\\\/fr.motocrossmag.be\\\/?s={search_term_string}\"},\"query-input\":{\"@type\":\"PropertyValueSpecification\",\"valueRequired\":true,\"valueName\":\"search_term_string\"}}],\"inLanguage\":\"fr-FR\"},{\"@type\":\"Person\",\"@id\":\"https:\\\/\\\/fr.motocrossmag.be\\\/#\\\/schema\\\/person\\\/11b47143d9f755babca2c9110e03235c\",\"name\":\"oliviere\",\"image\":{\"@type\":\"ImageObject\",\"inLanguage\":\"fr-FR\",\"@id\":\"https:\\\/\\\/secure.gravatar.com\\\/avatar\\\/907069e0b81d119452040469e4a7501da1100f54f7f80180ce77bfab718288f6?s=96&d=mm&r=g\",\"url\":\"https:\\\/\\\/secure.gravatar.com\\\/avatar\\\/907069e0b81d119452040469e4a7501da1100f54f7f80180ce77bfab718288f6?s=96&d=mm&r=g\",\"contentUrl\":\"https:\\\/\\\/secure.gravatar.com\\\/avatar\\\/907069e0b81d119452040469e4a7501da1100f54f7f80180ce77bfab718288f6?s=96&d=mm&r=g\",\"caption\":\"oliviere\"},\"sameAs\":[\"http:\\\/\\\/www.motocrossmag.be\"],\"url\":\"https:\\\/\\\/fr.motocrossmag.be\\\/index.php\\\/author\\\/oliviere\\\/\"}]}<\/script>\n<!-- \/ Yoast SEO plugin. -->","yoast_head_json":{"title":"Galerie photos | Le GP de Sevlievo en images - Motocross - Enduro - Supermoto | MotocrossMag","robots":{"index":"index","follow":"follow","max-snippet":"max-snippet:-1","max-image-preview":"max-image-preview:large","max-video-preview":"max-video-preview:-1"},"canonical":"https:\/\/fr.motocrossmag.be\/index.php\/2011\/04\/galerie-photos-le-gp-de-sevlievo-en-images\/","og_locale":"fr_FR","og_type":"article","og_title":"Galerie photos | Le GP de Sevlievo en images - Motocross - Enduro - Supermoto | MotocrossMag","og_description":"Retour en images sur le premier GP de la saison 2011 \u00e0\u00a0 Sevlievo. De Bulgarie, notre photographe maison CDS nous ram\u00e8ne encore une fois de superbes clich\u00e9s qui nous permettent de d\u00e9couvir les couleurs 2011 du paddock MXGP. Photos: CDS \u00a0\u00a0 \u00a0\u00a0 \u00a0\u00a0 \u00a0\u00a0 \u00a0\u00a0 \u00a0\u00a0 \u00a0\u00a0 \u00a0\u00a0 \u00a0\u00a0 \u00a0\u00a0 \u00a0\u00a0 \u00a0\u00a0 \u00a0\u00a0 \u00a0\u00a0 \u00a0\u00a0 [&hellip;]","og_url":"https:\/\/fr.motocrossmag.be\/index.php\/2011\/04\/galerie-photos-le-gp-de-sevlievo-en-images\/","og_site_name":"Motocross - Enduro - Supermoto | MotocrossMag","article_published_time":"2011-04-12T09:56:34+00:00","og_image":[{"url":"http:\/\/fr.motocrossmag.be\/wp-content\/uploads\/2011\/04\/_ds_3825-150x150.jpg","type":"","width":"","height":""}],"author":"oliviere","twitter_card":"summary_large_image","twitter_misc":{"\u00c9crit par":"oliviere"},"schema":{"@context":"https:\/\/schema.org","@graph":[{"@type":"Article","@id":"https:\/\/fr.motocrossmag.be\/index.php\/2011\/04\/galerie-photos-le-gp-de-sevlievo-en-images\/#article","isPartOf":{"@id":"https:\/\/fr.motocrossmag.be\/index.php\/2011\/04\/galerie-photos-le-gp-de-sevlievo-en-images\/"},"author":{"name":"oliviere","@id":"https:\/\/fr.motocrossmag.be\/#\/schema\/person\/11b47143d9f755babca2c9110e03235c"},"headline":"Galerie photos | Le GP de Sevlievo en images","datePublished":"2011-04-12T09:56:34+00:00","mainEntityOfPage":{"@id":"https:\/\/fr.motocrossmag.be\/index.php\/2011\/04\/galerie-photos-le-gp-de-sevlievo-en-images\/"},"wordCount":48,"commentCount":0,"image":{"@id":"https:\/\/fr.motocrossmag.be\/index.php\/2011\/04\/galerie-photos-le-gp-de-sevlievo-en-images\/#primaryimage"},"thumbnailUrl":"http:\/\/fr.motocrossmag.be\/wp-content\/uploads\/2011\/04\/_ds_3825-150x150.jpg","articleSection":["Motocross","Motocross MXGP","Photos"],"inLanguage":"fr-FR","potentialAction":[{"@type":"CommentAction","name":"Comment","target":["https:\/\/fr.motocrossmag.be\/index.php\/2011\/04\/galerie-photos-le-gp-de-sevlievo-en-images\/#respond"]}]},{"@type":"WebPage","@id":"https:\/\/fr.motocrossmag.be\/index.php\/2011\/04\/galerie-photos-le-gp-de-sevlievo-en-images\/","url":"https:\/\/fr.motocrossmag.be\/index.php\/2011\/04\/galerie-photos-le-gp-de-sevlievo-en-images\/","name":"Galerie photos | Le GP de Sevlievo en images - Motocross - Enduro - Supermoto | MotocrossMag","isPartOf":{"@id":"https:\/\/fr.motocrossmag.be\/#website"},"primaryImageOfPage":{"@id":"https:\/\/fr.motocrossmag.be\/index.php\/2011\/04\/galerie-photos-le-gp-de-sevlievo-en-images\/#primaryimage"},"image":{"@id":"https:\/\/fr.motocrossmag.be\/index.php\/2011\/04\/galerie-photos-le-gp-de-sevlievo-en-images\/#primaryimage"},"thumbnailUrl":"http:\/\/fr.motocrossmag.be\/wp-content\/uploads\/2011\/04\/_ds_3825-150x150.jpg","datePublished":"2011-04-12T09:56:34+00:00","author":{"@id":"https:\/\/fr.motocrossmag.be\/#\/schema\/person\/11b47143d9f755babca2c9110e03235c"},"breadcrumb":{"@id":"https:\/\/fr.motocrossmag.be\/index.php\/2011\/04\/galerie-photos-le-gp-de-sevlievo-en-images\/#breadcrumb"},"inLanguage":"fr-FR","potentialAction":[{"@type":"ReadAction","target":["https:\/\/fr.motocrossmag.be\/index.php\/2011\/04\/galerie-photos-le-gp-de-sevlievo-en-images\/"]}]},{"@type":"ImageObject","inLanguage":"fr-FR","@id":"https:\/\/fr.motocrossmag.be\/index.php\/2011\/04\/galerie-photos-le-gp-de-sevlievo-en-images\/#primaryimage","url":"https:\/\/fr.motocrossmag.be\/wp-content\/uploads\/2011\/04\/_ds_3825.jpg","contentUrl":"https:\/\/fr.motocrossmag.be\/wp-content\/uploads\/2011\/04\/_ds_3825.jpg","width":800,"height":533},{"@type":"BreadcrumbList","@id":"https:\/\/fr.motocrossmag.be\/index.php\/2011\/04\/galerie-photos-le-gp-de-sevlievo-en-images\/#breadcrumb","itemListElement":[{"@type":"ListItem","position":1,"name":"Accueil","item":"https:\/\/fr.motocrossmag.be\/"},{"@type":"ListItem","position":2,"name":"Galerie photos | Le GP de Sevlievo en images"}]},{"@type":"WebSite","@id":"https:\/\/fr.motocrossmag.be\/#website","url":"https:\/\/fr.motocrossmag.be\/","name":"Motocross - Enduro - Supermoto | MotocrossMag","description":"L&#039;actualit\u00e9 du motocross, de l&#039;enduro et du Supermoto en ligne!","potentialAction":[{"@type":"SearchAction","target":{"@type":"EntryPoint","urlTemplate":"https:\/\/fr.motocrossmag.be\/?s={search_term_string}"},"query-input":{"@type":"PropertyValueSpecification","valueRequired":true,"valueName":"search_term_string"}}],"inLanguage":"fr-FR"},{"@type":"Person","@id":"https:\/\/fr.motocrossmag.be\/#\/schema\/person\/11b47143d9f755babca2c9110e03235c","name":"oliviere","image":{"@type":"ImageObject","inLanguage":"fr-FR","@id":"https:\/\/secure.gravatar.com\/avatar\/907069e0b81d119452040469e4a7501da1100f54f7f80180ce77bfab718288f6?s=96&d=mm&r=g","url":"https:\/\/secure.gravatar.com\/avatar\/907069e0b81d119452040469e4a7501da1100f54f7f80180ce77bfab718288f6?s=96&d=mm&r=g","contentUrl":"https:\/\/secure.gravatar.com\/avatar\/907069e0b81d119452040469e4a7501da1100f54f7f80180ce77bfab718288f6?s=96&d=mm&r=g","caption":"oliviere"},"sameAs":["http:\/\/www.motocrossmag.be"],"url":"https:\/\/fr.motocrossmag.be\/index.php\/author\/oliviere\/"}]}},"_links":{"self":[{"href":"https:\/\/fr.motocrossmag.be\/index.php\/wp-json\/wp\/v2\/posts\/10529","targetHints":{"allow":["GET"]}}],"collection":[{"href":"https:\/\/fr.motocrossmag.be\/index.php\/wp-json\/wp\/v2\/posts"}],"about":[{"href":"https:\/\/fr.motocrossmag.be\/index.php\/wp-json\/wp\/v2\/types\/post"}],"author":[{"embeddable":true,"href":"https:\/\/fr.motocrossmag.be\/index.php\/wp-json\/wp\/v2\/users\/932"}],"replies":[{"embeddable":true,"href":"https:\/\/fr.motocrossmag.be\/index.php\/wp-json\/wp\/v2\/comments?post=10529"}],"version-history":[{"count":0,"href":"https:\/\/fr.motocrossmag.be\/index.php\/wp-json\/wp\/v2\/posts\/10529\/revisions"}],"wp:attachment":[{"href":"https:\/\/fr.motocrossmag.be\/index.php\/wp-json\/wp\/v2\/media?parent=10529"}],"wp:term":[{"taxonomy":"category","embeddable":true,"href":"https:\/\/fr.motocrossmag.be\/index.php\/wp-json\/wp\/v2\/categories?post=10529"},{"taxonomy":"post_tag","embeddable":true,"href":"https:\/\/fr.motocrossmag.be\/index.php\/wp-json\/wp\/v2\/tags?post=10529"}],"curies":[{"name":"wp","href":"https:\/\/api.w.org\/{rel}","templated":true}]}}