{"id":10685,"date":"2011-04-25T00:22:36","date_gmt":"2011-04-24T23:22:36","guid":{"rendered":"http:\/\/fr.motocrossmag.be\/?p=10685"},"modified":"2011-04-25T00:24:38","modified_gmt":"2011-04-24T23:24:38","slug":"galerie-photos-photos-le-dimanche-a-valkenswaard","status":"publish","type":"post","link":"https:\/\/fr.motocrossmag.be\/index.php\/2011\/04\/galerie-photos-photos-le-dimanche-a-valkenswaard\/","title":{"rendered":"Galerie photos | Photos: le dimanche \u00e0\u00a0 Valkenswaard"},"content":{"rendered":"<p id=\"[object]\">De belles courses ce dimanche apr\u00e8s-midi dans le sable de Valkenswaard. Du soleil et pas mal de supporters \u00e9galement pour faire de cette premi\u00e8re journ\u00e9e du second GP de la saison une journ\u00e9e haute en couleurs\u00a0qui s&rsquo;est cl\u00f4tur\u00e9e sur les succ\u00e8s de Max Nagl (MX1) et Jeffrey Herlings (MX2).<\/p>\n<p>Photos: CDS<\/p><div class=\"bcqjn6a9887e6086a2\" ><!-- \/91277017\/Inline-articles-mobile -->\n<div style=\"margin:auto; text-align:center !important\">\n<div id='div-gpt-ad-1784982661365-0' style='min-width: 250px; min-height: 75px;'>\n  <script>\n    googletag.cmd.push(function() { googletag.display('div-gpt-ad-1784982661365-0'); });\n  <\/script>\n<\/div><\/div><\/div><style type=\"text\/css\">\r\n.bcqjn6a9887e6086a2 {\r\nmargin-bottom:30px;margin-top:20px\r\n}\r\n@media screen and (min-width: 1201px) {\r\n.bcqjn6a9887e6086a2 {\r\ndisplay: block;\r\n}\r\n}\r\n@media screen and (min-width: 993px) and (max-width: 1200px) {\r\n.bcqjn6a9887e6086a2 {\r\ndisplay: block;\r\n}\r\n}\r\n@media screen and (min-width: 769px) and (max-width: 992px) {\r\n.bcqjn6a9887e6086a2 {\r\ndisplay: block;\r\n}\r\n}\r\n@media screen and (min-width: 768px) and (max-width: 768px) {\r\n.bcqjn6a9887e6086a2 {\r\ndisplay: block;\r\n}\r\n}\r\n@media screen and (max-width: 767px) {\r\n.bcqjn6a9887e6086a2 {\r\ndisplay: block;\r\n}\r\n}\r\n<\/style>\r\n\n<p id=\"[object]\"><a id=\"[object]\" rel=\"lightbox dia=1\" href=\"http:\/\/fr.motocrossmag.be\/wp-content\/uploads\/2011\/04\/_ds_5931.jpg\"><img decoding=\"async\" id=\"[object]\" class=\"alignnone size-thumbnail wp-image-10704\" title=\"_ds_5931\" src=\"http:\/\/fr.motocrossmag.be\/wp-content\/uploads\/2011\/04\/_ds_5931-150x150.jpg\" alt=\"\" width=\"150\" height=\"150\" \/><\/a>\u00a0\u00a0 <a id=\"[object]\" rel=\"lightbox dia=1\" href=\"http:\/\/fr.motocrossmag.be\/wp-content\/uploads\/2011\/04\/_ds_6116.jpg\"><img decoding=\"async\" id=\"[object]\" class=\"alignnone size-thumbnail wp-image-10702\" title=\"_ds_6116\" src=\"http:\/\/fr.motocrossmag.be\/wp-content\/uploads\/2011\/04\/_ds_6116-150x150.jpg\" alt=\"\" width=\"150\" height=\"150\" \/><\/a>\u00a0\u00a0 <a id=\"[object]\" rel=\"lightbox dia=1\" href=\"http:\/\/fr.motocrossmag.be\/wp-content\/uploads\/2011\/04\/_ds_6136.jpg\"><img decoding=\"async\" class=\"alignnone size-thumbnail wp-image-10701\" title=\"_ds_6136\" src=\"http:\/\/fr.motocrossmag.be\/wp-content\/uploads\/2011\/04\/_ds_6136-150x150.jpg\" alt=\"\" width=\"150\" height=\"150\" \/><\/a><br \/>\n<a id=\"[object]\" rel=\"lightbox dia=1\" href=\"http:\/\/fr.motocrossmag.be\/wp-content\/uploads\/2011\/04\/_ds_6597.jpg\"><img decoding=\"async\" class=\"alignnone size-thumbnail wp-image-10700\" title=\"_ds_6597\" src=\"http:\/\/fr.motocrossmag.be\/wp-content\/uploads\/2011\/04\/_ds_6597-150x150.jpg\" alt=\"\" width=\"150\" height=\"150\" \/><\/a>\u00a0\u00a0 <a id=\"[object]\" rel=\"lightbox dia=1\" href=\"http:\/\/fr.motocrossmag.be\/wp-content\/uploads\/2011\/04\/_ds_6610.jpg\"><img decoding=\"async\" class=\"alignnone size-thumbnail wp-image-10699\" title=\"_ds_6610\" src=\"http:\/\/fr.motocrossmag.be\/wp-content\/uploads\/2011\/04\/_ds_6610-150x150.jpg\" alt=\"\" width=\"150\" height=\"150\" \/><\/a>\u00a0\u00a0 <a id=\"[object]\" rel=\"lightbox dia=1\" href=\"http:\/\/fr.motocrossmag.be\/wp-content\/uploads\/2011\/04\/_ds_6680.jpg\"><img decoding=\"async\" class=\"alignnone size-thumbnail wp-image-10698\" title=\"_ds_6680\" src=\"http:\/\/fr.motocrossmag.be\/wp-content\/uploads\/2011\/04\/_ds_6680-150x150.jpg\" alt=\"\" width=\"150\" height=\"150\" \/><\/a><br \/>\n<a id=\"[object]\" rel=\"lightbox dia=1\" href=\"http:\/\/fr.motocrossmag.be\/wp-content\/uploads\/2011\/04\/_ds_6948.jpg\"><img decoding=\"async\" class=\"alignnone size-thumbnail wp-image-10697\" title=\"_ds_6948\" src=\"http:\/\/fr.motocrossmag.be\/wp-content\/uploads\/2011\/04\/_ds_6948-150x150.jpg\" alt=\"\" width=\"150\" height=\"150\" \/><\/a>\u00a0\u00a0 <a id=\"[object]\" rel=\"lightbox dia=1\" href=\"http:\/\/fr.motocrossmag.be\/wp-content\/uploads\/2011\/04\/_ds_6996.jpg\"><img decoding=\"async\" class=\"alignnone size-thumbnail wp-image-10696\" title=\"_ds_6996\" src=\"http:\/\/fr.motocrossmag.be\/wp-content\/uploads\/2011\/04\/_ds_6996-150x150.jpg\" alt=\"\" width=\"150\" height=\"150\" \/><\/a>\u00a0\u00a0 <a id=\"[object]\" rel=\"lightbox dia=1\" href=\"http:\/\/fr.motocrossmag.be\/wp-content\/uploads\/2011\/04\/_ds_7050.jpg\"><img decoding=\"async\" class=\"alignnone size-thumbnail wp-image-10695\" title=\"_ds_7050\" src=\"http:\/\/fr.motocrossmag.be\/wp-content\/uploads\/2011\/04\/_ds_7050-150x150.jpg\" alt=\"\" width=\"150\" height=\"150\" \/><\/a><br \/>\n<a id=\"[object]\" rel=\"lightbox dia=1\" href=\"http:\/\/fr.motocrossmag.be\/wp-content\/uploads\/2011\/04\/_ds_7055.jpg\"><img decoding=\"async\" class=\"alignnone size-thumbnail wp-image-10694\" title=\"_ds_7055\" src=\"http:\/\/fr.motocrossmag.be\/wp-content\/uploads\/2011\/04\/_ds_7055-150x150.jpg\" alt=\"\" width=\"150\" height=\"150\" \/><\/a>\u00a0\u00a0 <a id=\"[object]\" rel=\"lightbox dia=1\" href=\"http:\/\/fr.motocrossmag.be\/wp-content\/uploads\/2011\/04\/_ds_7153.jpg\"><img decoding=\"async\" class=\"alignnone size-thumbnail wp-image-10693\" title=\"_ds_7153\" src=\"http:\/\/fr.motocrossmag.be\/wp-content\/uploads\/2011\/04\/_ds_7153-150x150.jpg\" alt=\"\" width=\"150\" height=\"150\" \/><\/a>\u00a0\u00a0 <a id=\"[object]\" rel=\"lightbox dia=1\" href=\"http:\/\/fr.motocrossmag.be\/wp-content\/uploads\/2011\/04\/_v7m5793.jpg\"><img decoding=\"async\" class=\"alignnone size-thumbnail wp-image-10692\" title=\"_v7m5793\" src=\"http:\/\/fr.motocrossmag.be\/wp-content\/uploads\/2011\/04\/_v7m5793-150x150.jpg\" alt=\"\" width=\"150\" height=\"150\" \/><\/a><br \/>\n<a id=\"[object]\" rel=\"lightbox dia=1\" href=\"http:\/\/fr.motocrossmag.be\/wp-content\/uploads\/2011\/04\/_v7m5800.jpg\"><img decoding=\"async\" class=\"alignnone size-thumbnail wp-image-10691\" title=\"_v7m5800\" src=\"http:\/\/fr.motocrossmag.be\/wp-content\/uploads\/2011\/04\/_v7m5800-150x150.jpg\" alt=\"\" width=\"150\" height=\"150\" \/><\/a>\u00a0\u00a0 <a id=\"[object]\" rel=\"lightbox dia=1\" href=\"http:\/\/fr.motocrossmag.be\/wp-content\/uploads\/2011\/04\/_v7m5887.jpg\"><img decoding=\"async\" class=\"alignnone size-thumbnail wp-image-10690\" title=\"_v7m5887\" src=\"http:\/\/fr.motocrossmag.be\/wp-content\/uploads\/2011\/04\/_v7m5887-150x150.jpg\" alt=\"\" width=\"150\" height=\"150\" \/><\/a>\u00a0\u00a0 <a id=\"[object]\" rel=\"lightbox dia=1\" href=\"http:\/\/fr.motocrossmag.be\/wp-content\/uploads\/2011\/04\/_v7m5895.jpg\"><img decoding=\"async\" class=\"alignnone size-thumbnail wp-image-10689\" title=\"_v7m5895\" src=\"http:\/\/fr.motocrossmag.be\/wp-content\/uploads\/2011\/04\/_v7m5895-150x150.jpg\" alt=\"\" width=\"150\" height=\"150\" \/><\/a><br \/>\n<a id=\"[object]\" rel=\"lightbox dia=1\" href=\"http:\/\/fr.motocrossmag.be\/wp-content\/uploads\/2011\/04\/_v7m6021.jpg\"><img decoding=\"async\" class=\"alignnone size-thumbnail wp-image-10688\" title=\"_v7m6021\" src=\"http:\/\/fr.motocrossmag.be\/wp-content\/uploads\/2011\/04\/_v7m6021-150x150.jpg\" alt=\"\" width=\"150\" height=\"150\" \/><\/a>\u00a0\u00a0 <a id=\"[object]\" rel=\"lightbox dia=1\" href=\"http:\/\/fr.motocrossmag.be\/wp-content\/uploads\/2011\/04\/_v7m6175.jpg\"><img decoding=\"async\" class=\"alignnone size-thumbnail wp-image-10687\" title=\"_v7m6175\" src=\"http:\/\/fr.motocrossmag.be\/wp-content\/uploads\/2011\/04\/_v7m6175-150x150.jpg\" alt=\"\" width=\"150\" height=\"150\" \/><\/a>\u00a0\u00a0 <a rel=\"lightbox dia=1\" href=\"http:\/\/fr.motocrossmag.be\/wp-content\/uploads\/2011\/04\/ramon_intro.jpg\"><img decoding=\"async\" class=\"alignnone size-thumbnail wp-image-10686\" title=\"ramon_intro\" src=\"http:\/\/fr.motocrossmag.be\/wp-content\/uploads\/2011\/04\/ramon_intro-150x150.jpg\" alt=\"\" width=\"150\" height=\"150\" \/><\/a><\/p>\n","protected":false},"excerpt":{"rendered":"<p>De belles courses ce dimanche apr\u00e8s-midi dans le sable de Valkenswaard. Du soleil et pas mal de supporters \u00e9galement pour faire de cette premi\u00e8re journ\u00e9e du second GP de la saison une journ\u00e9e haute en couleurs\u00a0qui s&rsquo;est cl\u00f4tur\u00e9e sur les succ\u00e8s de Max Nagl (MX1) et Jeffrey Herlings (MX2). Photos: CDS \u00a0\u00a0 \u00a0\u00a0 \u00a0\u00a0 \u00a0\u00a0 [&hellip;]<\/p>\n","protected":false},"author":932,"featured_media":0,"comment_status":"open","ping_status":"closed","sticky":false,"template":"","format":"standard","meta":{"tdm_status":"","tdm_grid_status":"","footnotes":""},"categories":[4,6,66],"tags":[],"class_list":["post-10685","post","type-post","status-publish","format-standard","category-motocross","category-mx1mx2","category-photos"],"yoast_head":"<!-- This site is optimized with the Yoast SEO plugin v28.4 - https:\/\/yoast.com\/product\/yoast-seo-wordpress\/ -->\n<title>Galerie photos | Photos: le dimanche \u00e0\u00a0 Valkenswaard - Motocross - Enduro - Supermoto | MotocrossMag<\/title>\n<meta name=\"robots\" content=\"index, follow, max-snippet:-1, max-image-preview:large, max-video-preview:-1\" \/>\n<link rel=\"canonical\" href=\"https:\/\/fr.motocrossmag.be\/index.php\/2011\/04\/galerie-photos-photos-le-dimanche-a-valkenswaard\/\" \/>\n<meta property=\"og:locale\" content=\"fr_FR\" \/>\n<meta property=\"og:type\" content=\"article\" \/>\n<meta property=\"og:title\" content=\"Galerie photos | Photos: le dimanche \u00e0\u00a0 Valkenswaard - Motocross - Enduro - Supermoto | MotocrossMag\" \/>\n<meta property=\"og:description\" content=\"De belles courses ce dimanche apr\u00e8s-midi dans le sable de Valkenswaard. Du soleil et pas mal de supporters \u00e9galement pour faire de cette premi\u00e8re journ\u00e9e du second GP de la saison une journ\u00e9e haute en couleurs\u00a0qui s&rsquo;est cl\u00f4tur\u00e9e sur les succ\u00e8s de Max Nagl (MX1) et Jeffrey Herlings (MX2). Photos: CDS \u00a0\u00a0 \u00a0\u00a0 \u00a0\u00a0 \u00a0\u00a0 [&hellip;]\" \/>\n<meta property=\"og:url\" content=\"https:\/\/fr.motocrossmag.be\/index.php\/2011\/04\/galerie-photos-photos-le-dimanche-a-valkenswaard\/\" \/>\n<meta property=\"og:site_name\" content=\"Motocross - Enduro - Supermoto | MotocrossMag\" \/>\n<meta property=\"article:published_time\" content=\"2011-04-24T23:22:36+00:00\" \/>\n<meta property=\"article:modified_time\" content=\"2011-04-24T23:24:38+00:00\" \/>\n<meta property=\"og:image\" content=\"http:\/\/fr.motocrossmag.be\/wp-content\/uploads\/2011\/04\/_ds_5931-150x150.jpg\" \/>\n<meta name=\"author\" content=\"oliviere\" \/>\n<meta name=\"twitter:card\" content=\"summary_large_image\" \/>\n<meta name=\"twitter:label1\" content=\"\u00c9crit par\" \/>\n\t<meta name=\"twitter:data1\" content=\"oliviere\" \/>\n<script type=\"application\/ld+json\" class=\"yoast-schema-graph\">{\"@context\":\"https:\\\/\\\/schema.org\",\"@graph\":[{\"@type\":\"Article\",\"@id\":\"https:\\\/\\\/fr.motocrossmag.be\\\/index.php\\\/2011\\\/04\\\/galerie-photos-photos-le-dimanche-a-valkenswaard\\\/#article\",\"isPartOf\":{\"@id\":\"https:\\\/\\\/fr.motocrossmag.be\\\/index.php\\\/2011\\\/04\\\/galerie-photos-photos-le-dimanche-a-valkenswaard\\\/\"},\"author\":{\"name\":\"oliviere\",\"@id\":\"https:\\\/\\\/fr.motocrossmag.be\\\/#\\\/schema\\\/person\\\/11b47143d9f755babca2c9110e03235c\"},\"headline\":\"Galerie photos | Photos: le dimanche \u00e0\u00a0 Valkenswaard\",\"datePublished\":\"2011-04-24T23:22:36+00:00\",\"dateModified\":\"2011-04-24T23:24:38+00:00\",\"mainEntityOfPage\":{\"@id\":\"https:\\\/\\\/fr.motocrossmag.be\\\/index.php\\\/2011\\\/04\\\/galerie-photos-photos-le-dimanche-a-valkenswaard\\\/\"},\"wordCount\":66,\"commentCount\":0,\"image\":{\"@id\":\"https:\\\/\\\/fr.motocrossmag.be\\\/index.php\\\/2011\\\/04\\\/galerie-photos-photos-le-dimanche-a-valkenswaard\\\/#primaryimage\"},\"thumbnailUrl\":\"http:\\\/\\\/fr.motocrossmag.be\\\/wp-content\\\/uploads\\\/2011\\\/04\\\/_ds_5931-150x150.jpg\",\"articleSection\":[\"Motocross\",\"Motocross MXGP\",\"Photos\"],\"inLanguage\":\"fr-FR\",\"potentialAction\":[{\"@type\":\"CommentAction\",\"name\":\"Comment\",\"target\":[\"https:\\\/\\\/fr.motocrossmag.be\\\/index.php\\\/2011\\\/04\\\/galerie-photos-photos-le-dimanche-a-valkenswaard\\\/#respond\"]}]},{\"@type\":\"WebPage\",\"@id\":\"https:\\\/\\\/fr.motocrossmag.be\\\/index.php\\\/2011\\\/04\\\/galerie-photos-photos-le-dimanche-a-valkenswaard\\\/\",\"url\":\"https:\\\/\\\/fr.motocrossmag.be\\\/index.php\\\/2011\\\/04\\\/galerie-photos-photos-le-dimanche-a-valkenswaard\\\/\",\"name\":\"Galerie photos | Photos: le dimanche \u00e0\u00a0 Valkenswaard - Motocross - Enduro - Supermoto | MotocrossMag\",\"isPartOf\":{\"@id\":\"https:\\\/\\\/fr.motocrossmag.be\\\/#website\"},\"primaryImageOfPage\":{\"@id\":\"https:\\\/\\\/fr.motocrossmag.be\\\/index.php\\\/2011\\\/04\\\/galerie-photos-photos-le-dimanche-a-valkenswaard\\\/#primaryimage\"},\"image\":{\"@id\":\"https:\\\/\\\/fr.motocrossmag.be\\\/index.php\\\/2011\\\/04\\\/galerie-photos-photos-le-dimanche-a-valkenswaard\\\/#primaryimage\"},\"thumbnailUrl\":\"http:\\\/\\\/fr.motocrossmag.be\\\/wp-content\\\/uploads\\\/2011\\\/04\\\/_ds_5931-150x150.jpg\",\"datePublished\":\"2011-04-24T23:22:36+00:00\",\"dateModified\":\"2011-04-24T23:24:38+00:00\",\"author\":{\"@id\":\"https:\\\/\\\/fr.motocrossmag.be\\\/#\\\/schema\\\/person\\\/11b47143d9f755babca2c9110e03235c\"},\"breadcrumb\":{\"@id\":\"https:\\\/\\\/fr.motocrossmag.be\\\/index.php\\\/2011\\\/04\\\/galerie-photos-photos-le-dimanche-a-valkenswaard\\\/#breadcrumb\"},\"inLanguage\":\"fr-FR\",\"potentialAction\":[{\"@type\":\"ReadAction\",\"target\":[\"https:\\\/\\\/fr.motocrossmag.be\\\/index.php\\\/2011\\\/04\\\/galerie-photos-photos-le-dimanche-a-valkenswaard\\\/\"]}]},{\"@type\":\"ImageObject\",\"inLanguage\":\"fr-FR\",\"@id\":\"https:\\\/\\\/fr.motocrossmag.be\\\/index.php\\\/2011\\\/04\\\/galerie-photos-photos-le-dimanche-a-valkenswaard\\\/#primaryimage\",\"url\":\"https:\\\/\\\/fr.motocrossmag.be\\\/wp-content\\\/uploads\\\/2011\\\/04\\\/_ds_5931.jpg\",\"contentUrl\":\"https:\\\/\\\/fr.motocrossmag.be\\\/wp-content\\\/uploads\\\/2011\\\/04\\\/_ds_5931.jpg\",\"width\":800,\"height\":533},{\"@type\":\"BreadcrumbList\",\"@id\":\"https:\\\/\\\/fr.motocrossmag.be\\\/index.php\\\/2011\\\/04\\\/galerie-photos-photos-le-dimanche-a-valkenswaard\\\/#breadcrumb\",\"itemListElement\":[{\"@type\":\"ListItem\",\"position\":1,\"name\":\"Accueil\",\"item\":\"https:\\\/\\\/fr.motocrossmag.be\\\/\"},{\"@type\":\"ListItem\",\"position\":2,\"name\":\"Galerie photos | Photos: le dimanche \u00e0\u00a0 Valkenswaard\"}]},{\"@type\":\"WebSite\",\"@id\":\"https:\\\/\\\/fr.motocrossmag.be\\\/#website\",\"url\":\"https:\\\/\\\/fr.motocrossmag.be\\\/\",\"name\":\"Motocross - Enduro - Supermoto | MotocrossMag\",\"description\":\"L&#039;actualit\u00e9 du motocross, de l&#039;enduro et du Supermoto en ligne!\",\"potentialAction\":[{\"@type\":\"SearchAction\",\"target\":{\"@type\":\"EntryPoint\",\"urlTemplate\":\"https:\\\/\\\/fr.motocrossmag.be\\\/?s={search_term_string}\"},\"query-input\":{\"@type\":\"PropertyValueSpecification\",\"valueRequired\":true,\"valueName\":\"search_term_string\"}}],\"inLanguage\":\"fr-FR\"},{\"@type\":\"Person\",\"@id\":\"https:\\\/\\\/fr.motocrossmag.be\\\/#\\\/schema\\\/person\\\/11b47143d9f755babca2c9110e03235c\",\"name\":\"oliviere\",\"image\":{\"@type\":\"ImageObject\",\"inLanguage\":\"fr-FR\",\"@id\":\"https:\\\/\\\/secure.gravatar.com\\\/avatar\\\/907069e0b81d119452040469e4a7501da1100f54f7f80180ce77bfab718288f6?s=96&d=mm&r=g\",\"url\":\"https:\\\/\\\/secure.gravatar.com\\\/avatar\\\/907069e0b81d119452040469e4a7501da1100f54f7f80180ce77bfab718288f6?s=96&d=mm&r=g\",\"contentUrl\":\"https:\\\/\\\/secure.gravatar.com\\\/avatar\\\/907069e0b81d119452040469e4a7501da1100f54f7f80180ce77bfab718288f6?s=96&d=mm&r=g\",\"caption\":\"oliviere\"},\"sameAs\":[\"http:\\\/\\\/www.motocrossmag.be\"],\"url\":\"https:\\\/\\\/fr.motocrossmag.be\\\/index.php\\\/author\\\/oliviere\\\/\"}]}<\/script>\n<!-- \/ Yoast SEO plugin. -->","yoast_head_json":{"title":"Galerie photos | Photos: le dimanche \u00e0\u00a0 Valkenswaard - Motocross - Enduro - Supermoto | MotocrossMag","robots":{"index":"index","follow":"follow","max-snippet":"max-snippet:-1","max-image-preview":"max-image-preview:large","max-video-preview":"max-video-preview:-1"},"canonical":"https:\/\/fr.motocrossmag.be\/index.php\/2011\/04\/galerie-photos-photos-le-dimanche-a-valkenswaard\/","og_locale":"fr_FR","og_type":"article","og_title":"Galerie photos | Photos: le dimanche \u00e0\u00a0 Valkenswaard - Motocross - Enduro - Supermoto | MotocrossMag","og_description":"De belles courses ce dimanche apr\u00e8s-midi dans le sable de Valkenswaard. Du soleil et pas mal de supporters \u00e9galement pour faire de cette premi\u00e8re journ\u00e9e du second GP de la saison une journ\u00e9e haute en couleurs\u00a0qui s&rsquo;est cl\u00f4tur\u00e9e sur les succ\u00e8s de Max Nagl (MX1) et Jeffrey Herlings (MX2). Photos: CDS \u00a0\u00a0 \u00a0\u00a0 \u00a0\u00a0 \u00a0\u00a0 [&hellip;]","og_url":"https:\/\/fr.motocrossmag.be\/index.php\/2011\/04\/galerie-photos-photos-le-dimanche-a-valkenswaard\/","og_site_name":"Motocross - Enduro - Supermoto | MotocrossMag","article_published_time":"2011-04-24T23:22:36+00:00","article_modified_time":"2011-04-24T23:24:38+00:00","og_image":[{"url":"http:\/\/fr.motocrossmag.be\/wp-content\/uploads\/2011\/04\/_ds_5931-150x150.jpg","type":"","width":"","height":""}],"author":"oliviere","twitter_card":"summary_large_image","twitter_misc":{"\u00c9crit par":"oliviere"},"schema":{"@context":"https:\/\/schema.org","@graph":[{"@type":"Article","@id":"https:\/\/fr.motocrossmag.be\/index.php\/2011\/04\/galerie-photos-photos-le-dimanche-a-valkenswaard\/#article","isPartOf":{"@id":"https:\/\/fr.motocrossmag.be\/index.php\/2011\/04\/galerie-photos-photos-le-dimanche-a-valkenswaard\/"},"author":{"name":"oliviere","@id":"https:\/\/fr.motocrossmag.be\/#\/schema\/person\/11b47143d9f755babca2c9110e03235c"},"headline":"Galerie photos | Photos: le dimanche \u00e0\u00a0 Valkenswaard","datePublished":"2011-04-24T23:22:36+00:00","dateModified":"2011-04-24T23:24:38+00:00","mainEntityOfPage":{"@id":"https:\/\/fr.motocrossmag.be\/index.php\/2011\/04\/galerie-photos-photos-le-dimanche-a-valkenswaard\/"},"wordCount":66,"commentCount":0,"image":{"@id":"https:\/\/fr.motocrossmag.be\/index.php\/2011\/04\/galerie-photos-photos-le-dimanche-a-valkenswaard\/#primaryimage"},"thumbnailUrl":"http:\/\/fr.motocrossmag.be\/wp-content\/uploads\/2011\/04\/_ds_5931-150x150.jpg","articleSection":["Motocross","Motocross MXGP","Photos"],"inLanguage":"fr-FR","potentialAction":[{"@type":"CommentAction","name":"Comment","target":["https:\/\/fr.motocrossmag.be\/index.php\/2011\/04\/galerie-photos-photos-le-dimanche-a-valkenswaard\/#respond"]}]},{"@type":"WebPage","@id":"https:\/\/fr.motocrossmag.be\/index.php\/2011\/04\/galerie-photos-photos-le-dimanche-a-valkenswaard\/","url":"https:\/\/fr.motocrossmag.be\/index.php\/2011\/04\/galerie-photos-photos-le-dimanche-a-valkenswaard\/","name":"Galerie photos | Photos: le dimanche \u00e0\u00a0 Valkenswaard - Motocross - Enduro - Supermoto | MotocrossMag","isPartOf":{"@id":"https:\/\/fr.motocrossmag.be\/#website"},"primaryImageOfPage":{"@id":"https:\/\/fr.motocrossmag.be\/index.php\/2011\/04\/galerie-photos-photos-le-dimanche-a-valkenswaard\/#primaryimage"},"image":{"@id":"https:\/\/fr.motocrossmag.be\/index.php\/2011\/04\/galerie-photos-photos-le-dimanche-a-valkenswaard\/#primaryimage"},"thumbnailUrl":"http:\/\/fr.motocrossmag.be\/wp-content\/uploads\/2011\/04\/_ds_5931-150x150.jpg","datePublished":"2011-04-24T23:22:36+00:00","dateModified":"2011-04-24T23:24:38+00:00","author":{"@id":"https:\/\/fr.motocrossmag.be\/#\/schema\/person\/11b47143d9f755babca2c9110e03235c"},"breadcrumb":{"@id":"https:\/\/fr.motocrossmag.be\/index.php\/2011\/04\/galerie-photos-photos-le-dimanche-a-valkenswaard\/#breadcrumb"},"inLanguage":"fr-FR","potentialAction":[{"@type":"ReadAction","target":["https:\/\/fr.motocrossmag.be\/index.php\/2011\/04\/galerie-photos-photos-le-dimanche-a-valkenswaard\/"]}]},{"@type":"ImageObject","inLanguage":"fr-FR","@id":"https:\/\/fr.motocrossmag.be\/index.php\/2011\/04\/galerie-photos-photos-le-dimanche-a-valkenswaard\/#primaryimage","url":"https:\/\/fr.motocrossmag.be\/wp-content\/uploads\/2011\/04\/_ds_5931.jpg","contentUrl":"https:\/\/fr.motocrossmag.be\/wp-content\/uploads\/2011\/04\/_ds_5931.jpg","width":800,"height":533},{"@type":"BreadcrumbList","@id":"https:\/\/fr.motocrossmag.be\/index.php\/2011\/04\/galerie-photos-photos-le-dimanche-a-valkenswaard\/#breadcrumb","itemListElement":[{"@type":"ListItem","position":1,"name":"Accueil","item":"https:\/\/fr.motocrossmag.be\/"},{"@type":"ListItem","position":2,"name":"Galerie photos | Photos: le dimanche \u00e0\u00a0 Valkenswaard"}]},{"@type":"WebSite","@id":"https:\/\/fr.motocrossmag.be\/#website","url":"https:\/\/fr.motocrossmag.be\/","name":"Motocross - Enduro - Supermoto | MotocrossMag","description":"L&#039;actualit\u00e9 du motocross, de l&#039;enduro et du Supermoto en ligne!","potentialAction":[{"@type":"SearchAction","target":{"@type":"EntryPoint","urlTemplate":"https:\/\/fr.motocrossmag.be\/?s={search_term_string}"},"query-input":{"@type":"PropertyValueSpecification","valueRequired":true,"valueName":"search_term_string"}}],"inLanguage":"fr-FR"},{"@type":"Person","@id":"https:\/\/fr.motocrossmag.be\/#\/schema\/person\/11b47143d9f755babca2c9110e03235c","name":"oliviere","image":{"@type":"ImageObject","inLanguage":"fr-FR","@id":"https:\/\/secure.gravatar.com\/avatar\/907069e0b81d119452040469e4a7501da1100f54f7f80180ce77bfab718288f6?s=96&d=mm&r=g","url":"https:\/\/secure.gravatar.com\/avatar\/907069e0b81d119452040469e4a7501da1100f54f7f80180ce77bfab718288f6?s=96&d=mm&r=g","contentUrl":"https:\/\/secure.gravatar.com\/avatar\/907069e0b81d119452040469e4a7501da1100f54f7f80180ce77bfab718288f6?s=96&d=mm&r=g","caption":"oliviere"},"sameAs":["http:\/\/www.motocrossmag.be"],"url":"https:\/\/fr.motocrossmag.be\/index.php\/author\/oliviere\/"}]}},"_links":{"self":[{"href":"https:\/\/fr.motocrossmag.be\/index.php\/wp-json\/wp\/v2\/posts\/10685","targetHints":{"allow":["GET"]}}],"collection":[{"href":"https:\/\/fr.motocrossmag.be\/index.php\/wp-json\/wp\/v2\/posts"}],"about":[{"href":"https:\/\/fr.motocrossmag.be\/index.php\/wp-json\/wp\/v2\/types\/post"}],"author":[{"embeddable":true,"href":"https:\/\/fr.motocrossmag.be\/index.php\/wp-json\/wp\/v2\/users\/932"}],"replies":[{"embeddable":true,"href":"https:\/\/fr.motocrossmag.be\/index.php\/wp-json\/wp\/v2\/comments?post=10685"}],"version-history":[{"count":0,"href":"https:\/\/fr.motocrossmag.be\/index.php\/wp-json\/wp\/v2\/posts\/10685\/revisions"}],"wp:attachment":[{"href":"https:\/\/fr.motocrossmag.be\/index.php\/wp-json\/wp\/v2\/media?parent=10685"}],"wp:term":[{"taxonomy":"category","embeddable":true,"href":"https:\/\/fr.motocrossmag.be\/index.php\/wp-json\/wp\/v2\/categories?post=10685"},{"taxonomy":"post_tag","embeddable":true,"href":"https:\/\/fr.motocrossmag.be\/index.php\/wp-json\/wp\/v2\/tags?post=10685"}],"curies":[{"name":"wp","href":"https:\/\/api.w.org\/{rel}","templated":true}]}}