{"id":106901,"date":"2020-11-08T04:30:02","date_gmt":"2020-11-08T03:30:02","guid":{"rendered":"http:\/\/fr.motocrossmag.be\/?p=106901"},"modified":"2020-11-08T04:30:02","modified_gmt":"2020-11-08T03:30:02","slug":"endurogp-au-portugal-le-resume-video-de-la-premiere-journee","status":"publish","type":"post","link":"https:\/\/fr.motocrossmag.be\/index.php\/2020\/11\/endurogp-au-portugal-le-resume-video-de-la-premiere-journee\/","title":{"rendered":"EnduroGP au Portugal : le r\u00e9sum\u00e9 vid\u00e9o de la premi\u00e8re journ\u00e9e"},"content":{"rendered":"<p><strong>La saison EnduroGP 2020 se referme avec deux GP au Portugal. Le premier se d\u00e9roule ce week-end. La premi\u00e8re journ\u00e9e de cet avant-dernier round de la saison mondiale d&rsquo;enduro a permis \u00e0 Antoine Magain de confirmer son rang parmi l&rsquo;\u00e9lite mondiale de la discipline puisque le Nismois monte sur la deuxi\u00e8me marche du podium E1 apr\u00e8s avoir termin\u00e9 la journ\u00e9e \u00e0 une superbe 5\u00e8me place scratch et avoir sign\u00e9 plusieurs chronos tout simplement \u00e9poustouflants sur certaines sp\u00e9ciales. <\/strong><\/p>\n<p>Chez les Juniors, Erik Willems prend la 6\u00e8me place en J2 tandis que dans la Coupe Open, Dietger Damiaens et Matthias Van Hoof dominent la cat\u00e9gorie OS4 et montent sur les 2\u00e8me et 3\u00e8me marches du scratch.<\/p>\n<p><iframe class=\"lazyload\" src=\"data:image\/svg+xml,%3Csvg%20xmlns%3D%27http%3A%2F%2Fwww.w3.org%2F2000%2Fsvg%27%20width%3D%27650%27%20height%3D%27366%27%20viewBox%3D%270%200%20650%20366%27%3E%3Crect%20width%3D%27650%27%20height%3D%27366%27%20fill-opacity%3D%220%22%2F%3E%3C%2Fsvg%3E\" data-orig-src=\"https:\/\/www.youtube.com\/embed\/WnQlmtPyHTs\" width=\"650\" height=\"366\" frameborder=\"0\" allowfullscreen=\"allowfullscreen\"><\/iframe><\/p>\n","protected":false},"excerpt":{"rendered":"<p>La saison EnduroGP 2020 se referme avec deux GP au Portugal. Le premier se d\u00e9roule ce week-end. La premi\u00e8re journ\u00e9e de cet avant-dernier round de la saison mondiale d&rsquo;enduro a [&#8230;]<\/p>\n","protected":false},"author":932,"featured_media":106902,"comment_status":"open","ping_status":"closed","sticky":false,"template":"","format":"standard","meta":{"footnotes":""},"categories":[54,32,34,33,55,65],"tags":[1275,951,1186],"class_list":["post-106901","post","type-post","status-publish","format-standard","has-post-thumbnail","hentry","category-actualite","category-enduro","category-endurogp","category-news-enduro","category-news-actualite","category-slideshow","tag-antoine-magain","tag-enduro","tag-endurogp"],"yoast_head":"<!-- This site is optimized with the Yoast SEO plugin v27.4 - https:\/\/yoast.com\/product\/yoast-seo-wordpress\/ -->\n<title>EnduroGP au Portugal : le r\u00e9sum\u00e9 vid\u00e9o de la premi\u00e8re journ\u00e9e - Motocross - Enduro - Supermoto | MotocrossMag<\/title>\n<meta name=\"robots\" content=\"index, follow, max-snippet:-1, max-image-preview:large, max-video-preview:-1\" \/>\n<link rel=\"canonical\" href=\"https:\/\/fr.motocrossmag.be\/index.php\/2020\/11\/endurogp-au-portugal-le-resume-video-de-la-premiere-journee\/\" \/>\n<meta property=\"og:locale\" content=\"fr_FR\" \/>\n<meta property=\"og:type\" content=\"article\" \/>\n<meta property=\"og:title\" content=\"EnduroGP au Portugal : le r\u00e9sum\u00e9 vid\u00e9o de la premi\u00e8re journ\u00e9e - Motocross - Enduro - Supermoto | MotocrossMag\" \/>\n<meta property=\"og:description\" content=\"La saison EnduroGP 2020 se referme avec deux GP au Portugal. Le premier se d\u00e9roule ce week-end. La premi\u00e8re journ\u00e9e de cet avant-dernier round de la saison mondiale d&rsquo;enduro a [...]\" \/>\n<meta property=\"og:url\" content=\"https:\/\/fr.motocrossmag.be\/index.php\/2020\/11\/endurogp-au-portugal-le-resume-video-de-la-premiere-journee\/\" \/>\n<meta property=\"og:site_name\" content=\"Motocross - Enduro - Supermoto | MotocrossMag\" \/>\n<meta property=\"article:published_time\" content=\"2020-11-08T03:30:02+00:00\" \/>\n<meta property=\"og:image\" content=\"https:\/\/fr.motocrossmag.be\/wp-content\/uploads\/2020\/11\/magain-endurogp-portugal.jpg\" \/>\n\t<meta property=\"og:image:width\" content=\"800\" \/>\n\t<meta property=\"og:image:height\" content=\"554\" \/>\n\t<meta property=\"og:image:type\" content=\"image\/jpeg\" \/>\n<meta name=\"author\" content=\"oliviere\" \/>\n<meta name=\"twitter:card\" content=\"summary_large_image\" \/>\n<meta name=\"twitter:label1\" content=\"\u00c9crit par\" \/>\n\t<meta name=\"twitter:data1\" content=\"oliviere\" \/>\n\t<meta name=\"twitter:label2\" content=\"Dur\u00e9e de lecture estim\u00e9e\" \/>\n\t<meta name=\"twitter:data2\" content=\"1 minute\" \/>\n<script type=\"application\/ld+json\" class=\"yoast-schema-graph\">{\"@context\":\"https:\\\/\\\/schema.org\",\"@graph\":[{\"@type\":\"Article\",\"@id\":\"https:\\\/\\\/fr.motocrossmag.be\\\/index.php\\\/2020\\\/11\\\/endurogp-au-portugal-le-resume-video-de-la-premiere-journee\\\/#article\",\"isPartOf\":{\"@id\":\"https:\\\/\\\/fr.motocrossmag.be\\\/index.php\\\/2020\\\/11\\\/endurogp-au-portugal-le-resume-video-de-la-premiere-journee\\\/\"},\"author\":{\"name\":\"oliviere\",\"@id\":\"https:\\\/\\\/fr.motocrossmag.be\\\/#\\\/schema\\\/person\\\/11b47143d9f755babca2c9110e03235c\"},\"headline\":\"EnduroGP au Portugal : le r\u00e9sum\u00e9 vid\u00e9o de la premi\u00e8re journ\u00e9e\",\"datePublished\":\"2020-11-08T03:30:02+00:00\",\"mainEntityOfPage\":{\"@id\":\"https:\\\/\\\/fr.motocrossmag.be\\\/index.php\\\/2020\\\/11\\\/endurogp-au-portugal-le-resume-video-de-la-premiere-journee\\\/\"},\"wordCount\":135,\"commentCount\":0,\"image\":{\"@id\":\"https:\\\/\\\/fr.motocrossmag.be\\\/index.php\\\/2020\\\/11\\\/endurogp-au-portugal-le-resume-video-de-la-premiere-journee\\\/#primaryimage\"},\"thumbnailUrl\":\"https:\\\/\\\/fr.motocrossmag.be\\\/wp-content\\\/uploads\\\/2020\\\/11\\\/magain-endurogp-portugal.jpg\",\"keywords\":[\"antoine magain\",\"Enduro\",\"endurogp\"],\"articleSection\":[\"Actualit\u00e9\",\"Enduro\",\"EnduroGP\",\"News\",\"News\",\"Slideshow\"],\"inLanguage\":\"fr-FR\",\"potentialAction\":[{\"@type\":\"CommentAction\",\"name\":\"Comment\",\"target\":[\"https:\\\/\\\/fr.motocrossmag.be\\\/index.php\\\/2020\\\/11\\\/endurogp-au-portugal-le-resume-video-de-la-premiere-journee\\\/#respond\"]}]},{\"@type\":\"WebPage\",\"@id\":\"https:\\\/\\\/fr.motocrossmag.be\\\/index.php\\\/2020\\\/11\\\/endurogp-au-portugal-le-resume-video-de-la-premiere-journee\\\/\",\"url\":\"https:\\\/\\\/fr.motocrossmag.be\\\/index.php\\\/2020\\\/11\\\/endurogp-au-portugal-le-resume-video-de-la-premiere-journee\\\/\",\"name\":\"EnduroGP au Portugal : le r\u00e9sum\u00e9 vid\u00e9o de la premi\u00e8re journ\u00e9e - Motocross - Enduro - Supermoto | MotocrossMag\",\"isPartOf\":{\"@id\":\"https:\\\/\\\/fr.motocrossmag.be\\\/#website\"},\"primaryImageOfPage\":{\"@id\":\"https:\\\/\\\/fr.motocrossmag.be\\\/index.php\\\/2020\\\/11\\\/endurogp-au-portugal-le-resume-video-de-la-premiere-journee\\\/#primaryimage\"},\"image\":{\"@id\":\"https:\\\/\\\/fr.motocrossmag.be\\\/index.php\\\/2020\\\/11\\\/endurogp-au-portugal-le-resume-video-de-la-premiere-journee\\\/#primaryimage\"},\"thumbnailUrl\":\"https:\\\/\\\/fr.motocrossmag.be\\\/wp-content\\\/uploads\\\/2020\\\/11\\\/magain-endurogp-portugal.jpg\",\"datePublished\":\"2020-11-08T03:30:02+00:00\",\"author\":{\"@id\":\"https:\\\/\\\/fr.motocrossmag.be\\\/#\\\/schema\\\/person\\\/11b47143d9f755babca2c9110e03235c\"},\"breadcrumb\":{\"@id\":\"https:\\\/\\\/fr.motocrossmag.be\\\/index.php\\\/2020\\\/11\\\/endurogp-au-portugal-le-resume-video-de-la-premiere-journee\\\/#breadcrumb\"},\"inLanguage\":\"fr-FR\",\"potentialAction\":[{\"@type\":\"ReadAction\",\"target\":[\"https:\\\/\\\/fr.motocrossmag.be\\\/index.php\\\/2020\\\/11\\\/endurogp-au-portugal-le-resume-video-de-la-premiere-journee\\\/\"]}]},{\"@type\":\"ImageObject\",\"inLanguage\":\"fr-FR\",\"@id\":\"https:\\\/\\\/fr.motocrossmag.be\\\/index.php\\\/2020\\\/11\\\/endurogp-au-portugal-le-resume-video-de-la-premiere-journee\\\/#primaryimage\",\"url\":\"https:\\\/\\\/fr.motocrossmag.be\\\/wp-content\\\/uploads\\\/2020\\\/11\\\/magain-endurogp-portugal.jpg\",\"contentUrl\":\"https:\\\/\\\/fr.motocrossmag.be\\\/wp-content\\\/uploads\\\/2020\\\/11\\\/magain-endurogp-portugal.jpg\",\"width\":800,\"height\":554},{\"@type\":\"BreadcrumbList\",\"@id\":\"https:\\\/\\\/fr.motocrossmag.be\\\/index.php\\\/2020\\\/11\\\/endurogp-au-portugal-le-resume-video-de-la-premiere-journee\\\/#breadcrumb\",\"itemListElement\":[{\"@type\":\"ListItem\",\"position\":1,\"name\":\"Accueil\",\"item\":\"https:\\\/\\\/fr.motocrossmag.be\\\/\"},{\"@type\":\"ListItem\",\"position\":2,\"name\":\"EnduroGP au Portugal : le r\u00e9sum\u00e9 vid\u00e9o de la premi\u00e8re journ\u00e9e\"}]},{\"@type\":\"WebSite\",\"@id\":\"https:\\\/\\\/fr.motocrossmag.be\\\/#website\",\"url\":\"https:\\\/\\\/fr.motocrossmag.be\\\/\",\"name\":\"Motocross - Enduro - Supermoto | MotocrossMag\",\"description\":\"L&#039;actualit\u00e9 du motocross, de l&#039;enduro et du Supermoto en ligne!\",\"potentialAction\":[{\"@type\":\"SearchAction\",\"target\":{\"@type\":\"EntryPoint\",\"urlTemplate\":\"https:\\\/\\\/fr.motocrossmag.be\\\/?s={search_term_string}\"},\"query-input\":{\"@type\":\"PropertyValueSpecification\",\"valueRequired\":true,\"valueName\":\"search_term_string\"}}],\"inLanguage\":\"fr-FR\"},{\"@type\":\"Person\",\"@id\":\"https:\\\/\\\/fr.motocrossmag.be\\\/#\\\/schema\\\/person\\\/11b47143d9f755babca2c9110e03235c\",\"name\":\"oliviere\",\"image\":{\"@type\":\"ImageObject\",\"inLanguage\":\"fr-FR\",\"@id\":\"https:\\\/\\\/secure.gravatar.com\\\/avatar\\\/907069e0b81d119452040469e4a7501da1100f54f7f80180ce77bfab718288f6?s=96&d=mm&r=g\",\"url\":\"https:\\\/\\\/secure.gravatar.com\\\/avatar\\\/907069e0b81d119452040469e4a7501da1100f54f7f80180ce77bfab718288f6?s=96&d=mm&r=g\",\"contentUrl\":\"https:\\\/\\\/secure.gravatar.com\\\/avatar\\\/907069e0b81d119452040469e4a7501da1100f54f7f80180ce77bfab718288f6?s=96&d=mm&r=g\",\"caption\":\"oliviere\"},\"sameAs\":[\"http:\\\/\\\/www.motocrossmag.be\"],\"url\":\"https:\\\/\\\/fr.motocrossmag.be\\\/index.php\\\/author\\\/oliviere\\\/\"}]}<\/script>\n<!-- \/ Yoast SEO plugin. -->","yoast_head_json":{"title":"EnduroGP au Portugal : le r\u00e9sum\u00e9 vid\u00e9o de la premi\u00e8re journ\u00e9e - Motocross - Enduro - Supermoto | MotocrossMag","robots":{"index":"index","follow":"follow","max-snippet":"max-snippet:-1","max-image-preview":"max-image-preview:large","max-video-preview":"max-video-preview:-1"},"canonical":"https:\/\/fr.motocrossmag.be\/index.php\/2020\/11\/endurogp-au-portugal-le-resume-video-de-la-premiere-journee\/","og_locale":"fr_FR","og_type":"article","og_title":"EnduroGP au Portugal : le r\u00e9sum\u00e9 vid\u00e9o de la premi\u00e8re journ\u00e9e - Motocross - Enduro - Supermoto | MotocrossMag","og_description":"La saison EnduroGP 2020 se referme avec deux GP au Portugal. Le premier se d\u00e9roule ce week-end. La premi\u00e8re journ\u00e9e de cet avant-dernier round de la saison mondiale d&rsquo;enduro a [...]","og_url":"https:\/\/fr.motocrossmag.be\/index.php\/2020\/11\/endurogp-au-portugal-le-resume-video-de-la-premiere-journee\/","og_site_name":"Motocross - Enduro - Supermoto | MotocrossMag","article_published_time":"2020-11-08T03:30:02+00:00","og_image":[{"width":800,"height":554,"url":"https:\/\/fr.motocrossmag.be\/wp-content\/uploads\/2020\/11\/magain-endurogp-portugal.jpg","type":"image\/jpeg"}],"author":"oliviere","twitter_card":"summary_large_image","twitter_misc":{"\u00c9crit par":"oliviere","Dur\u00e9e de lecture estim\u00e9e":"1 minute"},"schema":{"@context":"https:\/\/schema.org","@graph":[{"@type":"Article","@id":"https:\/\/fr.motocrossmag.be\/index.php\/2020\/11\/endurogp-au-portugal-le-resume-video-de-la-premiere-journee\/#article","isPartOf":{"@id":"https:\/\/fr.motocrossmag.be\/index.php\/2020\/11\/endurogp-au-portugal-le-resume-video-de-la-premiere-journee\/"},"author":{"name":"oliviere","@id":"https:\/\/fr.motocrossmag.be\/#\/schema\/person\/11b47143d9f755babca2c9110e03235c"},"headline":"EnduroGP au Portugal : le r\u00e9sum\u00e9 vid\u00e9o de la premi\u00e8re journ\u00e9e","datePublished":"2020-11-08T03:30:02+00:00","mainEntityOfPage":{"@id":"https:\/\/fr.motocrossmag.be\/index.php\/2020\/11\/endurogp-au-portugal-le-resume-video-de-la-premiere-journee\/"},"wordCount":135,"commentCount":0,"image":{"@id":"https:\/\/fr.motocrossmag.be\/index.php\/2020\/11\/endurogp-au-portugal-le-resume-video-de-la-premiere-journee\/#primaryimage"},"thumbnailUrl":"https:\/\/fr.motocrossmag.be\/wp-content\/uploads\/2020\/11\/magain-endurogp-portugal.jpg","keywords":["antoine magain","Enduro","endurogp"],"articleSection":["Actualit\u00e9","Enduro","EnduroGP","News","News","Slideshow"],"inLanguage":"fr-FR","potentialAction":[{"@type":"CommentAction","name":"Comment","target":["https:\/\/fr.motocrossmag.be\/index.php\/2020\/11\/endurogp-au-portugal-le-resume-video-de-la-premiere-journee\/#respond"]}]},{"@type":"WebPage","@id":"https:\/\/fr.motocrossmag.be\/index.php\/2020\/11\/endurogp-au-portugal-le-resume-video-de-la-premiere-journee\/","url":"https:\/\/fr.motocrossmag.be\/index.php\/2020\/11\/endurogp-au-portugal-le-resume-video-de-la-premiere-journee\/","name":"EnduroGP au Portugal : le r\u00e9sum\u00e9 vid\u00e9o de la premi\u00e8re journ\u00e9e - Motocross - Enduro - Supermoto | MotocrossMag","isPartOf":{"@id":"https:\/\/fr.motocrossmag.be\/#website"},"primaryImageOfPage":{"@id":"https:\/\/fr.motocrossmag.be\/index.php\/2020\/11\/endurogp-au-portugal-le-resume-video-de-la-premiere-journee\/#primaryimage"},"image":{"@id":"https:\/\/fr.motocrossmag.be\/index.php\/2020\/11\/endurogp-au-portugal-le-resume-video-de-la-premiere-journee\/#primaryimage"},"thumbnailUrl":"https:\/\/fr.motocrossmag.be\/wp-content\/uploads\/2020\/11\/magain-endurogp-portugal.jpg","datePublished":"2020-11-08T03:30:02+00:00","author":{"@id":"https:\/\/fr.motocrossmag.be\/#\/schema\/person\/11b47143d9f755babca2c9110e03235c"},"breadcrumb":{"@id":"https:\/\/fr.motocrossmag.be\/index.php\/2020\/11\/endurogp-au-portugal-le-resume-video-de-la-premiere-journee\/#breadcrumb"},"inLanguage":"fr-FR","potentialAction":[{"@type":"ReadAction","target":["https:\/\/fr.motocrossmag.be\/index.php\/2020\/11\/endurogp-au-portugal-le-resume-video-de-la-premiere-journee\/"]}]},{"@type":"ImageObject","inLanguage":"fr-FR","@id":"https:\/\/fr.motocrossmag.be\/index.php\/2020\/11\/endurogp-au-portugal-le-resume-video-de-la-premiere-journee\/#primaryimage","url":"https:\/\/fr.motocrossmag.be\/wp-content\/uploads\/2020\/11\/magain-endurogp-portugal.jpg","contentUrl":"https:\/\/fr.motocrossmag.be\/wp-content\/uploads\/2020\/11\/magain-endurogp-portugal.jpg","width":800,"height":554},{"@type":"BreadcrumbList","@id":"https:\/\/fr.motocrossmag.be\/index.php\/2020\/11\/endurogp-au-portugal-le-resume-video-de-la-premiere-journee\/#breadcrumb","itemListElement":[{"@type":"ListItem","position":1,"name":"Accueil","item":"https:\/\/fr.motocrossmag.be\/"},{"@type":"ListItem","position":2,"name":"EnduroGP au Portugal : le r\u00e9sum\u00e9 vid\u00e9o de la premi\u00e8re journ\u00e9e"}]},{"@type":"WebSite","@id":"https:\/\/fr.motocrossmag.be\/#website","url":"https:\/\/fr.motocrossmag.be\/","name":"Motocross - Enduro - Supermoto | MotocrossMag","description":"L&#039;actualit\u00e9 du motocross, de l&#039;enduro et du Supermoto en ligne!","potentialAction":[{"@type":"SearchAction","target":{"@type":"EntryPoint","urlTemplate":"https:\/\/fr.motocrossmag.be\/?s={search_term_string}"},"query-input":{"@type":"PropertyValueSpecification","valueRequired":true,"valueName":"search_term_string"}}],"inLanguage":"fr-FR"},{"@type":"Person","@id":"https:\/\/fr.motocrossmag.be\/#\/schema\/person\/11b47143d9f755babca2c9110e03235c","name":"oliviere","image":{"@type":"ImageObject","inLanguage":"fr-FR","@id":"https:\/\/secure.gravatar.com\/avatar\/907069e0b81d119452040469e4a7501da1100f54f7f80180ce77bfab718288f6?s=96&d=mm&r=g","url":"https:\/\/secure.gravatar.com\/avatar\/907069e0b81d119452040469e4a7501da1100f54f7f80180ce77bfab718288f6?s=96&d=mm&r=g","contentUrl":"https:\/\/secure.gravatar.com\/avatar\/907069e0b81d119452040469e4a7501da1100f54f7f80180ce77bfab718288f6?s=96&d=mm&r=g","caption":"oliviere"},"sameAs":["http:\/\/www.motocrossmag.be"],"url":"https:\/\/fr.motocrossmag.be\/index.php\/author\/oliviere\/"}]}},"_links":{"self":[{"href":"https:\/\/fr.motocrossmag.be\/index.php\/wp-json\/wp\/v2\/posts\/106901","targetHints":{"allow":["GET"]}}],"collection":[{"href":"https:\/\/fr.motocrossmag.be\/index.php\/wp-json\/wp\/v2\/posts"}],"about":[{"href":"https:\/\/fr.motocrossmag.be\/index.php\/wp-json\/wp\/v2\/types\/post"}],"author":[{"embeddable":true,"href":"https:\/\/fr.motocrossmag.be\/index.php\/wp-json\/wp\/v2\/users\/932"}],"replies":[{"embeddable":true,"href":"https:\/\/fr.motocrossmag.be\/index.php\/wp-json\/wp\/v2\/comments?post=106901"}],"version-history":[{"count":0,"href":"https:\/\/fr.motocrossmag.be\/index.php\/wp-json\/wp\/v2\/posts\/106901\/revisions"}],"wp:featuredmedia":[{"embeddable":true,"href":"https:\/\/fr.motocrossmag.be\/index.php\/wp-json\/wp\/v2\/media\/106902"}],"wp:attachment":[{"href":"https:\/\/fr.motocrossmag.be\/index.php\/wp-json\/wp\/v2\/media?parent=106901"}],"wp:term":[{"taxonomy":"category","embeddable":true,"href":"https:\/\/fr.motocrossmag.be\/index.php\/wp-json\/wp\/v2\/categories?post=106901"},{"taxonomy":"post_tag","embeddable":true,"href":"https:\/\/fr.motocrossmag.be\/index.php\/wp-json\/wp\/v2\/tags?post=106901"}],"curies":[{"name":"wp","href":"https:\/\/api.w.org\/{rel}","templated":true}]}}