{"id":106910,"date":"2020-11-09T12:57:51","date_gmt":"2020-11-09T11:57:51","guid":{"rendered":"http:\/\/fr.motocrossmag.be\/?p=106910"},"modified":"2020-11-09T12:57:51","modified_gmt":"2020-11-09T11:57:51","slug":"endurogp-la-deuxieme-journee-du-gp-du-portugal-en-images-2","status":"publish","type":"post","link":"https:\/\/fr.motocrossmag.be\/index.php\/2020\/11\/endurogp-la-deuxieme-journee-du-gp-du-portugal-en-images-2\/","title":{"rendered":"EnduroGP : la deuxi\u00e8me journ\u00e9e du GP du Portugal en images"},"content":{"rendered":"<p><strong>Retour en images sur la deuxi\u00e8me journ\u00e9e du GP du Portugal, avant-dernier round de la saison EnduroGP. Une journ\u00e9e difficile, un jour \u00ab\u00a0sans\u00a0\u00bb pour Antoine Magain qui monte n\u00e9anmoins encore sur la 3\u00e8me marche du podium E1 et conforte ainsi sa 3\u00e8me position au championnat en arrivant sur la finale qui se disputera le week-end prochain, \u00e0 nouveau au Portugal. <\/strong><\/p>\n<p>C\u00f4t\u00e9 belge, on notera aussi la 7\u00e8me place en Juniors 2 d&rsquo;Erik Willems et les prestations de Dietger Damiaens et Mathias Van Hoof dans la Coupe Open 4Stroke o\u00f9 les deux hommes arriveront sur la finale le week-end prochain \u00e0 \u00e9galit\u00e9 de points !<\/p>\n<p>Enfin, Mika Vanderheyden termine la journ\u00e9e \u00e0 la 7\u00e8me place en Open 4S tandis que Tanguy Gabriel, qui disputait son premier enduro mondial, a pr\u00e9f\u00e9r\u00e9 renoncer en cours de journ\u00e9e face \u00e0 des conditions de course particuli\u00e8rement difficiles au Portugal ce dimanche.<\/p>\n<p>&nbsp;<\/p>\n<p><iframe class=\"lazyload\" src=\"data:image\/svg+xml,%3Csvg%20xmlns%3D%27http%3A%2F%2Fwww.w3.org%2F2000%2Fsvg%27%20width%3D%27650%27%20height%3D%27366%27%20viewBox%3D%270%200%20650%20366%27%3E%3Crect%20width%3D%27650%27%20height%3D%27366%27%20fill-opacity%3D%220%22%2F%3E%3C%2Fsvg%3E\" data-orig-src=\"https:\/\/www.youtube.com\/embed\/h3gH4oRptvY\" width=\"650\" height=\"366\" frameborder=\"0\" allowfullscreen=\"allowfullscreen\"><\/iframe><\/p>\n","protected":false},"excerpt":{"rendered":"<p>Retour en images sur la deuxi\u00e8me journ\u00e9e du GP du Portugal, avant-dernier round de la saison EnduroGP. Une journ\u00e9e difficile, un jour \u00ab\u00a0sans\u00a0\u00bb pour Antoine Magain qui monte n\u00e9anmoins encore [&#8230;]<\/p>\n","protected":false},"author":932,"featured_media":106918,"comment_status":"open","ping_status":"closed","sticky":false,"template":"","format":"standard","meta":{"footnotes":""},"categories":[54,32,34,33,55,65],"tags":[1275,951,1186],"class_list":["post-106910","post","type-post","status-publish","format-standard","has-post-thumbnail","hentry","category-actualite","category-enduro","category-endurogp","category-news-enduro","category-news-actualite","category-slideshow","tag-antoine-magain","tag-enduro","tag-endurogp"],"yoast_head":"<!-- This site is optimized with the Yoast SEO plugin v27.4 - https:\/\/yoast.com\/product\/yoast-seo-wordpress\/ -->\n<title>EnduroGP : la deuxi\u00e8me journ\u00e9e du GP du Portugal en images - Motocross - Enduro - Supermoto | MotocrossMag<\/title>\n<meta name=\"robots\" content=\"index, follow, max-snippet:-1, max-image-preview:large, max-video-preview:-1\" \/>\n<link rel=\"canonical\" href=\"https:\/\/fr.motocrossmag.be\/index.php\/2020\/11\/endurogp-la-deuxieme-journee-du-gp-du-portugal-en-images-2\/\" \/>\n<meta property=\"og:locale\" content=\"fr_FR\" \/>\n<meta property=\"og:type\" content=\"article\" \/>\n<meta property=\"og:title\" content=\"EnduroGP : la deuxi\u00e8me journ\u00e9e du GP du Portugal en images - Motocross - Enduro - Supermoto | MotocrossMag\" \/>\n<meta property=\"og:description\" content=\"Retour en images sur la deuxi\u00e8me journ\u00e9e du GP du Portugal, avant-dernier round de la saison EnduroGP. Une journ\u00e9e difficile, un jour \u00ab\u00a0sans\u00a0\u00bb pour Antoine Magain qui monte n\u00e9anmoins encore [...]\" \/>\n<meta property=\"og:url\" content=\"https:\/\/fr.motocrossmag.be\/index.php\/2020\/11\/endurogp-la-deuxieme-journee-du-gp-du-portugal-en-images-2\/\" \/>\n<meta property=\"og:site_name\" content=\"Motocross - Enduro - Supermoto | MotocrossMag\" \/>\n<meta property=\"article:published_time\" content=\"2020-11-09T11:57:51+00:00\" \/>\n<meta property=\"og:image\" content=\"https:\/\/fr.motocrossmag.be\/wp-content\/uploads\/2020\/11\/portugal-endurogp-podium.jpg\" \/>\n\t<meta property=\"og:image:width\" content=\"900\" \/>\n\t<meta property=\"og:image:height\" content=\"510\" \/>\n\t<meta property=\"og:image:type\" content=\"image\/jpeg\" \/>\n<meta name=\"author\" content=\"oliviere\" \/>\n<meta name=\"twitter:card\" content=\"summary_large_image\" \/>\n<meta name=\"twitter:label1\" content=\"\u00c9crit par\" \/>\n\t<meta name=\"twitter:data1\" content=\"oliviere\" \/>\n\t<meta name=\"twitter:label2\" content=\"Dur\u00e9e de lecture estim\u00e9e\" \/>\n\t<meta name=\"twitter:data2\" content=\"1 minute\" \/>\n<script type=\"application\/ld+json\" class=\"yoast-schema-graph\">{\"@context\":\"https:\\\/\\\/schema.org\",\"@graph\":[{\"@type\":\"Article\",\"@id\":\"https:\\\/\\\/fr.motocrossmag.be\\\/index.php\\\/2020\\\/11\\\/endurogp-la-deuxieme-journee-du-gp-du-portugal-en-images-2\\\/#article\",\"isPartOf\":{\"@id\":\"https:\\\/\\\/fr.motocrossmag.be\\\/index.php\\\/2020\\\/11\\\/endurogp-la-deuxieme-journee-du-gp-du-portugal-en-images-2\\\/\"},\"author\":{\"name\":\"oliviere\",\"@id\":\"https:\\\/\\\/fr.motocrossmag.be\\\/#\\\/schema\\\/person\\\/11b47143d9f755babca2c9110e03235c\"},\"headline\":\"EnduroGP : la deuxi\u00e8me journ\u00e9e du GP du Portugal en images\",\"datePublished\":\"2020-11-09T11:57:51+00:00\",\"mainEntityOfPage\":{\"@id\":\"https:\\\/\\\/fr.motocrossmag.be\\\/index.php\\\/2020\\\/11\\\/endurogp-la-deuxieme-journee-du-gp-du-portugal-en-images-2\\\/\"},\"wordCount\":164,\"commentCount\":0,\"image\":{\"@id\":\"https:\\\/\\\/fr.motocrossmag.be\\\/index.php\\\/2020\\\/11\\\/endurogp-la-deuxieme-journee-du-gp-du-portugal-en-images-2\\\/#primaryimage\"},\"thumbnailUrl\":\"https:\\\/\\\/fr.motocrossmag.be\\\/wp-content\\\/uploads\\\/2020\\\/11\\\/portugal-endurogp-podium.jpg\",\"keywords\":[\"antoine magain\",\"Enduro\",\"endurogp\"],\"articleSection\":[\"Actualit\u00e9\",\"Enduro\",\"EnduroGP\",\"News\",\"News\",\"Slideshow\"],\"inLanguage\":\"fr-FR\",\"potentialAction\":[{\"@type\":\"CommentAction\",\"name\":\"Comment\",\"target\":[\"https:\\\/\\\/fr.motocrossmag.be\\\/index.php\\\/2020\\\/11\\\/endurogp-la-deuxieme-journee-du-gp-du-portugal-en-images-2\\\/#respond\"]}]},{\"@type\":\"WebPage\",\"@id\":\"https:\\\/\\\/fr.motocrossmag.be\\\/index.php\\\/2020\\\/11\\\/endurogp-la-deuxieme-journee-du-gp-du-portugal-en-images-2\\\/\",\"url\":\"https:\\\/\\\/fr.motocrossmag.be\\\/index.php\\\/2020\\\/11\\\/endurogp-la-deuxieme-journee-du-gp-du-portugal-en-images-2\\\/\",\"name\":\"EnduroGP : la deuxi\u00e8me journ\u00e9e du GP du Portugal en images - Motocross - Enduro - Supermoto | MotocrossMag\",\"isPartOf\":{\"@id\":\"https:\\\/\\\/fr.motocrossmag.be\\\/#website\"},\"primaryImageOfPage\":{\"@id\":\"https:\\\/\\\/fr.motocrossmag.be\\\/index.php\\\/2020\\\/11\\\/endurogp-la-deuxieme-journee-du-gp-du-portugal-en-images-2\\\/#primaryimage\"},\"image\":{\"@id\":\"https:\\\/\\\/fr.motocrossmag.be\\\/index.php\\\/2020\\\/11\\\/endurogp-la-deuxieme-journee-du-gp-du-portugal-en-images-2\\\/#primaryimage\"},\"thumbnailUrl\":\"https:\\\/\\\/fr.motocrossmag.be\\\/wp-content\\\/uploads\\\/2020\\\/11\\\/portugal-endurogp-podium.jpg\",\"datePublished\":\"2020-11-09T11:57:51+00:00\",\"author\":{\"@id\":\"https:\\\/\\\/fr.motocrossmag.be\\\/#\\\/schema\\\/person\\\/11b47143d9f755babca2c9110e03235c\"},\"breadcrumb\":{\"@id\":\"https:\\\/\\\/fr.motocrossmag.be\\\/index.php\\\/2020\\\/11\\\/endurogp-la-deuxieme-journee-du-gp-du-portugal-en-images-2\\\/#breadcrumb\"},\"inLanguage\":\"fr-FR\",\"potentialAction\":[{\"@type\":\"ReadAction\",\"target\":[\"https:\\\/\\\/fr.motocrossmag.be\\\/index.php\\\/2020\\\/11\\\/endurogp-la-deuxieme-journee-du-gp-du-portugal-en-images-2\\\/\"]}]},{\"@type\":\"ImageObject\",\"inLanguage\":\"fr-FR\",\"@id\":\"https:\\\/\\\/fr.motocrossmag.be\\\/index.php\\\/2020\\\/11\\\/endurogp-la-deuxieme-journee-du-gp-du-portugal-en-images-2\\\/#primaryimage\",\"url\":\"https:\\\/\\\/fr.motocrossmag.be\\\/wp-content\\\/uploads\\\/2020\\\/11\\\/portugal-endurogp-podium.jpg\",\"contentUrl\":\"https:\\\/\\\/fr.motocrossmag.be\\\/wp-content\\\/uploads\\\/2020\\\/11\\\/portugal-endurogp-podium.jpg\",\"width\":900,\"height\":510},{\"@type\":\"BreadcrumbList\",\"@id\":\"https:\\\/\\\/fr.motocrossmag.be\\\/index.php\\\/2020\\\/11\\\/endurogp-la-deuxieme-journee-du-gp-du-portugal-en-images-2\\\/#breadcrumb\",\"itemListElement\":[{\"@type\":\"ListItem\",\"position\":1,\"name\":\"Accueil\",\"item\":\"https:\\\/\\\/fr.motocrossmag.be\\\/\"},{\"@type\":\"ListItem\",\"position\":2,\"name\":\"EnduroGP : la deuxi\u00e8me journ\u00e9e du GP du Portugal en images\"}]},{\"@type\":\"WebSite\",\"@id\":\"https:\\\/\\\/fr.motocrossmag.be\\\/#website\",\"url\":\"https:\\\/\\\/fr.motocrossmag.be\\\/\",\"name\":\"Motocross - Enduro - Supermoto | MotocrossMag\",\"description\":\"L&#039;actualit\u00e9 du motocross, de l&#039;enduro et du Supermoto en ligne!\",\"potentialAction\":[{\"@type\":\"SearchAction\",\"target\":{\"@type\":\"EntryPoint\",\"urlTemplate\":\"https:\\\/\\\/fr.motocrossmag.be\\\/?s={search_term_string}\"},\"query-input\":{\"@type\":\"PropertyValueSpecification\",\"valueRequired\":true,\"valueName\":\"search_term_string\"}}],\"inLanguage\":\"fr-FR\"},{\"@type\":\"Person\",\"@id\":\"https:\\\/\\\/fr.motocrossmag.be\\\/#\\\/schema\\\/person\\\/11b47143d9f755babca2c9110e03235c\",\"name\":\"oliviere\",\"image\":{\"@type\":\"ImageObject\",\"inLanguage\":\"fr-FR\",\"@id\":\"https:\\\/\\\/secure.gravatar.com\\\/avatar\\\/907069e0b81d119452040469e4a7501da1100f54f7f80180ce77bfab718288f6?s=96&d=mm&r=g\",\"url\":\"https:\\\/\\\/secure.gravatar.com\\\/avatar\\\/907069e0b81d119452040469e4a7501da1100f54f7f80180ce77bfab718288f6?s=96&d=mm&r=g\",\"contentUrl\":\"https:\\\/\\\/secure.gravatar.com\\\/avatar\\\/907069e0b81d119452040469e4a7501da1100f54f7f80180ce77bfab718288f6?s=96&d=mm&r=g\",\"caption\":\"oliviere\"},\"sameAs\":[\"http:\\\/\\\/www.motocrossmag.be\"],\"url\":\"https:\\\/\\\/fr.motocrossmag.be\\\/index.php\\\/author\\\/oliviere\\\/\"}]}<\/script>\n<!-- \/ Yoast SEO plugin. -->","yoast_head_json":{"title":"EnduroGP : la deuxi\u00e8me journ\u00e9e du GP du Portugal en images - Motocross - Enduro - Supermoto | MotocrossMag","robots":{"index":"index","follow":"follow","max-snippet":"max-snippet:-1","max-image-preview":"max-image-preview:large","max-video-preview":"max-video-preview:-1"},"canonical":"https:\/\/fr.motocrossmag.be\/index.php\/2020\/11\/endurogp-la-deuxieme-journee-du-gp-du-portugal-en-images-2\/","og_locale":"fr_FR","og_type":"article","og_title":"EnduroGP : la deuxi\u00e8me journ\u00e9e du GP du Portugal en images - Motocross - Enduro - Supermoto | MotocrossMag","og_description":"Retour en images sur la deuxi\u00e8me journ\u00e9e du GP du Portugal, avant-dernier round de la saison EnduroGP. Une journ\u00e9e difficile, un jour \u00ab\u00a0sans\u00a0\u00bb pour Antoine Magain qui monte n\u00e9anmoins encore [...]","og_url":"https:\/\/fr.motocrossmag.be\/index.php\/2020\/11\/endurogp-la-deuxieme-journee-du-gp-du-portugal-en-images-2\/","og_site_name":"Motocross - Enduro - Supermoto | MotocrossMag","article_published_time":"2020-11-09T11:57:51+00:00","og_image":[{"width":900,"height":510,"url":"https:\/\/fr.motocrossmag.be\/wp-content\/uploads\/2020\/11\/portugal-endurogp-podium.jpg","type":"image\/jpeg"}],"author":"oliviere","twitter_card":"summary_large_image","twitter_misc":{"\u00c9crit par":"oliviere","Dur\u00e9e de lecture estim\u00e9e":"1 minute"},"schema":{"@context":"https:\/\/schema.org","@graph":[{"@type":"Article","@id":"https:\/\/fr.motocrossmag.be\/index.php\/2020\/11\/endurogp-la-deuxieme-journee-du-gp-du-portugal-en-images-2\/#article","isPartOf":{"@id":"https:\/\/fr.motocrossmag.be\/index.php\/2020\/11\/endurogp-la-deuxieme-journee-du-gp-du-portugal-en-images-2\/"},"author":{"name":"oliviere","@id":"https:\/\/fr.motocrossmag.be\/#\/schema\/person\/11b47143d9f755babca2c9110e03235c"},"headline":"EnduroGP : la deuxi\u00e8me journ\u00e9e du GP du Portugal en images","datePublished":"2020-11-09T11:57:51+00:00","mainEntityOfPage":{"@id":"https:\/\/fr.motocrossmag.be\/index.php\/2020\/11\/endurogp-la-deuxieme-journee-du-gp-du-portugal-en-images-2\/"},"wordCount":164,"commentCount":0,"image":{"@id":"https:\/\/fr.motocrossmag.be\/index.php\/2020\/11\/endurogp-la-deuxieme-journee-du-gp-du-portugal-en-images-2\/#primaryimage"},"thumbnailUrl":"https:\/\/fr.motocrossmag.be\/wp-content\/uploads\/2020\/11\/portugal-endurogp-podium.jpg","keywords":["antoine magain","Enduro","endurogp"],"articleSection":["Actualit\u00e9","Enduro","EnduroGP","News","News","Slideshow"],"inLanguage":"fr-FR","potentialAction":[{"@type":"CommentAction","name":"Comment","target":["https:\/\/fr.motocrossmag.be\/index.php\/2020\/11\/endurogp-la-deuxieme-journee-du-gp-du-portugal-en-images-2\/#respond"]}]},{"@type":"WebPage","@id":"https:\/\/fr.motocrossmag.be\/index.php\/2020\/11\/endurogp-la-deuxieme-journee-du-gp-du-portugal-en-images-2\/","url":"https:\/\/fr.motocrossmag.be\/index.php\/2020\/11\/endurogp-la-deuxieme-journee-du-gp-du-portugal-en-images-2\/","name":"EnduroGP : la deuxi\u00e8me journ\u00e9e du GP du Portugal en images - Motocross - Enduro - Supermoto | MotocrossMag","isPartOf":{"@id":"https:\/\/fr.motocrossmag.be\/#website"},"primaryImageOfPage":{"@id":"https:\/\/fr.motocrossmag.be\/index.php\/2020\/11\/endurogp-la-deuxieme-journee-du-gp-du-portugal-en-images-2\/#primaryimage"},"image":{"@id":"https:\/\/fr.motocrossmag.be\/index.php\/2020\/11\/endurogp-la-deuxieme-journee-du-gp-du-portugal-en-images-2\/#primaryimage"},"thumbnailUrl":"https:\/\/fr.motocrossmag.be\/wp-content\/uploads\/2020\/11\/portugal-endurogp-podium.jpg","datePublished":"2020-11-09T11:57:51+00:00","author":{"@id":"https:\/\/fr.motocrossmag.be\/#\/schema\/person\/11b47143d9f755babca2c9110e03235c"},"breadcrumb":{"@id":"https:\/\/fr.motocrossmag.be\/index.php\/2020\/11\/endurogp-la-deuxieme-journee-du-gp-du-portugal-en-images-2\/#breadcrumb"},"inLanguage":"fr-FR","potentialAction":[{"@type":"ReadAction","target":["https:\/\/fr.motocrossmag.be\/index.php\/2020\/11\/endurogp-la-deuxieme-journee-du-gp-du-portugal-en-images-2\/"]}]},{"@type":"ImageObject","inLanguage":"fr-FR","@id":"https:\/\/fr.motocrossmag.be\/index.php\/2020\/11\/endurogp-la-deuxieme-journee-du-gp-du-portugal-en-images-2\/#primaryimage","url":"https:\/\/fr.motocrossmag.be\/wp-content\/uploads\/2020\/11\/portugal-endurogp-podium.jpg","contentUrl":"https:\/\/fr.motocrossmag.be\/wp-content\/uploads\/2020\/11\/portugal-endurogp-podium.jpg","width":900,"height":510},{"@type":"BreadcrumbList","@id":"https:\/\/fr.motocrossmag.be\/index.php\/2020\/11\/endurogp-la-deuxieme-journee-du-gp-du-portugal-en-images-2\/#breadcrumb","itemListElement":[{"@type":"ListItem","position":1,"name":"Accueil","item":"https:\/\/fr.motocrossmag.be\/"},{"@type":"ListItem","position":2,"name":"EnduroGP : la deuxi\u00e8me journ\u00e9e du GP du Portugal en images"}]},{"@type":"WebSite","@id":"https:\/\/fr.motocrossmag.be\/#website","url":"https:\/\/fr.motocrossmag.be\/","name":"Motocross - Enduro - Supermoto | MotocrossMag","description":"L&#039;actualit\u00e9 du motocross, de l&#039;enduro et du Supermoto en ligne!","potentialAction":[{"@type":"SearchAction","target":{"@type":"EntryPoint","urlTemplate":"https:\/\/fr.motocrossmag.be\/?s={search_term_string}"},"query-input":{"@type":"PropertyValueSpecification","valueRequired":true,"valueName":"search_term_string"}}],"inLanguage":"fr-FR"},{"@type":"Person","@id":"https:\/\/fr.motocrossmag.be\/#\/schema\/person\/11b47143d9f755babca2c9110e03235c","name":"oliviere","image":{"@type":"ImageObject","inLanguage":"fr-FR","@id":"https:\/\/secure.gravatar.com\/avatar\/907069e0b81d119452040469e4a7501da1100f54f7f80180ce77bfab718288f6?s=96&d=mm&r=g","url":"https:\/\/secure.gravatar.com\/avatar\/907069e0b81d119452040469e4a7501da1100f54f7f80180ce77bfab718288f6?s=96&d=mm&r=g","contentUrl":"https:\/\/secure.gravatar.com\/avatar\/907069e0b81d119452040469e4a7501da1100f54f7f80180ce77bfab718288f6?s=96&d=mm&r=g","caption":"oliviere"},"sameAs":["http:\/\/www.motocrossmag.be"],"url":"https:\/\/fr.motocrossmag.be\/index.php\/author\/oliviere\/"}]}},"_links":{"self":[{"href":"https:\/\/fr.motocrossmag.be\/index.php\/wp-json\/wp\/v2\/posts\/106910","targetHints":{"allow":["GET"]}}],"collection":[{"href":"https:\/\/fr.motocrossmag.be\/index.php\/wp-json\/wp\/v2\/posts"}],"about":[{"href":"https:\/\/fr.motocrossmag.be\/index.php\/wp-json\/wp\/v2\/types\/post"}],"author":[{"embeddable":true,"href":"https:\/\/fr.motocrossmag.be\/index.php\/wp-json\/wp\/v2\/users\/932"}],"replies":[{"embeddable":true,"href":"https:\/\/fr.motocrossmag.be\/index.php\/wp-json\/wp\/v2\/comments?post=106910"}],"version-history":[{"count":0,"href":"https:\/\/fr.motocrossmag.be\/index.php\/wp-json\/wp\/v2\/posts\/106910\/revisions"}],"wp:featuredmedia":[{"embeddable":true,"href":"https:\/\/fr.motocrossmag.be\/index.php\/wp-json\/wp\/v2\/media\/106918"}],"wp:attachment":[{"href":"https:\/\/fr.motocrossmag.be\/index.php\/wp-json\/wp\/v2\/media?parent=106910"}],"wp:term":[{"taxonomy":"category","embeddable":true,"href":"https:\/\/fr.motocrossmag.be\/index.php\/wp-json\/wp\/v2\/categories?post=106910"},{"taxonomy":"post_tag","embeddable":true,"href":"https:\/\/fr.motocrossmag.be\/index.php\/wp-json\/wp\/v2\/tags?post=106910"}],"curies":[{"name":"wp","href":"https:\/\/api.w.org\/{rel}","templated":true}]}}