{"id":106939,"date":"2020-11-12T14:37:02","date_gmt":"2020-11-12T13:37:02","guid":{"rendered":"http:\/\/fr.motocrossmag.be\/?p=106939"},"modified":"2020-11-12T14:37:02","modified_gmt":"2020-11-12T13:37:02","slug":"mathias-van-hoof-dans-la-course-au-titre-tout-reste-possible","status":"publish","type":"post","link":"https:\/\/fr.motocrossmag.be\/index.php\/2020\/11\/mathias-van-hoof-dans-la-course-au-titre-tout-reste-possible\/","title":{"rendered":"Mathias Van Hoof : \u00ab\u00a0Dans la course au titre, tout reste possible !\u00a0\u00bb"},"content":{"rendered":"<p><strong>La tension est \u00e0 son comble dans la cat\u00e9gorie Open 4-temps de la Coupe du monde d&rsquo;enduro. Deux pilotes y seront \u00e0 \u00e9galit\u00e9 de points en t\u00eate du classement provisoire en arrivant ce week-end sur la finale de la saison au Portugal. Et ce sont deux pilotes belges puisque c&rsquo;est Dietger Damiaens qui m\u00e8ne actuellement avec un score identique \u00e0 celui de son compatriote Mathias Van Hoof. Les deux derni\u00e8re journ\u00e9es seront d\u00e9cisives.<\/strong><\/p>\n<p>\u00ab\u00a0La course au Portugal a \u00e9t\u00e9 fortement influenc\u00e9e par les mesures sanitaires en vigueur du fait de la recrudescence de l&rsquo;\u00e9pid\u00e9mie de Covid-19\u00a0\u00bb, explique Van Hoof. \u00ab\u00a0La SuperTest le vendredi soir a \u00e9t\u00e9 annul\u00e9e et le paddock \u00e9tait compl\u00e8tement isol\u00e9. Tous les pilotes, membres des teams et organisateurs ont d\u00fb passer un test corona n\u00e9gatif avant de pouvoir acc\u00e9der au paddock et aux sp\u00e9ciales. L&rsquo;organisation a vraiment fait le maximum pour garantir la s\u00e9curit\u00e9 de tous et respecter le protocole sanitaire.\u00a0\u00bb<\/p>\n<p><img decoding=\"async\" class=\"lazyload aligncenter size-full wp-image-106943\" src=\"http:\/\/fr.motocrossmag.be\/wp-content\/uploads\/2020\/11\/IMG_3824.jpg\" data-orig-src=\"http:\/\/fr.motocrossmag.be\/wp-content\/uploads\/2020\/11\/IMG_3824.jpg\" alt=\"\" width=\"1000\" height=\"666\" srcset=\"data:image\/svg+xml,%3Csvg%20xmlns%3D%27http%3A%2F%2Fwww.w3.org%2F2000%2Fsvg%27%20width%3D%271000%27%20height%3D%27666%27%20viewBox%3D%270%200%201000%20666%27%3E%3Crect%20width%3D%271000%27%20height%3D%27666%27%20fill-opacity%3D%220%22%2F%3E%3C%2Fsvg%3E\" data-srcset=\"https:\/\/fr.motocrossmag.be\/wp-content\/uploads\/2020\/11\/IMG_3824-650x433.jpg 650w, https:\/\/fr.motocrossmag.be\/wp-content\/uploads\/2020\/11\/IMG_3824-768x511.jpg 768w, https:\/\/fr.motocrossmag.be\/wp-content\/uploads\/2020\/11\/IMG_3824.jpg 1000w\" data-sizes=\"auto\" data-orig-sizes=\"(max-width: 1000px) 100vw, 1000px\" \/><\/p>\n<p>\u00ab\u00a0La situation est tr\u00e8s excitante \u00e0 pr\u00e9sent car j&rsquo;arrive sur la finale \u00e0 \u00e9galit\u00e9 de points avec Dietger Damiaens. Samedi, j&rsquo;ai termin\u00e9 la journ\u00e9e en pensant qu&rsquo;il me manquait 10 secondes pour m&rsquo;imposer mais, peu avant le podium, la direction de course a annonc\u00e9 que Dietger \u00e9copait d&rsquo;une minute de p\u00e9nalit\u00e9 pour une intervention non autoris\u00e9e dans le parc ferm\u00e9. Je me suis donc impos\u00e9, \u00e0 ma grande surprise\u00a0\u00bb, poursuit le pilote Husqvarna.<\/p>\n<p>\u00ab\u00a0Dimanche, les conditions \u00e9taient tr\u00e8s diff\u00e9rentes, avec la pluie qui n&rsquo;a cess\u00e9 de tomber. Je suis tomb\u00e9 plusieurs fois et j&rsquo;ai fini par casser mon s\u00e9lecteur dans l&rsquo;Enduro Test. J&rsquo;ai d\u00fb rouler sur le deuxi\u00e8me rapport durant toute la sp\u00e9ciale, ce qui m&rsquo;a co\u00fbt\u00e9 plus d&rsquo;une minute. Les jeux \u00e9taient faits. Ce genre d&rsquo;incidents fait partie de la course, c&rsquo;est ainsi. Rien n&rsquo;est perdu pour le titre, bien au contraire. Tout sera possible ce week-end puisque Dietger et moi partons sur la m\u00eame ligne de d\u00e9part. J&rsquo;ai h\u00e2te d&rsquo;y \u00eatre !\u00a0\u00bb<\/p>\n<p>&nbsp;<\/p>\n","protected":false},"excerpt":{"rendered":"<p>La tension est \u00e0 son comble dans la cat\u00e9gorie Open 4-temps de la Coupe du monde d&rsquo;enduro. Deux pilotes y seront \u00e0 \u00e9galit\u00e9 de points en t\u00eate du classement provisoire [&#8230;]<\/p>\n","protected":false},"author":932,"featured_media":106942,"comment_status":"open","ping_status":"closed","sticky":false,"template":"","format":"standard","meta":{"footnotes":""},"categories":[54,32,34,33,55,65],"tags":[1186,1444],"class_list":["post-106939","post","type-post","status-publish","format-standard","has-post-thumbnail","hentry","category-actualite","category-enduro","category-endurogp","category-news-enduro","category-news-actualite","category-slideshow","tag-endurogp","tag-mathias-van-hoof"],"yoast_head":"<!-- This site is optimized with the Yoast SEO plugin v27.4 - https:\/\/yoast.com\/product\/yoast-seo-wordpress\/ -->\n<title>Mathias Van Hoof : &quot;Dans la course au titre, tout reste possible !&quot; - Motocross - Enduro - Supermoto | MotocrossMag<\/title>\n<meta name=\"robots\" content=\"index, follow, max-snippet:-1, max-image-preview:large, max-video-preview:-1\" \/>\n<link rel=\"canonical\" href=\"https:\/\/fr.motocrossmag.be\/index.php\/2020\/11\/mathias-van-hoof-dans-la-course-au-titre-tout-reste-possible\/\" \/>\n<meta property=\"og:locale\" content=\"fr_FR\" \/>\n<meta property=\"og:type\" content=\"article\" \/>\n<meta property=\"og:title\" content=\"Mathias Van Hoof : &quot;Dans la course au titre, tout reste possible !&quot; - Motocross - Enduro - Supermoto | MotocrossMag\" \/>\n<meta property=\"og:description\" content=\"La tension est \u00e0 son comble dans la cat\u00e9gorie Open 4-temps de la Coupe du monde d&rsquo;enduro. Deux pilotes y seront \u00e0 \u00e9galit\u00e9 de points en t\u00eate du classement provisoire [...]\" \/>\n<meta property=\"og:url\" content=\"https:\/\/fr.motocrossmag.be\/index.php\/2020\/11\/mathias-van-hoof-dans-la-course-au-titre-tout-reste-possible\/\" \/>\n<meta property=\"og:site_name\" content=\"Motocross - Enduro - Supermoto | MotocrossMag\" \/>\n<meta property=\"article:published_time\" content=\"2020-11-12T13:37:02+00:00\" \/>\n<meta property=\"og:image\" content=\"https:\/\/fr.motocrossmag.be\/wp-content\/uploads\/2020\/11\/IMG_3828-e1605187463588.jpg\" \/>\n\t<meta property=\"og:image:width\" content=\"780\" \/>\n\t<meta property=\"og:image:height\" content=\"535\" \/>\n\t<meta property=\"og:image:type\" content=\"image\/jpeg\" \/>\n<meta name=\"author\" content=\"oliviere\" \/>\n<meta name=\"twitter:card\" content=\"summary_large_image\" \/>\n<meta name=\"twitter:label1\" content=\"\u00c9crit par\" \/>\n\t<meta name=\"twitter:data1\" content=\"oliviere\" \/>\n\t<meta name=\"twitter:label2\" content=\"Dur\u00e9e de lecture estim\u00e9e\" \/>\n\t<meta name=\"twitter:data2\" content=\"2 minutes\" \/>\n<script type=\"application\/ld+json\" class=\"yoast-schema-graph\">{\"@context\":\"https:\\\/\\\/schema.org\",\"@graph\":[{\"@type\":\"Article\",\"@id\":\"https:\\\/\\\/fr.motocrossmag.be\\\/index.php\\\/2020\\\/11\\\/mathias-van-hoof-dans-la-course-au-titre-tout-reste-possible\\\/#article\",\"isPartOf\":{\"@id\":\"https:\\\/\\\/fr.motocrossmag.be\\\/index.php\\\/2020\\\/11\\\/mathias-van-hoof-dans-la-course-au-titre-tout-reste-possible\\\/\"},\"author\":{\"name\":\"oliviere\",\"@id\":\"https:\\\/\\\/fr.motocrossmag.be\\\/#\\\/schema\\\/person\\\/11b47143d9f755babca2c9110e03235c\"},\"headline\":\"Mathias Van Hoof : \u00ab\u00a0Dans la course au titre, tout reste possible !\u00a0\u00bb\",\"datePublished\":\"2020-11-12T13:37:02+00:00\",\"mainEntityOfPage\":{\"@id\":\"https:\\\/\\\/fr.motocrossmag.be\\\/index.php\\\/2020\\\/11\\\/mathias-van-hoof-dans-la-course-au-titre-tout-reste-possible\\\/\"},\"wordCount\":370,\"commentCount\":0,\"image\":{\"@id\":\"https:\\\/\\\/fr.motocrossmag.be\\\/index.php\\\/2020\\\/11\\\/mathias-van-hoof-dans-la-course-au-titre-tout-reste-possible\\\/#primaryimage\"},\"thumbnailUrl\":\"https:\\\/\\\/fr.motocrossmag.be\\\/wp-content\\\/uploads\\\/2020\\\/11\\\/IMG_3828-e1605187463588.jpg\",\"keywords\":[\"endurogp\",\"mathias van hoof\"],\"articleSection\":[\"Actualit\u00e9\",\"Enduro\",\"EnduroGP\",\"News\",\"News\",\"Slideshow\"],\"inLanguage\":\"fr-FR\",\"potentialAction\":[{\"@type\":\"CommentAction\",\"name\":\"Comment\",\"target\":[\"https:\\\/\\\/fr.motocrossmag.be\\\/index.php\\\/2020\\\/11\\\/mathias-van-hoof-dans-la-course-au-titre-tout-reste-possible\\\/#respond\"]}]},{\"@type\":\"WebPage\",\"@id\":\"https:\\\/\\\/fr.motocrossmag.be\\\/index.php\\\/2020\\\/11\\\/mathias-van-hoof-dans-la-course-au-titre-tout-reste-possible\\\/\",\"url\":\"https:\\\/\\\/fr.motocrossmag.be\\\/index.php\\\/2020\\\/11\\\/mathias-van-hoof-dans-la-course-au-titre-tout-reste-possible\\\/\",\"name\":\"Mathias Van Hoof : \\\"Dans la course au titre, tout reste possible !\\\" - Motocross - Enduro - Supermoto | MotocrossMag\",\"isPartOf\":{\"@id\":\"https:\\\/\\\/fr.motocrossmag.be\\\/#website\"},\"primaryImageOfPage\":{\"@id\":\"https:\\\/\\\/fr.motocrossmag.be\\\/index.php\\\/2020\\\/11\\\/mathias-van-hoof-dans-la-course-au-titre-tout-reste-possible\\\/#primaryimage\"},\"image\":{\"@id\":\"https:\\\/\\\/fr.motocrossmag.be\\\/index.php\\\/2020\\\/11\\\/mathias-van-hoof-dans-la-course-au-titre-tout-reste-possible\\\/#primaryimage\"},\"thumbnailUrl\":\"https:\\\/\\\/fr.motocrossmag.be\\\/wp-content\\\/uploads\\\/2020\\\/11\\\/IMG_3828-e1605187463588.jpg\",\"datePublished\":\"2020-11-12T13:37:02+00:00\",\"author\":{\"@id\":\"https:\\\/\\\/fr.motocrossmag.be\\\/#\\\/schema\\\/person\\\/11b47143d9f755babca2c9110e03235c\"},\"breadcrumb\":{\"@id\":\"https:\\\/\\\/fr.motocrossmag.be\\\/index.php\\\/2020\\\/11\\\/mathias-van-hoof-dans-la-course-au-titre-tout-reste-possible\\\/#breadcrumb\"},\"inLanguage\":\"fr-FR\",\"potentialAction\":[{\"@type\":\"ReadAction\",\"target\":[\"https:\\\/\\\/fr.motocrossmag.be\\\/index.php\\\/2020\\\/11\\\/mathias-van-hoof-dans-la-course-au-titre-tout-reste-possible\\\/\"]}]},{\"@type\":\"ImageObject\",\"inLanguage\":\"fr-FR\",\"@id\":\"https:\\\/\\\/fr.motocrossmag.be\\\/index.php\\\/2020\\\/11\\\/mathias-van-hoof-dans-la-course-au-titre-tout-reste-possible\\\/#primaryimage\",\"url\":\"https:\\\/\\\/fr.motocrossmag.be\\\/wp-content\\\/uploads\\\/2020\\\/11\\\/IMG_3828-e1605187463588.jpg\",\"contentUrl\":\"https:\\\/\\\/fr.motocrossmag.be\\\/wp-content\\\/uploads\\\/2020\\\/11\\\/IMG_3828-e1605187463588.jpg\",\"width\":780,\"height\":535},{\"@type\":\"BreadcrumbList\",\"@id\":\"https:\\\/\\\/fr.motocrossmag.be\\\/index.php\\\/2020\\\/11\\\/mathias-van-hoof-dans-la-course-au-titre-tout-reste-possible\\\/#breadcrumb\",\"itemListElement\":[{\"@type\":\"ListItem\",\"position\":1,\"name\":\"Accueil\",\"item\":\"https:\\\/\\\/fr.motocrossmag.be\\\/\"},{\"@type\":\"ListItem\",\"position\":2,\"name\":\"Mathias Van Hoof : \u00ab\u00a0Dans la course au titre, tout reste possible !\u00a0\u00bb\"}]},{\"@type\":\"WebSite\",\"@id\":\"https:\\\/\\\/fr.motocrossmag.be\\\/#website\",\"url\":\"https:\\\/\\\/fr.motocrossmag.be\\\/\",\"name\":\"Motocross - Enduro - Supermoto | MotocrossMag\",\"description\":\"L&#039;actualit\u00e9 du motocross, de l&#039;enduro et du Supermoto en ligne!\",\"potentialAction\":[{\"@type\":\"SearchAction\",\"target\":{\"@type\":\"EntryPoint\",\"urlTemplate\":\"https:\\\/\\\/fr.motocrossmag.be\\\/?s={search_term_string}\"},\"query-input\":{\"@type\":\"PropertyValueSpecification\",\"valueRequired\":true,\"valueName\":\"search_term_string\"}}],\"inLanguage\":\"fr-FR\"},{\"@type\":\"Person\",\"@id\":\"https:\\\/\\\/fr.motocrossmag.be\\\/#\\\/schema\\\/person\\\/11b47143d9f755babca2c9110e03235c\",\"name\":\"oliviere\",\"image\":{\"@type\":\"ImageObject\",\"inLanguage\":\"fr-FR\",\"@id\":\"https:\\\/\\\/secure.gravatar.com\\\/avatar\\\/907069e0b81d119452040469e4a7501da1100f54f7f80180ce77bfab718288f6?s=96&d=mm&r=g\",\"url\":\"https:\\\/\\\/secure.gravatar.com\\\/avatar\\\/907069e0b81d119452040469e4a7501da1100f54f7f80180ce77bfab718288f6?s=96&d=mm&r=g\",\"contentUrl\":\"https:\\\/\\\/secure.gravatar.com\\\/avatar\\\/907069e0b81d119452040469e4a7501da1100f54f7f80180ce77bfab718288f6?s=96&d=mm&r=g\",\"caption\":\"oliviere\"},\"sameAs\":[\"http:\\\/\\\/www.motocrossmag.be\"],\"url\":\"https:\\\/\\\/fr.motocrossmag.be\\\/index.php\\\/author\\\/oliviere\\\/\"}]}<\/script>\n<!-- \/ Yoast SEO plugin. -->","yoast_head_json":{"title":"Mathias Van Hoof : \"Dans la course au titre, tout reste possible !\" - Motocross - Enduro - Supermoto | MotocrossMag","robots":{"index":"index","follow":"follow","max-snippet":"max-snippet:-1","max-image-preview":"max-image-preview:large","max-video-preview":"max-video-preview:-1"},"canonical":"https:\/\/fr.motocrossmag.be\/index.php\/2020\/11\/mathias-van-hoof-dans-la-course-au-titre-tout-reste-possible\/","og_locale":"fr_FR","og_type":"article","og_title":"Mathias Van Hoof : \"Dans la course au titre, tout reste possible !\" - Motocross - Enduro - Supermoto | MotocrossMag","og_description":"La tension est \u00e0 son comble dans la cat\u00e9gorie Open 4-temps de la Coupe du monde d&rsquo;enduro. Deux pilotes y seront \u00e0 \u00e9galit\u00e9 de points en t\u00eate du classement provisoire [...]","og_url":"https:\/\/fr.motocrossmag.be\/index.php\/2020\/11\/mathias-van-hoof-dans-la-course-au-titre-tout-reste-possible\/","og_site_name":"Motocross - Enduro - Supermoto | MotocrossMag","article_published_time":"2020-11-12T13:37:02+00:00","og_image":[{"width":780,"height":535,"url":"https:\/\/fr.motocrossmag.be\/wp-content\/uploads\/2020\/11\/IMG_3828-e1605187463588.jpg","type":"image\/jpeg"}],"author":"oliviere","twitter_card":"summary_large_image","twitter_misc":{"\u00c9crit par":"oliviere","Dur\u00e9e de lecture estim\u00e9e":"2 minutes"},"schema":{"@context":"https:\/\/schema.org","@graph":[{"@type":"Article","@id":"https:\/\/fr.motocrossmag.be\/index.php\/2020\/11\/mathias-van-hoof-dans-la-course-au-titre-tout-reste-possible\/#article","isPartOf":{"@id":"https:\/\/fr.motocrossmag.be\/index.php\/2020\/11\/mathias-van-hoof-dans-la-course-au-titre-tout-reste-possible\/"},"author":{"name":"oliviere","@id":"https:\/\/fr.motocrossmag.be\/#\/schema\/person\/11b47143d9f755babca2c9110e03235c"},"headline":"Mathias Van Hoof : \u00ab\u00a0Dans la course au titre, tout reste possible !\u00a0\u00bb","datePublished":"2020-11-12T13:37:02+00:00","mainEntityOfPage":{"@id":"https:\/\/fr.motocrossmag.be\/index.php\/2020\/11\/mathias-van-hoof-dans-la-course-au-titre-tout-reste-possible\/"},"wordCount":370,"commentCount":0,"image":{"@id":"https:\/\/fr.motocrossmag.be\/index.php\/2020\/11\/mathias-van-hoof-dans-la-course-au-titre-tout-reste-possible\/#primaryimage"},"thumbnailUrl":"https:\/\/fr.motocrossmag.be\/wp-content\/uploads\/2020\/11\/IMG_3828-e1605187463588.jpg","keywords":["endurogp","mathias van hoof"],"articleSection":["Actualit\u00e9","Enduro","EnduroGP","News","News","Slideshow"],"inLanguage":"fr-FR","potentialAction":[{"@type":"CommentAction","name":"Comment","target":["https:\/\/fr.motocrossmag.be\/index.php\/2020\/11\/mathias-van-hoof-dans-la-course-au-titre-tout-reste-possible\/#respond"]}]},{"@type":"WebPage","@id":"https:\/\/fr.motocrossmag.be\/index.php\/2020\/11\/mathias-van-hoof-dans-la-course-au-titre-tout-reste-possible\/","url":"https:\/\/fr.motocrossmag.be\/index.php\/2020\/11\/mathias-van-hoof-dans-la-course-au-titre-tout-reste-possible\/","name":"Mathias Van Hoof : \"Dans la course au titre, tout reste possible !\" - Motocross - Enduro - Supermoto | MotocrossMag","isPartOf":{"@id":"https:\/\/fr.motocrossmag.be\/#website"},"primaryImageOfPage":{"@id":"https:\/\/fr.motocrossmag.be\/index.php\/2020\/11\/mathias-van-hoof-dans-la-course-au-titre-tout-reste-possible\/#primaryimage"},"image":{"@id":"https:\/\/fr.motocrossmag.be\/index.php\/2020\/11\/mathias-van-hoof-dans-la-course-au-titre-tout-reste-possible\/#primaryimage"},"thumbnailUrl":"https:\/\/fr.motocrossmag.be\/wp-content\/uploads\/2020\/11\/IMG_3828-e1605187463588.jpg","datePublished":"2020-11-12T13:37:02+00:00","author":{"@id":"https:\/\/fr.motocrossmag.be\/#\/schema\/person\/11b47143d9f755babca2c9110e03235c"},"breadcrumb":{"@id":"https:\/\/fr.motocrossmag.be\/index.php\/2020\/11\/mathias-van-hoof-dans-la-course-au-titre-tout-reste-possible\/#breadcrumb"},"inLanguage":"fr-FR","potentialAction":[{"@type":"ReadAction","target":["https:\/\/fr.motocrossmag.be\/index.php\/2020\/11\/mathias-van-hoof-dans-la-course-au-titre-tout-reste-possible\/"]}]},{"@type":"ImageObject","inLanguage":"fr-FR","@id":"https:\/\/fr.motocrossmag.be\/index.php\/2020\/11\/mathias-van-hoof-dans-la-course-au-titre-tout-reste-possible\/#primaryimage","url":"https:\/\/fr.motocrossmag.be\/wp-content\/uploads\/2020\/11\/IMG_3828-e1605187463588.jpg","contentUrl":"https:\/\/fr.motocrossmag.be\/wp-content\/uploads\/2020\/11\/IMG_3828-e1605187463588.jpg","width":780,"height":535},{"@type":"BreadcrumbList","@id":"https:\/\/fr.motocrossmag.be\/index.php\/2020\/11\/mathias-van-hoof-dans-la-course-au-titre-tout-reste-possible\/#breadcrumb","itemListElement":[{"@type":"ListItem","position":1,"name":"Accueil","item":"https:\/\/fr.motocrossmag.be\/"},{"@type":"ListItem","position":2,"name":"Mathias Van Hoof : \u00ab\u00a0Dans la course au titre, tout reste possible !\u00a0\u00bb"}]},{"@type":"WebSite","@id":"https:\/\/fr.motocrossmag.be\/#website","url":"https:\/\/fr.motocrossmag.be\/","name":"Motocross - Enduro - Supermoto | MotocrossMag","description":"L&#039;actualit\u00e9 du motocross, de l&#039;enduro et du Supermoto en ligne!","potentialAction":[{"@type":"SearchAction","target":{"@type":"EntryPoint","urlTemplate":"https:\/\/fr.motocrossmag.be\/?s={search_term_string}"},"query-input":{"@type":"PropertyValueSpecification","valueRequired":true,"valueName":"search_term_string"}}],"inLanguage":"fr-FR"},{"@type":"Person","@id":"https:\/\/fr.motocrossmag.be\/#\/schema\/person\/11b47143d9f755babca2c9110e03235c","name":"oliviere","image":{"@type":"ImageObject","inLanguage":"fr-FR","@id":"https:\/\/secure.gravatar.com\/avatar\/907069e0b81d119452040469e4a7501da1100f54f7f80180ce77bfab718288f6?s=96&d=mm&r=g","url":"https:\/\/secure.gravatar.com\/avatar\/907069e0b81d119452040469e4a7501da1100f54f7f80180ce77bfab718288f6?s=96&d=mm&r=g","contentUrl":"https:\/\/secure.gravatar.com\/avatar\/907069e0b81d119452040469e4a7501da1100f54f7f80180ce77bfab718288f6?s=96&d=mm&r=g","caption":"oliviere"},"sameAs":["http:\/\/www.motocrossmag.be"],"url":"https:\/\/fr.motocrossmag.be\/index.php\/author\/oliviere\/"}]}},"_links":{"self":[{"href":"https:\/\/fr.motocrossmag.be\/index.php\/wp-json\/wp\/v2\/posts\/106939","targetHints":{"allow":["GET"]}}],"collection":[{"href":"https:\/\/fr.motocrossmag.be\/index.php\/wp-json\/wp\/v2\/posts"}],"about":[{"href":"https:\/\/fr.motocrossmag.be\/index.php\/wp-json\/wp\/v2\/types\/post"}],"author":[{"embeddable":true,"href":"https:\/\/fr.motocrossmag.be\/index.php\/wp-json\/wp\/v2\/users\/932"}],"replies":[{"embeddable":true,"href":"https:\/\/fr.motocrossmag.be\/index.php\/wp-json\/wp\/v2\/comments?post=106939"}],"version-history":[{"count":0,"href":"https:\/\/fr.motocrossmag.be\/index.php\/wp-json\/wp\/v2\/posts\/106939\/revisions"}],"wp:featuredmedia":[{"embeddable":true,"href":"https:\/\/fr.motocrossmag.be\/index.php\/wp-json\/wp\/v2\/media\/106942"}],"wp:attachment":[{"href":"https:\/\/fr.motocrossmag.be\/index.php\/wp-json\/wp\/v2\/media?parent=106939"}],"wp:term":[{"taxonomy":"category","embeddable":true,"href":"https:\/\/fr.motocrossmag.be\/index.php\/wp-json\/wp\/v2\/categories?post=106939"},{"taxonomy":"post_tag","embeddable":true,"href":"https:\/\/fr.motocrossmag.be\/index.php\/wp-json\/wp\/v2\/tags?post=106939"}],"curies":[{"name":"wp","href":"https:\/\/api.w.org\/{rel}","templated":true}]}}