{"id":107794,"date":"2021-01-15T10:28:53","date_gmt":"2021-01-15T09:28:53","guid":{"rendered":"http:\/\/fr.motocrossmag.be\/?p=107794"},"modified":"2021-01-15T10:28:53","modified_gmt":"2021-01-15T09:28:53","slug":"un-contrat-factory-de-deux-ans-avec-beta-pour-jeremy-van-horebeek","status":"publish","type":"post","link":"https:\/\/fr.motocrossmag.be\/index.php\/2021\/01\/un-contrat-factory-de-deux-ans-avec-beta-pour-jeremy-van-horebeek\/","title":{"rendered":"Un contrat \u00ab\u00a0factory\u00a0\u00bb de deux ans avec Beta pour Jeremy Van Horebeek"},"content":{"rendered":"<p><strong>Annonc\u00e9 chez Beta il y a peu, Jeremy Van Horebeek disputera pour la marque italienne le prochain championnat du monde MXGP. Nos coll\u00e8gues de <a href=\"http:\/\/www.gatedrop.com\" target=\"_blank\" rel=\"noopener\">Gatedrop.com<\/a> ont interrog\u00e9 The Jerre au sujet de ce nouveau challenge pour notre compatriote. L&rsquo;occasion pour le Bruxellois d&rsquo;apporter quelques pr\u00e9cisions quant au contrat qui le lie avec Beta.<\/strong><\/p>\n<p>Il pr\u00e9cise ainsi qu&rsquo;il a un contrat avec le constructeur italien pour les deux prochaines saisons, 2021 et 2022 donc. Un contrat qui est d&rsquo;ailleurs un vrai contrat \u00ab\u00a0factory\u00a0\u00bb et non un contrat avec le team SDM Corse. Ce dernier fournit \u00e0 Beta l&rsquo;infrastructure et les m\u00e9caniciens sur les GP, g\u00e8re la logistique, mais les machines et les pi\u00e8ces viennent directement de l&rsquo;usine Beta.<\/p><div class=\"lqrbh6a9b602307ab0\" ><!-- \/91277017\/Inline-articles-mobile -->\n<div style=\"margin:auto; text-align:center !important\">\n<div id='div-gpt-ad-1784982661365-0' style='min-width: 250px; min-height: 75px;'>\n  <script>\n    googletag.cmd.push(function() { googletag.display('div-gpt-ad-1784982661365-0'); });\n  <\/script>\n<\/div><\/div><\/div><style type=\"text\/css\">\r\n.lqrbh6a9b602307ab0 {\r\nmargin-bottom:30px;margin-top:20px\r\n}\r\n@media screen and (min-width: 1201px) {\r\n.lqrbh6a9b602307ab0 {\r\ndisplay: block;\r\n}\r\n}\r\n@media screen and (min-width: 993px) and (max-width: 1200px) {\r\n.lqrbh6a9b602307ab0 {\r\ndisplay: block;\r\n}\r\n}\r\n@media screen and (min-width: 769px) and (max-width: 992px) {\r\n.lqrbh6a9b602307ab0 {\r\ndisplay: block;\r\n}\r\n}\r\n@media screen and (min-width: 768px) and (max-width: 768px) {\r\n.lqrbh6a9b602307ab0 {\r\ndisplay: block;\r\n}\r\n}\r\n@media screen and (max-width: 767px) {\r\n.lqrbh6a9b602307ab0 {\r\ndisplay: block;\r\n}\r\n}\r\n<\/style>\r\n\n","protected":false},"excerpt":{"rendered":"<p>Annonc\u00e9 chez Beta il y a peu, Jeremy Van Horebeek disputera pour la marque italienne le prochain championnat du monde MXGP. Nos coll\u00e8gues de Gatedrop.com ont interrog\u00e9 The Jerre au sujet de ce nouveau challenge pour notre compatriote. L&rsquo;occasion pour le Bruxellois d&rsquo;apporter quelques pr\u00e9cisions quant au contrat qui le lie avec Beta. Il pr\u00e9cise [&hellip;]<\/p>\n","protected":false},"author":932,"featured_media":93277,"comment_status":"open","ping_status":"closed","sticky":false,"template":"","format":"standard","meta":{"tdm_status":"","tdm_grid_status":"","footnotes":""},"categories":[54,4,6,5,55,65],"tags":[78,947,568],"class_list":["post-107794","post","type-post","status-publish","format-standard","has-post-thumbnail","category-actualite","category-motocross","category-mx1mx2","category-news","category-news-actualite","category-slideshow","tag-jeremy-van-horebeek","tag-motocross","tag-mxgp"],"yoast_head":"<!-- This site is optimized with the Yoast SEO plugin v28.4 - https:\/\/yoast.com\/product\/yoast-seo-wordpress\/ -->\n<title>Un contrat &quot;factory&quot; de deux ans avec Beta pour Jeremy Van Horebeek - Motocross - Enduro - Supermoto | MotocrossMag<\/title>\n<meta name=\"robots\" content=\"index, follow, max-snippet:-1, max-image-preview:large, max-video-preview:-1\" \/>\n<link rel=\"canonical\" href=\"https:\/\/fr.motocrossmag.be\/index.php\/2021\/01\/un-contrat-factory-de-deux-ans-avec-beta-pour-jeremy-van-horebeek\/\" \/>\n<meta property=\"og:locale\" content=\"fr_FR\" \/>\n<meta property=\"og:type\" content=\"article\" \/>\n<meta property=\"og:title\" content=\"Un contrat &quot;factory&quot; de deux ans avec Beta pour Jeremy Van Horebeek - Motocross - Enduro - Supermoto | MotocrossMag\" \/>\n<meta property=\"og:description\" content=\"Annonc\u00e9 chez Beta il y a peu, Jeremy Van Horebeek disputera pour la marque italienne le prochain championnat du monde MXGP. Nos coll\u00e8gues de Gatedrop.com ont interrog\u00e9 The Jerre au sujet de ce nouveau challenge pour notre compatriote. L&rsquo;occasion pour le Bruxellois d&rsquo;apporter quelques pr\u00e9cisions quant au contrat qui le lie avec Beta. Il pr\u00e9cise [&hellip;]\" \/>\n<meta property=\"og:url\" content=\"https:\/\/fr.motocrossmag.be\/index.php\/2021\/01\/un-contrat-factory-de-deux-ans-avec-beta-pour-jeremy-van-horebeek\/\" \/>\n<meta property=\"og:site_name\" content=\"Motocross - Enduro - Supermoto | MotocrossMag\" \/>\n<meta property=\"article:published_time\" content=\"2021-01-15T09:28:53+00:00\" \/>\n<meta property=\"og:image\" content=\"https:\/\/fr.motocrossmag.be\/wp-content\/uploads\/2019\/08\/Lom-124.jpg\" \/>\n\t<meta property=\"og:image:width\" content=\"1000\" \/>\n\t<meta property=\"og:image:height\" content=\"666\" \/>\n\t<meta property=\"og:image:type\" content=\"image\/jpeg\" \/>\n<meta name=\"author\" content=\"oliviere\" \/>\n<meta name=\"twitter:card\" content=\"summary_large_image\" \/>\n<meta name=\"twitter:label1\" content=\"\u00c9crit par\" \/>\n\t<meta name=\"twitter:data1\" content=\"oliviere\" \/>\n\t<meta name=\"twitter:label2\" content=\"Dur\u00e9e de lecture estim\u00e9e\" \/>\n\t<meta name=\"twitter:data2\" content=\"1 minute\" \/>\n<script type=\"application\/ld+json\" class=\"yoast-schema-graph\">{\"@context\":\"https:\\\/\\\/schema.org\",\"@graph\":[{\"@type\":\"Article\",\"@id\":\"https:\\\/\\\/fr.motocrossmag.be\\\/index.php\\\/2021\\\/01\\\/un-contrat-factory-de-deux-ans-avec-beta-pour-jeremy-van-horebeek\\\/#article\",\"isPartOf\":{\"@id\":\"https:\\\/\\\/fr.motocrossmag.be\\\/index.php\\\/2021\\\/01\\\/un-contrat-factory-de-deux-ans-avec-beta-pour-jeremy-van-horebeek\\\/\"},\"author\":{\"name\":\"oliviere\",\"@id\":\"https:\\\/\\\/fr.motocrossmag.be\\\/#\\\/schema\\\/person\\\/11b47143d9f755babca2c9110e03235c\"},\"headline\":\"Un contrat \u00ab\u00a0factory\u00a0\u00bb de deux ans avec Beta pour Jeremy Van Horebeek\",\"datePublished\":\"2021-01-15T09:28:53+00:00\",\"mainEntityOfPage\":{\"@id\":\"https:\\\/\\\/fr.motocrossmag.be\\\/index.php\\\/2021\\\/01\\\/un-contrat-factory-de-deux-ans-avec-beta-pour-jeremy-van-horebeek\\\/\"},\"wordCount\":139,\"commentCount\":0,\"image\":{\"@id\":\"https:\\\/\\\/fr.motocrossmag.be\\\/index.php\\\/2021\\\/01\\\/un-contrat-factory-de-deux-ans-avec-beta-pour-jeremy-van-horebeek\\\/#primaryimage\"},\"thumbnailUrl\":\"https:\\\/\\\/fr.motocrossmag.be\\\/wp-content\\\/uploads\\\/2019\\\/08\\\/Lom-124.jpg\",\"keywords\":[\"Jeremy Van Horebeek\",\"Motocross\",\"MXGP\"],\"articleSection\":[\"Actualit\u00e9\",\"Motocross\",\"Motocross MXGP\",\"News\",\"News\",\"Slideshow\"],\"inLanguage\":\"fr-FR\",\"potentialAction\":[{\"@type\":\"CommentAction\",\"name\":\"Comment\",\"target\":[\"https:\\\/\\\/fr.motocrossmag.be\\\/index.php\\\/2021\\\/01\\\/un-contrat-factory-de-deux-ans-avec-beta-pour-jeremy-van-horebeek\\\/#respond\"]}]},{\"@type\":\"WebPage\",\"@id\":\"https:\\\/\\\/fr.motocrossmag.be\\\/index.php\\\/2021\\\/01\\\/un-contrat-factory-de-deux-ans-avec-beta-pour-jeremy-van-horebeek\\\/\",\"url\":\"https:\\\/\\\/fr.motocrossmag.be\\\/index.php\\\/2021\\\/01\\\/un-contrat-factory-de-deux-ans-avec-beta-pour-jeremy-van-horebeek\\\/\",\"name\":\"Un contrat \\\"factory\\\" de deux ans avec Beta pour Jeremy Van Horebeek - Motocross - Enduro - Supermoto | MotocrossMag\",\"isPartOf\":{\"@id\":\"https:\\\/\\\/fr.motocrossmag.be\\\/#website\"},\"primaryImageOfPage\":{\"@id\":\"https:\\\/\\\/fr.motocrossmag.be\\\/index.php\\\/2021\\\/01\\\/un-contrat-factory-de-deux-ans-avec-beta-pour-jeremy-van-horebeek\\\/#primaryimage\"},\"image\":{\"@id\":\"https:\\\/\\\/fr.motocrossmag.be\\\/index.php\\\/2021\\\/01\\\/un-contrat-factory-de-deux-ans-avec-beta-pour-jeremy-van-horebeek\\\/#primaryimage\"},\"thumbnailUrl\":\"https:\\\/\\\/fr.motocrossmag.be\\\/wp-content\\\/uploads\\\/2019\\\/08\\\/Lom-124.jpg\",\"datePublished\":\"2021-01-15T09:28:53+00:00\",\"author\":{\"@id\":\"https:\\\/\\\/fr.motocrossmag.be\\\/#\\\/schema\\\/person\\\/11b47143d9f755babca2c9110e03235c\"},\"breadcrumb\":{\"@id\":\"https:\\\/\\\/fr.motocrossmag.be\\\/index.php\\\/2021\\\/01\\\/un-contrat-factory-de-deux-ans-avec-beta-pour-jeremy-van-horebeek\\\/#breadcrumb\"},\"inLanguage\":\"fr-FR\",\"potentialAction\":[{\"@type\":\"ReadAction\",\"target\":[\"https:\\\/\\\/fr.motocrossmag.be\\\/index.php\\\/2021\\\/01\\\/un-contrat-factory-de-deux-ans-avec-beta-pour-jeremy-van-horebeek\\\/\"]}]},{\"@type\":\"ImageObject\",\"inLanguage\":\"fr-FR\",\"@id\":\"https:\\\/\\\/fr.motocrossmag.be\\\/index.php\\\/2021\\\/01\\\/un-contrat-factory-de-deux-ans-avec-beta-pour-jeremy-van-horebeek\\\/#primaryimage\",\"url\":\"https:\\\/\\\/fr.motocrossmag.be\\\/wp-content\\\/uploads\\\/2019\\\/08\\\/Lom-124.jpg\",\"contentUrl\":\"https:\\\/\\\/fr.motocrossmag.be\\\/wp-content\\\/uploads\\\/2019\\\/08\\\/Lom-124.jpg\",\"width\":1000,\"height\":666,\"caption\":\"Van Horebeek\"},{\"@type\":\"BreadcrumbList\",\"@id\":\"https:\\\/\\\/fr.motocrossmag.be\\\/index.php\\\/2021\\\/01\\\/un-contrat-factory-de-deux-ans-avec-beta-pour-jeremy-van-horebeek\\\/#breadcrumb\",\"itemListElement\":[{\"@type\":\"ListItem\",\"position\":1,\"name\":\"Accueil\",\"item\":\"https:\\\/\\\/fr.motocrossmag.be\\\/\"},{\"@type\":\"ListItem\",\"position\":2,\"name\":\"Un contrat \u00ab\u00a0factory\u00a0\u00bb de deux ans avec Beta pour Jeremy Van Horebeek\"}]},{\"@type\":\"WebSite\",\"@id\":\"https:\\\/\\\/fr.motocrossmag.be\\\/#website\",\"url\":\"https:\\\/\\\/fr.motocrossmag.be\\\/\",\"name\":\"Motocross - Enduro - Supermoto | MotocrossMag\",\"description\":\"L&#039;actualit\u00e9 du motocross, de l&#039;enduro et du Supermoto en ligne!\",\"potentialAction\":[{\"@type\":\"SearchAction\",\"target\":{\"@type\":\"EntryPoint\",\"urlTemplate\":\"https:\\\/\\\/fr.motocrossmag.be\\\/?s={search_term_string}\"},\"query-input\":{\"@type\":\"PropertyValueSpecification\",\"valueRequired\":true,\"valueName\":\"search_term_string\"}}],\"inLanguage\":\"fr-FR\"},{\"@type\":\"Person\",\"@id\":\"https:\\\/\\\/fr.motocrossmag.be\\\/#\\\/schema\\\/person\\\/11b47143d9f755babca2c9110e03235c\",\"name\":\"oliviere\",\"image\":{\"@type\":\"ImageObject\",\"inLanguage\":\"fr-FR\",\"@id\":\"https:\\\/\\\/secure.gravatar.com\\\/avatar\\\/907069e0b81d119452040469e4a7501da1100f54f7f80180ce77bfab718288f6?s=96&d=mm&r=g\",\"url\":\"https:\\\/\\\/secure.gravatar.com\\\/avatar\\\/907069e0b81d119452040469e4a7501da1100f54f7f80180ce77bfab718288f6?s=96&d=mm&r=g\",\"contentUrl\":\"https:\\\/\\\/secure.gravatar.com\\\/avatar\\\/907069e0b81d119452040469e4a7501da1100f54f7f80180ce77bfab718288f6?s=96&d=mm&r=g\",\"caption\":\"oliviere\"},\"sameAs\":[\"http:\\\/\\\/www.motocrossmag.be\"],\"url\":\"https:\\\/\\\/fr.motocrossmag.be\\\/index.php\\\/author\\\/oliviere\\\/\"}]}<\/script>\n<!-- \/ Yoast SEO plugin. -->","yoast_head_json":{"title":"Un contrat \"factory\" de deux ans avec Beta pour Jeremy Van Horebeek - Motocross - Enduro - Supermoto | MotocrossMag","robots":{"index":"index","follow":"follow","max-snippet":"max-snippet:-1","max-image-preview":"max-image-preview:large","max-video-preview":"max-video-preview:-1"},"canonical":"https:\/\/fr.motocrossmag.be\/index.php\/2021\/01\/un-contrat-factory-de-deux-ans-avec-beta-pour-jeremy-van-horebeek\/","og_locale":"fr_FR","og_type":"article","og_title":"Un contrat \"factory\" de deux ans avec Beta pour Jeremy Van Horebeek - Motocross - Enduro - Supermoto | MotocrossMag","og_description":"Annonc\u00e9 chez Beta il y a peu, Jeremy Van Horebeek disputera pour la marque italienne le prochain championnat du monde MXGP. Nos coll\u00e8gues de Gatedrop.com ont interrog\u00e9 The Jerre au sujet de ce nouveau challenge pour notre compatriote. L&rsquo;occasion pour le Bruxellois d&rsquo;apporter quelques pr\u00e9cisions quant au contrat qui le lie avec Beta. Il pr\u00e9cise [&hellip;]","og_url":"https:\/\/fr.motocrossmag.be\/index.php\/2021\/01\/un-contrat-factory-de-deux-ans-avec-beta-pour-jeremy-van-horebeek\/","og_site_name":"Motocross - Enduro - Supermoto | MotocrossMag","article_published_time":"2021-01-15T09:28:53+00:00","og_image":[{"width":1000,"height":666,"url":"https:\/\/fr.motocrossmag.be\/wp-content\/uploads\/2019\/08\/Lom-124.jpg","type":"image\/jpeg"}],"author":"oliviere","twitter_card":"summary_large_image","twitter_misc":{"\u00c9crit par":"oliviere","Dur\u00e9e de lecture estim\u00e9e":"1 minute"},"schema":{"@context":"https:\/\/schema.org","@graph":[{"@type":"Article","@id":"https:\/\/fr.motocrossmag.be\/index.php\/2021\/01\/un-contrat-factory-de-deux-ans-avec-beta-pour-jeremy-van-horebeek\/#article","isPartOf":{"@id":"https:\/\/fr.motocrossmag.be\/index.php\/2021\/01\/un-contrat-factory-de-deux-ans-avec-beta-pour-jeremy-van-horebeek\/"},"author":{"name":"oliviere","@id":"https:\/\/fr.motocrossmag.be\/#\/schema\/person\/11b47143d9f755babca2c9110e03235c"},"headline":"Un contrat \u00ab\u00a0factory\u00a0\u00bb de deux ans avec Beta pour Jeremy Van Horebeek","datePublished":"2021-01-15T09:28:53+00:00","mainEntityOfPage":{"@id":"https:\/\/fr.motocrossmag.be\/index.php\/2021\/01\/un-contrat-factory-de-deux-ans-avec-beta-pour-jeremy-van-horebeek\/"},"wordCount":139,"commentCount":0,"image":{"@id":"https:\/\/fr.motocrossmag.be\/index.php\/2021\/01\/un-contrat-factory-de-deux-ans-avec-beta-pour-jeremy-van-horebeek\/#primaryimage"},"thumbnailUrl":"https:\/\/fr.motocrossmag.be\/wp-content\/uploads\/2019\/08\/Lom-124.jpg","keywords":["Jeremy Van Horebeek","Motocross","MXGP"],"articleSection":["Actualit\u00e9","Motocross","Motocross MXGP","News","News","Slideshow"],"inLanguage":"fr-FR","potentialAction":[{"@type":"CommentAction","name":"Comment","target":["https:\/\/fr.motocrossmag.be\/index.php\/2021\/01\/un-contrat-factory-de-deux-ans-avec-beta-pour-jeremy-van-horebeek\/#respond"]}]},{"@type":"WebPage","@id":"https:\/\/fr.motocrossmag.be\/index.php\/2021\/01\/un-contrat-factory-de-deux-ans-avec-beta-pour-jeremy-van-horebeek\/","url":"https:\/\/fr.motocrossmag.be\/index.php\/2021\/01\/un-contrat-factory-de-deux-ans-avec-beta-pour-jeremy-van-horebeek\/","name":"Un contrat \"factory\" de deux ans avec Beta pour Jeremy Van Horebeek - Motocross - Enduro - Supermoto | MotocrossMag","isPartOf":{"@id":"https:\/\/fr.motocrossmag.be\/#website"},"primaryImageOfPage":{"@id":"https:\/\/fr.motocrossmag.be\/index.php\/2021\/01\/un-contrat-factory-de-deux-ans-avec-beta-pour-jeremy-van-horebeek\/#primaryimage"},"image":{"@id":"https:\/\/fr.motocrossmag.be\/index.php\/2021\/01\/un-contrat-factory-de-deux-ans-avec-beta-pour-jeremy-van-horebeek\/#primaryimage"},"thumbnailUrl":"https:\/\/fr.motocrossmag.be\/wp-content\/uploads\/2019\/08\/Lom-124.jpg","datePublished":"2021-01-15T09:28:53+00:00","author":{"@id":"https:\/\/fr.motocrossmag.be\/#\/schema\/person\/11b47143d9f755babca2c9110e03235c"},"breadcrumb":{"@id":"https:\/\/fr.motocrossmag.be\/index.php\/2021\/01\/un-contrat-factory-de-deux-ans-avec-beta-pour-jeremy-van-horebeek\/#breadcrumb"},"inLanguage":"fr-FR","potentialAction":[{"@type":"ReadAction","target":["https:\/\/fr.motocrossmag.be\/index.php\/2021\/01\/un-contrat-factory-de-deux-ans-avec-beta-pour-jeremy-van-horebeek\/"]}]},{"@type":"ImageObject","inLanguage":"fr-FR","@id":"https:\/\/fr.motocrossmag.be\/index.php\/2021\/01\/un-contrat-factory-de-deux-ans-avec-beta-pour-jeremy-van-horebeek\/#primaryimage","url":"https:\/\/fr.motocrossmag.be\/wp-content\/uploads\/2019\/08\/Lom-124.jpg","contentUrl":"https:\/\/fr.motocrossmag.be\/wp-content\/uploads\/2019\/08\/Lom-124.jpg","width":1000,"height":666,"caption":"Van Horebeek"},{"@type":"BreadcrumbList","@id":"https:\/\/fr.motocrossmag.be\/index.php\/2021\/01\/un-contrat-factory-de-deux-ans-avec-beta-pour-jeremy-van-horebeek\/#breadcrumb","itemListElement":[{"@type":"ListItem","position":1,"name":"Accueil","item":"https:\/\/fr.motocrossmag.be\/"},{"@type":"ListItem","position":2,"name":"Un contrat \u00ab\u00a0factory\u00a0\u00bb de deux ans avec Beta pour Jeremy Van Horebeek"}]},{"@type":"WebSite","@id":"https:\/\/fr.motocrossmag.be\/#website","url":"https:\/\/fr.motocrossmag.be\/","name":"Motocross - Enduro - Supermoto | MotocrossMag","description":"L&#039;actualit\u00e9 du motocross, de l&#039;enduro et du Supermoto en ligne!","potentialAction":[{"@type":"SearchAction","target":{"@type":"EntryPoint","urlTemplate":"https:\/\/fr.motocrossmag.be\/?s={search_term_string}"},"query-input":{"@type":"PropertyValueSpecification","valueRequired":true,"valueName":"search_term_string"}}],"inLanguage":"fr-FR"},{"@type":"Person","@id":"https:\/\/fr.motocrossmag.be\/#\/schema\/person\/11b47143d9f755babca2c9110e03235c","name":"oliviere","image":{"@type":"ImageObject","inLanguage":"fr-FR","@id":"https:\/\/secure.gravatar.com\/avatar\/907069e0b81d119452040469e4a7501da1100f54f7f80180ce77bfab718288f6?s=96&d=mm&r=g","url":"https:\/\/secure.gravatar.com\/avatar\/907069e0b81d119452040469e4a7501da1100f54f7f80180ce77bfab718288f6?s=96&d=mm&r=g","contentUrl":"https:\/\/secure.gravatar.com\/avatar\/907069e0b81d119452040469e4a7501da1100f54f7f80180ce77bfab718288f6?s=96&d=mm&r=g","caption":"oliviere"},"sameAs":["http:\/\/www.motocrossmag.be"],"url":"https:\/\/fr.motocrossmag.be\/index.php\/author\/oliviere\/"}]}},"_links":{"self":[{"href":"https:\/\/fr.motocrossmag.be\/index.php\/wp-json\/wp\/v2\/posts\/107794","targetHints":{"allow":["GET"]}}],"collection":[{"href":"https:\/\/fr.motocrossmag.be\/index.php\/wp-json\/wp\/v2\/posts"}],"about":[{"href":"https:\/\/fr.motocrossmag.be\/index.php\/wp-json\/wp\/v2\/types\/post"}],"author":[{"embeddable":true,"href":"https:\/\/fr.motocrossmag.be\/index.php\/wp-json\/wp\/v2\/users\/932"}],"replies":[{"embeddable":true,"href":"https:\/\/fr.motocrossmag.be\/index.php\/wp-json\/wp\/v2\/comments?post=107794"}],"version-history":[{"count":0,"href":"https:\/\/fr.motocrossmag.be\/index.php\/wp-json\/wp\/v2\/posts\/107794\/revisions"}],"wp:featuredmedia":[{"embeddable":true,"href":"https:\/\/fr.motocrossmag.be\/index.php\/wp-json\/wp\/v2\/media\/93277"}],"wp:attachment":[{"href":"https:\/\/fr.motocrossmag.be\/index.php\/wp-json\/wp\/v2\/media?parent=107794"}],"wp:term":[{"taxonomy":"category","embeddable":true,"href":"https:\/\/fr.motocrossmag.be\/index.php\/wp-json\/wp\/v2\/categories?post=107794"},{"taxonomy":"post_tag","embeddable":true,"href":"https:\/\/fr.motocrossmag.be\/index.php\/wp-json\/wp\/v2\/tags?post=107794"}],"curies":[{"name":"wp","href":"https:\/\/api.w.org\/{rel}","templated":true}]}}