{"id":108155,"date":"2021-02-23T20:40:52","date_gmt":"2021-02-23T19:40:52","guid":{"rendered":"http:\/\/fr.motocrossmag.be\/?p=108155"},"modified":"2021-02-24T00:51:48","modified_gmt":"2021-02-23T23:51:48","slug":"supercross-le-debrief-dorlando-2","status":"publish","type":"post","link":"https:\/\/fr.motocrossmag.be\/index.php\/2021\/02\/supercross-le-debrief-dorlando-2\/","title":{"rendered":"Supercross : le debrief d&rsquo;Orlando 2"},"content":{"rendered":"<p><strong>On fait le debrief de la 8\u00e8me \u00e9preuve de la saison Supercros disput\u00e9e ce week-end \u00e0 Orlando.<\/strong><\/p>\n<p><em>Par Michel Capton<\/em><\/p><div class=\"ukgbs6a997346dca4c\" ><!-- \/91277017\/Inline-articles-mobile -->\n<div style=\"margin:auto; text-align:center !important\">\n<div id='div-gpt-ad-1784982661365-0' style='min-width: 250px; min-height: 75px;'>\n  <script>\n    googletag.cmd.push(function() { googletag.display('div-gpt-ad-1784982661365-0'); });\n  <\/script>\n<\/div><\/div><\/div><style type=\"text\/css\">\r\n.ukgbs6a997346dca4c {\r\nmargin-bottom:30px;margin-top:20px\r\n}\r\n@media screen and (min-width: 1201px) {\r\n.ukgbs6a997346dca4c {\r\ndisplay: block;\r\n}\r\n}\r\n@media screen and (min-width: 993px) and (max-width: 1200px) {\r\n.ukgbs6a997346dca4c {\r\ndisplay: block;\r\n}\r\n}\r\n@media screen and (min-width: 769px) and (max-width: 992px) {\r\n.ukgbs6a997346dca4c {\r\ndisplay: block;\r\n}\r\n}\r\n@media screen and (min-width: 768px) and (max-width: 768px) {\r\n.ukgbs6a997346dca4c {\r\ndisplay: block;\r\n}\r\n}\r\n@media screen and (max-width: 767px) {\r\n.ukgbs6a997346dca4c {\r\ndisplay: block;\r\n}\r\n}\r\n<\/style>\r\n\n<p>&nbsp;<\/p>\n<ul>\n<li>Cameron \u00a0McAdoo est le premier vainqueur \u00e0 l\u2019ouest. Il remporte sa s\u00e9rie devant son co\u00e9quipier Seth Hammaker.<\/li>\n<li>M\u00eame cas de figure pour Jeremy Martin qui s\u2019impose devant Justin Cooper.<\/li>\n<li>Les 3\/4 de la piste d\u2019Orlando 2 n\u2019avait pas chang\u00e9s par rapport au week-end dernier.<\/li>\n<li>Mitchell Oldenburg a troqu\u00e9 sa 250 pour une 450, pas de pause pour le pilote Honda.<\/li>\n<li>Qualification directe pour Max Anstie qui prend le dernier ticket devant son compatriote Dean Wilson.<\/li>\n<li>Cedric Soubeyras et Calvin Fontvieille sont au d\u00e9part de la c\u00f4te ouest 250.<\/li>\n<li>Chahut\u00e9 en d\u00e9but de manche, Eli Tomac poursuit tout de m\u00eame sa soir\u00e9e jusqu\u2019en finale.<\/li>\n<li>Dylan Ferrandis et Marvin Musquin ont chut\u00e9s au m\u00eame endroit en s\u00e9rie bien aid\u00e9 par Malcolm Stewart et Jason Anderson.<\/li>\n<li>Soubeyras termine troisi\u00e8me de la LCQ et passe donc en finale sur la MC250 GasGas.<\/li>\n<li>Un gros crash impliquant notamment les deux fr\u00e8res Martin a entrain\u00e9 un drapeau rouge dans la finale 250.<\/li>\n<li>McAdoo a heurt\u00e9 un membre du service m\u00e9dical Alpinestar.<\/li>\n<li>Les deux fr\u00e8res Martin et Jordon Smith ont grill\u00e9s leur joker d\u00e8s la premi\u00e8re \u00e9preuve.<\/li>\n<li>Personne n\u2019a inqui\u00e9t\u00e9 Justin Cooper en t\u00eate de bout en bout de la finale. Il s\u2019impose devant McAdoo et Garrett Marchbanks.<\/li>\n<li>Belle sixi\u00e8me place de Hammaker.<\/li>\n<li>Pour la premi\u00e8re fois de la saison, Ken Roczen a loup\u00e9 son d\u00e9part.<\/li>\n<li>Adam Cianciarulo est pass\u00e9 par l\u2019avant dans les whoops au 2\/3 de la course alors qu\u2019il d\u00e9fendait ch\u00e8rement sa seconde position.<\/li>\n<li>2\/2 pour Cooper Webb \u00e0 Orlando. Il pointe d\u00e9sormais second du provisoire \u00e0 6 points de Roczen.<\/li>\n<li>Jason Anderson est revenu chercher le top 5 en fin de manche en doublant Tomac.<\/li>\n<li>Roczen a tout tent\u00e9 pour doubler Justin Barcia dans le dernier tour.<\/li>\n<\/ul>\n","protected":false},"excerpt":{"rendered":"<p>On fait le debrief de la 8\u00e8me \u00e9preuve de la saison Supercros disput\u00e9e ce week-end \u00e0 Orlando. Par Michel Capton &nbsp; Cameron \u00a0McAdoo est le premier vainqueur \u00e0 l\u2019ouest. Il remporte sa s\u00e9rie devant son co\u00e9quipier Seth Hammaker. M\u00eame cas de figure pour Jeremy Martin qui s\u2019impose devant Justin Cooper. Les 3\/4 de la piste [&hellip;]<\/p>\n","protected":false},"author":932,"featured_media":108156,"comment_status":"open","ping_status":"closed","sticky":false,"template":"","format":"standard","meta":{"tdm_status":"","tdm_grid_status":"","footnotes":""},"categories":[54,4,27,5,55,65],"tags":[147,116],"class_list":["post-108155","post","type-post","status-publish","format-standard","has-post-thumbnail","category-actualite","category-motocross","category-sx-us","category-news","category-news-actualite","category-slideshow","tag-ama","tag-supercross"],"yoast_head":"<!-- This site is optimized with the Yoast SEO plugin v28.4 - https:\/\/yoast.com\/product\/yoast-seo-wordpress\/ -->\n<title>Supercross : le debrief d&#039;Orlando 2 - Motocross - Enduro - Supermoto | MotocrossMag<\/title>\n<meta name=\"robots\" content=\"index, follow, max-snippet:-1, max-image-preview:large, max-video-preview:-1\" \/>\n<link rel=\"canonical\" href=\"https:\/\/fr.motocrossmag.be\/index.php\/2021\/02\/supercross-le-debrief-dorlando-2\/\" \/>\n<meta property=\"og:locale\" content=\"fr_FR\" \/>\n<meta property=\"og:type\" content=\"article\" \/>\n<meta property=\"og:title\" content=\"Supercross : le debrief d&#039;Orlando 2 - Motocross - Enduro - Supermoto | MotocrossMag\" \/>\n<meta property=\"og:description\" content=\"On fait le debrief de la 8\u00e8me \u00e9preuve de la saison Supercros disput\u00e9e ce week-end \u00e0 Orlando. Par Michel Capton &nbsp; Cameron \u00a0McAdoo est le premier vainqueur \u00e0 l\u2019ouest. Il remporte sa s\u00e9rie devant son co\u00e9quipier Seth Hammaker. M\u00eame cas de figure pour Jeremy Martin qui s\u2019impose devant Justin Cooper. Les 3\/4 de la piste [&hellip;]\" \/>\n<meta property=\"og:url\" content=\"https:\/\/fr.motocrossmag.be\/index.php\/2021\/02\/supercross-le-debrief-dorlando-2\/\" \/>\n<meta property=\"og:site_name\" content=\"Motocross - Enduro - Supermoto | MotocrossMag\" \/>\n<meta property=\"article:published_time\" content=\"2021-02-23T19:40:52+00:00\" \/>\n<meta property=\"article:modified_time\" content=\"2021-02-23T23:51:48+00:00\" \/>\n<meta property=\"og:image\" content=\"https:\/\/fr.motocrossmag.be\/wp-content\/uploads\/2021\/02\/374796_Cooper-Webb-KTM-450-SX-F-Orlando-SX-8-2021-045.jpg\" \/>\n\t<meta property=\"og:image:width\" content=\"1000\" \/>\n\t<meta property=\"og:image:height\" content=\"666\" \/>\n\t<meta property=\"og:image:type\" content=\"image\/jpeg\" \/>\n<meta name=\"author\" content=\"oliviere\" \/>\n<meta name=\"twitter:card\" content=\"summary_large_image\" \/>\n<meta name=\"twitter:label1\" content=\"\u00c9crit par\" \/>\n\t<meta name=\"twitter:data1\" content=\"oliviere\" \/>\n\t<meta name=\"twitter:label2\" content=\"Dur\u00e9e de lecture estim\u00e9e\" \/>\n\t<meta name=\"twitter:data2\" content=\"2 minutes\" \/>\n<script type=\"application\/ld+json\" class=\"yoast-schema-graph\">{\"@context\":\"https:\\\/\\\/schema.org\",\"@graph\":[{\"@type\":\"Article\",\"@id\":\"https:\\\/\\\/fr.motocrossmag.be\\\/index.php\\\/2021\\\/02\\\/supercross-le-debrief-dorlando-2\\\/#article\",\"isPartOf\":{\"@id\":\"https:\\\/\\\/fr.motocrossmag.be\\\/index.php\\\/2021\\\/02\\\/supercross-le-debrief-dorlando-2\\\/\"},\"author\":{\"name\":\"oliviere\",\"@id\":\"https:\\\/\\\/fr.motocrossmag.be\\\/#\\\/schema\\\/person\\\/11b47143d9f755babca2c9110e03235c\"},\"headline\":\"Supercross : le debrief d&rsquo;Orlando 2\",\"datePublished\":\"2021-02-23T19:40:52+00:00\",\"dateModified\":\"2021-02-23T23:51:48+00:00\",\"mainEntityOfPage\":{\"@id\":\"https:\\\/\\\/fr.motocrossmag.be\\\/index.php\\\/2021\\\/02\\\/supercross-le-debrief-dorlando-2\\\/\"},\"wordCount\":333,\"commentCount\":0,\"image\":{\"@id\":\"https:\\\/\\\/fr.motocrossmag.be\\\/index.php\\\/2021\\\/02\\\/supercross-le-debrief-dorlando-2\\\/#primaryimage\"},\"thumbnailUrl\":\"https:\\\/\\\/fr.motocrossmag.be\\\/wp-content\\\/uploads\\\/2021\\\/02\\\/374796_Cooper-Webb-KTM-450-SX-F-Orlando-SX-8-2021-045.jpg\",\"keywords\":[\"AMA\",\"Supercross\"],\"articleSection\":[\"Actualit\u00e9\",\"Motocross\",\"MX\\\/SX US\",\"News\",\"News\",\"Slideshow\"],\"inLanguage\":\"fr-FR\",\"potentialAction\":[{\"@type\":\"CommentAction\",\"name\":\"Comment\",\"target\":[\"https:\\\/\\\/fr.motocrossmag.be\\\/index.php\\\/2021\\\/02\\\/supercross-le-debrief-dorlando-2\\\/#respond\"]}]},{\"@type\":\"WebPage\",\"@id\":\"https:\\\/\\\/fr.motocrossmag.be\\\/index.php\\\/2021\\\/02\\\/supercross-le-debrief-dorlando-2\\\/\",\"url\":\"https:\\\/\\\/fr.motocrossmag.be\\\/index.php\\\/2021\\\/02\\\/supercross-le-debrief-dorlando-2\\\/\",\"name\":\"Supercross : le debrief d'Orlando 2 - Motocross - Enduro - Supermoto | MotocrossMag\",\"isPartOf\":{\"@id\":\"https:\\\/\\\/fr.motocrossmag.be\\\/#website\"},\"primaryImageOfPage\":{\"@id\":\"https:\\\/\\\/fr.motocrossmag.be\\\/index.php\\\/2021\\\/02\\\/supercross-le-debrief-dorlando-2\\\/#primaryimage\"},\"image\":{\"@id\":\"https:\\\/\\\/fr.motocrossmag.be\\\/index.php\\\/2021\\\/02\\\/supercross-le-debrief-dorlando-2\\\/#primaryimage\"},\"thumbnailUrl\":\"https:\\\/\\\/fr.motocrossmag.be\\\/wp-content\\\/uploads\\\/2021\\\/02\\\/374796_Cooper-Webb-KTM-450-SX-F-Orlando-SX-8-2021-045.jpg\",\"datePublished\":\"2021-02-23T19:40:52+00:00\",\"dateModified\":\"2021-02-23T23:51:48+00:00\",\"author\":{\"@id\":\"https:\\\/\\\/fr.motocrossmag.be\\\/#\\\/schema\\\/person\\\/11b47143d9f755babca2c9110e03235c\"},\"breadcrumb\":{\"@id\":\"https:\\\/\\\/fr.motocrossmag.be\\\/index.php\\\/2021\\\/02\\\/supercross-le-debrief-dorlando-2\\\/#breadcrumb\"},\"inLanguage\":\"fr-FR\",\"potentialAction\":[{\"@type\":\"ReadAction\",\"target\":[\"https:\\\/\\\/fr.motocrossmag.be\\\/index.php\\\/2021\\\/02\\\/supercross-le-debrief-dorlando-2\\\/\"]}]},{\"@type\":\"ImageObject\",\"inLanguage\":\"fr-FR\",\"@id\":\"https:\\\/\\\/fr.motocrossmag.be\\\/index.php\\\/2021\\\/02\\\/supercross-le-debrief-dorlando-2\\\/#primaryimage\",\"url\":\"https:\\\/\\\/fr.motocrossmag.be\\\/wp-content\\\/uploads\\\/2021\\\/02\\\/374796_Cooper-Webb-KTM-450-SX-F-Orlando-SX-8-2021-045.jpg\",\"contentUrl\":\"https:\\\/\\\/fr.motocrossmag.be\\\/wp-content\\\/uploads\\\/2021\\\/02\\\/374796_Cooper-Webb-KTM-450-SX-F-Orlando-SX-8-2021-045.jpg\",\"width\":1000,\"height\":666},{\"@type\":\"BreadcrumbList\",\"@id\":\"https:\\\/\\\/fr.motocrossmag.be\\\/index.php\\\/2021\\\/02\\\/supercross-le-debrief-dorlando-2\\\/#breadcrumb\",\"itemListElement\":[{\"@type\":\"ListItem\",\"position\":1,\"name\":\"Accueil\",\"item\":\"https:\\\/\\\/fr.motocrossmag.be\\\/\"},{\"@type\":\"ListItem\",\"position\":2,\"name\":\"Supercross : le debrief d&rsquo;Orlando 2\"}]},{\"@type\":\"WebSite\",\"@id\":\"https:\\\/\\\/fr.motocrossmag.be\\\/#website\",\"url\":\"https:\\\/\\\/fr.motocrossmag.be\\\/\",\"name\":\"Motocross - Enduro - Supermoto | MotocrossMag\",\"description\":\"L&#039;actualit\u00e9 du motocross, de l&#039;enduro et du Supermoto en ligne!\",\"potentialAction\":[{\"@type\":\"SearchAction\",\"target\":{\"@type\":\"EntryPoint\",\"urlTemplate\":\"https:\\\/\\\/fr.motocrossmag.be\\\/?s={search_term_string}\"},\"query-input\":{\"@type\":\"PropertyValueSpecification\",\"valueRequired\":true,\"valueName\":\"search_term_string\"}}],\"inLanguage\":\"fr-FR\"},{\"@type\":\"Person\",\"@id\":\"https:\\\/\\\/fr.motocrossmag.be\\\/#\\\/schema\\\/person\\\/11b47143d9f755babca2c9110e03235c\",\"name\":\"oliviere\",\"image\":{\"@type\":\"ImageObject\",\"inLanguage\":\"fr-FR\",\"@id\":\"https:\\\/\\\/secure.gravatar.com\\\/avatar\\\/907069e0b81d119452040469e4a7501da1100f54f7f80180ce77bfab718288f6?s=96&d=mm&r=g\",\"url\":\"https:\\\/\\\/secure.gravatar.com\\\/avatar\\\/907069e0b81d119452040469e4a7501da1100f54f7f80180ce77bfab718288f6?s=96&d=mm&r=g\",\"contentUrl\":\"https:\\\/\\\/secure.gravatar.com\\\/avatar\\\/907069e0b81d119452040469e4a7501da1100f54f7f80180ce77bfab718288f6?s=96&d=mm&r=g\",\"caption\":\"oliviere\"},\"sameAs\":[\"http:\\\/\\\/www.motocrossmag.be\"],\"url\":\"https:\\\/\\\/fr.motocrossmag.be\\\/index.php\\\/author\\\/oliviere\\\/\"}]}<\/script>\n<!-- \/ Yoast SEO plugin. -->","yoast_head_json":{"title":"Supercross : le debrief d'Orlando 2 - Motocross - Enduro - Supermoto | MotocrossMag","robots":{"index":"index","follow":"follow","max-snippet":"max-snippet:-1","max-image-preview":"max-image-preview:large","max-video-preview":"max-video-preview:-1"},"canonical":"https:\/\/fr.motocrossmag.be\/index.php\/2021\/02\/supercross-le-debrief-dorlando-2\/","og_locale":"fr_FR","og_type":"article","og_title":"Supercross : le debrief d'Orlando 2 - Motocross - Enduro - Supermoto | MotocrossMag","og_description":"On fait le debrief de la 8\u00e8me \u00e9preuve de la saison Supercros disput\u00e9e ce week-end \u00e0 Orlando. Par Michel Capton &nbsp; Cameron \u00a0McAdoo est le premier vainqueur \u00e0 l\u2019ouest. Il remporte sa s\u00e9rie devant son co\u00e9quipier Seth Hammaker. M\u00eame cas de figure pour Jeremy Martin qui s\u2019impose devant Justin Cooper. Les 3\/4 de la piste [&hellip;]","og_url":"https:\/\/fr.motocrossmag.be\/index.php\/2021\/02\/supercross-le-debrief-dorlando-2\/","og_site_name":"Motocross - Enduro - Supermoto | MotocrossMag","article_published_time":"2021-02-23T19:40:52+00:00","article_modified_time":"2021-02-23T23:51:48+00:00","og_image":[{"width":1000,"height":666,"url":"https:\/\/fr.motocrossmag.be\/wp-content\/uploads\/2021\/02\/374796_Cooper-Webb-KTM-450-SX-F-Orlando-SX-8-2021-045.jpg","type":"image\/jpeg"}],"author":"oliviere","twitter_card":"summary_large_image","twitter_misc":{"\u00c9crit par":"oliviere","Dur\u00e9e de lecture estim\u00e9e":"2 minutes"},"schema":{"@context":"https:\/\/schema.org","@graph":[{"@type":"Article","@id":"https:\/\/fr.motocrossmag.be\/index.php\/2021\/02\/supercross-le-debrief-dorlando-2\/#article","isPartOf":{"@id":"https:\/\/fr.motocrossmag.be\/index.php\/2021\/02\/supercross-le-debrief-dorlando-2\/"},"author":{"name":"oliviere","@id":"https:\/\/fr.motocrossmag.be\/#\/schema\/person\/11b47143d9f755babca2c9110e03235c"},"headline":"Supercross : le debrief d&rsquo;Orlando 2","datePublished":"2021-02-23T19:40:52+00:00","dateModified":"2021-02-23T23:51:48+00:00","mainEntityOfPage":{"@id":"https:\/\/fr.motocrossmag.be\/index.php\/2021\/02\/supercross-le-debrief-dorlando-2\/"},"wordCount":333,"commentCount":0,"image":{"@id":"https:\/\/fr.motocrossmag.be\/index.php\/2021\/02\/supercross-le-debrief-dorlando-2\/#primaryimage"},"thumbnailUrl":"https:\/\/fr.motocrossmag.be\/wp-content\/uploads\/2021\/02\/374796_Cooper-Webb-KTM-450-SX-F-Orlando-SX-8-2021-045.jpg","keywords":["AMA","Supercross"],"articleSection":["Actualit\u00e9","Motocross","MX\/SX US","News","News","Slideshow"],"inLanguage":"fr-FR","potentialAction":[{"@type":"CommentAction","name":"Comment","target":["https:\/\/fr.motocrossmag.be\/index.php\/2021\/02\/supercross-le-debrief-dorlando-2\/#respond"]}]},{"@type":"WebPage","@id":"https:\/\/fr.motocrossmag.be\/index.php\/2021\/02\/supercross-le-debrief-dorlando-2\/","url":"https:\/\/fr.motocrossmag.be\/index.php\/2021\/02\/supercross-le-debrief-dorlando-2\/","name":"Supercross : le debrief d'Orlando 2 - Motocross - Enduro - Supermoto | MotocrossMag","isPartOf":{"@id":"https:\/\/fr.motocrossmag.be\/#website"},"primaryImageOfPage":{"@id":"https:\/\/fr.motocrossmag.be\/index.php\/2021\/02\/supercross-le-debrief-dorlando-2\/#primaryimage"},"image":{"@id":"https:\/\/fr.motocrossmag.be\/index.php\/2021\/02\/supercross-le-debrief-dorlando-2\/#primaryimage"},"thumbnailUrl":"https:\/\/fr.motocrossmag.be\/wp-content\/uploads\/2021\/02\/374796_Cooper-Webb-KTM-450-SX-F-Orlando-SX-8-2021-045.jpg","datePublished":"2021-02-23T19:40:52+00:00","dateModified":"2021-02-23T23:51:48+00:00","author":{"@id":"https:\/\/fr.motocrossmag.be\/#\/schema\/person\/11b47143d9f755babca2c9110e03235c"},"breadcrumb":{"@id":"https:\/\/fr.motocrossmag.be\/index.php\/2021\/02\/supercross-le-debrief-dorlando-2\/#breadcrumb"},"inLanguage":"fr-FR","potentialAction":[{"@type":"ReadAction","target":["https:\/\/fr.motocrossmag.be\/index.php\/2021\/02\/supercross-le-debrief-dorlando-2\/"]}]},{"@type":"ImageObject","inLanguage":"fr-FR","@id":"https:\/\/fr.motocrossmag.be\/index.php\/2021\/02\/supercross-le-debrief-dorlando-2\/#primaryimage","url":"https:\/\/fr.motocrossmag.be\/wp-content\/uploads\/2021\/02\/374796_Cooper-Webb-KTM-450-SX-F-Orlando-SX-8-2021-045.jpg","contentUrl":"https:\/\/fr.motocrossmag.be\/wp-content\/uploads\/2021\/02\/374796_Cooper-Webb-KTM-450-SX-F-Orlando-SX-8-2021-045.jpg","width":1000,"height":666},{"@type":"BreadcrumbList","@id":"https:\/\/fr.motocrossmag.be\/index.php\/2021\/02\/supercross-le-debrief-dorlando-2\/#breadcrumb","itemListElement":[{"@type":"ListItem","position":1,"name":"Accueil","item":"https:\/\/fr.motocrossmag.be\/"},{"@type":"ListItem","position":2,"name":"Supercross : le debrief d&rsquo;Orlando 2"}]},{"@type":"WebSite","@id":"https:\/\/fr.motocrossmag.be\/#website","url":"https:\/\/fr.motocrossmag.be\/","name":"Motocross - Enduro - Supermoto | MotocrossMag","description":"L&#039;actualit\u00e9 du motocross, de l&#039;enduro et du Supermoto en ligne!","potentialAction":[{"@type":"SearchAction","target":{"@type":"EntryPoint","urlTemplate":"https:\/\/fr.motocrossmag.be\/?s={search_term_string}"},"query-input":{"@type":"PropertyValueSpecification","valueRequired":true,"valueName":"search_term_string"}}],"inLanguage":"fr-FR"},{"@type":"Person","@id":"https:\/\/fr.motocrossmag.be\/#\/schema\/person\/11b47143d9f755babca2c9110e03235c","name":"oliviere","image":{"@type":"ImageObject","inLanguage":"fr-FR","@id":"https:\/\/secure.gravatar.com\/avatar\/907069e0b81d119452040469e4a7501da1100f54f7f80180ce77bfab718288f6?s=96&d=mm&r=g","url":"https:\/\/secure.gravatar.com\/avatar\/907069e0b81d119452040469e4a7501da1100f54f7f80180ce77bfab718288f6?s=96&d=mm&r=g","contentUrl":"https:\/\/secure.gravatar.com\/avatar\/907069e0b81d119452040469e4a7501da1100f54f7f80180ce77bfab718288f6?s=96&d=mm&r=g","caption":"oliviere"},"sameAs":["http:\/\/www.motocrossmag.be"],"url":"https:\/\/fr.motocrossmag.be\/index.php\/author\/oliviere\/"}]}},"_links":{"self":[{"href":"https:\/\/fr.motocrossmag.be\/index.php\/wp-json\/wp\/v2\/posts\/108155","targetHints":{"allow":["GET"]}}],"collection":[{"href":"https:\/\/fr.motocrossmag.be\/index.php\/wp-json\/wp\/v2\/posts"}],"about":[{"href":"https:\/\/fr.motocrossmag.be\/index.php\/wp-json\/wp\/v2\/types\/post"}],"author":[{"embeddable":true,"href":"https:\/\/fr.motocrossmag.be\/index.php\/wp-json\/wp\/v2\/users\/932"}],"replies":[{"embeddable":true,"href":"https:\/\/fr.motocrossmag.be\/index.php\/wp-json\/wp\/v2\/comments?post=108155"}],"version-history":[{"count":0,"href":"https:\/\/fr.motocrossmag.be\/index.php\/wp-json\/wp\/v2\/posts\/108155\/revisions"}],"wp:featuredmedia":[{"embeddable":true,"href":"https:\/\/fr.motocrossmag.be\/index.php\/wp-json\/wp\/v2\/media\/108156"}],"wp:attachment":[{"href":"https:\/\/fr.motocrossmag.be\/index.php\/wp-json\/wp\/v2\/media?parent=108155"}],"wp:term":[{"taxonomy":"category","embeddable":true,"href":"https:\/\/fr.motocrossmag.be\/index.php\/wp-json\/wp\/v2\/categories?post=108155"},{"taxonomy":"post_tag","embeddable":true,"href":"https:\/\/fr.motocrossmag.be\/index.php\/wp-json\/wp\/v2\/tags?post=108155"}],"curies":[{"name":"wp","href":"https:\/\/api.w.org\/{rel}","templated":true}]}}