{"id":109698,"date":"2021-05-23T18:09:45","date_gmt":"2021-05-23T16:09:45","guid":{"rendered":"http:\/\/fr.motocrossmag.be\/?p=109698"},"modified":"2021-05-23T20:15:39","modified_gmt":"2021-05-23T18:15:39","slug":"liam-everts-au-pied-du-podium-a-lyng","status":"publish","type":"post","link":"https:\/\/fr.motocrossmag.be\/index.php\/2021\/05\/liam-everts-au-pied-du-podium-a-lyng\/","title":{"rendered":"Liam Everts au pied du podium \u00e0 Lyng"},"content":{"rendered":"<p><strong>Liam Everts \u00e9tait au d\u00e9part du 2\u00e8me round du championnat de Grande-Bretagne ce dimanche \u00e0 Lyng. Conrad Mewse s&rsquo;est \u00e0 nouveau impos\u00e9 sur son championnat national en remportant les deux manches du jour.<\/strong><\/p>\n<p>Quatri\u00e8me puis sixi\u00e8me dans les manches, Liam Everts place sa KTM au pied du podium, en 4\u00e8me position.<\/p><div class=\"vxubs6a9a98c4c0184\" ><!-- \/91277017\/Inline-articles-mobile -->\n<div style=\"margin:auto; text-align:center !important\">\n<div id='div-gpt-ad-1784982661365-0' style='min-width: 250px; min-height: 75px;'>\n  <script>\n    googletag.cmd.push(function() { googletag.display('div-gpt-ad-1784982661365-0'); });\n  <\/script>\n<\/div><\/div><\/div><style type=\"text\/css\">\r\n.vxubs6a9a98c4c0184 {\r\nmargin-bottom:30px;margin-top:20px\r\n}\r\n@media screen and (min-width: 1201px) {\r\n.vxubs6a9a98c4c0184 {\r\ndisplay: block;\r\n}\r\n}\r\n@media screen and (min-width: 993px) and (max-width: 1200px) {\r\n.vxubs6a9a98c4c0184 {\r\ndisplay: block;\r\n}\r\n}\r\n@media screen and (min-width: 769px) and (max-width: 992px) {\r\n.vxubs6a9a98c4c0184 {\r\ndisplay: block;\r\n}\r\n}\r\n@media screen and (min-width: 768px) and (max-width: 768px) {\r\n.vxubs6a9a98c4c0184 {\r\ndisplay: block;\r\n}\r\n}\r\n@media screen and (max-width: 767px) {\r\n.vxubs6a9a98c4c0184 {\r\ndisplay: block;\r\n}\r\n}\r\n<\/style>\r\n\n<p><span style=\"color: #800000;\"><strong>R\u00e9sultats<\/strong><\/span><\/p>\n<p>MANCHE 1<\/p>\n<p>1. Conrad Mewse; 2. Steven Clarke; 3. Taylor Hammal; <strong>4. Liam Everts; <\/strong>5. Nathan Dixon; 6. Brad Anderson; 7. John Adamson; 8. Florian Miot; 9. Tom Grimshaw; 10. Calum Mitchell;<\/p><div class=\"puoin6a9a98c4c0199\" ><!-- \/91277017\/articles-inline-2 -->\n<div style=\"margin: 20px auto; text-align:center !important\">\n<div id='div-gpt-ad-1785021530385-0' style='min-width: 300px; min-height: 75px;'>\n  <script>\n    googletag.cmd.push(function() { googletag.display('div-gpt-ad-1785021530385-0'); });\n  <\/script>\n<\/div><\/div><\/div><style type=\"text\/css\">\r\n@media screen and (min-width: 1201px) {\r\n.puoin6a9a98c4c0199 {\r\ndisplay: block;\r\n}\r\n}\r\n@media screen and (min-width: 993px) and (max-width: 1200px) {\r\n.puoin6a9a98c4c0199 {\r\ndisplay: block;\r\n}\r\n}\r\n@media screen and (min-width: 769px) and (max-width: 992px) {\r\n.puoin6a9a98c4c0199 {\r\ndisplay: block;\r\n}\r\n}\r\n@media screen and (min-width: 768px) and (max-width: 768px) {\r\n.puoin6a9a98c4c0199 {\r\ndisplay: block;\r\n}\r\n}\r\n@media screen and (max-width: 767px) {\r\n.puoin6a9a98c4c0199 {\r\ndisplay: block;\r\n}\r\n}\r\n<\/style>\r\n\n<p>MANCHE 2<strong><br \/>\n<\/strong><br \/>\n1. Conrad Mewse; 2. Ashton Dickinson; 3.\u00a0Jay Hague; 4. John Adamson; 5. Taylor Hammal; <strong>6. Liam Everts;<\/strong> 7.\u00a0 Steven Clarke; 8. Brad Anderson; 9. Nathan Dixon; 10. James Carpenter;<\/p>\n<p>CLASSEMENT GENERAL MX2<strong><br \/>\n<\/strong><br \/>\n1. Conrad Mewse 50 pts; 2.Taylor Hammal 36 pts; 3. Steven Clarke 36 pts; <strong>4. Liam Everts 33 pts; <\/strong>5.\u00a0John Adamson 32 pts; 6. Jay Hague\u00a0 30 pts; 7. Brad Anderson 28 pts; 8. Nathan Dixon 28 pts; 9. Ashton Dickinson 22 pts; 10. Tom Grimshaw 21 pts;&#8230;<\/p>\n","protected":false},"excerpt":{"rendered":"<p>Liam Everts \u00e9tait au d\u00e9part du 2\u00e8me round du championnat de Grande-Bretagne ce dimanche \u00e0 Lyng. Conrad Mewse s&rsquo;est \u00e0 nouveau impos\u00e9 sur son championnat national en remportant les deux manches du jour. Quatri\u00e8me puis sixi\u00e8me dans les manches, Liam Everts place sa KTM au pied du podium, en 4\u00e8me position. R\u00e9sultats MANCHE 1 1. [&hellip;]<\/p>\n","protected":false},"author":932,"featured_media":109006,"comment_status":"open","ping_status":"closed","sticky":false,"template":"","format":"standard","meta":{"tdm_status":"","tdm_grid_status":"","footnotes":""},"categories":[54,4,5,55,65],"tags":[1247,947],"class_list":["post-109698","post","type-post","status-publish","format-standard","has-post-thumbnail","category-actualite","category-motocross","category-news","category-news-actualite","category-slideshow","tag-liam-everts","tag-motocross"],"yoast_head":"<!-- This site is optimized with the Yoast SEO plugin v28.4 - https:\/\/yoast.com\/product\/yoast-seo-wordpress\/ -->\n<title>Liam Everts au pied du podium \u00e0 Lyng - Motocross - Enduro - Supermoto | MotocrossMag<\/title>\n<meta name=\"robots\" content=\"index, follow, max-snippet:-1, max-image-preview:large, max-video-preview:-1\" \/>\n<link rel=\"canonical\" href=\"https:\/\/fr.motocrossmag.be\/index.php\/2021\/05\/liam-everts-au-pied-du-podium-a-lyng\/\" \/>\n<meta property=\"og:locale\" content=\"fr_FR\" \/>\n<meta property=\"og:type\" content=\"article\" \/>\n<meta property=\"og:title\" content=\"Liam Everts au pied du podium \u00e0 Lyng - Motocross - Enduro - Supermoto | MotocrossMag\" \/>\n<meta property=\"og:description\" content=\"Liam Everts \u00e9tait au d\u00e9part du 2\u00e8me round du championnat de Grande-Bretagne ce dimanche \u00e0 Lyng. Conrad Mewse s&rsquo;est \u00e0 nouveau impos\u00e9 sur son championnat national en remportant les deux manches du jour. Quatri\u00e8me puis sixi\u00e8me dans les manches, Liam Everts place sa KTM au pied du podium, en 4\u00e8me position. R\u00e9sultats MANCHE 1 1. [&hellip;]\" \/>\n<meta property=\"og:url\" content=\"https:\/\/fr.motocrossmag.be\/index.php\/2021\/05\/liam-everts-au-pied-du-podium-a-lyng\/\" \/>\n<meta property=\"og:site_name\" content=\"Motocross - Enduro - Supermoto | MotocrossMag\" \/>\n<meta property=\"article:published_time\" content=\"2021-05-23T16:09:45+00:00\" \/>\n<meta property=\"article:modified_time\" content=\"2021-05-23T18:15:39+00:00\" \/>\n<meta property=\"og:image\" content=\"https:\/\/fr.motocrossmag.be\/wp-content\/uploads\/2021\/04\/liam-stefan-everts.jpg\" \/>\n\t<meta property=\"og:image:width\" content=\"899\" \/>\n\t<meta property=\"og:image:height\" content=\"600\" \/>\n\t<meta property=\"og:image:type\" content=\"image\/jpeg\" \/>\n<meta name=\"author\" content=\"oliviere\" \/>\n<meta name=\"twitter:card\" content=\"summary_large_image\" \/>\n<meta name=\"twitter:label1\" content=\"\u00c9crit par\" \/>\n\t<meta name=\"twitter:data1\" content=\"oliviere\" \/>\n\t<meta name=\"twitter:label2\" content=\"Dur\u00e9e de lecture estim\u00e9e\" \/>\n\t<meta name=\"twitter:data2\" content=\"1 minute\" \/>\n<script type=\"application\/ld+json\" class=\"yoast-schema-graph\">{\"@context\":\"https:\\\/\\\/schema.org\",\"@graph\":[{\"@type\":\"Article\",\"@id\":\"https:\\\/\\\/fr.motocrossmag.be\\\/index.php\\\/2021\\\/05\\\/liam-everts-au-pied-du-podium-a-lyng\\\/#article\",\"isPartOf\":{\"@id\":\"https:\\\/\\\/fr.motocrossmag.be\\\/index.php\\\/2021\\\/05\\\/liam-everts-au-pied-du-podium-a-lyng\\\/\"},\"author\":{\"name\":\"oliviere\",\"@id\":\"https:\\\/\\\/fr.motocrossmag.be\\\/#\\\/schema\\\/person\\\/11b47143d9f755babca2c9110e03235c\"},\"headline\":\"Liam Everts au pied du podium \u00e0 Lyng\",\"datePublished\":\"2021-05-23T16:09:45+00:00\",\"dateModified\":\"2021-05-23T18:15:39+00:00\",\"mainEntityOfPage\":{\"@id\":\"https:\\\/\\\/fr.motocrossmag.be\\\/index.php\\\/2021\\\/05\\\/liam-everts-au-pied-du-podium-a-lyng\\\/\"},\"wordCount\":137,\"commentCount\":0,\"image\":{\"@id\":\"https:\\\/\\\/fr.motocrossmag.be\\\/index.php\\\/2021\\\/05\\\/liam-everts-au-pied-du-podium-a-lyng\\\/#primaryimage\"},\"thumbnailUrl\":\"https:\\\/\\\/fr.motocrossmag.be\\\/wp-content\\\/uploads\\\/2021\\\/04\\\/liam-stefan-everts.jpg\",\"keywords\":[\"liam everts\",\"Motocross\"],\"articleSection\":[\"Actualit\u00e9\",\"Motocross\",\"News\",\"News\",\"Slideshow\"],\"inLanguage\":\"fr-FR\",\"potentialAction\":[{\"@type\":\"CommentAction\",\"name\":\"Comment\",\"target\":[\"https:\\\/\\\/fr.motocrossmag.be\\\/index.php\\\/2021\\\/05\\\/liam-everts-au-pied-du-podium-a-lyng\\\/#respond\"]}]},{\"@type\":\"WebPage\",\"@id\":\"https:\\\/\\\/fr.motocrossmag.be\\\/index.php\\\/2021\\\/05\\\/liam-everts-au-pied-du-podium-a-lyng\\\/\",\"url\":\"https:\\\/\\\/fr.motocrossmag.be\\\/index.php\\\/2021\\\/05\\\/liam-everts-au-pied-du-podium-a-lyng\\\/\",\"name\":\"Liam Everts au pied du podium \u00e0 Lyng - Motocross - Enduro - Supermoto | MotocrossMag\",\"isPartOf\":{\"@id\":\"https:\\\/\\\/fr.motocrossmag.be\\\/#website\"},\"primaryImageOfPage\":{\"@id\":\"https:\\\/\\\/fr.motocrossmag.be\\\/index.php\\\/2021\\\/05\\\/liam-everts-au-pied-du-podium-a-lyng\\\/#primaryimage\"},\"image\":{\"@id\":\"https:\\\/\\\/fr.motocrossmag.be\\\/index.php\\\/2021\\\/05\\\/liam-everts-au-pied-du-podium-a-lyng\\\/#primaryimage\"},\"thumbnailUrl\":\"https:\\\/\\\/fr.motocrossmag.be\\\/wp-content\\\/uploads\\\/2021\\\/04\\\/liam-stefan-everts.jpg\",\"datePublished\":\"2021-05-23T16:09:45+00:00\",\"dateModified\":\"2021-05-23T18:15:39+00:00\",\"author\":{\"@id\":\"https:\\\/\\\/fr.motocrossmag.be\\\/#\\\/schema\\\/person\\\/11b47143d9f755babca2c9110e03235c\"},\"breadcrumb\":{\"@id\":\"https:\\\/\\\/fr.motocrossmag.be\\\/index.php\\\/2021\\\/05\\\/liam-everts-au-pied-du-podium-a-lyng\\\/#breadcrumb\"},\"inLanguage\":\"fr-FR\",\"potentialAction\":[{\"@type\":\"ReadAction\",\"target\":[\"https:\\\/\\\/fr.motocrossmag.be\\\/index.php\\\/2021\\\/05\\\/liam-everts-au-pied-du-podium-a-lyng\\\/\"]}]},{\"@type\":\"ImageObject\",\"inLanguage\":\"fr-FR\",\"@id\":\"https:\\\/\\\/fr.motocrossmag.be\\\/index.php\\\/2021\\\/05\\\/liam-everts-au-pied-du-podium-a-lyng\\\/#primaryimage\",\"url\":\"https:\\\/\\\/fr.motocrossmag.be\\\/wp-content\\\/uploads\\\/2021\\\/04\\\/liam-stefan-everts.jpg\",\"contentUrl\":\"https:\\\/\\\/fr.motocrossmag.be\\\/wp-content\\\/uploads\\\/2021\\\/04\\\/liam-stefan-everts.jpg\",\"width\":899,\"height\":600},{\"@type\":\"BreadcrumbList\",\"@id\":\"https:\\\/\\\/fr.motocrossmag.be\\\/index.php\\\/2021\\\/05\\\/liam-everts-au-pied-du-podium-a-lyng\\\/#breadcrumb\",\"itemListElement\":[{\"@type\":\"ListItem\",\"position\":1,\"name\":\"Accueil\",\"item\":\"https:\\\/\\\/fr.motocrossmag.be\\\/\"},{\"@type\":\"ListItem\",\"position\":2,\"name\":\"Liam Everts au pied du podium \u00e0 Lyng\"}]},{\"@type\":\"WebSite\",\"@id\":\"https:\\\/\\\/fr.motocrossmag.be\\\/#website\",\"url\":\"https:\\\/\\\/fr.motocrossmag.be\\\/\",\"name\":\"Motocross - Enduro - Supermoto | MotocrossMag\",\"description\":\"L&#039;actualit\u00e9 du motocross, de l&#039;enduro et du Supermoto en ligne!\",\"potentialAction\":[{\"@type\":\"SearchAction\",\"target\":{\"@type\":\"EntryPoint\",\"urlTemplate\":\"https:\\\/\\\/fr.motocrossmag.be\\\/?s={search_term_string}\"},\"query-input\":{\"@type\":\"PropertyValueSpecification\",\"valueRequired\":true,\"valueName\":\"search_term_string\"}}],\"inLanguage\":\"fr-FR\"},{\"@type\":\"Person\",\"@id\":\"https:\\\/\\\/fr.motocrossmag.be\\\/#\\\/schema\\\/person\\\/11b47143d9f755babca2c9110e03235c\",\"name\":\"oliviere\",\"image\":{\"@type\":\"ImageObject\",\"inLanguage\":\"fr-FR\",\"@id\":\"https:\\\/\\\/secure.gravatar.com\\\/avatar\\\/907069e0b81d119452040469e4a7501da1100f54f7f80180ce77bfab718288f6?s=96&d=mm&r=g\",\"url\":\"https:\\\/\\\/secure.gravatar.com\\\/avatar\\\/907069e0b81d119452040469e4a7501da1100f54f7f80180ce77bfab718288f6?s=96&d=mm&r=g\",\"contentUrl\":\"https:\\\/\\\/secure.gravatar.com\\\/avatar\\\/907069e0b81d119452040469e4a7501da1100f54f7f80180ce77bfab718288f6?s=96&d=mm&r=g\",\"caption\":\"oliviere\"},\"sameAs\":[\"http:\\\/\\\/www.motocrossmag.be\"],\"url\":\"https:\\\/\\\/fr.motocrossmag.be\\\/index.php\\\/author\\\/oliviere\\\/\"}]}<\/script>\n<!-- \/ Yoast SEO plugin. -->","yoast_head_json":{"title":"Liam Everts au pied du podium \u00e0 Lyng - Motocross - Enduro - Supermoto | MotocrossMag","robots":{"index":"index","follow":"follow","max-snippet":"max-snippet:-1","max-image-preview":"max-image-preview:large","max-video-preview":"max-video-preview:-1"},"canonical":"https:\/\/fr.motocrossmag.be\/index.php\/2021\/05\/liam-everts-au-pied-du-podium-a-lyng\/","og_locale":"fr_FR","og_type":"article","og_title":"Liam Everts au pied du podium \u00e0 Lyng - Motocross - Enduro - Supermoto | MotocrossMag","og_description":"Liam Everts \u00e9tait au d\u00e9part du 2\u00e8me round du championnat de Grande-Bretagne ce dimanche \u00e0 Lyng. Conrad Mewse s&rsquo;est \u00e0 nouveau impos\u00e9 sur son championnat national en remportant les deux manches du jour. Quatri\u00e8me puis sixi\u00e8me dans les manches, Liam Everts place sa KTM au pied du podium, en 4\u00e8me position. R\u00e9sultats MANCHE 1 1. [&hellip;]","og_url":"https:\/\/fr.motocrossmag.be\/index.php\/2021\/05\/liam-everts-au-pied-du-podium-a-lyng\/","og_site_name":"Motocross - Enduro - Supermoto | MotocrossMag","article_published_time":"2021-05-23T16:09:45+00:00","article_modified_time":"2021-05-23T18:15:39+00:00","og_image":[{"width":899,"height":600,"url":"https:\/\/fr.motocrossmag.be\/wp-content\/uploads\/2021\/04\/liam-stefan-everts.jpg","type":"image\/jpeg"}],"author":"oliviere","twitter_card":"summary_large_image","twitter_misc":{"\u00c9crit par":"oliviere","Dur\u00e9e de lecture estim\u00e9e":"1 minute"},"schema":{"@context":"https:\/\/schema.org","@graph":[{"@type":"Article","@id":"https:\/\/fr.motocrossmag.be\/index.php\/2021\/05\/liam-everts-au-pied-du-podium-a-lyng\/#article","isPartOf":{"@id":"https:\/\/fr.motocrossmag.be\/index.php\/2021\/05\/liam-everts-au-pied-du-podium-a-lyng\/"},"author":{"name":"oliviere","@id":"https:\/\/fr.motocrossmag.be\/#\/schema\/person\/11b47143d9f755babca2c9110e03235c"},"headline":"Liam Everts au pied du podium \u00e0 Lyng","datePublished":"2021-05-23T16:09:45+00:00","dateModified":"2021-05-23T18:15:39+00:00","mainEntityOfPage":{"@id":"https:\/\/fr.motocrossmag.be\/index.php\/2021\/05\/liam-everts-au-pied-du-podium-a-lyng\/"},"wordCount":137,"commentCount":0,"image":{"@id":"https:\/\/fr.motocrossmag.be\/index.php\/2021\/05\/liam-everts-au-pied-du-podium-a-lyng\/#primaryimage"},"thumbnailUrl":"https:\/\/fr.motocrossmag.be\/wp-content\/uploads\/2021\/04\/liam-stefan-everts.jpg","keywords":["liam everts","Motocross"],"articleSection":["Actualit\u00e9","Motocross","News","News","Slideshow"],"inLanguage":"fr-FR","potentialAction":[{"@type":"CommentAction","name":"Comment","target":["https:\/\/fr.motocrossmag.be\/index.php\/2021\/05\/liam-everts-au-pied-du-podium-a-lyng\/#respond"]}]},{"@type":"WebPage","@id":"https:\/\/fr.motocrossmag.be\/index.php\/2021\/05\/liam-everts-au-pied-du-podium-a-lyng\/","url":"https:\/\/fr.motocrossmag.be\/index.php\/2021\/05\/liam-everts-au-pied-du-podium-a-lyng\/","name":"Liam Everts au pied du podium \u00e0 Lyng - Motocross - Enduro - Supermoto | MotocrossMag","isPartOf":{"@id":"https:\/\/fr.motocrossmag.be\/#website"},"primaryImageOfPage":{"@id":"https:\/\/fr.motocrossmag.be\/index.php\/2021\/05\/liam-everts-au-pied-du-podium-a-lyng\/#primaryimage"},"image":{"@id":"https:\/\/fr.motocrossmag.be\/index.php\/2021\/05\/liam-everts-au-pied-du-podium-a-lyng\/#primaryimage"},"thumbnailUrl":"https:\/\/fr.motocrossmag.be\/wp-content\/uploads\/2021\/04\/liam-stefan-everts.jpg","datePublished":"2021-05-23T16:09:45+00:00","dateModified":"2021-05-23T18:15:39+00:00","author":{"@id":"https:\/\/fr.motocrossmag.be\/#\/schema\/person\/11b47143d9f755babca2c9110e03235c"},"breadcrumb":{"@id":"https:\/\/fr.motocrossmag.be\/index.php\/2021\/05\/liam-everts-au-pied-du-podium-a-lyng\/#breadcrumb"},"inLanguage":"fr-FR","potentialAction":[{"@type":"ReadAction","target":["https:\/\/fr.motocrossmag.be\/index.php\/2021\/05\/liam-everts-au-pied-du-podium-a-lyng\/"]}]},{"@type":"ImageObject","inLanguage":"fr-FR","@id":"https:\/\/fr.motocrossmag.be\/index.php\/2021\/05\/liam-everts-au-pied-du-podium-a-lyng\/#primaryimage","url":"https:\/\/fr.motocrossmag.be\/wp-content\/uploads\/2021\/04\/liam-stefan-everts.jpg","contentUrl":"https:\/\/fr.motocrossmag.be\/wp-content\/uploads\/2021\/04\/liam-stefan-everts.jpg","width":899,"height":600},{"@type":"BreadcrumbList","@id":"https:\/\/fr.motocrossmag.be\/index.php\/2021\/05\/liam-everts-au-pied-du-podium-a-lyng\/#breadcrumb","itemListElement":[{"@type":"ListItem","position":1,"name":"Accueil","item":"https:\/\/fr.motocrossmag.be\/"},{"@type":"ListItem","position":2,"name":"Liam Everts au pied du podium \u00e0 Lyng"}]},{"@type":"WebSite","@id":"https:\/\/fr.motocrossmag.be\/#website","url":"https:\/\/fr.motocrossmag.be\/","name":"Motocross - Enduro - Supermoto | MotocrossMag","description":"L&#039;actualit\u00e9 du motocross, de l&#039;enduro et du Supermoto en ligne!","potentialAction":[{"@type":"SearchAction","target":{"@type":"EntryPoint","urlTemplate":"https:\/\/fr.motocrossmag.be\/?s={search_term_string}"},"query-input":{"@type":"PropertyValueSpecification","valueRequired":true,"valueName":"search_term_string"}}],"inLanguage":"fr-FR"},{"@type":"Person","@id":"https:\/\/fr.motocrossmag.be\/#\/schema\/person\/11b47143d9f755babca2c9110e03235c","name":"oliviere","image":{"@type":"ImageObject","inLanguage":"fr-FR","@id":"https:\/\/secure.gravatar.com\/avatar\/907069e0b81d119452040469e4a7501da1100f54f7f80180ce77bfab718288f6?s=96&d=mm&r=g","url":"https:\/\/secure.gravatar.com\/avatar\/907069e0b81d119452040469e4a7501da1100f54f7f80180ce77bfab718288f6?s=96&d=mm&r=g","contentUrl":"https:\/\/secure.gravatar.com\/avatar\/907069e0b81d119452040469e4a7501da1100f54f7f80180ce77bfab718288f6?s=96&d=mm&r=g","caption":"oliviere"},"sameAs":["http:\/\/www.motocrossmag.be"],"url":"https:\/\/fr.motocrossmag.be\/index.php\/author\/oliviere\/"}]}},"_links":{"self":[{"href":"https:\/\/fr.motocrossmag.be\/index.php\/wp-json\/wp\/v2\/posts\/109698","targetHints":{"allow":["GET"]}}],"collection":[{"href":"https:\/\/fr.motocrossmag.be\/index.php\/wp-json\/wp\/v2\/posts"}],"about":[{"href":"https:\/\/fr.motocrossmag.be\/index.php\/wp-json\/wp\/v2\/types\/post"}],"author":[{"embeddable":true,"href":"https:\/\/fr.motocrossmag.be\/index.php\/wp-json\/wp\/v2\/users\/932"}],"replies":[{"embeddable":true,"href":"https:\/\/fr.motocrossmag.be\/index.php\/wp-json\/wp\/v2\/comments?post=109698"}],"version-history":[{"count":0,"href":"https:\/\/fr.motocrossmag.be\/index.php\/wp-json\/wp\/v2\/posts\/109698\/revisions"}],"wp:featuredmedia":[{"embeddable":true,"href":"https:\/\/fr.motocrossmag.be\/index.php\/wp-json\/wp\/v2\/media\/109006"}],"wp:attachment":[{"href":"https:\/\/fr.motocrossmag.be\/index.php\/wp-json\/wp\/v2\/media?parent=109698"}],"wp:term":[{"taxonomy":"category","embeddable":true,"href":"https:\/\/fr.motocrossmag.be\/index.php\/wp-json\/wp\/v2\/categories?post=109698"},{"taxonomy":"post_tag","embeddable":true,"href":"https:\/\/fr.motocrossmag.be\/index.php\/wp-json\/wp\/v2\/tags?post=109698"}],"curies":[{"name":"wp","href":"https:\/\/api.w.org\/{rel}","templated":true}]}}