{"id":1099,"date":"2008-07-10T23:28:04","date_gmt":"2008-07-10T22:28:04","guid":{"rendered":"http:\/\/www.motocrossmag.be\/?p=1099"},"modified":"2008-07-10T23:33:28","modified_gmt":"2008-07-10T22:33:28","slug":"gamme-ktm-atv-2009-le-ktm-450-sx-f-arrive","status":"publish","type":"post","link":"https:\/\/fr.motocrossmag.be\/index.php\/2008\/07\/gamme-ktm-atv-2009-le-ktm-450-sx-f-arrive\/","title":{"rendered":"Gamme KTM ATV 2009 | Le KTM 450 SX-F arrive!"},"content":{"rendered":"<p>KTM a pr\u00e9sent\u00e9 r\u00e9cemment &agrave; la presse sp\u00e9cialis\u00e9e sa gamme ATV 2009.<br \/>\nAux c\u00f4t\u00e9s de mod\u00e8les XC, motoris\u00e9s par des blocs moteurs issus des mod\u00e8les EXC de la marque, optimis\u00e9s sur de nombreux points, le constructeur autrichien lance son tout nouveau 450 SX-F.<\/p>\n<p><img decoding=\"async\" class=\"lazyload alignnone size-full wp-image-1184\" title=\"Pour 2009, KTM lance le 450 SX, un mod\u00e8le encore plus radical, pens\u00e9 &agrave; 100% pour la victoire!\" src=\"http:\/\/www.motocrossmag.be\/wp-content\/uploads\/2008\/07\/ktm_sx450.jpg\" data-orig-src=\"http:\/\/www.motocrossmag.be\/wp-content\/uploads\/2008\/07\/ktm_sx450.jpg\" alt=\"\" width=\"500\" height=\"347\" srcset=\"data:image\/svg+xml,%3Csvg%20xmlns%3D%27http%3A%2F%2Fwww.w3.org%2F2000%2Fsvg%27%20width%3D%27500%27%20height%3D%27347%27%20viewBox%3D%270%200%20500%20347%27%3E%3Crect%20width%3D%27500%27%20height%3D%27347%27%20fill-opacity%3D%220%22%2F%3E%3C%2Fsvg%3E\" data-srcset=\"https:\/\/fr.motocrossmag.be\/wp-content\/uploads\/2008\/07\/ktm_sx450-300x208.jpg 300w, https:\/\/fr.motocrossmag.be\/wp-content\/uploads\/2008\/07\/ktm_sx450.jpg 500w\" data-sizes=\"auto\" data-orig-sizes=\"(max-width: 500px) 100vw, 500px\" \/><\/p>\n<p>Encore plus radical, ce quad d\u00e9velopp\u00e9 pour la comp\u00e9tition s&rsquo;appuie sur un \u00e9quipement de qualit\u00e9 ainsi que sur le redoutable bloc 450 4-temps de la 450 SX-F de motocross.<br \/>\nAxe arri\u00e8re plus large, centre de gravit\u00e9 abaiss\u00e9 au maxium, suspensions WP enti\u00e8rement r\u00e9glables, r\u00e9servoir plus petit, absence de marche arri\u00e8re,&#8230; les diff\u00e9rences avec les mod\u00e8les XC ne manquent pas et font du SX 450 le quad le plus puissant mais aussi le plus l\u00e9ger (165Kg) de sa cat\u00e9gorie.<br \/>\nUn petit bijou pour tous les amoureux de sensations fortes et de comp\u00e9tition!<\/p>\n<p><strong>Prix 2009<\/strong><\/p>\n<p>450 XC: 9,880.00 \u00e2\u201a\u00ac<br \/>\n525 XC : 10,170.00 \u00e2\u201a\u00ac<br \/>\n450 SX-F: 10,990.00 \u00e2\u201a\u00ac<br \/>\n505 SX-F: 11,290.00 \u00e2\u201a\u00ac<\/p>\n<p><a rel=\"lightbox\" href=\"http:\/\/www.motocrossmag.be\/wp-content\/uploads\/2008\/07\/ktm_sx450_801.jpg\"><img decoding=\"async\" class=\"lazyload alignnone size-thumbnail wp-image-1186\" title=\"KTM 450 SX 2009\" src=\"http:\/\/www.motocrossmag.be\/wp-content\/uploads\/2008\/07\/ktm_sx450_801-150x150.jpg\" data-orig-src=\"http:\/\/www.motocrossmag.be\/wp-content\/uploads\/2008\/07\/ktm_sx450_801-150x150.jpg\" alt=\"\" width=\"150\" height=\"150\" srcset=\"data:image\/svg+xml,%3Csvg%20xmlns%3D%27http%3A%2F%2Fwww.w3.org%2F2000%2Fsvg%27%20width%3D%27150%27%20height%3D%27150%27%20viewBox%3D%270%200%20150%20150%27%3E%3Crect%20width%3D%27150%27%20height%3D%27150%27%20fill-opacity%3D%220%22%2F%3E%3C%2Fsvg%3E\" data-srcset=\"https:\/\/fr.motocrossmag.be\/wp-content\/uploads\/2008\/07\/ktm_sx450_801-150x150.jpg 150w, https:\/\/fr.motocrossmag.be\/wp-content\/uploads\/2008\/07\/ktm_sx450_801.jpg 795w\" data-sizes=\"auto\" data-orig-sizes=\"(max-width: 150px) 100vw, 150px\" \/><\/a>  <img decoding=\"async\" class=\"lazyload alignnone size-thumbnail wp-image-1185\" title=\"Suspensions WP r\u00e9glables en compression comme en d\u00e9tente pour le nouveau 450 SX...\" src=\"http:\/\/www.motocrossmag.be\/wp-content\/uploads\/2008\/07\/ktm_sx450_800-150x150.jpg\" data-orig-src=\"http:\/\/www.motocrossmag.be\/wp-content\/uploads\/2008\/07\/ktm_sx450_800-150x150.jpg\" alt=\"\" width=\"150\" height=\"150\" srcset=\"data:image\/svg+xml,%3Csvg%20xmlns%3D%27http%3A%2F%2Fwww.w3.org%2F2000%2Fsvg%27%20width%3D%27150%27%20height%3D%27150%27%20viewBox%3D%270%200%20150%20150%27%3E%3Crect%20width%3D%27150%27%20height%3D%27150%27%20fill-opacity%3D%220%22%2F%3E%3C%2Fsvg%3E\" data-srcset=\"https:\/\/fr.motocrossmag.be\/wp-content\/uploads\/2008\/07\/ktm_sx450_800-150x150.jpg 150w, https:\/\/fr.motocrossmag.be\/wp-content\/uploads\/2008\/07\/ktm_sx450_800.jpg 799w\" data-sizes=\"auto\" data-orig-sizes=\"(max-width: 150px) 100vw, 150px\" \/>  <a rel=\"lightbox\" href=\"http:\/\/www.motocrossmag.be\/wp-content\/uploads\/2008\/06\/quad_det_ohlins.jpg\"><img decoding=\"async\" class=\"lazyload alignnone size-thumbnail wp-image-1028\" title=\"En option, vous pourrez opter pour un amortisseur de direction \u00e0\u2013hlins...\" src=\"http:\/\/www.motocrossmag.be\/wp-content\/uploads\/2008\/06\/quad_det_ohlins-150x150.jpg\" data-orig-src=\"http:\/\/www.motocrossmag.be\/wp-content\/uploads\/2008\/06\/quad_det_ohlins-150x150.jpg\" alt=\"\" width=\"150\" height=\"150\" srcset=\"data:image\/svg+xml,%3Csvg%20xmlns%3D%27http%3A%2F%2Fwww.w3.org%2F2000%2Fsvg%27%20width%3D%27150%27%20height%3D%27150%27%20viewBox%3D%270%200%20150%20150%27%3E%3Crect%20width%3D%27150%27%20height%3D%27150%27%20fill-opacity%3D%220%22%2F%3E%3C%2Fsvg%3E\" data-srcset=\"https:\/\/fr.motocrossmag.be\/wp-content\/uploads\/2008\/06\/quad_det_ohlins-150x150.jpg 150w, https:\/\/fr.motocrossmag.be\/wp-content\/uploads\/2008\/06\/quad_det_ohlins.jpg 800w\" data-sizes=\"auto\" data-orig-sizes=\"(max-width: 150px) 100vw, 150px\" \/><\/a><br \/>\n<a rel=\"lightbox\" href=\"http:\/\/www.motocrossmag.be\/wp-content\/uploads\/2008\/06\/quad_sx450_800.jpg\"><img decoding=\"async\" class=\"lazyload alignnone size-thumbnail wp-image-1031\" title=\"Le KTM XC 450 2009, apr\u00e8s un petit d\u00e9tour par le catalogue Power Parts de la marque...\" src=\"http:\/\/www.motocrossmag.be\/wp-content\/uploads\/2008\/06\/quad_sx450_800-150x150.jpg\" data-orig-src=\"http:\/\/www.motocrossmag.be\/wp-content\/uploads\/2008\/06\/quad_sx450_800-150x150.jpg\" alt=\"\" width=\"150\" height=\"150\" srcset=\"data:image\/svg+xml,%3Csvg%20xmlns%3D%27http%3A%2F%2Fwww.w3.org%2F2000%2Fsvg%27%20width%3D%27150%27%20height%3D%27150%27%20viewBox%3D%270%200%20150%20150%27%3E%3Crect%20width%3D%27150%27%20height%3D%27150%27%20fill-opacity%3D%220%22%2F%3E%3C%2Fsvg%3E\" data-srcset=\"https:\/\/fr.motocrossmag.be\/wp-content\/uploads\/2008\/06\/quad_sx450_800-150x150.jpg 150w, https:\/\/fr.motocrossmag.be\/wp-content\/uploads\/2008\/06\/quad_sx450_800.jpg 800w\" data-sizes=\"auto\" data-orig-sizes=\"(max-width: 150px) 100vw, 150px\" \/><\/a>  <a rel=\"lightbox\" href=\"http:\/\/www.motocrossmag.be\/wp-content\/uploads\/2008\/06\/quad_det_magura_flex.jpg\"><img decoding=\"async\" class=\"lazyload alignnone size-thumbnail wp-image-1027\" title=\"Toute la gamme 2009 est \u00e9quip\u00e9e de leviers d'embrayage Magura.\" src=\"http:\/\/www.motocrossmag.be\/wp-content\/uploads\/2008\/06\/quad_det_magura_flex-150x150.jpg\" data-orig-src=\"http:\/\/www.motocrossmag.be\/wp-content\/uploads\/2008\/06\/quad_det_magura_flex-150x150.jpg\" alt=\"\" width=\"150\" height=\"150\" srcset=\"data:image\/svg+xml,%3Csvg%20xmlns%3D%27http%3A%2F%2Fwww.w3.org%2F2000%2Fsvg%27%20width%3D%27150%27%20height%3D%27150%27%20viewBox%3D%270%200%20150%20150%27%3E%3Crect%20width%3D%27150%27%20height%3D%27150%27%20fill-opacity%3D%220%22%2F%3E%3C%2Fsvg%3E\" data-srcset=\"https:\/\/fr.motocrossmag.be\/wp-content\/uploads\/2008\/06\/quad_det_magura_flex-150x150.jpg 150w, https:\/\/fr.motocrossmag.be\/wp-content\/uploads\/2008\/06\/quad_det_magura_flex.jpg 800w\" data-sizes=\"auto\" data-orig-sizes=\"(max-width: 150px) 100vw, 150px\" \/><\/a>  <a rel=\"lightbox\" href=\"http:\/\/www.motocrossmag.be\/wp-content\/uploads\/2008\/06\/quad_det_ohlins_2.jpg\"><img decoding=\"async\" class=\"lazyload alignnone size-thumbnail wp-image-1029\" title=\"Contrairement au SX 450 qui re\u00e7oit les nouvelles suspensions WP, le XC 450 est \u00e9quip\u00e9 de suspensions \u00e0\u2013hlins.\" src=\"http:\/\/www.motocrossmag.be\/wp-content\/uploads\/2008\/06\/quad_det_ohlins_2-150x150.jpg\" data-orig-src=\"http:\/\/www.motocrossmag.be\/wp-content\/uploads\/2008\/06\/quad_det_ohlins_2-150x150.jpg\" alt=\"\" width=\"150\" height=\"150\" srcset=\"data:image\/svg+xml,%3Csvg%20xmlns%3D%27http%3A%2F%2Fwww.w3.org%2F2000%2Fsvg%27%20width%3D%27150%27%20height%3D%27150%27%20viewBox%3D%270%200%20150%20150%27%3E%3Crect%20width%3D%27150%27%20height%3D%27150%27%20fill-opacity%3D%220%22%2F%3E%3C%2Fsvg%3E\" data-srcset=\"https:\/\/fr.motocrossmag.be\/wp-content\/uploads\/2008\/06\/quad_det_ohlins_2-150x150.jpg 150w, https:\/\/fr.motocrossmag.be\/wp-content\/uploads\/2008\/06\/quad_det_ohlins_2.jpg 467w\" data-sizes=\"auto\" data-orig-sizes=\"(max-width: 150px) 100vw, 150px\" \/><\/a><br \/>\n<a rel=\"lightbox\" href=\"http:\/\/www.motocrossmag.be\/wp-content\/uploads\/2008\/07\/ktm_sx450_801.jpg\"><\/a><\/p>\n","protected":false},"excerpt":{"rendered":"<p>KTM a pr\u00e9sent\u00e9 r\u00e9cemment &agrave; la presse sp\u00e9cialis\u00e9e sa gamme ATV 2009. Aux c\u00f4t\u00e9s de mod\u00e8les XC, motoris\u00e9s par des blocs moteurs issus des mod\u00e8les EXC de la marque, optimis\u00e9s [&#8230;]<\/p>\n","protected":false},"author":932,"featured_media":0,"comment_status":"open","ping_status":"open","sticky":false,"template":"","format":"standard","meta":{"footnotes":""},"categories":[54,49,55,48],"tags":[],"class_list":["post-1099","post","type-post","status-publish","format-standard","hentry","category-actualite","category-news-quad","category-news-actualite","category-quad"],"yoast_head":"<!-- This site is optimized with the Yoast SEO plugin v27.4 - https:\/\/yoast.com\/product\/yoast-seo-wordpress\/ -->\n<title>Gamme KTM ATV 2009 | Le KTM 450 SX-F arrive!  - Motocross - Enduro - Supermoto | MotocrossMag<\/title>\n<meta name=\"robots\" content=\"index, follow, max-snippet:-1, max-image-preview:large, max-video-preview:-1\" \/>\n<link rel=\"canonical\" href=\"https:\/\/fr.motocrossmag.be\/index.php\/2008\/07\/gamme-ktm-atv-2009-le-ktm-450-sx-f-arrive\/\" \/>\n<meta property=\"og:locale\" content=\"fr_FR\" \/>\n<meta property=\"og:type\" content=\"article\" \/>\n<meta property=\"og:title\" content=\"Gamme KTM ATV 2009 | Le KTM 450 SX-F arrive!  - Motocross - Enduro - Supermoto | MotocrossMag\" \/>\n<meta property=\"og:description\" content=\"KTM a pr\u00e9sent\u00e9 r\u00e9cemment &agrave; la presse sp\u00e9cialis\u00e9e sa gamme ATV 2009. Aux c\u00f4t\u00e9s de mod\u00e8les XC, motoris\u00e9s par des blocs moteurs issus des mod\u00e8les EXC de la marque, optimis\u00e9s [...]\" \/>\n<meta property=\"og:url\" content=\"https:\/\/fr.motocrossmag.be\/index.php\/2008\/07\/gamme-ktm-atv-2009-le-ktm-450-sx-f-arrive\/\" \/>\n<meta property=\"og:site_name\" content=\"Motocross - Enduro - Supermoto | MotocrossMag\" \/>\n<meta property=\"article:published_time\" content=\"2008-07-10T22:28:04+00:00\" \/>\n<meta property=\"article:modified_time\" content=\"2008-07-10T22:33:28+00:00\" \/>\n<meta property=\"og:image\" content=\"http:\/\/www.motocrossmag.be\/wp-content\/uploads\/2008\/07\/ktm_sx450.jpg\" \/>\n<meta name=\"author\" content=\"oliviere\" \/>\n<meta name=\"twitter:card\" content=\"summary_large_image\" \/>\n<meta name=\"twitter:label1\" content=\"\u00c9crit par\" \/>\n\t<meta name=\"twitter:data1\" content=\"oliviere\" \/>\n\t<meta name=\"twitter:label2\" content=\"Dur\u00e9e de lecture estim\u00e9e\" \/>\n\t<meta name=\"twitter:data2\" content=\"1 minute\" \/>\n<script type=\"application\/ld+json\" class=\"yoast-schema-graph\">{\"@context\":\"https:\\\/\\\/schema.org\",\"@graph\":[{\"@type\":\"Article\",\"@id\":\"https:\\\/\\\/fr.motocrossmag.be\\\/index.php\\\/2008\\\/07\\\/gamme-ktm-atv-2009-le-ktm-450-sx-f-arrive\\\/#article\",\"isPartOf\":{\"@id\":\"https:\\\/\\\/fr.motocrossmag.be\\\/index.php\\\/2008\\\/07\\\/gamme-ktm-atv-2009-le-ktm-450-sx-f-arrive\\\/\"},\"author\":{\"name\":\"oliviere\",\"@id\":\"https:\\\/\\\/fr.motocrossmag.be\\\/#\\\/schema\\\/person\\\/11b47143d9f755babca2c9110e03235c\"},\"headline\":\"Gamme KTM ATV 2009 | Le KTM 450 SX-F arrive!\",\"datePublished\":\"2008-07-10T22:28:04+00:00\",\"dateModified\":\"2008-07-10T22:33:28+00:00\",\"mainEntityOfPage\":{\"@id\":\"https:\\\/\\\/fr.motocrossmag.be\\\/index.php\\\/2008\\\/07\\\/gamme-ktm-atv-2009-le-ktm-450-sx-f-arrive\\\/\"},\"wordCount\":164,\"commentCount\":0,\"image\":{\"@id\":\"https:\\\/\\\/fr.motocrossmag.be\\\/index.php\\\/2008\\\/07\\\/gamme-ktm-atv-2009-le-ktm-450-sx-f-arrive\\\/#primaryimage\"},\"thumbnailUrl\":\"http:\\\/\\\/www.motocrossmag.be\\\/wp-content\\\/uploads\\\/2008\\\/07\\\/ktm_sx450.jpg\",\"articleSection\":[\"Actualit\u00e9\",\"News\",\"News\",\"Quad\"],\"inLanguage\":\"fr-FR\",\"potentialAction\":[{\"@type\":\"CommentAction\",\"name\":\"Comment\",\"target\":[\"https:\\\/\\\/fr.motocrossmag.be\\\/index.php\\\/2008\\\/07\\\/gamme-ktm-atv-2009-le-ktm-450-sx-f-arrive\\\/#respond\"]}]},{\"@type\":\"WebPage\",\"@id\":\"https:\\\/\\\/fr.motocrossmag.be\\\/index.php\\\/2008\\\/07\\\/gamme-ktm-atv-2009-le-ktm-450-sx-f-arrive\\\/\",\"url\":\"https:\\\/\\\/fr.motocrossmag.be\\\/index.php\\\/2008\\\/07\\\/gamme-ktm-atv-2009-le-ktm-450-sx-f-arrive\\\/\",\"name\":\"Gamme KTM ATV 2009 | Le KTM 450 SX-F arrive! - Motocross - Enduro - Supermoto | MotocrossMag\",\"isPartOf\":{\"@id\":\"https:\\\/\\\/fr.motocrossmag.be\\\/#website\"},\"primaryImageOfPage\":{\"@id\":\"https:\\\/\\\/fr.motocrossmag.be\\\/index.php\\\/2008\\\/07\\\/gamme-ktm-atv-2009-le-ktm-450-sx-f-arrive\\\/#primaryimage\"},\"image\":{\"@id\":\"https:\\\/\\\/fr.motocrossmag.be\\\/index.php\\\/2008\\\/07\\\/gamme-ktm-atv-2009-le-ktm-450-sx-f-arrive\\\/#primaryimage\"},\"thumbnailUrl\":\"http:\\\/\\\/www.motocrossmag.be\\\/wp-content\\\/uploads\\\/2008\\\/07\\\/ktm_sx450.jpg\",\"datePublished\":\"2008-07-10T22:28:04+00:00\",\"dateModified\":\"2008-07-10T22:33:28+00:00\",\"author\":{\"@id\":\"https:\\\/\\\/fr.motocrossmag.be\\\/#\\\/schema\\\/person\\\/11b47143d9f755babca2c9110e03235c\"},\"breadcrumb\":{\"@id\":\"https:\\\/\\\/fr.motocrossmag.be\\\/index.php\\\/2008\\\/07\\\/gamme-ktm-atv-2009-le-ktm-450-sx-f-arrive\\\/#breadcrumb\"},\"inLanguage\":\"fr-FR\",\"potentialAction\":[{\"@type\":\"ReadAction\",\"target\":[\"https:\\\/\\\/fr.motocrossmag.be\\\/index.php\\\/2008\\\/07\\\/gamme-ktm-atv-2009-le-ktm-450-sx-f-arrive\\\/\"]}]},{\"@type\":\"ImageObject\",\"inLanguage\":\"fr-FR\",\"@id\":\"https:\\\/\\\/fr.motocrossmag.be\\\/index.php\\\/2008\\\/07\\\/gamme-ktm-atv-2009-le-ktm-450-sx-f-arrive\\\/#primaryimage\",\"url\":\"http:\\\/\\\/www.motocrossmag.be\\\/wp-content\\\/uploads\\\/2008\\\/07\\\/ktm_sx450.jpg\",\"contentUrl\":\"http:\\\/\\\/www.motocrossmag.be\\\/wp-content\\\/uploads\\\/2008\\\/07\\\/ktm_sx450.jpg\"},{\"@type\":\"BreadcrumbList\",\"@id\":\"https:\\\/\\\/fr.motocrossmag.be\\\/index.php\\\/2008\\\/07\\\/gamme-ktm-atv-2009-le-ktm-450-sx-f-arrive\\\/#breadcrumb\",\"itemListElement\":[{\"@type\":\"ListItem\",\"position\":1,\"name\":\"Accueil\",\"item\":\"https:\\\/\\\/fr.motocrossmag.be\\\/\"},{\"@type\":\"ListItem\",\"position\":2,\"name\":\"Gamme KTM ATV 2009 | Le KTM 450 SX-F arrive!\"}]},{\"@type\":\"WebSite\",\"@id\":\"https:\\\/\\\/fr.motocrossmag.be\\\/#website\",\"url\":\"https:\\\/\\\/fr.motocrossmag.be\\\/\",\"name\":\"Motocross - Enduro - Supermoto | MotocrossMag\",\"description\":\"L&#039;actualit\u00e9 du motocross, de l&#039;enduro et du Supermoto en ligne!\",\"potentialAction\":[{\"@type\":\"SearchAction\",\"target\":{\"@type\":\"EntryPoint\",\"urlTemplate\":\"https:\\\/\\\/fr.motocrossmag.be\\\/?s={search_term_string}\"},\"query-input\":{\"@type\":\"PropertyValueSpecification\",\"valueRequired\":true,\"valueName\":\"search_term_string\"}}],\"inLanguage\":\"fr-FR\"},{\"@type\":\"Person\",\"@id\":\"https:\\\/\\\/fr.motocrossmag.be\\\/#\\\/schema\\\/person\\\/11b47143d9f755babca2c9110e03235c\",\"name\":\"oliviere\",\"image\":{\"@type\":\"ImageObject\",\"inLanguage\":\"fr-FR\",\"@id\":\"https:\\\/\\\/secure.gravatar.com\\\/avatar\\\/907069e0b81d119452040469e4a7501da1100f54f7f80180ce77bfab718288f6?s=96&d=mm&r=g\",\"url\":\"https:\\\/\\\/secure.gravatar.com\\\/avatar\\\/907069e0b81d119452040469e4a7501da1100f54f7f80180ce77bfab718288f6?s=96&d=mm&r=g\",\"contentUrl\":\"https:\\\/\\\/secure.gravatar.com\\\/avatar\\\/907069e0b81d119452040469e4a7501da1100f54f7f80180ce77bfab718288f6?s=96&d=mm&r=g\",\"caption\":\"oliviere\"},\"sameAs\":[\"http:\\\/\\\/www.motocrossmag.be\"],\"url\":\"https:\\\/\\\/fr.motocrossmag.be\\\/index.php\\\/author\\\/oliviere\\\/\"}]}<\/script>\n<!-- \/ Yoast SEO plugin. -->","yoast_head_json":{"title":"Gamme KTM ATV 2009 | Le KTM 450 SX-F arrive!  - Motocross - Enduro - Supermoto | MotocrossMag","robots":{"index":"index","follow":"follow","max-snippet":"max-snippet:-1","max-image-preview":"max-image-preview:large","max-video-preview":"max-video-preview:-1"},"canonical":"https:\/\/fr.motocrossmag.be\/index.php\/2008\/07\/gamme-ktm-atv-2009-le-ktm-450-sx-f-arrive\/","og_locale":"fr_FR","og_type":"article","og_title":"Gamme KTM ATV 2009 | Le KTM 450 SX-F arrive!  - Motocross - Enduro - Supermoto | MotocrossMag","og_description":"KTM a pr\u00e9sent\u00e9 r\u00e9cemment &agrave; la presse sp\u00e9cialis\u00e9e sa gamme ATV 2009. Aux c\u00f4t\u00e9s de mod\u00e8les XC, motoris\u00e9s par des blocs moteurs issus des mod\u00e8les EXC de la marque, optimis\u00e9s [...]","og_url":"https:\/\/fr.motocrossmag.be\/index.php\/2008\/07\/gamme-ktm-atv-2009-le-ktm-450-sx-f-arrive\/","og_site_name":"Motocross - Enduro - Supermoto | MotocrossMag","article_published_time":"2008-07-10T22:28:04+00:00","article_modified_time":"2008-07-10T22:33:28+00:00","og_image":[{"url":"http:\/\/www.motocrossmag.be\/wp-content\/uploads\/2008\/07\/ktm_sx450.jpg","type":"","width":"","height":""}],"author":"oliviere","twitter_card":"summary_large_image","twitter_misc":{"\u00c9crit par":"oliviere","Dur\u00e9e de lecture estim\u00e9e":"1 minute"},"schema":{"@context":"https:\/\/schema.org","@graph":[{"@type":"Article","@id":"https:\/\/fr.motocrossmag.be\/index.php\/2008\/07\/gamme-ktm-atv-2009-le-ktm-450-sx-f-arrive\/#article","isPartOf":{"@id":"https:\/\/fr.motocrossmag.be\/index.php\/2008\/07\/gamme-ktm-atv-2009-le-ktm-450-sx-f-arrive\/"},"author":{"name":"oliviere","@id":"https:\/\/fr.motocrossmag.be\/#\/schema\/person\/11b47143d9f755babca2c9110e03235c"},"headline":"Gamme KTM ATV 2009 | Le KTM 450 SX-F arrive!","datePublished":"2008-07-10T22:28:04+00:00","dateModified":"2008-07-10T22:33:28+00:00","mainEntityOfPage":{"@id":"https:\/\/fr.motocrossmag.be\/index.php\/2008\/07\/gamme-ktm-atv-2009-le-ktm-450-sx-f-arrive\/"},"wordCount":164,"commentCount":0,"image":{"@id":"https:\/\/fr.motocrossmag.be\/index.php\/2008\/07\/gamme-ktm-atv-2009-le-ktm-450-sx-f-arrive\/#primaryimage"},"thumbnailUrl":"http:\/\/www.motocrossmag.be\/wp-content\/uploads\/2008\/07\/ktm_sx450.jpg","articleSection":["Actualit\u00e9","News","News","Quad"],"inLanguage":"fr-FR","potentialAction":[{"@type":"CommentAction","name":"Comment","target":["https:\/\/fr.motocrossmag.be\/index.php\/2008\/07\/gamme-ktm-atv-2009-le-ktm-450-sx-f-arrive\/#respond"]}]},{"@type":"WebPage","@id":"https:\/\/fr.motocrossmag.be\/index.php\/2008\/07\/gamme-ktm-atv-2009-le-ktm-450-sx-f-arrive\/","url":"https:\/\/fr.motocrossmag.be\/index.php\/2008\/07\/gamme-ktm-atv-2009-le-ktm-450-sx-f-arrive\/","name":"Gamme KTM ATV 2009 | Le KTM 450 SX-F arrive! - Motocross - Enduro - Supermoto | MotocrossMag","isPartOf":{"@id":"https:\/\/fr.motocrossmag.be\/#website"},"primaryImageOfPage":{"@id":"https:\/\/fr.motocrossmag.be\/index.php\/2008\/07\/gamme-ktm-atv-2009-le-ktm-450-sx-f-arrive\/#primaryimage"},"image":{"@id":"https:\/\/fr.motocrossmag.be\/index.php\/2008\/07\/gamme-ktm-atv-2009-le-ktm-450-sx-f-arrive\/#primaryimage"},"thumbnailUrl":"http:\/\/www.motocrossmag.be\/wp-content\/uploads\/2008\/07\/ktm_sx450.jpg","datePublished":"2008-07-10T22:28:04+00:00","dateModified":"2008-07-10T22:33:28+00:00","author":{"@id":"https:\/\/fr.motocrossmag.be\/#\/schema\/person\/11b47143d9f755babca2c9110e03235c"},"breadcrumb":{"@id":"https:\/\/fr.motocrossmag.be\/index.php\/2008\/07\/gamme-ktm-atv-2009-le-ktm-450-sx-f-arrive\/#breadcrumb"},"inLanguage":"fr-FR","potentialAction":[{"@type":"ReadAction","target":["https:\/\/fr.motocrossmag.be\/index.php\/2008\/07\/gamme-ktm-atv-2009-le-ktm-450-sx-f-arrive\/"]}]},{"@type":"ImageObject","inLanguage":"fr-FR","@id":"https:\/\/fr.motocrossmag.be\/index.php\/2008\/07\/gamme-ktm-atv-2009-le-ktm-450-sx-f-arrive\/#primaryimage","url":"http:\/\/www.motocrossmag.be\/wp-content\/uploads\/2008\/07\/ktm_sx450.jpg","contentUrl":"http:\/\/www.motocrossmag.be\/wp-content\/uploads\/2008\/07\/ktm_sx450.jpg"},{"@type":"BreadcrumbList","@id":"https:\/\/fr.motocrossmag.be\/index.php\/2008\/07\/gamme-ktm-atv-2009-le-ktm-450-sx-f-arrive\/#breadcrumb","itemListElement":[{"@type":"ListItem","position":1,"name":"Accueil","item":"https:\/\/fr.motocrossmag.be\/"},{"@type":"ListItem","position":2,"name":"Gamme KTM ATV 2009 | Le KTM 450 SX-F arrive!"}]},{"@type":"WebSite","@id":"https:\/\/fr.motocrossmag.be\/#website","url":"https:\/\/fr.motocrossmag.be\/","name":"Motocross - Enduro - Supermoto | MotocrossMag","description":"L&#039;actualit\u00e9 du motocross, de l&#039;enduro et du Supermoto en ligne!","potentialAction":[{"@type":"SearchAction","target":{"@type":"EntryPoint","urlTemplate":"https:\/\/fr.motocrossmag.be\/?s={search_term_string}"},"query-input":{"@type":"PropertyValueSpecification","valueRequired":true,"valueName":"search_term_string"}}],"inLanguage":"fr-FR"},{"@type":"Person","@id":"https:\/\/fr.motocrossmag.be\/#\/schema\/person\/11b47143d9f755babca2c9110e03235c","name":"oliviere","image":{"@type":"ImageObject","inLanguage":"fr-FR","@id":"https:\/\/secure.gravatar.com\/avatar\/907069e0b81d119452040469e4a7501da1100f54f7f80180ce77bfab718288f6?s=96&d=mm&r=g","url":"https:\/\/secure.gravatar.com\/avatar\/907069e0b81d119452040469e4a7501da1100f54f7f80180ce77bfab718288f6?s=96&d=mm&r=g","contentUrl":"https:\/\/secure.gravatar.com\/avatar\/907069e0b81d119452040469e4a7501da1100f54f7f80180ce77bfab718288f6?s=96&d=mm&r=g","caption":"oliviere"},"sameAs":["http:\/\/www.motocrossmag.be"],"url":"https:\/\/fr.motocrossmag.be\/index.php\/author\/oliviere\/"}]}},"_links":{"self":[{"href":"https:\/\/fr.motocrossmag.be\/index.php\/wp-json\/wp\/v2\/posts\/1099","targetHints":{"allow":["GET"]}}],"collection":[{"href":"https:\/\/fr.motocrossmag.be\/index.php\/wp-json\/wp\/v2\/posts"}],"about":[{"href":"https:\/\/fr.motocrossmag.be\/index.php\/wp-json\/wp\/v2\/types\/post"}],"author":[{"embeddable":true,"href":"https:\/\/fr.motocrossmag.be\/index.php\/wp-json\/wp\/v2\/users\/932"}],"replies":[{"embeddable":true,"href":"https:\/\/fr.motocrossmag.be\/index.php\/wp-json\/wp\/v2\/comments?post=1099"}],"version-history":[{"count":0,"href":"https:\/\/fr.motocrossmag.be\/index.php\/wp-json\/wp\/v2\/posts\/1099\/revisions"}],"wp:attachment":[{"href":"https:\/\/fr.motocrossmag.be\/index.php\/wp-json\/wp\/v2\/media?parent=1099"}],"wp:term":[{"taxonomy":"category","embeddable":true,"href":"https:\/\/fr.motocrossmag.be\/index.php\/wp-json\/wp\/v2\/categories?post=1099"},{"taxonomy":"post_tag","embeddable":true,"href":"https:\/\/fr.motocrossmag.be\/index.php\/wp-json\/wp\/v2\/tags?post=1099"}],"curies":[{"name":"wp","href":"https:\/\/api.w.org\/{rel}","templated":true}]}}