{"id":1105,"date":"2008-07-02T16:05:49","date_gmt":"2008-07-02T15:05:49","guid":{"rendered":"http:\/\/www.motocrossmag.be\/?p=1105"},"modified":"2008-07-02T16:05:49","modified_gmt":"2008-07-02T15:05:49","slug":"motocross-international-stefan-everts-au-depart-a-berck-sur-mer","status":"publish","type":"post","link":"https:\/\/fr.motocrossmag.be\/index.php\/2008\/07\/motocross-international-stefan-everts-au-depart-a-berck-sur-mer\/","title":{"rendered":"Motocross international | Stefan Everts au d\u00e9part &agrave; Berck-sur-Mer!"},"content":{"rendered":"<p><img decoding=\"async\" class=\"lazyload alignnone size-full wp-image-1106\" title=\"Selon les organisateurs, Stefan Everts sera les 4 et 5 otcobre &agrave; Berck-sur-Mer!\" src=\"http:\/\/www.motocrossmag.be\/wp-content\/uploads\/2008\/07\/everts_ride.jpg\" data-orig-src=\"http:\/\/www.motocrossmag.be\/wp-content\/uploads\/2008\/07\/everts_ride.jpg\" alt=\"\" width=\"500\" height=\"323\" srcset=\"data:image\/svg+xml,%3Csvg%20xmlns%3D%27http%3A%2F%2Fwww.w3.org%2F2000%2Fsvg%27%20width%3D%27500%27%20height%3D%27323%27%20viewBox%3D%270%200%20500%20323%27%3E%3Crect%20width%3D%27500%27%20height%3D%27323%27%20fill-opacity%3D%220%22%2F%3E%3C%2Fsvg%3E\" data-srcset=\"https:\/\/fr.motocrossmag.be\/wp-content\/uploads\/2008\/07\/everts_ride-300x193.jpg 300w, https:\/\/fr.motocrossmag.be\/wp-content\/uploads\/2008\/07\/everts_ride.jpg 500w\" data-sizes=\"auto\" data-orig-sizes=\"(max-width: 500px) 100vw, 500px\" \/><\/p>\n<p>Selon le journal fran\u00e7ais \u00ab\u00a0La Voix du Nord\u00a0\u00bb, Stefan Everts sera les 4 et 5 octobre prochains au d\u00e9part de la course sur plage de Berck-sur-Mer, dans le Nord de la France.<br \/>\nA en croire l&rsquo;organisateur Fr\u00e9d\u00e9ric Lemeunier, seuls quelques d\u00e9tails resteraient &agrave; r\u00e9gler mais le d\u00e9cuple champion du mondre l&rsquo;a assur\u00e9 de sa pr\u00e9sence lors de ce qui sera la 5\u00e8me \u00e9dition du \u00ab\u00a0Beach Cross\u00a0\u00bb de Berck.<\/p>\n<p>Un s\u00e9rieux client pour les sp\u00e9cialistes de courses sur plage que sont Arnaud Demeester ou Timotei Potisek, habitu\u00e9s de l&rsquo;\u00e9preuve&#8230;<\/p>\n","protected":false},"excerpt":{"rendered":"<p>Selon le journal fran\u00e7ais \u00ab\u00a0La Voix du Nord\u00a0\u00bb, Stefan Everts sera les 4 et 5 octobre prochains au d\u00e9part de la course sur plage de Berck-sur-Mer, dans le Nord de [&#8230;]<\/p>\n","protected":false},"author":932,"featured_media":0,"comment_status":"open","ping_status":"open","sticky":false,"template":"","format":"standard","meta":{"footnotes":""},"categories":[54,4,5,55],"tags":[],"class_list":["post-1105","post","type-post","status-publish","format-standard","hentry","category-actualite","category-motocross","category-news","category-news-actualite"],"yoast_head":"<!-- This site is optimized with the Yoast SEO plugin v27.4 - https:\/\/yoast.com\/product\/yoast-seo-wordpress\/ -->\n<title>Motocross international | Stefan Everts au d\u00e9part &agrave; Berck-sur-Mer! - Motocross - Enduro - Supermoto | MotocrossMag<\/title>\n<meta name=\"robots\" content=\"index, follow, max-snippet:-1, max-image-preview:large, max-video-preview:-1\" \/>\n<link rel=\"canonical\" href=\"https:\/\/fr.motocrossmag.be\/index.php\/2008\/07\/motocross-international-stefan-everts-au-depart-a-berck-sur-mer\/\" \/>\n<meta property=\"og:locale\" content=\"fr_FR\" \/>\n<meta property=\"og:type\" content=\"article\" \/>\n<meta property=\"og:title\" content=\"Motocross international | Stefan Everts au d\u00e9part &agrave; Berck-sur-Mer! - Motocross - Enduro - Supermoto | MotocrossMag\" \/>\n<meta property=\"og:description\" content=\"Selon le journal fran\u00e7ais \u00ab\u00a0La Voix du Nord\u00a0\u00bb, Stefan Everts sera les 4 et 5 octobre prochains au d\u00e9part de la course sur plage de Berck-sur-Mer, dans le Nord de [...]\" \/>\n<meta property=\"og:url\" content=\"https:\/\/fr.motocrossmag.be\/index.php\/2008\/07\/motocross-international-stefan-everts-au-depart-a-berck-sur-mer\/\" \/>\n<meta property=\"og:site_name\" content=\"Motocross - Enduro - Supermoto | MotocrossMag\" \/>\n<meta property=\"article:published_time\" content=\"2008-07-02T15:05:49+00:00\" \/>\n<meta property=\"og:image\" content=\"http:\/\/www.motocrossmag.be\/wp-content\/uploads\/2008\/07\/everts_ride.jpg\" \/>\n<meta name=\"author\" content=\"oliviere\" \/>\n<meta name=\"twitter:card\" content=\"summary_large_image\" \/>\n<meta name=\"twitter:label1\" content=\"\u00c9crit par\" \/>\n\t<meta name=\"twitter:data1\" content=\"oliviere\" \/>\n<script type=\"application\/ld+json\" class=\"yoast-schema-graph\">{\"@context\":\"https:\\\/\\\/schema.org\",\"@graph\":[{\"@type\":\"Article\",\"@id\":\"https:\\\/\\\/fr.motocrossmag.be\\\/index.php\\\/2008\\\/07\\\/motocross-international-stefan-everts-au-depart-a-berck-sur-mer\\\/#article\",\"isPartOf\":{\"@id\":\"https:\\\/\\\/fr.motocrossmag.be\\\/index.php\\\/2008\\\/07\\\/motocross-international-stefan-everts-au-depart-a-berck-sur-mer\\\/\"},\"author\":{\"name\":\"oliviere\",\"@id\":\"https:\\\/\\\/fr.motocrossmag.be\\\/#\\\/schema\\\/person\\\/11b47143d9f755babca2c9110e03235c\"},\"headline\":\"Motocross international | Stefan Everts au d\u00e9part &agrave; Berck-sur-Mer!\",\"datePublished\":\"2008-07-02T15:05:49+00:00\",\"mainEntityOfPage\":{\"@id\":\"https:\\\/\\\/fr.motocrossmag.be\\\/index.php\\\/2008\\\/07\\\/motocross-international-stefan-everts-au-depart-a-berck-sur-mer\\\/\"},\"wordCount\":109,\"commentCount\":0,\"image\":{\"@id\":\"https:\\\/\\\/fr.motocrossmag.be\\\/index.php\\\/2008\\\/07\\\/motocross-international-stefan-everts-au-depart-a-berck-sur-mer\\\/#primaryimage\"},\"thumbnailUrl\":\"http:\\\/\\\/www.motocrossmag.be\\\/wp-content\\\/uploads\\\/2008\\\/07\\\/everts_ride.jpg\",\"articleSection\":[\"Actualit\u00e9\",\"Motocross\",\"News\",\"News\"],\"inLanguage\":\"fr-FR\",\"potentialAction\":[{\"@type\":\"CommentAction\",\"name\":\"Comment\",\"target\":[\"https:\\\/\\\/fr.motocrossmag.be\\\/index.php\\\/2008\\\/07\\\/motocross-international-stefan-everts-au-depart-a-berck-sur-mer\\\/#respond\"]}]},{\"@type\":\"WebPage\",\"@id\":\"https:\\\/\\\/fr.motocrossmag.be\\\/index.php\\\/2008\\\/07\\\/motocross-international-stefan-everts-au-depart-a-berck-sur-mer\\\/\",\"url\":\"https:\\\/\\\/fr.motocrossmag.be\\\/index.php\\\/2008\\\/07\\\/motocross-international-stefan-everts-au-depart-a-berck-sur-mer\\\/\",\"name\":\"Motocross international | Stefan Everts au d\u00e9part &agrave; Berck-sur-Mer! - Motocross - Enduro - Supermoto | MotocrossMag\",\"isPartOf\":{\"@id\":\"https:\\\/\\\/fr.motocrossmag.be\\\/#website\"},\"primaryImageOfPage\":{\"@id\":\"https:\\\/\\\/fr.motocrossmag.be\\\/index.php\\\/2008\\\/07\\\/motocross-international-stefan-everts-au-depart-a-berck-sur-mer\\\/#primaryimage\"},\"image\":{\"@id\":\"https:\\\/\\\/fr.motocrossmag.be\\\/index.php\\\/2008\\\/07\\\/motocross-international-stefan-everts-au-depart-a-berck-sur-mer\\\/#primaryimage\"},\"thumbnailUrl\":\"http:\\\/\\\/www.motocrossmag.be\\\/wp-content\\\/uploads\\\/2008\\\/07\\\/everts_ride.jpg\",\"datePublished\":\"2008-07-02T15:05:49+00:00\",\"author\":{\"@id\":\"https:\\\/\\\/fr.motocrossmag.be\\\/#\\\/schema\\\/person\\\/11b47143d9f755babca2c9110e03235c\"},\"breadcrumb\":{\"@id\":\"https:\\\/\\\/fr.motocrossmag.be\\\/index.php\\\/2008\\\/07\\\/motocross-international-stefan-everts-au-depart-a-berck-sur-mer\\\/#breadcrumb\"},\"inLanguage\":\"fr-FR\",\"potentialAction\":[{\"@type\":\"ReadAction\",\"target\":[\"https:\\\/\\\/fr.motocrossmag.be\\\/index.php\\\/2008\\\/07\\\/motocross-international-stefan-everts-au-depart-a-berck-sur-mer\\\/\"]}]},{\"@type\":\"ImageObject\",\"inLanguage\":\"fr-FR\",\"@id\":\"https:\\\/\\\/fr.motocrossmag.be\\\/index.php\\\/2008\\\/07\\\/motocross-international-stefan-everts-au-depart-a-berck-sur-mer\\\/#primaryimage\",\"url\":\"http:\\\/\\\/www.motocrossmag.be\\\/wp-content\\\/uploads\\\/2008\\\/07\\\/everts_ride.jpg\",\"contentUrl\":\"http:\\\/\\\/www.motocrossmag.be\\\/wp-content\\\/uploads\\\/2008\\\/07\\\/everts_ride.jpg\"},{\"@type\":\"BreadcrumbList\",\"@id\":\"https:\\\/\\\/fr.motocrossmag.be\\\/index.php\\\/2008\\\/07\\\/motocross-international-stefan-everts-au-depart-a-berck-sur-mer\\\/#breadcrumb\",\"itemListElement\":[{\"@type\":\"ListItem\",\"position\":1,\"name\":\"Accueil\",\"item\":\"https:\\\/\\\/fr.motocrossmag.be\\\/\"},{\"@type\":\"ListItem\",\"position\":2,\"name\":\"Motocross international | Stefan Everts au d\u00e9part &agrave; Berck-sur-Mer!\"}]},{\"@type\":\"WebSite\",\"@id\":\"https:\\\/\\\/fr.motocrossmag.be\\\/#website\",\"url\":\"https:\\\/\\\/fr.motocrossmag.be\\\/\",\"name\":\"Motocross - Enduro - Supermoto | MotocrossMag\",\"description\":\"L&#039;actualit\u00e9 du motocross, de l&#039;enduro et du Supermoto en ligne!\",\"potentialAction\":[{\"@type\":\"SearchAction\",\"target\":{\"@type\":\"EntryPoint\",\"urlTemplate\":\"https:\\\/\\\/fr.motocrossmag.be\\\/?s={search_term_string}\"},\"query-input\":{\"@type\":\"PropertyValueSpecification\",\"valueRequired\":true,\"valueName\":\"search_term_string\"}}],\"inLanguage\":\"fr-FR\"},{\"@type\":\"Person\",\"@id\":\"https:\\\/\\\/fr.motocrossmag.be\\\/#\\\/schema\\\/person\\\/11b47143d9f755babca2c9110e03235c\",\"name\":\"oliviere\",\"image\":{\"@type\":\"ImageObject\",\"inLanguage\":\"fr-FR\",\"@id\":\"https:\\\/\\\/secure.gravatar.com\\\/avatar\\\/907069e0b81d119452040469e4a7501da1100f54f7f80180ce77bfab718288f6?s=96&d=mm&r=g\",\"url\":\"https:\\\/\\\/secure.gravatar.com\\\/avatar\\\/907069e0b81d119452040469e4a7501da1100f54f7f80180ce77bfab718288f6?s=96&d=mm&r=g\",\"contentUrl\":\"https:\\\/\\\/secure.gravatar.com\\\/avatar\\\/907069e0b81d119452040469e4a7501da1100f54f7f80180ce77bfab718288f6?s=96&d=mm&r=g\",\"caption\":\"oliviere\"},\"sameAs\":[\"http:\\\/\\\/www.motocrossmag.be\"],\"url\":\"https:\\\/\\\/fr.motocrossmag.be\\\/index.php\\\/author\\\/oliviere\\\/\"}]}<\/script>\n<!-- \/ Yoast SEO plugin. -->","yoast_head_json":{"title":"Motocross international | Stefan Everts au d\u00e9part &agrave; Berck-sur-Mer! - Motocross - Enduro - Supermoto | MotocrossMag","robots":{"index":"index","follow":"follow","max-snippet":"max-snippet:-1","max-image-preview":"max-image-preview:large","max-video-preview":"max-video-preview:-1"},"canonical":"https:\/\/fr.motocrossmag.be\/index.php\/2008\/07\/motocross-international-stefan-everts-au-depart-a-berck-sur-mer\/","og_locale":"fr_FR","og_type":"article","og_title":"Motocross international | Stefan Everts au d\u00e9part &agrave; Berck-sur-Mer! - Motocross - Enduro - Supermoto | MotocrossMag","og_description":"Selon le journal fran\u00e7ais \u00ab\u00a0La Voix du Nord\u00a0\u00bb, Stefan Everts sera les 4 et 5 octobre prochains au d\u00e9part de la course sur plage de Berck-sur-Mer, dans le Nord de [...]","og_url":"https:\/\/fr.motocrossmag.be\/index.php\/2008\/07\/motocross-international-stefan-everts-au-depart-a-berck-sur-mer\/","og_site_name":"Motocross - Enduro - Supermoto | MotocrossMag","article_published_time":"2008-07-02T15:05:49+00:00","og_image":[{"url":"http:\/\/www.motocrossmag.be\/wp-content\/uploads\/2008\/07\/everts_ride.jpg","type":"","width":"","height":""}],"author":"oliviere","twitter_card":"summary_large_image","twitter_misc":{"\u00c9crit par":"oliviere"},"schema":{"@context":"https:\/\/schema.org","@graph":[{"@type":"Article","@id":"https:\/\/fr.motocrossmag.be\/index.php\/2008\/07\/motocross-international-stefan-everts-au-depart-a-berck-sur-mer\/#article","isPartOf":{"@id":"https:\/\/fr.motocrossmag.be\/index.php\/2008\/07\/motocross-international-stefan-everts-au-depart-a-berck-sur-mer\/"},"author":{"name":"oliviere","@id":"https:\/\/fr.motocrossmag.be\/#\/schema\/person\/11b47143d9f755babca2c9110e03235c"},"headline":"Motocross international | Stefan Everts au d\u00e9part &agrave; Berck-sur-Mer!","datePublished":"2008-07-02T15:05:49+00:00","mainEntityOfPage":{"@id":"https:\/\/fr.motocrossmag.be\/index.php\/2008\/07\/motocross-international-stefan-everts-au-depart-a-berck-sur-mer\/"},"wordCount":109,"commentCount":0,"image":{"@id":"https:\/\/fr.motocrossmag.be\/index.php\/2008\/07\/motocross-international-stefan-everts-au-depart-a-berck-sur-mer\/#primaryimage"},"thumbnailUrl":"http:\/\/www.motocrossmag.be\/wp-content\/uploads\/2008\/07\/everts_ride.jpg","articleSection":["Actualit\u00e9","Motocross","News","News"],"inLanguage":"fr-FR","potentialAction":[{"@type":"CommentAction","name":"Comment","target":["https:\/\/fr.motocrossmag.be\/index.php\/2008\/07\/motocross-international-stefan-everts-au-depart-a-berck-sur-mer\/#respond"]}]},{"@type":"WebPage","@id":"https:\/\/fr.motocrossmag.be\/index.php\/2008\/07\/motocross-international-stefan-everts-au-depart-a-berck-sur-mer\/","url":"https:\/\/fr.motocrossmag.be\/index.php\/2008\/07\/motocross-international-stefan-everts-au-depart-a-berck-sur-mer\/","name":"Motocross international | Stefan Everts au d\u00e9part &agrave; Berck-sur-Mer! - Motocross - Enduro - Supermoto | MotocrossMag","isPartOf":{"@id":"https:\/\/fr.motocrossmag.be\/#website"},"primaryImageOfPage":{"@id":"https:\/\/fr.motocrossmag.be\/index.php\/2008\/07\/motocross-international-stefan-everts-au-depart-a-berck-sur-mer\/#primaryimage"},"image":{"@id":"https:\/\/fr.motocrossmag.be\/index.php\/2008\/07\/motocross-international-stefan-everts-au-depart-a-berck-sur-mer\/#primaryimage"},"thumbnailUrl":"http:\/\/www.motocrossmag.be\/wp-content\/uploads\/2008\/07\/everts_ride.jpg","datePublished":"2008-07-02T15:05:49+00:00","author":{"@id":"https:\/\/fr.motocrossmag.be\/#\/schema\/person\/11b47143d9f755babca2c9110e03235c"},"breadcrumb":{"@id":"https:\/\/fr.motocrossmag.be\/index.php\/2008\/07\/motocross-international-stefan-everts-au-depart-a-berck-sur-mer\/#breadcrumb"},"inLanguage":"fr-FR","potentialAction":[{"@type":"ReadAction","target":["https:\/\/fr.motocrossmag.be\/index.php\/2008\/07\/motocross-international-stefan-everts-au-depart-a-berck-sur-mer\/"]}]},{"@type":"ImageObject","inLanguage":"fr-FR","@id":"https:\/\/fr.motocrossmag.be\/index.php\/2008\/07\/motocross-international-stefan-everts-au-depart-a-berck-sur-mer\/#primaryimage","url":"http:\/\/www.motocrossmag.be\/wp-content\/uploads\/2008\/07\/everts_ride.jpg","contentUrl":"http:\/\/www.motocrossmag.be\/wp-content\/uploads\/2008\/07\/everts_ride.jpg"},{"@type":"BreadcrumbList","@id":"https:\/\/fr.motocrossmag.be\/index.php\/2008\/07\/motocross-international-stefan-everts-au-depart-a-berck-sur-mer\/#breadcrumb","itemListElement":[{"@type":"ListItem","position":1,"name":"Accueil","item":"https:\/\/fr.motocrossmag.be\/"},{"@type":"ListItem","position":2,"name":"Motocross international | Stefan Everts au d\u00e9part &agrave; Berck-sur-Mer!"}]},{"@type":"WebSite","@id":"https:\/\/fr.motocrossmag.be\/#website","url":"https:\/\/fr.motocrossmag.be\/","name":"Motocross - Enduro - Supermoto | MotocrossMag","description":"L&#039;actualit\u00e9 du motocross, de l&#039;enduro et du Supermoto en ligne!","potentialAction":[{"@type":"SearchAction","target":{"@type":"EntryPoint","urlTemplate":"https:\/\/fr.motocrossmag.be\/?s={search_term_string}"},"query-input":{"@type":"PropertyValueSpecification","valueRequired":true,"valueName":"search_term_string"}}],"inLanguage":"fr-FR"},{"@type":"Person","@id":"https:\/\/fr.motocrossmag.be\/#\/schema\/person\/11b47143d9f755babca2c9110e03235c","name":"oliviere","image":{"@type":"ImageObject","inLanguage":"fr-FR","@id":"https:\/\/secure.gravatar.com\/avatar\/907069e0b81d119452040469e4a7501da1100f54f7f80180ce77bfab718288f6?s=96&d=mm&r=g","url":"https:\/\/secure.gravatar.com\/avatar\/907069e0b81d119452040469e4a7501da1100f54f7f80180ce77bfab718288f6?s=96&d=mm&r=g","contentUrl":"https:\/\/secure.gravatar.com\/avatar\/907069e0b81d119452040469e4a7501da1100f54f7f80180ce77bfab718288f6?s=96&d=mm&r=g","caption":"oliviere"},"sameAs":["http:\/\/www.motocrossmag.be"],"url":"https:\/\/fr.motocrossmag.be\/index.php\/author\/oliviere\/"}]}},"_links":{"self":[{"href":"https:\/\/fr.motocrossmag.be\/index.php\/wp-json\/wp\/v2\/posts\/1105","targetHints":{"allow":["GET"]}}],"collection":[{"href":"https:\/\/fr.motocrossmag.be\/index.php\/wp-json\/wp\/v2\/posts"}],"about":[{"href":"https:\/\/fr.motocrossmag.be\/index.php\/wp-json\/wp\/v2\/types\/post"}],"author":[{"embeddable":true,"href":"https:\/\/fr.motocrossmag.be\/index.php\/wp-json\/wp\/v2\/users\/932"}],"replies":[{"embeddable":true,"href":"https:\/\/fr.motocrossmag.be\/index.php\/wp-json\/wp\/v2\/comments?post=1105"}],"version-history":[{"count":0,"href":"https:\/\/fr.motocrossmag.be\/index.php\/wp-json\/wp\/v2\/posts\/1105\/revisions"}],"wp:attachment":[{"href":"https:\/\/fr.motocrossmag.be\/index.php\/wp-json\/wp\/v2\/media?parent=1105"}],"wp:term":[{"taxonomy":"category","embeddable":true,"href":"https:\/\/fr.motocrossmag.be\/index.php\/wp-json\/wp\/v2\/categories?post=1105"},{"taxonomy":"post_tag","embeddable":true,"href":"https:\/\/fr.motocrossmag.be\/index.php\/wp-json\/wp\/v2\/tags?post=1105"}],"curies":[{"name":"wp","href":"https:\/\/api.w.org\/{rel}","templated":true}]}}