{"id":111223,"date":"2021-07-18T15:19:17","date_gmt":"2021-07-18T13:19:17","guid":{"rendered":"http:\/\/fr.motocrossmag.be\/?p=111223"},"modified":"2021-07-18T20:07:27","modified_gmt":"2021-07-18T18:07:27","slug":"jeffrey-herlings-se-blesse-a-oss","status":"publish","type":"post","link":"https:\/\/fr.motocrossmag.be\/index.php\/2021\/07\/jeffrey-herlings-se-blesse-a-oss\/","title":{"rendered":"Jeffrey Herlings se blesse \u00e0 Oss"},"content":{"rendered":"<p><strong>Mauvaise nouvelle pour Jeffrey Herlings, il ne prendra pas le d\u00e9part de la deuxi\u00e8me manche du GP de Hollande, ce dimanche dans le sable de Oss. Vainqueur in extremis face \u00e0 Glenn Coldenhoff de la premi\u00e8re manche malgr\u00e9 <a href=\"http:\/\/fr.motocrossmag.be\/index.php\/2021\/07\/video-le-moment-ou-ivo-monticelli-percute-jeffrey-herlings-a-oss\/\">un accrochage avec Ivo Monticelli<\/a>, il a ensuite \u00e9t\u00e9 examin\u00e9 dans l&rsquo;unit\u00e9 m\u00e9dicale sur place.\u00a0<\/strong><\/p>\n<p>Touch\u00e9 \u00e0 l&rsquo;omoplate, vraisemblablement fractur\u00e9e, il ne pourra pas prendre le d\u00e9part de la deuxi\u00e8me manche. On ne sait pas \u00e0 ce stade la p\u00e9riode de convalescence attendue pour l&rsquo;officiel KTM.<\/p>\n<ul>\n<li><a href=\"http:\/\/fr.motocrossmag.be\/index.php\/2021\/07\/video-le-moment-ou-ivo-monticelli-percute-jeffrey-herlings-a-oss\/\">Voir l&rsquo;accrochage en vid\u00e9o.<\/a><\/li>\n<\/ul>\n","protected":false},"excerpt":{"rendered":"<p>Mauvaise nouvelle pour Jeffrey Herlings, il ne prendra pas le d\u00e9part de la deuxi\u00e8me manche du GP de Hollande, ce dimanche dans le sable de Oss. Vainqueur in extremis face [&#8230;]<\/p>\n","protected":false},"author":932,"featured_media":110461,"comment_status":"open","ping_status":"closed","sticky":false,"template":"","format":"standard","meta":{"footnotes":""},"categories":[54,4,6,5,55,65],"tags":[77,947,568,1544],"class_list":["post-111223","post","type-post","status-publish","format-standard","has-post-thumbnail","hentry","category-actualite","category-motocross","category-mx1mx2","category-news","category-news-actualite","category-slideshow","tag-jeffrey-herlings","tag-motocross","tag-mxgp","tag-oss"],"yoast_head":"<!-- This site is optimized with the Yoast SEO plugin v27.4 - https:\/\/yoast.com\/product\/yoast-seo-wordpress\/ -->\n<title>Jeffrey Herlings se blesse \u00e0 Oss - Motocross - Enduro - Supermoto | MotocrossMag<\/title>\n<meta name=\"robots\" content=\"index, follow, max-snippet:-1, max-image-preview:large, max-video-preview:-1\" \/>\n<link rel=\"canonical\" href=\"https:\/\/fr.motocrossmag.be\/index.php\/2021\/07\/jeffrey-herlings-se-blesse-a-oss\/\" \/>\n<meta property=\"og:locale\" content=\"fr_FR\" \/>\n<meta property=\"og:type\" content=\"article\" \/>\n<meta property=\"og:title\" content=\"Jeffrey Herlings se blesse \u00e0 Oss - Motocross - Enduro - Supermoto | MotocrossMag\" \/>\n<meta property=\"og:description\" content=\"Mauvaise nouvelle pour Jeffrey Herlings, il ne prendra pas le d\u00e9part de la deuxi\u00e8me manche du GP de Hollande, ce dimanche dans le sable de Oss. Vainqueur in extremis face [...]\" \/>\n<meta property=\"og:url\" content=\"https:\/\/fr.motocrossmag.be\/index.php\/2021\/07\/jeffrey-herlings-se-blesse-a-oss\/\" \/>\n<meta property=\"og:site_name\" content=\"Motocross - Enduro - Supermoto | MotocrossMag\" \/>\n<meta property=\"article:published_time\" content=\"2021-07-18T13:19:17+00:00\" \/>\n<meta property=\"article:modified_time\" content=\"2021-07-18T18:07:27+00:00\" \/>\n<meta property=\"og:image\" content=\"https:\/\/fr.motocrossmag.be\/wp-content\/uploads\/2021\/06\/ONK500-geen-logo-NK205950-herlings-mxmag.jpg\" \/>\n\t<meta property=\"og:image:width\" content=\"900\" \/>\n\t<meta property=\"og:image:height\" content=\"600\" \/>\n\t<meta property=\"og:image:type\" content=\"image\/jpeg\" \/>\n<meta name=\"author\" content=\"oliviere\" \/>\n<meta name=\"twitter:card\" content=\"summary_large_image\" \/>\n<meta name=\"twitter:label1\" content=\"\u00c9crit par\" \/>\n\t<meta name=\"twitter:data1\" content=\"oliviere\" \/>\n<script type=\"application\/ld+json\" class=\"yoast-schema-graph\">{\"@context\":\"https:\\\/\\\/schema.org\",\"@graph\":[{\"@type\":\"Article\",\"@id\":\"https:\\\/\\\/fr.motocrossmag.be\\\/index.php\\\/2021\\\/07\\\/jeffrey-herlings-se-blesse-a-oss\\\/#article\",\"isPartOf\":{\"@id\":\"https:\\\/\\\/fr.motocrossmag.be\\\/index.php\\\/2021\\\/07\\\/jeffrey-herlings-se-blesse-a-oss\\\/\"},\"author\":{\"name\":\"oliviere\",\"@id\":\"https:\\\/\\\/fr.motocrossmag.be\\\/#\\\/schema\\\/person\\\/11b47143d9f755babca2c9110e03235c\"},\"headline\":\"Jeffrey Herlings se blesse \u00e0 Oss\",\"datePublished\":\"2021-07-18T13:19:17+00:00\",\"dateModified\":\"2021-07-18T18:07:27+00:00\",\"mainEntityOfPage\":{\"@id\":\"https:\\\/\\\/fr.motocrossmag.be\\\/index.php\\\/2021\\\/07\\\/jeffrey-herlings-se-blesse-a-oss\\\/\"},\"wordCount\":103,\"commentCount\":0,\"image\":{\"@id\":\"https:\\\/\\\/fr.motocrossmag.be\\\/index.php\\\/2021\\\/07\\\/jeffrey-herlings-se-blesse-a-oss\\\/#primaryimage\"},\"thumbnailUrl\":\"https:\\\/\\\/fr.motocrossmag.be\\\/wp-content\\\/uploads\\\/2021\\\/06\\\/ONK500-geen-logo-NK205950-herlings-mxmag.jpg\",\"keywords\":[\"Jeffrey Herlings\",\"Motocross\",\"MXGP\",\"oss\"],\"articleSection\":[\"Actualit\u00e9\",\"Motocross\",\"Motocross MXGP\",\"News\",\"News\",\"Slideshow\"],\"inLanguage\":\"fr-FR\",\"potentialAction\":[{\"@type\":\"CommentAction\",\"name\":\"Comment\",\"target\":[\"https:\\\/\\\/fr.motocrossmag.be\\\/index.php\\\/2021\\\/07\\\/jeffrey-herlings-se-blesse-a-oss\\\/#respond\"]}]},{\"@type\":\"WebPage\",\"@id\":\"https:\\\/\\\/fr.motocrossmag.be\\\/index.php\\\/2021\\\/07\\\/jeffrey-herlings-se-blesse-a-oss\\\/\",\"url\":\"https:\\\/\\\/fr.motocrossmag.be\\\/index.php\\\/2021\\\/07\\\/jeffrey-herlings-se-blesse-a-oss\\\/\",\"name\":\"Jeffrey Herlings se blesse \u00e0 Oss - Motocross - Enduro - Supermoto | MotocrossMag\",\"isPartOf\":{\"@id\":\"https:\\\/\\\/fr.motocrossmag.be\\\/#website\"},\"primaryImageOfPage\":{\"@id\":\"https:\\\/\\\/fr.motocrossmag.be\\\/index.php\\\/2021\\\/07\\\/jeffrey-herlings-se-blesse-a-oss\\\/#primaryimage\"},\"image\":{\"@id\":\"https:\\\/\\\/fr.motocrossmag.be\\\/index.php\\\/2021\\\/07\\\/jeffrey-herlings-se-blesse-a-oss\\\/#primaryimage\"},\"thumbnailUrl\":\"https:\\\/\\\/fr.motocrossmag.be\\\/wp-content\\\/uploads\\\/2021\\\/06\\\/ONK500-geen-logo-NK205950-herlings-mxmag.jpg\",\"datePublished\":\"2021-07-18T13:19:17+00:00\",\"dateModified\":\"2021-07-18T18:07:27+00:00\",\"author\":{\"@id\":\"https:\\\/\\\/fr.motocrossmag.be\\\/#\\\/schema\\\/person\\\/11b47143d9f755babca2c9110e03235c\"},\"breadcrumb\":{\"@id\":\"https:\\\/\\\/fr.motocrossmag.be\\\/index.php\\\/2021\\\/07\\\/jeffrey-herlings-se-blesse-a-oss\\\/#breadcrumb\"},\"inLanguage\":\"fr-FR\",\"potentialAction\":[{\"@type\":\"ReadAction\",\"target\":[\"https:\\\/\\\/fr.motocrossmag.be\\\/index.php\\\/2021\\\/07\\\/jeffrey-herlings-se-blesse-a-oss\\\/\"]}]},{\"@type\":\"ImageObject\",\"inLanguage\":\"fr-FR\",\"@id\":\"https:\\\/\\\/fr.motocrossmag.be\\\/index.php\\\/2021\\\/07\\\/jeffrey-herlings-se-blesse-a-oss\\\/#primaryimage\",\"url\":\"https:\\\/\\\/fr.motocrossmag.be\\\/wp-content\\\/uploads\\\/2021\\\/06\\\/ONK500-geen-logo-NK205950-herlings-mxmag.jpg\",\"contentUrl\":\"https:\\\/\\\/fr.motocrossmag.be\\\/wp-content\\\/uploads\\\/2021\\\/06\\\/ONK500-geen-logo-NK205950-herlings-mxmag.jpg\",\"width\":900,\"height\":600},{\"@type\":\"BreadcrumbList\",\"@id\":\"https:\\\/\\\/fr.motocrossmag.be\\\/index.php\\\/2021\\\/07\\\/jeffrey-herlings-se-blesse-a-oss\\\/#breadcrumb\",\"itemListElement\":[{\"@type\":\"ListItem\",\"position\":1,\"name\":\"Accueil\",\"item\":\"https:\\\/\\\/fr.motocrossmag.be\\\/\"},{\"@type\":\"ListItem\",\"position\":2,\"name\":\"Jeffrey Herlings se blesse \u00e0 Oss\"}]},{\"@type\":\"WebSite\",\"@id\":\"https:\\\/\\\/fr.motocrossmag.be\\\/#website\",\"url\":\"https:\\\/\\\/fr.motocrossmag.be\\\/\",\"name\":\"Motocross - Enduro - Supermoto | MotocrossMag\",\"description\":\"L&#039;actualit\u00e9 du motocross, de l&#039;enduro et du Supermoto en ligne!\",\"potentialAction\":[{\"@type\":\"SearchAction\",\"target\":{\"@type\":\"EntryPoint\",\"urlTemplate\":\"https:\\\/\\\/fr.motocrossmag.be\\\/?s={search_term_string}\"},\"query-input\":{\"@type\":\"PropertyValueSpecification\",\"valueRequired\":true,\"valueName\":\"search_term_string\"}}],\"inLanguage\":\"fr-FR\"},{\"@type\":\"Person\",\"@id\":\"https:\\\/\\\/fr.motocrossmag.be\\\/#\\\/schema\\\/person\\\/11b47143d9f755babca2c9110e03235c\",\"name\":\"oliviere\",\"image\":{\"@type\":\"ImageObject\",\"inLanguage\":\"fr-FR\",\"@id\":\"https:\\\/\\\/secure.gravatar.com\\\/avatar\\\/907069e0b81d119452040469e4a7501da1100f54f7f80180ce77bfab718288f6?s=96&d=mm&r=g\",\"url\":\"https:\\\/\\\/secure.gravatar.com\\\/avatar\\\/907069e0b81d119452040469e4a7501da1100f54f7f80180ce77bfab718288f6?s=96&d=mm&r=g\",\"contentUrl\":\"https:\\\/\\\/secure.gravatar.com\\\/avatar\\\/907069e0b81d119452040469e4a7501da1100f54f7f80180ce77bfab718288f6?s=96&d=mm&r=g\",\"caption\":\"oliviere\"},\"sameAs\":[\"http:\\\/\\\/www.motocrossmag.be\"],\"url\":\"https:\\\/\\\/fr.motocrossmag.be\\\/index.php\\\/author\\\/oliviere\\\/\"}]}<\/script>\n<!-- \/ Yoast SEO plugin. -->","yoast_head_json":{"title":"Jeffrey Herlings se blesse \u00e0 Oss - Motocross - Enduro - Supermoto | MotocrossMag","robots":{"index":"index","follow":"follow","max-snippet":"max-snippet:-1","max-image-preview":"max-image-preview:large","max-video-preview":"max-video-preview:-1"},"canonical":"https:\/\/fr.motocrossmag.be\/index.php\/2021\/07\/jeffrey-herlings-se-blesse-a-oss\/","og_locale":"fr_FR","og_type":"article","og_title":"Jeffrey Herlings se blesse \u00e0 Oss - Motocross - Enduro - Supermoto | MotocrossMag","og_description":"Mauvaise nouvelle pour Jeffrey Herlings, il ne prendra pas le d\u00e9part de la deuxi\u00e8me manche du GP de Hollande, ce dimanche dans le sable de Oss. Vainqueur in extremis face [...]","og_url":"https:\/\/fr.motocrossmag.be\/index.php\/2021\/07\/jeffrey-herlings-se-blesse-a-oss\/","og_site_name":"Motocross - Enduro - Supermoto | MotocrossMag","article_published_time":"2021-07-18T13:19:17+00:00","article_modified_time":"2021-07-18T18:07:27+00:00","og_image":[{"width":900,"height":600,"url":"https:\/\/fr.motocrossmag.be\/wp-content\/uploads\/2021\/06\/ONK500-geen-logo-NK205950-herlings-mxmag.jpg","type":"image\/jpeg"}],"author":"oliviere","twitter_card":"summary_large_image","twitter_misc":{"\u00c9crit par":"oliviere"},"schema":{"@context":"https:\/\/schema.org","@graph":[{"@type":"Article","@id":"https:\/\/fr.motocrossmag.be\/index.php\/2021\/07\/jeffrey-herlings-se-blesse-a-oss\/#article","isPartOf":{"@id":"https:\/\/fr.motocrossmag.be\/index.php\/2021\/07\/jeffrey-herlings-se-blesse-a-oss\/"},"author":{"name":"oliviere","@id":"https:\/\/fr.motocrossmag.be\/#\/schema\/person\/11b47143d9f755babca2c9110e03235c"},"headline":"Jeffrey Herlings se blesse \u00e0 Oss","datePublished":"2021-07-18T13:19:17+00:00","dateModified":"2021-07-18T18:07:27+00:00","mainEntityOfPage":{"@id":"https:\/\/fr.motocrossmag.be\/index.php\/2021\/07\/jeffrey-herlings-se-blesse-a-oss\/"},"wordCount":103,"commentCount":0,"image":{"@id":"https:\/\/fr.motocrossmag.be\/index.php\/2021\/07\/jeffrey-herlings-se-blesse-a-oss\/#primaryimage"},"thumbnailUrl":"https:\/\/fr.motocrossmag.be\/wp-content\/uploads\/2021\/06\/ONK500-geen-logo-NK205950-herlings-mxmag.jpg","keywords":["Jeffrey Herlings","Motocross","MXGP","oss"],"articleSection":["Actualit\u00e9","Motocross","Motocross MXGP","News","News","Slideshow"],"inLanguage":"fr-FR","potentialAction":[{"@type":"CommentAction","name":"Comment","target":["https:\/\/fr.motocrossmag.be\/index.php\/2021\/07\/jeffrey-herlings-se-blesse-a-oss\/#respond"]}]},{"@type":"WebPage","@id":"https:\/\/fr.motocrossmag.be\/index.php\/2021\/07\/jeffrey-herlings-se-blesse-a-oss\/","url":"https:\/\/fr.motocrossmag.be\/index.php\/2021\/07\/jeffrey-herlings-se-blesse-a-oss\/","name":"Jeffrey Herlings se blesse \u00e0 Oss - Motocross - Enduro - Supermoto | MotocrossMag","isPartOf":{"@id":"https:\/\/fr.motocrossmag.be\/#website"},"primaryImageOfPage":{"@id":"https:\/\/fr.motocrossmag.be\/index.php\/2021\/07\/jeffrey-herlings-se-blesse-a-oss\/#primaryimage"},"image":{"@id":"https:\/\/fr.motocrossmag.be\/index.php\/2021\/07\/jeffrey-herlings-se-blesse-a-oss\/#primaryimage"},"thumbnailUrl":"https:\/\/fr.motocrossmag.be\/wp-content\/uploads\/2021\/06\/ONK500-geen-logo-NK205950-herlings-mxmag.jpg","datePublished":"2021-07-18T13:19:17+00:00","dateModified":"2021-07-18T18:07:27+00:00","author":{"@id":"https:\/\/fr.motocrossmag.be\/#\/schema\/person\/11b47143d9f755babca2c9110e03235c"},"breadcrumb":{"@id":"https:\/\/fr.motocrossmag.be\/index.php\/2021\/07\/jeffrey-herlings-se-blesse-a-oss\/#breadcrumb"},"inLanguage":"fr-FR","potentialAction":[{"@type":"ReadAction","target":["https:\/\/fr.motocrossmag.be\/index.php\/2021\/07\/jeffrey-herlings-se-blesse-a-oss\/"]}]},{"@type":"ImageObject","inLanguage":"fr-FR","@id":"https:\/\/fr.motocrossmag.be\/index.php\/2021\/07\/jeffrey-herlings-se-blesse-a-oss\/#primaryimage","url":"https:\/\/fr.motocrossmag.be\/wp-content\/uploads\/2021\/06\/ONK500-geen-logo-NK205950-herlings-mxmag.jpg","contentUrl":"https:\/\/fr.motocrossmag.be\/wp-content\/uploads\/2021\/06\/ONK500-geen-logo-NK205950-herlings-mxmag.jpg","width":900,"height":600},{"@type":"BreadcrumbList","@id":"https:\/\/fr.motocrossmag.be\/index.php\/2021\/07\/jeffrey-herlings-se-blesse-a-oss\/#breadcrumb","itemListElement":[{"@type":"ListItem","position":1,"name":"Accueil","item":"https:\/\/fr.motocrossmag.be\/"},{"@type":"ListItem","position":2,"name":"Jeffrey Herlings se blesse \u00e0 Oss"}]},{"@type":"WebSite","@id":"https:\/\/fr.motocrossmag.be\/#website","url":"https:\/\/fr.motocrossmag.be\/","name":"Motocross - Enduro - Supermoto | MotocrossMag","description":"L&#039;actualit\u00e9 du motocross, de l&#039;enduro et du Supermoto en ligne!","potentialAction":[{"@type":"SearchAction","target":{"@type":"EntryPoint","urlTemplate":"https:\/\/fr.motocrossmag.be\/?s={search_term_string}"},"query-input":{"@type":"PropertyValueSpecification","valueRequired":true,"valueName":"search_term_string"}}],"inLanguage":"fr-FR"},{"@type":"Person","@id":"https:\/\/fr.motocrossmag.be\/#\/schema\/person\/11b47143d9f755babca2c9110e03235c","name":"oliviere","image":{"@type":"ImageObject","inLanguage":"fr-FR","@id":"https:\/\/secure.gravatar.com\/avatar\/907069e0b81d119452040469e4a7501da1100f54f7f80180ce77bfab718288f6?s=96&d=mm&r=g","url":"https:\/\/secure.gravatar.com\/avatar\/907069e0b81d119452040469e4a7501da1100f54f7f80180ce77bfab718288f6?s=96&d=mm&r=g","contentUrl":"https:\/\/secure.gravatar.com\/avatar\/907069e0b81d119452040469e4a7501da1100f54f7f80180ce77bfab718288f6?s=96&d=mm&r=g","caption":"oliviere"},"sameAs":["http:\/\/www.motocrossmag.be"],"url":"https:\/\/fr.motocrossmag.be\/index.php\/author\/oliviere\/"}]}},"_links":{"self":[{"href":"https:\/\/fr.motocrossmag.be\/index.php\/wp-json\/wp\/v2\/posts\/111223","targetHints":{"allow":["GET"]}}],"collection":[{"href":"https:\/\/fr.motocrossmag.be\/index.php\/wp-json\/wp\/v2\/posts"}],"about":[{"href":"https:\/\/fr.motocrossmag.be\/index.php\/wp-json\/wp\/v2\/types\/post"}],"author":[{"embeddable":true,"href":"https:\/\/fr.motocrossmag.be\/index.php\/wp-json\/wp\/v2\/users\/932"}],"replies":[{"embeddable":true,"href":"https:\/\/fr.motocrossmag.be\/index.php\/wp-json\/wp\/v2\/comments?post=111223"}],"version-history":[{"count":0,"href":"https:\/\/fr.motocrossmag.be\/index.php\/wp-json\/wp\/v2\/posts\/111223\/revisions"}],"wp:featuredmedia":[{"embeddable":true,"href":"https:\/\/fr.motocrossmag.be\/index.php\/wp-json\/wp\/v2\/media\/110461"}],"wp:attachment":[{"href":"https:\/\/fr.motocrossmag.be\/index.php\/wp-json\/wp\/v2\/media?parent=111223"}],"wp:term":[{"taxonomy":"category","embeddable":true,"href":"https:\/\/fr.motocrossmag.be\/index.php\/wp-json\/wp\/v2\/categories?post=111223"},{"taxonomy":"post_tag","embeddable":true,"href":"https:\/\/fr.motocrossmag.be\/index.php\/wp-json\/wp\/v2\/tags?post=111223"}],"curies":[{"name":"wp","href":"https:\/\/api.w.org\/{rel}","templated":true}]}}