{"id":111228,"date":"2021-07-18T19:53:30","date_gmt":"2021-07-18T17:53:30","guid":{"rendered":"http:\/\/fr.motocrossmag.be\/?p=111228"},"modified":"2021-07-18T19:53:30","modified_gmt":"2021-07-18T17:53:30","slug":"video-le-moment-ou-ivo-monticelli-percute-jeffrey-herlings-a-oss","status":"publish","type":"post","link":"https:\/\/fr.motocrossmag.be\/index.php\/2021\/07\/video-le-moment-ou-ivo-monticelli-percute-jeffrey-herlings-a-oss\/","title":{"rendered":"Vid\u00e9o : le moment o\u00f9 Ivo Monticelli percute Jeffrey Herlings \u00e0 Oss"},"content":{"rendered":"<p><strong>C&rsquo;est incontestablement l&rsquo;action du week-end \u00e0 Oss : ce moment pr\u00e9cis o\u00f9 Ivo Monticelli percute avec sa roue avant l&rsquo;\u00e9paule de Jeffrey Herlings en tout d\u00e9but de premi\u00e8re manche \u00e0 Oss. Malgr\u00e9 une omoplate fractur\u00e9e, Jeffrey Herlings continue dans la douleur pour remporter la manche devant Glenn Coldenhoff. Il ne prendra pas le d\u00e9part de la seconde.<br \/>\n<\/strong><\/p>\n<blockquote class=\"instagram-media\" style=\"background: #FFF; border: 0; border-radius: 3px; box-shadow: 0 0 1px 0 rgba(0,0,0,0.5),0 1px 10px 0 rgba(0,0,0,0.15); margin: 1px; max-width: 540px; min-width: 326px; padding: 0; width: calc(100% - 2px);\" data-instgrm-captioned=\"\" data-instgrm-permalink=\"https:\/\/www.instagram.com\/p\/CRd4A19l5Jh\/?utm_source=ig_embed&amp;utm_campaign=loading\" data-instgrm-version=\"13\">\n<div style=\"padding: 16px;\">\n<p>&nbsp;<\/p>\n<div style=\"display: flex; flex-direction: row; align-items: center;\"><\/div>\n<div style=\"padding: 19% 0;\"><\/div>\n<div style=\"display: block; height: 50px; margin: 0 auto 12px; width: 50px;\"><\/div>\n<div style=\"padding-top: 8px;\">\n<div style=\"color: #3897f0; font-family: Arial,sans-serif; font-size: 14px; font-style: normal; font-weight: 550; line-height: 18px;\">Voir cette publication sur Instagram<\/div>\n<\/div>\n<div style=\"padding: 12.5% 0;\"><\/div>\n<div style=\"display: flex; flex-direction: row; margin-bottom: 14px; align-items: center;\"><\/div>\n<div style=\"display: flex; flex-direction: column; flex-grow: 1; justify-content: center; margin-bottom: 24px;\"><\/div>\n<p>&nbsp;<\/p>\n<p style=\"color: #c9c8cd; font-family: Arial,sans-serif; font-size: 14px; line-height: 17px; margin-bottom: 0; margin-top: 8px; overflow: hidden; padding: 8px 0 7px; text-align: center; text-overflow: ellipsis; white-space: nowrap;\"><a style=\"color: #c9c8cd; font-family: Arial,sans-serif; font-size: 14px; font-style: normal; font-weight: normal; line-height: 17px; text-decoration: none;\" href=\"https:\/\/www.instagram.com\/p\/CRd4A19l5Jh\/?utm_source=ig_embed&amp;utm_campaign=loading\" target=\"_blank\" rel=\"noopener\">Une publication partag\u00e9e par MXGP (@mxgp)<\/a><\/p>\n<\/div>\n<\/blockquote>\n<p><script async src=\"\/\/www.instagram.com\/embed.js\"><\/script><\/p>\n","protected":false},"excerpt":{"rendered":"<p>C&rsquo;est incontestablement l&rsquo;action du week-end \u00e0 Oss : ce moment pr\u00e9cis o\u00f9 Ivo Monticelli percute avec sa roue avant l&rsquo;\u00e9paule de Jeffrey Herlings en tout d\u00e9but de premi\u00e8re manche \u00e0 [&#8230;]<\/p>\n","protected":false},"author":932,"featured_media":111229,"comment_status":"open","ping_status":"closed","sticky":false,"template":"","format":"standard","meta":{"footnotes":""},"categories":[54,4,6,5,55,62],"tags":[1768,77,947,1767],"class_list":["post-111228","post","type-post","status-publish","format-standard","has-post-thumbnail","hentry","category-actualite","category-motocross","category-mx1mx2","category-news","category-news-actualite","category-video","tag-chute","tag-jeffrey-herlings","tag-motocross","tag-mxgp-crash"],"yoast_head":"<!-- This site is optimized with the Yoast SEO plugin v27.4 - https:\/\/yoast.com\/product\/yoast-seo-wordpress\/ -->\n<title>Vid\u00e9o : le moment o\u00f9 Ivo Monticelli percute Jeffrey Herlings \u00e0 Oss - Motocross - Enduro - Supermoto | MotocrossMag<\/title>\n<meta name=\"robots\" content=\"index, follow, max-snippet:-1, max-image-preview:large, max-video-preview:-1\" \/>\n<link rel=\"canonical\" href=\"https:\/\/fr.motocrossmag.be\/index.php\/2021\/07\/video-le-moment-ou-ivo-monticelli-percute-jeffrey-herlings-a-oss\/\" \/>\n<meta property=\"og:locale\" content=\"fr_FR\" \/>\n<meta property=\"og:type\" content=\"article\" \/>\n<meta property=\"og:title\" content=\"Vid\u00e9o : le moment o\u00f9 Ivo Monticelli percute Jeffrey Herlings \u00e0 Oss - Motocross - Enduro - Supermoto | MotocrossMag\" \/>\n<meta property=\"og:description\" content=\"C&rsquo;est incontestablement l&rsquo;action du week-end \u00e0 Oss : ce moment pr\u00e9cis o\u00f9 Ivo Monticelli percute avec sa roue avant l&rsquo;\u00e9paule de Jeffrey Herlings en tout d\u00e9but de premi\u00e8re manche \u00e0 [...]\" \/>\n<meta property=\"og:url\" content=\"https:\/\/fr.motocrossmag.be\/index.php\/2021\/07\/video-le-moment-ou-ivo-monticelli-percute-jeffrey-herlings-a-oss\/\" \/>\n<meta property=\"og:site_name\" content=\"Motocross - Enduro - Supermoto | MotocrossMag\" \/>\n<meta property=\"article:published_time\" content=\"2021-07-18T17:53:30+00:00\" \/>\n<meta property=\"og:image\" content=\"https:\/\/fr.motocrossmag.be\/wp-content\/uploads\/2021\/07\/monticelli-herlings.jpg\" \/>\n\t<meta property=\"og:image:width\" content=\"650\" \/>\n\t<meta property=\"og:image:height\" content=\"434\" \/>\n\t<meta property=\"og:image:type\" content=\"image\/jpeg\" \/>\n<meta name=\"author\" content=\"oliviere\" \/>\n<meta name=\"twitter:card\" content=\"summary_large_image\" \/>\n<meta name=\"twitter:label1\" content=\"\u00c9crit par\" \/>\n\t<meta name=\"twitter:data1\" content=\"oliviere\" \/>\n<script type=\"application\/ld+json\" class=\"yoast-schema-graph\">{\"@context\":\"https:\\\/\\\/schema.org\",\"@graph\":[{\"@type\":\"Article\",\"@id\":\"https:\\\/\\\/fr.motocrossmag.be\\\/index.php\\\/2021\\\/07\\\/video-le-moment-ou-ivo-monticelli-percute-jeffrey-herlings-a-oss\\\/#article\",\"isPartOf\":{\"@id\":\"https:\\\/\\\/fr.motocrossmag.be\\\/index.php\\\/2021\\\/07\\\/video-le-moment-ou-ivo-monticelli-percute-jeffrey-herlings-a-oss\\\/\"},\"author\":{\"name\":\"oliviere\",\"@id\":\"https:\\\/\\\/fr.motocrossmag.be\\\/#\\\/schema\\\/person\\\/11b47143d9f755babca2c9110e03235c\"},\"headline\":\"Vid\u00e9o : le moment o\u00f9 Ivo Monticelli percute Jeffrey Herlings \u00e0 Oss\",\"datePublished\":\"2021-07-18T17:53:30+00:00\",\"mainEntityOfPage\":{\"@id\":\"https:\\\/\\\/fr.motocrossmag.be\\\/index.php\\\/2021\\\/07\\\/video-le-moment-ou-ivo-monticelli-percute-jeffrey-herlings-a-oss\\\/\"},\"wordCount\":87,\"commentCount\":0,\"image\":{\"@id\":\"https:\\\/\\\/fr.motocrossmag.be\\\/index.php\\\/2021\\\/07\\\/video-le-moment-ou-ivo-monticelli-percute-jeffrey-herlings-a-oss\\\/#primaryimage\"},\"thumbnailUrl\":\"https:\\\/\\\/fr.motocrossmag.be\\\/wp-content\\\/uploads\\\/2021\\\/07\\\/monticelli-herlings.jpg\",\"keywords\":[\"chute\",\"Jeffrey Herlings\",\"Motocross\",\"mxgp crash\"],\"articleSection\":[\"Actualit\u00e9\",\"Motocross\",\"Motocross MXGP\",\"News\",\"News\",\"Videos\"],\"inLanguage\":\"fr-FR\",\"potentialAction\":[{\"@type\":\"CommentAction\",\"name\":\"Comment\",\"target\":[\"https:\\\/\\\/fr.motocrossmag.be\\\/index.php\\\/2021\\\/07\\\/video-le-moment-ou-ivo-monticelli-percute-jeffrey-herlings-a-oss\\\/#respond\"]}]},{\"@type\":\"WebPage\",\"@id\":\"https:\\\/\\\/fr.motocrossmag.be\\\/index.php\\\/2021\\\/07\\\/video-le-moment-ou-ivo-monticelli-percute-jeffrey-herlings-a-oss\\\/\",\"url\":\"https:\\\/\\\/fr.motocrossmag.be\\\/index.php\\\/2021\\\/07\\\/video-le-moment-ou-ivo-monticelli-percute-jeffrey-herlings-a-oss\\\/\",\"name\":\"Vid\u00e9o : le moment o\u00f9 Ivo Monticelli percute Jeffrey Herlings \u00e0 Oss - Motocross - Enduro - Supermoto | MotocrossMag\",\"isPartOf\":{\"@id\":\"https:\\\/\\\/fr.motocrossmag.be\\\/#website\"},\"primaryImageOfPage\":{\"@id\":\"https:\\\/\\\/fr.motocrossmag.be\\\/index.php\\\/2021\\\/07\\\/video-le-moment-ou-ivo-monticelli-percute-jeffrey-herlings-a-oss\\\/#primaryimage\"},\"image\":{\"@id\":\"https:\\\/\\\/fr.motocrossmag.be\\\/index.php\\\/2021\\\/07\\\/video-le-moment-ou-ivo-monticelli-percute-jeffrey-herlings-a-oss\\\/#primaryimage\"},\"thumbnailUrl\":\"https:\\\/\\\/fr.motocrossmag.be\\\/wp-content\\\/uploads\\\/2021\\\/07\\\/monticelli-herlings.jpg\",\"datePublished\":\"2021-07-18T17:53:30+00:00\",\"author\":{\"@id\":\"https:\\\/\\\/fr.motocrossmag.be\\\/#\\\/schema\\\/person\\\/11b47143d9f755babca2c9110e03235c\"},\"breadcrumb\":{\"@id\":\"https:\\\/\\\/fr.motocrossmag.be\\\/index.php\\\/2021\\\/07\\\/video-le-moment-ou-ivo-monticelli-percute-jeffrey-herlings-a-oss\\\/#breadcrumb\"},\"inLanguage\":\"fr-FR\",\"potentialAction\":[{\"@type\":\"ReadAction\",\"target\":[\"https:\\\/\\\/fr.motocrossmag.be\\\/index.php\\\/2021\\\/07\\\/video-le-moment-ou-ivo-monticelli-percute-jeffrey-herlings-a-oss\\\/\"]}]},{\"@type\":\"ImageObject\",\"inLanguage\":\"fr-FR\",\"@id\":\"https:\\\/\\\/fr.motocrossmag.be\\\/index.php\\\/2021\\\/07\\\/video-le-moment-ou-ivo-monticelli-percute-jeffrey-herlings-a-oss\\\/#primaryimage\",\"url\":\"https:\\\/\\\/fr.motocrossmag.be\\\/wp-content\\\/uploads\\\/2021\\\/07\\\/monticelli-herlings.jpg\",\"contentUrl\":\"https:\\\/\\\/fr.motocrossmag.be\\\/wp-content\\\/uploads\\\/2021\\\/07\\\/monticelli-herlings.jpg\",\"width\":650,\"height\":434},{\"@type\":\"BreadcrumbList\",\"@id\":\"https:\\\/\\\/fr.motocrossmag.be\\\/index.php\\\/2021\\\/07\\\/video-le-moment-ou-ivo-monticelli-percute-jeffrey-herlings-a-oss\\\/#breadcrumb\",\"itemListElement\":[{\"@type\":\"ListItem\",\"position\":1,\"name\":\"Accueil\",\"item\":\"https:\\\/\\\/fr.motocrossmag.be\\\/\"},{\"@type\":\"ListItem\",\"position\":2,\"name\":\"Vid\u00e9o : le moment o\u00f9 Ivo Monticelli percute Jeffrey Herlings \u00e0 Oss\"}]},{\"@type\":\"WebSite\",\"@id\":\"https:\\\/\\\/fr.motocrossmag.be\\\/#website\",\"url\":\"https:\\\/\\\/fr.motocrossmag.be\\\/\",\"name\":\"Motocross - Enduro - Supermoto | MotocrossMag\",\"description\":\"L&#039;actualit\u00e9 du motocross, de l&#039;enduro et du Supermoto en ligne!\",\"potentialAction\":[{\"@type\":\"SearchAction\",\"target\":{\"@type\":\"EntryPoint\",\"urlTemplate\":\"https:\\\/\\\/fr.motocrossmag.be\\\/?s={search_term_string}\"},\"query-input\":{\"@type\":\"PropertyValueSpecification\",\"valueRequired\":true,\"valueName\":\"search_term_string\"}}],\"inLanguage\":\"fr-FR\"},{\"@type\":\"Person\",\"@id\":\"https:\\\/\\\/fr.motocrossmag.be\\\/#\\\/schema\\\/person\\\/11b47143d9f755babca2c9110e03235c\",\"name\":\"oliviere\",\"image\":{\"@type\":\"ImageObject\",\"inLanguage\":\"fr-FR\",\"@id\":\"https:\\\/\\\/secure.gravatar.com\\\/avatar\\\/907069e0b81d119452040469e4a7501da1100f54f7f80180ce77bfab718288f6?s=96&d=mm&r=g\",\"url\":\"https:\\\/\\\/secure.gravatar.com\\\/avatar\\\/907069e0b81d119452040469e4a7501da1100f54f7f80180ce77bfab718288f6?s=96&d=mm&r=g\",\"contentUrl\":\"https:\\\/\\\/secure.gravatar.com\\\/avatar\\\/907069e0b81d119452040469e4a7501da1100f54f7f80180ce77bfab718288f6?s=96&d=mm&r=g\",\"caption\":\"oliviere\"},\"sameAs\":[\"http:\\\/\\\/www.motocrossmag.be\"],\"url\":\"https:\\\/\\\/fr.motocrossmag.be\\\/index.php\\\/author\\\/oliviere\\\/\"}]}<\/script>\n<!-- \/ Yoast SEO plugin. -->","yoast_head_json":{"title":"Vid\u00e9o : le moment o\u00f9 Ivo Monticelli percute Jeffrey Herlings \u00e0 Oss - Motocross - Enduro - Supermoto | MotocrossMag","robots":{"index":"index","follow":"follow","max-snippet":"max-snippet:-1","max-image-preview":"max-image-preview:large","max-video-preview":"max-video-preview:-1"},"canonical":"https:\/\/fr.motocrossmag.be\/index.php\/2021\/07\/video-le-moment-ou-ivo-monticelli-percute-jeffrey-herlings-a-oss\/","og_locale":"fr_FR","og_type":"article","og_title":"Vid\u00e9o : le moment o\u00f9 Ivo Monticelli percute Jeffrey Herlings \u00e0 Oss - Motocross - Enduro - Supermoto | MotocrossMag","og_description":"C&rsquo;est incontestablement l&rsquo;action du week-end \u00e0 Oss : ce moment pr\u00e9cis o\u00f9 Ivo Monticelli percute avec sa roue avant l&rsquo;\u00e9paule de Jeffrey Herlings en tout d\u00e9but de premi\u00e8re manche \u00e0 [...]","og_url":"https:\/\/fr.motocrossmag.be\/index.php\/2021\/07\/video-le-moment-ou-ivo-monticelli-percute-jeffrey-herlings-a-oss\/","og_site_name":"Motocross - Enduro - Supermoto | MotocrossMag","article_published_time":"2021-07-18T17:53:30+00:00","og_image":[{"width":650,"height":434,"url":"https:\/\/fr.motocrossmag.be\/wp-content\/uploads\/2021\/07\/monticelli-herlings.jpg","type":"image\/jpeg"}],"author":"oliviere","twitter_card":"summary_large_image","twitter_misc":{"\u00c9crit par":"oliviere"},"schema":{"@context":"https:\/\/schema.org","@graph":[{"@type":"Article","@id":"https:\/\/fr.motocrossmag.be\/index.php\/2021\/07\/video-le-moment-ou-ivo-monticelli-percute-jeffrey-herlings-a-oss\/#article","isPartOf":{"@id":"https:\/\/fr.motocrossmag.be\/index.php\/2021\/07\/video-le-moment-ou-ivo-monticelli-percute-jeffrey-herlings-a-oss\/"},"author":{"name":"oliviere","@id":"https:\/\/fr.motocrossmag.be\/#\/schema\/person\/11b47143d9f755babca2c9110e03235c"},"headline":"Vid\u00e9o : le moment o\u00f9 Ivo Monticelli percute Jeffrey Herlings \u00e0 Oss","datePublished":"2021-07-18T17:53:30+00:00","mainEntityOfPage":{"@id":"https:\/\/fr.motocrossmag.be\/index.php\/2021\/07\/video-le-moment-ou-ivo-monticelli-percute-jeffrey-herlings-a-oss\/"},"wordCount":87,"commentCount":0,"image":{"@id":"https:\/\/fr.motocrossmag.be\/index.php\/2021\/07\/video-le-moment-ou-ivo-monticelli-percute-jeffrey-herlings-a-oss\/#primaryimage"},"thumbnailUrl":"https:\/\/fr.motocrossmag.be\/wp-content\/uploads\/2021\/07\/monticelli-herlings.jpg","keywords":["chute","Jeffrey Herlings","Motocross","mxgp crash"],"articleSection":["Actualit\u00e9","Motocross","Motocross MXGP","News","News","Videos"],"inLanguage":"fr-FR","potentialAction":[{"@type":"CommentAction","name":"Comment","target":["https:\/\/fr.motocrossmag.be\/index.php\/2021\/07\/video-le-moment-ou-ivo-monticelli-percute-jeffrey-herlings-a-oss\/#respond"]}]},{"@type":"WebPage","@id":"https:\/\/fr.motocrossmag.be\/index.php\/2021\/07\/video-le-moment-ou-ivo-monticelli-percute-jeffrey-herlings-a-oss\/","url":"https:\/\/fr.motocrossmag.be\/index.php\/2021\/07\/video-le-moment-ou-ivo-monticelli-percute-jeffrey-herlings-a-oss\/","name":"Vid\u00e9o : le moment o\u00f9 Ivo Monticelli percute Jeffrey Herlings \u00e0 Oss - Motocross - Enduro - Supermoto | MotocrossMag","isPartOf":{"@id":"https:\/\/fr.motocrossmag.be\/#website"},"primaryImageOfPage":{"@id":"https:\/\/fr.motocrossmag.be\/index.php\/2021\/07\/video-le-moment-ou-ivo-monticelli-percute-jeffrey-herlings-a-oss\/#primaryimage"},"image":{"@id":"https:\/\/fr.motocrossmag.be\/index.php\/2021\/07\/video-le-moment-ou-ivo-monticelli-percute-jeffrey-herlings-a-oss\/#primaryimage"},"thumbnailUrl":"https:\/\/fr.motocrossmag.be\/wp-content\/uploads\/2021\/07\/monticelli-herlings.jpg","datePublished":"2021-07-18T17:53:30+00:00","author":{"@id":"https:\/\/fr.motocrossmag.be\/#\/schema\/person\/11b47143d9f755babca2c9110e03235c"},"breadcrumb":{"@id":"https:\/\/fr.motocrossmag.be\/index.php\/2021\/07\/video-le-moment-ou-ivo-monticelli-percute-jeffrey-herlings-a-oss\/#breadcrumb"},"inLanguage":"fr-FR","potentialAction":[{"@type":"ReadAction","target":["https:\/\/fr.motocrossmag.be\/index.php\/2021\/07\/video-le-moment-ou-ivo-monticelli-percute-jeffrey-herlings-a-oss\/"]}]},{"@type":"ImageObject","inLanguage":"fr-FR","@id":"https:\/\/fr.motocrossmag.be\/index.php\/2021\/07\/video-le-moment-ou-ivo-monticelli-percute-jeffrey-herlings-a-oss\/#primaryimage","url":"https:\/\/fr.motocrossmag.be\/wp-content\/uploads\/2021\/07\/monticelli-herlings.jpg","contentUrl":"https:\/\/fr.motocrossmag.be\/wp-content\/uploads\/2021\/07\/monticelli-herlings.jpg","width":650,"height":434},{"@type":"BreadcrumbList","@id":"https:\/\/fr.motocrossmag.be\/index.php\/2021\/07\/video-le-moment-ou-ivo-monticelli-percute-jeffrey-herlings-a-oss\/#breadcrumb","itemListElement":[{"@type":"ListItem","position":1,"name":"Accueil","item":"https:\/\/fr.motocrossmag.be\/"},{"@type":"ListItem","position":2,"name":"Vid\u00e9o : le moment o\u00f9 Ivo Monticelli percute Jeffrey Herlings \u00e0 Oss"}]},{"@type":"WebSite","@id":"https:\/\/fr.motocrossmag.be\/#website","url":"https:\/\/fr.motocrossmag.be\/","name":"Motocross - Enduro - Supermoto | MotocrossMag","description":"L&#039;actualit\u00e9 du motocross, de l&#039;enduro et du Supermoto en ligne!","potentialAction":[{"@type":"SearchAction","target":{"@type":"EntryPoint","urlTemplate":"https:\/\/fr.motocrossmag.be\/?s={search_term_string}"},"query-input":{"@type":"PropertyValueSpecification","valueRequired":true,"valueName":"search_term_string"}}],"inLanguage":"fr-FR"},{"@type":"Person","@id":"https:\/\/fr.motocrossmag.be\/#\/schema\/person\/11b47143d9f755babca2c9110e03235c","name":"oliviere","image":{"@type":"ImageObject","inLanguage":"fr-FR","@id":"https:\/\/secure.gravatar.com\/avatar\/907069e0b81d119452040469e4a7501da1100f54f7f80180ce77bfab718288f6?s=96&d=mm&r=g","url":"https:\/\/secure.gravatar.com\/avatar\/907069e0b81d119452040469e4a7501da1100f54f7f80180ce77bfab718288f6?s=96&d=mm&r=g","contentUrl":"https:\/\/secure.gravatar.com\/avatar\/907069e0b81d119452040469e4a7501da1100f54f7f80180ce77bfab718288f6?s=96&d=mm&r=g","caption":"oliviere"},"sameAs":["http:\/\/www.motocrossmag.be"],"url":"https:\/\/fr.motocrossmag.be\/index.php\/author\/oliviere\/"}]}},"_links":{"self":[{"href":"https:\/\/fr.motocrossmag.be\/index.php\/wp-json\/wp\/v2\/posts\/111228","targetHints":{"allow":["GET"]}}],"collection":[{"href":"https:\/\/fr.motocrossmag.be\/index.php\/wp-json\/wp\/v2\/posts"}],"about":[{"href":"https:\/\/fr.motocrossmag.be\/index.php\/wp-json\/wp\/v2\/types\/post"}],"author":[{"embeddable":true,"href":"https:\/\/fr.motocrossmag.be\/index.php\/wp-json\/wp\/v2\/users\/932"}],"replies":[{"embeddable":true,"href":"https:\/\/fr.motocrossmag.be\/index.php\/wp-json\/wp\/v2\/comments?post=111228"}],"version-history":[{"count":0,"href":"https:\/\/fr.motocrossmag.be\/index.php\/wp-json\/wp\/v2\/posts\/111228\/revisions"}],"wp:featuredmedia":[{"embeddable":true,"href":"https:\/\/fr.motocrossmag.be\/index.php\/wp-json\/wp\/v2\/media\/111229"}],"wp:attachment":[{"href":"https:\/\/fr.motocrossmag.be\/index.php\/wp-json\/wp\/v2\/media?parent=111228"}],"wp:term":[{"taxonomy":"category","embeddable":true,"href":"https:\/\/fr.motocrossmag.be\/index.php\/wp-json\/wp\/v2\/categories?post=111228"},{"taxonomy":"post_tag","embeddable":true,"href":"https:\/\/fr.motocrossmag.be\/index.php\/wp-json\/wp\/v2\/tags?post=111228"}],"curies":[{"name":"wp","href":"https:\/\/api.w.org\/{rel}","templated":true}]}}