{"id":111713,"date":"2021-08-04T16:41:38","date_gmt":"2021-08-04T14:41:38","guid":{"rendered":"http:\/\/fr.motocrossmag.be\/?p=111713"},"modified":"2021-08-04T16:41:38","modified_gmt":"2021-08-04T14:41:38","slug":"damiaens-et-vanhoenacker-vainqueurs-devant-desalle-et-maryns-sur-louverture-du-bex-a-warnant","status":"publish","type":"post","link":"https:\/\/fr.motocrossmag.be\/index.php\/2021\/08\/damiaens-et-vanhoenacker-vainqueurs-devant-desalle-et-maryns-sur-louverture-du-bex-a-warnant\/","title":{"rendered":"Damiaens et Vanhoenacker vainqueurs devant Desalle et Maryns sur l&rsquo;ouverture du BEX \u00e0 Warnant"},"content":{"rendered":"<p><strong>La premi\u00e8re \u00e9preuve du championnat de Belgique BEX s&rsquo;est disput\u00e9e le week-end dernier \u00e0 Warnant. Plus de 100 machines ont pris le d\u00e9part des 4 heures d&rsquo;endurance. Ce sont Dietger Damiaens et Dimintri Vanhoenacker qui se sont impos\u00e9s devant le duo Cl\u00e9ment Desalle\/Samuel Maryns. Gaetan Minique et Martin Robert ont compl\u00e9t\u00e9 le podium.<\/strong><\/p>\n<p>Le championnat se poursuivra d\u00e8s le week-end prochain dans le cadre de la Chinelle avec une \u00e9preuve de 6 heures au programme.<\/p>\n<p>Photo : Martin Beno\u00eet Photgraphy<\/p>\n<p>&nbsp;<\/p>\n<p><span style=\"color: #800000;\"><strong>R\u00e9sultats<\/strong><\/span><\/p>\n<table style=\"margin: auto;\" width=\"95%\">\n<tbody>\n<tr>\n<td colspan=\"2\" width=\"373\">1 DAMIENS Dietger &#8211; VANHOENACKER Dimitri<\/td>\n<\/tr>\n<tr>\n<td colspan=\"2\">2 DESALLE Cl\u00e9ment &#8211; MARYNS Samuel<\/td>\n<\/tr>\n<tr>\n<td colspan=\"2\">3 MINIQUE Gaetan &#8211; ROBERT Martin<\/td>\n<\/tr>\n<tr>\n<td colspan=\"2\">4 PUFFET Matt\u00e9o &#8211; MARY Corentin<\/td>\n<\/tr>\n<tr>\n<td colspan=\"2\">5 LILLO Gauthier &#8211; LACASSE Valentin<\/td>\n<\/tr>\n<tr>\n<td colspan=\"2\">6 BRAL Ludovic &#8211; HAANEN Jamie<\/td>\n<\/tr>\n<tr>\n<td colspan=\"2\">7 TOURNEUR Dorian &#8211; COLSON Maxime<\/td>\n<\/tr>\n<tr>\n<td colspan=\"2\">8 FORGIARINI Dgani &#8211; ROSSINI Marvin<\/td>\n<\/tr>\n<tr>\n<td colspan=\"2\">9 ROBERT Mike &#8211; ROBERT Steve<\/td>\n<\/tr>\n<tr>\n<td colspan=\"2\">10 FRASELLE Brieuc &#8211; FRASELLE J\u00e9r\u00e9mie<\/td>\n<\/tr>\n<tr>\n<td colspan=\"2\">11 STRUYVEN Thibaut &#8211; DUSSART Mathis<\/td>\n<\/tr>\n<tr>\n<td colspan=\"2\">12 VANDENBULCKE Guillaume &#8211; VANDENBULCKE P<\/td>\n<\/tr>\n<tr>\n<td colspan=\"2\">13 BAILLEUX Bertrand &#8211; VAN DOOREN Quentin<\/td>\n<\/tr>\n<tr>\n<td colspan=\"2\">14 DANIELS Nicolas &#8211; CAPEL Gilles<\/td>\n<\/tr>\n<tr>\n<td colspan=\"2\">15 REMY Aubert &#8211; REMY Gabin<\/td>\n<\/tr>\n<tr>\n<td colspan=\"2\">16 LAGAMME Julien &#8211; LE GRELLE S\u00e9bastien<\/td>\n<\/tr>\n<tr>\n<td colspan=\"2\">17 FRANCOIS Benjamin &#8211; NEEFS Gr\u00e9gory<\/td>\n<\/tr>\n<tr>\n<td colspan=\"2\">18 DELANNOY Eric &#8211; MIGEOTTE Jacques<\/td>\n<\/tr>\n<tr>\n<td colspan=\"2\">19 DELSUPEXHE S\u00e9bastien &#8211; BATTICE J\u00e9r\u00e9my<\/td>\n<\/tr>\n<tr>\n<td colspan=\"2\">20 SERVAIS Adrien &#8211; LAHAYE Michel<\/td>\n<\/tr>\n<tr>\n<td colspan=\"2\">21 BALON Anael &#8211; NICOLAS Christophe<\/td>\n<\/tr>\n<tr>\n<td colspan=\"2\">22 GILLARD Fabian &#8211; WAUTIER S\u00e9bastien<\/td>\n<\/tr>\n<tr>\n<td colspan=\"2\">23 ERNOUX Antoine &#8211; VAN DOOREN Marc<\/td>\n<\/tr>\n<tr>\n<td colspan=\"2\">24 CLAUDE Fran\u00e7ois &#8211; CLARINVAL Adrien<\/td>\n<\/tr>\n<tr>\n<td colspan=\"2\">25 BARNICH Tom &#8211; BECU Cl\u00e9ment<\/td>\n<\/tr>\n<tr>\n<td colspan=\"2\">26 BAUGNIET Christophe &#8211; VINDEVOGEL Maxime<\/td>\n<\/tr>\n<tr>\n<td colspan=\"2\">27 GALANTE Florian &#8211; WESTER Quentin<\/td>\n<\/tr>\n<tr>\n<td colspan=\"2\">28 DAVIN Vincent &#8211; MASSART Jonathan<\/td>\n<\/tr>\n<tr>\n<td colspan=\"2\">29\u00a0 LANIS Mathieu &#8211; BEGON Lo\u00efc<\/td>\n<\/tr>\n<tr>\n<td colspan=\"2\">30 FOHAL Romain &#8211; PATYN Nathan<\/td>\n<\/tr>\n<tr>\n<td colspan=\"2\">31 WIRTZ Maxime &#8211; GOURMET Dorian<\/td>\n<\/tr>\n<tr>\n<td colspan=\"2\">32 LAMBERT Gr\u00e9gory &#8211; DESTERCQ Pako<\/td>\n<\/tr>\n<tr>\n<td colspan=\"2\">33 COUVREUR Antonin &#8211; MARESCEAU Gr\u00e9gory<\/td>\n<\/tr>\n<tr>\n<td colspan=\"2\">34 DUTRIEUX Antoine &#8211; TEIXERRA MOURA Migue<\/td>\n<\/tr>\n<tr>\n<td colspan=\"2\">35 ROSMANT Sacha &#8211; ROSMANT Thibaut<\/td>\n<\/tr>\n<tr>\n<td colspan=\"2\">36 LAFARQUE Arnaud &#8211; VANLEEUW Martin<\/td>\n<\/tr>\n<tr>\n<td colspan=\"2\">37 DEBANDE Julien &#8211; DEMIERBE Hadrien<\/td>\n<\/tr>\n<tr>\n<td colspan=\"2\">38 MAROIT Thibaut &#8211; GOLINVAUX Benjamin<\/td>\n<\/tr>\n<tr>\n<td colspan=\"2\">39 LEMIELLE Cl\u00e9ment &#8211; DEFOIN Nicolas<\/td>\n<\/tr>\n<tr>\n<td colspan=\"2\">40 TRICOT Julien &#8211; TRICOT Joel<\/td>\n<\/tr>\n<tr>\n<td colspan=\"2\">41 VAN HOE Logan &#8211; BRASSEUR Denys<\/td>\n<\/tr>\n<tr>\n<td colspan=\"2\">42 EVRARD Benjamin &#8211; JAUMET Benjamin<\/td>\n<\/tr>\n<tr>\n<td colspan=\"2\">43 MAGAIN Maxence &#8211; GEURINCKX Jonathan<\/td>\n<\/tr>\n<tr>\n<td colspan=\"2\">44 ESPRECHINS Arno &#8211; VANBELLINGHEN Geoffrey<\/td>\n<\/tr>\n<tr>\n<td colspan=\"2\">45 BERGER Andy &#8211; GIUNCHI Rudy<\/td>\n<\/tr>\n<tr>\n<td colspan=\"2\">46 BARNICH T\u00e9o &#8211; BARNICH S\u00e9bastien<\/td>\n<\/tr>\n<tr>\n<td colspan=\"2\">47 LESUISSE David &#8211; ALBERTINI Adelin<\/td>\n<\/tr>\n<tr>\n<td colspan=\"2\">48 LAEREMANS Thibaut &#8211; MAHY Arthur<\/td>\n<\/tr>\n<tr>\n<td colspan=\"2\">49 OGER Geoffray &#8211; OGER Adrien<\/td>\n<\/tr>\n<tr>\n<td colspan=\"2\">50 BRASSEUR Patrick &#8211; DUPONT Ethan<\/td>\n<\/tr>\n<tr>\n<td colspan=\"2\">51 VANDOMMELE Nicolas &#8211; BALEINE Cyril<\/td>\n<\/tr>\n<tr>\n<td colspan=\"2\">52 BOSSEAUX Mathias &#8211; TEMMERMAN Luc<\/td>\n<\/tr>\n<tr>\n<td colspan=\"2\">53 THEISMAN Marvin &#8211; FINCK C\u00e9dric<\/td>\n<\/tr>\n<tr>\n<td colspan=\"2\">54 PIGEON Lionel &#8211; JAEGERS Michael<\/td>\n<\/tr>\n<tr>\n<td colspan=\"2\">55 MIGNON Jason &#8211; CHAMPION Flavian<\/td>\n<\/tr>\n<tr>\n<td colspan=\"2\">56 FOURNY Bastien &#8211; DUFRASNE Marvin<\/td>\n<\/tr>\n<tr>\n<td colspan=\"2\">57 DENIS Tom &#8211; BENONIT Guillaume<\/td>\n<\/tr>\n<tr>\n<td colspan=\"2\">58 LACASSE Tristan &#8211; DEFECHE Thomas<\/td>\n<\/tr>\n<tr>\n<td colspan=\"2\">59 BEGUIN Machael &#8211; BEGUIN Donovan<\/td>\n<\/tr>\n<tr>\n<td colspan=\"2\">60 GILOT Adrien &#8211; SCOHY Julian<\/td>\n<\/tr>\n<tr>\n<td colspan=\"2\">61 DIVERS Jonathan &#8211; ROCCO Martin<\/td>\n<\/tr>\n<tr>\n<td colspan=\"2\">62 RENIERS Laurent &#8211; RENIERS Christophe<\/td>\n<\/tr>\n<tr>\n<td colspan=\"2\">63 DESART Christophe &#8211; LADRIERE Maxime<\/td>\n<\/tr>\n<tr>\n<td colspan=\"2\">64 BERTRAND Renaud &#8211; REMOUCHAMPS Pierre<\/td>\n<\/tr>\n<tr>\n<td colspan=\"2\">65 VALENTINO Maximilien &#8211; DUJEU Guillaume<\/td>\n<\/tr>\n<tr>\n<td colspan=\"2\">66 ITTELET Bastien &#8211; MAUPERTUIS Fr\u00e9d\u00e9ric<\/td>\n<\/tr>\n<tr>\n<td colspan=\"2\">67 HUYGHE Dylan &#8211; PIETRANTONIO K\u00e9vin<\/td>\n<\/tr>\n<tr>\n<td colspan=\"2\">68 BASTIN Jean &#8211; DEMOULIN Laurent<\/td>\n<\/tr>\n<tr>\n<td colspan=\"2\">69 LINDEMAN Maicky &#8211; CACCO Giuliano<\/td>\n<\/tr>\n<tr>\n<td colspan=\"2\">70 VANDERGUGTEN David &#8211; VANDERGUGTEN Thomas<\/td>\n<\/tr>\n<tr>\n<td colspan=\"2\">71 MEERT Nicolas &#8211; DASPREMONT Christian<\/td>\n<\/tr>\n<tr>\n<td colspan=\"2\">72 LOUIS Tim<\/td>\n<\/tr>\n<tr>\n<td colspan=\"2\">73 MARTIN Florian<\/td>\n<\/tr>\n<tr>\n<td colspan=\"2\">74 SENTE Arthur<\/td>\n<\/tr>\n<tr>\n<td colspan=\"2\">75 DEGREGNE Louis &#8211; BRISME C\u00e9dric<\/td>\n<\/tr>\n<tr>\n<td colspan=\"2\">76 LANIS Cyril &#8211; CARDILLO St\u00e9phane<\/td>\n<\/tr>\n<tr>\n<td colspan=\"2\">77 HUMBLET Fr\u00e9d\u00e9ric &#8211; HUMBLET Mathieu<\/td>\n<\/tr>\n<tr>\n<td colspan=\"2\">78 PIERROUX Kevin<\/td>\n<\/tr>\n<tr>\n<td colspan=\"2\">79 PETIT Joris<\/td>\n<\/tr>\n<tr>\n<td colspan=\"2\">80 NOIRET Gr\u00e9gory &#8211; MARINELLI Fran\u00e7ois Xavier<\/td>\n<\/tr>\n<tr>\n<td colspan=\"2\">81 GOFFAUX Benjamin &#8211; GAUNIAUX Fr\u00e9d\u00e9ric<\/td>\n<\/tr>\n<tr>\n<td colspan=\"2\">82 BAYET Damien<\/td>\n<\/tr>\n<tr>\n<td colspan=\"2\">83 LAVIGNE Patrice &#8211; LAVIGNE Hugo<\/td>\n<\/tr>\n<tr>\n<td colspan=\"2\">84 SANGLIER Laurent &#8211; SANGLIER Vincent<\/td>\n<\/tr>\n<tr>\n<td colspan=\"2\">85 TOUNQUET St\u00e9phane &#8211; DELOBBE Claude<\/td>\n<\/tr>\n<tr>\n<td colspan=\"2\">86 BRANCART Laurent<\/td>\n<\/tr>\n<tr>\n<td colspan=\"2\">87 SENTE Fr\u00e9d\u00e9ric<\/td>\n<\/tr>\n<tr>\n<td colspan=\"2\">88 SMET Julien<\/td>\n<\/tr>\n<tr>\n<td colspan=\"2\">89 RIGHINI Alessandro<\/td>\n<\/tr>\n<tr>\n<td colspan=\"2\">90 LEFEBVRE Julien<\/td>\n<\/tr>\n<tr>\n<td colspan=\"2\">91 DUQUENNE Laurent &#8211; DUQUENNE Valentin<\/td>\n<\/tr>\n<tr>\n<td colspan=\"2\">92 KRZEWINSKI Baptiste<\/td>\n<\/tr>\n<tr>\n<td colspan=\"2\">93 CLARINVAL Daivin<\/td>\n<\/tr>\n<tr>\n<td colspan=\"2\">94 CORDIER Rony<\/td>\n<\/tr>\n<tr>\n<td colspan=\"2\">95 STRUZIK Thierry &#8211; STRUZIK Darryl<\/td>\n<\/tr>\n<tr>\n<td colspan=\"2\">96 MARLAIR Eddy<\/td>\n<\/tr>\n<tr>\n<td colspan=\"2\">97 CLARINVAL Claude &#8211; DUFRASNE Jean Pol<\/td>\n<\/tr>\n<tr>\n<td colspan=\"2\">98 MOTTE Emmanuel<\/td>\n<\/tr>\n<tr>\n<td colspan=\"2\">99 GILLAIN Florent<\/td>\n<\/tr>\n<tr>\n<td colspan=\"2\">100 PLATTEUW Adrien<\/td>\n<\/tr>\n<tr>\n<td colspan=\"2\">101 MARECHAL S\u00e9bastien<\/td>\n<\/tr>\n<tr>\n<td colspan=\"2\">102 FORTUNE Julien<\/td>\n<\/tr>\n<tr>\n<td colspan=\"2\">103 PERSOONS Ethan<\/td>\n<\/tr>\n<\/tbody>\n<\/table>\n","protected":false},"excerpt":{"rendered":"<p>La premi\u00e8re \u00e9preuve du championnat de Belgique BEX s&rsquo;est disput\u00e9e le week-end dernier \u00e0 Warnant. Plus de 100 machines ont pris le d\u00e9part des 4 heures d&rsquo;endurance. Ce sont Dietger [&#8230;]<\/p>\n","protected":false},"author":932,"featured_media":111714,"comment_status":"open","ping_status":"closed","sticky":false,"template":"","format":"standard","meta":{"footnotes":""},"categories":[54,32,35,33,55,56,65],"tags":[1167,1168,188,951,1163,1199],"class_list":["post-111713","post","type-post","status-publish","format-standard","has-post-thumbnail","hentry","category-actualite","category-enduro","category-fmb-enduro","category-news-enduro","category-news-actualite","category-resultats","category-slideshow","tag-bex","tag-boxc","tag-clement-desalle","tag-enduro","tag-fmb","tag-resultats"],"yoast_head":"<!-- This site is optimized with the Yoast SEO plugin v27.4 - https:\/\/yoast.com\/product\/yoast-seo-wordpress\/ -->\n<title>Damiaens et Vanhoenacker vainqueurs devant Desalle et Maryns sur l&#039;ouverture du BEX \u00e0 Warnant - Motocross - Enduro - Supermoto | MotocrossMag<\/title>\n<meta name=\"robots\" content=\"index, follow, max-snippet:-1, max-image-preview:large, max-video-preview:-1\" \/>\n<link rel=\"canonical\" href=\"https:\/\/fr.motocrossmag.be\/index.php\/2021\/08\/damiaens-et-vanhoenacker-vainqueurs-devant-desalle-et-maryns-sur-louverture-du-bex-a-warnant\/\" \/>\n<meta property=\"og:locale\" content=\"fr_FR\" \/>\n<meta property=\"og:type\" content=\"article\" \/>\n<meta property=\"og:title\" content=\"Damiaens et Vanhoenacker vainqueurs devant Desalle et Maryns sur l&#039;ouverture du BEX \u00e0 Warnant - Motocross - Enduro - Supermoto | MotocrossMag\" \/>\n<meta property=\"og:description\" content=\"La premi\u00e8re \u00e9preuve du championnat de Belgique BEX s&rsquo;est disput\u00e9e le week-end dernier \u00e0 Warnant. Plus de 100 machines ont pris le d\u00e9part des 4 heures d&rsquo;endurance. Ce sont Dietger [...]\" \/>\n<meta property=\"og:url\" content=\"https:\/\/fr.motocrossmag.be\/index.php\/2021\/08\/damiaens-et-vanhoenacker-vainqueurs-devant-desalle-et-maryns-sur-louverture-du-bex-a-warnant\/\" \/>\n<meta property=\"og:site_name\" content=\"Motocross - Enduro - Supermoto | MotocrossMag\" \/>\n<meta property=\"article:published_time\" content=\"2021-08-04T14:41:38+00:00\" \/>\n<meta property=\"og:image\" content=\"https:\/\/fr.motocrossmag.be\/wp-content\/uploads\/2021\/08\/bex-warnant-desalle.jpg\" \/>\n\t<meta property=\"og:image:width\" content=\"900\" \/>\n\t<meta property=\"og:image:height\" content=\"600\" \/>\n\t<meta property=\"og:image:type\" content=\"image\/jpeg\" \/>\n<meta name=\"author\" content=\"oliviere\" \/>\n<meta name=\"twitter:card\" content=\"summary_large_image\" \/>\n<meta name=\"twitter:label1\" content=\"\u00c9crit par\" \/>\n\t<meta name=\"twitter:data1\" content=\"oliviere\" \/>\n\t<meta name=\"twitter:label2\" content=\"Dur\u00e9e de lecture estim\u00e9e\" \/>\n\t<meta name=\"twitter:data2\" content=\"3 minutes\" \/>\n<script type=\"application\/ld+json\" class=\"yoast-schema-graph\">{\"@context\":\"https:\\\/\\\/schema.org\",\"@graph\":[{\"@type\":\"Article\",\"@id\":\"https:\\\/\\\/fr.motocrossmag.be\\\/index.php\\\/2021\\\/08\\\/damiaens-et-vanhoenacker-vainqueurs-devant-desalle-et-maryns-sur-louverture-du-bex-a-warnant\\\/#article\",\"isPartOf\":{\"@id\":\"https:\\\/\\\/fr.motocrossmag.be\\\/index.php\\\/2021\\\/08\\\/damiaens-et-vanhoenacker-vainqueurs-devant-desalle-et-maryns-sur-louverture-du-bex-a-warnant\\\/\"},\"author\":{\"name\":\"oliviere\",\"@id\":\"https:\\\/\\\/fr.motocrossmag.be\\\/#\\\/schema\\\/person\\\/11b47143d9f755babca2c9110e03235c\"},\"headline\":\"Damiaens et Vanhoenacker vainqueurs devant Desalle et Maryns sur l&rsquo;ouverture du BEX \u00e0 Warnant\",\"datePublished\":\"2021-08-04T14:41:38+00:00\",\"mainEntityOfPage\":{\"@id\":\"https:\\\/\\\/fr.motocrossmag.be\\\/index.php\\\/2021\\\/08\\\/damiaens-et-vanhoenacker-vainqueurs-devant-desalle-et-maryns-sur-louverture-du-bex-a-warnant\\\/\"},\"wordCount\":596,\"commentCount\":0,\"image\":{\"@id\":\"https:\\\/\\\/fr.motocrossmag.be\\\/index.php\\\/2021\\\/08\\\/damiaens-et-vanhoenacker-vainqueurs-devant-desalle-et-maryns-sur-louverture-du-bex-a-warnant\\\/#primaryimage\"},\"thumbnailUrl\":\"https:\\\/\\\/fr.motocrossmag.be\\\/wp-content\\\/uploads\\\/2021\\\/08\\\/bex-warnant-desalle.jpg\",\"keywords\":[\"BEX\",\"BOXC\",\"Clement Desalle\",\"Enduro\",\"FMB\",\"resultats\"],\"articleSection\":[\"Actualit\u00e9\",\"Enduro\",\"FMB\",\"News\",\"News\",\"R\u00e9sultats\",\"Slideshow\"],\"inLanguage\":\"fr-FR\",\"potentialAction\":[{\"@type\":\"CommentAction\",\"name\":\"Comment\",\"target\":[\"https:\\\/\\\/fr.motocrossmag.be\\\/index.php\\\/2021\\\/08\\\/damiaens-et-vanhoenacker-vainqueurs-devant-desalle-et-maryns-sur-louverture-du-bex-a-warnant\\\/#respond\"]}]},{\"@type\":\"WebPage\",\"@id\":\"https:\\\/\\\/fr.motocrossmag.be\\\/index.php\\\/2021\\\/08\\\/damiaens-et-vanhoenacker-vainqueurs-devant-desalle-et-maryns-sur-louverture-du-bex-a-warnant\\\/\",\"url\":\"https:\\\/\\\/fr.motocrossmag.be\\\/index.php\\\/2021\\\/08\\\/damiaens-et-vanhoenacker-vainqueurs-devant-desalle-et-maryns-sur-louverture-du-bex-a-warnant\\\/\",\"name\":\"Damiaens et Vanhoenacker vainqueurs devant Desalle et Maryns sur l'ouverture du BEX \u00e0 Warnant - Motocross - Enduro - Supermoto | MotocrossMag\",\"isPartOf\":{\"@id\":\"https:\\\/\\\/fr.motocrossmag.be\\\/#website\"},\"primaryImageOfPage\":{\"@id\":\"https:\\\/\\\/fr.motocrossmag.be\\\/index.php\\\/2021\\\/08\\\/damiaens-et-vanhoenacker-vainqueurs-devant-desalle-et-maryns-sur-louverture-du-bex-a-warnant\\\/#primaryimage\"},\"image\":{\"@id\":\"https:\\\/\\\/fr.motocrossmag.be\\\/index.php\\\/2021\\\/08\\\/damiaens-et-vanhoenacker-vainqueurs-devant-desalle-et-maryns-sur-louverture-du-bex-a-warnant\\\/#primaryimage\"},\"thumbnailUrl\":\"https:\\\/\\\/fr.motocrossmag.be\\\/wp-content\\\/uploads\\\/2021\\\/08\\\/bex-warnant-desalle.jpg\",\"datePublished\":\"2021-08-04T14:41:38+00:00\",\"author\":{\"@id\":\"https:\\\/\\\/fr.motocrossmag.be\\\/#\\\/schema\\\/person\\\/11b47143d9f755babca2c9110e03235c\"},\"breadcrumb\":{\"@id\":\"https:\\\/\\\/fr.motocrossmag.be\\\/index.php\\\/2021\\\/08\\\/damiaens-et-vanhoenacker-vainqueurs-devant-desalle-et-maryns-sur-louverture-du-bex-a-warnant\\\/#breadcrumb\"},\"inLanguage\":\"fr-FR\",\"potentialAction\":[{\"@type\":\"ReadAction\",\"target\":[\"https:\\\/\\\/fr.motocrossmag.be\\\/index.php\\\/2021\\\/08\\\/damiaens-et-vanhoenacker-vainqueurs-devant-desalle-et-maryns-sur-louverture-du-bex-a-warnant\\\/\"]}]},{\"@type\":\"ImageObject\",\"inLanguage\":\"fr-FR\",\"@id\":\"https:\\\/\\\/fr.motocrossmag.be\\\/index.php\\\/2021\\\/08\\\/damiaens-et-vanhoenacker-vainqueurs-devant-desalle-et-maryns-sur-louverture-du-bex-a-warnant\\\/#primaryimage\",\"url\":\"https:\\\/\\\/fr.motocrossmag.be\\\/wp-content\\\/uploads\\\/2021\\\/08\\\/bex-warnant-desalle.jpg\",\"contentUrl\":\"https:\\\/\\\/fr.motocrossmag.be\\\/wp-content\\\/uploads\\\/2021\\\/08\\\/bex-warnant-desalle.jpg\",\"width\":900,\"height\":600},{\"@type\":\"BreadcrumbList\",\"@id\":\"https:\\\/\\\/fr.motocrossmag.be\\\/index.php\\\/2021\\\/08\\\/damiaens-et-vanhoenacker-vainqueurs-devant-desalle-et-maryns-sur-louverture-du-bex-a-warnant\\\/#breadcrumb\",\"itemListElement\":[{\"@type\":\"ListItem\",\"position\":1,\"name\":\"Accueil\",\"item\":\"https:\\\/\\\/fr.motocrossmag.be\\\/\"},{\"@type\":\"ListItem\",\"position\":2,\"name\":\"Damiaens et Vanhoenacker vainqueurs devant Desalle et Maryns sur l&rsquo;ouverture du BEX \u00e0 Warnant\"}]},{\"@type\":\"WebSite\",\"@id\":\"https:\\\/\\\/fr.motocrossmag.be\\\/#website\",\"url\":\"https:\\\/\\\/fr.motocrossmag.be\\\/\",\"name\":\"Motocross - Enduro - Supermoto | MotocrossMag\",\"description\":\"L&#039;actualit\u00e9 du motocross, de l&#039;enduro et du Supermoto en ligne!\",\"potentialAction\":[{\"@type\":\"SearchAction\",\"target\":{\"@type\":\"EntryPoint\",\"urlTemplate\":\"https:\\\/\\\/fr.motocrossmag.be\\\/?s={search_term_string}\"},\"query-input\":{\"@type\":\"PropertyValueSpecification\",\"valueRequired\":true,\"valueName\":\"search_term_string\"}}],\"inLanguage\":\"fr-FR\"},{\"@type\":\"Person\",\"@id\":\"https:\\\/\\\/fr.motocrossmag.be\\\/#\\\/schema\\\/person\\\/11b47143d9f755babca2c9110e03235c\",\"name\":\"oliviere\",\"image\":{\"@type\":\"ImageObject\",\"inLanguage\":\"fr-FR\",\"@id\":\"https:\\\/\\\/secure.gravatar.com\\\/avatar\\\/907069e0b81d119452040469e4a7501da1100f54f7f80180ce77bfab718288f6?s=96&d=mm&r=g\",\"url\":\"https:\\\/\\\/secure.gravatar.com\\\/avatar\\\/907069e0b81d119452040469e4a7501da1100f54f7f80180ce77bfab718288f6?s=96&d=mm&r=g\",\"contentUrl\":\"https:\\\/\\\/secure.gravatar.com\\\/avatar\\\/907069e0b81d119452040469e4a7501da1100f54f7f80180ce77bfab718288f6?s=96&d=mm&r=g\",\"caption\":\"oliviere\"},\"sameAs\":[\"http:\\\/\\\/www.motocrossmag.be\"],\"url\":\"https:\\\/\\\/fr.motocrossmag.be\\\/index.php\\\/author\\\/oliviere\\\/\"}]}<\/script>\n<!-- \/ Yoast SEO plugin. -->","yoast_head_json":{"title":"Damiaens et Vanhoenacker vainqueurs devant Desalle et Maryns sur l'ouverture du BEX \u00e0 Warnant - Motocross - Enduro - Supermoto | MotocrossMag","robots":{"index":"index","follow":"follow","max-snippet":"max-snippet:-1","max-image-preview":"max-image-preview:large","max-video-preview":"max-video-preview:-1"},"canonical":"https:\/\/fr.motocrossmag.be\/index.php\/2021\/08\/damiaens-et-vanhoenacker-vainqueurs-devant-desalle-et-maryns-sur-louverture-du-bex-a-warnant\/","og_locale":"fr_FR","og_type":"article","og_title":"Damiaens et Vanhoenacker vainqueurs devant Desalle et Maryns sur l'ouverture du BEX \u00e0 Warnant - Motocross - Enduro - Supermoto | MotocrossMag","og_description":"La premi\u00e8re \u00e9preuve du championnat de Belgique BEX s&rsquo;est disput\u00e9e le week-end dernier \u00e0 Warnant. Plus de 100 machines ont pris le d\u00e9part des 4 heures d&rsquo;endurance. Ce sont Dietger [...]","og_url":"https:\/\/fr.motocrossmag.be\/index.php\/2021\/08\/damiaens-et-vanhoenacker-vainqueurs-devant-desalle-et-maryns-sur-louverture-du-bex-a-warnant\/","og_site_name":"Motocross - Enduro - Supermoto | MotocrossMag","article_published_time":"2021-08-04T14:41:38+00:00","og_image":[{"width":900,"height":600,"url":"https:\/\/fr.motocrossmag.be\/wp-content\/uploads\/2021\/08\/bex-warnant-desalle.jpg","type":"image\/jpeg"}],"author":"oliviere","twitter_card":"summary_large_image","twitter_misc":{"\u00c9crit par":"oliviere","Dur\u00e9e de lecture estim\u00e9e":"3 minutes"},"schema":{"@context":"https:\/\/schema.org","@graph":[{"@type":"Article","@id":"https:\/\/fr.motocrossmag.be\/index.php\/2021\/08\/damiaens-et-vanhoenacker-vainqueurs-devant-desalle-et-maryns-sur-louverture-du-bex-a-warnant\/#article","isPartOf":{"@id":"https:\/\/fr.motocrossmag.be\/index.php\/2021\/08\/damiaens-et-vanhoenacker-vainqueurs-devant-desalle-et-maryns-sur-louverture-du-bex-a-warnant\/"},"author":{"name":"oliviere","@id":"https:\/\/fr.motocrossmag.be\/#\/schema\/person\/11b47143d9f755babca2c9110e03235c"},"headline":"Damiaens et Vanhoenacker vainqueurs devant Desalle et Maryns sur l&rsquo;ouverture du BEX \u00e0 Warnant","datePublished":"2021-08-04T14:41:38+00:00","mainEntityOfPage":{"@id":"https:\/\/fr.motocrossmag.be\/index.php\/2021\/08\/damiaens-et-vanhoenacker-vainqueurs-devant-desalle-et-maryns-sur-louverture-du-bex-a-warnant\/"},"wordCount":596,"commentCount":0,"image":{"@id":"https:\/\/fr.motocrossmag.be\/index.php\/2021\/08\/damiaens-et-vanhoenacker-vainqueurs-devant-desalle-et-maryns-sur-louverture-du-bex-a-warnant\/#primaryimage"},"thumbnailUrl":"https:\/\/fr.motocrossmag.be\/wp-content\/uploads\/2021\/08\/bex-warnant-desalle.jpg","keywords":["BEX","BOXC","Clement Desalle","Enduro","FMB","resultats"],"articleSection":["Actualit\u00e9","Enduro","FMB","News","News","R\u00e9sultats","Slideshow"],"inLanguage":"fr-FR","potentialAction":[{"@type":"CommentAction","name":"Comment","target":["https:\/\/fr.motocrossmag.be\/index.php\/2021\/08\/damiaens-et-vanhoenacker-vainqueurs-devant-desalle-et-maryns-sur-louverture-du-bex-a-warnant\/#respond"]}]},{"@type":"WebPage","@id":"https:\/\/fr.motocrossmag.be\/index.php\/2021\/08\/damiaens-et-vanhoenacker-vainqueurs-devant-desalle-et-maryns-sur-louverture-du-bex-a-warnant\/","url":"https:\/\/fr.motocrossmag.be\/index.php\/2021\/08\/damiaens-et-vanhoenacker-vainqueurs-devant-desalle-et-maryns-sur-louverture-du-bex-a-warnant\/","name":"Damiaens et Vanhoenacker vainqueurs devant Desalle et Maryns sur l'ouverture du BEX \u00e0 Warnant - Motocross - Enduro - Supermoto | MotocrossMag","isPartOf":{"@id":"https:\/\/fr.motocrossmag.be\/#website"},"primaryImageOfPage":{"@id":"https:\/\/fr.motocrossmag.be\/index.php\/2021\/08\/damiaens-et-vanhoenacker-vainqueurs-devant-desalle-et-maryns-sur-louverture-du-bex-a-warnant\/#primaryimage"},"image":{"@id":"https:\/\/fr.motocrossmag.be\/index.php\/2021\/08\/damiaens-et-vanhoenacker-vainqueurs-devant-desalle-et-maryns-sur-louverture-du-bex-a-warnant\/#primaryimage"},"thumbnailUrl":"https:\/\/fr.motocrossmag.be\/wp-content\/uploads\/2021\/08\/bex-warnant-desalle.jpg","datePublished":"2021-08-04T14:41:38+00:00","author":{"@id":"https:\/\/fr.motocrossmag.be\/#\/schema\/person\/11b47143d9f755babca2c9110e03235c"},"breadcrumb":{"@id":"https:\/\/fr.motocrossmag.be\/index.php\/2021\/08\/damiaens-et-vanhoenacker-vainqueurs-devant-desalle-et-maryns-sur-louverture-du-bex-a-warnant\/#breadcrumb"},"inLanguage":"fr-FR","potentialAction":[{"@type":"ReadAction","target":["https:\/\/fr.motocrossmag.be\/index.php\/2021\/08\/damiaens-et-vanhoenacker-vainqueurs-devant-desalle-et-maryns-sur-louverture-du-bex-a-warnant\/"]}]},{"@type":"ImageObject","inLanguage":"fr-FR","@id":"https:\/\/fr.motocrossmag.be\/index.php\/2021\/08\/damiaens-et-vanhoenacker-vainqueurs-devant-desalle-et-maryns-sur-louverture-du-bex-a-warnant\/#primaryimage","url":"https:\/\/fr.motocrossmag.be\/wp-content\/uploads\/2021\/08\/bex-warnant-desalle.jpg","contentUrl":"https:\/\/fr.motocrossmag.be\/wp-content\/uploads\/2021\/08\/bex-warnant-desalle.jpg","width":900,"height":600},{"@type":"BreadcrumbList","@id":"https:\/\/fr.motocrossmag.be\/index.php\/2021\/08\/damiaens-et-vanhoenacker-vainqueurs-devant-desalle-et-maryns-sur-louverture-du-bex-a-warnant\/#breadcrumb","itemListElement":[{"@type":"ListItem","position":1,"name":"Accueil","item":"https:\/\/fr.motocrossmag.be\/"},{"@type":"ListItem","position":2,"name":"Damiaens et Vanhoenacker vainqueurs devant Desalle et Maryns sur l&rsquo;ouverture du BEX \u00e0 Warnant"}]},{"@type":"WebSite","@id":"https:\/\/fr.motocrossmag.be\/#website","url":"https:\/\/fr.motocrossmag.be\/","name":"Motocross - Enduro - Supermoto | MotocrossMag","description":"L&#039;actualit\u00e9 du motocross, de l&#039;enduro et du Supermoto en ligne!","potentialAction":[{"@type":"SearchAction","target":{"@type":"EntryPoint","urlTemplate":"https:\/\/fr.motocrossmag.be\/?s={search_term_string}"},"query-input":{"@type":"PropertyValueSpecification","valueRequired":true,"valueName":"search_term_string"}}],"inLanguage":"fr-FR"},{"@type":"Person","@id":"https:\/\/fr.motocrossmag.be\/#\/schema\/person\/11b47143d9f755babca2c9110e03235c","name":"oliviere","image":{"@type":"ImageObject","inLanguage":"fr-FR","@id":"https:\/\/secure.gravatar.com\/avatar\/907069e0b81d119452040469e4a7501da1100f54f7f80180ce77bfab718288f6?s=96&d=mm&r=g","url":"https:\/\/secure.gravatar.com\/avatar\/907069e0b81d119452040469e4a7501da1100f54f7f80180ce77bfab718288f6?s=96&d=mm&r=g","contentUrl":"https:\/\/secure.gravatar.com\/avatar\/907069e0b81d119452040469e4a7501da1100f54f7f80180ce77bfab718288f6?s=96&d=mm&r=g","caption":"oliviere"},"sameAs":["http:\/\/www.motocrossmag.be"],"url":"https:\/\/fr.motocrossmag.be\/index.php\/author\/oliviere\/"}]}},"_links":{"self":[{"href":"https:\/\/fr.motocrossmag.be\/index.php\/wp-json\/wp\/v2\/posts\/111713","targetHints":{"allow":["GET"]}}],"collection":[{"href":"https:\/\/fr.motocrossmag.be\/index.php\/wp-json\/wp\/v2\/posts"}],"about":[{"href":"https:\/\/fr.motocrossmag.be\/index.php\/wp-json\/wp\/v2\/types\/post"}],"author":[{"embeddable":true,"href":"https:\/\/fr.motocrossmag.be\/index.php\/wp-json\/wp\/v2\/users\/932"}],"replies":[{"embeddable":true,"href":"https:\/\/fr.motocrossmag.be\/index.php\/wp-json\/wp\/v2\/comments?post=111713"}],"version-history":[{"count":0,"href":"https:\/\/fr.motocrossmag.be\/index.php\/wp-json\/wp\/v2\/posts\/111713\/revisions"}],"wp:featuredmedia":[{"embeddable":true,"href":"https:\/\/fr.motocrossmag.be\/index.php\/wp-json\/wp\/v2\/media\/111714"}],"wp:attachment":[{"href":"https:\/\/fr.motocrossmag.be\/index.php\/wp-json\/wp\/v2\/media?parent=111713"}],"wp:term":[{"taxonomy":"category","embeddable":true,"href":"https:\/\/fr.motocrossmag.be\/index.php\/wp-json\/wp\/v2\/categories?post=111713"},{"taxonomy":"post_tag","embeddable":true,"href":"https:\/\/fr.motocrossmag.be\/index.php\/wp-json\/wp\/v2\/tags?post=111713"}],"curies":[{"name":"wp","href":"https:\/\/api.w.org\/{rel}","templated":true}]}}