{"id":11194,"date":"2011-07-30T17:38:01","date_gmt":"2011-07-30T16:38:01","guid":{"rendered":"http:\/\/fr.motocrossmag.be\/?p=11194"},"modified":"2011-07-30T17:38:01","modified_gmt":"2011-07-30T16:38:01","slug":"essai-gamme-ktm-enduro-2012-les-ktm-2012-enduro-a-lepreuve","status":"publish","type":"post","link":"https:\/\/fr.motocrossmag.be\/index.php\/2011\/07\/essai-gamme-ktm-enduro-2012-les-ktm-2012-enduro-a-lepreuve\/","title":{"rendered":"Essai gamme KTM enduro 2012 | Les KTM 2012 enduro \u00e0\u00a0 l&rsquo;\u00e9preuve"},"content":{"rendered":"<p id=\"[object]\">C&rsquo;est bien connu, en mati\u00e8re de machines d&rsquo;enduro, chez KTM, on a l&#8217;embarras du choix. Plus encore\u00a0avec l&rsquo;arriv\u00e9e de la gamme 2012\u00a0du constructeur autrichien et l&rsquo;apparition de la nouvelle 350 EXC-F. Directement d\u00e9riv\u00e9e de la 350 SX-F avec laquelle Antonio Cairoli est devenu champion du monde l&rsquo;an pass\u00e9, la benjamine de la gamme KTM entend bien r\u00e9volutionner l&rsquo;enduro comme la 350 SX-F l&rsquo;a fait l&rsquo;an dernier en motocross. Micha\u00ebl Despontin teste pour nous l&rsquo;ensemble de la gamme enduro\u00a02012 du constructeur autrichien!<\/p>\n<p>C&rsquo;est en Italie, et plus pr\u00e9cis\u00e9ment en Toscane, que KTM avait r\u00e9uni la presse sp\u00e9cialis\u00e9e afin de pr\u00e9senter\u00a0sa gamme enduro 2012.\u00a0Leader incontest\u00e9 et incontestable sur le march\u00e9 de l&rsquo;enduro, KTM entend bien le rester. Le fabricant europ\u00e9en innove et d\u00e9veloppe d&rsquo;ailleurs\u00a0sans cesse ses mod\u00e8les. Cette ann\u00e9e encore, les Autrichiens n&rsquo;ont pas fait dans le d\u00e9tail\u00a0puisqu&rsquo;on peut v\u00e9ritablement\u00a0parler de nouvelle g\u00e9n\u00e9ration le mill\u00e9sime 2012.<\/p>\n<p>La grande nouveaut\u00e9 est bien sur l&rsquo;arriv\u00e9e de la 350 EXC-F. Apr\u00e8s le succ\u00e8s que l&rsquo;on sait en motocross avec cette cylindr\u00e9e, KTM se devait de sortir une machine \u00e9quivalente destin\u00e9e \u00e0\u00a0 l&rsquo;enduro. On peut m\u00eame parler ici de retour de la cylindr\u00e9e dans le catalogue KTM puisque\u00a0le constructeur produisait d\u00e9j\u00e0\u00a0\u00a0dans les ann\u00e9es 80 un 350 enduro 4T.\u00a0Cette 350 remplacera la 400 EXC dans le catalogue en 2012.<\/p>\n<p><img decoding=\"async\" class=\"lazyload alignnone size-full wp-image-11880\" title=\"La nouvelle 350 EXC-F entend bien r\u00e9volutionner le monde de l\\'enduro comme l\\'a fait avant elle la 350 SX-F dont elle est directement inspir\u00e9e.\" src=\"http:\/\/fr.motocrossmag.be\/wp-content\/uploads\/2011\/07\/ktm_12_350excf_statique.jpg\" data-orig-src=\"http:\/\/fr.motocrossmag.be\/wp-content\/uploads\/2011\/07\/ktm_12_350excf_statique.jpg\" alt=\"\" width=\"500\" height=\"332\" srcset=\"data:image\/svg+xml,%3Csvg%20xmlns%3D%27http%3A%2F%2Fwww.w3.org%2F2000%2Fsvg%27%20width%3D%27500%27%20height%3D%27332%27%20viewBox%3D%270%200%20500%20332%27%3E%3Crect%20width%3D%27500%27%20height%3D%27332%27%20fill-opacity%3D%220%22%2F%3E%3C%2Fsvg%3E\" data-srcset=\"https:\/\/fr.motocrossmag.be\/wp-content\/uploads\/2011\/07\/ktm_12_350excf_statique-300x199.jpg 300w, https:\/\/fr.motocrossmag.be\/wp-content\/uploads\/2011\/07\/ktm_12_350excf_statique.jpg 500w\" data-sizes=\"auto\" data-orig-sizes=\"(max-width: 500px) 100vw, 500px\" \/><\/p>\n<p>Autre nouvelle cylindr\u00e9e qui arrive\u00a0en 2012, c&rsquo;est la 500 EXC 4T qui remplacera pour sa part la 530 EXC 4T. Et qui dit nouvelle g\u00e9n\u00e9ration dit souvent grand changement! Et c&rsquo;est le cas. Difficile ici en effet de parler\u00a0d&rsquo;\u00e9volution tant les modifications\u00a0sont nombreuses.\u00a0Il s&rsquo;agit\u00a0plut\u00f4t de nouvelles motos, qui n&rsquo;ont plus grand chose \u00e0\u00a0 voir avec les mod\u00e8les qu&rsquo;elles remplacent.<\/p>\n<p>KTM a travaill\u00e9 sur 3 points bien sp\u00e9cifiques afin d&rsquo;am\u00e9liorer la stabilit\u00e9 de son ch\u00e0\u00a2ssis et de r\u00e9duire les torsions de celui-ci. Le point de fixation de l&rsquo;amortisseur a \u00e9t\u00e9 recul\u00e9, ce qui, coupl\u00e9 avec le nouveau PDS (allong\u00e9 de 7mm) et\u00a0le nouveau bras oscillant, permettra une augmentation de l&rsquo;amortissement des petits chocs. On peut constater \u00e9galement une modification au niveau des points de fixation du moteur alors\u00a0que sur le haut du cadre on vient d\u00e9poser un nouveau r\u00e9servoir \u00e9galement.<\/p>\n<p id=\"[object]\"><img decoding=\"async\" class=\"lazyload alignnone size-full wp-image-11881\" title=\"Pas mal de pi\u00e8ces disponibles dans le catalogue Power Parts de la marque pour transformer votre KTM en v\u00e9ritable machine \\'\\'Factory\\'\\'\" src=\"http:\/\/fr.motocrossmag.be\/wp-content\/uploads\/2011\/07\/ktm_12_350excf_powerparts.jpg\" data-orig-src=\"http:\/\/fr.motocrossmag.be\/wp-content\/uploads\/2011\/07\/ktm_12_350excf_powerparts.jpg\" alt=\"\" width=\"500\" height=\"334\" srcset=\"data:image\/svg+xml,%3Csvg%20xmlns%3D%27http%3A%2F%2Fwww.w3.org%2F2000%2Fsvg%27%20width%3D%27500%27%20height%3D%27334%27%20viewBox%3D%270%200%20500%20334%27%3E%3Crect%20width%3D%27500%27%20height%3D%27334%27%20fill-opacity%3D%220%22%2F%3E%3C%2Fsvg%3E\" data-srcset=\"https:\/\/fr.motocrossmag.be\/wp-content\/uploads\/2011\/07\/ktm_12_350excf_powerparts-300x200.jpg 300w, https:\/\/fr.motocrossmag.be\/wp-content\/uploads\/2011\/07\/ktm_12_350excf_powerparts.jpg 500w\" data-sizes=\"auto\" data-orig-sizes=\"(max-width: 500px) 100vw, 500px\" \/><\/p>\n<p>Niveau fourche, les mod\u00e8les 2012 seront toujours \u00e9quip\u00e9s de la WP 48 mm USD qui a \u00e9t\u00e9 d\u00e9velopp\u00e9e en parall\u00e8le\u00a0avec le nouveau ch\u00e0\u00a2ssis afin d&rsquo;obtenir un \u00ab\u00a0package\u00a0\u00bb parfait.<br \/>\nToutes ces modifications ont fait gagner uniquement sur le ch\u00e0\u00a2ssis approximativement 800 grammes.<\/p>\n<p>Sur les 2T, pas de gros changements au niveau moteur. La 125 et 200 re\u00e7oivent un nouveau kick (plus l\u00e9ger et plus ergonomique), la 250 re\u00e7oit un nouveau syst\u00e8me de valve tandis que la 300 re\u00e7oit en plus un nouveau cylindre.<\/p>\n<p>Chez les 4T en revanche, les changements sont nombreux. A commencer par l&rsquo;arriv\u00e9e de l&rsquo;injection sur tous les mod\u00e8les et bien s\u00e0\u00bbr un tout nouveau moteur avec l&rsquo;arriv\u00e9e de la 350 EXC-F, d\u00e9velopp\u00e9e n\u00e9anmoins\u00a0sur base de la 350 SX-F revue et corrig\u00e9e pour la pratique de l&rsquo;enduro. C&rsquo;est ainsi que l&rsquo;on peut constater un piston diff\u00e9rent afin de r\u00e9duire le taux de compression, une modification du vilebrequin afin d&rsquo;augmenter l&rsquo;inertie et donner ainsi plus de traction a la moto, un syst\u00e8me de valve diff\u00e9rent, une modification \u00e9galement du tendeur de cha\u00eene de distribution (syst\u00e8me hydraulique) et l&rsquo;utilisation d&rsquo;une bo\u00eete 6 vitesses.<\/p>\n<p id=\"[object]\"><a rel=\"lightbox dia=1\" href=\"http:\/\/fr.motocrossmag.be\/wp-content\/uploads\/2011\/07\/ktm_12_det1.jpg\"><img decoding=\"async\" class=\"lazyload alignnone size-thumbnail wp-image-11873\" title=\"ktm_12_det1\" src=\"http:\/\/fr.motocrossmag.be\/wp-content\/uploads\/2011\/07\/ktm_12_det1-150x150.jpg\" data-orig-src=\"http:\/\/fr.motocrossmag.be\/wp-content\/uploads\/2011\/07\/ktm_12_det1-150x150.jpg\" alt=\"\" width=\"150\" height=\"150\" srcset=\"data:image\/svg+xml,%3Csvg%20xmlns%3D%27http%3A%2F%2Fwww.w3.org%2F2000%2Fsvg%27%20width%3D%27150%27%20height%3D%27150%27%20viewBox%3D%270%200%20150%20150%27%3E%3Crect%20width%3D%27150%27%20height%3D%27150%27%20fill-opacity%3D%220%22%2F%3E%3C%2Fsvg%3E\" data-srcset=\"https:\/\/fr.motocrossmag.be\/wp-content\/uploads\/2011\/07\/ktm_12_det1-150x150.jpg 150w, https:\/\/fr.motocrossmag.be\/wp-content\/uploads\/2011\/07\/ktm_12_det1.jpg 900w\" data-sizes=\"auto\" data-orig-sizes=\"(max-width: 150px) 100vw, 150px\" \/><\/a>\u00a0\u00a0 <a id=\"[object]\" rel=\"lightbox dia=1\" href=\"http:\/\/fr.motocrossmag.be\/wp-content\/uploads\/2011\/07\/ktm_12_det2.jpg\"><img decoding=\"async\" id=\"[object]\" class=\"lazyload alignnone size-thumbnail wp-image-11872\" title=\"ktm_12_det2\" src=\"http:\/\/fr.motocrossmag.be\/wp-content\/uploads\/2011\/07\/ktm_12_det2-150x150.jpg\" data-orig-src=\"http:\/\/fr.motocrossmag.be\/wp-content\/uploads\/2011\/07\/ktm_12_det2-150x150.jpg\" alt=\"\" width=\"150\" height=\"150\" srcset=\"data:image\/svg+xml,%3Csvg%20xmlns%3D%27http%3A%2F%2Fwww.w3.org%2F2000%2Fsvg%27%20width%3D%27150%27%20height%3D%27150%27%20viewBox%3D%270%200%20150%20150%27%3E%3Crect%20width%3D%27150%27%20height%3D%27150%27%20fill-opacity%3D%220%22%2F%3E%3C%2Fsvg%3E\" data-srcset=\"https:\/\/fr.motocrossmag.be\/wp-content\/uploads\/2011\/07\/ktm_12_det2-150x150.jpg 150w, https:\/\/fr.motocrossmag.be\/wp-content\/uploads\/2011\/07\/ktm_12_det2.jpg 900w\" data-sizes=\"auto\" data-orig-sizes=\"(max-width: 150px) 100vw, 150px\" \/><\/a>\u00a0\u00a0 <a id=\"[object]\" rel=\"lightbox dia=1\" href=\"http:\/\/fr.motocrossmag.be\/wp-content\/uploads\/2011\/07\/ktm_12_det3.jpg\"><img decoding=\"async\" class=\"lazyload alignnone size-thumbnail wp-image-11871\" title=\"ktm_12_det3\" src=\"http:\/\/fr.motocrossmag.be\/wp-content\/uploads\/2011\/07\/ktm_12_det3-150x150.jpg\" data-orig-src=\"http:\/\/fr.motocrossmag.be\/wp-content\/uploads\/2011\/07\/ktm_12_det3-150x150.jpg\" alt=\"\" width=\"150\" height=\"150\" srcset=\"data:image\/svg+xml,%3Csvg%20xmlns%3D%27http%3A%2F%2Fwww.w3.org%2F2000%2Fsvg%27%20width%3D%27150%27%20height%3D%27150%27%20viewBox%3D%270%200%20150%20150%27%3E%3Crect%20width%3D%27150%27%20height%3D%27150%27%20fill-opacity%3D%220%22%2F%3E%3C%2Fsvg%3E\" data-srcset=\"https:\/\/fr.motocrossmag.be\/wp-content\/uploads\/2011\/07\/ktm_12_det3-150x150.jpg 150w, https:\/\/fr.motocrossmag.be\/wp-content\/uploads\/2011\/07\/ktm_12_det3.jpg 900w\" data-sizes=\"auto\" data-orig-sizes=\"(max-width: 150px) 100vw, 150px\" \/><\/a><br \/>\n<a id=\"[object]\" rel=\"lightbox dia=1\" href=\"http:\/\/fr.motocrossmag.be\/wp-content\/uploads\/2011\/07\/ktm_12_det4.jpg\"><img decoding=\"async\" class=\"lazyload alignnone size-thumbnail wp-image-11870\" title=\"ktm_12_det4\" src=\"http:\/\/fr.motocrossmag.be\/wp-content\/uploads\/2011\/07\/ktm_12_det4-150x150.jpg\" data-orig-src=\"http:\/\/fr.motocrossmag.be\/wp-content\/uploads\/2011\/07\/ktm_12_det4-150x150.jpg\" alt=\"\" width=\"150\" height=\"150\" srcset=\"data:image\/svg+xml,%3Csvg%20xmlns%3D%27http%3A%2F%2Fwww.w3.org%2F2000%2Fsvg%27%20width%3D%27150%27%20height%3D%27150%27%20viewBox%3D%270%200%20150%20150%27%3E%3Crect%20width%3D%27150%27%20height%3D%27150%27%20fill-opacity%3D%220%22%2F%3E%3C%2Fsvg%3E\" data-srcset=\"https:\/\/fr.motocrossmag.be\/wp-content\/uploads\/2011\/07\/ktm_12_det4-150x150.jpg 150w, https:\/\/fr.motocrossmag.be\/wp-content\/uploads\/2011\/07\/ktm_12_det4.jpg 900w\" data-sizes=\"auto\" data-orig-sizes=\"(max-width: 150px) 100vw, 150px\" \/><\/a>\u00a0\u00a0 <a id=\"[object]\" rel=\"lightbox dia=1\" href=\"http:\/\/fr.motocrossmag.be\/wp-content\/uploads\/2011\/07\/ktm_12_det5.jpg\"><img decoding=\"async\" class=\"lazyload alignnone size-thumbnail wp-image-11869\" title=\"ktm_12_det5\" src=\"http:\/\/fr.motocrossmag.be\/wp-content\/uploads\/2011\/07\/ktm_12_det5-150x150.jpg\" data-orig-src=\"http:\/\/fr.motocrossmag.be\/wp-content\/uploads\/2011\/07\/ktm_12_det5-150x150.jpg\" alt=\"\" width=\"150\" height=\"150\" srcset=\"data:image\/svg+xml,%3Csvg%20xmlns%3D%27http%3A%2F%2Fwww.w3.org%2F2000%2Fsvg%27%20width%3D%27150%27%20height%3D%27150%27%20viewBox%3D%270%200%20150%20150%27%3E%3Crect%20width%3D%27150%27%20height%3D%27150%27%20fill-opacity%3D%220%22%2F%3E%3C%2Fsvg%3E\" data-srcset=\"https:\/\/fr.motocrossmag.be\/wp-content\/uploads\/2011\/07\/ktm_12_det5-150x150.jpg 150w, https:\/\/fr.motocrossmag.be\/wp-content\/uploads\/2011\/07\/ktm_12_det5.jpg 900w\" data-sizes=\"auto\" data-orig-sizes=\"(max-width: 150px) 100vw, 150px\" \/><\/a>\u00a0\u00a0 <a rel=\"lightbox dia=1\" href=\"http:\/\/fr.motocrossmag.be\/wp-content\/uploads\/2011\/07\/ktm_12_det6.jpg\"><img decoding=\"async\" class=\"lazyload alignnone size-thumbnail wp-image-11868\" title=\"ktm_12_det6\" src=\"http:\/\/fr.motocrossmag.be\/wp-content\/uploads\/2011\/07\/ktm_12_det6-150x150.jpg\" data-orig-src=\"http:\/\/fr.motocrossmag.be\/wp-content\/uploads\/2011\/07\/ktm_12_det6-150x150.jpg\" alt=\"\" width=\"150\" height=\"150\" srcset=\"data:image\/svg+xml,%3Csvg%20xmlns%3D%27http%3A%2F%2Fwww.w3.org%2F2000%2Fsvg%27%20width%3D%27150%27%20height%3D%27150%27%20viewBox%3D%270%200%20150%20150%27%3E%3Crect%20width%3D%27150%27%20height%3D%27150%27%20fill-opacity%3D%220%22%2F%3E%3C%2Fsvg%3E\" data-srcset=\"https:\/\/fr.motocrossmag.be\/wp-content\/uploads\/2011\/07\/ktm_12_det6-150x150.jpg 150w, https:\/\/fr.motocrossmag.be\/wp-content\/uploads\/2011\/07\/ktm_12_det6.jpg 900w\" data-sizes=\"auto\" data-orig-sizes=\"(max-width: 150px) 100vw, 150px\" \/><\/a><\/p>\n<p id=\"[object]\">Ce moteur ultra-compact sort la bagatelle de 46\u00a0chevaux avec un couple de 37,5 NM \u00e0\u00a0 8000 T\/min et une limitation maximum \u00e0\u00a0 12 000 T\/min pour un poids de 28,5 kg (sans huile). C&rsquo;est \u00e0\u00a0 peine 2kg de plus que le moteur de la 250 EXC-F!<\/p>\n<p>En ce qui concerne la 450 et la 500 EXC, un gros travail a \u00e9t\u00e9 r\u00e9alis\u00e9 sur le moteur afin de r\u00e9duire le transfert de masse.\u00a0Les ing\u00e9nieurs autrichiens\u00a0ont travaill\u00e9 sur un nouveau design des carters et de la bielle, pour un gain total de 2,5 kg par rapport \u00e0\u00a0 l&rsquo;ancien bloc. La nouvelle 500 sera pour sa part\u00a0la digne rempla\u00e7ante de l&rsquo;ancienne 530 EXC. M\u00eame si son nom ne l&rsquo;indique par forc\u00e9ment,\u00a0elle cube en r\u00e9alit\u00e9 510,4 cm\u00b3. Niveau performances, la 450 nous sort 53cv et 48Nm \u00e0\u00a0 7000 T, et la 500 58cv et 52 Nm \u00e0\u00a0 7000 T \u00e9galement. Sensations garanties \u00e0\u00a0 leur guidon !<\/p>\n<p id=\"[object]\"><strong id=\"[object]\">En piste!<br \/>\n<\/strong><br \/>\nSur ce genre de pr\u00e9sentation, KTM ne l\u00e9sine pas sur le mat\u00e9riel. A mon arriv\u00e9e sur le parc, woahhhh 40 motos align\u00e9es rien que pour nous! Toute la gamme enduro est l\u00e0\u00a0, avec des configurations diff\u00e9rentes pour certain mod\u00e8le. Je passe \u00e0\u00a0 la table d&rsquo;inscription afin de commencer le plus vite possible ces essais. On nous propose une heure d&rsquo;essai par mod\u00e8le.<\/p>\n<p id=\"[object]\"><img decoding=\"async\" class=\"lazyload alignnone size-full wp-image-11874\" title=\"40 machines neuves, rien que pour nous!\" src=\"http:\/\/fr.motocrossmag.be\/wp-content\/uploads\/2011\/07\/ktm_12_bikes.jpg\" data-orig-src=\"http:\/\/fr.motocrossmag.be\/wp-content\/uploads\/2011\/07\/ktm_12_bikes.jpg\" alt=\"\" width=\"500\" height=\"333\" srcset=\"data:image\/svg+xml,%3Csvg%20xmlns%3D%27http%3A%2F%2Fwww.w3.org%2F2000%2Fsvg%27%20width%3D%27500%27%20height%3D%27333%27%20viewBox%3D%270%200%20500%20333%27%3E%3Crect%20width%3D%27500%27%20height%3D%27333%27%20fill-opacity%3D%220%22%2F%3E%3C%2Fsvg%3E\" data-srcset=\"https:\/\/fr.motocrossmag.be\/wp-content\/uploads\/2011\/07\/ktm_12_bikes-300x199.jpg 300w, https:\/\/fr.motocrossmag.be\/wp-content\/uploads\/2011\/07\/ktm_12_bikes.jpg 500w\" data-sizes=\"auto\" data-orig-sizes=\"(max-width: 500px) 100vw, 500px\" \/><\/p>\n<p>Etant le premier \u00e0\u00a0 la table d&rsquo;inscription, j&rsquo;ai le choix et je fais, comme au march\u00e9 mes petites emplettes: alors on va commencer par la petite nouvelle, la 350, ensuite on passe sur la 300 2T, la 500 4t, la 125 2T, ensuite petit repas bien m\u00e9rit\u00e9 et on repart avec la 250 4T, la 250 2T, la 450 4T&#8230; Bon, stop! On a\u00a0bien roul\u00e9 l\u00e0\u00a0!<\/p>\n<p id=\"[object]\"><strong id=\"[object]\">350 EXC 4T<br \/>\n<\/strong><br \/>\nTout premiers tours de roues donc avec la 350 4t. Je teste le mod\u00e8le avec la ligne Akrapovic. La position est agr\u00e9able, tout tombe bien au niveau des commandes, une moto tr\u00e8s fines entre les jambes. Un coup de starter et c&rsquo;est parti ! Au premier abord, on a l&rsquo;impression que le moteur n&rsquo;est pas tr\u00e8s puissant en bas r\u00e9gime, un peu comme un 250 4T. Mais d\u00e8s que l&rsquo;on tourne la poign\u00e9e, la puissance vient tr\u00e8s lin\u00e9airement et on sent le coffre du moteur arriver. Apr\u00e8s une petite portion de route nous voil\u00e0\u00a0 sur des chemins roulant truff\u00e9s de cailloux.<\/p>\n<p id=\"[object]\"><img decoding=\"async\" class=\"lazyload alignnone size-full wp-image-11879\" title=\"Sp\u00e9ciales rapides mais aussi franchissements \u00e9taient au menu de cette journ\u00e9e d\\'essai au guidon de la gamme KTM 2012.\" src=\"http:\/\/fr.motocrossmag.be\/wp-content\/uploads\/2011\/07\/ktm_12_action_1.jpg\" data-orig-src=\"http:\/\/fr.motocrossmag.be\/wp-content\/uploads\/2011\/07\/ktm_12_action_1.jpg\" alt=\"\" width=\"400\" height=\"600\" srcset=\"data:image\/svg+xml,%3Csvg%20xmlns%3D%27http%3A%2F%2Fwww.w3.org%2F2000%2Fsvg%27%20width%3D%27400%27%20height%3D%27600%27%20viewBox%3D%270%200%20400%20600%27%3E%3Crect%20width%3D%27400%27%20height%3D%27600%27%20fill-opacity%3D%220%22%2F%3E%3C%2Fsvg%3E\" data-srcset=\"https:\/\/fr.motocrossmag.be\/wp-content\/uploads\/2011\/07\/ktm_12_action_1-200x300.jpg 200w, https:\/\/fr.motocrossmag.be\/wp-content\/uploads\/2011\/07\/ktm_12_action_1.jpg 400w\" data-sizes=\"auto\" data-orig-sizes=\"(max-width: 400px) 100vw, 400px\" \/><\/p>\n<p id=\"[object]\">La moto r\u00e9agit bien, elle est stable et le moteur r\u00e9agit tr\u00e8s bien aux petitq coupq de gaz afin de cabrer sur\u00a0les petites imperfections du parcours. Je prends de la vitesse, je me sens vraiment \u00e0\u00a0 l&rsquo;aise et je ne ressens absolument\u00a0pas de mauvais comportement au niveau des suspensions. L&rsquo;injection r\u00e9agit bien et apporte une certaine douceur dans l&rsquo;acc\u00e9l\u00e9ration. Dans le technique, la moto est facile a piloter, maniable et pr\u00e9cise. Je teste la courbe d&rsquo;allumage soft dans une mont\u00e9e technique, la courbe diminue consid\u00e9rablement la r\u00e9action de la moto, elle reste bien en ligne avec un maximum d&rsquo;adh\u00e9rence, la moto est tr\u00e8s douce et ne donne pas cette sensation de me tirer, je reste ma\u00eetre \u00e0\u00a0 bord !<\/p>\n<p id=\"[object]\"><img decoding=\"async\" class=\"lazyload alignnone size-full wp-image-11866\" title=\"Comme chaque ann\u00e9e, une version sp\u00e9ciale \\&quot;6 Days\\&quot; est disponible chez KTM.\" src=\"http:\/\/fr.motocrossmag.be\/wp-content\/uploads\/2011\/07\/ktm_12_isde.jpg\" data-orig-src=\"http:\/\/fr.motocrossmag.be\/wp-content\/uploads\/2011\/07\/ktm_12_isde.jpg\" alt=\"\" width=\"500\" height=\"333\" srcset=\"data:image\/svg+xml,%3Csvg%20xmlns%3D%27http%3A%2F%2Fwww.w3.org%2F2000%2Fsvg%27%20width%3D%27500%27%20height%3D%27333%27%20viewBox%3D%270%200%20500%20333%27%3E%3Crect%20width%3D%27500%27%20height%3D%27333%27%20fill-opacity%3D%220%22%2F%3E%3C%2Fsvg%3E\" data-srcset=\"https:\/\/fr.motocrossmag.be\/wp-content\/uploads\/2011\/07\/ktm_12_isde-300x199.jpg 300w, https:\/\/fr.motocrossmag.be\/wp-content\/uploads\/2011\/07\/ktm_12_isde.jpg 500w\" data-sizes=\"auto\" data-orig-sizes=\"(max-width: 500px) 100vw, 500px\" \/><\/p>\n<p>En sp\u00e9ciale, je peux vraiment me l\u00e0\u00a2cher! Sur les virages a plat, l&rsquo;injection permet de doser l&rsquo;acc\u00e9l\u00e9ration facilement et de garder un maximum de puissance au sol sans que la moto ne parte en glisse. Dans les appuis, j&rsquo;ouvre en grand et la moto me sort facilement de ces tas de poussi\u00e8re. Il\u00a0faut passer relativement vite le rapport sup\u00e9rieur afin de garder toute l&rsquo;efficacit\u00e9 du moteur, m\u00eame si celui-ci a une bonne allonge. Niveau freinage, rien \u00e0\u00a0 dire, \u00e7a freine bien, et on arrive a bien doser sans bloquer la roue, Une moto efficace, qui correspond \u00e0\u00a0 un panel assez large d&rsquo;utilisateurs. La version standard manque un peu de bas pour les pilotes confirm\u00e9s, mais, heureusement,\u00a0ce petit d\u00e9faut\u00a0est tr\u00e8s vite gomm\u00e9 avec la ligne Akrapovic.<\/p>\n<p><strong id=\"[object]\">300 EXC 2T<\/strong><\/p>\n<p id=\"[object]\"><strong id=\"[object]\"><img decoding=\"async\" class=\"lazyload alignnone size-full wp-image-11882\" title=\"La 300 EX-C reste un excellent compromis pour l\\'enduro!\" src=\"http:\/\/fr.motocrossmag.be\/wp-content\/uploads\/2011\/07\/ktm12_exc_300.jpg\" data-orig-src=\"http:\/\/fr.motocrossmag.be\/wp-content\/uploads\/2011\/07\/ktm12_exc_300.jpg\" alt=\"\" width=\"500\" height=\"339\" srcset=\"data:image\/svg+xml,%3Csvg%20xmlns%3D%27http%3A%2F%2Fwww.w3.org%2F2000%2Fsvg%27%20width%3D%27500%27%20height%3D%27339%27%20viewBox%3D%270%200%20500%20339%27%3E%3Crect%20width%3D%27500%27%20height%3D%27339%27%20fill-opacity%3D%220%22%2F%3E%3C%2Fsvg%3E\" data-srcset=\"https:\/\/fr.motocrossmag.be\/wp-content\/uploads\/2011\/07\/ktm12_exc_300-300x203.jpg 300w, https:\/\/fr.motocrossmag.be\/wp-content\/uploads\/2011\/07\/ktm12_exc_300.jpg 500w\" data-sizes=\"auto\" data-orig-sizes=\"(max-width: 500px) 100vw, 500px\" \/><br \/>\n<\/strong><br \/>\nPas de gros changements sur l&rsquo;une des r\u00e9f\u00e9rences du catalogue KTM enduro. Le nouveau design apporte plus de finesse \u00e0\u00a0 la moto. Le moteur\u00a0reste tr\u00e8s efficace \u00e0\u00a0 tous les niveaux, avec \u00e9norm\u00e9ment de couple a bas r\u00e9gimes et une puissance \u00e0\u00a0 hauts r\u00e9gimes qui pour moi est beaucoup plus facilement exploitable que celle de\u00a0la 250 2T. Pour moi, c&rsquo;est certain,\u00a0la 300 EXC reste un excellent compromis pour celui qui recherche le meilleur rapport qualit\u00e9-prix-efficacit\u00e9.<\/p>\n<p id=\"[object]\"><strong id=\"[object]\">500 EXC 4T<\/strong><\/p>\n<p id=\"[object]\">Ahh le 500!\u00a0\u00a0Rien qu&rsquo;en l&rsquo;enjambant, je me sens d\u00e9j\u00e0\u00a0 bien dessus ! La moto est l\u00e9g\u00e8rement plus lourde et plus imposante que ses s\u00c5\u201curs mais n&rsquo;en reste pas moins efficace. Le nouveau bloc est int\u00e9ressant puisqu&rsquo;il rend la moto plus facile \u00e0\u00a0 emmener. Sur les freinages appuy\u00e9s, on sent beaucoup moins cette lourdeur que l&rsquo;on avait\u00a0avait l&rsquo;ancien bloc. Ce que j&rsquo;aime sur cette moto, c&rsquo;est son couple. Elle est tr\u00e8s agr\u00e9able \u00e0\u00a0 rouler, elle ne se montre jamais violente \u00e0\u00a0 bas r\u00e9gime, et permet de descendre tr\u00e8s bas sans caler pour\u00a0ensuite permettre une mont\u00e9e en puissance tr\u00e8s lin\u00e9aire sans\u00a0jamais donner\u00a0l&rsquo;impression d&rsquo;atteindre ses limites. La seule limite finalement,\u00a0c&rsquo;est le pilote!<\/p>\n<p id=\"[object]\"><img decoding=\"async\" class=\"lazyload alignnone size-full wp-image-11878\" title=\"La partie cycle ultra-fine des KTM 2012 les rend encore plus faciles \u00e0\u00a0 inscrire en virages.\" src=\"http:\/\/fr.motocrossmag.be\/wp-content\/uploads\/2011\/07\/ktm_12_action_2.jpg\" data-orig-src=\"http:\/\/fr.motocrossmag.be\/wp-content\/uploads\/2011\/07\/ktm_12_action_2.jpg\" alt=\"\" width=\"500\" height=\"333\" srcset=\"data:image\/svg+xml,%3Csvg%20xmlns%3D%27http%3A%2F%2Fwww.w3.org%2F2000%2Fsvg%27%20width%3D%27500%27%20height%3D%27333%27%20viewBox%3D%270%200%20500%20333%27%3E%3Crect%20width%3D%27500%27%20height%3D%27333%27%20fill-opacity%3D%220%22%2F%3E%3C%2Fsvg%3E\" data-srcset=\"https:\/\/fr.motocrossmag.be\/wp-content\/uploads\/2011\/07\/ktm_12_action_2-300x199.jpg 300w, https:\/\/fr.motocrossmag.be\/wp-content\/uploads\/2011\/07\/ktm_12_action_2.jpg 500w\" data-sizes=\"auto\" data-orig-sizes=\"(max-width: 500px) 100vw, 500px\" \/><\/p>\n<p>Elle permet de sortir de n&rsquo;importe quelle situation juste avec un petit coup de gaz. Dans le technique, elle est certainement plus imposante que la 350 mais n&rsquo;en reste pas moins stable et efficace, il suffit juste de calmer la b\u00eate et surtout d&rsquo;\u00eatre pr\u00e9cis dans les trajectoires. En sp\u00e9ciale, cette moto peut gommer par sa puissance certaines erreurs de trajectoires. On peut virer avec un rapport suppl\u00e9mentaire, il n&rsquo;y a pas de soucis, elle repart calmement pour donner toute sa puissance \u00e0\u00a0 partir du mi-r\u00e9gime C&rsquo;est une moto qui fait peur a beaucoup de pilotes de par sa cylindr\u00e9e et pourtant, une fois a son guidon, je la trouve plus facile a piloter qu&rsquo;une 450.<\/p>\n<p id=\"[object]\"><strong id=\"[object]\">125 EXC 2T<br \/>\n<\/strong><br \/>\nPour moi, la moto la plus fun! Elle nous rajeunit de 15 ans,\u00a0on a l&rsquo;impression d&rsquo;\u00eatre un gamin quand on monte sur cette moto! Un bruit fabuleux, amusant et qui nous donne l&rsquo;impression d&rsquo;avoir des milliers d&rsquo;abeilles aux fesses. Il faut bien s\u00e0\u00bbr lui rentrer dedans pour qu&rsquo;elle donne satisfaction mais elle est impressionnante d&rsquo;efficacit\u00e9 dans le technique avec un bas r\u00e9gime qui vous permet de sortir de chaque situation assez facilement. A son guidon, on a l&rsquo;impression d&rsquo;\u00eatre seul ma\u00eetre \u00e0\u00a0 bord et\u00a0on se lance des d\u00e9fis que l&rsquo;on ne pourrait m\u00eame pas imagin\u00e9s avec une cylindr\u00e9e sup\u00e9rieure.<\/p>\n<p id=\"[object]\"><img decoding=\"async\" class=\"lazyload alignnone size-full wp-image-11876\" title=\"En terme d\\'agilit\u00e9, le 2-temps reste incontournable.\" src=\"http:\/\/fr.motocrossmag.be\/wp-content\/uploads\/2011\/07\/ktm_12_action_4.jpg\" data-orig-src=\"http:\/\/fr.motocrossmag.be\/wp-content\/uploads\/2011\/07\/ktm_12_action_4.jpg\" alt=\"\" width=\"400\" height=\"599\" srcset=\"data:image\/svg+xml,%3Csvg%20xmlns%3D%27http%3A%2F%2Fwww.w3.org%2F2000%2Fsvg%27%20width%3D%27400%27%20height%3D%27599%27%20viewBox%3D%270%200%20400%20599%27%3E%3Crect%20width%3D%27400%27%20height%3D%27599%27%20fill-opacity%3D%220%22%2F%3E%3C%2Fsvg%3E\" data-srcset=\"https:\/\/fr.motocrossmag.be\/wp-content\/uploads\/2011\/07\/ktm_12_action_4-200x300.jpg 200w, https:\/\/fr.motocrossmag.be\/wp-content\/uploads\/2011\/07\/ktm_12_action_4.jpg 400w\" data-sizes=\"auto\" data-orig-sizes=\"(max-width: 400px) 100vw, 400px\" \/><\/p>\n<p>Niveau pilotage, c&rsquo;est pour moi une moto qui devrait \u00eatre\u00a0plac\u00e9es dans les\u00a0mains de tous nos jeunes pilotes, afin de tout d&rsquo;abord apprendre \u00e0\u00a0 ma\u00eetriser une moto pas trop puissante, pas trop ch\u00e8re non plus. Mais qui surtout\u00a0permet d&rsquo;obtenir une excellente vision des trajectoires, indispensable\u00a0afin de palier au manque de puissance. Malgr\u00e9 mon gabarit, je m&rsquo;amuse toujours autant sur cette moto!<\/p>\n<p id=\"[object]\"><strong id=\"[object]\">250 EXC 4T<\/strong><\/p>\n<p id=\"[object]\">Pas de v\u00e9ritbale r\u00e9volution sur le bloc proprement dit. L&rsquo;injection apporte un plus \u00e0\u00a0 la moto au niveau des reprises. La moto est efficace mais manque un peu de puissance. Elle est n\u00e9anmoins comp\u00e9titive et tr\u00e8s agr\u00e9able \u00e0\u00a0 rouler. Une moto abordable pour monsieur tout le monde ainsi que pour les jeunes mais qui est tout de m\u00eame plus lourde \u00e0\u00a0 emmener qu&rsquo;un petit 125.<\/p>\n<p id=\"[object]\"><img decoding=\"async\" class=\"lazyload alignnone size-full wp-image-11877\" title=\"Quand la motricit\u00e9 devient pr\u00e9caire, l\\'injection apporte un plus ind\u00e9niable.\" src=\"http:\/\/fr.motocrossmag.be\/wp-content\/uploads\/2011\/07\/ktm_12_action_3.jpg\" data-orig-src=\"http:\/\/fr.motocrossmag.be\/wp-content\/uploads\/2011\/07\/ktm_12_action_3.jpg\" alt=\"\" width=\"400\" height=\"608\" srcset=\"data:image\/svg+xml,%3Csvg%20xmlns%3D%27http%3A%2F%2Fwww.w3.org%2F2000%2Fsvg%27%20width%3D%27400%27%20height%3D%27608%27%20viewBox%3D%270%200%20400%20608%27%3E%3Crect%20width%3D%27400%27%20height%3D%27608%27%20fill-opacity%3D%220%22%2F%3E%3C%2Fsvg%3E\" data-srcset=\"https:\/\/fr.motocrossmag.be\/wp-content\/uploads\/2011\/07\/ktm_12_action_3-197x300.jpg 197w, https:\/\/fr.motocrossmag.be\/wp-content\/uploads\/2011\/07\/ktm_12_action_3.jpg 400w\" data-sizes=\"auto\" data-orig-sizes=\"(max-width: 400px) 100vw, 400px\" \/><\/p>\n<p id=\"[object]\"><strong id=\"[object]\">450 EXC 4T et 250 EXC 2T<br \/>\n<\/strong><br \/>\nJe place ces deux cylindr\u00e9e en m\u00eame temps car je les compare \u00e0\u00a0 la 500 EXC 4T et la 300 EXC 2T.<br \/>\nPersonnellement, je trouve que d&rsquo;un point de vue performances et facilit\u00e9 de pilotage, il n&rsquo;y a pas de grosse diff\u00e9rence par rapport \u00e0\u00a0 la 500 et \u00e0\u00a0\u00a0la 300. Mais avec tout de m\u00eame un bas r\u00e9gime plus virulent, ce qui pour moi apporte une peu plus de fatigue.<\/p>\n<p>Elles sont efficaces, mais pour mon style de pilotage, je pr\u00e9f\u00e8re une moto douce \u00e0\u00a0 bas r\u00e9gime qui n&rsquo;arrache pas les bras et qui me donne une acc\u00e9l\u00e9ration lin\u00e9aire. Ce genre de performances, je les retrouve plus sur la 500 4T et la 300 2T qui g\u00e9n\u00e9ralement sont des motos qui font peur car, sur le papier, cela reste de grosses cylindr\u00e9es. Lors de vos prochains essais, n&rsquo;h\u00e9sitez pas \u00e0\u00a0 comparer. Vous m&rsquo;en direz des nouvelles!<\/p>\n<p id=\"[object]\">C&rsquo;est ind\u00e9niable, chez KTM, l&rsquo;enduriste a vraiment l&#8217;emabarras du choix!\u00a0Apr\u00e8s avoir pass\u00e9 une journ\u00e9e \u00e0\u00a0 tester tous\u00a0ces mod\u00e8les sur le m\u00eame parcours, je vous avoue que je saurais laquelle choisir&#8230; M\u00eame si, pour le championnat de Belgique, o\u00f9 les sp\u00e9ciales sont assez courtes et rarement\u00a0rapides, je partirais plut\u00f4t sur la 350 EXC 4T. Tout en restant convaincu qu&rsquo;une bonne 300 2T bien r\u00e9gl\u00e9e reste le meilleur compromis. Bref, un choix d\u00e9cidement\u00a0pas simple!\u00a0Un petit tour chez votre dealer KTM devrait\u00a0vous aider \u00e0\u00a0 y voir plus clair&#8230;<\/p>\n<p id=\"[object]\">Texte: Micha\u00ebl Despontin\u00a0| Photos: KTM<\/p>\n","protected":false},"excerpt":{"rendered":"<p>C&rsquo;est bien connu, en mati\u00e8re de machines d&rsquo;enduro, chez KTM, on a l&#8217;embarras du choix. Plus encore\u00a0avec l&rsquo;arriv\u00e9e de la gamme 2012\u00a0du constructeur autrichien et l&rsquo;apparition de la nouvelle 350 [&#8230;]<\/p>\n","protected":false},"author":932,"featured_media":0,"comment_status":"open","ping_status":"closed","sticky":false,"template":"","format":"standard","meta":{"footnotes":""},"categories":[54,32,37,59,1],"tags":[],"class_list":["post-11194","post","type-post","status-publish","format-standard","hentry","category-actualite","category-enduro","category-essais-enduro","category-essais-actualite","category-non-classe"],"yoast_head":"<!-- This site is optimized with the Yoast SEO plugin v27.4 - https:\/\/yoast.com\/product\/yoast-seo-wordpress\/ -->\n<title>Essai gamme KTM enduro 2012 | Les KTM 2012 enduro \u00e0\u00a0 l&#039;\u00e9preuve - Motocross - Enduro - Supermoto | MotocrossMag<\/title>\n<meta name=\"robots\" content=\"index, follow, max-snippet:-1, max-image-preview:large, max-video-preview:-1\" \/>\n<link rel=\"canonical\" href=\"https:\/\/fr.motocrossmag.be\/index.php\/2011\/07\/essai-gamme-ktm-enduro-2012-les-ktm-2012-enduro-a-lepreuve\/\" \/>\n<meta property=\"og:locale\" content=\"fr_FR\" \/>\n<meta property=\"og:type\" content=\"article\" \/>\n<meta property=\"og:title\" content=\"Essai gamme KTM enduro 2012 | Les KTM 2012 enduro \u00e0\u00a0 l&#039;\u00e9preuve - Motocross - Enduro - Supermoto | MotocrossMag\" \/>\n<meta property=\"og:description\" content=\"C&rsquo;est bien connu, en mati\u00e8re de machines d&rsquo;enduro, chez KTM, on a l&#8217;embarras du choix. Plus encore\u00a0avec l&rsquo;arriv\u00e9e de la gamme 2012\u00a0du constructeur autrichien et l&rsquo;apparition de la nouvelle 350 [...]\" \/>\n<meta property=\"og:url\" content=\"https:\/\/fr.motocrossmag.be\/index.php\/2011\/07\/essai-gamme-ktm-enduro-2012-les-ktm-2012-enduro-a-lepreuve\/\" \/>\n<meta property=\"og:site_name\" content=\"Motocross - Enduro - Supermoto | MotocrossMag\" \/>\n<meta property=\"article:published_time\" content=\"2011-07-30T16:38:01+00:00\" \/>\n<meta property=\"og:image\" content=\"http:\/\/fr.motocrossmag.be\/wp-content\/uploads\/2011\/07\/ktm_12_350excf_statique.jpg\" \/>\n<meta name=\"author\" content=\"oliviere\" \/>\n<meta name=\"twitter:card\" content=\"summary_large_image\" \/>\n<meta name=\"twitter:label1\" content=\"\u00c9crit par\" \/>\n\t<meta name=\"twitter:data1\" content=\"oliviere\" \/>\n\t<meta name=\"twitter:label2\" content=\"Dur\u00e9e de lecture estim\u00e9e\" \/>\n\t<meta name=\"twitter:data2\" content=\"10 minutes\" \/>\n<script type=\"application\/ld+json\" class=\"yoast-schema-graph\">{\"@context\":\"https:\\\/\\\/schema.org\",\"@graph\":[{\"@type\":\"Article\",\"@id\":\"https:\\\/\\\/fr.motocrossmag.be\\\/index.php\\\/2011\\\/07\\\/essai-gamme-ktm-enduro-2012-les-ktm-2012-enduro-a-lepreuve\\\/#article\",\"isPartOf\":{\"@id\":\"https:\\\/\\\/fr.motocrossmag.be\\\/index.php\\\/2011\\\/07\\\/essai-gamme-ktm-enduro-2012-les-ktm-2012-enduro-a-lepreuve\\\/\"},\"author\":{\"name\":\"oliviere\",\"@id\":\"https:\\\/\\\/fr.motocrossmag.be\\\/#\\\/schema\\\/person\\\/11b47143d9f755babca2c9110e03235c\"},\"headline\":\"Essai gamme KTM enduro 2012 | Les KTM 2012 enduro \u00e0\u00a0 l&rsquo;\u00e9preuve\",\"datePublished\":\"2011-07-30T16:38:01+00:00\",\"mainEntityOfPage\":{\"@id\":\"https:\\\/\\\/fr.motocrossmag.be\\\/index.php\\\/2011\\\/07\\\/essai-gamme-ktm-enduro-2012-les-ktm-2012-enduro-a-lepreuve\\\/\"},\"wordCount\":2184,\"commentCount\":0,\"image\":{\"@id\":\"https:\\\/\\\/fr.motocrossmag.be\\\/index.php\\\/2011\\\/07\\\/essai-gamme-ktm-enduro-2012-les-ktm-2012-enduro-a-lepreuve\\\/#primaryimage\"},\"thumbnailUrl\":\"http:\\\/\\\/fr.motocrossmag.be\\\/wp-content\\\/uploads\\\/2011\\\/07\\\/ktm_12_350excf_statique.jpg\",\"articleSection\":[\"Actualit\u00e9\",\"Enduro\",\"Essais\",\"Essais\"],\"inLanguage\":\"fr-FR\",\"potentialAction\":[{\"@type\":\"CommentAction\",\"name\":\"Comment\",\"target\":[\"https:\\\/\\\/fr.motocrossmag.be\\\/index.php\\\/2011\\\/07\\\/essai-gamme-ktm-enduro-2012-les-ktm-2012-enduro-a-lepreuve\\\/#respond\"]}]},{\"@type\":\"WebPage\",\"@id\":\"https:\\\/\\\/fr.motocrossmag.be\\\/index.php\\\/2011\\\/07\\\/essai-gamme-ktm-enduro-2012-les-ktm-2012-enduro-a-lepreuve\\\/\",\"url\":\"https:\\\/\\\/fr.motocrossmag.be\\\/index.php\\\/2011\\\/07\\\/essai-gamme-ktm-enduro-2012-les-ktm-2012-enduro-a-lepreuve\\\/\",\"name\":\"Essai gamme KTM enduro 2012 | Les KTM 2012 enduro \u00e0\u00a0 l'\u00e9preuve - Motocross - Enduro - Supermoto | MotocrossMag\",\"isPartOf\":{\"@id\":\"https:\\\/\\\/fr.motocrossmag.be\\\/#website\"},\"primaryImageOfPage\":{\"@id\":\"https:\\\/\\\/fr.motocrossmag.be\\\/index.php\\\/2011\\\/07\\\/essai-gamme-ktm-enduro-2012-les-ktm-2012-enduro-a-lepreuve\\\/#primaryimage\"},\"image\":{\"@id\":\"https:\\\/\\\/fr.motocrossmag.be\\\/index.php\\\/2011\\\/07\\\/essai-gamme-ktm-enduro-2012-les-ktm-2012-enduro-a-lepreuve\\\/#primaryimage\"},\"thumbnailUrl\":\"http:\\\/\\\/fr.motocrossmag.be\\\/wp-content\\\/uploads\\\/2011\\\/07\\\/ktm_12_350excf_statique.jpg\",\"datePublished\":\"2011-07-30T16:38:01+00:00\",\"author\":{\"@id\":\"https:\\\/\\\/fr.motocrossmag.be\\\/#\\\/schema\\\/person\\\/11b47143d9f755babca2c9110e03235c\"},\"breadcrumb\":{\"@id\":\"https:\\\/\\\/fr.motocrossmag.be\\\/index.php\\\/2011\\\/07\\\/essai-gamme-ktm-enduro-2012-les-ktm-2012-enduro-a-lepreuve\\\/#breadcrumb\"},\"inLanguage\":\"fr-FR\",\"potentialAction\":[{\"@type\":\"ReadAction\",\"target\":[\"https:\\\/\\\/fr.motocrossmag.be\\\/index.php\\\/2011\\\/07\\\/essai-gamme-ktm-enduro-2012-les-ktm-2012-enduro-a-lepreuve\\\/\"]}]},{\"@type\":\"ImageObject\",\"inLanguage\":\"fr-FR\",\"@id\":\"https:\\\/\\\/fr.motocrossmag.be\\\/index.php\\\/2011\\\/07\\\/essai-gamme-ktm-enduro-2012-les-ktm-2012-enduro-a-lepreuve\\\/#primaryimage\",\"url\":\"https:\\\/\\\/fr.motocrossmag.be\\\/wp-content\\\/uploads\\\/2011\\\/07\\\/ktm_12_350excf_statique.jpg\",\"contentUrl\":\"https:\\\/\\\/fr.motocrossmag.be\\\/wp-content\\\/uploads\\\/2011\\\/07\\\/ktm_12_350excf_statique.jpg\",\"width\":500,\"height\":332},{\"@type\":\"BreadcrumbList\",\"@id\":\"https:\\\/\\\/fr.motocrossmag.be\\\/index.php\\\/2011\\\/07\\\/essai-gamme-ktm-enduro-2012-les-ktm-2012-enduro-a-lepreuve\\\/#breadcrumb\",\"itemListElement\":[{\"@type\":\"ListItem\",\"position\":1,\"name\":\"Accueil\",\"item\":\"https:\\\/\\\/fr.motocrossmag.be\\\/\"},{\"@type\":\"ListItem\",\"position\":2,\"name\":\"Essai gamme KTM enduro 2012 | Les KTM 2012 enduro \u00e0\u00a0 l&rsquo;\u00e9preuve\"}]},{\"@type\":\"WebSite\",\"@id\":\"https:\\\/\\\/fr.motocrossmag.be\\\/#website\",\"url\":\"https:\\\/\\\/fr.motocrossmag.be\\\/\",\"name\":\"Motocross - Enduro - Supermoto | MotocrossMag\",\"description\":\"L&#039;actualit\u00e9 du motocross, de l&#039;enduro et du Supermoto en ligne!\",\"potentialAction\":[{\"@type\":\"SearchAction\",\"target\":{\"@type\":\"EntryPoint\",\"urlTemplate\":\"https:\\\/\\\/fr.motocrossmag.be\\\/?s={search_term_string}\"},\"query-input\":{\"@type\":\"PropertyValueSpecification\",\"valueRequired\":true,\"valueName\":\"search_term_string\"}}],\"inLanguage\":\"fr-FR\"},{\"@type\":\"Person\",\"@id\":\"https:\\\/\\\/fr.motocrossmag.be\\\/#\\\/schema\\\/person\\\/11b47143d9f755babca2c9110e03235c\",\"name\":\"oliviere\",\"image\":{\"@type\":\"ImageObject\",\"inLanguage\":\"fr-FR\",\"@id\":\"https:\\\/\\\/secure.gravatar.com\\\/avatar\\\/907069e0b81d119452040469e4a7501da1100f54f7f80180ce77bfab718288f6?s=96&d=mm&r=g\",\"url\":\"https:\\\/\\\/secure.gravatar.com\\\/avatar\\\/907069e0b81d119452040469e4a7501da1100f54f7f80180ce77bfab718288f6?s=96&d=mm&r=g\",\"contentUrl\":\"https:\\\/\\\/secure.gravatar.com\\\/avatar\\\/907069e0b81d119452040469e4a7501da1100f54f7f80180ce77bfab718288f6?s=96&d=mm&r=g\",\"caption\":\"oliviere\"},\"sameAs\":[\"http:\\\/\\\/www.motocrossmag.be\"],\"url\":\"https:\\\/\\\/fr.motocrossmag.be\\\/index.php\\\/author\\\/oliviere\\\/\"}]}<\/script>\n<!-- \/ Yoast SEO plugin. -->","yoast_head_json":{"title":"Essai gamme KTM enduro 2012 | Les KTM 2012 enduro \u00e0\u00a0 l'\u00e9preuve - Motocross - Enduro - Supermoto | MotocrossMag","robots":{"index":"index","follow":"follow","max-snippet":"max-snippet:-1","max-image-preview":"max-image-preview:large","max-video-preview":"max-video-preview:-1"},"canonical":"https:\/\/fr.motocrossmag.be\/index.php\/2011\/07\/essai-gamme-ktm-enduro-2012-les-ktm-2012-enduro-a-lepreuve\/","og_locale":"fr_FR","og_type":"article","og_title":"Essai gamme KTM enduro 2012 | Les KTM 2012 enduro \u00e0\u00a0 l'\u00e9preuve - Motocross - Enduro - Supermoto | MotocrossMag","og_description":"C&rsquo;est bien connu, en mati\u00e8re de machines d&rsquo;enduro, chez KTM, on a l&#8217;embarras du choix. Plus encore\u00a0avec l&rsquo;arriv\u00e9e de la gamme 2012\u00a0du constructeur autrichien et l&rsquo;apparition de la nouvelle 350 [...]","og_url":"https:\/\/fr.motocrossmag.be\/index.php\/2011\/07\/essai-gamme-ktm-enduro-2012-les-ktm-2012-enduro-a-lepreuve\/","og_site_name":"Motocross - Enduro - Supermoto | MotocrossMag","article_published_time":"2011-07-30T16:38:01+00:00","og_image":[{"url":"http:\/\/fr.motocrossmag.be\/wp-content\/uploads\/2011\/07\/ktm_12_350excf_statique.jpg","type":"","width":"","height":""}],"author":"oliviere","twitter_card":"summary_large_image","twitter_misc":{"\u00c9crit par":"oliviere","Dur\u00e9e de lecture estim\u00e9e":"10 minutes"},"schema":{"@context":"https:\/\/schema.org","@graph":[{"@type":"Article","@id":"https:\/\/fr.motocrossmag.be\/index.php\/2011\/07\/essai-gamme-ktm-enduro-2012-les-ktm-2012-enduro-a-lepreuve\/#article","isPartOf":{"@id":"https:\/\/fr.motocrossmag.be\/index.php\/2011\/07\/essai-gamme-ktm-enduro-2012-les-ktm-2012-enduro-a-lepreuve\/"},"author":{"name":"oliviere","@id":"https:\/\/fr.motocrossmag.be\/#\/schema\/person\/11b47143d9f755babca2c9110e03235c"},"headline":"Essai gamme KTM enduro 2012 | Les KTM 2012 enduro \u00e0\u00a0 l&rsquo;\u00e9preuve","datePublished":"2011-07-30T16:38:01+00:00","mainEntityOfPage":{"@id":"https:\/\/fr.motocrossmag.be\/index.php\/2011\/07\/essai-gamme-ktm-enduro-2012-les-ktm-2012-enduro-a-lepreuve\/"},"wordCount":2184,"commentCount":0,"image":{"@id":"https:\/\/fr.motocrossmag.be\/index.php\/2011\/07\/essai-gamme-ktm-enduro-2012-les-ktm-2012-enduro-a-lepreuve\/#primaryimage"},"thumbnailUrl":"http:\/\/fr.motocrossmag.be\/wp-content\/uploads\/2011\/07\/ktm_12_350excf_statique.jpg","articleSection":["Actualit\u00e9","Enduro","Essais","Essais"],"inLanguage":"fr-FR","potentialAction":[{"@type":"CommentAction","name":"Comment","target":["https:\/\/fr.motocrossmag.be\/index.php\/2011\/07\/essai-gamme-ktm-enduro-2012-les-ktm-2012-enduro-a-lepreuve\/#respond"]}]},{"@type":"WebPage","@id":"https:\/\/fr.motocrossmag.be\/index.php\/2011\/07\/essai-gamme-ktm-enduro-2012-les-ktm-2012-enduro-a-lepreuve\/","url":"https:\/\/fr.motocrossmag.be\/index.php\/2011\/07\/essai-gamme-ktm-enduro-2012-les-ktm-2012-enduro-a-lepreuve\/","name":"Essai gamme KTM enduro 2012 | Les KTM 2012 enduro \u00e0\u00a0 l'\u00e9preuve - Motocross - Enduro - Supermoto | MotocrossMag","isPartOf":{"@id":"https:\/\/fr.motocrossmag.be\/#website"},"primaryImageOfPage":{"@id":"https:\/\/fr.motocrossmag.be\/index.php\/2011\/07\/essai-gamme-ktm-enduro-2012-les-ktm-2012-enduro-a-lepreuve\/#primaryimage"},"image":{"@id":"https:\/\/fr.motocrossmag.be\/index.php\/2011\/07\/essai-gamme-ktm-enduro-2012-les-ktm-2012-enduro-a-lepreuve\/#primaryimage"},"thumbnailUrl":"http:\/\/fr.motocrossmag.be\/wp-content\/uploads\/2011\/07\/ktm_12_350excf_statique.jpg","datePublished":"2011-07-30T16:38:01+00:00","author":{"@id":"https:\/\/fr.motocrossmag.be\/#\/schema\/person\/11b47143d9f755babca2c9110e03235c"},"breadcrumb":{"@id":"https:\/\/fr.motocrossmag.be\/index.php\/2011\/07\/essai-gamme-ktm-enduro-2012-les-ktm-2012-enduro-a-lepreuve\/#breadcrumb"},"inLanguage":"fr-FR","potentialAction":[{"@type":"ReadAction","target":["https:\/\/fr.motocrossmag.be\/index.php\/2011\/07\/essai-gamme-ktm-enduro-2012-les-ktm-2012-enduro-a-lepreuve\/"]}]},{"@type":"ImageObject","inLanguage":"fr-FR","@id":"https:\/\/fr.motocrossmag.be\/index.php\/2011\/07\/essai-gamme-ktm-enduro-2012-les-ktm-2012-enduro-a-lepreuve\/#primaryimage","url":"https:\/\/fr.motocrossmag.be\/wp-content\/uploads\/2011\/07\/ktm_12_350excf_statique.jpg","contentUrl":"https:\/\/fr.motocrossmag.be\/wp-content\/uploads\/2011\/07\/ktm_12_350excf_statique.jpg","width":500,"height":332},{"@type":"BreadcrumbList","@id":"https:\/\/fr.motocrossmag.be\/index.php\/2011\/07\/essai-gamme-ktm-enduro-2012-les-ktm-2012-enduro-a-lepreuve\/#breadcrumb","itemListElement":[{"@type":"ListItem","position":1,"name":"Accueil","item":"https:\/\/fr.motocrossmag.be\/"},{"@type":"ListItem","position":2,"name":"Essai gamme KTM enduro 2012 | Les KTM 2012 enduro \u00e0\u00a0 l&rsquo;\u00e9preuve"}]},{"@type":"WebSite","@id":"https:\/\/fr.motocrossmag.be\/#website","url":"https:\/\/fr.motocrossmag.be\/","name":"Motocross - Enduro - Supermoto | MotocrossMag","description":"L&#039;actualit\u00e9 du motocross, de l&#039;enduro et du Supermoto en ligne!","potentialAction":[{"@type":"SearchAction","target":{"@type":"EntryPoint","urlTemplate":"https:\/\/fr.motocrossmag.be\/?s={search_term_string}"},"query-input":{"@type":"PropertyValueSpecification","valueRequired":true,"valueName":"search_term_string"}}],"inLanguage":"fr-FR"},{"@type":"Person","@id":"https:\/\/fr.motocrossmag.be\/#\/schema\/person\/11b47143d9f755babca2c9110e03235c","name":"oliviere","image":{"@type":"ImageObject","inLanguage":"fr-FR","@id":"https:\/\/secure.gravatar.com\/avatar\/907069e0b81d119452040469e4a7501da1100f54f7f80180ce77bfab718288f6?s=96&d=mm&r=g","url":"https:\/\/secure.gravatar.com\/avatar\/907069e0b81d119452040469e4a7501da1100f54f7f80180ce77bfab718288f6?s=96&d=mm&r=g","contentUrl":"https:\/\/secure.gravatar.com\/avatar\/907069e0b81d119452040469e4a7501da1100f54f7f80180ce77bfab718288f6?s=96&d=mm&r=g","caption":"oliviere"},"sameAs":["http:\/\/www.motocrossmag.be"],"url":"https:\/\/fr.motocrossmag.be\/index.php\/author\/oliviere\/"}]}},"_links":{"self":[{"href":"https:\/\/fr.motocrossmag.be\/index.php\/wp-json\/wp\/v2\/posts\/11194","targetHints":{"allow":["GET"]}}],"collection":[{"href":"https:\/\/fr.motocrossmag.be\/index.php\/wp-json\/wp\/v2\/posts"}],"about":[{"href":"https:\/\/fr.motocrossmag.be\/index.php\/wp-json\/wp\/v2\/types\/post"}],"author":[{"embeddable":true,"href":"https:\/\/fr.motocrossmag.be\/index.php\/wp-json\/wp\/v2\/users\/932"}],"replies":[{"embeddable":true,"href":"https:\/\/fr.motocrossmag.be\/index.php\/wp-json\/wp\/v2\/comments?post=11194"}],"version-history":[{"count":0,"href":"https:\/\/fr.motocrossmag.be\/index.php\/wp-json\/wp\/v2\/posts\/11194\/revisions"}],"wp:attachment":[{"href":"https:\/\/fr.motocrossmag.be\/index.php\/wp-json\/wp\/v2\/media?parent=11194"}],"wp:term":[{"taxonomy":"category","embeddable":true,"href":"https:\/\/fr.motocrossmag.be\/index.php\/wp-json\/wp\/v2\/categories?post=11194"},{"taxonomy":"post_tag","embeddable":true,"href":"https:\/\/fr.motocrossmag.be\/index.php\/wp-json\/wp\/v2\/tags?post=11194"}],"curies":[{"name":"wp","href":"https:\/\/api.w.org\/{rel}","templated":true}]}}