{"id":11196,"date":"2011-06-04T12:20:00","date_gmt":"2011-06-04T11:20:00","guid":{"rendered":"http:\/\/fr.motocrossmag.be\/?p=11196"},"modified":"2011-06-04T12:20:00","modified_gmt":"2011-06-04T11:20:00","slug":"motocross-mxgp-st-jean-dangely-gp-de-france-les-premieres-images","status":"publish","type":"post","link":"https:\/\/fr.motocrossmag.be\/index.php\/2011\/06\/motocross-mxgp-st-jean-dangely-gp-de-france-les-premieres-images\/","title":{"rendered":"Motocross MXGP &#8211; St-Jean d&rsquo;Ang\u00e9ly | GP de France: les premi\u00e8res images"},"content":{"rendered":"<p id=\"[object]\">Le circuit de Saint-Jean d&rsquo;Ang\u00e9ly, en France, est le th\u00e9\u00e0\u00a2tre ce week-end du 5\u00e8me round du championnat MXGP. Apr\u00e8s une tourn\u00e9e outremer dont Cl\u00e9ment Desalle et Ken Roczen sont revenus en ayant conserv\u00e9 leur plaque rouge de leaders dans leurs cat\u00e9gories respectives, le championnat du monde de motocross revient donc en Europe pour y entamer une s\u00e9rie de GP qui s&rsquo;annoncent d\u00e9terminants dans la course aux titres 2011. Premi\u00e8res images d&rsquo;un GP de France qui s&rsquo;annonce explosif sur la spectaculaire piste de Saint-Jean&#8230;<\/p>\n<p id=\"[object]\">Photos: CDS<\/p><div class=\"qjkmv6a9877447e117\" ><!-- \/91277017\/Inline-articles-mobile -->\n<div style=\"margin:auto; text-align:center !important\">\n<div id='div-gpt-ad-1784982661365-0' style='min-width: 250px; min-height: 75px;'>\n  <script>\n    googletag.cmd.push(function() { googletag.display('div-gpt-ad-1784982661365-0'); });\n  <\/script>\n<\/div><\/div><\/div><style type=\"text\/css\">\r\n.qjkmv6a9877447e117 {\r\nmargin-bottom:30px;margin-top:20px\r\n}\r\n@media screen and (min-width: 1201px) {\r\n.qjkmv6a9877447e117 {\r\ndisplay: block;\r\n}\r\n}\r\n@media screen and (min-width: 993px) and (max-width: 1200px) {\r\n.qjkmv6a9877447e117 {\r\ndisplay: block;\r\n}\r\n}\r\n@media screen and (min-width: 769px) and (max-width: 992px) {\r\n.qjkmv6a9877447e117 {\r\ndisplay: block;\r\n}\r\n}\r\n@media screen and (min-width: 768px) and (max-width: 768px) {\r\n.qjkmv6a9877447e117 {\r\ndisplay: block;\r\n}\r\n}\r\n@media screen and (max-width: 767px) {\r\n.qjkmv6a9877447e117 {\r\ndisplay: block;\r\n}\r\n}\r\n<\/style>\r\n\n<p id=\"[object]\"><a id=\"[object]\" rel=\"lightbox dia=1\" href=\"http:\/\/fr.motocrossmag.be\/wp-content\/uploads\/2011\/06\/_ds_0271.jpg\"><img decoding=\"async\" id=\"[object]\" class=\"alignnone size-thumbnail wp-image-11212\" title=\"_ds_0271\" src=\"http:\/\/fr.motocrossmag.be\/wp-content\/uploads\/2011\/06\/_ds_0271-150x150.jpg\" alt=\"\" width=\"150\" height=\"150\" \/><\/a>\u00a0\u00a0 <a id=\"[object]\" rel=\"lightbox dia=1\" href=\"http:\/\/fr.motocrossmag.be\/wp-content\/uploads\/2011\/06\/_ds_0278.jpg\"><img decoding=\"async\" id=\"[object]\" class=\"alignnone size-thumbnail wp-image-11211\" title=\"_ds_0278\" src=\"http:\/\/fr.motocrossmag.be\/wp-content\/uploads\/2011\/06\/_ds_0278-150x150.jpg\" alt=\"\" width=\"150\" height=\"150\" \/><\/a>\u00a0\u00a0 <a id=\"[object]\" rel=\"lightbox dia=1\" href=\"http:\/\/fr.motocrossmag.be\/wp-content\/uploads\/2011\/06\/_ds_0291.jpg\"><img decoding=\"async\" class=\"alignnone size-thumbnail wp-image-11210\" title=\"_ds_0291\" src=\"http:\/\/fr.motocrossmag.be\/wp-content\/uploads\/2011\/06\/_ds_0291-150x150.jpg\" alt=\"\" width=\"150\" height=\"150\" \/><\/a><br \/>\n<a id=\"[object]\" rel=\"lightbox dia=1\" href=\"http:\/\/fr.motocrossmag.be\/wp-content\/uploads\/2011\/06\/_ds_0413.jpg\"><img decoding=\"async\" class=\"alignnone size-thumbnail wp-image-11209\" title=\"_ds_0413\" src=\"http:\/\/fr.motocrossmag.be\/wp-content\/uploads\/2011\/06\/_ds_0413-150x150.jpg\" alt=\"\" width=\"150\" height=\"150\" \/><\/a>\u00a0\u00a0 <a id=\"[object]\" rel=\"lightbox dia=1\" href=\"http:\/\/fr.motocrossmag.be\/wp-content\/uploads\/2011\/06\/_ds_0423.jpg\"><img decoding=\"async\" class=\"alignnone size-thumbnail wp-image-11208\" title=\"_ds_0423\" src=\"http:\/\/fr.motocrossmag.be\/wp-content\/uploads\/2011\/06\/_ds_0423-150x150.jpg\" alt=\"\" width=\"150\" height=\"150\" \/><\/a>\u00a0\u00a0 <a id=\"[object]\" rel=\"lightbox dia=1\" href=\"http:\/\/fr.motocrossmag.be\/wp-content\/uploads\/2011\/06\/_ds_0435.jpg\"><img decoding=\"async\" class=\"alignnone size-thumbnail wp-image-11207\" title=\"_ds_0435\" src=\"http:\/\/fr.motocrossmag.be\/wp-content\/uploads\/2011\/06\/_ds_0435-150x150.jpg\" alt=\"\" width=\"150\" height=\"150\" \/><\/a><br \/>\n<a id=\"[object]\" rel=\"lightbox dia=1\" href=\"http:\/\/fr.motocrossmag.be\/wp-content\/uploads\/2011\/06\/_v7m9907.jpg\"><img decoding=\"async\" class=\"alignnone size-thumbnail wp-image-11206\" title=\"_v7m9907\" src=\"http:\/\/fr.motocrossmag.be\/wp-content\/uploads\/2011\/06\/_v7m9907-150x150.jpg\" alt=\"\" width=\"150\" height=\"150\" \/><\/a>\u00a0\u00a0 <a id=\"[object]\" rel=\"lightbox dia=1\" href=\"http:\/\/fr.motocrossmag.be\/wp-content\/uploads\/2011\/06\/_v7m9911.jpg\"><img decoding=\"async\" class=\"alignnone size-thumbnail wp-image-11205\" title=\"_v7m9911\" src=\"http:\/\/fr.motocrossmag.be\/wp-content\/uploads\/2011\/06\/_v7m9911-150x150.jpg\" alt=\"\" width=\"150\" height=\"150\" \/><\/a>\u00a0\u00a0 <a id=\"[object]\" rel=\"lightbox dia=1\" href=\"http:\/\/fr.motocrossmag.be\/wp-content\/uploads\/2011\/06\/_v7m9919.jpg\"><img decoding=\"async\" class=\"alignnone size-thumbnail wp-image-11204\" title=\"_v7m9919\" src=\"http:\/\/fr.motocrossmag.be\/wp-content\/uploads\/2011\/06\/_v7m9919-150x150.jpg\" alt=\"\" width=\"150\" height=\"150\" \/><\/a><br \/>\n<a id=\"[object]\" rel=\"lightbox dia=1\" href=\"http:\/\/fr.motocrossmag.be\/wp-content\/uploads\/2011\/06\/_v7m9925.jpg\"><img decoding=\"async\" class=\"alignnone size-thumbnail wp-image-11203\" title=\"_v7m9925\" src=\"http:\/\/fr.motocrossmag.be\/wp-content\/uploads\/2011\/06\/_v7m9925-150x150.jpg\" alt=\"\" width=\"150\" height=\"150\" \/><\/a>\u00a0\u00a0 <a id=\"[object]\" rel=\"lightbox dia=1\" href=\"http:\/\/fr.motocrossmag.be\/wp-content\/uploads\/2011\/06\/_v7m9937.jpg\"><img decoding=\"async\" class=\"alignnone size-thumbnail wp-image-11202\" title=\"_v7m9937\" src=\"http:\/\/fr.motocrossmag.be\/wp-content\/uploads\/2011\/06\/_v7m9937-150x150.jpg\" alt=\"\" width=\"150\" height=\"150\" \/><\/a>\u00a0\u00a0 <a id=\"[object]\" rel=\"lightbox dia=1\" href=\"http:\/\/fr.motocrossmag.be\/wp-content\/uploads\/2011\/06\/_v7m9948.jpg\"><img decoding=\"async\" class=\"alignnone size-thumbnail wp-image-11201\" title=\"_v7m9948\" src=\"http:\/\/fr.motocrossmag.be\/wp-content\/uploads\/2011\/06\/_v7m9948-150x150.jpg\" alt=\"\" width=\"150\" height=\"150\" \/><\/a><br \/>\n<a id=\"[object]\" rel=\"lightbox dia=1\" href=\"http:\/\/fr.motocrossmag.be\/wp-content\/uploads\/2011\/06\/_v7m9957.jpg\"><img decoding=\"async\" class=\"alignnone size-thumbnail wp-image-11200\" title=\"_v7m9957\" src=\"http:\/\/fr.motocrossmag.be\/wp-content\/uploads\/2011\/06\/_v7m9957-150x150.jpg\" alt=\"\" width=\"150\" height=\"150\" \/><\/a>\u00a0\u00a0 <a id=\"[object]\" rel=\"lightbox dia=1\" href=\"http:\/\/fr.motocrossmag.be\/wp-content\/uploads\/2011\/06\/_v7m9964.jpg\"><img decoding=\"async\" class=\"alignnone size-thumbnail wp-image-11199\" title=\"_v7m9964\" src=\"http:\/\/fr.motocrossmag.be\/wp-content\/uploads\/2011\/06\/_v7m9964-150x150.jpg\" alt=\"\" width=\"150\" height=\"150\" \/><\/a>\u00a0\u00a0 <a id=\"[object]\" rel=\"lightbox dia=1\" href=\"http:\/\/fr.motocrossmag.be\/wp-content\/uploads\/2011\/06\/_v7m9966.jpg\"><img decoding=\"async\" class=\"alignnone size-thumbnail wp-image-11198\" title=\"_v7m9966\" src=\"http:\/\/fr.motocrossmag.be\/wp-content\/uploads\/2011\/06\/_v7m9966-150x150.jpg\" alt=\"\" width=\"150\" height=\"150\" \/><\/a><br \/>\n<a id=\"[object]\" rel=\"lightbox dia=1\" href=\"http:\/\/fr.motocrossmag.be\/wp-content\/uploads\/2011\/06\/_v7m9979.jpg\"><img decoding=\"async\" class=\"alignnone size-thumbnail wp-image-11197\" title=\"_v7m9979\" src=\"http:\/\/fr.motocrossmag.be\/wp-content\/uploads\/2011\/06\/_v7m9979-150x150.jpg\" alt=\"\" width=\"150\" height=\"150\" \/><\/a><\/p>\n","protected":false},"excerpt":{"rendered":"<p>Le circuit de Saint-Jean d&rsquo;Ang\u00e9ly, en France, est le th\u00e9\u00e0\u00a2tre ce week-end du 5\u00e8me round du championnat MXGP. Apr\u00e8s une tourn\u00e9e outremer dont Cl\u00e9ment Desalle et Ken Roczen sont revenus en ayant conserv\u00e9 leur plaque rouge de leaders dans leurs cat\u00e9gories respectives, le championnat du monde de motocross revient donc en Europe pour y entamer [&hellip;]<\/p>\n","protected":false},"author":932,"featured_media":0,"comment_status":"open","ping_status":"closed","sticky":false,"template":"","format":"standard","meta":{"tdm_status":"","tdm_grid_status":"","footnotes":""},"categories":[4,6,66,65],"tags":[],"class_list":["post-11196","post","type-post","status-publish","format-standard","category-motocross","category-mx1mx2","category-photos","category-slideshow"],"yoast_head":"<!-- This site is optimized with the Yoast SEO plugin v28.4 - https:\/\/yoast.com\/product\/yoast-seo-wordpress\/ -->\n<title>Motocross MXGP - St-Jean d&#039;Ang\u00e9ly | GP de France: les premi\u00e8res images - Motocross - Enduro - Supermoto | MotocrossMag<\/title>\n<meta name=\"robots\" content=\"index, follow, max-snippet:-1, max-image-preview:large, max-video-preview:-1\" \/>\n<link rel=\"canonical\" href=\"https:\/\/fr.motocrossmag.be\/index.php\/2011\/06\/motocross-mxgp-st-jean-dangely-gp-de-france-les-premieres-images\/\" \/>\n<meta property=\"og:locale\" content=\"fr_FR\" \/>\n<meta property=\"og:type\" content=\"article\" \/>\n<meta property=\"og:title\" content=\"Motocross MXGP - St-Jean d&#039;Ang\u00e9ly | GP de France: les premi\u00e8res images - Motocross - Enduro - Supermoto | MotocrossMag\" \/>\n<meta property=\"og:description\" content=\"Le circuit de Saint-Jean d&rsquo;Ang\u00e9ly, en France, est le th\u00e9\u00e0\u00a2tre ce week-end du 5\u00e8me round du championnat MXGP. Apr\u00e8s une tourn\u00e9e outremer dont Cl\u00e9ment Desalle et Ken Roczen sont revenus en ayant conserv\u00e9 leur plaque rouge de leaders dans leurs cat\u00e9gories respectives, le championnat du monde de motocross revient donc en Europe pour y entamer [&hellip;]\" \/>\n<meta property=\"og:url\" content=\"https:\/\/fr.motocrossmag.be\/index.php\/2011\/06\/motocross-mxgp-st-jean-dangely-gp-de-france-les-premieres-images\/\" \/>\n<meta property=\"og:site_name\" content=\"Motocross - Enduro - Supermoto | MotocrossMag\" \/>\n<meta property=\"article:published_time\" content=\"2011-06-04T11:20:00+00:00\" \/>\n<meta property=\"og:image\" content=\"http:\/\/fr.motocrossmag.be\/wp-content\/uploads\/2011\/06\/_ds_0271-150x150.jpg\" \/>\n<meta name=\"author\" content=\"oliviere\" \/>\n<meta name=\"twitter:card\" content=\"summary_large_image\" \/>\n<meta name=\"twitter:label1\" content=\"\u00c9crit par\" \/>\n\t<meta name=\"twitter:data1\" content=\"oliviere\" \/>\n<script type=\"application\/ld+json\" class=\"yoast-schema-graph\">{\"@context\":\"https:\\\/\\\/schema.org\",\"@graph\":[{\"@type\":\"Article\",\"@id\":\"https:\\\/\\\/fr.motocrossmag.be\\\/index.php\\\/2011\\\/06\\\/motocross-mxgp-st-jean-dangely-gp-de-france-les-premieres-images\\\/#article\",\"isPartOf\":{\"@id\":\"https:\\\/\\\/fr.motocrossmag.be\\\/index.php\\\/2011\\\/06\\\/motocross-mxgp-st-jean-dangely-gp-de-france-les-premieres-images\\\/\"},\"author\":{\"name\":\"oliviere\",\"@id\":\"https:\\\/\\\/fr.motocrossmag.be\\\/#\\\/schema\\\/person\\\/11b47143d9f755babca2c9110e03235c\"},\"headline\":\"Motocross MXGP &#8211; St-Jean d&rsquo;Ang\u00e9ly | GP de France: les premi\u00e8res images\",\"datePublished\":\"2011-06-04T11:20:00+00:00\",\"mainEntityOfPage\":{\"@id\":\"https:\\\/\\\/fr.motocrossmag.be\\\/index.php\\\/2011\\\/06\\\/motocross-mxgp-st-jean-dangely-gp-de-france-les-premieres-images\\\/\"},\"wordCount\":111,\"commentCount\":0,\"image\":{\"@id\":\"https:\\\/\\\/fr.motocrossmag.be\\\/index.php\\\/2011\\\/06\\\/motocross-mxgp-st-jean-dangely-gp-de-france-les-premieres-images\\\/#primaryimage\"},\"thumbnailUrl\":\"http:\\\/\\\/fr.motocrossmag.be\\\/wp-content\\\/uploads\\\/2011\\\/06\\\/_ds_0271-150x150.jpg\",\"articleSection\":[\"Motocross\",\"Motocross MXGP\",\"Photos\",\"Slideshow\"],\"inLanguage\":\"fr-FR\",\"potentialAction\":[{\"@type\":\"CommentAction\",\"name\":\"Comment\",\"target\":[\"https:\\\/\\\/fr.motocrossmag.be\\\/index.php\\\/2011\\\/06\\\/motocross-mxgp-st-jean-dangely-gp-de-france-les-premieres-images\\\/#respond\"]}]},{\"@type\":\"WebPage\",\"@id\":\"https:\\\/\\\/fr.motocrossmag.be\\\/index.php\\\/2011\\\/06\\\/motocross-mxgp-st-jean-dangely-gp-de-france-les-premieres-images\\\/\",\"url\":\"https:\\\/\\\/fr.motocrossmag.be\\\/index.php\\\/2011\\\/06\\\/motocross-mxgp-st-jean-dangely-gp-de-france-les-premieres-images\\\/\",\"name\":\"Motocross MXGP - St-Jean d'Ang\u00e9ly | GP de France: les premi\u00e8res images - Motocross - Enduro - Supermoto | MotocrossMag\",\"isPartOf\":{\"@id\":\"https:\\\/\\\/fr.motocrossmag.be\\\/#website\"},\"primaryImageOfPage\":{\"@id\":\"https:\\\/\\\/fr.motocrossmag.be\\\/index.php\\\/2011\\\/06\\\/motocross-mxgp-st-jean-dangely-gp-de-france-les-premieres-images\\\/#primaryimage\"},\"image\":{\"@id\":\"https:\\\/\\\/fr.motocrossmag.be\\\/index.php\\\/2011\\\/06\\\/motocross-mxgp-st-jean-dangely-gp-de-france-les-premieres-images\\\/#primaryimage\"},\"thumbnailUrl\":\"http:\\\/\\\/fr.motocrossmag.be\\\/wp-content\\\/uploads\\\/2011\\\/06\\\/_ds_0271-150x150.jpg\",\"datePublished\":\"2011-06-04T11:20:00+00:00\",\"author\":{\"@id\":\"https:\\\/\\\/fr.motocrossmag.be\\\/#\\\/schema\\\/person\\\/11b47143d9f755babca2c9110e03235c\"},\"breadcrumb\":{\"@id\":\"https:\\\/\\\/fr.motocrossmag.be\\\/index.php\\\/2011\\\/06\\\/motocross-mxgp-st-jean-dangely-gp-de-france-les-premieres-images\\\/#breadcrumb\"},\"inLanguage\":\"fr-FR\",\"potentialAction\":[{\"@type\":\"ReadAction\",\"target\":[\"https:\\\/\\\/fr.motocrossmag.be\\\/index.php\\\/2011\\\/06\\\/motocross-mxgp-st-jean-dangely-gp-de-france-les-premieres-images\\\/\"]}]},{\"@type\":\"ImageObject\",\"inLanguage\":\"fr-FR\",\"@id\":\"https:\\\/\\\/fr.motocrossmag.be\\\/index.php\\\/2011\\\/06\\\/motocross-mxgp-st-jean-dangely-gp-de-france-les-premieres-images\\\/#primaryimage\",\"url\":\"https:\\\/\\\/fr.motocrossmag.be\\\/wp-content\\\/uploads\\\/2011\\\/06\\\/_ds_0271.jpg\",\"contentUrl\":\"https:\\\/\\\/fr.motocrossmag.be\\\/wp-content\\\/uploads\\\/2011\\\/06\\\/_ds_0271.jpg\",\"width\":800,\"height\":533},{\"@type\":\"BreadcrumbList\",\"@id\":\"https:\\\/\\\/fr.motocrossmag.be\\\/index.php\\\/2011\\\/06\\\/motocross-mxgp-st-jean-dangely-gp-de-france-les-premieres-images\\\/#breadcrumb\",\"itemListElement\":[{\"@type\":\"ListItem\",\"position\":1,\"name\":\"Accueil\",\"item\":\"https:\\\/\\\/fr.motocrossmag.be\\\/\"},{\"@type\":\"ListItem\",\"position\":2,\"name\":\"Motocross MXGP &#8211; St-Jean d&rsquo;Ang\u00e9ly | GP de France: les premi\u00e8res images\"}]},{\"@type\":\"WebSite\",\"@id\":\"https:\\\/\\\/fr.motocrossmag.be\\\/#website\",\"url\":\"https:\\\/\\\/fr.motocrossmag.be\\\/\",\"name\":\"Motocross - Enduro - Supermoto | MotocrossMag\",\"description\":\"L&#039;actualit\u00e9 du motocross, de l&#039;enduro et du Supermoto en ligne!\",\"potentialAction\":[{\"@type\":\"SearchAction\",\"target\":{\"@type\":\"EntryPoint\",\"urlTemplate\":\"https:\\\/\\\/fr.motocrossmag.be\\\/?s={search_term_string}\"},\"query-input\":{\"@type\":\"PropertyValueSpecification\",\"valueRequired\":true,\"valueName\":\"search_term_string\"}}],\"inLanguage\":\"fr-FR\"},{\"@type\":\"Person\",\"@id\":\"https:\\\/\\\/fr.motocrossmag.be\\\/#\\\/schema\\\/person\\\/11b47143d9f755babca2c9110e03235c\",\"name\":\"oliviere\",\"image\":{\"@type\":\"ImageObject\",\"inLanguage\":\"fr-FR\",\"@id\":\"https:\\\/\\\/secure.gravatar.com\\\/avatar\\\/907069e0b81d119452040469e4a7501da1100f54f7f80180ce77bfab718288f6?s=96&d=mm&r=g\",\"url\":\"https:\\\/\\\/secure.gravatar.com\\\/avatar\\\/907069e0b81d119452040469e4a7501da1100f54f7f80180ce77bfab718288f6?s=96&d=mm&r=g\",\"contentUrl\":\"https:\\\/\\\/secure.gravatar.com\\\/avatar\\\/907069e0b81d119452040469e4a7501da1100f54f7f80180ce77bfab718288f6?s=96&d=mm&r=g\",\"caption\":\"oliviere\"},\"sameAs\":[\"http:\\\/\\\/www.motocrossmag.be\"],\"url\":\"https:\\\/\\\/fr.motocrossmag.be\\\/index.php\\\/author\\\/oliviere\\\/\"}]}<\/script>\n<!-- \/ Yoast SEO plugin. -->","yoast_head_json":{"title":"Motocross MXGP - St-Jean d'Ang\u00e9ly | GP de France: les premi\u00e8res images - Motocross - Enduro - Supermoto | MotocrossMag","robots":{"index":"index","follow":"follow","max-snippet":"max-snippet:-1","max-image-preview":"max-image-preview:large","max-video-preview":"max-video-preview:-1"},"canonical":"https:\/\/fr.motocrossmag.be\/index.php\/2011\/06\/motocross-mxgp-st-jean-dangely-gp-de-france-les-premieres-images\/","og_locale":"fr_FR","og_type":"article","og_title":"Motocross MXGP - St-Jean d'Ang\u00e9ly | GP de France: les premi\u00e8res images - Motocross - Enduro - Supermoto | MotocrossMag","og_description":"Le circuit de Saint-Jean d&rsquo;Ang\u00e9ly, en France, est le th\u00e9\u00e0\u00a2tre ce week-end du 5\u00e8me round du championnat MXGP. Apr\u00e8s une tourn\u00e9e outremer dont Cl\u00e9ment Desalle et Ken Roczen sont revenus en ayant conserv\u00e9 leur plaque rouge de leaders dans leurs cat\u00e9gories respectives, le championnat du monde de motocross revient donc en Europe pour y entamer [&hellip;]","og_url":"https:\/\/fr.motocrossmag.be\/index.php\/2011\/06\/motocross-mxgp-st-jean-dangely-gp-de-france-les-premieres-images\/","og_site_name":"Motocross - Enduro - Supermoto | MotocrossMag","article_published_time":"2011-06-04T11:20:00+00:00","og_image":[{"url":"http:\/\/fr.motocrossmag.be\/wp-content\/uploads\/2011\/06\/_ds_0271-150x150.jpg","type":"","width":"","height":""}],"author":"oliviere","twitter_card":"summary_large_image","twitter_misc":{"\u00c9crit par":"oliviere"},"schema":{"@context":"https:\/\/schema.org","@graph":[{"@type":"Article","@id":"https:\/\/fr.motocrossmag.be\/index.php\/2011\/06\/motocross-mxgp-st-jean-dangely-gp-de-france-les-premieres-images\/#article","isPartOf":{"@id":"https:\/\/fr.motocrossmag.be\/index.php\/2011\/06\/motocross-mxgp-st-jean-dangely-gp-de-france-les-premieres-images\/"},"author":{"name":"oliviere","@id":"https:\/\/fr.motocrossmag.be\/#\/schema\/person\/11b47143d9f755babca2c9110e03235c"},"headline":"Motocross MXGP &#8211; St-Jean d&rsquo;Ang\u00e9ly | GP de France: les premi\u00e8res images","datePublished":"2011-06-04T11:20:00+00:00","mainEntityOfPage":{"@id":"https:\/\/fr.motocrossmag.be\/index.php\/2011\/06\/motocross-mxgp-st-jean-dangely-gp-de-france-les-premieres-images\/"},"wordCount":111,"commentCount":0,"image":{"@id":"https:\/\/fr.motocrossmag.be\/index.php\/2011\/06\/motocross-mxgp-st-jean-dangely-gp-de-france-les-premieres-images\/#primaryimage"},"thumbnailUrl":"http:\/\/fr.motocrossmag.be\/wp-content\/uploads\/2011\/06\/_ds_0271-150x150.jpg","articleSection":["Motocross","Motocross MXGP","Photos","Slideshow"],"inLanguage":"fr-FR","potentialAction":[{"@type":"CommentAction","name":"Comment","target":["https:\/\/fr.motocrossmag.be\/index.php\/2011\/06\/motocross-mxgp-st-jean-dangely-gp-de-france-les-premieres-images\/#respond"]}]},{"@type":"WebPage","@id":"https:\/\/fr.motocrossmag.be\/index.php\/2011\/06\/motocross-mxgp-st-jean-dangely-gp-de-france-les-premieres-images\/","url":"https:\/\/fr.motocrossmag.be\/index.php\/2011\/06\/motocross-mxgp-st-jean-dangely-gp-de-france-les-premieres-images\/","name":"Motocross MXGP - St-Jean d'Ang\u00e9ly | GP de France: les premi\u00e8res images - Motocross - Enduro - Supermoto | MotocrossMag","isPartOf":{"@id":"https:\/\/fr.motocrossmag.be\/#website"},"primaryImageOfPage":{"@id":"https:\/\/fr.motocrossmag.be\/index.php\/2011\/06\/motocross-mxgp-st-jean-dangely-gp-de-france-les-premieres-images\/#primaryimage"},"image":{"@id":"https:\/\/fr.motocrossmag.be\/index.php\/2011\/06\/motocross-mxgp-st-jean-dangely-gp-de-france-les-premieres-images\/#primaryimage"},"thumbnailUrl":"http:\/\/fr.motocrossmag.be\/wp-content\/uploads\/2011\/06\/_ds_0271-150x150.jpg","datePublished":"2011-06-04T11:20:00+00:00","author":{"@id":"https:\/\/fr.motocrossmag.be\/#\/schema\/person\/11b47143d9f755babca2c9110e03235c"},"breadcrumb":{"@id":"https:\/\/fr.motocrossmag.be\/index.php\/2011\/06\/motocross-mxgp-st-jean-dangely-gp-de-france-les-premieres-images\/#breadcrumb"},"inLanguage":"fr-FR","potentialAction":[{"@type":"ReadAction","target":["https:\/\/fr.motocrossmag.be\/index.php\/2011\/06\/motocross-mxgp-st-jean-dangely-gp-de-france-les-premieres-images\/"]}]},{"@type":"ImageObject","inLanguage":"fr-FR","@id":"https:\/\/fr.motocrossmag.be\/index.php\/2011\/06\/motocross-mxgp-st-jean-dangely-gp-de-france-les-premieres-images\/#primaryimage","url":"https:\/\/fr.motocrossmag.be\/wp-content\/uploads\/2011\/06\/_ds_0271.jpg","contentUrl":"https:\/\/fr.motocrossmag.be\/wp-content\/uploads\/2011\/06\/_ds_0271.jpg","width":800,"height":533},{"@type":"BreadcrumbList","@id":"https:\/\/fr.motocrossmag.be\/index.php\/2011\/06\/motocross-mxgp-st-jean-dangely-gp-de-france-les-premieres-images\/#breadcrumb","itemListElement":[{"@type":"ListItem","position":1,"name":"Accueil","item":"https:\/\/fr.motocrossmag.be\/"},{"@type":"ListItem","position":2,"name":"Motocross MXGP &#8211; St-Jean d&rsquo;Ang\u00e9ly | GP de France: les premi\u00e8res images"}]},{"@type":"WebSite","@id":"https:\/\/fr.motocrossmag.be\/#website","url":"https:\/\/fr.motocrossmag.be\/","name":"Motocross - Enduro - Supermoto | MotocrossMag","description":"L&#039;actualit\u00e9 du motocross, de l&#039;enduro et du Supermoto en ligne!","potentialAction":[{"@type":"SearchAction","target":{"@type":"EntryPoint","urlTemplate":"https:\/\/fr.motocrossmag.be\/?s={search_term_string}"},"query-input":{"@type":"PropertyValueSpecification","valueRequired":true,"valueName":"search_term_string"}}],"inLanguage":"fr-FR"},{"@type":"Person","@id":"https:\/\/fr.motocrossmag.be\/#\/schema\/person\/11b47143d9f755babca2c9110e03235c","name":"oliviere","image":{"@type":"ImageObject","inLanguage":"fr-FR","@id":"https:\/\/secure.gravatar.com\/avatar\/907069e0b81d119452040469e4a7501da1100f54f7f80180ce77bfab718288f6?s=96&d=mm&r=g","url":"https:\/\/secure.gravatar.com\/avatar\/907069e0b81d119452040469e4a7501da1100f54f7f80180ce77bfab718288f6?s=96&d=mm&r=g","contentUrl":"https:\/\/secure.gravatar.com\/avatar\/907069e0b81d119452040469e4a7501da1100f54f7f80180ce77bfab718288f6?s=96&d=mm&r=g","caption":"oliviere"},"sameAs":["http:\/\/www.motocrossmag.be"],"url":"https:\/\/fr.motocrossmag.be\/index.php\/author\/oliviere\/"}]}},"_links":{"self":[{"href":"https:\/\/fr.motocrossmag.be\/index.php\/wp-json\/wp\/v2\/posts\/11196","targetHints":{"allow":["GET"]}}],"collection":[{"href":"https:\/\/fr.motocrossmag.be\/index.php\/wp-json\/wp\/v2\/posts"}],"about":[{"href":"https:\/\/fr.motocrossmag.be\/index.php\/wp-json\/wp\/v2\/types\/post"}],"author":[{"embeddable":true,"href":"https:\/\/fr.motocrossmag.be\/index.php\/wp-json\/wp\/v2\/users\/932"}],"replies":[{"embeddable":true,"href":"https:\/\/fr.motocrossmag.be\/index.php\/wp-json\/wp\/v2\/comments?post=11196"}],"version-history":[{"count":0,"href":"https:\/\/fr.motocrossmag.be\/index.php\/wp-json\/wp\/v2\/posts\/11196\/revisions"}],"wp:attachment":[{"href":"https:\/\/fr.motocrossmag.be\/index.php\/wp-json\/wp\/v2\/media?parent=11196"}],"wp:term":[{"taxonomy":"category","embeddable":true,"href":"https:\/\/fr.motocrossmag.be\/index.php\/wp-json\/wp\/v2\/categories?post=11196"},{"taxonomy":"post_tag","embeddable":true,"href":"https:\/\/fr.motocrossmag.be\/index.php\/wp-json\/wp\/v2\/tags?post=11196"}],"curies":[{"name":"wp","href":"https:\/\/api.w.org\/{rel}","templated":true}]}}