{"id":112092,"date":"2021-08-19T09:36:18","date_gmt":"2021-08-19T07:36:18","guid":{"rendered":"http:\/\/fr.motocrossmag.be\/?p=112092"},"modified":"2021-08-19T09:36:18","modified_gmt":"2021-08-19T07:36:18","slug":"six-jours-denduro-les-teams-belges-annonces","status":"publish","type":"post","link":"https:\/\/fr.motocrossmag.be\/index.php\/2021\/08\/six-jours-denduro-les-teams-belges-annonces\/","title":{"rendered":"Six Jours d&rsquo;Enduro : les teams belges annonc\u00e9s"},"content":{"rendered":"<p><strong>Du 30 ao\u00fbt au 4 septembre, l&rsquo;Italie accueillera l&rsquo;\u00e9dition 2021 des c\u00e9l\u00e8bres Six Jours Internationaux d&rsquo;Enduro, le plus grand \u00e9v\u00e9nement au monde dans la discipline. Le coach f\u00e9d\u00e9ral Philippe Rorive vient d&rsquo;annoncer sa s\u00e9lection pour repr\u00e9senter la Belgique en Italie.<\/strong><\/p>\n<p>Bless\u00e9, Antoine Magain ne sera pas de la partie cette ann\u00e9e. Rorive a donc d\u00fb composer sans notre meilleur repr\u00e9sentant actuel sur le mondial enduro mais peut n\u00e9anmoins compter sur un solide quatuor avec Erik Willems, qui avait prouv\u00e9 en 2019 sa valeur sur une telle \u00e9preuve, Gauthier Lillo, Dietger Damiaens et Ludovic Bral.<\/p>\n<p>La Belgique alignera Lievens, Nijs et Vanderheyden dans la classe Junior tandis que 3 teams de club seront \u00e9galement au d\u00e9part. Au total, ce sont 15 pilotes qui porteront les couleurs noir\/jaune\/rouge en Italie du 30 ao\u00fbt au 4 septembre.<\/p>\n<p>&nbsp;<\/p>\n<p><strong>Trophy Team<\/strong><\/p>\n<table width=\"606\">\n<colgroup>\n<col width=\"80\" \/>\n<col span=\"2\" width=\"128\" \/>\n<col span=\"3\" width=\"90\" \/><\/colgroup>\n<tbody>\n<tr>\n<td class=\"xl80\" width=\"80\" height=\"20\">100<\/td>\n<td class=\"xl57\" width=\"160\">Ludovic Bral<\/td>\n<td class=\"xl57\" width=\"&quot;80\">E1<\/td>\n<td class=\"xl42\" width=\"90\">KTM<\/td>\n<td class=\"xl42\" width=\"90\"><\/td>\n<td class=\"xl42\" width=\"90\"><\/td>\n<\/tr>\n<tr>\n<td class=\"xl79\" height=\"20\">101<\/td>\n<td class=\"xl57\">Erik Willems<\/td>\n<td class=\"xl57\">E2<\/td>\n<td class=\"xl25\">Husqvarna<\/td>\n<td class=\"xl25\"><\/td>\n<td class=\"xl25\"><\/td>\n<\/tr>\n<tr>\n<td class=\"xl79\" height=\"20\">102<\/td>\n<td class=\"xl57\">Lillo Gauthier<\/td>\n<td class=\"xl57\">E2<\/td>\n<td class=\"xl25\">KTM<\/td>\n<td class=\"xl25\"><\/td>\n<td class=\"xl25\"><\/td>\n<\/tr>\n<tr>\n<td class=\"xl79\" height=\"20\">103<\/td>\n<td class=\"xl57\">Dietger Damiaens<\/td>\n<td class=\"xl57\">E3<\/td>\n<td class=\"xl25\">KTM<\/td>\n<td class=\"xl25\"><\/td>\n<td class=\"xl25\"><\/td>\n<\/tr>\n<\/tbody>\n<\/table>\n<p><strong>Junior Team<\/strong><\/p>\n<table width=\"606\">\n<colgroup>\n<col width=\"80\" \/>\n<col span=\"2\" width=\"128\" \/>\n<col span=\"3\" width=\"90\" \/><\/colgroup>\n<tbody>\n<tr>\n<td class=\"xl80\" width=\"80\" height=\"20\">104<\/td>\n<td class=\"xl57\" width=\"160\">Henson Lievens<\/td>\n<td class=\"xl57\" width=\"&quot;80\">E3<\/td>\n<td class=\"xl42\" width=\"90\">GASGAS<\/td>\n<td class=\"xl42\" width=\"90\"><\/td>\n<td class=\"xl42\" width=\"90\"><\/td>\n<\/tr>\n<tr>\n<td class=\"xl79\" height=\"20\">105<\/td>\n<td class=\"xl57\">Dante Nijs<\/td>\n<td class=\"xl57\">E1<\/td>\n<td class=\"xl25\">Beta<\/td>\n<td class=\"xl25\"><\/td>\n<td class=\"xl25\"><\/td>\n<\/tr>\n<tr>\n<td class=\"xl79\" height=\"20\">106<\/td>\n<td class=\"xl57\">Mika Vanderheyden<\/td>\n<td class=\"xl57\">E2<\/td>\n<td class=\"xl25\">Husqvarna<\/td>\n<td class=\"xl25\"><\/td>\n<td class=\"xl25\"><\/td>\n<\/tr>\n<\/tbody>\n<\/table>\n<p><strong>Club Team I<\/strong><\/p>\n<table width=\"606\">\n<colgroup>\n<col width=\"80\" \/>\n<col span=\"2\" width=\"128\" \/>\n<col span=\"3\" width=\"90\" \/><\/colgroup>\n<tbody>\n<tr>\n<td class=\"xl80\" width=\"80\" height=\"20\">471<\/td>\n<td class=\"xl57\" width=\"160\">Maxime Rorive<\/td>\n<td class=\"xl57\" width=\"&quot;80\"><\/td>\n<td class=\"xl42\" width=\"90\"><\/td>\n<td class=\"xl42\" width=\"90\"><\/td>\n<td class=\"xl42\" width=\"90\"><\/td>\n<\/tr>\n<tr>\n<td class=\"xl79\" height=\"20\">572<\/td>\n<td class=\"xl57\">Nicolas Vandommele<\/td>\n<td class=\"xl57\"><\/td>\n<td class=\"xl25\"><\/td>\n<td class=\"xl25\"><\/td>\n<td class=\"xl25\"><\/td>\n<\/tr>\n<tr>\n<td class=\"xl79\" height=\"20\">673<\/td>\n<td class=\"xl57\">Adrien Vandommele<\/td>\n<td class=\"xl57\"><\/td>\n<td class=\"xl25\"><\/td>\n<td class=\"xl25\"><\/td>\n<td class=\"xl25\"><\/td>\n<\/tr>\n<\/tbody>\n<\/table>\n<p><strong>Club Team II<\/strong><\/p>\n<table width=\"606\">\n<colgroup>\n<col width=\"80\" \/>\n<col span=\"2\" width=\"128\" \/>\n<col span=\"3\" width=\"90\" \/><\/colgroup>\n<tbody>\n<tr>\n<td class=\"xl80\" width=\"80\" height=\"20\">472<\/td>\n<td class=\"xl57\" width=\"160\">Quentin Vinken<\/td>\n<td class=\"xl57\" width=\"&quot;80\"><\/td>\n<td class=\"xl42\" width=\"90\"><\/td>\n<td class=\"xl42\" width=\"90\"><\/td>\n<td class=\"xl42\" width=\"90\"><\/td>\n<\/tr>\n<tr>\n<td class=\"xl79\" height=\"20\">572<\/td>\n<td class=\"xl57\">Mathieu Corteil<\/td>\n<td class=\"xl57\"><\/td>\n<td class=\"xl25\"><\/td>\n<td class=\"xl25\"><\/td>\n<td class=\"xl25\"><\/td>\n<\/tr>\n<tr>\n<td class=\"xl79\" height=\"20\">672<\/td>\n<td class=\"xl57\">Philippe Henrard<\/td>\n<td class=\"xl57\"><\/td>\n<td class=\"xl25\"><\/td>\n<td class=\"xl25\"><\/td>\n<td class=\"xl25\"><\/td>\n<\/tr>\n<\/tbody>\n<\/table>\n<p><strong>Club Team III<\/strong><\/p>\n<table width=\"606\">\n<colgroup>\n<col width=\"80\" \/>\n<col span=\"2\" width=\"128\" \/>\n<col span=\"3\" width=\"90\" \/><\/colgroup>\n<tbody>\n<tr>\n<td class=\"xl80\" width=\"80\" height=\"20\">473<\/td>\n<td class=\"xl57\" width=\"160\">Arthur Sente<\/td>\n<td class=\"xl57\" width=\"&quot;80\"><\/td>\n<td class=\"xl42\" width=\"90\"><\/td>\n<td class=\"xl42\" width=\"90\"><\/td>\n<td class=\"xl42\" width=\"90\"><\/td>\n<\/tr>\n<tr>\n<td class=\"xl79\" height=\"20\">573<\/td>\n<td class=\"xl57\">Nicolas Charlier<\/td>\n<td class=\"xl57\"><\/td>\n<td class=\"xl25\"><\/td>\n<td class=\"xl25\"><\/td>\n<td class=\"xl25\"><\/td>\n<\/tr>\n<tr>\n<td class=\"xl79\" height=\"20\"><\/td>\n<td class=\"xl57\"><\/td>\n<\/tr>\n<\/tbody>\n<\/table>\n","protected":false},"excerpt":{"rendered":"<p>Du 30 ao\u00fbt au 4 septembre, l&rsquo;Italie accueillera l&rsquo;\u00e9dition 2021 des c\u00e9l\u00e8bres Six Jours Internationaux d&rsquo;Enduro, le plus grand \u00e9v\u00e9nement au monde dans la discipline. Le coach f\u00e9d\u00e9ral Philippe Rorive [&#8230;]<\/p>\n","protected":false},"author":932,"featured_media":98998,"comment_status":"open","ping_status":"closed","sticky":false,"template":"","format":"standard","meta":{"footnotes":""},"categories":[54,32,1074,33,55,65],"tags":[1539,951,1351,1191,131],"class_list":["post-112092","post","type-post","status-publish","format-standard","has-post-thumbnail","hentry","category-actualite","category-enduro","category-isde","category-news-enduro","category-news-actualite","category-slideshow","tag-dietger-damiaens","tag-enduro","tag-erik-willems","tag-isde","tag-italie"],"yoast_head":"<!-- This site is optimized with the Yoast SEO plugin v27.4 - https:\/\/yoast.com\/product\/yoast-seo-wordpress\/ -->\n<title>Six Jours d&#039;Enduro : les teams belges annonc\u00e9s - Motocross - Enduro - Supermoto | MotocrossMag<\/title>\n<meta name=\"robots\" content=\"index, follow, max-snippet:-1, max-image-preview:large, max-video-preview:-1\" \/>\n<link rel=\"canonical\" href=\"https:\/\/fr.motocrossmag.be\/index.php\/2021\/08\/six-jours-denduro-les-teams-belges-annonces\/\" \/>\n<meta property=\"og:locale\" content=\"fr_FR\" \/>\n<meta property=\"og:type\" content=\"article\" \/>\n<meta property=\"og:title\" content=\"Six Jours d&#039;Enduro : les teams belges annonc\u00e9s - Motocross - Enduro - Supermoto | MotocrossMag\" \/>\n<meta property=\"og:description\" content=\"Du 30 ao\u00fbt au 4 septembre, l&rsquo;Italie accueillera l&rsquo;\u00e9dition 2021 des c\u00e9l\u00e8bres Six Jours Internationaux d&rsquo;Enduro, le plus grand \u00e9v\u00e9nement au monde dans la discipline. Le coach f\u00e9d\u00e9ral Philippe Rorive [...]\" \/>\n<meta property=\"og:url\" content=\"https:\/\/fr.motocrossmag.be\/index.php\/2021\/08\/six-jours-denduro-les-teams-belges-annonces\/\" \/>\n<meta property=\"og:site_name\" content=\"Motocross - Enduro - Supermoto | MotocrossMag\" \/>\n<meta property=\"article:published_time\" content=\"2021-08-19T07:36:18+00:00\" \/>\n<meta property=\"og:image\" content=\"https:\/\/fr.motocrossmag.be\/wp-content\/uploads\/2019\/11\/isde-team-belgium-day3.jpg\" \/>\n\t<meta property=\"og:image:width\" content=\"900\" \/>\n\t<meta property=\"og:image:height\" content=\"600\" \/>\n\t<meta property=\"og:image:type\" content=\"image\/jpeg\" \/>\n<meta name=\"author\" content=\"oliviere\" \/>\n<meta name=\"twitter:card\" content=\"summary_large_image\" \/>\n<meta name=\"twitter:label1\" content=\"\u00c9crit par\" \/>\n\t<meta name=\"twitter:data1\" content=\"oliviere\" \/>\n\t<meta name=\"twitter:label2\" content=\"Dur\u00e9e de lecture estim\u00e9e\" \/>\n\t<meta name=\"twitter:data2\" content=\"1 minute\" \/>\n<script type=\"application\/ld+json\" class=\"yoast-schema-graph\">{\"@context\":\"https:\\\/\\\/schema.org\",\"@graph\":[{\"@type\":\"Article\",\"@id\":\"https:\\\/\\\/fr.motocrossmag.be\\\/index.php\\\/2021\\\/08\\\/six-jours-denduro-les-teams-belges-annonces\\\/#article\",\"isPartOf\":{\"@id\":\"https:\\\/\\\/fr.motocrossmag.be\\\/index.php\\\/2021\\\/08\\\/six-jours-denduro-les-teams-belges-annonces\\\/\"},\"author\":{\"name\":\"oliviere\",\"@id\":\"https:\\\/\\\/fr.motocrossmag.be\\\/#\\\/schema\\\/person\\\/11b47143d9f755babca2c9110e03235c\"},\"headline\":\"Six Jours d&rsquo;Enduro : les teams belges annonc\u00e9s\",\"datePublished\":\"2021-08-19T07:36:18+00:00\",\"mainEntityOfPage\":{\"@id\":\"https:\\\/\\\/fr.motocrossmag.be\\\/index.php\\\/2021\\\/08\\\/six-jours-denduro-les-teams-belges-annonces\\\/\"},\"wordCount\":212,\"commentCount\":0,\"image\":{\"@id\":\"https:\\\/\\\/fr.motocrossmag.be\\\/index.php\\\/2021\\\/08\\\/six-jours-denduro-les-teams-belges-annonces\\\/#primaryimage\"},\"thumbnailUrl\":\"https:\\\/\\\/fr.motocrossmag.be\\\/wp-content\\\/uploads\\\/2019\\\/11\\\/isde-team-belgium-day3.jpg\",\"keywords\":[\"dietger damiaens\",\"Enduro\",\"erik willems\",\"isde\",\"italie\"],\"articleSection\":[\"Actualit\u00e9\",\"Enduro\",\"ISDE\",\"News\",\"News\",\"Slideshow\"],\"inLanguage\":\"fr-FR\",\"potentialAction\":[{\"@type\":\"CommentAction\",\"name\":\"Comment\",\"target\":[\"https:\\\/\\\/fr.motocrossmag.be\\\/index.php\\\/2021\\\/08\\\/six-jours-denduro-les-teams-belges-annonces\\\/#respond\"]}]},{\"@type\":\"WebPage\",\"@id\":\"https:\\\/\\\/fr.motocrossmag.be\\\/index.php\\\/2021\\\/08\\\/six-jours-denduro-les-teams-belges-annonces\\\/\",\"url\":\"https:\\\/\\\/fr.motocrossmag.be\\\/index.php\\\/2021\\\/08\\\/six-jours-denduro-les-teams-belges-annonces\\\/\",\"name\":\"Six Jours d'Enduro : les teams belges annonc\u00e9s - Motocross - Enduro - Supermoto | MotocrossMag\",\"isPartOf\":{\"@id\":\"https:\\\/\\\/fr.motocrossmag.be\\\/#website\"},\"primaryImageOfPage\":{\"@id\":\"https:\\\/\\\/fr.motocrossmag.be\\\/index.php\\\/2021\\\/08\\\/six-jours-denduro-les-teams-belges-annonces\\\/#primaryimage\"},\"image\":{\"@id\":\"https:\\\/\\\/fr.motocrossmag.be\\\/index.php\\\/2021\\\/08\\\/six-jours-denduro-les-teams-belges-annonces\\\/#primaryimage\"},\"thumbnailUrl\":\"https:\\\/\\\/fr.motocrossmag.be\\\/wp-content\\\/uploads\\\/2019\\\/11\\\/isde-team-belgium-day3.jpg\",\"datePublished\":\"2021-08-19T07:36:18+00:00\",\"author\":{\"@id\":\"https:\\\/\\\/fr.motocrossmag.be\\\/#\\\/schema\\\/person\\\/11b47143d9f755babca2c9110e03235c\"},\"breadcrumb\":{\"@id\":\"https:\\\/\\\/fr.motocrossmag.be\\\/index.php\\\/2021\\\/08\\\/six-jours-denduro-les-teams-belges-annonces\\\/#breadcrumb\"},\"inLanguage\":\"fr-FR\",\"potentialAction\":[{\"@type\":\"ReadAction\",\"target\":[\"https:\\\/\\\/fr.motocrossmag.be\\\/index.php\\\/2021\\\/08\\\/six-jours-denduro-les-teams-belges-annonces\\\/\"]}]},{\"@type\":\"ImageObject\",\"inLanguage\":\"fr-FR\",\"@id\":\"https:\\\/\\\/fr.motocrossmag.be\\\/index.php\\\/2021\\\/08\\\/six-jours-denduro-les-teams-belges-annonces\\\/#primaryimage\",\"url\":\"https:\\\/\\\/fr.motocrossmag.be\\\/wp-content\\\/uploads\\\/2019\\\/11\\\/isde-team-belgium-day3.jpg\",\"contentUrl\":\"https:\\\/\\\/fr.motocrossmag.be\\\/wp-content\\\/uploads\\\/2019\\\/11\\\/isde-team-belgium-day3.jpg\",\"width\":900,\"height\":600},{\"@type\":\"BreadcrumbList\",\"@id\":\"https:\\\/\\\/fr.motocrossmag.be\\\/index.php\\\/2021\\\/08\\\/six-jours-denduro-les-teams-belges-annonces\\\/#breadcrumb\",\"itemListElement\":[{\"@type\":\"ListItem\",\"position\":1,\"name\":\"Accueil\",\"item\":\"https:\\\/\\\/fr.motocrossmag.be\\\/\"},{\"@type\":\"ListItem\",\"position\":2,\"name\":\"Six Jours d&rsquo;Enduro : les teams belges annonc\u00e9s\"}]},{\"@type\":\"WebSite\",\"@id\":\"https:\\\/\\\/fr.motocrossmag.be\\\/#website\",\"url\":\"https:\\\/\\\/fr.motocrossmag.be\\\/\",\"name\":\"Motocross - Enduro - Supermoto | MotocrossMag\",\"description\":\"L&#039;actualit\u00e9 du motocross, de l&#039;enduro et du Supermoto en ligne!\",\"potentialAction\":[{\"@type\":\"SearchAction\",\"target\":{\"@type\":\"EntryPoint\",\"urlTemplate\":\"https:\\\/\\\/fr.motocrossmag.be\\\/?s={search_term_string}\"},\"query-input\":{\"@type\":\"PropertyValueSpecification\",\"valueRequired\":true,\"valueName\":\"search_term_string\"}}],\"inLanguage\":\"fr-FR\"},{\"@type\":\"Person\",\"@id\":\"https:\\\/\\\/fr.motocrossmag.be\\\/#\\\/schema\\\/person\\\/11b47143d9f755babca2c9110e03235c\",\"name\":\"oliviere\",\"image\":{\"@type\":\"ImageObject\",\"inLanguage\":\"fr-FR\",\"@id\":\"https:\\\/\\\/secure.gravatar.com\\\/avatar\\\/907069e0b81d119452040469e4a7501da1100f54f7f80180ce77bfab718288f6?s=96&d=mm&r=g\",\"url\":\"https:\\\/\\\/secure.gravatar.com\\\/avatar\\\/907069e0b81d119452040469e4a7501da1100f54f7f80180ce77bfab718288f6?s=96&d=mm&r=g\",\"contentUrl\":\"https:\\\/\\\/secure.gravatar.com\\\/avatar\\\/907069e0b81d119452040469e4a7501da1100f54f7f80180ce77bfab718288f6?s=96&d=mm&r=g\",\"caption\":\"oliviere\"},\"sameAs\":[\"http:\\\/\\\/www.motocrossmag.be\"],\"url\":\"https:\\\/\\\/fr.motocrossmag.be\\\/index.php\\\/author\\\/oliviere\\\/\"}]}<\/script>\n<!-- \/ Yoast SEO plugin. -->","yoast_head_json":{"title":"Six Jours d'Enduro : les teams belges annonc\u00e9s - Motocross - Enduro - Supermoto | MotocrossMag","robots":{"index":"index","follow":"follow","max-snippet":"max-snippet:-1","max-image-preview":"max-image-preview:large","max-video-preview":"max-video-preview:-1"},"canonical":"https:\/\/fr.motocrossmag.be\/index.php\/2021\/08\/six-jours-denduro-les-teams-belges-annonces\/","og_locale":"fr_FR","og_type":"article","og_title":"Six Jours d'Enduro : les teams belges annonc\u00e9s - Motocross - Enduro - Supermoto | MotocrossMag","og_description":"Du 30 ao\u00fbt au 4 septembre, l&rsquo;Italie accueillera l&rsquo;\u00e9dition 2021 des c\u00e9l\u00e8bres Six Jours Internationaux d&rsquo;Enduro, le plus grand \u00e9v\u00e9nement au monde dans la discipline. Le coach f\u00e9d\u00e9ral Philippe Rorive [...]","og_url":"https:\/\/fr.motocrossmag.be\/index.php\/2021\/08\/six-jours-denduro-les-teams-belges-annonces\/","og_site_name":"Motocross - Enduro - Supermoto | MotocrossMag","article_published_time":"2021-08-19T07:36:18+00:00","og_image":[{"width":900,"height":600,"url":"https:\/\/fr.motocrossmag.be\/wp-content\/uploads\/2019\/11\/isde-team-belgium-day3.jpg","type":"image\/jpeg"}],"author":"oliviere","twitter_card":"summary_large_image","twitter_misc":{"\u00c9crit par":"oliviere","Dur\u00e9e de lecture estim\u00e9e":"1 minute"},"schema":{"@context":"https:\/\/schema.org","@graph":[{"@type":"Article","@id":"https:\/\/fr.motocrossmag.be\/index.php\/2021\/08\/six-jours-denduro-les-teams-belges-annonces\/#article","isPartOf":{"@id":"https:\/\/fr.motocrossmag.be\/index.php\/2021\/08\/six-jours-denduro-les-teams-belges-annonces\/"},"author":{"name":"oliviere","@id":"https:\/\/fr.motocrossmag.be\/#\/schema\/person\/11b47143d9f755babca2c9110e03235c"},"headline":"Six Jours d&rsquo;Enduro : les teams belges annonc\u00e9s","datePublished":"2021-08-19T07:36:18+00:00","mainEntityOfPage":{"@id":"https:\/\/fr.motocrossmag.be\/index.php\/2021\/08\/six-jours-denduro-les-teams-belges-annonces\/"},"wordCount":212,"commentCount":0,"image":{"@id":"https:\/\/fr.motocrossmag.be\/index.php\/2021\/08\/six-jours-denduro-les-teams-belges-annonces\/#primaryimage"},"thumbnailUrl":"https:\/\/fr.motocrossmag.be\/wp-content\/uploads\/2019\/11\/isde-team-belgium-day3.jpg","keywords":["dietger damiaens","Enduro","erik willems","isde","italie"],"articleSection":["Actualit\u00e9","Enduro","ISDE","News","News","Slideshow"],"inLanguage":"fr-FR","potentialAction":[{"@type":"CommentAction","name":"Comment","target":["https:\/\/fr.motocrossmag.be\/index.php\/2021\/08\/six-jours-denduro-les-teams-belges-annonces\/#respond"]}]},{"@type":"WebPage","@id":"https:\/\/fr.motocrossmag.be\/index.php\/2021\/08\/six-jours-denduro-les-teams-belges-annonces\/","url":"https:\/\/fr.motocrossmag.be\/index.php\/2021\/08\/six-jours-denduro-les-teams-belges-annonces\/","name":"Six Jours d'Enduro : les teams belges annonc\u00e9s - Motocross - Enduro - Supermoto | MotocrossMag","isPartOf":{"@id":"https:\/\/fr.motocrossmag.be\/#website"},"primaryImageOfPage":{"@id":"https:\/\/fr.motocrossmag.be\/index.php\/2021\/08\/six-jours-denduro-les-teams-belges-annonces\/#primaryimage"},"image":{"@id":"https:\/\/fr.motocrossmag.be\/index.php\/2021\/08\/six-jours-denduro-les-teams-belges-annonces\/#primaryimage"},"thumbnailUrl":"https:\/\/fr.motocrossmag.be\/wp-content\/uploads\/2019\/11\/isde-team-belgium-day3.jpg","datePublished":"2021-08-19T07:36:18+00:00","author":{"@id":"https:\/\/fr.motocrossmag.be\/#\/schema\/person\/11b47143d9f755babca2c9110e03235c"},"breadcrumb":{"@id":"https:\/\/fr.motocrossmag.be\/index.php\/2021\/08\/six-jours-denduro-les-teams-belges-annonces\/#breadcrumb"},"inLanguage":"fr-FR","potentialAction":[{"@type":"ReadAction","target":["https:\/\/fr.motocrossmag.be\/index.php\/2021\/08\/six-jours-denduro-les-teams-belges-annonces\/"]}]},{"@type":"ImageObject","inLanguage":"fr-FR","@id":"https:\/\/fr.motocrossmag.be\/index.php\/2021\/08\/six-jours-denduro-les-teams-belges-annonces\/#primaryimage","url":"https:\/\/fr.motocrossmag.be\/wp-content\/uploads\/2019\/11\/isde-team-belgium-day3.jpg","contentUrl":"https:\/\/fr.motocrossmag.be\/wp-content\/uploads\/2019\/11\/isde-team-belgium-day3.jpg","width":900,"height":600},{"@type":"BreadcrumbList","@id":"https:\/\/fr.motocrossmag.be\/index.php\/2021\/08\/six-jours-denduro-les-teams-belges-annonces\/#breadcrumb","itemListElement":[{"@type":"ListItem","position":1,"name":"Accueil","item":"https:\/\/fr.motocrossmag.be\/"},{"@type":"ListItem","position":2,"name":"Six Jours d&rsquo;Enduro : les teams belges annonc\u00e9s"}]},{"@type":"WebSite","@id":"https:\/\/fr.motocrossmag.be\/#website","url":"https:\/\/fr.motocrossmag.be\/","name":"Motocross - Enduro - Supermoto | MotocrossMag","description":"L&#039;actualit\u00e9 du motocross, de l&#039;enduro et du Supermoto en ligne!","potentialAction":[{"@type":"SearchAction","target":{"@type":"EntryPoint","urlTemplate":"https:\/\/fr.motocrossmag.be\/?s={search_term_string}"},"query-input":{"@type":"PropertyValueSpecification","valueRequired":true,"valueName":"search_term_string"}}],"inLanguage":"fr-FR"},{"@type":"Person","@id":"https:\/\/fr.motocrossmag.be\/#\/schema\/person\/11b47143d9f755babca2c9110e03235c","name":"oliviere","image":{"@type":"ImageObject","inLanguage":"fr-FR","@id":"https:\/\/secure.gravatar.com\/avatar\/907069e0b81d119452040469e4a7501da1100f54f7f80180ce77bfab718288f6?s=96&d=mm&r=g","url":"https:\/\/secure.gravatar.com\/avatar\/907069e0b81d119452040469e4a7501da1100f54f7f80180ce77bfab718288f6?s=96&d=mm&r=g","contentUrl":"https:\/\/secure.gravatar.com\/avatar\/907069e0b81d119452040469e4a7501da1100f54f7f80180ce77bfab718288f6?s=96&d=mm&r=g","caption":"oliviere"},"sameAs":["http:\/\/www.motocrossmag.be"],"url":"https:\/\/fr.motocrossmag.be\/index.php\/author\/oliviere\/"}]}},"_links":{"self":[{"href":"https:\/\/fr.motocrossmag.be\/index.php\/wp-json\/wp\/v2\/posts\/112092","targetHints":{"allow":["GET"]}}],"collection":[{"href":"https:\/\/fr.motocrossmag.be\/index.php\/wp-json\/wp\/v2\/posts"}],"about":[{"href":"https:\/\/fr.motocrossmag.be\/index.php\/wp-json\/wp\/v2\/types\/post"}],"author":[{"embeddable":true,"href":"https:\/\/fr.motocrossmag.be\/index.php\/wp-json\/wp\/v2\/users\/932"}],"replies":[{"embeddable":true,"href":"https:\/\/fr.motocrossmag.be\/index.php\/wp-json\/wp\/v2\/comments?post=112092"}],"version-history":[{"count":0,"href":"https:\/\/fr.motocrossmag.be\/index.php\/wp-json\/wp\/v2\/posts\/112092\/revisions"}],"wp:featuredmedia":[{"embeddable":true,"href":"https:\/\/fr.motocrossmag.be\/index.php\/wp-json\/wp\/v2\/media\/98998"}],"wp:attachment":[{"href":"https:\/\/fr.motocrossmag.be\/index.php\/wp-json\/wp\/v2\/media?parent=112092"}],"wp:term":[{"taxonomy":"category","embeddable":true,"href":"https:\/\/fr.motocrossmag.be\/index.php\/wp-json\/wp\/v2\/categories?post=112092"},{"taxonomy":"post_tag","embeddable":true,"href":"https:\/\/fr.motocrossmag.be\/index.php\/wp-json\/wp\/v2\/tags?post=112092"}],"curies":[{"name":"wp","href":"https:\/\/api.w.org\/{rel}","templated":true}]}}