{"id":112155,"date":"2021-08-29T14:24:42","date_gmt":"2021-08-29T12:24:42","guid":{"rendered":"http:\/\/fr.motocrossmag.be\/?p=112155"},"modified":"2021-08-29T14:24:42","modified_gmt":"2021-08-29T12:24:42","slug":"les-95emes-six-jours-internationaux-denduro-prennent-leur-envol-ce-lundi","status":"publish","type":"post","link":"https:\/\/fr.motocrossmag.be\/index.php\/2021\/08\/les-95emes-six-jours-internationaux-denduro-prennent-leur-envol-ce-lundi\/","title":{"rendered":"Les 95\u00e8mes Six Jours Internationaux d&rsquo;Enduro prennent leur envol ce lundi"},"content":{"rendered":"<p><strong>Ce lundi prochain, un an plus tard que pr\u00e9vu, la 95\u00e8me \u00e9dition des International Six Days of Enduro, ou ISDE en abr\u00e9g\u00e9, prendra son envol en Italie. L&rsquo;\u00e9v\u00e9nement est \u00e0 l&rsquo;enduro ce que repr\u00e9sente le MX des Nations au motocross et est \u00e0 ce titre le plus grand \u00e9v\u00e9nement au monde dans la discipline. Plus de 600 pilotes issus des quatre coins du monde sont attendus pour en d\u00e9coudre au cours de 6 longues journ\u00e9es d&rsquo;enduro. Parmi eux, une d\u00e9l\u00e9gation belge compos\u00e9e de 15 pilotes mais aussi de nombreux (ex-)crossmen.<\/strong><\/p>\n<p><img decoding=\"async\" class=\"lazyload aligncenter size-full wp-image-99025\" src=\"http:\/\/fr.motocrossmag.be\/wp-content\/uploads\/2019\/11\/Day4_FIM_ISDE_2019_Portimao_015.jpg\" data-orig-src=\"http:\/\/fr.motocrossmag.be\/wp-content\/uploads\/2019\/11\/Day4_FIM_ISDE_2019_Portimao_015.jpg\" alt=\"\" width=\"1000\" height=\"666\" srcset=\"data:image\/svg+xml,%3Csvg%20xmlns%3D%27http%3A%2F%2Fwww.w3.org%2F2000%2Fsvg%27%20width%3D%271000%27%20height%3D%27666%27%20viewBox%3D%270%200%201000%20666%27%3E%3Crect%20width%3D%271000%27%20height%3D%27666%27%20fill-opacity%3D%220%22%2F%3E%3C%2Fsvg%3E\" data-srcset=\"https:\/\/fr.motocrossmag.be\/wp-content\/uploads\/2019\/11\/Day4_FIM_ISDE_2019_Portimao_015-650x433.jpg 650w, https:\/\/fr.motocrossmag.be\/wp-content\/uploads\/2019\/11\/Day4_FIM_ISDE_2019_Portimao_015-768x511.jpg 768w, https:\/\/fr.motocrossmag.be\/wp-content\/uploads\/2019\/11\/Day4_FIM_ISDE_2019_Portimao_015.jpg 1000w\" data-sizes=\"auto\" data-orig-sizes=\"(max-width: 1000px) 100vw, 1000px\" \/><\/p>\n<p>Beaucoup crossmen actifs ou jeunes retrait\u00e9s sur la liste des 620 participants \u00e0 ces 95\u00e8mes ISDE en effet, avec le polyvalent Ryan Sipes et les anciens top-pilotes Davide Guarnieri, Rui Goncalves, Luis Olievra et Toomas Triisa. Le Canadien Tyler Medaglia a quant \u00e0 lui \u00e9t\u00e9 s\u00e9lectionn\u00e9 tant pour les Six Jours que pour le MX des Nations.<\/p>\n<p>Notre s\u00e9lection belge compte \u00e9galement un grand nombre d&rsquo;anciens pilotes de cross avec Dietger Damiaens et Erik Willems comme les plus connus, mais Ludovic Bral, Gauthier Lillo, Dante Nijs, Henson Lievens et Mika Vanderheyden ont \u00e9galement fait leurs armes en MX. Ce sont nos sept s\u00e9lectionn\u00e9s pour le classement par pays. Les quatre premiers dans l&rsquo;\u00e9quipe Trophy, les autres chez les juniors (moins de 23 ans). Ce doit \u00eatre la plus jeune s\u00e9lection belge qu&rsquo;on ait eu sur les Six Jours. Cinq des sept pilotes ont moins de 23 ans. Ce qui a longtemps \u00e9t\u00e9 consid\u00e9r\u00e9 comme un sport pour les pilotes sur le chemin du retour \u00e9volue rapidement.<\/p>\n<p>La Hollande a \u00e9galement opt\u00e9 pour le rajeunissement avec un m\u00e9lange de valeurs \u00e9tablies et de jeunes talents. Pour la premi\u00e8re fois depuis des ann\u00e9es, les Pays-Bas envoient \u00e9galement une \u00e9quipe junior.<\/p>\n<p><img decoding=\"async\" class=\"lazyload aligncenter size-full wp-image-98958\" src=\"http:\/\/fr.motocrossmag.be\/wp-content\/uploads\/2019\/11\/Day2_FIM_ISDE_2019__036.jpg\" data-orig-src=\"http:\/\/fr.motocrossmag.be\/wp-content\/uploads\/2019\/11\/Day2_FIM_ISDE_2019__036.jpg\" alt=\"\" width=\"1000\" height=\"666\" srcset=\"data:image\/svg+xml,%3Csvg%20xmlns%3D%27http%3A%2F%2Fwww.w3.org%2F2000%2Fsvg%27%20width%3D%271000%27%20height%3D%27666%27%20viewBox%3D%270%200%201000%20666%27%3E%3Crect%20width%3D%271000%27%20height%3D%27666%27%20fill-opacity%3D%220%22%2F%3E%3C%2Fsvg%3E\" data-srcset=\"https:\/\/fr.motocrossmag.be\/wp-content\/uploads\/2019\/11\/Day2_FIM_ISDE_2019__036-650x433.jpg 650w, https:\/\/fr.motocrossmag.be\/wp-content\/uploads\/2019\/11\/Day2_FIM_ISDE_2019__036-768x511.jpg 768w, https:\/\/fr.motocrossmag.be\/wp-content\/uploads\/2019\/11\/Day2_FIM_ISDE_2019__036.jpg 1000w\" data-sizes=\"auto\" data-orig-sizes=\"(max-width: 1000px) 100vw, 1000px\" \/><\/p>\n<p>Ces derniers jours, l&rsquo;exploration des sp\u00e9ciales bat son plein. Il y aura au total 9 \u00e9preuves chrono d&rsquo;une moyenne de 5 km alors que la plus longue s&rsquo;\u00e9tend sur un peu moins de 10 km. Celles-ci sont toutes parcourues plusieurs fois, car c&rsquo;est \u00e0 pr\u00e9sent la seule voie possible. Reconna\u00eetre les sp\u00e9ciales est pour les pilotes une t\u00e2che physique et mentale difficile. Parfois, vous devez choisir entre la parcourir \u00e0 pied une fois de plus et l&rsquo;avoir vraiment bien en t\u00eate ou y renoncer et arriver un peu plus frais sur la semaine de comp\u00e9tition.<\/p>\n<p><img decoding=\"async\" class=\"lazyload aligncenter size-full wp-image-98862\" src=\"http:\/\/fr.motocrossmag.be\/wp-content\/uploads\/2019\/11\/ISDE-155-willems-DSC_1705.jpg\" data-orig-src=\"http:\/\/fr.motocrossmag.be\/wp-content\/uploads\/2019\/11\/ISDE-155-willems-DSC_1705.jpg\" alt=\"\" width=\"1000\" height=\"665\" srcset=\"data:image\/svg+xml,%3Csvg%20xmlns%3D%27http%3A%2F%2Fwww.w3.org%2F2000%2Fsvg%27%20width%3D%271000%27%20height%3D%27665%27%20viewBox%3D%270%200%201000%20665%27%3E%3Crect%20width%3D%271000%27%20height%3D%27665%27%20fill-opacity%3D%220%22%2F%3E%3C%2Fsvg%3E\" data-srcset=\"https:\/\/fr.motocrossmag.be\/wp-content\/uploads\/2019\/11\/ISDE-155-willems-DSC_1705-650x432.jpg 650w, https:\/\/fr.motocrossmag.be\/wp-content\/uploads\/2019\/11\/ISDE-155-willems-DSC_1705-768x511.jpg 768w, https:\/\/fr.motocrossmag.be\/wp-content\/uploads\/2019\/11\/ISDE-155-willems-DSC_1705.jpg 1000w\" data-sizes=\"auto\" data-orig-sizes=\"(max-width: 1000px) 100vw, 1000px\" \/><\/p>\n<p>Pendant cette course, les pilotes sont responsables de l&rsquo;entretien et de la r\u00e9paration de leur machine, l&rsquo;assistance n&rsquo;est autoris\u00e9e que pour le ravitaillement et l&rsquo;appoint d&rsquo;autres liquides. Changement de pneus, filtres, cha\u00eene et autres r\u00e9parations, tout le travail revient au pilote dans un d\u00e9lai d\u00e9termin\u00e9. Apr\u00e8s chaque journ\u00e9e de course, le pilote dispose de 15 minutes pour tout faire, puis la moto prend place au parc ferm\u00e9.<\/p>\n<p>Voici un aper\u00e7u de ce que les pilotes consomment en moyenne sur les ISDE :<\/p>\n<ul>\n<li>4 filtres \u00e0 air\/jour<\/li>\n<li>20 l d&rsquo;essence\/jour<\/li>\n<li>1 jeu de pneus\/jour<\/li>\n<li>Le jour 3 : changement d&rsquo;huile<\/li>\n<li>2 \u00e0 3 sets de mousses int\u00e9rieures<\/li>\n<li>2 jeux de plaquettes de frein<\/li>\n<li>6 l d&rsquo;eau potable\/jour<\/li>\n<\/ul>\n<p>La plupart emportent dans leur sac outils, leviers d&#8217;embrayage et de frein,\u00a0 levier de vitesses, p\u00e9dale de frein, cadenas, fil de fer, des attaches, gants propres, papiers et t\u00e9l\u00e9phone.<\/p>\n","protected":false},"excerpt":{"rendered":"<p>Ce lundi prochain, un an plus tard que pr\u00e9vu, la 95\u00e8me \u00e9dition des International Six Days of Enduro, ou ISDE en abr\u00e9g\u00e9, prendra son envol en Italie. L&rsquo;\u00e9v\u00e9nement est \u00e0 [&#8230;]<\/p>\n","protected":false},"author":932,"featured_media":98887,"comment_status":"open","ping_status":"closed","sticky":false,"template":"","format":"standard","meta":{"footnotes":""},"categories":[54,32,1074,55,65],"tags":[951,1191,1800],"class_list":["post-112155","post","type-post","status-publish","format-standard","has-post-thumbnail","hentry","category-actualite","category-enduro","category-isde","category-news-actualite","category-slideshow","tag-enduro","tag-isde","tag-six-jours"],"yoast_head":"<!-- This site is optimized with the Yoast SEO plugin v27.4 - https:\/\/yoast.com\/product\/yoast-seo-wordpress\/ -->\n<title>Les 95\u00e8mes Six Jours Internationaux d&#039;Enduro prennent leur envol ce lundi - Motocross - Enduro - Supermoto | MotocrossMag<\/title>\n<meta name=\"robots\" content=\"index, follow, max-snippet:-1, max-image-preview:large, max-video-preview:-1\" \/>\n<link rel=\"canonical\" href=\"https:\/\/fr.motocrossmag.be\/index.php\/2021\/08\/les-95emes-six-jours-internationaux-denduro-prennent-leur-envol-ce-lundi\/\" \/>\n<meta property=\"og:locale\" content=\"fr_FR\" \/>\n<meta property=\"og:type\" content=\"article\" \/>\n<meta property=\"og:title\" content=\"Les 95\u00e8mes Six Jours Internationaux d&#039;Enduro prennent leur envol ce lundi - Motocross - Enduro - Supermoto | MotocrossMag\" \/>\n<meta property=\"og:description\" content=\"Ce lundi prochain, un an plus tard que pr\u00e9vu, la 95\u00e8me \u00e9dition des International Six Days of Enduro, ou ISDE en abr\u00e9g\u00e9, prendra son envol en Italie. L&rsquo;\u00e9v\u00e9nement est \u00e0 [...]\" \/>\n<meta property=\"og:url\" content=\"https:\/\/fr.motocrossmag.be\/index.php\/2021\/08\/les-95emes-six-jours-internationaux-denduro-prennent-leur-envol-ce-lundi\/\" \/>\n<meta property=\"og:site_name\" content=\"Motocross - Enduro - Supermoto | MotocrossMag\" \/>\n<meta property=\"article:published_time\" content=\"2021-08-29T12:24:42+00:00\" \/>\n<meta property=\"og:image\" content=\"https:\/\/fr.motocrossmag.be\/wp-content\/uploads\/2019\/11\/willems-erik-isde-enduro.jpg\" \/>\n\t<meta property=\"og:image:width\" content=\"845\" \/>\n\t<meta property=\"og:image:height\" content=\"600\" \/>\n\t<meta property=\"og:image:type\" content=\"image\/jpeg\" \/>\n<meta name=\"author\" content=\"oliviere\" \/>\n<meta name=\"twitter:card\" content=\"summary_large_image\" \/>\n<meta name=\"twitter:label1\" content=\"\u00c9crit par\" \/>\n\t<meta name=\"twitter:data1\" content=\"oliviere\" \/>\n\t<meta name=\"twitter:label2\" content=\"Dur\u00e9e de lecture estim\u00e9e\" \/>\n\t<meta name=\"twitter:data2\" content=\"3 minutes\" \/>\n<script type=\"application\/ld+json\" class=\"yoast-schema-graph\">{\"@context\":\"https:\\\/\\\/schema.org\",\"@graph\":[{\"@type\":\"Article\",\"@id\":\"https:\\\/\\\/fr.motocrossmag.be\\\/index.php\\\/2021\\\/08\\\/les-95emes-six-jours-internationaux-denduro-prennent-leur-envol-ce-lundi\\\/#article\",\"isPartOf\":{\"@id\":\"https:\\\/\\\/fr.motocrossmag.be\\\/index.php\\\/2021\\\/08\\\/les-95emes-six-jours-internationaux-denduro-prennent-leur-envol-ce-lundi\\\/\"},\"author\":{\"name\":\"oliviere\",\"@id\":\"https:\\\/\\\/fr.motocrossmag.be\\\/#\\\/schema\\\/person\\\/11b47143d9f755babca2c9110e03235c\"},\"headline\":\"Les 95\u00e8mes Six Jours Internationaux d&rsquo;Enduro prennent leur envol ce lundi\",\"datePublished\":\"2021-08-29T12:24:42+00:00\",\"mainEntityOfPage\":{\"@id\":\"https:\\\/\\\/fr.motocrossmag.be\\\/index.php\\\/2021\\\/08\\\/les-95emes-six-jours-internationaux-denduro-prennent-leur-envol-ce-lundi\\\/\"},\"wordCount\":577,\"commentCount\":0,\"image\":{\"@id\":\"https:\\\/\\\/fr.motocrossmag.be\\\/index.php\\\/2021\\\/08\\\/les-95emes-six-jours-internationaux-denduro-prennent-leur-envol-ce-lundi\\\/#primaryimage\"},\"thumbnailUrl\":\"https:\\\/\\\/fr.motocrossmag.be\\\/wp-content\\\/uploads\\\/2019\\\/11\\\/willems-erik-isde-enduro.jpg\",\"keywords\":[\"Enduro\",\"isde\",\"six jours\"],\"articleSection\":[\"Actualit\u00e9\",\"Enduro\",\"ISDE\",\"News\",\"Slideshow\"],\"inLanguage\":\"fr-FR\",\"potentialAction\":[{\"@type\":\"CommentAction\",\"name\":\"Comment\",\"target\":[\"https:\\\/\\\/fr.motocrossmag.be\\\/index.php\\\/2021\\\/08\\\/les-95emes-six-jours-internationaux-denduro-prennent-leur-envol-ce-lundi\\\/#respond\"]}]},{\"@type\":\"WebPage\",\"@id\":\"https:\\\/\\\/fr.motocrossmag.be\\\/index.php\\\/2021\\\/08\\\/les-95emes-six-jours-internationaux-denduro-prennent-leur-envol-ce-lundi\\\/\",\"url\":\"https:\\\/\\\/fr.motocrossmag.be\\\/index.php\\\/2021\\\/08\\\/les-95emes-six-jours-internationaux-denduro-prennent-leur-envol-ce-lundi\\\/\",\"name\":\"Les 95\u00e8mes Six Jours Internationaux d'Enduro prennent leur envol ce lundi - Motocross - Enduro - Supermoto | MotocrossMag\",\"isPartOf\":{\"@id\":\"https:\\\/\\\/fr.motocrossmag.be\\\/#website\"},\"primaryImageOfPage\":{\"@id\":\"https:\\\/\\\/fr.motocrossmag.be\\\/index.php\\\/2021\\\/08\\\/les-95emes-six-jours-internationaux-denduro-prennent-leur-envol-ce-lundi\\\/#primaryimage\"},\"image\":{\"@id\":\"https:\\\/\\\/fr.motocrossmag.be\\\/index.php\\\/2021\\\/08\\\/les-95emes-six-jours-internationaux-denduro-prennent-leur-envol-ce-lundi\\\/#primaryimage\"},\"thumbnailUrl\":\"https:\\\/\\\/fr.motocrossmag.be\\\/wp-content\\\/uploads\\\/2019\\\/11\\\/willems-erik-isde-enduro.jpg\",\"datePublished\":\"2021-08-29T12:24:42+00:00\",\"author\":{\"@id\":\"https:\\\/\\\/fr.motocrossmag.be\\\/#\\\/schema\\\/person\\\/11b47143d9f755babca2c9110e03235c\"},\"breadcrumb\":{\"@id\":\"https:\\\/\\\/fr.motocrossmag.be\\\/index.php\\\/2021\\\/08\\\/les-95emes-six-jours-internationaux-denduro-prennent-leur-envol-ce-lundi\\\/#breadcrumb\"},\"inLanguage\":\"fr-FR\",\"potentialAction\":[{\"@type\":\"ReadAction\",\"target\":[\"https:\\\/\\\/fr.motocrossmag.be\\\/index.php\\\/2021\\\/08\\\/les-95emes-six-jours-internationaux-denduro-prennent-leur-envol-ce-lundi\\\/\"]}]},{\"@type\":\"ImageObject\",\"inLanguage\":\"fr-FR\",\"@id\":\"https:\\\/\\\/fr.motocrossmag.be\\\/index.php\\\/2021\\\/08\\\/les-95emes-six-jours-internationaux-denduro-prennent-leur-envol-ce-lundi\\\/#primaryimage\",\"url\":\"https:\\\/\\\/fr.motocrossmag.be\\\/wp-content\\\/uploads\\\/2019\\\/11\\\/willems-erik-isde-enduro.jpg\",\"contentUrl\":\"https:\\\/\\\/fr.motocrossmag.be\\\/wp-content\\\/uploads\\\/2019\\\/11\\\/willems-erik-isde-enduro.jpg\",\"width\":845,\"height\":600},{\"@type\":\"BreadcrumbList\",\"@id\":\"https:\\\/\\\/fr.motocrossmag.be\\\/index.php\\\/2021\\\/08\\\/les-95emes-six-jours-internationaux-denduro-prennent-leur-envol-ce-lundi\\\/#breadcrumb\",\"itemListElement\":[{\"@type\":\"ListItem\",\"position\":1,\"name\":\"Accueil\",\"item\":\"https:\\\/\\\/fr.motocrossmag.be\\\/\"},{\"@type\":\"ListItem\",\"position\":2,\"name\":\"Les 95\u00e8mes Six Jours Internationaux d&rsquo;Enduro prennent leur envol ce lundi\"}]},{\"@type\":\"WebSite\",\"@id\":\"https:\\\/\\\/fr.motocrossmag.be\\\/#website\",\"url\":\"https:\\\/\\\/fr.motocrossmag.be\\\/\",\"name\":\"Motocross - Enduro - Supermoto | MotocrossMag\",\"description\":\"L&#039;actualit\u00e9 du motocross, de l&#039;enduro et du Supermoto en ligne!\",\"potentialAction\":[{\"@type\":\"SearchAction\",\"target\":{\"@type\":\"EntryPoint\",\"urlTemplate\":\"https:\\\/\\\/fr.motocrossmag.be\\\/?s={search_term_string}\"},\"query-input\":{\"@type\":\"PropertyValueSpecification\",\"valueRequired\":true,\"valueName\":\"search_term_string\"}}],\"inLanguage\":\"fr-FR\"},{\"@type\":\"Person\",\"@id\":\"https:\\\/\\\/fr.motocrossmag.be\\\/#\\\/schema\\\/person\\\/11b47143d9f755babca2c9110e03235c\",\"name\":\"oliviere\",\"image\":{\"@type\":\"ImageObject\",\"inLanguage\":\"fr-FR\",\"@id\":\"https:\\\/\\\/secure.gravatar.com\\\/avatar\\\/907069e0b81d119452040469e4a7501da1100f54f7f80180ce77bfab718288f6?s=96&d=mm&r=g\",\"url\":\"https:\\\/\\\/secure.gravatar.com\\\/avatar\\\/907069e0b81d119452040469e4a7501da1100f54f7f80180ce77bfab718288f6?s=96&d=mm&r=g\",\"contentUrl\":\"https:\\\/\\\/secure.gravatar.com\\\/avatar\\\/907069e0b81d119452040469e4a7501da1100f54f7f80180ce77bfab718288f6?s=96&d=mm&r=g\",\"caption\":\"oliviere\"},\"sameAs\":[\"http:\\\/\\\/www.motocrossmag.be\"],\"url\":\"https:\\\/\\\/fr.motocrossmag.be\\\/index.php\\\/author\\\/oliviere\\\/\"}]}<\/script>\n<!-- \/ Yoast SEO plugin. -->","yoast_head_json":{"title":"Les 95\u00e8mes Six Jours Internationaux d'Enduro prennent leur envol ce lundi - Motocross - Enduro - Supermoto | MotocrossMag","robots":{"index":"index","follow":"follow","max-snippet":"max-snippet:-1","max-image-preview":"max-image-preview:large","max-video-preview":"max-video-preview:-1"},"canonical":"https:\/\/fr.motocrossmag.be\/index.php\/2021\/08\/les-95emes-six-jours-internationaux-denduro-prennent-leur-envol-ce-lundi\/","og_locale":"fr_FR","og_type":"article","og_title":"Les 95\u00e8mes Six Jours Internationaux d'Enduro prennent leur envol ce lundi - Motocross - Enduro - Supermoto | MotocrossMag","og_description":"Ce lundi prochain, un an plus tard que pr\u00e9vu, la 95\u00e8me \u00e9dition des International Six Days of Enduro, ou ISDE en abr\u00e9g\u00e9, prendra son envol en Italie. L&rsquo;\u00e9v\u00e9nement est \u00e0 [...]","og_url":"https:\/\/fr.motocrossmag.be\/index.php\/2021\/08\/les-95emes-six-jours-internationaux-denduro-prennent-leur-envol-ce-lundi\/","og_site_name":"Motocross - Enduro - Supermoto | MotocrossMag","article_published_time":"2021-08-29T12:24:42+00:00","og_image":[{"width":845,"height":600,"url":"https:\/\/fr.motocrossmag.be\/wp-content\/uploads\/2019\/11\/willems-erik-isde-enduro.jpg","type":"image\/jpeg"}],"author":"oliviere","twitter_card":"summary_large_image","twitter_misc":{"\u00c9crit par":"oliviere","Dur\u00e9e de lecture estim\u00e9e":"3 minutes"},"schema":{"@context":"https:\/\/schema.org","@graph":[{"@type":"Article","@id":"https:\/\/fr.motocrossmag.be\/index.php\/2021\/08\/les-95emes-six-jours-internationaux-denduro-prennent-leur-envol-ce-lundi\/#article","isPartOf":{"@id":"https:\/\/fr.motocrossmag.be\/index.php\/2021\/08\/les-95emes-six-jours-internationaux-denduro-prennent-leur-envol-ce-lundi\/"},"author":{"name":"oliviere","@id":"https:\/\/fr.motocrossmag.be\/#\/schema\/person\/11b47143d9f755babca2c9110e03235c"},"headline":"Les 95\u00e8mes Six Jours Internationaux d&rsquo;Enduro prennent leur envol ce lundi","datePublished":"2021-08-29T12:24:42+00:00","mainEntityOfPage":{"@id":"https:\/\/fr.motocrossmag.be\/index.php\/2021\/08\/les-95emes-six-jours-internationaux-denduro-prennent-leur-envol-ce-lundi\/"},"wordCount":577,"commentCount":0,"image":{"@id":"https:\/\/fr.motocrossmag.be\/index.php\/2021\/08\/les-95emes-six-jours-internationaux-denduro-prennent-leur-envol-ce-lundi\/#primaryimage"},"thumbnailUrl":"https:\/\/fr.motocrossmag.be\/wp-content\/uploads\/2019\/11\/willems-erik-isde-enduro.jpg","keywords":["Enduro","isde","six jours"],"articleSection":["Actualit\u00e9","Enduro","ISDE","News","Slideshow"],"inLanguage":"fr-FR","potentialAction":[{"@type":"CommentAction","name":"Comment","target":["https:\/\/fr.motocrossmag.be\/index.php\/2021\/08\/les-95emes-six-jours-internationaux-denduro-prennent-leur-envol-ce-lundi\/#respond"]}]},{"@type":"WebPage","@id":"https:\/\/fr.motocrossmag.be\/index.php\/2021\/08\/les-95emes-six-jours-internationaux-denduro-prennent-leur-envol-ce-lundi\/","url":"https:\/\/fr.motocrossmag.be\/index.php\/2021\/08\/les-95emes-six-jours-internationaux-denduro-prennent-leur-envol-ce-lundi\/","name":"Les 95\u00e8mes Six Jours Internationaux d'Enduro prennent leur envol ce lundi - Motocross - Enduro - Supermoto | MotocrossMag","isPartOf":{"@id":"https:\/\/fr.motocrossmag.be\/#website"},"primaryImageOfPage":{"@id":"https:\/\/fr.motocrossmag.be\/index.php\/2021\/08\/les-95emes-six-jours-internationaux-denduro-prennent-leur-envol-ce-lundi\/#primaryimage"},"image":{"@id":"https:\/\/fr.motocrossmag.be\/index.php\/2021\/08\/les-95emes-six-jours-internationaux-denduro-prennent-leur-envol-ce-lundi\/#primaryimage"},"thumbnailUrl":"https:\/\/fr.motocrossmag.be\/wp-content\/uploads\/2019\/11\/willems-erik-isde-enduro.jpg","datePublished":"2021-08-29T12:24:42+00:00","author":{"@id":"https:\/\/fr.motocrossmag.be\/#\/schema\/person\/11b47143d9f755babca2c9110e03235c"},"breadcrumb":{"@id":"https:\/\/fr.motocrossmag.be\/index.php\/2021\/08\/les-95emes-six-jours-internationaux-denduro-prennent-leur-envol-ce-lundi\/#breadcrumb"},"inLanguage":"fr-FR","potentialAction":[{"@type":"ReadAction","target":["https:\/\/fr.motocrossmag.be\/index.php\/2021\/08\/les-95emes-six-jours-internationaux-denduro-prennent-leur-envol-ce-lundi\/"]}]},{"@type":"ImageObject","inLanguage":"fr-FR","@id":"https:\/\/fr.motocrossmag.be\/index.php\/2021\/08\/les-95emes-six-jours-internationaux-denduro-prennent-leur-envol-ce-lundi\/#primaryimage","url":"https:\/\/fr.motocrossmag.be\/wp-content\/uploads\/2019\/11\/willems-erik-isde-enduro.jpg","contentUrl":"https:\/\/fr.motocrossmag.be\/wp-content\/uploads\/2019\/11\/willems-erik-isde-enduro.jpg","width":845,"height":600},{"@type":"BreadcrumbList","@id":"https:\/\/fr.motocrossmag.be\/index.php\/2021\/08\/les-95emes-six-jours-internationaux-denduro-prennent-leur-envol-ce-lundi\/#breadcrumb","itemListElement":[{"@type":"ListItem","position":1,"name":"Accueil","item":"https:\/\/fr.motocrossmag.be\/"},{"@type":"ListItem","position":2,"name":"Les 95\u00e8mes Six Jours Internationaux d&rsquo;Enduro prennent leur envol ce lundi"}]},{"@type":"WebSite","@id":"https:\/\/fr.motocrossmag.be\/#website","url":"https:\/\/fr.motocrossmag.be\/","name":"Motocross - Enduro - Supermoto | MotocrossMag","description":"L&#039;actualit\u00e9 du motocross, de l&#039;enduro et du Supermoto en ligne!","potentialAction":[{"@type":"SearchAction","target":{"@type":"EntryPoint","urlTemplate":"https:\/\/fr.motocrossmag.be\/?s={search_term_string}"},"query-input":{"@type":"PropertyValueSpecification","valueRequired":true,"valueName":"search_term_string"}}],"inLanguage":"fr-FR"},{"@type":"Person","@id":"https:\/\/fr.motocrossmag.be\/#\/schema\/person\/11b47143d9f755babca2c9110e03235c","name":"oliviere","image":{"@type":"ImageObject","inLanguage":"fr-FR","@id":"https:\/\/secure.gravatar.com\/avatar\/907069e0b81d119452040469e4a7501da1100f54f7f80180ce77bfab718288f6?s=96&d=mm&r=g","url":"https:\/\/secure.gravatar.com\/avatar\/907069e0b81d119452040469e4a7501da1100f54f7f80180ce77bfab718288f6?s=96&d=mm&r=g","contentUrl":"https:\/\/secure.gravatar.com\/avatar\/907069e0b81d119452040469e4a7501da1100f54f7f80180ce77bfab718288f6?s=96&d=mm&r=g","caption":"oliviere"},"sameAs":["http:\/\/www.motocrossmag.be"],"url":"https:\/\/fr.motocrossmag.be\/index.php\/author\/oliviere\/"}]}},"_links":{"self":[{"href":"https:\/\/fr.motocrossmag.be\/index.php\/wp-json\/wp\/v2\/posts\/112155","targetHints":{"allow":["GET"]}}],"collection":[{"href":"https:\/\/fr.motocrossmag.be\/index.php\/wp-json\/wp\/v2\/posts"}],"about":[{"href":"https:\/\/fr.motocrossmag.be\/index.php\/wp-json\/wp\/v2\/types\/post"}],"author":[{"embeddable":true,"href":"https:\/\/fr.motocrossmag.be\/index.php\/wp-json\/wp\/v2\/users\/932"}],"replies":[{"embeddable":true,"href":"https:\/\/fr.motocrossmag.be\/index.php\/wp-json\/wp\/v2\/comments?post=112155"}],"version-history":[{"count":0,"href":"https:\/\/fr.motocrossmag.be\/index.php\/wp-json\/wp\/v2\/posts\/112155\/revisions"}],"wp:featuredmedia":[{"embeddable":true,"href":"https:\/\/fr.motocrossmag.be\/index.php\/wp-json\/wp\/v2\/media\/98887"}],"wp:attachment":[{"href":"https:\/\/fr.motocrossmag.be\/index.php\/wp-json\/wp\/v2\/media?parent=112155"}],"wp:term":[{"taxonomy":"category","embeddable":true,"href":"https:\/\/fr.motocrossmag.be\/index.php\/wp-json\/wp\/v2\/categories?post=112155"},{"taxonomy":"post_tag","embeddable":true,"href":"https:\/\/fr.motocrossmag.be\/index.php\/wp-json\/wp\/v2\/tags?post=112155"}],"curies":[{"name":"wp","href":"https:\/\/api.w.org\/{rel}","templated":true}]}}