{"id":11242,"date":"2011-06-06T21:39:27","date_gmt":"2011-06-06T20:39:27","guid":{"rendered":"http:\/\/fr.motocrossmag.be\/?p=11242"},"modified":"2011-06-06T21:39:27","modified_gmt":"2011-06-06T20:39:27","slug":"galerie-photos-photos-mxgp-a-saint-jean-dangely","status":"publish","type":"post","link":"https:\/\/fr.motocrossmag.be\/index.php\/2011\/06\/galerie-photos-photos-mxgp-a-saint-jean-dangely\/","title":{"rendered":"Galerie photos | Photos: MXGP \u00e0\u00a0 Saint-Jean d&rsquo;Ang\u00e9ly"},"content":{"rendered":"<p id=\"[object]\">Un GP de France est toujours riche en \u00e9motions et en images. L&rsquo;\u00e9dition 2011 disput\u00e9e ce week-end sur le circuit de Saint-Jean d&rsquo;Ang\u00e9ly n&rsquo;a pas failli \u00e0\u00a0 la r\u00e8gle. Gautier Paulin, 3\u00e8me en MX2, et Steven Frossard, superbe vainqueur dans la cat\u00e9gorie reine ont veill\u00e9 pour leur part \u00e0\u00a0 enflammer un public tricolore comme toujours particuli\u00e8rement chaleureux.<\/p>\n<p id=\"[object]\">Photos: CDS<\/p><div class=\"mwmpl6a987743b6cbb\" ><!-- \/91277017\/Inline-articles-mobile -->\n<div style=\"margin:auto; text-align:center !important\">\n<div id='div-gpt-ad-1784982661365-0' style='min-width: 250px; min-height: 75px;'>\n  <script>\n    googletag.cmd.push(function() { googletag.display('div-gpt-ad-1784982661365-0'); });\n  <\/script>\n<\/div><\/div><\/div><style type=\"text\/css\">\r\n.mwmpl6a987743b6cbb {\r\nmargin-bottom:30px;margin-top:20px\r\n}\r\n@media screen and (min-width: 1201px) {\r\n.mwmpl6a987743b6cbb {\r\ndisplay: block;\r\n}\r\n}\r\n@media screen and (min-width: 993px) and (max-width: 1200px) {\r\n.mwmpl6a987743b6cbb {\r\ndisplay: block;\r\n}\r\n}\r\n@media screen and (min-width: 769px) and (max-width: 992px) {\r\n.mwmpl6a987743b6cbb {\r\ndisplay: block;\r\n}\r\n}\r\n@media screen and (min-width: 768px) and (max-width: 768px) {\r\n.mwmpl6a987743b6cbb {\r\ndisplay: block;\r\n}\r\n}\r\n@media screen and (max-width: 767px) {\r\n.mwmpl6a987743b6cbb {\r\ndisplay: block;\r\n}\r\n}\r\n<\/style>\r\n\n<p id=\"[object]\"><a id=\"[object]\" rel=\"lightbox dia=1\" href=\"http:\/\/fr.motocrossmag.be\/wp-content\/uploads\/2011\/06\/1.jpg\"><img decoding=\"async\" id=\"[object]\" class=\"alignnone size-thumbnail wp-image-11281\" title=\"1\" src=\"http:\/\/fr.motocrossmag.be\/wp-content\/uploads\/2011\/06\/1-150x150.jpg\" alt=\"\" width=\"150\" height=\"150\" \/><\/a>\u00a0\u00a0 <a id=\"[object]\" rel=\"lightbox dia=1\" href=\"http:\/\/fr.motocrossmag.be\/wp-content\/uploads\/2011\/06\/2.jpg\"><img decoding=\"async\" id=\"[object]\" class=\"alignnone size-thumbnail wp-image-11280\" title=\"2\" src=\"http:\/\/fr.motocrossmag.be\/wp-content\/uploads\/2011\/06\/2-150x150.jpg\" alt=\"\" width=\"150\" height=\"150\" \/><\/a>\u00a0\u00a0 <a id=\"[object]\" rel=\"lightbox dia=1\" href=\"http:\/\/fr.motocrossmag.be\/wp-content\/uploads\/2011\/06\/3.jpg\"><img decoding=\"async\" class=\"alignnone size-thumbnail wp-image-11279\" title=\"3\" src=\"http:\/\/fr.motocrossmag.be\/wp-content\/uploads\/2011\/06\/3-150x150.jpg\" alt=\"\" width=\"150\" height=\"150\" \/><\/a><br \/>\n<a id=\"[object]\" rel=\"lightbox dia=1\" href=\"http:\/\/fr.motocrossmag.be\/wp-content\/uploads\/2011\/06\/4.jpg\"><img decoding=\"async\" class=\"alignnone size-thumbnail wp-image-11278\" title=\"4\" src=\"http:\/\/fr.motocrossmag.be\/wp-content\/uploads\/2011\/06\/4-150x150.jpg\" alt=\"\" width=\"150\" height=\"150\" \/><\/a>\u00a0\u00a0 <a id=\"[object]\" rel=\"lightbox dia=1\" href=\"http:\/\/fr.motocrossmag.be\/wp-content\/uploads\/2011\/06\/5.jpg\"><img decoding=\"async\" class=\"alignnone size-thumbnail wp-image-11277\" title=\"5\" src=\"http:\/\/fr.motocrossmag.be\/wp-content\/uploads\/2011\/06\/5-150x150.jpg\" alt=\"\" width=\"150\" height=\"150\" \/><\/a>\u00a0\u00a0 <a id=\"[object]\" rel=\"lightbox dia=1\" href=\"http:\/\/fr.motocrossmag.be\/wp-content\/uploads\/2011\/06\/6.jpg\"><img decoding=\"async\" class=\"alignnone size-thumbnail wp-image-11276\" title=\"6\" src=\"http:\/\/fr.motocrossmag.be\/wp-content\/uploads\/2011\/06\/6-150x150.jpg\" alt=\"\" width=\"150\" height=\"150\" \/><\/a><br \/>\n<a id=\"[object]\" rel=\"lightbox dia=1\" href=\"http:\/\/fr.motocrossmag.be\/wp-content\/uploads\/2011\/06\/7.jpg\"><img decoding=\"async\" class=\"alignnone size-thumbnail wp-image-11275\" title=\"7\" src=\"http:\/\/fr.motocrossmag.be\/wp-content\/uploads\/2011\/06\/7-150x150.jpg\" alt=\"\" width=\"150\" height=\"150\" \/><\/a>\u00a0\u00a0 <a id=\"[object]\" rel=\"lightbox dia=1\" href=\"http:\/\/fr.motocrossmag.be\/wp-content\/uploads\/2011\/06\/8.jpg\"><img decoding=\"async\" class=\"alignnone size-thumbnail wp-image-11274\" title=\"8\" src=\"http:\/\/fr.motocrossmag.be\/wp-content\/uploads\/2011\/06\/8-150x150.jpg\" alt=\"\" width=\"150\" height=\"150\" \/><\/a>\u00a0\u00a0 <a id=\"[object]\" rel=\"lightbox dia=1\" href=\"http:\/\/fr.motocrossmag.be\/wp-content\/uploads\/2011\/06\/9.jpg\"><img decoding=\"async\" class=\"alignnone size-thumbnail wp-image-11273\" title=\"9\" src=\"http:\/\/fr.motocrossmag.be\/wp-content\/uploads\/2011\/06\/9-150x150.jpg\" alt=\"\" width=\"150\" height=\"150\" \/><\/a><br \/>\n<a id=\"[object]\" rel=\"lightbox dia=1\" href=\"http:\/\/fr.motocrossmag.be\/wp-content\/uploads\/2011\/06\/10.jpg\"><img decoding=\"async\" class=\"alignnone size-thumbnail wp-image-11272\" title=\"10\" src=\"http:\/\/fr.motocrossmag.be\/wp-content\/uploads\/2011\/06\/10-150x150.jpg\" alt=\"\" width=\"150\" height=\"150\" \/><\/a>\u00a0\u00a0 <a id=\"[object]\" rel=\"lightbox dia=1\" href=\"http:\/\/fr.motocrossmag.be\/wp-content\/uploads\/2011\/06\/11.jpg\"><img decoding=\"async\" class=\"alignnone size-thumbnail wp-image-11271\" title=\"11\" src=\"http:\/\/fr.motocrossmag.be\/wp-content\/uploads\/2011\/06\/11-150x150.jpg\" alt=\"\" width=\"150\" height=\"150\" \/><\/a>\u00a0\u00a0 <a id=\"[object]\" rel=\"lightbox dia=1\" href=\"http:\/\/fr.motocrossmag.be\/wp-content\/uploads\/2011\/06\/12.jpg\"><img decoding=\"async\" class=\"alignnone size-thumbnail wp-image-11270\" title=\"12\" src=\"http:\/\/fr.motocrossmag.be\/wp-content\/uploads\/2011\/06\/12-150x150.jpg\" alt=\"\" width=\"150\" height=\"150\" \/><\/a><br \/>\n<a id=\"[object]\" rel=\"lightbox dia=1\" href=\"http:\/\/fr.motocrossmag.be\/wp-content\/uploads\/2011\/06\/13.jpg\"><img decoding=\"async\" class=\"alignnone size-thumbnail wp-image-11269\" title=\"13\" src=\"http:\/\/fr.motocrossmag.be\/wp-content\/uploads\/2011\/06\/13-150x150.jpg\" alt=\"\" width=\"150\" height=\"150\" \/><\/a>\u00a0\u00a0 <a id=\"[object]\" rel=\"lightbox dia=1\" href=\"http:\/\/fr.motocrossmag.be\/wp-content\/uploads\/2011\/06\/14.jpg\"><img decoding=\"async\" class=\"alignnone size-thumbnail wp-image-11268\" title=\"14\" src=\"http:\/\/fr.motocrossmag.be\/wp-content\/uploads\/2011\/06\/14-150x150.jpg\" alt=\"\" width=\"150\" height=\"150\" \/><\/a>\u00a0\u00a0 <a id=\"[object]\" rel=\"lightbox dia=1\" href=\"http:\/\/fr.motocrossmag.be\/wp-content\/uploads\/2011\/06\/15.jpg\"><img decoding=\"async\" class=\"alignnone size-thumbnail wp-image-11267\" title=\"15\" src=\"http:\/\/fr.motocrossmag.be\/wp-content\/uploads\/2011\/06\/15-150x150.jpg\" alt=\"\" width=\"150\" height=\"150\" \/><\/a><br \/>\n<a id=\"[object]\" rel=\"lightbox dia=1\" href=\"http:\/\/fr.motocrossmag.be\/wp-content\/uploads\/2011\/06\/16.jpg\"><img decoding=\"async\" class=\"alignnone size-thumbnail wp-image-11266\" title=\"16\" src=\"http:\/\/fr.motocrossmag.be\/wp-content\/uploads\/2011\/06\/16-150x150.jpg\" alt=\"\" width=\"150\" height=\"150\" \/><\/a>\u00a0\u00a0 <a id=\"[object]\" rel=\"lightbox dia=1\" href=\"http:\/\/fr.motocrossmag.be\/wp-content\/uploads\/2011\/06\/17.jpg\"><img decoding=\"async\" class=\"alignnone size-thumbnail wp-image-11265\" title=\"17\" src=\"http:\/\/fr.motocrossmag.be\/wp-content\/uploads\/2011\/06\/17-150x150.jpg\" alt=\"\" width=\"150\" height=\"150\" \/><\/a>\u00a0\u00a0 <a id=\"[object]\" rel=\"lightbox dia=1\" href=\"http:\/\/fr.motocrossmag.be\/wp-content\/uploads\/2011\/06\/18.jpg\"><img decoding=\"async\" id=\"[object]\" class=\"alignnone size-thumbnail wp-image-11264\" title=\"18\" src=\"http:\/\/fr.motocrossmag.be\/wp-content\/uploads\/2011\/06\/18-150x150.jpg\" alt=\"\" width=\"150\" height=\"150\" \/><\/a>\u00a0<br \/>\n<a id=\"[object]\" rel=\"lightbox dia=1\" href=\"http:\/\/fr.motocrossmag.be\/wp-content\/uploads\/2011\/06\/19.jpg\"><img decoding=\"async\" id=\"[object]\" class=\"alignnone size-thumbnail wp-image-11263\" title=\"19\" src=\"http:\/\/fr.motocrossmag.be\/wp-content\/uploads\/2011\/06\/19-150x150.jpg\" alt=\"\" width=\"150\" height=\"150\" \/><\/a>\u00a0\u00a0 <a id=\"[object]\" rel=\"lightbox dia=1\" href=\"http:\/\/fr.motocrossmag.be\/wp-content\/uploads\/2011\/06\/20.jpg\"><img decoding=\"async\" class=\"alignnone size-thumbnail wp-image-11262\" title=\"20\" src=\"http:\/\/fr.motocrossmag.be\/wp-content\/uploads\/2011\/06\/20-150x150.jpg\" alt=\"\" width=\"150\" height=\"150\" \/><\/a>\u00a0\u00a0 <a id=\"[object]\" rel=\"lightbox dia=1\" href=\"http:\/\/fr.motocrossmag.be\/wp-content\/uploads\/2011\/06\/21.jpg\"><img decoding=\"async\" class=\"alignnone size-thumbnail wp-image-11261\" title=\"21\" src=\"http:\/\/fr.motocrossmag.be\/wp-content\/uploads\/2011\/06\/21-150x150.jpg\" alt=\"\" width=\"150\" height=\"150\" \/><\/a><br \/>\n<a id=\"[object]\" rel=\"lightbox dia=1\" href=\"http:\/\/fr.motocrossmag.be\/wp-content\/uploads\/2011\/06\/22.jpg\"><img decoding=\"async\" class=\"alignnone size-thumbnail wp-image-11260\" title=\"22\" src=\"http:\/\/fr.motocrossmag.be\/wp-content\/uploads\/2011\/06\/22-150x150.jpg\" alt=\"\" width=\"150\" height=\"150\" \/><\/a>\u00a0\u00a0 <a id=\"[object]\" rel=\"lightbox dia=1\" href=\"http:\/\/fr.motocrossmag.be\/wp-content\/uploads\/2011\/06\/23.jpg\"><img decoding=\"async\" class=\"alignnone size-thumbnail wp-image-11259\" title=\"23\" src=\"http:\/\/fr.motocrossmag.be\/wp-content\/uploads\/2011\/06\/23-150x150.jpg\" alt=\"\" width=\"150\" height=\"150\" \/><\/a>\u00a0\u00a0 <a id=\"[object]\" rel=\"lightbox dia=1\" href=\"http:\/\/fr.motocrossmag.be\/wp-content\/uploads\/2011\/06\/24.jpg\"><img decoding=\"async\" class=\"alignnone size-thumbnail wp-image-11258\" title=\"24\" src=\"http:\/\/fr.motocrossmag.be\/wp-content\/uploads\/2011\/06\/24-150x150.jpg\" alt=\"\" width=\"150\" height=\"150\" \/><\/a><br \/>\n<a id=\"[object]\" rel=\"lightbox dia=1\" href=\"http:\/\/fr.motocrossmag.be\/wp-content\/uploads\/2011\/06\/25.jpg\"><img decoding=\"async\" class=\"alignnone size-thumbnail wp-image-11257\" title=\"25\" src=\"http:\/\/fr.motocrossmag.be\/wp-content\/uploads\/2011\/06\/25-150x150.jpg\" alt=\"\" width=\"150\" height=\"150\" \/><\/a>\u00a0\u00a0 <a id=\"[object]\" rel=\"lightbox dia=1\" href=\"http:\/\/fr.motocrossmag.be\/wp-content\/uploads\/2011\/06\/26.jpg\"><img decoding=\"async\" class=\"alignnone size-thumbnail wp-image-11256\" title=\"26\" src=\"http:\/\/fr.motocrossmag.be\/wp-content\/uploads\/2011\/06\/26-150x150.jpg\" alt=\"\" width=\"150\" height=\"150\" \/><\/a>\u00a0\u00a0 <a id=\"[object]\" rel=\"lightbox dia=1\" href=\"http:\/\/fr.motocrossmag.be\/wp-content\/uploads\/2011\/06\/27.jpg\"><img decoding=\"async\" class=\"alignnone size-thumbnail wp-image-11255\" title=\"27\" src=\"http:\/\/fr.motocrossmag.be\/wp-content\/uploads\/2011\/06\/27-150x150.jpg\" alt=\"\" width=\"150\" height=\"150\" \/><\/a><br \/>\n<a id=\"[object]\" rel=\"lightbox dia=1\" href=\"http:\/\/fr.motocrossmag.be\/wp-content\/uploads\/2011\/06\/28.jpg\"><img decoding=\"async\" class=\"alignnone size-thumbnail wp-image-11254\" title=\"28\" src=\"http:\/\/fr.motocrossmag.be\/wp-content\/uploads\/2011\/06\/28-150x150.jpg\" alt=\"\" width=\"150\" height=\"150\" \/><\/a>\u00a0\u00a0 <a id=\"[object]\" rel=\"lightbox dia=1\" href=\"http:\/\/fr.motocrossmag.be\/wp-content\/uploads\/2011\/06\/29.jpg\"><img decoding=\"async\" class=\"alignnone size-thumbnail wp-image-11253\" title=\"29\" src=\"http:\/\/fr.motocrossmag.be\/wp-content\/uploads\/2011\/06\/29-150x150.jpg\" alt=\"\" width=\"150\" height=\"150\" \/><\/a>\u00a0\u00a0 <a id=\"[object]\" rel=\"lightbox dia=1\" href=\"http:\/\/fr.motocrossmag.be\/wp-content\/uploads\/2011\/06\/30.jpg\"><img decoding=\"async\" class=\"alignnone size-thumbnail wp-image-11252\" title=\"30\" src=\"http:\/\/fr.motocrossmag.be\/wp-content\/uploads\/2011\/06\/30-150x150.jpg\" alt=\"\" width=\"150\" height=\"150\" \/><\/a><br \/>\n<a id=\"[object]\" rel=\"lightbox dia=1\" href=\"http:\/\/fr.motocrossmag.be\/wp-content\/uploads\/2011\/06\/31.jpg\"><img decoding=\"async\" class=\"alignnone size-thumbnail wp-image-11251\" title=\"31\" src=\"http:\/\/fr.motocrossmag.be\/wp-content\/uploads\/2011\/06\/31-150x150.jpg\" alt=\"\" width=\"150\" height=\"150\" \/><\/a>\u00a0\u00a0 <a id=\"[object]\" rel=\"lightbox dia=1\" href=\"http:\/\/fr.motocrossmag.be\/wp-content\/uploads\/2011\/06\/32.jpg\"><img decoding=\"async\" class=\"alignnone size-thumbnail wp-image-11250\" title=\"32\" src=\"http:\/\/fr.motocrossmag.be\/wp-content\/uploads\/2011\/06\/32-150x150.jpg\" alt=\"\" width=\"150\" height=\"150\" \/><\/a>\u00a0\u00a0 <a id=\"[object]\" rel=\"lightbox dia=1\" href=\"http:\/\/fr.motocrossmag.be\/wp-content\/uploads\/2011\/06\/33.jpg\"><img decoding=\"async\" class=\"alignnone size-thumbnail wp-image-11249\" title=\"33\" src=\"http:\/\/fr.motocrossmag.be\/wp-content\/uploads\/2011\/06\/33-150x150.jpg\" alt=\"\" width=\"150\" height=\"150\" \/><\/a><br \/>\n<a id=\"[object]\" rel=\"lightbox dia=1\" href=\"http:\/\/fr.motocrossmag.be\/wp-content\/uploads\/2011\/06\/34.jpg\"><img decoding=\"async\" class=\"alignnone size-thumbnail wp-image-11248\" title=\"34\" src=\"http:\/\/fr.motocrossmag.be\/wp-content\/uploads\/2011\/06\/34-150x150.jpg\" alt=\"\" width=\"150\" height=\"150\" \/><\/a>\u00a0\u00a0 <a id=\"[object]\" rel=\"lightbox dia=1\" href=\"http:\/\/fr.motocrossmag.be\/wp-content\/uploads\/2011\/06\/35.jpg\"><img decoding=\"async\" class=\"alignnone size-thumbnail wp-image-11247\" title=\"35\" src=\"http:\/\/fr.motocrossmag.be\/wp-content\/uploads\/2011\/06\/35-150x150.jpg\" alt=\"\" width=\"150\" height=\"150\" \/><\/a>\u00a0\u00a0 <a id=\"[object]\" rel=\"lightbox dia=1\" href=\"http:\/\/fr.motocrossmag.be\/wp-content\/uploads\/2011\/06\/36.jpg\"><img decoding=\"async\" class=\"alignnone size-thumbnail wp-image-11246\" title=\"36\" src=\"http:\/\/fr.motocrossmag.be\/wp-content\/uploads\/2011\/06\/36-150x150.jpg\" alt=\"\" width=\"150\" height=\"150\" \/><\/a><br \/>\n<a id=\"[object]\" rel=\"lightbox dia=1\" href=\"http:\/\/fr.motocrossmag.be\/wp-content\/uploads\/2011\/06\/36b.jpg\"><img decoding=\"async\" class=\"alignnone size-thumbnail wp-image-11245\" title=\"36b\" src=\"http:\/\/fr.motocrossmag.be\/wp-content\/uploads\/2011\/06\/36b-150x150.jpg\" alt=\"\" width=\"150\" height=\"150\" \/><\/a>\u00a0\u00a0 <a id=\"[object]\" rel=\"lightbox dia=1\" href=\"http:\/\/fr.motocrossmag.be\/wp-content\/uploads\/2011\/06\/37.jpg\"><img decoding=\"async\" class=\"alignnone size-thumbnail wp-image-11244\" title=\"37\" src=\"http:\/\/fr.motocrossmag.be\/wp-content\/uploads\/2011\/06\/37-150x150.jpg\" alt=\"\" width=\"150\" height=\"150\" \/><\/a>\u00a0\u00a0 <a rel=\"lightbox dia=1\" href=\"http:\/\/fr.motocrossmag.be\/wp-content\/uploads\/2011\/06\/38.jpg\"><img decoding=\"async\" class=\"alignnone size-thumbnail wp-image-11243\" title=\"38\" src=\"http:\/\/fr.motocrossmag.be\/wp-content\/uploads\/2011\/06\/38-150x150.jpg\" alt=\"\" width=\"150\" height=\"150\" \/><\/a><\/p>\n","protected":false},"excerpt":{"rendered":"<p>Un GP de France est toujours riche en \u00e9motions et en images. L&rsquo;\u00e9dition 2011 disput\u00e9e ce week-end sur le circuit de Saint-Jean d&rsquo;Ang\u00e9ly n&rsquo;a pas failli \u00e0\u00a0 la r\u00e8gle. Gautier Paulin, 3\u00e8me en MX2, et Steven Frossard, superbe vainqueur dans la cat\u00e9gorie reine ont veill\u00e9 pour leur part \u00e0\u00a0 enflammer un public tricolore comme toujours [&hellip;]<\/p>\n","protected":false},"author":932,"featured_media":0,"comment_status":"open","ping_status":"closed","sticky":false,"template":"","format":"standard","meta":{"tdm_status":"","tdm_grid_status":"","footnotes":""},"categories":[4,6,66,65],"tags":[],"class_list":["post-11242","post","type-post","status-publish","format-standard","category-motocross","category-mx1mx2","category-photos","category-slideshow"],"yoast_head":"<!-- This site is optimized with the Yoast SEO plugin v28.4 - https:\/\/yoast.com\/product\/yoast-seo-wordpress\/ -->\n<title>Galerie photos | Photos: MXGP \u00e0\u00a0 Saint-Jean d&#039;Ang\u00e9ly - Motocross - Enduro - Supermoto | MotocrossMag<\/title>\n<meta name=\"robots\" content=\"index, follow, max-snippet:-1, max-image-preview:large, max-video-preview:-1\" \/>\n<link rel=\"canonical\" href=\"https:\/\/fr.motocrossmag.be\/index.php\/2011\/06\/galerie-photos-photos-mxgp-a-saint-jean-dangely\/\" \/>\n<meta property=\"og:locale\" content=\"fr_FR\" \/>\n<meta property=\"og:type\" content=\"article\" \/>\n<meta property=\"og:title\" content=\"Galerie photos | Photos: MXGP \u00e0\u00a0 Saint-Jean d&#039;Ang\u00e9ly - Motocross - Enduro - Supermoto | MotocrossMag\" \/>\n<meta property=\"og:description\" content=\"Un GP de France est toujours riche en \u00e9motions et en images. L&rsquo;\u00e9dition 2011 disput\u00e9e ce week-end sur le circuit de Saint-Jean d&rsquo;Ang\u00e9ly n&rsquo;a pas failli \u00e0\u00a0 la r\u00e8gle. Gautier Paulin, 3\u00e8me en MX2, et Steven Frossard, superbe vainqueur dans la cat\u00e9gorie reine ont veill\u00e9 pour leur part \u00e0\u00a0 enflammer un public tricolore comme toujours [&hellip;]\" \/>\n<meta property=\"og:url\" content=\"https:\/\/fr.motocrossmag.be\/index.php\/2011\/06\/galerie-photos-photos-mxgp-a-saint-jean-dangely\/\" \/>\n<meta property=\"og:site_name\" content=\"Motocross - Enduro - Supermoto | MotocrossMag\" \/>\n<meta property=\"article:published_time\" content=\"2011-06-06T20:39:27+00:00\" \/>\n<meta property=\"og:image\" content=\"http:\/\/fr.motocrossmag.be\/wp-content\/uploads\/2011\/06\/1-150x150.jpg\" \/>\n<meta name=\"author\" content=\"oliviere\" \/>\n<meta name=\"twitter:card\" content=\"summary_large_image\" \/>\n<meta name=\"twitter:label1\" content=\"\u00c9crit par\" \/>\n\t<meta name=\"twitter:data1\" content=\"oliviere\" \/>\n<script type=\"application\/ld+json\" class=\"yoast-schema-graph\">{\"@context\":\"https:\\\/\\\/schema.org\",\"@graph\":[{\"@type\":\"Article\",\"@id\":\"https:\\\/\\\/fr.motocrossmag.be\\\/index.php\\\/2011\\\/06\\\/galerie-photos-photos-mxgp-a-saint-jean-dangely\\\/#article\",\"isPartOf\":{\"@id\":\"https:\\\/\\\/fr.motocrossmag.be\\\/index.php\\\/2011\\\/06\\\/galerie-photos-photos-mxgp-a-saint-jean-dangely\\\/\"},\"author\":{\"name\":\"oliviere\",\"@id\":\"https:\\\/\\\/fr.motocrossmag.be\\\/#\\\/schema\\\/person\\\/11b47143d9f755babca2c9110e03235c\"},\"headline\":\"Galerie photos | Photos: MXGP \u00e0\u00a0 Saint-Jean d&rsquo;Ang\u00e9ly\",\"datePublished\":\"2011-06-06T20:39:27+00:00\",\"mainEntityOfPage\":{\"@id\":\"https:\\\/\\\/fr.motocrossmag.be\\\/index.php\\\/2011\\\/06\\\/galerie-photos-photos-mxgp-a-saint-jean-dangely\\\/\"},\"wordCount\":72,\"commentCount\":0,\"image\":{\"@id\":\"https:\\\/\\\/fr.motocrossmag.be\\\/index.php\\\/2011\\\/06\\\/galerie-photos-photos-mxgp-a-saint-jean-dangely\\\/#primaryimage\"},\"thumbnailUrl\":\"http:\\\/\\\/fr.motocrossmag.be\\\/wp-content\\\/uploads\\\/2011\\\/06\\\/1-150x150.jpg\",\"articleSection\":[\"Motocross\",\"Motocross MXGP\",\"Photos\",\"Slideshow\"],\"inLanguage\":\"fr-FR\",\"potentialAction\":[{\"@type\":\"CommentAction\",\"name\":\"Comment\",\"target\":[\"https:\\\/\\\/fr.motocrossmag.be\\\/index.php\\\/2011\\\/06\\\/galerie-photos-photos-mxgp-a-saint-jean-dangely\\\/#respond\"]}]},{\"@type\":\"WebPage\",\"@id\":\"https:\\\/\\\/fr.motocrossmag.be\\\/index.php\\\/2011\\\/06\\\/galerie-photos-photos-mxgp-a-saint-jean-dangely\\\/\",\"url\":\"https:\\\/\\\/fr.motocrossmag.be\\\/index.php\\\/2011\\\/06\\\/galerie-photos-photos-mxgp-a-saint-jean-dangely\\\/\",\"name\":\"Galerie photos | Photos: MXGP \u00e0\u00a0 Saint-Jean d'Ang\u00e9ly - Motocross - Enduro - Supermoto | MotocrossMag\",\"isPartOf\":{\"@id\":\"https:\\\/\\\/fr.motocrossmag.be\\\/#website\"},\"primaryImageOfPage\":{\"@id\":\"https:\\\/\\\/fr.motocrossmag.be\\\/index.php\\\/2011\\\/06\\\/galerie-photos-photos-mxgp-a-saint-jean-dangely\\\/#primaryimage\"},\"image\":{\"@id\":\"https:\\\/\\\/fr.motocrossmag.be\\\/index.php\\\/2011\\\/06\\\/galerie-photos-photos-mxgp-a-saint-jean-dangely\\\/#primaryimage\"},\"thumbnailUrl\":\"http:\\\/\\\/fr.motocrossmag.be\\\/wp-content\\\/uploads\\\/2011\\\/06\\\/1-150x150.jpg\",\"datePublished\":\"2011-06-06T20:39:27+00:00\",\"author\":{\"@id\":\"https:\\\/\\\/fr.motocrossmag.be\\\/#\\\/schema\\\/person\\\/11b47143d9f755babca2c9110e03235c\"},\"breadcrumb\":{\"@id\":\"https:\\\/\\\/fr.motocrossmag.be\\\/index.php\\\/2011\\\/06\\\/galerie-photos-photos-mxgp-a-saint-jean-dangely\\\/#breadcrumb\"},\"inLanguage\":\"fr-FR\",\"potentialAction\":[{\"@type\":\"ReadAction\",\"target\":[\"https:\\\/\\\/fr.motocrossmag.be\\\/index.php\\\/2011\\\/06\\\/galerie-photos-photos-mxgp-a-saint-jean-dangely\\\/\"]}]},{\"@type\":\"ImageObject\",\"inLanguage\":\"fr-FR\",\"@id\":\"https:\\\/\\\/fr.motocrossmag.be\\\/index.php\\\/2011\\\/06\\\/galerie-photos-photos-mxgp-a-saint-jean-dangely\\\/#primaryimage\",\"url\":\"https:\\\/\\\/fr.motocrossmag.be\\\/wp-content\\\/uploads\\\/2011\\\/06\\\/1.jpg\",\"contentUrl\":\"https:\\\/\\\/fr.motocrossmag.be\\\/wp-content\\\/uploads\\\/2011\\\/06\\\/1.jpg\",\"width\":800,\"height\":533},{\"@type\":\"BreadcrumbList\",\"@id\":\"https:\\\/\\\/fr.motocrossmag.be\\\/index.php\\\/2011\\\/06\\\/galerie-photos-photos-mxgp-a-saint-jean-dangely\\\/#breadcrumb\",\"itemListElement\":[{\"@type\":\"ListItem\",\"position\":1,\"name\":\"Accueil\",\"item\":\"https:\\\/\\\/fr.motocrossmag.be\\\/\"},{\"@type\":\"ListItem\",\"position\":2,\"name\":\"Galerie photos | Photos: MXGP \u00e0\u00a0 Saint-Jean d&rsquo;Ang\u00e9ly\"}]},{\"@type\":\"WebSite\",\"@id\":\"https:\\\/\\\/fr.motocrossmag.be\\\/#website\",\"url\":\"https:\\\/\\\/fr.motocrossmag.be\\\/\",\"name\":\"Motocross - Enduro - Supermoto | MotocrossMag\",\"description\":\"L&#039;actualit\u00e9 du motocross, de l&#039;enduro et du Supermoto en ligne!\",\"potentialAction\":[{\"@type\":\"SearchAction\",\"target\":{\"@type\":\"EntryPoint\",\"urlTemplate\":\"https:\\\/\\\/fr.motocrossmag.be\\\/?s={search_term_string}\"},\"query-input\":{\"@type\":\"PropertyValueSpecification\",\"valueRequired\":true,\"valueName\":\"search_term_string\"}}],\"inLanguage\":\"fr-FR\"},{\"@type\":\"Person\",\"@id\":\"https:\\\/\\\/fr.motocrossmag.be\\\/#\\\/schema\\\/person\\\/11b47143d9f755babca2c9110e03235c\",\"name\":\"oliviere\",\"image\":{\"@type\":\"ImageObject\",\"inLanguage\":\"fr-FR\",\"@id\":\"https:\\\/\\\/secure.gravatar.com\\\/avatar\\\/907069e0b81d119452040469e4a7501da1100f54f7f80180ce77bfab718288f6?s=96&d=mm&r=g\",\"url\":\"https:\\\/\\\/secure.gravatar.com\\\/avatar\\\/907069e0b81d119452040469e4a7501da1100f54f7f80180ce77bfab718288f6?s=96&d=mm&r=g\",\"contentUrl\":\"https:\\\/\\\/secure.gravatar.com\\\/avatar\\\/907069e0b81d119452040469e4a7501da1100f54f7f80180ce77bfab718288f6?s=96&d=mm&r=g\",\"caption\":\"oliviere\"},\"sameAs\":[\"http:\\\/\\\/www.motocrossmag.be\"],\"url\":\"https:\\\/\\\/fr.motocrossmag.be\\\/index.php\\\/author\\\/oliviere\\\/\"}]}<\/script>\n<!-- \/ Yoast SEO plugin. -->","yoast_head_json":{"title":"Galerie photos | Photos: MXGP \u00e0\u00a0 Saint-Jean d'Ang\u00e9ly - Motocross - Enduro - Supermoto | MotocrossMag","robots":{"index":"index","follow":"follow","max-snippet":"max-snippet:-1","max-image-preview":"max-image-preview:large","max-video-preview":"max-video-preview:-1"},"canonical":"https:\/\/fr.motocrossmag.be\/index.php\/2011\/06\/galerie-photos-photos-mxgp-a-saint-jean-dangely\/","og_locale":"fr_FR","og_type":"article","og_title":"Galerie photos | Photos: MXGP \u00e0\u00a0 Saint-Jean d'Ang\u00e9ly - Motocross - Enduro - Supermoto | MotocrossMag","og_description":"Un GP de France est toujours riche en \u00e9motions et en images. L&rsquo;\u00e9dition 2011 disput\u00e9e ce week-end sur le circuit de Saint-Jean d&rsquo;Ang\u00e9ly n&rsquo;a pas failli \u00e0\u00a0 la r\u00e8gle. Gautier Paulin, 3\u00e8me en MX2, et Steven Frossard, superbe vainqueur dans la cat\u00e9gorie reine ont veill\u00e9 pour leur part \u00e0\u00a0 enflammer un public tricolore comme toujours [&hellip;]","og_url":"https:\/\/fr.motocrossmag.be\/index.php\/2011\/06\/galerie-photos-photos-mxgp-a-saint-jean-dangely\/","og_site_name":"Motocross - Enduro - Supermoto | MotocrossMag","article_published_time":"2011-06-06T20:39:27+00:00","og_image":[{"url":"http:\/\/fr.motocrossmag.be\/wp-content\/uploads\/2011\/06\/1-150x150.jpg","type":"","width":"","height":""}],"author":"oliviere","twitter_card":"summary_large_image","twitter_misc":{"\u00c9crit par":"oliviere"},"schema":{"@context":"https:\/\/schema.org","@graph":[{"@type":"Article","@id":"https:\/\/fr.motocrossmag.be\/index.php\/2011\/06\/galerie-photos-photos-mxgp-a-saint-jean-dangely\/#article","isPartOf":{"@id":"https:\/\/fr.motocrossmag.be\/index.php\/2011\/06\/galerie-photos-photos-mxgp-a-saint-jean-dangely\/"},"author":{"name":"oliviere","@id":"https:\/\/fr.motocrossmag.be\/#\/schema\/person\/11b47143d9f755babca2c9110e03235c"},"headline":"Galerie photos | Photos: MXGP \u00e0\u00a0 Saint-Jean d&rsquo;Ang\u00e9ly","datePublished":"2011-06-06T20:39:27+00:00","mainEntityOfPage":{"@id":"https:\/\/fr.motocrossmag.be\/index.php\/2011\/06\/galerie-photos-photos-mxgp-a-saint-jean-dangely\/"},"wordCount":72,"commentCount":0,"image":{"@id":"https:\/\/fr.motocrossmag.be\/index.php\/2011\/06\/galerie-photos-photos-mxgp-a-saint-jean-dangely\/#primaryimage"},"thumbnailUrl":"http:\/\/fr.motocrossmag.be\/wp-content\/uploads\/2011\/06\/1-150x150.jpg","articleSection":["Motocross","Motocross MXGP","Photos","Slideshow"],"inLanguage":"fr-FR","potentialAction":[{"@type":"CommentAction","name":"Comment","target":["https:\/\/fr.motocrossmag.be\/index.php\/2011\/06\/galerie-photos-photos-mxgp-a-saint-jean-dangely\/#respond"]}]},{"@type":"WebPage","@id":"https:\/\/fr.motocrossmag.be\/index.php\/2011\/06\/galerie-photos-photos-mxgp-a-saint-jean-dangely\/","url":"https:\/\/fr.motocrossmag.be\/index.php\/2011\/06\/galerie-photos-photos-mxgp-a-saint-jean-dangely\/","name":"Galerie photos | Photos: MXGP \u00e0\u00a0 Saint-Jean d'Ang\u00e9ly - Motocross - Enduro - Supermoto | MotocrossMag","isPartOf":{"@id":"https:\/\/fr.motocrossmag.be\/#website"},"primaryImageOfPage":{"@id":"https:\/\/fr.motocrossmag.be\/index.php\/2011\/06\/galerie-photos-photos-mxgp-a-saint-jean-dangely\/#primaryimage"},"image":{"@id":"https:\/\/fr.motocrossmag.be\/index.php\/2011\/06\/galerie-photos-photos-mxgp-a-saint-jean-dangely\/#primaryimage"},"thumbnailUrl":"http:\/\/fr.motocrossmag.be\/wp-content\/uploads\/2011\/06\/1-150x150.jpg","datePublished":"2011-06-06T20:39:27+00:00","author":{"@id":"https:\/\/fr.motocrossmag.be\/#\/schema\/person\/11b47143d9f755babca2c9110e03235c"},"breadcrumb":{"@id":"https:\/\/fr.motocrossmag.be\/index.php\/2011\/06\/galerie-photos-photos-mxgp-a-saint-jean-dangely\/#breadcrumb"},"inLanguage":"fr-FR","potentialAction":[{"@type":"ReadAction","target":["https:\/\/fr.motocrossmag.be\/index.php\/2011\/06\/galerie-photos-photos-mxgp-a-saint-jean-dangely\/"]}]},{"@type":"ImageObject","inLanguage":"fr-FR","@id":"https:\/\/fr.motocrossmag.be\/index.php\/2011\/06\/galerie-photos-photos-mxgp-a-saint-jean-dangely\/#primaryimage","url":"https:\/\/fr.motocrossmag.be\/wp-content\/uploads\/2011\/06\/1.jpg","contentUrl":"https:\/\/fr.motocrossmag.be\/wp-content\/uploads\/2011\/06\/1.jpg","width":800,"height":533},{"@type":"BreadcrumbList","@id":"https:\/\/fr.motocrossmag.be\/index.php\/2011\/06\/galerie-photos-photos-mxgp-a-saint-jean-dangely\/#breadcrumb","itemListElement":[{"@type":"ListItem","position":1,"name":"Accueil","item":"https:\/\/fr.motocrossmag.be\/"},{"@type":"ListItem","position":2,"name":"Galerie photos | Photos: MXGP \u00e0\u00a0 Saint-Jean d&rsquo;Ang\u00e9ly"}]},{"@type":"WebSite","@id":"https:\/\/fr.motocrossmag.be\/#website","url":"https:\/\/fr.motocrossmag.be\/","name":"Motocross - Enduro - Supermoto | MotocrossMag","description":"L&#039;actualit\u00e9 du motocross, de l&#039;enduro et du Supermoto en ligne!","potentialAction":[{"@type":"SearchAction","target":{"@type":"EntryPoint","urlTemplate":"https:\/\/fr.motocrossmag.be\/?s={search_term_string}"},"query-input":{"@type":"PropertyValueSpecification","valueRequired":true,"valueName":"search_term_string"}}],"inLanguage":"fr-FR"},{"@type":"Person","@id":"https:\/\/fr.motocrossmag.be\/#\/schema\/person\/11b47143d9f755babca2c9110e03235c","name":"oliviere","image":{"@type":"ImageObject","inLanguage":"fr-FR","@id":"https:\/\/secure.gravatar.com\/avatar\/907069e0b81d119452040469e4a7501da1100f54f7f80180ce77bfab718288f6?s=96&d=mm&r=g","url":"https:\/\/secure.gravatar.com\/avatar\/907069e0b81d119452040469e4a7501da1100f54f7f80180ce77bfab718288f6?s=96&d=mm&r=g","contentUrl":"https:\/\/secure.gravatar.com\/avatar\/907069e0b81d119452040469e4a7501da1100f54f7f80180ce77bfab718288f6?s=96&d=mm&r=g","caption":"oliviere"},"sameAs":["http:\/\/www.motocrossmag.be"],"url":"https:\/\/fr.motocrossmag.be\/index.php\/author\/oliviere\/"}]}},"_links":{"self":[{"href":"https:\/\/fr.motocrossmag.be\/index.php\/wp-json\/wp\/v2\/posts\/11242","targetHints":{"allow":["GET"]}}],"collection":[{"href":"https:\/\/fr.motocrossmag.be\/index.php\/wp-json\/wp\/v2\/posts"}],"about":[{"href":"https:\/\/fr.motocrossmag.be\/index.php\/wp-json\/wp\/v2\/types\/post"}],"author":[{"embeddable":true,"href":"https:\/\/fr.motocrossmag.be\/index.php\/wp-json\/wp\/v2\/users\/932"}],"replies":[{"embeddable":true,"href":"https:\/\/fr.motocrossmag.be\/index.php\/wp-json\/wp\/v2\/comments?post=11242"}],"version-history":[{"count":0,"href":"https:\/\/fr.motocrossmag.be\/index.php\/wp-json\/wp\/v2\/posts\/11242\/revisions"}],"wp:attachment":[{"href":"https:\/\/fr.motocrossmag.be\/index.php\/wp-json\/wp\/v2\/media?parent=11242"}],"wp:term":[{"taxonomy":"category","embeddable":true,"href":"https:\/\/fr.motocrossmag.be\/index.php\/wp-json\/wp\/v2\/categories?post=11242"},{"taxonomy":"post_tag","embeddable":true,"href":"https:\/\/fr.motocrossmag.be\/index.php\/wp-json\/wp\/v2\/tags?post=11242"}],"curies":[{"name":"wp","href":"https:\/\/api.w.org\/{rel}","templated":true}]}}