{"id":112505,"date":"2021-09-17T12:40:38","date_gmt":"2021-09-17T10:40:38","guid":{"rendered":"http:\/\/fr.motocrossmag.be\/?p=112505"},"modified":"2021-09-17T12:41:52","modified_gmt":"2021-09-17T10:41:52","slug":"il-y-aura-t-il-un-salon-a-bruxelles-en-janvier-2022","status":"publish","type":"post","link":"https:\/\/fr.motocrossmag.be\/index.php\/2021\/09\/il-y-aura-t-il-un-salon-a-bruxelles-en-janvier-2022\/","title":{"rendered":"Il y aura-t-il un salon \u00e0 Bruxelles en janvier 2022 ?"},"content":{"rendered":"<p><strong>Annonc\u00e9 au d\u00e9but de l&rsquo;\u00e9t\u00e9 par la Febiac, le retour du salon auto\/moto de Bruxelles pourrait finalement bien ne pas \u00eatre pour cette ann\u00e9e. Annul\u00e9 en janvier dernier \u00e0 cause de la crise sanitaire, le salon bruxellois pourrait bien conna\u00eetre une nouvelle fois le m\u00eame sort. A pr\u00e9sent, c&rsquo;est le d\u00e9samour de plus en plus marqu\u00e9 des grandes marques pour ce type d&rsquo;\u00e9v\u00e9nements qui laisse planer le doute.<\/strong><\/p>\n<p>Febiac devrait annoncer tr\u00e8s prochainement la tenue ou non d&rsquo;un salon au Heysel en janvier prochain. L&rsquo;organisateur est mis sous pression par les grands constructeurs qui boudent d\u00e9sormais ces grands \u00e9v\u00e9nements. Bruxelles n&rsquo;est \u00e9videmment pas le seul salon concern\u00e9.<\/p>\n<p>Aux grands rassemblements co\u00fbteux en organisation logistique et en temps, les marques pr\u00e9f\u00e8rent d\u00e9sormais les actions de promotion en ligne et les \u00e9v\u00e9nements de petite ampleur organis\u00e9s directement dans leur r\u00e9seau.<\/p>\n<p><img decoding=\"async\" class=\"lazyload aligncenter size-full wp-image-68980\" src=\"http:\/\/fr.motocrossmag.be\/wp-content\/uploads\/2018\/01\/Salon-Brussels-2018-IMG_7827.jpg\" data-orig-src=\"http:\/\/fr.motocrossmag.be\/wp-content\/uploads\/2018\/01\/Salon-Brussels-2018-IMG_7827.jpg\" alt=\"\" width=\"1400\" height=\"933\" srcset=\"data:image\/svg+xml,%3Csvg%20xmlns%3D%27http%3A%2F%2Fwww.w3.org%2F2000%2Fsvg%27%20width%3D%271400%27%20height%3D%27933%27%20viewBox%3D%270%200%201400%20933%27%3E%3Crect%20width%3D%271400%27%20height%3D%27933%27%20fill-opacity%3D%220%22%2F%3E%3C%2Fsvg%3E\" data-srcset=\"https:\/\/fr.motocrossmag.be\/wp-content\/uploads\/2018\/01\/Salon-Brussels-2018-IMG_7827-650x433.jpg 650w, https:\/\/fr.motocrossmag.be\/wp-content\/uploads\/2018\/01\/Salon-Brussels-2018-IMG_7827-768x512.jpg 768w, https:\/\/fr.motocrossmag.be\/wp-content\/uploads\/2018\/01\/Salon-Brussels-2018-IMG_7827-1024x682.jpg 1024w, https:\/\/fr.motocrossmag.be\/wp-content\/uploads\/2018\/01\/Salon-Brussels-2018-IMG_7827.jpg 1400w\" data-sizes=\"auto\" data-orig-sizes=\"(max-width: 1400px) 100vw, 1400px\" \/><\/p>\n<p>Plusieurs constructeurs auto et moto ont annonc\u00e9 d\u00e8s le d\u00e9but de la pand\u00e9mie qu&rsquo;ils ne participeraient plus aux grands salons jusqu&rsquo;\u00e0 nouvel ordre. A pr\u00e9sent, ce sont deux mastodontes de l&rsquo;industrie automobile qui tournent les talons au salon bruxellois. Deux acteurs en l&rsquo;absence de qui l&rsquo;\u00e9v\u00e9nement pourrait tout simplement devenir non viable financi\u00e8rement.<\/p>\n<p>Tour \u00e0 tour, ce sont en effet le groupe D&rsquo;Ieteren (Volkswagen, Audi, Skoda, Seat, Porsche, Bentley,\u00a0Lamborghini,\u00a0Bugatti) et le tout jeune g\u00e9ant Stellantis, n\u00e9 en janvier dernier de la fusion entre PSA et Fiat Chrysler (Citro\u00ebn,\u00a0DS Automobiles,\u00a0Opel,\u00a0Peugeot, Abarth,\u00a0Alfa Romeo,\u00a0Chrysler,\u00a0Dodge,\u00a0Fiat,\u00a0Jeep,\u00a0Lancia,\u00a0Maserati) qui ont annonc\u00e9 ne pas avoir l&rsquo;intention d&rsquo;exposer \u00e0 Bruxelles. A eux deux, D&rsquo;Ieteren et Stellantis repr\u00e9sentent pr\u00e8s de 50% du march\u00e9 de l&rsquo;automobile belge.<\/p>\n<p>Un fameux caillou dans la chaussure de la Febiac qui devait d\u00e9j\u00e0 naviguer depuis plus d&rsquo;un an maintenant dans un contexte fait d&rsquo;incertitudes et d&rsquo;\u00e9volution rapide dans les habitudes d&rsquo;achat des consommateurs, peu propice \u00e0 la planification \u00e0 long terme d&rsquo;un \u00e9v\u00e9nement commercial de grande ampleur.<\/p>\n","protected":false},"excerpt":{"rendered":"<p>Annonc\u00e9 au d\u00e9but de l&rsquo;\u00e9t\u00e9 par la Febiac, le retour du salon auto\/moto de Bruxelles pourrait finalement bien ne pas \u00eatre pour cette ann\u00e9e. Annul\u00e9 en janvier dernier \u00e0 cause [&#8230;]<\/p>\n","protected":false},"author":932,"featured_media":41979,"comment_status":"open","ping_status":"closed","sticky":false,"template":"","format":"standard","meta":{"footnotes":""},"categories":[54,4,55,65],"tags":[951,947,1813],"class_list":["post-112505","post","type-post","status-publish","format-standard","has-post-thumbnail","hentry","category-actualite","category-motocross","category-news-actualite","category-slideshow","tag-enduro","tag-motocross","tag-salon-de-bruxelles"],"yoast_head":"<!-- This site is optimized with the Yoast SEO plugin v27.4 - https:\/\/yoast.com\/product\/yoast-seo-wordpress\/ -->\n<title>Il y aura-t-il un salon \u00e0 Bruxelles en janvier 2022 ? - Motocross - Enduro - Supermoto | MotocrossMag<\/title>\n<meta name=\"robots\" content=\"index, follow, max-snippet:-1, max-image-preview:large, max-video-preview:-1\" \/>\n<link rel=\"canonical\" href=\"https:\/\/fr.motocrossmag.be\/index.php\/2021\/09\/il-y-aura-t-il-un-salon-a-bruxelles-en-janvier-2022\/\" \/>\n<meta property=\"og:locale\" content=\"fr_FR\" \/>\n<meta property=\"og:type\" content=\"article\" \/>\n<meta property=\"og:title\" content=\"Il y aura-t-il un salon \u00e0 Bruxelles en janvier 2022 ? - Motocross - Enduro - Supermoto | MotocrossMag\" \/>\n<meta property=\"og:description\" content=\"Annonc\u00e9 au d\u00e9but de l&rsquo;\u00e9t\u00e9 par la Febiac, le retour du salon auto\/moto de Bruxelles pourrait finalement bien ne pas \u00eatre pour cette ann\u00e9e. Annul\u00e9 en janvier dernier \u00e0 cause [...]\" \/>\n<meta property=\"og:url\" content=\"https:\/\/fr.motocrossmag.be\/index.php\/2021\/09\/il-y-aura-t-il-un-salon-a-bruxelles-en-janvier-2022\/\" \/>\n<meta property=\"og:site_name\" content=\"Motocross - Enduro - Supermoto | MotocrossMag\" \/>\n<meta property=\"article:published_time\" content=\"2021-09-17T10:40:38+00:00\" \/>\n<meta property=\"article:modified_time\" content=\"2021-09-17T10:41:52+00:00\" \/>\n<meta property=\"og:image\" content=\"https:\/\/fr.motocrossmag.be\/wp-content\/uploads\/2016\/01\/Salon-bxl-2016_IMG_9158.jpg\" \/>\n\t<meta property=\"og:image:width\" content=\"1000\" \/>\n\t<meta property=\"og:image:height\" content=\"667\" \/>\n\t<meta property=\"og:image:type\" content=\"image\/jpeg\" \/>\n<meta name=\"author\" content=\"oliviere\" \/>\n<meta name=\"twitter:card\" content=\"summary_large_image\" \/>\n<meta name=\"twitter:label1\" content=\"\u00c9crit par\" \/>\n\t<meta name=\"twitter:data1\" content=\"oliviere\" \/>\n\t<meta name=\"twitter:label2\" content=\"Dur\u00e9e de lecture estim\u00e9e\" \/>\n\t<meta name=\"twitter:data2\" content=\"2 minutes\" \/>\n<script type=\"application\/ld+json\" class=\"yoast-schema-graph\">{\"@context\":\"https:\\\/\\\/schema.org\",\"@graph\":[{\"@type\":\"Article\",\"@id\":\"https:\\\/\\\/fr.motocrossmag.be\\\/index.php\\\/2021\\\/09\\\/il-y-aura-t-il-un-salon-a-bruxelles-en-janvier-2022\\\/#article\",\"isPartOf\":{\"@id\":\"https:\\\/\\\/fr.motocrossmag.be\\\/index.php\\\/2021\\\/09\\\/il-y-aura-t-il-un-salon-a-bruxelles-en-janvier-2022\\\/\"},\"author\":{\"name\":\"oliviere\",\"@id\":\"https:\\\/\\\/fr.motocrossmag.be\\\/#\\\/schema\\\/person\\\/11b47143d9f755babca2c9110e03235c\"},\"headline\":\"Il y aura-t-il un salon \u00e0 Bruxelles en janvier 2022 ?\",\"datePublished\":\"2021-09-17T10:40:38+00:00\",\"dateModified\":\"2021-09-17T10:41:52+00:00\",\"mainEntityOfPage\":{\"@id\":\"https:\\\/\\\/fr.motocrossmag.be\\\/index.php\\\/2021\\\/09\\\/il-y-aura-t-il-un-salon-a-bruxelles-en-janvier-2022\\\/\"},\"wordCount\":364,\"commentCount\":0,\"image\":{\"@id\":\"https:\\\/\\\/fr.motocrossmag.be\\\/index.php\\\/2021\\\/09\\\/il-y-aura-t-il-un-salon-a-bruxelles-en-janvier-2022\\\/#primaryimage\"},\"thumbnailUrl\":\"https:\\\/\\\/fr.motocrossmag.be\\\/wp-content\\\/uploads\\\/2016\\\/01\\\/Salon-bxl-2016_IMG_9158.jpg\",\"keywords\":[\"Enduro\",\"Motocross\",\"salon de bruxelles\"],\"articleSection\":[\"Actualit\u00e9\",\"Motocross\",\"News\",\"Slideshow\"],\"inLanguage\":\"fr-FR\",\"potentialAction\":[{\"@type\":\"CommentAction\",\"name\":\"Comment\",\"target\":[\"https:\\\/\\\/fr.motocrossmag.be\\\/index.php\\\/2021\\\/09\\\/il-y-aura-t-il-un-salon-a-bruxelles-en-janvier-2022\\\/#respond\"]}]},{\"@type\":\"WebPage\",\"@id\":\"https:\\\/\\\/fr.motocrossmag.be\\\/index.php\\\/2021\\\/09\\\/il-y-aura-t-il-un-salon-a-bruxelles-en-janvier-2022\\\/\",\"url\":\"https:\\\/\\\/fr.motocrossmag.be\\\/index.php\\\/2021\\\/09\\\/il-y-aura-t-il-un-salon-a-bruxelles-en-janvier-2022\\\/\",\"name\":\"Il y aura-t-il un salon \u00e0 Bruxelles en janvier 2022 ? - Motocross - Enduro - Supermoto | MotocrossMag\",\"isPartOf\":{\"@id\":\"https:\\\/\\\/fr.motocrossmag.be\\\/#website\"},\"primaryImageOfPage\":{\"@id\":\"https:\\\/\\\/fr.motocrossmag.be\\\/index.php\\\/2021\\\/09\\\/il-y-aura-t-il-un-salon-a-bruxelles-en-janvier-2022\\\/#primaryimage\"},\"image\":{\"@id\":\"https:\\\/\\\/fr.motocrossmag.be\\\/index.php\\\/2021\\\/09\\\/il-y-aura-t-il-un-salon-a-bruxelles-en-janvier-2022\\\/#primaryimage\"},\"thumbnailUrl\":\"https:\\\/\\\/fr.motocrossmag.be\\\/wp-content\\\/uploads\\\/2016\\\/01\\\/Salon-bxl-2016_IMG_9158.jpg\",\"datePublished\":\"2021-09-17T10:40:38+00:00\",\"dateModified\":\"2021-09-17T10:41:52+00:00\",\"author\":{\"@id\":\"https:\\\/\\\/fr.motocrossmag.be\\\/#\\\/schema\\\/person\\\/11b47143d9f755babca2c9110e03235c\"},\"breadcrumb\":{\"@id\":\"https:\\\/\\\/fr.motocrossmag.be\\\/index.php\\\/2021\\\/09\\\/il-y-aura-t-il-un-salon-a-bruxelles-en-janvier-2022\\\/#breadcrumb\"},\"inLanguage\":\"fr-FR\",\"potentialAction\":[{\"@type\":\"ReadAction\",\"target\":[\"https:\\\/\\\/fr.motocrossmag.be\\\/index.php\\\/2021\\\/09\\\/il-y-aura-t-il-un-salon-a-bruxelles-en-janvier-2022\\\/\"]}]},{\"@type\":\"ImageObject\",\"inLanguage\":\"fr-FR\",\"@id\":\"https:\\\/\\\/fr.motocrossmag.be\\\/index.php\\\/2021\\\/09\\\/il-y-aura-t-il-un-salon-a-bruxelles-en-janvier-2022\\\/#primaryimage\",\"url\":\"https:\\\/\\\/fr.motocrossmag.be\\\/wp-content\\\/uploads\\\/2016\\\/01\\\/Salon-bxl-2016_IMG_9158.jpg\",\"contentUrl\":\"https:\\\/\\\/fr.motocrossmag.be\\\/wp-content\\\/uploads\\\/2016\\\/01\\\/Salon-bxl-2016_IMG_9158.jpg\",\"width\":1000,\"height\":667},{\"@type\":\"BreadcrumbList\",\"@id\":\"https:\\\/\\\/fr.motocrossmag.be\\\/index.php\\\/2021\\\/09\\\/il-y-aura-t-il-un-salon-a-bruxelles-en-janvier-2022\\\/#breadcrumb\",\"itemListElement\":[{\"@type\":\"ListItem\",\"position\":1,\"name\":\"Accueil\",\"item\":\"https:\\\/\\\/fr.motocrossmag.be\\\/\"},{\"@type\":\"ListItem\",\"position\":2,\"name\":\"Il y aura-t-il un salon \u00e0 Bruxelles en janvier 2022 ?\"}]},{\"@type\":\"WebSite\",\"@id\":\"https:\\\/\\\/fr.motocrossmag.be\\\/#website\",\"url\":\"https:\\\/\\\/fr.motocrossmag.be\\\/\",\"name\":\"Motocross - Enduro - Supermoto | MotocrossMag\",\"description\":\"L&#039;actualit\u00e9 du motocross, de l&#039;enduro et du Supermoto en ligne!\",\"potentialAction\":[{\"@type\":\"SearchAction\",\"target\":{\"@type\":\"EntryPoint\",\"urlTemplate\":\"https:\\\/\\\/fr.motocrossmag.be\\\/?s={search_term_string}\"},\"query-input\":{\"@type\":\"PropertyValueSpecification\",\"valueRequired\":true,\"valueName\":\"search_term_string\"}}],\"inLanguage\":\"fr-FR\"},{\"@type\":\"Person\",\"@id\":\"https:\\\/\\\/fr.motocrossmag.be\\\/#\\\/schema\\\/person\\\/11b47143d9f755babca2c9110e03235c\",\"name\":\"oliviere\",\"image\":{\"@type\":\"ImageObject\",\"inLanguage\":\"fr-FR\",\"@id\":\"https:\\\/\\\/secure.gravatar.com\\\/avatar\\\/907069e0b81d119452040469e4a7501da1100f54f7f80180ce77bfab718288f6?s=96&d=mm&r=g\",\"url\":\"https:\\\/\\\/secure.gravatar.com\\\/avatar\\\/907069e0b81d119452040469e4a7501da1100f54f7f80180ce77bfab718288f6?s=96&d=mm&r=g\",\"contentUrl\":\"https:\\\/\\\/secure.gravatar.com\\\/avatar\\\/907069e0b81d119452040469e4a7501da1100f54f7f80180ce77bfab718288f6?s=96&d=mm&r=g\",\"caption\":\"oliviere\"},\"sameAs\":[\"http:\\\/\\\/www.motocrossmag.be\"],\"url\":\"https:\\\/\\\/fr.motocrossmag.be\\\/index.php\\\/author\\\/oliviere\\\/\"}]}<\/script>\n<!-- \/ Yoast SEO plugin. -->","yoast_head_json":{"title":"Il y aura-t-il un salon \u00e0 Bruxelles en janvier 2022 ? - Motocross - Enduro - Supermoto | MotocrossMag","robots":{"index":"index","follow":"follow","max-snippet":"max-snippet:-1","max-image-preview":"max-image-preview:large","max-video-preview":"max-video-preview:-1"},"canonical":"https:\/\/fr.motocrossmag.be\/index.php\/2021\/09\/il-y-aura-t-il-un-salon-a-bruxelles-en-janvier-2022\/","og_locale":"fr_FR","og_type":"article","og_title":"Il y aura-t-il un salon \u00e0 Bruxelles en janvier 2022 ? - Motocross - Enduro - Supermoto | MotocrossMag","og_description":"Annonc\u00e9 au d\u00e9but de l&rsquo;\u00e9t\u00e9 par la Febiac, le retour du salon auto\/moto de Bruxelles pourrait finalement bien ne pas \u00eatre pour cette ann\u00e9e. Annul\u00e9 en janvier dernier \u00e0 cause [...]","og_url":"https:\/\/fr.motocrossmag.be\/index.php\/2021\/09\/il-y-aura-t-il-un-salon-a-bruxelles-en-janvier-2022\/","og_site_name":"Motocross - Enduro - Supermoto | MotocrossMag","article_published_time":"2021-09-17T10:40:38+00:00","article_modified_time":"2021-09-17T10:41:52+00:00","og_image":[{"width":1000,"height":667,"url":"https:\/\/fr.motocrossmag.be\/wp-content\/uploads\/2016\/01\/Salon-bxl-2016_IMG_9158.jpg","type":"image\/jpeg"}],"author":"oliviere","twitter_card":"summary_large_image","twitter_misc":{"\u00c9crit par":"oliviere","Dur\u00e9e de lecture estim\u00e9e":"2 minutes"},"schema":{"@context":"https:\/\/schema.org","@graph":[{"@type":"Article","@id":"https:\/\/fr.motocrossmag.be\/index.php\/2021\/09\/il-y-aura-t-il-un-salon-a-bruxelles-en-janvier-2022\/#article","isPartOf":{"@id":"https:\/\/fr.motocrossmag.be\/index.php\/2021\/09\/il-y-aura-t-il-un-salon-a-bruxelles-en-janvier-2022\/"},"author":{"name":"oliviere","@id":"https:\/\/fr.motocrossmag.be\/#\/schema\/person\/11b47143d9f755babca2c9110e03235c"},"headline":"Il y aura-t-il un salon \u00e0 Bruxelles en janvier 2022 ?","datePublished":"2021-09-17T10:40:38+00:00","dateModified":"2021-09-17T10:41:52+00:00","mainEntityOfPage":{"@id":"https:\/\/fr.motocrossmag.be\/index.php\/2021\/09\/il-y-aura-t-il-un-salon-a-bruxelles-en-janvier-2022\/"},"wordCount":364,"commentCount":0,"image":{"@id":"https:\/\/fr.motocrossmag.be\/index.php\/2021\/09\/il-y-aura-t-il-un-salon-a-bruxelles-en-janvier-2022\/#primaryimage"},"thumbnailUrl":"https:\/\/fr.motocrossmag.be\/wp-content\/uploads\/2016\/01\/Salon-bxl-2016_IMG_9158.jpg","keywords":["Enduro","Motocross","salon de bruxelles"],"articleSection":["Actualit\u00e9","Motocross","News","Slideshow"],"inLanguage":"fr-FR","potentialAction":[{"@type":"CommentAction","name":"Comment","target":["https:\/\/fr.motocrossmag.be\/index.php\/2021\/09\/il-y-aura-t-il-un-salon-a-bruxelles-en-janvier-2022\/#respond"]}]},{"@type":"WebPage","@id":"https:\/\/fr.motocrossmag.be\/index.php\/2021\/09\/il-y-aura-t-il-un-salon-a-bruxelles-en-janvier-2022\/","url":"https:\/\/fr.motocrossmag.be\/index.php\/2021\/09\/il-y-aura-t-il-un-salon-a-bruxelles-en-janvier-2022\/","name":"Il y aura-t-il un salon \u00e0 Bruxelles en janvier 2022 ? - Motocross - Enduro - Supermoto | MotocrossMag","isPartOf":{"@id":"https:\/\/fr.motocrossmag.be\/#website"},"primaryImageOfPage":{"@id":"https:\/\/fr.motocrossmag.be\/index.php\/2021\/09\/il-y-aura-t-il-un-salon-a-bruxelles-en-janvier-2022\/#primaryimage"},"image":{"@id":"https:\/\/fr.motocrossmag.be\/index.php\/2021\/09\/il-y-aura-t-il-un-salon-a-bruxelles-en-janvier-2022\/#primaryimage"},"thumbnailUrl":"https:\/\/fr.motocrossmag.be\/wp-content\/uploads\/2016\/01\/Salon-bxl-2016_IMG_9158.jpg","datePublished":"2021-09-17T10:40:38+00:00","dateModified":"2021-09-17T10:41:52+00:00","author":{"@id":"https:\/\/fr.motocrossmag.be\/#\/schema\/person\/11b47143d9f755babca2c9110e03235c"},"breadcrumb":{"@id":"https:\/\/fr.motocrossmag.be\/index.php\/2021\/09\/il-y-aura-t-il-un-salon-a-bruxelles-en-janvier-2022\/#breadcrumb"},"inLanguage":"fr-FR","potentialAction":[{"@type":"ReadAction","target":["https:\/\/fr.motocrossmag.be\/index.php\/2021\/09\/il-y-aura-t-il-un-salon-a-bruxelles-en-janvier-2022\/"]}]},{"@type":"ImageObject","inLanguage":"fr-FR","@id":"https:\/\/fr.motocrossmag.be\/index.php\/2021\/09\/il-y-aura-t-il-un-salon-a-bruxelles-en-janvier-2022\/#primaryimage","url":"https:\/\/fr.motocrossmag.be\/wp-content\/uploads\/2016\/01\/Salon-bxl-2016_IMG_9158.jpg","contentUrl":"https:\/\/fr.motocrossmag.be\/wp-content\/uploads\/2016\/01\/Salon-bxl-2016_IMG_9158.jpg","width":1000,"height":667},{"@type":"BreadcrumbList","@id":"https:\/\/fr.motocrossmag.be\/index.php\/2021\/09\/il-y-aura-t-il-un-salon-a-bruxelles-en-janvier-2022\/#breadcrumb","itemListElement":[{"@type":"ListItem","position":1,"name":"Accueil","item":"https:\/\/fr.motocrossmag.be\/"},{"@type":"ListItem","position":2,"name":"Il y aura-t-il un salon \u00e0 Bruxelles en janvier 2022 ?"}]},{"@type":"WebSite","@id":"https:\/\/fr.motocrossmag.be\/#website","url":"https:\/\/fr.motocrossmag.be\/","name":"Motocross - Enduro - Supermoto | MotocrossMag","description":"L&#039;actualit\u00e9 du motocross, de l&#039;enduro et du Supermoto en ligne!","potentialAction":[{"@type":"SearchAction","target":{"@type":"EntryPoint","urlTemplate":"https:\/\/fr.motocrossmag.be\/?s={search_term_string}"},"query-input":{"@type":"PropertyValueSpecification","valueRequired":true,"valueName":"search_term_string"}}],"inLanguage":"fr-FR"},{"@type":"Person","@id":"https:\/\/fr.motocrossmag.be\/#\/schema\/person\/11b47143d9f755babca2c9110e03235c","name":"oliviere","image":{"@type":"ImageObject","inLanguage":"fr-FR","@id":"https:\/\/secure.gravatar.com\/avatar\/907069e0b81d119452040469e4a7501da1100f54f7f80180ce77bfab718288f6?s=96&d=mm&r=g","url":"https:\/\/secure.gravatar.com\/avatar\/907069e0b81d119452040469e4a7501da1100f54f7f80180ce77bfab718288f6?s=96&d=mm&r=g","contentUrl":"https:\/\/secure.gravatar.com\/avatar\/907069e0b81d119452040469e4a7501da1100f54f7f80180ce77bfab718288f6?s=96&d=mm&r=g","caption":"oliviere"},"sameAs":["http:\/\/www.motocrossmag.be"],"url":"https:\/\/fr.motocrossmag.be\/index.php\/author\/oliviere\/"}]}},"_links":{"self":[{"href":"https:\/\/fr.motocrossmag.be\/index.php\/wp-json\/wp\/v2\/posts\/112505","targetHints":{"allow":["GET"]}}],"collection":[{"href":"https:\/\/fr.motocrossmag.be\/index.php\/wp-json\/wp\/v2\/posts"}],"about":[{"href":"https:\/\/fr.motocrossmag.be\/index.php\/wp-json\/wp\/v2\/types\/post"}],"author":[{"embeddable":true,"href":"https:\/\/fr.motocrossmag.be\/index.php\/wp-json\/wp\/v2\/users\/932"}],"replies":[{"embeddable":true,"href":"https:\/\/fr.motocrossmag.be\/index.php\/wp-json\/wp\/v2\/comments?post=112505"}],"version-history":[{"count":1,"href":"https:\/\/fr.motocrossmag.be\/index.php\/wp-json\/wp\/v2\/posts\/112505\/revisions"}],"predecessor-version":[{"id":112506,"href":"https:\/\/fr.motocrossmag.be\/index.php\/wp-json\/wp\/v2\/posts\/112505\/revisions\/112506"}],"wp:featuredmedia":[{"embeddable":true,"href":"https:\/\/fr.motocrossmag.be\/index.php\/wp-json\/wp\/v2\/media\/41979"}],"wp:attachment":[{"href":"https:\/\/fr.motocrossmag.be\/index.php\/wp-json\/wp\/v2\/media?parent=112505"}],"wp:term":[{"taxonomy":"category","embeddable":true,"href":"https:\/\/fr.motocrossmag.be\/index.php\/wp-json\/wp\/v2\/categories?post=112505"},{"taxonomy":"post_tag","embeddable":true,"href":"https:\/\/fr.motocrossmag.be\/index.php\/wp-json\/wp\/v2\/tags?post=112505"}],"curies":[{"name":"wp","href":"https:\/\/api.w.org\/{rel}","templated":true}]}}