{"id":112508,"date":"2021-09-17T13:07:10","date_gmt":"2021-09-17T11:07:10","guid":{"rendered":"http:\/\/fr.motocrossmag.be\/?p=112508"},"modified":"2021-09-17T13:07:10","modified_gmt":"2021-09-17T11:07:10","slug":"clavicule-fracturee-pour-tim-gajser","status":"publish","type":"post","link":"https:\/\/fr.motocrossmag.be\/index.php\/2021\/09\/clavicule-fracturee-pour-tim-gajser\/","title":{"rendered":"Clavicule fractur\u00e9e pour Tim Gajser"},"content":{"rendered":"<p><strong>Tim Gajser \u00e9tait la semaine pass\u00e9e en Croatie pour y pr\u00e9parer dans le sable l&rsquo;\u00e9preuve de Riola Sardo, 10\u00e8me round de la saison MXGP ce dimanche. Le leader du classement provisoire y a chut\u00e9 le vendredi et s&rsquo;est factur\u00e9 la clavicule dans l&rsquo;accident.<\/strong><\/p>\n<p>Si aucun communiqu\u00e9 officiel de la part de Honda ne fait \u00e9tat de la blessure de Gajser, on sait que le Slov\u00e8ne a \u00e9t\u00e9 op\u00e9r\u00e9 le samedi et devrait \u00eatre au d\u00e9part du GP de Riola Sardo ce dimanche pour y d\u00e9fendre son leadership au classement provisoire MXGP.<\/p>\n<p><img decoding=\"async\" class=\"lazyload aligncenter size-full wp-image-111736\" src=\"http:\/\/fr.motocrossmag.be\/wp-content\/uploads\/2021\/08\/gajser_kegums-mxgp.jpg\" data-orig-src=\"http:\/\/fr.motocrossmag.be\/wp-content\/uploads\/2021\/08\/gajser_kegums-mxgp.jpg\" alt=\"\" width=\"900\" height=\"600\" srcset=\"data:image\/svg+xml,%3Csvg%20xmlns%3D%27http%3A%2F%2Fwww.w3.org%2F2000%2Fsvg%27%20width%3D%27900%27%20height%3D%27600%27%20viewBox%3D%270%200%20900%20600%27%3E%3Crect%20width%3D%27900%27%20height%3D%27600%27%20fill-opacity%3D%220%22%2F%3E%3C%2Fsvg%3E\" data-srcset=\"https:\/\/fr.motocrossmag.be\/wp-content\/uploads\/2021\/08\/gajser_kegums-mxgp-650x433.jpg 650w, https:\/\/fr.motocrossmag.be\/wp-content\/uploads\/2021\/08\/gajser_kegums-mxgp-768x512.jpg 768w, https:\/\/fr.motocrossmag.be\/wp-content\/uploads\/2021\/08\/gajser_kegums-mxgp.jpg 900w\" data-sizes=\"auto\" data-orig-sizes=\"(max-width: 900px) 100vw, 900px\" \/><\/p>\n<p>Dans la course \u00e0 un 4\u00e8me titre mondial dans la cat\u00e9gorie reine (qui serait le 3\u00e8me cons\u00e9cutif pour le pilote Honda apr\u00e8s un premier titre en 2016), Tim Gajser compte en arrivant en Italie un avantage de 28 points sur Romain Febvre, lui-m\u00eame suivi \u00e0 un point par Antonio Cairoli alors que Herlings et Prado sont respectivement \u00e0 5 et 11 points derri\u00e8re TC222. Bref, les positions sont serr\u00e9es et un seul GP en demi-teinte pour Gajser pourrait rapidement redistribuer les cartes au sommet de la hi\u00e9rarchie MXGP.<\/p>\n","protected":false},"excerpt":{"rendered":"<p>Tim Gajser \u00e9tait la semaine pass\u00e9e en Croatie pour y pr\u00e9parer dans le sable l&rsquo;\u00e9preuve de Riola Sardo, 10\u00e8me round de la saison MXGP ce dimanche. Le leader du classement [&#8230;]<\/p>\n","protected":false},"author":932,"featured_media":108036,"comment_status":"open","ping_status":"closed","sticky":false,"template":"","format":"standard","meta":{"footnotes":""},"categories":[54,4,6,5,55,65],"tags":[124,947,568,780],"class_list":["post-112508","post","type-post","status-publish","format-standard","has-post-thumbnail","hentry","category-actualite","category-motocross","category-mx1mx2","category-news","category-news-actualite","category-slideshow","tag-honda","tag-motocross","tag-mxgp","tag-tim-gajser"],"yoast_head":"<!-- This site is optimized with the Yoast SEO plugin v27.4 - https:\/\/yoast.com\/product\/yoast-seo-wordpress\/ -->\n<title>Clavicule fractur\u00e9e pour Tim Gajser - Motocross - Enduro - Supermoto | MotocrossMag<\/title>\n<meta name=\"robots\" content=\"index, follow, max-snippet:-1, max-image-preview:large, max-video-preview:-1\" \/>\n<link rel=\"canonical\" href=\"https:\/\/fr.motocrossmag.be\/index.php\/2021\/09\/clavicule-fracturee-pour-tim-gajser\/\" \/>\n<meta property=\"og:locale\" content=\"fr_FR\" \/>\n<meta property=\"og:type\" content=\"article\" \/>\n<meta property=\"og:title\" content=\"Clavicule fractur\u00e9e pour Tim Gajser - Motocross - Enduro - Supermoto | MotocrossMag\" \/>\n<meta property=\"og:description\" content=\"Tim Gajser \u00e9tait la semaine pass\u00e9e en Croatie pour y pr\u00e9parer dans le sable l&rsquo;\u00e9preuve de Riola Sardo, 10\u00e8me round de la saison MXGP ce dimanche. Le leader du classement [...]\" \/>\n<meta property=\"og:url\" content=\"https:\/\/fr.motocrossmag.be\/index.php\/2021\/09\/clavicule-fracturee-pour-tim-gajser\/\" \/>\n<meta property=\"og:site_name\" content=\"Motocross - Enduro - Supermoto | MotocrossMag\" \/>\n<meta property=\"article:published_time\" content=\"2021-09-17T11:07:10+00:00\" \/>\n<meta property=\"og:image\" content=\"https:\/\/fr.motocrossmag.be\/wp-content\/uploads\/2021\/02\/gajser-tim-back.jpg\" \/>\n\t<meta property=\"og:image:width\" content=\"800\" \/>\n\t<meta property=\"og:image:height\" content=\"533\" \/>\n\t<meta property=\"og:image:type\" content=\"image\/jpeg\" \/>\n<meta name=\"author\" content=\"oliviere\" \/>\n<meta name=\"twitter:card\" content=\"summary_large_image\" \/>\n<meta name=\"twitter:label1\" content=\"\u00c9crit par\" \/>\n\t<meta name=\"twitter:data1\" content=\"oliviere\" \/>\n\t<meta name=\"twitter:label2\" content=\"Dur\u00e9e de lecture estim\u00e9e\" \/>\n\t<meta name=\"twitter:data2\" content=\"1 minute\" \/>\n<script type=\"application\/ld+json\" class=\"yoast-schema-graph\">{\"@context\":\"https:\\\/\\\/schema.org\",\"@graph\":[{\"@type\":\"Article\",\"@id\":\"https:\\\/\\\/fr.motocrossmag.be\\\/index.php\\\/2021\\\/09\\\/clavicule-fracturee-pour-tim-gajser\\\/#article\",\"isPartOf\":{\"@id\":\"https:\\\/\\\/fr.motocrossmag.be\\\/index.php\\\/2021\\\/09\\\/clavicule-fracturee-pour-tim-gajser\\\/\"},\"author\":{\"name\":\"oliviere\",\"@id\":\"https:\\\/\\\/fr.motocrossmag.be\\\/#\\\/schema\\\/person\\\/11b47143d9f755babca2c9110e03235c\"},\"headline\":\"Clavicule fractur\u00e9e pour Tim Gajser\",\"datePublished\":\"2021-09-17T11:07:10+00:00\",\"mainEntityOfPage\":{\"@id\":\"https:\\\/\\\/fr.motocrossmag.be\\\/index.php\\\/2021\\\/09\\\/clavicule-fracturee-pour-tim-gajser\\\/\"},\"wordCount\":194,\"commentCount\":0,\"image\":{\"@id\":\"https:\\\/\\\/fr.motocrossmag.be\\\/index.php\\\/2021\\\/09\\\/clavicule-fracturee-pour-tim-gajser\\\/#primaryimage\"},\"thumbnailUrl\":\"https:\\\/\\\/fr.motocrossmag.be\\\/wp-content\\\/uploads\\\/2021\\\/02\\\/gajser-tim-back.jpg\",\"keywords\":[\"honda\",\"Motocross\",\"MXGP\",\"tim gajser\"],\"articleSection\":[\"Actualit\u00e9\",\"Motocross\",\"Motocross MXGP\",\"News\",\"News\",\"Slideshow\"],\"inLanguage\":\"fr-FR\",\"potentialAction\":[{\"@type\":\"CommentAction\",\"name\":\"Comment\",\"target\":[\"https:\\\/\\\/fr.motocrossmag.be\\\/index.php\\\/2021\\\/09\\\/clavicule-fracturee-pour-tim-gajser\\\/#respond\"]}]},{\"@type\":\"WebPage\",\"@id\":\"https:\\\/\\\/fr.motocrossmag.be\\\/index.php\\\/2021\\\/09\\\/clavicule-fracturee-pour-tim-gajser\\\/\",\"url\":\"https:\\\/\\\/fr.motocrossmag.be\\\/index.php\\\/2021\\\/09\\\/clavicule-fracturee-pour-tim-gajser\\\/\",\"name\":\"Clavicule fractur\u00e9e pour Tim Gajser - Motocross - Enduro - Supermoto | MotocrossMag\",\"isPartOf\":{\"@id\":\"https:\\\/\\\/fr.motocrossmag.be\\\/#website\"},\"primaryImageOfPage\":{\"@id\":\"https:\\\/\\\/fr.motocrossmag.be\\\/index.php\\\/2021\\\/09\\\/clavicule-fracturee-pour-tim-gajser\\\/#primaryimage\"},\"image\":{\"@id\":\"https:\\\/\\\/fr.motocrossmag.be\\\/index.php\\\/2021\\\/09\\\/clavicule-fracturee-pour-tim-gajser\\\/#primaryimage\"},\"thumbnailUrl\":\"https:\\\/\\\/fr.motocrossmag.be\\\/wp-content\\\/uploads\\\/2021\\\/02\\\/gajser-tim-back.jpg\",\"datePublished\":\"2021-09-17T11:07:10+00:00\",\"author\":{\"@id\":\"https:\\\/\\\/fr.motocrossmag.be\\\/#\\\/schema\\\/person\\\/11b47143d9f755babca2c9110e03235c\"},\"breadcrumb\":{\"@id\":\"https:\\\/\\\/fr.motocrossmag.be\\\/index.php\\\/2021\\\/09\\\/clavicule-fracturee-pour-tim-gajser\\\/#breadcrumb\"},\"inLanguage\":\"fr-FR\",\"potentialAction\":[{\"@type\":\"ReadAction\",\"target\":[\"https:\\\/\\\/fr.motocrossmag.be\\\/index.php\\\/2021\\\/09\\\/clavicule-fracturee-pour-tim-gajser\\\/\"]}]},{\"@type\":\"ImageObject\",\"inLanguage\":\"fr-FR\",\"@id\":\"https:\\\/\\\/fr.motocrossmag.be\\\/index.php\\\/2021\\\/09\\\/clavicule-fracturee-pour-tim-gajser\\\/#primaryimage\",\"url\":\"https:\\\/\\\/fr.motocrossmag.be\\\/wp-content\\\/uploads\\\/2021\\\/02\\\/gajser-tim-back.jpg\",\"contentUrl\":\"https:\\\/\\\/fr.motocrossmag.be\\\/wp-content\\\/uploads\\\/2021\\\/02\\\/gajser-tim-back.jpg\",\"width\":800,\"height\":533},{\"@type\":\"BreadcrumbList\",\"@id\":\"https:\\\/\\\/fr.motocrossmag.be\\\/index.php\\\/2021\\\/09\\\/clavicule-fracturee-pour-tim-gajser\\\/#breadcrumb\",\"itemListElement\":[{\"@type\":\"ListItem\",\"position\":1,\"name\":\"Accueil\",\"item\":\"https:\\\/\\\/fr.motocrossmag.be\\\/\"},{\"@type\":\"ListItem\",\"position\":2,\"name\":\"Clavicule fractur\u00e9e pour Tim Gajser\"}]},{\"@type\":\"WebSite\",\"@id\":\"https:\\\/\\\/fr.motocrossmag.be\\\/#website\",\"url\":\"https:\\\/\\\/fr.motocrossmag.be\\\/\",\"name\":\"Motocross - Enduro - Supermoto | MotocrossMag\",\"description\":\"L&#039;actualit\u00e9 du motocross, de l&#039;enduro et du Supermoto en ligne!\",\"potentialAction\":[{\"@type\":\"SearchAction\",\"target\":{\"@type\":\"EntryPoint\",\"urlTemplate\":\"https:\\\/\\\/fr.motocrossmag.be\\\/?s={search_term_string}\"},\"query-input\":{\"@type\":\"PropertyValueSpecification\",\"valueRequired\":true,\"valueName\":\"search_term_string\"}}],\"inLanguage\":\"fr-FR\"},{\"@type\":\"Person\",\"@id\":\"https:\\\/\\\/fr.motocrossmag.be\\\/#\\\/schema\\\/person\\\/11b47143d9f755babca2c9110e03235c\",\"name\":\"oliviere\",\"image\":{\"@type\":\"ImageObject\",\"inLanguage\":\"fr-FR\",\"@id\":\"https:\\\/\\\/secure.gravatar.com\\\/avatar\\\/907069e0b81d119452040469e4a7501da1100f54f7f80180ce77bfab718288f6?s=96&d=mm&r=g\",\"url\":\"https:\\\/\\\/secure.gravatar.com\\\/avatar\\\/907069e0b81d119452040469e4a7501da1100f54f7f80180ce77bfab718288f6?s=96&d=mm&r=g\",\"contentUrl\":\"https:\\\/\\\/secure.gravatar.com\\\/avatar\\\/907069e0b81d119452040469e4a7501da1100f54f7f80180ce77bfab718288f6?s=96&d=mm&r=g\",\"caption\":\"oliviere\"},\"sameAs\":[\"http:\\\/\\\/www.motocrossmag.be\"],\"url\":\"https:\\\/\\\/fr.motocrossmag.be\\\/index.php\\\/author\\\/oliviere\\\/\"}]}<\/script>\n<!-- \/ Yoast SEO plugin. -->","yoast_head_json":{"title":"Clavicule fractur\u00e9e pour Tim Gajser - Motocross - Enduro - Supermoto | MotocrossMag","robots":{"index":"index","follow":"follow","max-snippet":"max-snippet:-1","max-image-preview":"max-image-preview:large","max-video-preview":"max-video-preview:-1"},"canonical":"https:\/\/fr.motocrossmag.be\/index.php\/2021\/09\/clavicule-fracturee-pour-tim-gajser\/","og_locale":"fr_FR","og_type":"article","og_title":"Clavicule fractur\u00e9e pour Tim Gajser - Motocross - Enduro - Supermoto | MotocrossMag","og_description":"Tim Gajser \u00e9tait la semaine pass\u00e9e en Croatie pour y pr\u00e9parer dans le sable l&rsquo;\u00e9preuve de Riola Sardo, 10\u00e8me round de la saison MXGP ce dimanche. Le leader du classement [...]","og_url":"https:\/\/fr.motocrossmag.be\/index.php\/2021\/09\/clavicule-fracturee-pour-tim-gajser\/","og_site_name":"Motocross - Enduro - Supermoto | MotocrossMag","article_published_time":"2021-09-17T11:07:10+00:00","og_image":[{"width":800,"height":533,"url":"https:\/\/fr.motocrossmag.be\/wp-content\/uploads\/2021\/02\/gajser-tim-back.jpg","type":"image\/jpeg"}],"author":"oliviere","twitter_card":"summary_large_image","twitter_misc":{"\u00c9crit par":"oliviere","Dur\u00e9e de lecture estim\u00e9e":"1 minute"},"schema":{"@context":"https:\/\/schema.org","@graph":[{"@type":"Article","@id":"https:\/\/fr.motocrossmag.be\/index.php\/2021\/09\/clavicule-fracturee-pour-tim-gajser\/#article","isPartOf":{"@id":"https:\/\/fr.motocrossmag.be\/index.php\/2021\/09\/clavicule-fracturee-pour-tim-gajser\/"},"author":{"name":"oliviere","@id":"https:\/\/fr.motocrossmag.be\/#\/schema\/person\/11b47143d9f755babca2c9110e03235c"},"headline":"Clavicule fractur\u00e9e pour Tim Gajser","datePublished":"2021-09-17T11:07:10+00:00","mainEntityOfPage":{"@id":"https:\/\/fr.motocrossmag.be\/index.php\/2021\/09\/clavicule-fracturee-pour-tim-gajser\/"},"wordCount":194,"commentCount":0,"image":{"@id":"https:\/\/fr.motocrossmag.be\/index.php\/2021\/09\/clavicule-fracturee-pour-tim-gajser\/#primaryimage"},"thumbnailUrl":"https:\/\/fr.motocrossmag.be\/wp-content\/uploads\/2021\/02\/gajser-tim-back.jpg","keywords":["honda","Motocross","MXGP","tim gajser"],"articleSection":["Actualit\u00e9","Motocross","Motocross MXGP","News","News","Slideshow"],"inLanguage":"fr-FR","potentialAction":[{"@type":"CommentAction","name":"Comment","target":["https:\/\/fr.motocrossmag.be\/index.php\/2021\/09\/clavicule-fracturee-pour-tim-gajser\/#respond"]}]},{"@type":"WebPage","@id":"https:\/\/fr.motocrossmag.be\/index.php\/2021\/09\/clavicule-fracturee-pour-tim-gajser\/","url":"https:\/\/fr.motocrossmag.be\/index.php\/2021\/09\/clavicule-fracturee-pour-tim-gajser\/","name":"Clavicule fractur\u00e9e pour Tim Gajser - Motocross - Enduro - Supermoto | MotocrossMag","isPartOf":{"@id":"https:\/\/fr.motocrossmag.be\/#website"},"primaryImageOfPage":{"@id":"https:\/\/fr.motocrossmag.be\/index.php\/2021\/09\/clavicule-fracturee-pour-tim-gajser\/#primaryimage"},"image":{"@id":"https:\/\/fr.motocrossmag.be\/index.php\/2021\/09\/clavicule-fracturee-pour-tim-gajser\/#primaryimage"},"thumbnailUrl":"https:\/\/fr.motocrossmag.be\/wp-content\/uploads\/2021\/02\/gajser-tim-back.jpg","datePublished":"2021-09-17T11:07:10+00:00","author":{"@id":"https:\/\/fr.motocrossmag.be\/#\/schema\/person\/11b47143d9f755babca2c9110e03235c"},"breadcrumb":{"@id":"https:\/\/fr.motocrossmag.be\/index.php\/2021\/09\/clavicule-fracturee-pour-tim-gajser\/#breadcrumb"},"inLanguage":"fr-FR","potentialAction":[{"@type":"ReadAction","target":["https:\/\/fr.motocrossmag.be\/index.php\/2021\/09\/clavicule-fracturee-pour-tim-gajser\/"]}]},{"@type":"ImageObject","inLanguage":"fr-FR","@id":"https:\/\/fr.motocrossmag.be\/index.php\/2021\/09\/clavicule-fracturee-pour-tim-gajser\/#primaryimage","url":"https:\/\/fr.motocrossmag.be\/wp-content\/uploads\/2021\/02\/gajser-tim-back.jpg","contentUrl":"https:\/\/fr.motocrossmag.be\/wp-content\/uploads\/2021\/02\/gajser-tim-back.jpg","width":800,"height":533},{"@type":"BreadcrumbList","@id":"https:\/\/fr.motocrossmag.be\/index.php\/2021\/09\/clavicule-fracturee-pour-tim-gajser\/#breadcrumb","itemListElement":[{"@type":"ListItem","position":1,"name":"Accueil","item":"https:\/\/fr.motocrossmag.be\/"},{"@type":"ListItem","position":2,"name":"Clavicule fractur\u00e9e pour Tim Gajser"}]},{"@type":"WebSite","@id":"https:\/\/fr.motocrossmag.be\/#website","url":"https:\/\/fr.motocrossmag.be\/","name":"Motocross - Enduro - Supermoto | MotocrossMag","description":"L&#039;actualit\u00e9 du motocross, de l&#039;enduro et du Supermoto en ligne!","potentialAction":[{"@type":"SearchAction","target":{"@type":"EntryPoint","urlTemplate":"https:\/\/fr.motocrossmag.be\/?s={search_term_string}"},"query-input":{"@type":"PropertyValueSpecification","valueRequired":true,"valueName":"search_term_string"}}],"inLanguage":"fr-FR"},{"@type":"Person","@id":"https:\/\/fr.motocrossmag.be\/#\/schema\/person\/11b47143d9f755babca2c9110e03235c","name":"oliviere","image":{"@type":"ImageObject","inLanguage":"fr-FR","@id":"https:\/\/secure.gravatar.com\/avatar\/907069e0b81d119452040469e4a7501da1100f54f7f80180ce77bfab718288f6?s=96&d=mm&r=g","url":"https:\/\/secure.gravatar.com\/avatar\/907069e0b81d119452040469e4a7501da1100f54f7f80180ce77bfab718288f6?s=96&d=mm&r=g","contentUrl":"https:\/\/secure.gravatar.com\/avatar\/907069e0b81d119452040469e4a7501da1100f54f7f80180ce77bfab718288f6?s=96&d=mm&r=g","caption":"oliviere"},"sameAs":["http:\/\/www.motocrossmag.be"],"url":"https:\/\/fr.motocrossmag.be\/index.php\/author\/oliviere\/"}]}},"_links":{"self":[{"href":"https:\/\/fr.motocrossmag.be\/index.php\/wp-json\/wp\/v2\/posts\/112508","targetHints":{"allow":["GET"]}}],"collection":[{"href":"https:\/\/fr.motocrossmag.be\/index.php\/wp-json\/wp\/v2\/posts"}],"about":[{"href":"https:\/\/fr.motocrossmag.be\/index.php\/wp-json\/wp\/v2\/types\/post"}],"author":[{"embeddable":true,"href":"https:\/\/fr.motocrossmag.be\/index.php\/wp-json\/wp\/v2\/users\/932"}],"replies":[{"embeddable":true,"href":"https:\/\/fr.motocrossmag.be\/index.php\/wp-json\/wp\/v2\/comments?post=112508"}],"version-history":[{"count":0,"href":"https:\/\/fr.motocrossmag.be\/index.php\/wp-json\/wp\/v2\/posts\/112508\/revisions"}],"wp:featuredmedia":[{"embeddable":true,"href":"https:\/\/fr.motocrossmag.be\/index.php\/wp-json\/wp\/v2\/media\/108036"}],"wp:attachment":[{"href":"https:\/\/fr.motocrossmag.be\/index.php\/wp-json\/wp\/v2\/media?parent=112508"}],"wp:term":[{"taxonomy":"category","embeddable":true,"href":"https:\/\/fr.motocrossmag.be\/index.php\/wp-json\/wp\/v2\/categories?post=112508"},{"taxonomy":"post_tag","embeddable":true,"href":"https:\/\/fr.motocrossmag.be\/index.php\/wp-json\/wp\/v2\/tags?post=112508"}],"curies":[{"name":"wp","href":"https:\/\/api.w.org\/{rel}","templated":true}]}}