{"id":112512,"date":"2021-09-18T09:40:32","date_gmt":"2021-09-18T07:40:32","guid":{"rendered":"http:\/\/fr.motocrossmag.be\/?p=112512"},"modified":"2021-09-18T09:40:32","modified_gmt":"2021-09-18T07:40:32","slug":"liam-everts-dispute-son-premier-gp-en-italie-du-stress-positif","status":"publish","type":"post","link":"https:\/\/fr.motocrossmag.be\/index.php\/2021\/09\/liam-everts-dispute-son-premier-gp-en-italie-du-stress-positif\/","title":{"rendered":"Liam Everts dispute son premier GP en Italie : \u00ab\u00a0Du stress positif !\u00a0\u00bb"},"content":{"rendered":"<p><strong>Liam Everts dispute ce dimanche le premier GP de sa carri\u00e8re. Le Limbourgeois sera au d\u00e9part du 10\u00e8me round de la saison MXGP \u00e0 Riola Sardo, en Italie, dans la cat\u00e9gorie MX2. Tout juste 15 ans apr\u00e8s que son p\u00e8re ait mis un terme \u00e0 son r\u00e8gne au sommet de la hi\u00e9rarchie du motocross mondial.<\/strong><\/p>\n<p>Avec 10 titres mondiaux et 101 victoires au compteur, Stefan Everts est encore aujourd&rsquo;hui, 15 ans apr\u00e8s avoir mis un terme \u00e0 sa carri\u00e8re sportive, le plus titr\u00e9 des pilotes de motocross. A pr\u00e9sent, c&rsquo;est son fils Liam, tout juste 17 ans, qui s&rsquo;appr\u00eate \u00e0 faire ses premiers tours de roues au plus haut niveau. Juste avant de porter pour la premi\u00e8re fois les couleurs belges sur le Motocross des Nations \u00e0 Mantova, le pilote KTM sera ce dimanche au d\u00e9part du GP de Riola Sardo.<\/p>\n<p>\u00ab\u00a0J&rsquo;arriverai sans doute stress\u00e9 sur la grille de d\u00e9part demain\u00a0\u00bb, confie ce samedi Liam \u00e0 notre confr\u00e8re Jurgen Schrooten dans Het Belang Van Limburg, \u00ab\u00a0mais c&rsquo;est tout-\u00e0-fait normal, c&rsquo;est du stress positif. Je serai moins stress\u00e9 je pense que le week-end dernier en Allemagne. L\u00e0, j&rsquo;\u00e9tais stress\u00e9 car cela faisait longtemps que je n&rsquo;avais plus roul\u00e9 sur un circuit dur. Ici, je ne me mets pas de pression inutile. Je veux avant tout apprendre. Dimanche soir, je veux quitter Riola Sardo avec un sentiment positif, quelle que soit le r\u00e9sultat.\u00a0\u00bb<\/p>\n<p><img decoding=\"async\" class=\"lazyload aligncenter size-full wp-image-105398\" src=\"http:\/\/fr.motocrossmag.be\/wp-content\/uploads\/2020\/09\/Faenza-41-1.jpg\" data-orig-src=\"http:\/\/fr.motocrossmag.be\/wp-content\/uploads\/2020\/09\/Faenza-41-1.jpg\" alt=\"\" width=\"1000\" height=\"666\" srcset=\"data:image\/svg+xml,%3Csvg%20xmlns%3D%27http%3A%2F%2Fwww.w3.org%2F2000%2Fsvg%27%20width%3D%271000%27%20height%3D%27666%27%20viewBox%3D%270%200%201000%20666%27%3E%3Crect%20width%3D%271000%27%20height%3D%27666%27%20fill-opacity%3D%220%22%2F%3E%3C%2Fsvg%3E\" data-srcset=\"https:\/\/fr.motocrossmag.be\/wp-content\/uploads\/2020\/09\/Faenza-41-1-650x433.jpg 650w, https:\/\/fr.motocrossmag.be\/wp-content\/uploads\/2020\/09\/Faenza-41-1-768x511.jpg 768w, https:\/\/fr.motocrossmag.be\/wp-content\/uploads\/2020\/09\/Faenza-41-1.jpg 1000w\" data-sizes=\"auto\" data-orig-sizes=\"(max-width: 1000px) 100vw, 1000px\" \/><\/p>\n<p>\u00ab\u00a0Ce qui compte pour moi\u00a0\u00bb, ajoute son p\u00e8re Stefan, \u00ab\u00a0c&rsquo;est que Liam se soit donn\u00e9 \u00e0 100%. Je pr\u00e9f\u00e8re qu&rsquo;il se batte pour une 23\u00e8me place que de prendre une 13\u00e8me place sans donner le meilleur de lui-m\u00eame. Je pense que Liam est bien pr\u00e9par\u00e9, certainement mieux que ce je ne l&rsquo;\u00e9tais lorsque j&rsquo;ai moi-m\u00eame disput\u00e9 mon premier GP. J&rsquo;avais 16 ans, c&rsquo;\u00e9tait \u00e0 Faenza, \u00e9galement en Italie donc. J&rsquo;avais termin\u00e9 24\u00e8me et 21\u00e8me dans les manches. Parker m&rsquo;avait doubl\u00e9 et j&rsquo;avais l&rsquo;impression qu&rsquo;il volait \u00e0 c\u00f4t\u00e9 de moi. Je pensais sinc\u00e8rement que je n&rsquo;y arriverais jamais.\u00a0\u00bb<\/p>\n<blockquote><p>\u00ab\u00a0J&rsquo;ai appris \u00e0 ne pas me soucier de ce que les gens attendent de moi.\u00a0\u00bb<\/p><\/blockquote>\n<p>\u00ab\u00a0Pour faire mieux que papa, je dois donc faire en sorte de ne pas \u00eatre doubl\u00e9\u00a0\u00bb, r\u00e9agit alors Liam qui sait aussi que son nom de famille suscite des attentes importantes de la part de nombreux fans comme aupr\u00e8s du grand public pour qui son p\u00e8re reste l&rsquo;ic\u00f4ne du motocross en Europe. \u00ab\u00a0Il y a quelques ann\u00e9es, j&rsquo;avais beaucoup plus de mal avec cela\u00a0\u00bb, explique-t-il, \u00ab\u00a0mais j&rsquo;ai depuis pas mal progress\u00e9 sur ce plan. Les gens doivent comprendre que ce n&rsquo;est pas parce que je m&rsquo;appelle Everts que je vais tout gagner. Je travaille depuis deux ans maintenant avec un psychologue sportif et cela m&rsquo;apporte beaucoup. Je suis aussi devenu plus adulte. J&rsquo;ai appris \u00e0 ne pas me soucier de ce que les autres pensent ou attendent de moi.\u00a0\u00bb<\/p>\n<p><img decoding=\"async\" class=\"lazyload aligncenter size-full wp-image-109954\" src=\"http:\/\/fr.motocrossmag.be\/wp-content\/uploads\/2021\/06\/everts-liam-action.jpg\" data-orig-src=\"http:\/\/fr.motocrossmag.be\/wp-content\/uploads\/2021\/06\/everts-liam-action.jpg\" alt=\"\" width=\"950\" height=\"600\" srcset=\"data:image\/svg+xml,%3Csvg%20xmlns%3D%27http%3A%2F%2Fwww.w3.org%2F2000%2Fsvg%27%20width%3D%27950%27%20height%3D%27600%27%20viewBox%3D%270%200%20950%20600%27%3E%3Crect%20width%3D%27950%27%20height%3D%27600%27%20fill-opacity%3D%220%22%2F%3E%3C%2Fsvg%3E\" data-srcset=\"https:\/\/fr.motocrossmag.be\/wp-content\/uploads\/2021\/06\/everts-liam-action-650x411.jpg 650w, https:\/\/fr.motocrossmag.be\/wp-content\/uploads\/2021\/06\/everts-liam-action-768x485.jpg 768w, https:\/\/fr.motocrossmag.be\/wp-content\/uploads\/2021\/06\/everts-liam-action.jpg 950w\" data-sizes=\"auto\" data-orig-sizes=\"(max-width: 950px) 100vw, 950px\" \/><\/p>\n<p>Actuellement 4\u00e8me du classement provisoire EMX250, Liam Everts sait d\u00e9j\u00e0 qu&rsquo;il passera sur le championnat du monde MX2 d\u00e8s la saison prochaine. \u00ab\u00a0Il est aujourd&rsquo;hui certain que je disputerai l&rsquo;int\u00e9gralit\u00e9 du mondial MX2 en 2022\u00a0\u00bb, explique le jeune Limbourgeois. \u00ab\u00a0J&rsquo;ai encore un contrat de deux ans avec KTM. A ce stade, on ne sait pas encore si ce sera \u00e0 nouveau dans mon propre team ou ailleurs. Les discussions sont en cours. Ce qui m&rsquo;importe, c&rsquo;est de pouvoir compter sur une bonne structure, qui me permette d&rsquo;atteindre mes objectifs.\u00a0\u00bb<\/p>\n<p>Pour l&rsquo;heure, les objectifs de Liam sont tourn\u00e9s vers la d\u00e9couverte du mondial MX2 et du Motocross des Nations d\u00e8s la semaine suivante. \u00ab\u00a0Apr\u00e8s les \u00e9pisodes que papa a travers\u00e9 avec la malaria, ce qui me rend le plus heureux, c&rsquo;est qu&rsquo;il soit \u00e0 mes c\u00f4t\u00e9s pour vivre mes d\u00e9buts en GP. Notre famille a travers\u00e9 une p\u00e9riode tr\u00e8s difficile, papa a fr\u00f4l\u00e9 la mort.\u00a0\u00bb<\/p>\n","protected":false},"excerpt":{"rendered":"<p>Liam Everts dispute ce dimanche le premier GP de sa carri\u00e8re. Le Limbourgeois sera au d\u00e9part du 10\u00e8me round de la saison MXGP \u00e0 Riola Sardo, en Italie, dans la [&#8230;]<\/p>\n","protected":false},"author":932,"featured_media":109564,"comment_status":"open","ping_status":"closed","sticky":false,"template":"","format":"standard","meta":{"footnotes":""},"categories":[54,7,58,4,6,5,55,65],"tags":[1247,947,568],"class_list":["post-112512","post","type-post","status-publish","format-standard","has-post-thumbnail","hentry","category-actualite","category-interviews","category-interviews-actualite","category-motocross","category-mx1mx2","category-news","category-news-actualite","category-slideshow","tag-liam-everts","tag-motocross","tag-mxgp"],"yoast_head":"<!-- This site is optimized with the Yoast SEO plugin v27.4 - https:\/\/yoast.com\/product\/yoast-seo-wordpress\/ -->\n<title>Liam Everts dispute son premier GP en Italie : &quot;Du stress positif !&quot; - Motocross - Enduro - Supermoto | MotocrossMag<\/title>\n<meta name=\"robots\" content=\"index, follow, max-snippet:-1, max-image-preview:large, max-video-preview:-1\" \/>\n<link rel=\"canonical\" href=\"https:\/\/fr.motocrossmag.be\/index.php\/2021\/09\/liam-everts-dispute-son-premier-gp-en-italie-du-stress-positif\/\" \/>\n<meta property=\"og:locale\" content=\"fr_FR\" \/>\n<meta property=\"og:type\" content=\"article\" \/>\n<meta property=\"og:title\" content=\"Liam Everts dispute son premier GP en Italie : &quot;Du stress positif !&quot; - Motocross - Enduro - Supermoto | MotocrossMag\" \/>\n<meta property=\"og:description\" content=\"Liam Everts dispute ce dimanche le premier GP de sa carri\u00e8re. Le Limbourgeois sera au d\u00e9part du 10\u00e8me round de la saison MXGP \u00e0 Riola Sardo, en Italie, dans la [...]\" \/>\n<meta property=\"og:url\" content=\"https:\/\/fr.motocrossmag.be\/index.php\/2021\/09\/liam-everts-dispute-son-premier-gp-en-italie-du-stress-positif\/\" \/>\n<meta property=\"og:site_name\" content=\"Motocross - Enduro - Supermoto | MotocrossMag\" \/>\n<meta property=\"article:published_time\" content=\"2021-09-18T07:40:32+00:00\" \/>\n<meta property=\"og:image\" content=\"https:\/\/fr.motocrossmag.be\/wp-content\/uploads\/2021\/05\/liam-everts-portrait-ktm-redbull.jpg\" \/>\n\t<meta property=\"og:image:width\" content=\"909\" \/>\n\t<meta property=\"og:image:height\" content=\"611\" \/>\n\t<meta property=\"og:image:type\" content=\"image\/jpeg\" \/>\n<meta name=\"author\" content=\"oliviere\" \/>\n<meta name=\"twitter:card\" content=\"summary_large_image\" \/>\n<meta name=\"twitter:label1\" content=\"\u00c9crit par\" \/>\n\t<meta name=\"twitter:data1\" content=\"oliviere\" \/>\n\t<meta name=\"twitter:label2\" content=\"Dur\u00e9e de lecture estim\u00e9e\" \/>\n\t<meta name=\"twitter:data2\" content=\"3 minutes\" \/>\n<script type=\"application\/ld+json\" class=\"yoast-schema-graph\">{\"@context\":\"https:\\\/\\\/schema.org\",\"@graph\":[{\"@type\":\"Article\",\"@id\":\"https:\\\/\\\/fr.motocrossmag.be\\\/index.php\\\/2021\\\/09\\\/liam-everts-dispute-son-premier-gp-en-italie-du-stress-positif\\\/#article\",\"isPartOf\":{\"@id\":\"https:\\\/\\\/fr.motocrossmag.be\\\/index.php\\\/2021\\\/09\\\/liam-everts-dispute-son-premier-gp-en-italie-du-stress-positif\\\/\"},\"author\":{\"name\":\"oliviere\",\"@id\":\"https:\\\/\\\/fr.motocrossmag.be\\\/#\\\/schema\\\/person\\\/11b47143d9f755babca2c9110e03235c\"},\"headline\":\"Liam Everts dispute son premier GP en Italie : \u00ab\u00a0Du stress positif !\u00a0\u00bb\",\"datePublished\":\"2021-09-18T07:40:32+00:00\",\"mainEntityOfPage\":{\"@id\":\"https:\\\/\\\/fr.motocrossmag.be\\\/index.php\\\/2021\\\/09\\\/liam-everts-dispute-son-premier-gp-en-italie-du-stress-positif\\\/\"},\"wordCount\":697,\"commentCount\":0,\"image\":{\"@id\":\"https:\\\/\\\/fr.motocrossmag.be\\\/index.php\\\/2021\\\/09\\\/liam-everts-dispute-son-premier-gp-en-italie-du-stress-positif\\\/#primaryimage\"},\"thumbnailUrl\":\"https:\\\/\\\/fr.motocrossmag.be\\\/wp-content\\\/uploads\\\/2021\\\/05\\\/liam-everts-portrait-ktm-redbull.jpg\",\"keywords\":[\"liam everts\",\"Motocross\",\"MXGP\"],\"articleSection\":[\"Actualit\u00e9\",\"Interviews\",\"Interviews -all\",\"Motocross\",\"Motocross MXGP\",\"News\",\"News\",\"Slideshow\"],\"inLanguage\":\"fr-FR\",\"potentialAction\":[{\"@type\":\"CommentAction\",\"name\":\"Comment\",\"target\":[\"https:\\\/\\\/fr.motocrossmag.be\\\/index.php\\\/2021\\\/09\\\/liam-everts-dispute-son-premier-gp-en-italie-du-stress-positif\\\/#respond\"]}]},{\"@type\":\"WebPage\",\"@id\":\"https:\\\/\\\/fr.motocrossmag.be\\\/index.php\\\/2021\\\/09\\\/liam-everts-dispute-son-premier-gp-en-italie-du-stress-positif\\\/\",\"url\":\"https:\\\/\\\/fr.motocrossmag.be\\\/index.php\\\/2021\\\/09\\\/liam-everts-dispute-son-premier-gp-en-italie-du-stress-positif\\\/\",\"name\":\"Liam Everts dispute son premier GP en Italie : \\\"Du stress positif !\\\" - Motocross - Enduro - Supermoto | MotocrossMag\",\"isPartOf\":{\"@id\":\"https:\\\/\\\/fr.motocrossmag.be\\\/#website\"},\"primaryImageOfPage\":{\"@id\":\"https:\\\/\\\/fr.motocrossmag.be\\\/index.php\\\/2021\\\/09\\\/liam-everts-dispute-son-premier-gp-en-italie-du-stress-positif\\\/#primaryimage\"},\"image\":{\"@id\":\"https:\\\/\\\/fr.motocrossmag.be\\\/index.php\\\/2021\\\/09\\\/liam-everts-dispute-son-premier-gp-en-italie-du-stress-positif\\\/#primaryimage\"},\"thumbnailUrl\":\"https:\\\/\\\/fr.motocrossmag.be\\\/wp-content\\\/uploads\\\/2021\\\/05\\\/liam-everts-portrait-ktm-redbull.jpg\",\"datePublished\":\"2021-09-18T07:40:32+00:00\",\"author\":{\"@id\":\"https:\\\/\\\/fr.motocrossmag.be\\\/#\\\/schema\\\/person\\\/11b47143d9f755babca2c9110e03235c\"},\"breadcrumb\":{\"@id\":\"https:\\\/\\\/fr.motocrossmag.be\\\/index.php\\\/2021\\\/09\\\/liam-everts-dispute-son-premier-gp-en-italie-du-stress-positif\\\/#breadcrumb\"},\"inLanguage\":\"fr-FR\",\"potentialAction\":[{\"@type\":\"ReadAction\",\"target\":[\"https:\\\/\\\/fr.motocrossmag.be\\\/index.php\\\/2021\\\/09\\\/liam-everts-dispute-son-premier-gp-en-italie-du-stress-positif\\\/\"]}]},{\"@type\":\"ImageObject\",\"inLanguage\":\"fr-FR\",\"@id\":\"https:\\\/\\\/fr.motocrossmag.be\\\/index.php\\\/2021\\\/09\\\/liam-everts-dispute-son-premier-gp-en-italie-du-stress-positif\\\/#primaryimage\",\"url\":\"https:\\\/\\\/fr.motocrossmag.be\\\/wp-content\\\/uploads\\\/2021\\\/05\\\/liam-everts-portrait-ktm-redbull.jpg\",\"contentUrl\":\"https:\\\/\\\/fr.motocrossmag.be\\\/wp-content\\\/uploads\\\/2021\\\/05\\\/liam-everts-portrait-ktm-redbull.jpg\",\"width\":909,\"height\":611,\"caption\":\"Stefan Everts and Liam Everts posing for a portrait in Gistoux, Belgium on March 20, 2021 \\\/\\\/ SI202103300656 \\\/\\\/ Usage for editorial use only \\\/\\\/\"},{\"@type\":\"BreadcrumbList\",\"@id\":\"https:\\\/\\\/fr.motocrossmag.be\\\/index.php\\\/2021\\\/09\\\/liam-everts-dispute-son-premier-gp-en-italie-du-stress-positif\\\/#breadcrumb\",\"itemListElement\":[{\"@type\":\"ListItem\",\"position\":1,\"name\":\"Accueil\",\"item\":\"https:\\\/\\\/fr.motocrossmag.be\\\/\"},{\"@type\":\"ListItem\",\"position\":2,\"name\":\"Liam Everts dispute son premier GP en Italie : \u00ab\u00a0Du stress positif !\u00a0\u00bb\"}]},{\"@type\":\"WebSite\",\"@id\":\"https:\\\/\\\/fr.motocrossmag.be\\\/#website\",\"url\":\"https:\\\/\\\/fr.motocrossmag.be\\\/\",\"name\":\"Motocross - Enduro - Supermoto | MotocrossMag\",\"description\":\"L&#039;actualit\u00e9 du motocross, de l&#039;enduro et du Supermoto en ligne!\",\"potentialAction\":[{\"@type\":\"SearchAction\",\"target\":{\"@type\":\"EntryPoint\",\"urlTemplate\":\"https:\\\/\\\/fr.motocrossmag.be\\\/?s={search_term_string}\"},\"query-input\":{\"@type\":\"PropertyValueSpecification\",\"valueRequired\":true,\"valueName\":\"search_term_string\"}}],\"inLanguage\":\"fr-FR\"},{\"@type\":\"Person\",\"@id\":\"https:\\\/\\\/fr.motocrossmag.be\\\/#\\\/schema\\\/person\\\/11b47143d9f755babca2c9110e03235c\",\"name\":\"oliviere\",\"image\":{\"@type\":\"ImageObject\",\"inLanguage\":\"fr-FR\",\"@id\":\"https:\\\/\\\/secure.gravatar.com\\\/avatar\\\/907069e0b81d119452040469e4a7501da1100f54f7f80180ce77bfab718288f6?s=96&d=mm&r=g\",\"url\":\"https:\\\/\\\/secure.gravatar.com\\\/avatar\\\/907069e0b81d119452040469e4a7501da1100f54f7f80180ce77bfab718288f6?s=96&d=mm&r=g\",\"contentUrl\":\"https:\\\/\\\/secure.gravatar.com\\\/avatar\\\/907069e0b81d119452040469e4a7501da1100f54f7f80180ce77bfab718288f6?s=96&d=mm&r=g\",\"caption\":\"oliviere\"},\"sameAs\":[\"http:\\\/\\\/www.motocrossmag.be\"],\"url\":\"https:\\\/\\\/fr.motocrossmag.be\\\/index.php\\\/author\\\/oliviere\\\/\"}]}<\/script>\n<!-- \/ Yoast SEO plugin. -->","yoast_head_json":{"title":"Liam Everts dispute son premier GP en Italie : \"Du stress positif !\" - Motocross - Enduro - Supermoto | MotocrossMag","robots":{"index":"index","follow":"follow","max-snippet":"max-snippet:-1","max-image-preview":"max-image-preview:large","max-video-preview":"max-video-preview:-1"},"canonical":"https:\/\/fr.motocrossmag.be\/index.php\/2021\/09\/liam-everts-dispute-son-premier-gp-en-italie-du-stress-positif\/","og_locale":"fr_FR","og_type":"article","og_title":"Liam Everts dispute son premier GP en Italie : \"Du stress positif !\" - Motocross - Enduro - Supermoto | MotocrossMag","og_description":"Liam Everts dispute ce dimanche le premier GP de sa carri\u00e8re. Le Limbourgeois sera au d\u00e9part du 10\u00e8me round de la saison MXGP \u00e0 Riola Sardo, en Italie, dans la [...]","og_url":"https:\/\/fr.motocrossmag.be\/index.php\/2021\/09\/liam-everts-dispute-son-premier-gp-en-italie-du-stress-positif\/","og_site_name":"Motocross - Enduro - Supermoto | MotocrossMag","article_published_time":"2021-09-18T07:40:32+00:00","og_image":[{"width":909,"height":611,"url":"https:\/\/fr.motocrossmag.be\/wp-content\/uploads\/2021\/05\/liam-everts-portrait-ktm-redbull.jpg","type":"image\/jpeg"}],"author":"oliviere","twitter_card":"summary_large_image","twitter_misc":{"\u00c9crit par":"oliviere","Dur\u00e9e de lecture estim\u00e9e":"3 minutes"},"schema":{"@context":"https:\/\/schema.org","@graph":[{"@type":"Article","@id":"https:\/\/fr.motocrossmag.be\/index.php\/2021\/09\/liam-everts-dispute-son-premier-gp-en-italie-du-stress-positif\/#article","isPartOf":{"@id":"https:\/\/fr.motocrossmag.be\/index.php\/2021\/09\/liam-everts-dispute-son-premier-gp-en-italie-du-stress-positif\/"},"author":{"name":"oliviere","@id":"https:\/\/fr.motocrossmag.be\/#\/schema\/person\/11b47143d9f755babca2c9110e03235c"},"headline":"Liam Everts dispute son premier GP en Italie : \u00ab\u00a0Du stress positif !\u00a0\u00bb","datePublished":"2021-09-18T07:40:32+00:00","mainEntityOfPage":{"@id":"https:\/\/fr.motocrossmag.be\/index.php\/2021\/09\/liam-everts-dispute-son-premier-gp-en-italie-du-stress-positif\/"},"wordCount":697,"commentCount":0,"image":{"@id":"https:\/\/fr.motocrossmag.be\/index.php\/2021\/09\/liam-everts-dispute-son-premier-gp-en-italie-du-stress-positif\/#primaryimage"},"thumbnailUrl":"https:\/\/fr.motocrossmag.be\/wp-content\/uploads\/2021\/05\/liam-everts-portrait-ktm-redbull.jpg","keywords":["liam everts","Motocross","MXGP"],"articleSection":["Actualit\u00e9","Interviews","Interviews -all","Motocross","Motocross MXGP","News","News","Slideshow"],"inLanguage":"fr-FR","potentialAction":[{"@type":"CommentAction","name":"Comment","target":["https:\/\/fr.motocrossmag.be\/index.php\/2021\/09\/liam-everts-dispute-son-premier-gp-en-italie-du-stress-positif\/#respond"]}]},{"@type":"WebPage","@id":"https:\/\/fr.motocrossmag.be\/index.php\/2021\/09\/liam-everts-dispute-son-premier-gp-en-italie-du-stress-positif\/","url":"https:\/\/fr.motocrossmag.be\/index.php\/2021\/09\/liam-everts-dispute-son-premier-gp-en-italie-du-stress-positif\/","name":"Liam Everts dispute son premier GP en Italie : \"Du stress positif !\" - Motocross - Enduro - Supermoto | MotocrossMag","isPartOf":{"@id":"https:\/\/fr.motocrossmag.be\/#website"},"primaryImageOfPage":{"@id":"https:\/\/fr.motocrossmag.be\/index.php\/2021\/09\/liam-everts-dispute-son-premier-gp-en-italie-du-stress-positif\/#primaryimage"},"image":{"@id":"https:\/\/fr.motocrossmag.be\/index.php\/2021\/09\/liam-everts-dispute-son-premier-gp-en-italie-du-stress-positif\/#primaryimage"},"thumbnailUrl":"https:\/\/fr.motocrossmag.be\/wp-content\/uploads\/2021\/05\/liam-everts-portrait-ktm-redbull.jpg","datePublished":"2021-09-18T07:40:32+00:00","author":{"@id":"https:\/\/fr.motocrossmag.be\/#\/schema\/person\/11b47143d9f755babca2c9110e03235c"},"breadcrumb":{"@id":"https:\/\/fr.motocrossmag.be\/index.php\/2021\/09\/liam-everts-dispute-son-premier-gp-en-italie-du-stress-positif\/#breadcrumb"},"inLanguage":"fr-FR","potentialAction":[{"@type":"ReadAction","target":["https:\/\/fr.motocrossmag.be\/index.php\/2021\/09\/liam-everts-dispute-son-premier-gp-en-italie-du-stress-positif\/"]}]},{"@type":"ImageObject","inLanguage":"fr-FR","@id":"https:\/\/fr.motocrossmag.be\/index.php\/2021\/09\/liam-everts-dispute-son-premier-gp-en-italie-du-stress-positif\/#primaryimage","url":"https:\/\/fr.motocrossmag.be\/wp-content\/uploads\/2021\/05\/liam-everts-portrait-ktm-redbull.jpg","contentUrl":"https:\/\/fr.motocrossmag.be\/wp-content\/uploads\/2021\/05\/liam-everts-portrait-ktm-redbull.jpg","width":909,"height":611,"caption":"Stefan Everts and Liam Everts posing for a portrait in Gistoux, Belgium on March 20, 2021 \/\/ SI202103300656 \/\/ Usage for editorial use only \/\/"},{"@type":"BreadcrumbList","@id":"https:\/\/fr.motocrossmag.be\/index.php\/2021\/09\/liam-everts-dispute-son-premier-gp-en-italie-du-stress-positif\/#breadcrumb","itemListElement":[{"@type":"ListItem","position":1,"name":"Accueil","item":"https:\/\/fr.motocrossmag.be\/"},{"@type":"ListItem","position":2,"name":"Liam Everts dispute son premier GP en Italie : \u00ab\u00a0Du stress positif !\u00a0\u00bb"}]},{"@type":"WebSite","@id":"https:\/\/fr.motocrossmag.be\/#website","url":"https:\/\/fr.motocrossmag.be\/","name":"Motocross - Enduro - Supermoto | MotocrossMag","description":"L&#039;actualit\u00e9 du motocross, de l&#039;enduro et du Supermoto en ligne!","potentialAction":[{"@type":"SearchAction","target":{"@type":"EntryPoint","urlTemplate":"https:\/\/fr.motocrossmag.be\/?s={search_term_string}"},"query-input":{"@type":"PropertyValueSpecification","valueRequired":true,"valueName":"search_term_string"}}],"inLanguage":"fr-FR"},{"@type":"Person","@id":"https:\/\/fr.motocrossmag.be\/#\/schema\/person\/11b47143d9f755babca2c9110e03235c","name":"oliviere","image":{"@type":"ImageObject","inLanguage":"fr-FR","@id":"https:\/\/secure.gravatar.com\/avatar\/907069e0b81d119452040469e4a7501da1100f54f7f80180ce77bfab718288f6?s=96&d=mm&r=g","url":"https:\/\/secure.gravatar.com\/avatar\/907069e0b81d119452040469e4a7501da1100f54f7f80180ce77bfab718288f6?s=96&d=mm&r=g","contentUrl":"https:\/\/secure.gravatar.com\/avatar\/907069e0b81d119452040469e4a7501da1100f54f7f80180ce77bfab718288f6?s=96&d=mm&r=g","caption":"oliviere"},"sameAs":["http:\/\/www.motocrossmag.be"],"url":"https:\/\/fr.motocrossmag.be\/index.php\/author\/oliviere\/"}]}},"_links":{"self":[{"href":"https:\/\/fr.motocrossmag.be\/index.php\/wp-json\/wp\/v2\/posts\/112512","targetHints":{"allow":["GET"]}}],"collection":[{"href":"https:\/\/fr.motocrossmag.be\/index.php\/wp-json\/wp\/v2\/posts"}],"about":[{"href":"https:\/\/fr.motocrossmag.be\/index.php\/wp-json\/wp\/v2\/types\/post"}],"author":[{"embeddable":true,"href":"https:\/\/fr.motocrossmag.be\/index.php\/wp-json\/wp\/v2\/users\/932"}],"replies":[{"embeddable":true,"href":"https:\/\/fr.motocrossmag.be\/index.php\/wp-json\/wp\/v2\/comments?post=112512"}],"version-history":[{"count":0,"href":"https:\/\/fr.motocrossmag.be\/index.php\/wp-json\/wp\/v2\/posts\/112512\/revisions"}],"wp:featuredmedia":[{"embeddable":true,"href":"https:\/\/fr.motocrossmag.be\/index.php\/wp-json\/wp\/v2\/media\/109564"}],"wp:attachment":[{"href":"https:\/\/fr.motocrossmag.be\/index.php\/wp-json\/wp\/v2\/media?parent=112512"}],"wp:term":[{"taxonomy":"category","embeddable":true,"href":"https:\/\/fr.motocrossmag.be\/index.php\/wp-json\/wp\/v2\/categories?post=112512"},{"taxonomy":"post_tag","embeddable":true,"href":"https:\/\/fr.motocrossmag.be\/index.php\/wp-json\/wp\/v2\/tags?post=112512"}],"curies":[{"name":"wp","href":"https:\/\/api.w.org\/{rel}","templated":true}]}}