{"id":112521,"date":"2021-09-19T16:53:50","date_gmt":"2021-09-19T14:53:50","guid":{"rendered":"http:\/\/fr.motocrossmag.be\/?p=112521"},"modified":"2021-09-19T17:09:41","modified_gmt":"2021-09-19T15:09:41","slug":"mxgp-jeffrey-herlings-prend-la-tete-du-championnat","status":"publish","type":"post","link":"https:\/\/fr.motocrossmag.be\/index.php\/2021\/09\/mxgp-jeffrey-herlings-prend-la-tete-du-championnat\/","title":{"rendered":"MXGP : Jeffrey Herlings prend la t\u00eate du championnat !"},"content":{"rendered":"<p><strong>En remportant les deux manches du GP de Riola Sardo ce dimanche, Jeffrey Herlings a compl\u00e8tement relanc\u00e9 le championnat MXGP. Arriv\u00e9 en Sardaigne avec 34 points de retard sur le leader Tim Gajser, le Hollandais en repart avec la plaque rouge de leader du classement provisoire. <\/strong><\/p>\n<p>Depuis <a href=\"http:\/\/fr.motocrossmag.be\/index.php\/2021\/09\/clavicule-fracturee-pour-tim-gajser\/\">l&rsquo;annonce de la r\u00e9cente blessure de Tim Gajser<\/a>, victime d&rsquo;une fracture de la clavicule juste avant le week-end dernier lors d&rsquo;une s\u00e9ance d&rsquo;entra\u00eenement en croatie et op\u00e9r\u00e9 le lendemain, on savait que ce GP de Riola Sardo, qui marquait l&rsquo;entr\u00e9e dans la seconde moiti\u00e9 de la saison MXGP, risquait bien de marquer un tournant dans la saison. Cela bien \u00e9t\u00e9 le cas.<\/p>\n<p>Mais le bouleversement en t\u00eate de la hi\u00e9rarchie provisoire est encore plus profond qu&rsquo;attendu. <a href=\"http:\/\/fr.motocrossmag.be\/index.php\/2021\/09\/lourde-chute-pour-antonio-cairoli-a-riola-sardo\/\">La chute d&rsquo;Antonio Cairoli dans les essais matinaux<\/a> a en effet priv\u00e9 l&rsquo;Italien de prendre le d\u00e9part du 10\u00e8me round de la saison.<\/p>\n<p>Sans Cairoli au d\u00e9part et avec un Tim Gajser tr\u00e8s diminu\u00e9, se contentant d&rsquo;une 19\u00e8me puis d&rsquo;une 8\u00e8me places dans les manches, la voie \u00e9tait donc libre pour Herlings (lui-m\u00eame bless\u00e9 \u00e0 l&rsquo;\u00e9paule en juillet dernier <a href=\"http:\/\/fr.motocrossmag.be\/index.php\/2021\/07\/jeffrey-herlings-se-blesse-a-oss\/\">dans la premi\u00e8re manche de son GP national \u00e0 Oss<\/a>) qui parvenait par deux fois \u00e0 dominer Jorge Prado et Romain Febvre pour signer le doubl\u00e9 et prendre la t\u00eate du classement provisoire pour un petit point d&rsquo;avance sur Gajser, d\u00e9sormais second devant Febvre, revenu \u00e0 3 points du champion du monde en titre. Cairoli est quant \u00e0 lui \u00e0 pr\u00e9sent \u00e0 45 points d&rsquo;Herlings.<\/p>\n<p>Bref, c&rsquo;est avec des compteurs pratiquement remis \u00e0 z\u00e9ro pour Herlings, Gajser et Febvre que la lutte pour le titre MXGP 2021 se poursuivra le 3 octobre prochain \u00e0 Teutschenthal, en Allemagne.<\/p>\n<p>C\u00f4t\u00e9 belge, c&rsquo;est Brent Van Doninck, qui sera la semaine prochaine au d\u00e9part du Motocross des Nations \u00e0 Mantova, qui signe la meilleure performance. Le pilote Yamaha se classe 14\u00e8me du GP.<\/p>\n<p><strong><span style=\"color: #800000;\">R\u00e9sultats<\/span><\/strong><\/p>\n<p>MANCHE 1<\/p>\n<p>1. Jeffrey Herlings (NED, KTM), 35:22.630; 2. Jorge Prado (ESP, KTM), +0:42.419; 3. Romain Febvre (FRA, Kawasaki), +0:53.010; 4. Calvin Vlaanderen (NED, Yamaha), +0:55.993; 5. Brian Bogers (NED, GASGAS), +1:02.253; 6. Jeremy Seewer (SUI, Yamaha), +1:05.689; 7. Ben Watson (GBR, Yamaha), +1:06.273; 8. Thomas Kjer Olsen (DEN, Husqvarna), +1:10.065; 9. Arminas Jasikonis (LTU, Husqvarna), +1:12.978; 10. Glenn Coldenhoff (NED, Yamaha), +1:18.017; 11. Benoit Paturel (FRA, Honda), +1:32.979; 12. Shaun Simpson (GBR, KTM), +1:38.749; 13. Pauls Jonass (LAT, GASGAS), +1:41.125; 14. Henry Jacobi (GER, Honda), +1:46.011; <strong>15. Kevin Strijbos (BEL, Yamaha), +1:48.635<\/strong>; 16. Arnaud Tonus (SUI, Yamaha), +1:54.000; 17. Tom Koch (GER, KTM), +1:59.211; <strong>18. Brent Van doninck (BEL, Yamaha), -1 lap(s)<\/strong>; 19. Tim Gajser (SLO, Honda), -1 lap(s); 20. Alvin \u00d6stlund (SWE, Yamaha), -1 lap(s); 21. Adam Sterry (GBR, KTM), -1 lap(s); 22. Valentin Guillod (SUI, Yamaha), -1 lap(s); 23. Morgan Lesiardo (ITA, Honda), -2 lap(s); 24. Michael Ivanov (BUL, Husqvarna), -2 lap(s); 25. Alberto Forato (ITA, GASGAS), -5 lap(s); <strong>26. Jeremy Van Horebeek (BEL, Beta), -6 lap(s)<\/strong>; 27. Alessandro Lupino (ITA, KTM), -10 lap(s);<\/p>\n<p>MANCHE 2<\/p>\n<p>1. Jeffrey Herlings (NED, KTM), 34:10.289; 2. Jorge Prado (ESP, KTM), +0:05.710; 3. Romain Febvre (FRA, Kawasaki), +0:08.406; 4. Calvin Vlaanderen (NED, Yamaha), +0:46.791; 5. Jeremy Seewer (SUI, Yamaha), +0:54.984; 6. Pauls Jonass (LAT, GASGAS), +0:55.933; 7. Ben Watson (GBR, Yamaha), +0:58.705; 8. Tim Gajser (SLO, Honda), +1:02.481; 9. Brian Bogers (NED, GASGAS), +1:11.310; 10. Glenn Coldenhoff (NED, Yamaha), +1:14.477; <strong>11. Brent Van doninck (BEL, Yamaha), +1:20.540<\/strong>; 12. Shaun Simpson (GBR, KTM), +1:23.998; 13. Thomas Kjer Olsen (DEN, Husqvarna), +1:32.085; 14. Henry Jacobi (GER, Honda), +1:40.417; 15. Adam Sterry (GBR, KTM), +1:44.195; 16. Alberto Forato (ITA, GASGAS), +1:53.301; 17. Tom Koch (GER, KTM), +1:53.967; 18. Alessandro Lupino (ITA, KTM), -1 lap(s); 19. Arnaud Tonus (SUI, Yamaha), -1 lap(s); 20. Alvin \u00d6stlund (SWE, Yamaha), -1 lap(s); <strong>21. Kevin Strijbos (BEL, Yamaha), -1 lap(s)<\/strong>; 22. Valentin Guillod (SUI, Yamaha), -1 lap(s); 23. Michael Ivanov (BUL, Husqvarna), -2 lap(s); 24. Arminas Jasikonis (LTU, Husqvarna), -5 lap(s); <strong>25. Jeremy Van Horebeek (BEL, Beta), -9 lap(s)<\/strong>; 26. Benoit Paturel (FRA, Honda), -9 lap(s); 27. Morgan Lesiardo (ITA, Honda), -11 lap(s);<\/p>\n<p>CLASSEMENT GENERAL MXGP<\/p>\n<p>1. Jeffrey Herlings (NED, KTM), 50 points; 2. Jorge Prado (ESP, KTM), 44 p.; 3. Romain Febvre (FRA, KAW), 40 p.; 4. Calvin Vlaanderen (NED, YAM), 36 p.; 5. Jeremy Seewer (SUI, YAM), 31 p.; 6. Ben Watson (GBR, YAM), 28 p.; 7. Brian Bogers (NED, GAS), 28 p.; 8. Pauls Jonass (LAT, GAS), 23 p.; 9. Glenn Coldenhoff (NED, YAM), 22 p.; 10. Thomas Kjer Olsen (DEN, HUS), 21 p.; 11. Shaun Simpson (GBR, KTM), 18 p.; 12. Tim Gajser (SLO, HON), 15 p.; 13. Henry Jacobi (GER, HON), 14 p.; <strong>14. Brent Van doninck (BEL, YAM), 13 p.<\/strong>; 15. Arminas Jasikonis (LTU, HUS), 12 p.; 16. Benoit Paturel (FRA, HON), 10 p.; 17. Tom Koch (GER, KTM), 8 p.; 18. Arnaud Tonus (SUI, YAM), 7 p.; 19. Adam Sterry (GBR, KTM), 6 p.; <strong>20. Kevin Strijbos (BEL, YAM), 6 p.;<\/strong> 21. Alberto Forato (ITA, GAS), 5 p.; 22. Alessandro Lupino (ITA, KTM), 3 p.; 23. Alvin \u00d6stlund (SWE, YAM), 2 p.; 24. Valentin Guillod (SUI, YAM), 0 p.; 25. Michael Ivanov (BUL, HUS), 0 p.; <strong>26. Jeremy Van Horebeek (BEL, BET), 0 p.<\/strong>; 27. Morgan Lesiardo (ITA, HON), 0 p.;<\/p>\n<p>CLASSEMENT PROVISOIRE MXGP<\/p>\n<p>1. Jeffrey Herlings (NED, KTM), 371 points; 2. Tim Gajser (SLO, HON), 370 p.; 3. Romain Febvre (FRA, KAW), 367 p.; 4. Jorge Prado (ESP, KTM), 359 p.; 5. Antonio Cairoli (ITA, KTM), 326 p.; 6. Jeremy Seewer (SUI, YAM), 280 p.; 7. Pauls Jonass (LAT, GAS), 254 p.; 8. Glenn Coldenhoff (NED, YAM), 234 p.; 9. Alessandro Lupino (ITA, KTM), 185 p.; 10. Ben Watson (GBR, YAM), 171 p.; 11. Calvin Vlaanderen (NED, YAM), 165 p.; 12. Thomas Kjer Olsen (DEN, HUS), 160 p.; 13. Brian Bogers (NED, GAS), 152 p.; 14. Henry Jacobi (GER, HON), 123 p.; <strong>15. Jeremy Van Horebeek (BEL, BET), 110 p.; 16. Brent Van doninck (BEL, YAM), 108 p.; 17. Kevin Strijbos (BEL, YAM), 83 p.;<\/strong> 18. Shaun Simpson (GBR, KTM), 80 p.; 19. Arnaud Tonus (SUI, YAM), 74 p.; 20. Alberto Forato (ITA, GAS), 73 p.; 21. Arminas Jasikonis (LTU, HUS), 69 p.; 22. Ivo Monticelli (ITA, KAW), 54 p.; 23. Alvin \u00d6stlund (SWE, YAM), 50 p.; 24. Adam Sterry (GBR, KTM), 39 p.; 25. Jordi Tixier (FRA, KTM), 33 p.; 26. Lorenzo Locurcio (VEN, KTM), 29 p.; 27. Tom Koch (GER, KTM), 29 p.; <strong>28. Cyril Genot (BEL, KTM), 15 p.;<\/strong> 29. Benoit Paturel (FRA, HON), 14 p.; 30. Vsevolod Brylyakov (MFR, HON), 10 p.; 31. Valentin Guillod (SUI, YAM), 9 p.; 32. Evgeny Bobryshev (MFR, HUS), 6 p.; 33. Lars van Berkel (NED, HON), 5 p.; 34. Jimmy Clochet (FRA, BET), 4 p.; 35. Nathan Watson (GBR, HON), 4 p.; 36. Jose Butron (ESP, KTM), 2 p.; 37. Hardi Roosiorg (EST, KTM), 1 p.; 38. Anton Gole (SWE, HUS), 1 p.; 39. Todd Kellett (GBR, YAM), 1 p.;<\/p>\n","protected":false},"excerpt":{"rendered":"<p>En remportant les deux manches du GP de Riola Sardo ce dimanche, Jeffrey Herlings a compl\u00e8tement relanc\u00e9 le championnat MXGP. Arriv\u00e9 en Sardaigne avec 34 points de retard sur le [&#8230;]<\/p>\n","protected":false},"author":932,"featured_media":112566,"comment_status":"open","ping_status":"closed","sticky":false,"template":"","format":"standard","meta":{"footnotes":""},"categories":[54,4,6,5,55,56,65],"tags":[119,77,78,177,947,568,723,780],"class_list":["post-112521","post","type-post","status-publish","format-standard","has-post-thumbnail","hentry","category-actualite","category-motocross","category-mx1mx2","category-news","category-news-actualite","category-resultats","category-slideshow","tag-antonio-cairoli","tag-jeffrey-herlings","tag-jeremy-van-horebeek","tag-kevin-strijbos","tag-motocross","tag-mxgp","tag-riola-sardo","tag-tim-gajser"],"yoast_head":"<!-- This site is optimized with the Yoast SEO plugin v27.4 - https:\/\/yoast.com\/product\/yoast-seo-wordpress\/ -->\n<title>MXGP : Jeffrey Herlings prend la t\u00eate du championnat ! - Motocross - Enduro - Supermoto | MotocrossMag<\/title>\n<meta name=\"robots\" content=\"index, follow, max-snippet:-1, max-image-preview:large, max-video-preview:-1\" \/>\n<link rel=\"canonical\" href=\"https:\/\/fr.motocrossmag.be\/index.php\/2021\/09\/mxgp-jeffrey-herlings-prend-la-tete-du-championnat\/\" \/>\n<meta property=\"og:locale\" content=\"fr_FR\" \/>\n<meta property=\"og:type\" content=\"article\" \/>\n<meta property=\"og:title\" content=\"MXGP : Jeffrey Herlings prend la t\u00eate du championnat ! - Motocross - Enduro - Supermoto | MotocrossMag\" \/>\n<meta property=\"og:description\" content=\"En remportant les deux manches du GP de Riola Sardo ce dimanche, Jeffrey Herlings a compl\u00e8tement relanc\u00e9 le championnat MXGP. Arriv\u00e9 en Sardaigne avec 34 points de retard sur le [...]\" \/>\n<meta property=\"og:url\" content=\"https:\/\/fr.motocrossmag.be\/index.php\/2021\/09\/mxgp-jeffrey-herlings-prend-la-tete-du-championnat\/\" \/>\n<meta property=\"og:site_name\" content=\"Motocross - Enduro - Supermoto | MotocrossMag\" \/>\n<meta property=\"article:published_time\" content=\"2021-09-19T14:53:50+00:00\" \/>\n<meta property=\"article:modified_time\" content=\"2021-09-19T15:09:41+00:00\" \/>\n<meta property=\"og:image\" content=\"https:\/\/fr.motocrossmag.be\/wp-content\/uploads\/2021\/09\/406396_Herlings_MXGP_2021_R09_AAZ_2746.jpg\" \/>\n\t<meta property=\"og:image:width\" content=\"1000\" \/>\n\t<meta property=\"og:image:height\" content=\"666\" \/>\n\t<meta property=\"og:image:type\" content=\"image\/jpeg\" \/>\n<meta name=\"author\" content=\"oliviere\" \/>\n<meta name=\"twitter:card\" content=\"summary_large_image\" \/>\n<meta name=\"twitter:label1\" content=\"\u00c9crit par\" \/>\n\t<meta name=\"twitter:data1\" content=\"oliviere\" \/>\n\t<meta name=\"twitter:label2\" content=\"Dur\u00e9e de lecture estim\u00e9e\" \/>\n\t<meta name=\"twitter:data2\" content=\"5 minutes\" \/>\n<script type=\"application\/ld+json\" class=\"yoast-schema-graph\">{\"@context\":\"https:\\\/\\\/schema.org\",\"@graph\":[{\"@type\":\"Article\",\"@id\":\"https:\\\/\\\/fr.motocrossmag.be\\\/index.php\\\/2021\\\/09\\\/mxgp-jeffrey-herlings-prend-la-tete-du-championnat\\\/#article\",\"isPartOf\":{\"@id\":\"https:\\\/\\\/fr.motocrossmag.be\\\/index.php\\\/2021\\\/09\\\/mxgp-jeffrey-herlings-prend-la-tete-du-championnat\\\/\"},\"author\":{\"name\":\"oliviere\",\"@id\":\"https:\\\/\\\/fr.motocrossmag.be\\\/#\\\/schema\\\/person\\\/11b47143d9f755babca2c9110e03235c\"},\"headline\":\"MXGP : Jeffrey Herlings prend la t\u00eate du championnat !\",\"datePublished\":\"2021-09-19T14:53:50+00:00\",\"dateModified\":\"2021-09-19T15:09:41+00:00\",\"mainEntityOfPage\":{\"@id\":\"https:\\\/\\\/fr.motocrossmag.be\\\/index.php\\\/2021\\\/09\\\/mxgp-jeffrey-herlings-prend-la-tete-du-championnat\\\/\"},\"wordCount\":968,\"commentCount\":0,\"image\":{\"@id\":\"https:\\\/\\\/fr.motocrossmag.be\\\/index.php\\\/2021\\\/09\\\/mxgp-jeffrey-herlings-prend-la-tete-du-championnat\\\/#primaryimage\"},\"thumbnailUrl\":\"https:\\\/\\\/fr.motocrossmag.be\\\/wp-content\\\/uploads\\\/2021\\\/09\\\/406396_Herlings_MXGP_2021_R09_AAZ_2746.jpg\",\"keywords\":[\"antonio cairoli\",\"Jeffrey Herlings\",\"Jeremy Van Horebeek\",\"Kevin Strijbos\",\"Motocross\",\"MXGP\",\"riola sardo\",\"tim gajser\"],\"articleSection\":[\"Actualit\u00e9\",\"Motocross\",\"Motocross MXGP\",\"News\",\"News\",\"R\u00e9sultats\",\"Slideshow\"],\"inLanguage\":\"fr-FR\",\"potentialAction\":[{\"@type\":\"CommentAction\",\"name\":\"Comment\",\"target\":[\"https:\\\/\\\/fr.motocrossmag.be\\\/index.php\\\/2021\\\/09\\\/mxgp-jeffrey-herlings-prend-la-tete-du-championnat\\\/#respond\"]}]},{\"@type\":\"WebPage\",\"@id\":\"https:\\\/\\\/fr.motocrossmag.be\\\/index.php\\\/2021\\\/09\\\/mxgp-jeffrey-herlings-prend-la-tete-du-championnat\\\/\",\"url\":\"https:\\\/\\\/fr.motocrossmag.be\\\/index.php\\\/2021\\\/09\\\/mxgp-jeffrey-herlings-prend-la-tete-du-championnat\\\/\",\"name\":\"MXGP : Jeffrey Herlings prend la t\u00eate du championnat ! - Motocross - Enduro - Supermoto | MotocrossMag\",\"isPartOf\":{\"@id\":\"https:\\\/\\\/fr.motocrossmag.be\\\/#website\"},\"primaryImageOfPage\":{\"@id\":\"https:\\\/\\\/fr.motocrossmag.be\\\/index.php\\\/2021\\\/09\\\/mxgp-jeffrey-herlings-prend-la-tete-du-championnat\\\/#primaryimage\"},\"image\":{\"@id\":\"https:\\\/\\\/fr.motocrossmag.be\\\/index.php\\\/2021\\\/09\\\/mxgp-jeffrey-herlings-prend-la-tete-du-championnat\\\/#primaryimage\"},\"thumbnailUrl\":\"https:\\\/\\\/fr.motocrossmag.be\\\/wp-content\\\/uploads\\\/2021\\\/09\\\/406396_Herlings_MXGP_2021_R09_AAZ_2746.jpg\",\"datePublished\":\"2021-09-19T14:53:50+00:00\",\"dateModified\":\"2021-09-19T15:09:41+00:00\",\"author\":{\"@id\":\"https:\\\/\\\/fr.motocrossmag.be\\\/#\\\/schema\\\/person\\\/11b47143d9f755babca2c9110e03235c\"},\"breadcrumb\":{\"@id\":\"https:\\\/\\\/fr.motocrossmag.be\\\/index.php\\\/2021\\\/09\\\/mxgp-jeffrey-herlings-prend-la-tete-du-championnat\\\/#breadcrumb\"},\"inLanguage\":\"fr-FR\",\"potentialAction\":[{\"@type\":\"ReadAction\",\"target\":[\"https:\\\/\\\/fr.motocrossmag.be\\\/index.php\\\/2021\\\/09\\\/mxgp-jeffrey-herlings-prend-la-tete-du-championnat\\\/\"]}]},{\"@type\":\"ImageObject\",\"inLanguage\":\"fr-FR\",\"@id\":\"https:\\\/\\\/fr.motocrossmag.be\\\/index.php\\\/2021\\\/09\\\/mxgp-jeffrey-herlings-prend-la-tete-du-championnat\\\/#primaryimage\",\"url\":\"https:\\\/\\\/fr.motocrossmag.be\\\/wp-content\\\/uploads\\\/2021\\\/09\\\/406396_Herlings_MXGP_2021_R09_AAZ_2746.jpg\",\"contentUrl\":\"https:\\\/\\\/fr.motocrossmag.be\\\/wp-content\\\/uploads\\\/2021\\\/09\\\/406396_Herlings_MXGP_2021_R09_AAZ_2746.jpg\",\"width\":1000,\"height\":666},{\"@type\":\"BreadcrumbList\",\"@id\":\"https:\\\/\\\/fr.motocrossmag.be\\\/index.php\\\/2021\\\/09\\\/mxgp-jeffrey-herlings-prend-la-tete-du-championnat\\\/#breadcrumb\",\"itemListElement\":[{\"@type\":\"ListItem\",\"position\":1,\"name\":\"Accueil\",\"item\":\"https:\\\/\\\/fr.motocrossmag.be\\\/\"},{\"@type\":\"ListItem\",\"position\":2,\"name\":\"MXGP : Jeffrey Herlings prend la t\u00eate du championnat !\"}]},{\"@type\":\"WebSite\",\"@id\":\"https:\\\/\\\/fr.motocrossmag.be\\\/#website\",\"url\":\"https:\\\/\\\/fr.motocrossmag.be\\\/\",\"name\":\"Motocross - Enduro - Supermoto | MotocrossMag\",\"description\":\"L&#039;actualit\u00e9 du motocross, de l&#039;enduro et du Supermoto en ligne!\",\"potentialAction\":[{\"@type\":\"SearchAction\",\"target\":{\"@type\":\"EntryPoint\",\"urlTemplate\":\"https:\\\/\\\/fr.motocrossmag.be\\\/?s={search_term_string}\"},\"query-input\":{\"@type\":\"PropertyValueSpecification\",\"valueRequired\":true,\"valueName\":\"search_term_string\"}}],\"inLanguage\":\"fr-FR\"},{\"@type\":\"Person\",\"@id\":\"https:\\\/\\\/fr.motocrossmag.be\\\/#\\\/schema\\\/person\\\/11b47143d9f755babca2c9110e03235c\",\"name\":\"oliviere\",\"image\":{\"@type\":\"ImageObject\",\"inLanguage\":\"fr-FR\",\"@id\":\"https:\\\/\\\/secure.gravatar.com\\\/avatar\\\/907069e0b81d119452040469e4a7501da1100f54f7f80180ce77bfab718288f6?s=96&d=mm&r=g\",\"url\":\"https:\\\/\\\/secure.gravatar.com\\\/avatar\\\/907069e0b81d119452040469e4a7501da1100f54f7f80180ce77bfab718288f6?s=96&d=mm&r=g\",\"contentUrl\":\"https:\\\/\\\/secure.gravatar.com\\\/avatar\\\/907069e0b81d119452040469e4a7501da1100f54f7f80180ce77bfab718288f6?s=96&d=mm&r=g\",\"caption\":\"oliviere\"},\"sameAs\":[\"http:\\\/\\\/www.motocrossmag.be\"],\"url\":\"https:\\\/\\\/fr.motocrossmag.be\\\/index.php\\\/author\\\/oliviere\\\/\"}]}<\/script>\n<!-- \/ Yoast SEO plugin. -->","yoast_head_json":{"title":"MXGP : Jeffrey Herlings prend la t\u00eate du championnat ! - Motocross - Enduro - Supermoto | MotocrossMag","robots":{"index":"index","follow":"follow","max-snippet":"max-snippet:-1","max-image-preview":"max-image-preview:large","max-video-preview":"max-video-preview:-1"},"canonical":"https:\/\/fr.motocrossmag.be\/index.php\/2021\/09\/mxgp-jeffrey-herlings-prend-la-tete-du-championnat\/","og_locale":"fr_FR","og_type":"article","og_title":"MXGP : Jeffrey Herlings prend la t\u00eate du championnat ! - Motocross - Enduro - Supermoto | MotocrossMag","og_description":"En remportant les deux manches du GP de Riola Sardo ce dimanche, Jeffrey Herlings a compl\u00e8tement relanc\u00e9 le championnat MXGP. Arriv\u00e9 en Sardaigne avec 34 points de retard sur le [...]","og_url":"https:\/\/fr.motocrossmag.be\/index.php\/2021\/09\/mxgp-jeffrey-herlings-prend-la-tete-du-championnat\/","og_site_name":"Motocross - Enduro - Supermoto | MotocrossMag","article_published_time":"2021-09-19T14:53:50+00:00","article_modified_time":"2021-09-19T15:09:41+00:00","og_image":[{"width":1000,"height":666,"url":"https:\/\/fr.motocrossmag.be\/wp-content\/uploads\/2021\/09\/406396_Herlings_MXGP_2021_R09_AAZ_2746.jpg","type":"image\/jpeg"}],"author":"oliviere","twitter_card":"summary_large_image","twitter_misc":{"\u00c9crit par":"oliviere","Dur\u00e9e de lecture estim\u00e9e":"5 minutes"},"schema":{"@context":"https:\/\/schema.org","@graph":[{"@type":"Article","@id":"https:\/\/fr.motocrossmag.be\/index.php\/2021\/09\/mxgp-jeffrey-herlings-prend-la-tete-du-championnat\/#article","isPartOf":{"@id":"https:\/\/fr.motocrossmag.be\/index.php\/2021\/09\/mxgp-jeffrey-herlings-prend-la-tete-du-championnat\/"},"author":{"name":"oliviere","@id":"https:\/\/fr.motocrossmag.be\/#\/schema\/person\/11b47143d9f755babca2c9110e03235c"},"headline":"MXGP : Jeffrey Herlings prend la t\u00eate du championnat !","datePublished":"2021-09-19T14:53:50+00:00","dateModified":"2021-09-19T15:09:41+00:00","mainEntityOfPage":{"@id":"https:\/\/fr.motocrossmag.be\/index.php\/2021\/09\/mxgp-jeffrey-herlings-prend-la-tete-du-championnat\/"},"wordCount":968,"commentCount":0,"image":{"@id":"https:\/\/fr.motocrossmag.be\/index.php\/2021\/09\/mxgp-jeffrey-herlings-prend-la-tete-du-championnat\/#primaryimage"},"thumbnailUrl":"https:\/\/fr.motocrossmag.be\/wp-content\/uploads\/2021\/09\/406396_Herlings_MXGP_2021_R09_AAZ_2746.jpg","keywords":["antonio cairoli","Jeffrey Herlings","Jeremy Van Horebeek","Kevin Strijbos","Motocross","MXGP","riola sardo","tim gajser"],"articleSection":["Actualit\u00e9","Motocross","Motocross MXGP","News","News","R\u00e9sultats","Slideshow"],"inLanguage":"fr-FR","potentialAction":[{"@type":"CommentAction","name":"Comment","target":["https:\/\/fr.motocrossmag.be\/index.php\/2021\/09\/mxgp-jeffrey-herlings-prend-la-tete-du-championnat\/#respond"]}]},{"@type":"WebPage","@id":"https:\/\/fr.motocrossmag.be\/index.php\/2021\/09\/mxgp-jeffrey-herlings-prend-la-tete-du-championnat\/","url":"https:\/\/fr.motocrossmag.be\/index.php\/2021\/09\/mxgp-jeffrey-herlings-prend-la-tete-du-championnat\/","name":"MXGP : Jeffrey Herlings prend la t\u00eate du championnat ! - Motocross - Enduro - Supermoto | MotocrossMag","isPartOf":{"@id":"https:\/\/fr.motocrossmag.be\/#website"},"primaryImageOfPage":{"@id":"https:\/\/fr.motocrossmag.be\/index.php\/2021\/09\/mxgp-jeffrey-herlings-prend-la-tete-du-championnat\/#primaryimage"},"image":{"@id":"https:\/\/fr.motocrossmag.be\/index.php\/2021\/09\/mxgp-jeffrey-herlings-prend-la-tete-du-championnat\/#primaryimage"},"thumbnailUrl":"https:\/\/fr.motocrossmag.be\/wp-content\/uploads\/2021\/09\/406396_Herlings_MXGP_2021_R09_AAZ_2746.jpg","datePublished":"2021-09-19T14:53:50+00:00","dateModified":"2021-09-19T15:09:41+00:00","author":{"@id":"https:\/\/fr.motocrossmag.be\/#\/schema\/person\/11b47143d9f755babca2c9110e03235c"},"breadcrumb":{"@id":"https:\/\/fr.motocrossmag.be\/index.php\/2021\/09\/mxgp-jeffrey-herlings-prend-la-tete-du-championnat\/#breadcrumb"},"inLanguage":"fr-FR","potentialAction":[{"@type":"ReadAction","target":["https:\/\/fr.motocrossmag.be\/index.php\/2021\/09\/mxgp-jeffrey-herlings-prend-la-tete-du-championnat\/"]}]},{"@type":"ImageObject","inLanguage":"fr-FR","@id":"https:\/\/fr.motocrossmag.be\/index.php\/2021\/09\/mxgp-jeffrey-herlings-prend-la-tete-du-championnat\/#primaryimage","url":"https:\/\/fr.motocrossmag.be\/wp-content\/uploads\/2021\/09\/406396_Herlings_MXGP_2021_R09_AAZ_2746.jpg","contentUrl":"https:\/\/fr.motocrossmag.be\/wp-content\/uploads\/2021\/09\/406396_Herlings_MXGP_2021_R09_AAZ_2746.jpg","width":1000,"height":666},{"@type":"BreadcrumbList","@id":"https:\/\/fr.motocrossmag.be\/index.php\/2021\/09\/mxgp-jeffrey-herlings-prend-la-tete-du-championnat\/#breadcrumb","itemListElement":[{"@type":"ListItem","position":1,"name":"Accueil","item":"https:\/\/fr.motocrossmag.be\/"},{"@type":"ListItem","position":2,"name":"MXGP : Jeffrey Herlings prend la t\u00eate du championnat !"}]},{"@type":"WebSite","@id":"https:\/\/fr.motocrossmag.be\/#website","url":"https:\/\/fr.motocrossmag.be\/","name":"Motocross - Enduro - Supermoto | MotocrossMag","description":"L&#039;actualit\u00e9 du motocross, de l&#039;enduro et du Supermoto en ligne!","potentialAction":[{"@type":"SearchAction","target":{"@type":"EntryPoint","urlTemplate":"https:\/\/fr.motocrossmag.be\/?s={search_term_string}"},"query-input":{"@type":"PropertyValueSpecification","valueRequired":true,"valueName":"search_term_string"}}],"inLanguage":"fr-FR"},{"@type":"Person","@id":"https:\/\/fr.motocrossmag.be\/#\/schema\/person\/11b47143d9f755babca2c9110e03235c","name":"oliviere","image":{"@type":"ImageObject","inLanguage":"fr-FR","@id":"https:\/\/secure.gravatar.com\/avatar\/907069e0b81d119452040469e4a7501da1100f54f7f80180ce77bfab718288f6?s=96&d=mm&r=g","url":"https:\/\/secure.gravatar.com\/avatar\/907069e0b81d119452040469e4a7501da1100f54f7f80180ce77bfab718288f6?s=96&d=mm&r=g","contentUrl":"https:\/\/secure.gravatar.com\/avatar\/907069e0b81d119452040469e4a7501da1100f54f7f80180ce77bfab718288f6?s=96&d=mm&r=g","caption":"oliviere"},"sameAs":["http:\/\/www.motocrossmag.be"],"url":"https:\/\/fr.motocrossmag.be\/index.php\/author\/oliviere\/"}]}},"_links":{"self":[{"href":"https:\/\/fr.motocrossmag.be\/index.php\/wp-json\/wp\/v2\/posts\/112521","targetHints":{"allow":["GET"]}}],"collection":[{"href":"https:\/\/fr.motocrossmag.be\/index.php\/wp-json\/wp\/v2\/posts"}],"about":[{"href":"https:\/\/fr.motocrossmag.be\/index.php\/wp-json\/wp\/v2\/types\/post"}],"author":[{"embeddable":true,"href":"https:\/\/fr.motocrossmag.be\/index.php\/wp-json\/wp\/v2\/users\/932"}],"replies":[{"embeddable":true,"href":"https:\/\/fr.motocrossmag.be\/index.php\/wp-json\/wp\/v2\/comments?post=112521"}],"version-history":[{"count":1,"href":"https:\/\/fr.motocrossmag.be\/index.php\/wp-json\/wp\/v2\/posts\/112521\/revisions"}],"predecessor-version":[{"id":112567,"href":"https:\/\/fr.motocrossmag.be\/index.php\/wp-json\/wp\/v2\/posts\/112521\/revisions\/112567"}],"wp:featuredmedia":[{"embeddable":true,"href":"https:\/\/fr.motocrossmag.be\/index.php\/wp-json\/wp\/v2\/media\/112566"}],"wp:attachment":[{"href":"https:\/\/fr.motocrossmag.be\/index.php\/wp-json\/wp\/v2\/media?parent=112521"}],"wp:term":[{"taxonomy":"category","embeddable":true,"href":"https:\/\/fr.motocrossmag.be\/index.php\/wp-json\/wp\/v2\/categories?post=112521"},{"taxonomy":"post_tag","embeddable":true,"href":"https:\/\/fr.motocrossmag.be\/index.php\/wp-json\/wp\/v2\/tags?post=112521"}],"curies":[{"name":"wp","href":"https:\/\/api.w.org\/{rel}","templated":true}]}}