{"id":112563,"date":"2021-09-19T11:49:08","date_gmt":"2021-09-19T09:49:08","guid":{"rendered":"http:\/\/fr.motocrossmag.be\/?p=112563"},"modified":"2021-09-19T11:55:11","modified_gmt":"2021-09-19T09:55:11","slug":"lourde-chute-pour-antonio-cairoli-a-riola-sardo","status":"publish","type":"post","link":"https:\/\/fr.motocrossmag.be\/index.php\/2021\/09\/lourde-chute-pour-antonio-cairoli-a-riola-sardo\/","title":{"rendered":"Lourde chute pour Antonio Cairoli \u00e0 Riola Sardo"},"content":{"rendered":"<p><strong>Antonio Cairoli a chut\u00e9 lourdement ce dimanche matin dans les essais chronom\u00e9tr\u00e9s du GP de Riola Sardo, 10\u00e8me rendez-vous de la saison MXGP. Le champion italien a perdu le contr\u00f4le de sa KTM apr\u00e8s le premier quart d&rsquo;heure de la s\u00e9ance. Il a d\u00fb \u00eatre pris en charge par les services de secours qui l&rsquo;ont \u00e9vacu\u00e9 sur un brancard. <\/strong><\/p>\n<p>Apr\u00e8s quelques instants d&rsquo;inqui\u00e9tude, les nouvelles en provenance de Sardaigne se veulent cependant rassurantes. Tony Cairoli serait capable de bouger chacun de ses membres. Sur le plan sportif, par contre, il semble acquis que l&rsquo;officiel KTM, toujours en lice pour un 10\u00e8me titre mondial, ne pourra pas prendre le d\u00e9part du 10\u00e8me GP de la saison ce dimanche apr\u00e8s-midi.<\/p>\n<p>&nbsp;<\/p>\n<blockquote class=\"twitter-tweet\">\n<p dir=\"ltr\" lang=\"en\">Worrying crash for Tony Cairoli in <a href=\"https:\/\/twitter.com\/hashtag\/MXGPSardegna?src=hash&amp;ref_src=twsrc%5Etfw\">#MXGPSardegna<\/a> with the left handlebar completely snapped free. Apparently the KTM man is OK and has full movement of his limbs. Looks like he is out of contention for the GP today though <a href=\"https:\/\/twitter.com\/hashtag\/mxgp?src=hash&amp;ref_src=twsrc%5Etfw\">#mxgp<\/a><\/p>\n<p>\u2014 OTOR (@OntrackOffroad) <a href=\"https:\/\/twitter.com\/OntrackOffroad\/status\/1439525092657090561?ref_src=twsrc%5Etfw\">September 19, 2021<\/a><\/p><\/blockquote>\n<p><script async src=\"https:\/\/platform.twitter.com\/widgets.js\" charset=\"utf-8\"><\/script><\/p>\n<p>&nbsp;<\/p>\n<p><iframe class=\"lazyload\" title=\"YouTube video player\" src=\"data:image\/svg+xml,%3Csvg%20xmlns%3D%27http%3A%2F%2Fwww.w3.org%2F2000%2Fsvg%27%20width%3D%27650%27%20height%3D%27366%27%20viewBox%3D%270%200%20650%20366%27%3E%3Crect%20width%3D%27650%27%20height%3D%27366%27%20fill-opacity%3D%220%22%2F%3E%3C%2Fsvg%3E\" data-orig-src=\"https:\/\/www.youtube.com\/embed\/3l8ZIFnP0zs\" width=\"650\" height=\"366\" frameborder=\"0\" allowfullscreen=\"allowfullscreen\"><\/iframe><\/p>\n","protected":false},"excerpt":{"rendered":"<p>Antonio Cairoli a chut\u00e9 lourdement ce dimanche matin dans les essais chronom\u00e9tr\u00e9s du GP de Riola Sardo, 10\u00e8me rendez-vous de la saison MXGP. Le champion italien a perdu le contr\u00f4le [&#8230;]<\/p>\n","protected":false},"author":932,"featured_media":108644,"comment_status":"open","ping_status":"closed","sticky":false,"template":"","format":"standard","meta":{"footnotes":""},"categories":[54,4,6,5,55,65],"tags":[119,947,568],"class_list":["post-112563","post","type-post","status-publish","format-standard","has-post-thumbnail","hentry","category-actualite","category-motocross","category-mx1mx2","category-news","category-news-actualite","category-slideshow","tag-antonio-cairoli","tag-motocross","tag-mxgp"],"yoast_head":"<!-- This site is optimized with the Yoast SEO plugin v27.4 - https:\/\/yoast.com\/product\/yoast-seo-wordpress\/ -->\n<title>Lourde chute pour Antonio Cairoli \u00e0 Riola Sardo - Motocross - Enduro - Supermoto | MotocrossMag<\/title>\n<meta name=\"robots\" content=\"index, follow, max-snippet:-1, max-image-preview:large, max-video-preview:-1\" \/>\n<link rel=\"canonical\" href=\"https:\/\/fr.motocrossmag.be\/index.php\/2021\/09\/lourde-chute-pour-antonio-cairoli-a-riola-sardo\/\" \/>\n<meta property=\"og:locale\" content=\"fr_FR\" \/>\n<meta property=\"og:type\" content=\"article\" \/>\n<meta property=\"og:title\" content=\"Lourde chute pour Antonio Cairoli \u00e0 Riola Sardo - Motocross - Enduro - Supermoto | MotocrossMag\" \/>\n<meta property=\"og:description\" content=\"Antonio Cairoli a chut\u00e9 lourdement ce dimanche matin dans les essais chronom\u00e9tr\u00e9s du GP de Riola Sardo, 10\u00e8me rendez-vous de la saison MXGP. Le champion italien a perdu le contr\u00f4le [...]\" \/>\n<meta property=\"og:url\" content=\"https:\/\/fr.motocrossmag.be\/index.php\/2021\/09\/lourde-chute-pour-antonio-cairoli-a-riola-sardo\/\" \/>\n<meta property=\"og:site_name\" content=\"Motocross - Enduro - Supermoto | MotocrossMag\" \/>\n<meta property=\"article:published_time\" content=\"2021-09-19T09:49:08+00:00\" \/>\n<meta property=\"article:modified_time\" content=\"2021-09-19T09:55:11+00:00\" \/>\n<meta property=\"og:image\" content=\"https:\/\/fr.motocrossmag.be\/wp-content\/uploads\/2021\/03\/375651_CAIROLI_KTM_TEAM_2021_JPA_P2_6675_BN.jpg\" \/>\n\t<meta property=\"og:image:width\" content=\"1000\" \/>\n\t<meta property=\"og:image:height\" content=\"666\" \/>\n\t<meta property=\"og:image:type\" content=\"image\/jpeg\" \/>\n<meta name=\"author\" content=\"oliviere\" \/>\n<meta name=\"twitter:card\" content=\"summary_large_image\" \/>\n<meta name=\"twitter:label1\" content=\"\u00c9crit par\" \/>\n\t<meta name=\"twitter:data1\" content=\"oliviere\" \/>\n\t<meta name=\"twitter:label2\" content=\"Dur\u00e9e de lecture estim\u00e9e\" \/>\n\t<meta name=\"twitter:data2\" content=\"1 minute\" \/>\n<script type=\"application\/ld+json\" class=\"yoast-schema-graph\">{\"@context\":\"https:\\\/\\\/schema.org\",\"@graph\":[{\"@type\":\"Article\",\"@id\":\"https:\\\/\\\/fr.motocrossmag.be\\\/index.php\\\/2021\\\/09\\\/lourde-chute-pour-antonio-cairoli-a-riola-sardo\\\/#article\",\"isPartOf\":{\"@id\":\"https:\\\/\\\/fr.motocrossmag.be\\\/index.php\\\/2021\\\/09\\\/lourde-chute-pour-antonio-cairoli-a-riola-sardo\\\/\"},\"author\":{\"name\":\"oliviere\",\"@id\":\"https:\\\/\\\/fr.motocrossmag.be\\\/#\\\/schema\\\/person\\\/11b47143d9f755babca2c9110e03235c\"},\"headline\":\"Lourde chute pour Antonio Cairoli \u00e0 Riola Sardo\",\"datePublished\":\"2021-09-19T09:49:08+00:00\",\"dateModified\":\"2021-09-19T09:55:11+00:00\",\"mainEntityOfPage\":{\"@id\":\"https:\\\/\\\/fr.motocrossmag.be\\\/index.php\\\/2021\\\/09\\\/lourde-chute-pour-antonio-cairoli-a-riola-sardo\\\/\"},\"wordCount\":183,\"commentCount\":0,\"image\":{\"@id\":\"https:\\\/\\\/fr.motocrossmag.be\\\/index.php\\\/2021\\\/09\\\/lourde-chute-pour-antonio-cairoli-a-riola-sardo\\\/#primaryimage\"},\"thumbnailUrl\":\"https:\\\/\\\/fr.motocrossmag.be\\\/wp-content\\\/uploads\\\/2021\\\/03\\\/375651_CAIROLI_KTM_TEAM_2021_JPA_P2_6675_BN.jpg\",\"keywords\":[\"antonio cairoli\",\"Motocross\",\"MXGP\"],\"articleSection\":[\"Actualit\u00e9\",\"Motocross\",\"Motocross MXGP\",\"News\",\"News\",\"Slideshow\"],\"inLanguage\":\"fr-FR\",\"potentialAction\":[{\"@type\":\"CommentAction\",\"name\":\"Comment\",\"target\":[\"https:\\\/\\\/fr.motocrossmag.be\\\/index.php\\\/2021\\\/09\\\/lourde-chute-pour-antonio-cairoli-a-riola-sardo\\\/#respond\"]}]},{\"@type\":\"WebPage\",\"@id\":\"https:\\\/\\\/fr.motocrossmag.be\\\/index.php\\\/2021\\\/09\\\/lourde-chute-pour-antonio-cairoli-a-riola-sardo\\\/\",\"url\":\"https:\\\/\\\/fr.motocrossmag.be\\\/index.php\\\/2021\\\/09\\\/lourde-chute-pour-antonio-cairoli-a-riola-sardo\\\/\",\"name\":\"Lourde chute pour Antonio Cairoli \u00e0 Riola Sardo - Motocross - Enduro - Supermoto | MotocrossMag\",\"isPartOf\":{\"@id\":\"https:\\\/\\\/fr.motocrossmag.be\\\/#website\"},\"primaryImageOfPage\":{\"@id\":\"https:\\\/\\\/fr.motocrossmag.be\\\/index.php\\\/2021\\\/09\\\/lourde-chute-pour-antonio-cairoli-a-riola-sardo\\\/#primaryimage\"},\"image\":{\"@id\":\"https:\\\/\\\/fr.motocrossmag.be\\\/index.php\\\/2021\\\/09\\\/lourde-chute-pour-antonio-cairoli-a-riola-sardo\\\/#primaryimage\"},\"thumbnailUrl\":\"https:\\\/\\\/fr.motocrossmag.be\\\/wp-content\\\/uploads\\\/2021\\\/03\\\/375651_CAIROLI_KTM_TEAM_2021_JPA_P2_6675_BN.jpg\",\"datePublished\":\"2021-09-19T09:49:08+00:00\",\"dateModified\":\"2021-09-19T09:55:11+00:00\",\"author\":{\"@id\":\"https:\\\/\\\/fr.motocrossmag.be\\\/#\\\/schema\\\/person\\\/11b47143d9f755babca2c9110e03235c\"},\"breadcrumb\":{\"@id\":\"https:\\\/\\\/fr.motocrossmag.be\\\/index.php\\\/2021\\\/09\\\/lourde-chute-pour-antonio-cairoli-a-riola-sardo\\\/#breadcrumb\"},\"inLanguage\":\"fr-FR\",\"potentialAction\":[{\"@type\":\"ReadAction\",\"target\":[\"https:\\\/\\\/fr.motocrossmag.be\\\/index.php\\\/2021\\\/09\\\/lourde-chute-pour-antonio-cairoli-a-riola-sardo\\\/\"]}]},{\"@type\":\"ImageObject\",\"inLanguage\":\"fr-FR\",\"@id\":\"https:\\\/\\\/fr.motocrossmag.be\\\/index.php\\\/2021\\\/09\\\/lourde-chute-pour-antonio-cairoli-a-riola-sardo\\\/#primaryimage\",\"url\":\"https:\\\/\\\/fr.motocrossmag.be\\\/wp-content\\\/uploads\\\/2021\\\/03\\\/375651_CAIROLI_KTM_TEAM_2021_JPA_P2_6675_BN.jpg\",\"contentUrl\":\"https:\\\/\\\/fr.motocrossmag.be\\\/wp-content\\\/uploads\\\/2021\\\/03\\\/375651_CAIROLI_KTM_TEAM_2021_JPA_P2_6675_BN.jpg\",\"width\":1000,\"height\":666},{\"@type\":\"BreadcrumbList\",\"@id\":\"https:\\\/\\\/fr.motocrossmag.be\\\/index.php\\\/2021\\\/09\\\/lourde-chute-pour-antonio-cairoli-a-riola-sardo\\\/#breadcrumb\",\"itemListElement\":[{\"@type\":\"ListItem\",\"position\":1,\"name\":\"Accueil\",\"item\":\"https:\\\/\\\/fr.motocrossmag.be\\\/\"},{\"@type\":\"ListItem\",\"position\":2,\"name\":\"Lourde chute pour Antonio Cairoli \u00e0 Riola Sardo\"}]},{\"@type\":\"WebSite\",\"@id\":\"https:\\\/\\\/fr.motocrossmag.be\\\/#website\",\"url\":\"https:\\\/\\\/fr.motocrossmag.be\\\/\",\"name\":\"Motocross - Enduro - Supermoto | MotocrossMag\",\"description\":\"L&#039;actualit\u00e9 du motocross, de l&#039;enduro et du Supermoto en ligne!\",\"potentialAction\":[{\"@type\":\"SearchAction\",\"target\":{\"@type\":\"EntryPoint\",\"urlTemplate\":\"https:\\\/\\\/fr.motocrossmag.be\\\/?s={search_term_string}\"},\"query-input\":{\"@type\":\"PropertyValueSpecification\",\"valueRequired\":true,\"valueName\":\"search_term_string\"}}],\"inLanguage\":\"fr-FR\"},{\"@type\":\"Person\",\"@id\":\"https:\\\/\\\/fr.motocrossmag.be\\\/#\\\/schema\\\/person\\\/11b47143d9f755babca2c9110e03235c\",\"name\":\"oliviere\",\"image\":{\"@type\":\"ImageObject\",\"inLanguage\":\"fr-FR\",\"@id\":\"https:\\\/\\\/secure.gravatar.com\\\/avatar\\\/907069e0b81d119452040469e4a7501da1100f54f7f80180ce77bfab718288f6?s=96&d=mm&r=g\",\"url\":\"https:\\\/\\\/secure.gravatar.com\\\/avatar\\\/907069e0b81d119452040469e4a7501da1100f54f7f80180ce77bfab718288f6?s=96&d=mm&r=g\",\"contentUrl\":\"https:\\\/\\\/secure.gravatar.com\\\/avatar\\\/907069e0b81d119452040469e4a7501da1100f54f7f80180ce77bfab718288f6?s=96&d=mm&r=g\",\"caption\":\"oliviere\"},\"sameAs\":[\"http:\\\/\\\/www.motocrossmag.be\"],\"url\":\"https:\\\/\\\/fr.motocrossmag.be\\\/index.php\\\/author\\\/oliviere\\\/\"}]}<\/script>\n<!-- \/ Yoast SEO plugin. -->","yoast_head_json":{"title":"Lourde chute pour Antonio Cairoli \u00e0 Riola Sardo - Motocross - Enduro - Supermoto | MotocrossMag","robots":{"index":"index","follow":"follow","max-snippet":"max-snippet:-1","max-image-preview":"max-image-preview:large","max-video-preview":"max-video-preview:-1"},"canonical":"https:\/\/fr.motocrossmag.be\/index.php\/2021\/09\/lourde-chute-pour-antonio-cairoli-a-riola-sardo\/","og_locale":"fr_FR","og_type":"article","og_title":"Lourde chute pour Antonio Cairoli \u00e0 Riola Sardo - Motocross - Enduro - Supermoto | MotocrossMag","og_description":"Antonio Cairoli a chut\u00e9 lourdement ce dimanche matin dans les essais chronom\u00e9tr\u00e9s du GP de Riola Sardo, 10\u00e8me rendez-vous de la saison MXGP. Le champion italien a perdu le contr\u00f4le [...]","og_url":"https:\/\/fr.motocrossmag.be\/index.php\/2021\/09\/lourde-chute-pour-antonio-cairoli-a-riola-sardo\/","og_site_name":"Motocross - Enduro - Supermoto | MotocrossMag","article_published_time":"2021-09-19T09:49:08+00:00","article_modified_time":"2021-09-19T09:55:11+00:00","og_image":[{"width":1000,"height":666,"url":"https:\/\/fr.motocrossmag.be\/wp-content\/uploads\/2021\/03\/375651_CAIROLI_KTM_TEAM_2021_JPA_P2_6675_BN.jpg","type":"image\/jpeg"}],"author":"oliviere","twitter_card":"summary_large_image","twitter_misc":{"\u00c9crit par":"oliviere","Dur\u00e9e de lecture estim\u00e9e":"1 minute"},"schema":{"@context":"https:\/\/schema.org","@graph":[{"@type":"Article","@id":"https:\/\/fr.motocrossmag.be\/index.php\/2021\/09\/lourde-chute-pour-antonio-cairoli-a-riola-sardo\/#article","isPartOf":{"@id":"https:\/\/fr.motocrossmag.be\/index.php\/2021\/09\/lourde-chute-pour-antonio-cairoli-a-riola-sardo\/"},"author":{"name":"oliviere","@id":"https:\/\/fr.motocrossmag.be\/#\/schema\/person\/11b47143d9f755babca2c9110e03235c"},"headline":"Lourde chute pour Antonio Cairoli \u00e0 Riola Sardo","datePublished":"2021-09-19T09:49:08+00:00","dateModified":"2021-09-19T09:55:11+00:00","mainEntityOfPage":{"@id":"https:\/\/fr.motocrossmag.be\/index.php\/2021\/09\/lourde-chute-pour-antonio-cairoli-a-riola-sardo\/"},"wordCount":183,"commentCount":0,"image":{"@id":"https:\/\/fr.motocrossmag.be\/index.php\/2021\/09\/lourde-chute-pour-antonio-cairoli-a-riola-sardo\/#primaryimage"},"thumbnailUrl":"https:\/\/fr.motocrossmag.be\/wp-content\/uploads\/2021\/03\/375651_CAIROLI_KTM_TEAM_2021_JPA_P2_6675_BN.jpg","keywords":["antonio cairoli","Motocross","MXGP"],"articleSection":["Actualit\u00e9","Motocross","Motocross MXGP","News","News","Slideshow"],"inLanguage":"fr-FR","potentialAction":[{"@type":"CommentAction","name":"Comment","target":["https:\/\/fr.motocrossmag.be\/index.php\/2021\/09\/lourde-chute-pour-antonio-cairoli-a-riola-sardo\/#respond"]}]},{"@type":"WebPage","@id":"https:\/\/fr.motocrossmag.be\/index.php\/2021\/09\/lourde-chute-pour-antonio-cairoli-a-riola-sardo\/","url":"https:\/\/fr.motocrossmag.be\/index.php\/2021\/09\/lourde-chute-pour-antonio-cairoli-a-riola-sardo\/","name":"Lourde chute pour Antonio Cairoli \u00e0 Riola Sardo - Motocross - Enduro - Supermoto | MotocrossMag","isPartOf":{"@id":"https:\/\/fr.motocrossmag.be\/#website"},"primaryImageOfPage":{"@id":"https:\/\/fr.motocrossmag.be\/index.php\/2021\/09\/lourde-chute-pour-antonio-cairoli-a-riola-sardo\/#primaryimage"},"image":{"@id":"https:\/\/fr.motocrossmag.be\/index.php\/2021\/09\/lourde-chute-pour-antonio-cairoli-a-riola-sardo\/#primaryimage"},"thumbnailUrl":"https:\/\/fr.motocrossmag.be\/wp-content\/uploads\/2021\/03\/375651_CAIROLI_KTM_TEAM_2021_JPA_P2_6675_BN.jpg","datePublished":"2021-09-19T09:49:08+00:00","dateModified":"2021-09-19T09:55:11+00:00","author":{"@id":"https:\/\/fr.motocrossmag.be\/#\/schema\/person\/11b47143d9f755babca2c9110e03235c"},"breadcrumb":{"@id":"https:\/\/fr.motocrossmag.be\/index.php\/2021\/09\/lourde-chute-pour-antonio-cairoli-a-riola-sardo\/#breadcrumb"},"inLanguage":"fr-FR","potentialAction":[{"@type":"ReadAction","target":["https:\/\/fr.motocrossmag.be\/index.php\/2021\/09\/lourde-chute-pour-antonio-cairoli-a-riola-sardo\/"]}]},{"@type":"ImageObject","inLanguage":"fr-FR","@id":"https:\/\/fr.motocrossmag.be\/index.php\/2021\/09\/lourde-chute-pour-antonio-cairoli-a-riola-sardo\/#primaryimage","url":"https:\/\/fr.motocrossmag.be\/wp-content\/uploads\/2021\/03\/375651_CAIROLI_KTM_TEAM_2021_JPA_P2_6675_BN.jpg","contentUrl":"https:\/\/fr.motocrossmag.be\/wp-content\/uploads\/2021\/03\/375651_CAIROLI_KTM_TEAM_2021_JPA_P2_6675_BN.jpg","width":1000,"height":666},{"@type":"BreadcrumbList","@id":"https:\/\/fr.motocrossmag.be\/index.php\/2021\/09\/lourde-chute-pour-antonio-cairoli-a-riola-sardo\/#breadcrumb","itemListElement":[{"@type":"ListItem","position":1,"name":"Accueil","item":"https:\/\/fr.motocrossmag.be\/"},{"@type":"ListItem","position":2,"name":"Lourde chute pour Antonio Cairoli \u00e0 Riola Sardo"}]},{"@type":"WebSite","@id":"https:\/\/fr.motocrossmag.be\/#website","url":"https:\/\/fr.motocrossmag.be\/","name":"Motocross - Enduro - Supermoto | MotocrossMag","description":"L&#039;actualit\u00e9 du motocross, de l&#039;enduro et du Supermoto en ligne!","potentialAction":[{"@type":"SearchAction","target":{"@type":"EntryPoint","urlTemplate":"https:\/\/fr.motocrossmag.be\/?s={search_term_string}"},"query-input":{"@type":"PropertyValueSpecification","valueRequired":true,"valueName":"search_term_string"}}],"inLanguage":"fr-FR"},{"@type":"Person","@id":"https:\/\/fr.motocrossmag.be\/#\/schema\/person\/11b47143d9f755babca2c9110e03235c","name":"oliviere","image":{"@type":"ImageObject","inLanguage":"fr-FR","@id":"https:\/\/secure.gravatar.com\/avatar\/907069e0b81d119452040469e4a7501da1100f54f7f80180ce77bfab718288f6?s=96&d=mm&r=g","url":"https:\/\/secure.gravatar.com\/avatar\/907069e0b81d119452040469e4a7501da1100f54f7f80180ce77bfab718288f6?s=96&d=mm&r=g","contentUrl":"https:\/\/secure.gravatar.com\/avatar\/907069e0b81d119452040469e4a7501da1100f54f7f80180ce77bfab718288f6?s=96&d=mm&r=g","caption":"oliviere"},"sameAs":["http:\/\/www.motocrossmag.be"],"url":"https:\/\/fr.motocrossmag.be\/index.php\/author\/oliviere\/"}]}},"_links":{"self":[{"href":"https:\/\/fr.motocrossmag.be\/index.php\/wp-json\/wp\/v2\/posts\/112563","targetHints":{"allow":["GET"]}}],"collection":[{"href":"https:\/\/fr.motocrossmag.be\/index.php\/wp-json\/wp\/v2\/posts"}],"about":[{"href":"https:\/\/fr.motocrossmag.be\/index.php\/wp-json\/wp\/v2\/types\/post"}],"author":[{"embeddable":true,"href":"https:\/\/fr.motocrossmag.be\/index.php\/wp-json\/wp\/v2\/users\/932"}],"replies":[{"embeddable":true,"href":"https:\/\/fr.motocrossmag.be\/index.php\/wp-json\/wp\/v2\/comments?post=112563"}],"version-history":[{"count":1,"href":"https:\/\/fr.motocrossmag.be\/index.php\/wp-json\/wp\/v2\/posts\/112563\/revisions"}],"predecessor-version":[{"id":112564,"href":"https:\/\/fr.motocrossmag.be\/index.php\/wp-json\/wp\/v2\/posts\/112563\/revisions\/112564"}],"wp:featuredmedia":[{"embeddable":true,"href":"https:\/\/fr.motocrossmag.be\/index.php\/wp-json\/wp\/v2\/media\/108644"}],"wp:attachment":[{"href":"https:\/\/fr.motocrossmag.be\/index.php\/wp-json\/wp\/v2\/media?parent=112563"}],"wp:term":[{"taxonomy":"category","embeddable":true,"href":"https:\/\/fr.motocrossmag.be\/index.php\/wp-json\/wp\/v2\/categories?post=112563"},{"taxonomy":"post_tag","embeddable":true,"href":"https:\/\/fr.motocrossmag.be\/index.php\/wp-json\/wp\/v2\/tags?post=112563"}],"curies":[{"name":"wp","href":"https:\/\/api.w.org\/{rel}","templated":true}]}}