{"id":112570,"date":"2021-09-19T20:04:46","date_gmt":"2021-09-19T18:04:46","guid":{"rendered":"http:\/\/fr.motocrossmag.be\/?p=112570"},"modified":"2021-09-19T20:08:35","modified_gmt":"2021-09-19T18:08:35","slug":"tim-gajser-dans-la-course-au-titre-mxgp-chaque-point-compte","status":"publish","type":"post","link":"https:\/\/fr.motocrossmag.be\/index.php\/2021\/09\/tim-gajser-dans-la-course-au-titre-mxgp-chaque-point-compte\/","title":{"rendered":"Tim Gajser : \u00ab\u00a0Dans la course au titre MXGP, chaque point compte\u00a0\u00bb"},"content":{"rendered":"<p><strong>Arriv\u00e9 \u00e0 Riola Sardo en t\u00eate du classement provisoire avec 28 points d&rsquo;avance sur Febvre, Tim Gajser en repart \u00e0 la seconde place, un petit point derri\u00e8re <a href=\"http:\/\/fr.motocrossmag.be\/index.php\/2021\/09\/mxgp-jeffrey-herlings-prend-la-tete-du-championnat\/\">le double vainqueur du jour Jeffrey Herlings<\/a>. Un week-end difficile pour le champion du monde en titre qui devait composer avec la douleur suite \u00e0 <a href=\"http:\/\/fr.motocrossmag.be\/index.php\/2021\/09\/clavicule-fracturee-pour-tim-gajser\/\">une clavicule fractur\u00e9e \u00e0 l&rsquo;entra\u00eenement la semaine pass\u00e9e<\/a>. Mais dans la course au titre mondial, chaque point compte. Le pilote Honda en a sauv\u00e9 15 aujourd&rsquo;hui.<\/strong><\/p>\n<p>\u00ab\u00a0En arrivant sur cette course, je savais que ce serait extr\u00eamement difficile, mais je sais aussi \u00e0 quel point chaque point peut \u00eatre important dans cette bataille pour le championnat, donc je voulais essayer\u00a0\u00bb, explique Tim Gajser ce dimanche soir. \u00ab\u00a0Malgr\u00e9 la blessure, je me sentais plut\u00f4t bien, enregistrant un temps au tour rapide aux essais libres, mais je n&rsquo;ai ensuite pas pu signer un seul bon tour lors des essais chronom\u00e9tr\u00e9s et cela a vraiment nui \u00e0 mes chances de d\u00e9part dans le top-10.\u00a0\u00bb<\/p>\n<blockquote><p>\u00ab\u00a0J&rsquo;esp\u00e8re pouvoir me battre \u00e0 nouveau pour la victoire d\u00e8s le prochain GP en Allemagne.\u00a0\u00bb<\/p><\/blockquote>\n<p>\u00ab\u00a0Puis malheureusement, dans la premi\u00e8re manche, une chute m&rsquo;a contraint \u00e0 remonter de pratiquement la derni\u00e8re place\u00a0\u00bb, poursuit l&rsquo;ancien leader du provisoire MXGP.\u00a0 \u00ab\u00a0J&rsquo;ai essay\u00e9 de me ressaisir mais une autre chute un tour plus tard a rendu les choses tr\u00e8s difficiles. Cependant, je n&rsquo;ai pas abandonn\u00e9 et j&rsquo;ai continu\u00e9 \u00e0 pousser et \u00e0 pousser et j&rsquo;ai finalement d\u00e9pass\u00e9 quelques pilotes pour terminer 19e. \u00c9videmment, j&rsquo;\u00e9tais d\u00e9\u00e7u mais je sentais vraiment que je pouvais faire mieux si je prenais un bon d\u00e9part\u00a0\u00bb<\/p>\n<p>\u00ab\u00a0Heureusement, c&rsquo;est ce que j&rsquo;ai fait dans la deuxi\u00e8me manche\u00a0\u00bb, continue Gajser. \u00ab\u00a0J&rsquo;ai boucl\u00e9 le premier tour \u00e0 la 12e place et j&rsquo;ai pris un bon rythme sur ce qui \u00e9tait une piste vraiment difficile. Je savais que j&rsquo;\u00e9tais en forme, et m\u00eame si j&rsquo;avais mal, je me suis battu pour revenir jusqu&rsquo;\u00e0 la huiti\u00e8me place. Dans l&rsquo;ensemble, je suis heureux d&rsquo;avoir marqu\u00e9 15 points cruciaux et avec un week-end de repos pour me remettre en forme, j&rsquo;esp\u00e8re qu&rsquo;\u00e0 Teutschenthal, je pourrai \u00e0 nouveau me battre pour les victoires. Un grand merci \u00e0 l&rsquo;\u00e9quipe de m&rsquo;avoir soutenu durant cette semaine difficile, j&rsquo;appr\u00e9cie vraiment tout ce que vous faites pour moi !\u00a0\u00bb<\/p>\n","protected":false},"excerpt":{"rendered":"<p>Arriv\u00e9 \u00e0 Riola Sardo en t\u00eate du classement provisoire avec 28 points d&rsquo;avance sur Febvre, Tim Gajser en repart \u00e0 la seconde place, un petit point derri\u00e8re le double vainqueur [&#8230;]<\/p>\n","protected":false},"author":932,"featured_media":112571,"comment_status":"open","ping_status":"closed","sticky":false,"template":"","format":"standard","meta":{"footnotes":""},"categories":[54,7,58,4,6,5,55,65],"tags":[124,947,568,723,780],"class_list":["post-112570","post","type-post","status-publish","format-standard","has-post-thumbnail","hentry","category-actualite","category-interviews","category-interviews-actualite","category-motocross","category-mx1mx2","category-news","category-news-actualite","category-slideshow","tag-honda","tag-motocross","tag-mxgp","tag-riola-sardo","tag-tim-gajser"],"yoast_head":"<!-- This site is optimized with the Yoast SEO plugin v27.4 - https:\/\/yoast.com\/product\/yoast-seo-wordpress\/ -->\n<title>Tim Gajser : &quot;Dans la course au titre MXGP, chaque point compte&quot; - Motocross - Enduro - Supermoto | MotocrossMag<\/title>\n<meta name=\"robots\" content=\"index, follow, max-snippet:-1, max-image-preview:large, max-video-preview:-1\" \/>\n<link rel=\"canonical\" href=\"https:\/\/fr.motocrossmag.be\/index.php\/2021\/09\/tim-gajser-dans-la-course-au-titre-mxgp-chaque-point-compte\/\" \/>\n<meta property=\"og:locale\" content=\"fr_FR\" \/>\n<meta property=\"og:type\" content=\"article\" \/>\n<meta property=\"og:title\" content=\"Tim Gajser : &quot;Dans la course au titre MXGP, chaque point compte&quot; - Motocross - Enduro - Supermoto | MotocrossMag\" \/>\n<meta property=\"og:description\" content=\"Arriv\u00e9 \u00e0 Riola Sardo en t\u00eate du classement provisoire avec 28 points d&rsquo;avance sur Febvre, Tim Gajser en repart \u00e0 la seconde place, un petit point derri\u00e8re le double vainqueur [...]\" \/>\n<meta property=\"og:url\" content=\"https:\/\/fr.motocrossmag.be\/index.php\/2021\/09\/tim-gajser-dans-la-course-au-titre-mxgp-chaque-point-compte\/\" \/>\n<meta property=\"og:site_name\" content=\"Motocross - Enduro - Supermoto | MotocrossMag\" \/>\n<meta property=\"article:published_time\" content=\"2021-09-19T18:04:46+00:00\" \/>\n<meta property=\"article:modified_time\" content=\"2021-09-19T18:08:35+00:00\" \/>\n<meta property=\"og:image\" content=\"https:\/\/fr.motocrossmag.be\/wp-content\/uploads\/2021\/09\/gajser-riola-sardo.jpg\" \/>\n\t<meta property=\"og:image:width\" content=\"800\" \/>\n\t<meta property=\"og:image:height\" content=\"533\" \/>\n\t<meta property=\"og:image:type\" content=\"image\/jpeg\" \/>\n<meta name=\"author\" content=\"oliviere\" \/>\n<meta name=\"twitter:card\" content=\"summary_large_image\" \/>\n<meta name=\"twitter:label1\" content=\"\u00c9crit par\" \/>\n\t<meta name=\"twitter:data1\" content=\"oliviere\" \/>\n\t<meta name=\"twitter:label2\" content=\"Dur\u00e9e de lecture estim\u00e9e\" \/>\n\t<meta name=\"twitter:data2\" content=\"2 minutes\" \/>\n<script type=\"application\/ld+json\" class=\"yoast-schema-graph\">{\"@context\":\"https:\\\/\\\/schema.org\",\"@graph\":[{\"@type\":\"Article\",\"@id\":\"https:\\\/\\\/fr.motocrossmag.be\\\/index.php\\\/2021\\\/09\\\/tim-gajser-dans-la-course-au-titre-mxgp-chaque-point-compte\\\/#article\",\"isPartOf\":{\"@id\":\"https:\\\/\\\/fr.motocrossmag.be\\\/index.php\\\/2021\\\/09\\\/tim-gajser-dans-la-course-au-titre-mxgp-chaque-point-compte\\\/\"},\"author\":{\"name\":\"oliviere\",\"@id\":\"https:\\\/\\\/fr.motocrossmag.be\\\/#\\\/schema\\\/person\\\/11b47143d9f755babca2c9110e03235c\"},\"headline\":\"Tim Gajser : \u00ab\u00a0Dans la course au titre MXGP, chaque point compte\u00a0\u00bb\",\"datePublished\":\"2021-09-19T18:04:46+00:00\",\"dateModified\":\"2021-09-19T18:08:35+00:00\",\"mainEntityOfPage\":{\"@id\":\"https:\\\/\\\/fr.motocrossmag.be\\\/index.php\\\/2021\\\/09\\\/tim-gajser-dans-la-course-au-titre-mxgp-chaque-point-compte\\\/\"},\"wordCount\":412,\"commentCount\":0,\"image\":{\"@id\":\"https:\\\/\\\/fr.motocrossmag.be\\\/index.php\\\/2021\\\/09\\\/tim-gajser-dans-la-course-au-titre-mxgp-chaque-point-compte\\\/#primaryimage\"},\"thumbnailUrl\":\"https:\\\/\\\/fr.motocrossmag.be\\\/wp-content\\\/uploads\\\/2021\\\/09\\\/gajser-riola-sardo.jpg\",\"keywords\":[\"honda\",\"Motocross\",\"MXGP\",\"riola sardo\",\"tim gajser\"],\"articleSection\":[\"Actualit\u00e9\",\"Interviews\",\"Interviews -all\",\"Motocross\",\"Motocross MXGP\",\"News\",\"News\",\"Slideshow\"],\"inLanguage\":\"fr-FR\",\"potentialAction\":[{\"@type\":\"CommentAction\",\"name\":\"Comment\",\"target\":[\"https:\\\/\\\/fr.motocrossmag.be\\\/index.php\\\/2021\\\/09\\\/tim-gajser-dans-la-course-au-titre-mxgp-chaque-point-compte\\\/#respond\"]}]},{\"@type\":\"WebPage\",\"@id\":\"https:\\\/\\\/fr.motocrossmag.be\\\/index.php\\\/2021\\\/09\\\/tim-gajser-dans-la-course-au-titre-mxgp-chaque-point-compte\\\/\",\"url\":\"https:\\\/\\\/fr.motocrossmag.be\\\/index.php\\\/2021\\\/09\\\/tim-gajser-dans-la-course-au-titre-mxgp-chaque-point-compte\\\/\",\"name\":\"Tim Gajser : \\\"Dans la course au titre MXGP, chaque point compte\\\" - Motocross - Enduro - Supermoto | MotocrossMag\",\"isPartOf\":{\"@id\":\"https:\\\/\\\/fr.motocrossmag.be\\\/#website\"},\"primaryImageOfPage\":{\"@id\":\"https:\\\/\\\/fr.motocrossmag.be\\\/index.php\\\/2021\\\/09\\\/tim-gajser-dans-la-course-au-titre-mxgp-chaque-point-compte\\\/#primaryimage\"},\"image\":{\"@id\":\"https:\\\/\\\/fr.motocrossmag.be\\\/index.php\\\/2021\\\/09\\\/tim-gajser-dans-la-course-au-titre-mxgp-chaque-point-compte\\\/#primaryimage\"},\"thumbnailUrl\":\"https:\\\/\\\/fr.motocrossmag.be\\\/wp-content\\\/uploads\\\/2021\\\/09\\\/gajser-riola-sardo.jpg\",\"datePublished\":\"2021-09-19T18:04:46+00:00\",\"dateModified\":\"2021-09-19T18:08:35+00:00\",\"author\":{\"@id\":\"https:\\\/\\\/fr.motocrossmag.be\\\/#\\\/schema\\\/person\\\/11b47143d9f755babca2c9110e03235c\"},\"breadcrumb\":{\"@id\":\"https:\\\/\\\/fr.motocrossmag.be\\\/index.php\\\/2021\\\/09\\\/tim-gajser-dans-la-course-au-titre-mxgp-chaque-point-compte\\\/#breadcrumb\"},\"inLanguage\":\"fr-FR\",\"potentialAction\":[{\"@type\":\"ReadAction\",\"target\":[\"https:\\\/\\\/fr.motocrossmag.be\\\/index.php\\\/2021\\\/09\\\/tim-gajser-dans-la-course-au-titre-mxgp-chaque-point-compte\\\/\"]}]},{\"@type\":\"ImageObject\",\"inLanguage\":\"fr-FR\",\"@id\":\"https:\\\/\\\/fr.motocrossmag.be\\\/index.php\\\/2021\\\/09\\\/tim-gajser-dans-la-course-au-titre-mxgp-chaque-point-compte\\\/#primaryimage\",\"url\":\"https:\\\/\\\/fr.motocrossmag.be\\\/wp-content\\\/uploads\\\/2021\\\/09\\\/gajser-riola-sardo.jpg\",\"contentUrl\":\"https:\\\/\\\/fr.motocrossmag.be\\\/wp-content\\\/uploads\\\/2021\\\/09\\\/gajser-riola-sardo.jpg\",\"width\":800,\"height\":533},{\"@type\":\"BreadcrumbList\",\"@id\":\"https:\\\/\\\/fr.motocrossmag.be\\\/index.php\\\/2021\\\/09\\\/tim-gajser-dans-la-course-au-titre-mxgp-chaque-point-compte\\\/#breadcrumb\",\"itemListElement\":[{\"@type\":\"ListItem\",\"position\":1,\"name\":\"Accueil\",\"item\":\"https:\\\/\\\/fr.motocrossmag.be\\\/\"},{\"@type\":\"ListItem\",\"position\":2,\"name\":\"Tim Gajser : \u00ab\u00a0Dans la course au titre MXGP, chaque point compte\u00a0\u00bb\"}]},{\"@type\":\"WebSite\",\"@id\":\"https:\\\/\\\/fr.motocrossmag.be\\\/#website\",\"url\":\"https:\\\/\\\/fr.motocrossmag.be\\\/\",\"name\":\"Motocross - Enduro - Supermoto | MotocrossMag\",\"description\":\"L&#039;actualit\u00e9 du motocross, de l&#039;enduro et du Supermoto en ligne!\",\"potentialAction\":[{\"@type\":\"SearchAction\",\"target\":{\"@type\":\"EntryPoint\",\"urlTemplate\":\"https:\\\/\\\/fr.motocrossmag.be\\\/?s={search_term_string}\"},\"query-input\":{\"@type\":\"PropertyValueSpecification\",\"valueRequired\":true,\"valueName\":\"search_term_string\"}}],\"inLanguage\":\"fr-FR\"},{\"@type\":\"Person\",\"@id\":\"https:\\\/\\\/fr.motocrossmag.be\\\/#\\\/schema\\\/person\\\/11b47143d9f755babca2c9110e03235c\",\"name\":\"oliviere\",\"image\":{\"@type\":\"ImageObject\",\"inLanguage\":\"fr-FR\",\"@id\":\"https:\\\/\\\/secure.gravatar.com\\\/avatar\\\/907069e0b81d119452040469e4a7501da1100f54f7f80180ce77bfab718288f6?s=96&d=mm&r=g\",\"url\":\"https:\\\/\\\/secure.gravatar.com\\\/avatar\\\/907069e0b81d119452040469e4a7501da1100f54f7f80180ce77bfab718288f6?s=96&d=mm&r=g\",\"contentUrl\":\"https:\\\/\\\/secure.gravatar.com\\\/avatar\\\/907069e0b81d119452040469e4a7501da1100f54f7f80180ce77bfab718288f6?s=96&d=mm&r=g\",\"caption\":\"oliviere\"},\"sameAs\":[\"http:\\\/\\\/www.motocrossmag.be\"],\"url\":\"https:\\\/\\\/fr.motocrossmag.be\\\/index.php\\\/author\\\/oliviere\\\/\"}]}<\/script>\n<!-- \/ Yoast SEO plugin. -->","yoast_head_json":{"title":"Tim Gajser : \"Dans la course au titre MXGP, chaque point compte\" - Motocross - Enduro - Supermoto | MotocrossMag","robots":{"index":"index","follow":"follow","max-snippet":"max-snippet:-1","max-image-preview":"max-image-preview:large","max-video-preview":"max-video-preview:-1"},"canonical":"https:\/\/fr.motocrossmag.be\/index.php\/2021\/09\/tim-gajser-dans-la-course-au-titre-mxgp-chaque-point-compte\/","og_locale":"fr_FR","og_type":"article","og_title":"Tim Gajser : \"Dans la course au titre MXGP, chaque point compte\" - Motocross - Enduro - Supermoto | MotocrossMag","og_description":"Arriv\u00e9 \u00e0 Riola Sardo en t\u00eate du classement provisoire avec 28 points d&rsquo;avance sur Febvre, Tim Gajser en repart \u00e0 la seconde place, un petit point derri\u00e8re le double vainqueur [...]","og_url":"https:\/\/fr.motocrossmag.be\/index.php\/2021\/09\/tim-gajser-dans-la-course-au-titre-mxgp-chaque-point-compte\/","og_site_name":"Motocross - Enduro - Supermoto | MotocrossMag","article_published_time":"2021-09-19T18:04:46+00:00","article_modified_time":"2021-09-19T18:08:35+00:00","og_image":[{"width":800,"height":533,"url":"https:\/\/fr.motocrossmag.be\/wp-content\/uploads\/2021\/09\/gajser-riola-sardo.jpg","type":"image\/jpeg"}],"author":"oliviere","twitter_card":"summary_large_image","twitter_misc":{"\u00c9crit par":"oliviere","Dur\u00e9e de lecture estim\u00e9e":"2 minutes"},"schema":{"@context":"https:\/\/schema.org","@graph":[{"@type":"Article","@id":"https:\/\/fr.motocrossmag.be\/index.php\/2021\/09\/tim-gajser-dans-la-course-au-titre-mxgp-chaque-point-compte\/#article","isPartOf":{"@id":"https:\/\/fr.motocrossmag.be\/index.php\/2021\/09\/tim-gajser-dans-la-course-au-titre-mxgp-chaque-point-compte\/"},"author":{"name":"oliviere","@id":"https:\/\/fr.motocrossmag.be\/#\/schema\/person\/11b47143d9f755babca2c9110e03235c"},"headline":"Tim Gajser : \u00ab\u00a0Dans la course au titre MXGP, chaque point compte\u00a0\u00bb","datePublished":"2021-09-19T18:04:46+00:00","dateModified":"2021-09-19T18:08:35+00:00","mainEntityOfPage":{"@id":"https:\/\/fr.motocrossmag.be\/index.php\/2021\/09\/tim-gajser-dans-la-course-au-titre-mxgp-chaque-point-compte\/"},"wordCount":412,"commentCount":0,"image":{"@id":"https:\/\/fr.motocrossmag.be\/index.php\/2021\/09\/tim-gajser-dans-la-course-au-titre-mxgp-chaque-point-compte\/#primaryimage"},"thumbnailUrl":"https:\/\/fr.motocrossmag.be\/wp-content\/uploads\/2021\/09\/gajser-riola-sardo.jpg","keywords":["honda","Motocross","MXGP","riola sardo","tim gajser"],"articleSection":["Actualit\u00e9","Interviews","Interviews -all","Motocross","Motocross MXGP","News","News","Slideshow"],"inLanguage":"fr-FR","potentialAction":[{"@type":"CommentAction","name":"Comment","target":["https:\/\/fr.motocrossmag.be\/index.php\/2021\/09\/tim-gajser-dans-la-course-au-titre-mxgp-chaque-point-compte\/#respond"]}]},{"@type":"WebPage","@id":"https:\/\/fr.motocrossmag.be\/index.php\/2021\/09\/tim-gajser-dans-la-course-au-titre-mxgp-chaque-point-compte\/","url":"https:\/\/fr.motocrossmag.be\/index.php\/2021\/09\/tim-gajser-dans-la-course-au-titre-mxgp-chaque-point-compte\/","name":"Tim Gajser : \"Dans la course au titre MXGP, chaque point compte\" - Motocross - Enduro - Supermoto | MotocrossMag","isPartOf":{"@id":"https:\/\/fr.motocrossmag.be\/#website"},"primaryImageOfPage":{"@id":"https:\/\/fr.motocrossmag.be\/index.php\/2021\/09\/tim-gajser-dans-la-course-au-titre-mxgp-chaque-point-compte\/#primaryimage"},"image":{"@id":"https:\/\/fr.motocrossmag.be\/index.php\/2021\/09\/tim-gajser-dans-la-course-au-titre-mxgp-chaque-point-compte\/#primaryimage"},"thumbnailUrl":"https:\/\/fr.motocrossmag.be\/wp-content\/uploads\/2021\/09\/gajser-riola-sardo.jpg","datePublished":"2021-09-19T18:04:46+00:00","dateModified":"2021-09-19T18:08:35+00:00","author":{"@id":"https:\/\/fr.motocrossmag.be\/#\/schema\/person\/11b47143d9f755babca2c9110e03235c"},"breadcrumb":{"@id":"https:\/\/fr.motocrossmag.be\/index.php\/2021\/09\/tim-gajser-dans-la-course-au-titre-mxgp-chaque-point-compte\/#breadcrumb"},"inLanguage":"fr-FR","potentialAction":[{"@type":"ReadAction","target":["https:\/\/fr.motocrossmag.be\/index.php\/2021\/09\/tim-gajser-dans-la-course-au-titre-mxgp-chaque-point-compte\/"]}]},{"@type":"ImageObject","inLanguage":"fr-FR","@id":"https:\/\/fr.motocrossmag.be\/index.php\/2021\/09\/tim-gajser-dans-la-course-au-titre-mxgp-chaque-point-compte\/#primaryimage","url":"https:\/\/fr.motocrossmag.be\/wp-content\/uploads\/2021\/09\/gajser-riola-sardo.jpg","contentUrl":"https:\/\/fr.motocrossmag.be\/wp-content\/uploads\/2021\/09\/gajser-riola-sardo.jpg","width":800,"height":533},{"@type":"BreadcrumbList","@id":"https:\/\/fr.motocrossmag.be\/index.php\/2021\/09\/tim-gajser-dans-la-course-au-titre-mxgp-chaque-point-compte\/#breadcrumb","itemListElement":[{"@type":"ListItem","position":1,"name":"Accueil","item":"https:\/\/fr.motocrossmag.be\/"},{"@type":"ListItem","position":2,"name":"Tim Gajser : \u00ab\u00a0Dans la course au titre MXGP, chaque point compte\u00a0\u00bb"}]},{"@type":"WebSite","@id":"https:\/\/fr.motocrossmag.be\/#website","url":"https:\/\/fr.motocrossmag.be\/","name":"Motocross - Enduro - Supermoto | MotocrossMag","description":"L&#039;actualit\u00e9 du motocross, de l&#039;enduro et du Supermoto en ligne!","potentialAction":[{"@type":"SearchAction","target":{"@type":"EntryPoint","urlTemplate":"https:\/\/fr.motocrossmag.be\/?s={search_term_string}"},"query-input":{"@type":"PropertyValueSpecification","valueRequired":true,"valueName":"search_term_string"}}],"inLanguage":"fr-FR"},{"@type":"Person","@id":"https:\/\/fr.motocrossmag.be\/#\/schema\/person\/11b47143d9f755babca2c9110e03235c","name":"oliviere","image":{"@type":"ImageObject","inLanguage":"fr-FR","@id":"https:\/\/secure.gravatar.com\/avatar\/907069e0b81d119452040469e4a7501da1100f54f7f80180ce77bfab718288f6?s=96&d=mm&r=g","url":"https:\/\/secure.gravatar.com\/avatar\/907069e0b81d119452040469e4a7501da1100f54f7f80180ce77bfab718288f6?s=96&d=mm&r=g","contentUrl":"https:\/\/secure.gravatar.com\/avatar\/907069e0b81d119452040469e4a7501da1100f54f7f80180ce77bfab718288f6?s=96&d=mm&r=g","caption":"oliviere"},"sameAs":["http:\/\/www.motocrossmag.be"],"url":"https:\/\/fr.motocrossmag.be\/index.php\/author\/oliviere\/"}]}},"_links":{"self":[{"href":"https:\/\/fr.motocrossmag.be\/index.php\/wp-json\/wp\/v2\/posts\/112570","targetHints":{"allow":["GET"]}}],"collection":[{"href":"https:\/\/fr.motocrossmag.be\/index.php\/wp-json\/wp\/v2\/posts"}],"about":[{"href":"https:\/\/fr.motocrossmag.be\/index.php\/wp-json\/wp\/v2\/types\/post"}],"author":[{"embeddable":true,"href":"https:\/\/fr.motocrossmag.be\/index.php\/wp-json\/wp\/v2\/users\/932"}],"replies":[{"embeddable":true,"href":"https:\/\/fr.motocrossmag.be\/index.php\/wp-json\/wp\/v2\/comments?post=112570"}],"version-history":[{"count":1,"href":"https:\/\/fr.motocrossmag.be\/index.php\/wp-json\/wp\/v2\/posts\/112570\/revisions"}],"predecessor-version":[{"id":112572,"href":"https:\/\/fr.motocrossmag.be\/index.php\/wp-json\/wp\/v2\/posts\/112570\/revisions\/112572"}],"wp:featuredmedia":[{"embeddable":true,"href":"https:\/\/fr.motocrossmag.be\/index.php\/wp-json\/wp\/v2\/media\/112571"}],"wp:attachment":[{"href":"https:\/\/fr.motocrossmag.be\/index.php\/wp-json\/wp\/v2\/media?parent=112570"}],"wp:term":[{"taxonomy":"category","embeddable":true,"href":"https:\/\/fr.motocrossmag.be\/index.php\/wp-json\/wp\/v2\/categories?post=112570"},{"taxonomy":"post_tag","embeddable":true,"href":"https:\/\/fr.motocrossmag.be\/index.php\/wp-json\/wp\/v2\/tags?post=112570"}],"curies":[{"name":"wp","href":"https:\/\/api.w.org\/{rel}","templated":true}]}}