{"id":112969,"date":"2021-09-26T14:00:24","date_gmt":"2021-09-26T12:00:24","guid":{"rendered":"http:\/\/fr.motocrossmag.be\/?p=112969"},"modified":"2021-09-26T14:00:24","modified_gmt":"2021-09-26T12:00:24","slug":"victoire-du-team-dam-racing-ktm-sur-les-20-heures-de-compiegne","status":"publish","type":"post","link":"https:\/\/fr.motocrossmag.be\/index.php\/2021\/09\/victoire-du-team-dam-racing-ktm-sur-les-20-heures-de-compiegne\/","title":{"rendered":"Victoire du team DAM Racing KTM sur les 20 Heures de Compi\u00e8gne"},"content":{"rendered":"<p><strong>Organis\u00e9es au profit du T\u00e9l\u00e9thon, les 20 heures de Compi\u00e8gne, en France, accueillent chaque ann\u00e9e pas mal de concurrents belges. Cette ann\u00e9e encore, nos compatriotes ont jou\u00e9 les premiers r\u00f4les sur cette \u00e9preuve d&rsquo;endurance disput\u00e9e par \u00e9quipes de 3 \u00e0 6 pilotes en une seule manche, fa\u00e7on 12 Heures de la Chinelle.<\/strong><\/p>\n<p>La 28\u00e8me \u00e9dition des 20 Heures de Compi\u00e8gne s&rsquo;est disput\u00e9e sur un tr\u00e8s beau parcours de 5 kilom\u00e8tres environ, tr\u00e8s rapide, tr\u00e8s roulant, avec une piste bien dam\u00e9e, ce qui a permis qu&rsquo;elle ne se d\u00e9fonce pas trop au fil des heures. Plus de 400 pilotes (dont une seule f\u00e9minine, Elise Marchal) \u00e9taient au d\u00e9part, ce qui constitue un record pour le club organisateur.<\/p>\n<p>L\u00e9g\u00e8rement poussi\u00e9reux pour le d\u00e9part, le circuit a rapidement \u00e9volu\u00e9. La brume a en effet rendu par endroit la piste tr\u00e8s glissante et la ros\u00e9e du matin n&rsquo;a pas arrang\u00e9 les choses. Le soleil s&rsquo;est point\u00e9 apr\u00e8s-midi pour offrir une fin de course endiabl\u00e9e devant quelque 5600 spectateurs.<\/p>\n<p>L&rsquo;\u00e9quipage DAM Racing soutenu par KTM Belgique a domin\u00e9 l&rsquo;\u00e9preuve mais est rest\u00e9 longtemps sous la pression de ses poursuivants pour franchir le drapeau \u00e0 damiers en vainqueur. C&rsquo;est le 3\u00e8me succ\u00e8s cons\u00e9cutif de l&rsquo;\u00e9quipe sur l&rsquo;\u00e9preuve. Cette ann\u00e9e, Dietger Damiaens \u00e9tait de la partie (il avait d\u00fb renoncer in extremis l&rsquo;an pass\u00e9 pour d\u00e9fendre son leadership sur la Coupe du monde d&rsquo;enduro) aux c\u00f4t\u00e9s de Gauthier Lillo, Dimitri Vanhoenacker, Ludovic Bral et Jamie Haanen.<\/p>\n<p>Texte &amp; photo : Pauline Vallerand<\/p>\n<p>&nbsp;<\/p>\n","protected":false},"excerpt":{"rendered":"<p>Organis\u00e9es au profit du T\u00e9l\u00e9thon, les 20 heures de Compi\u00e8gne, en France, accueillent chaque ann\u00e9e pas mal de concurrents belges. Cette ann\u00e9e encore, nos compatriotes ont jou\u00e9 les premiers r\u00f4les [&#8230;]<\/p>\n","protected":false},"author":932,"featured_media":112970,"comment_status":"open","ping_status":"closed","sticky":false,"template":"","format":"standard","meta":{"footnotes":""},"categories":[54,32,33,55,56,65],"tags":[427,951],"class_list":["post-112969","post","type-post","status-publish","format-standard","has-post-thumbnail","hentry","category-actualite","category-enduro","category-news-enduro","category-news-actualite","category-resultats","category-slideshow","tag-endurance","tag-enduro"],"yoast_head":"<!-- This site is optimized with the Yoast SEO plugin v27.4 - https:\/\/yoast.com\/product\/yoast-seo-wordpress\/ -->\n<title>Victoire du team DAM Racing KTM sur les 20 Heures de Compi\u00e8gne - Motocross - Enduro - Supermoto | MotocrossMag<\/title>\n<meta name=\"robots\" content=\"index, follow, max-snippet:-1, max-image-preview:large, max-video-preview:-1\" \/>\n<link rel=\"canonical\" href=\"https:\/\/fr.motocrossmag.be\/index.php\/2021\/09\/victoire-du-team-dam-racing-ktm-sur-les-20-heures-de-compiegne\/\" \/>\n<meta property=\"og:locale\" content=\"fr_FR\" \/>\n<meta property=\"og:type\" content=\"article\" \/>\n<meta property=\"og:title\" content=\"Victoire du team DAM Racing KTM sur les 20 Heures de Compi\u00e8gne - Motocross - Enduro - Supermoto | MotocrossMag\" \/>\n<meta property=\"og:description\" content=\"Organis\u00e9es au profit du T\u00e9l\u00e9thon, les 20 heures de Compi\u00e8gne, en France, accueillent chaque ann\u00e9e pas mal de concurrents belges. Cette ann\u00e9e encore, nos compatriotes ont jou\u00e9 les premiers r\u00f4les [...]\" \/>\n<meta property=\"og:url\" content=\"https:\/\/fr.motocrossmag.be\/index.php\/2021\/09\/victoire-du-team-dam-racing-ktm-sur-les-20-heures-de-compiegne\/\" \/>\n<meta property=\"og:site_name\" content=\"Motocross - Enduro - Supermoto | MotocrossMag\" \/>\n<meta property=\"article:published_time\" content=\"2021-09-26T12:00:24+00:00\" \/>\n<meta property=\"og:image\" content=\"https:\/\/fr.motocrossmag.be\/wp-content\/uploads\/2021\/09\/20h-compiegne-dam-racing.jpg\" \/>\n\t<meta property=\"og:image:width\" content=\"1000\" \/>\n\t<meta property=\"og:image:height\" content=\"667\" \/>\n\t<meta property=\"og:image:type\" content=\"image\/jpeg\" \/>\n<meta name=\"author\" content=\"oliviere\" \/>\n<meta name=\"twitter:card\" content=\"summary_large_image\" \/>\n<meta name=\"twitter:label1\" content=\"\u00c9crit par\" \/>\n\t<meta name=\"twitter:data1\" content=\"oliviere\" \/>\n\t<meta name=\"twitter:label2\" content=\"Dur\u00e9e de lecture estim\u00e9e\" \/>\n\t<meta name=\"twitter:data2\" content=\"1 minute\" \/>\n<script type=\"application\/ld+json\" class=\"yoast-schema-graph\">{\"@context\":\"https:\\\/\\\/schema.org\",\"@graph\":[{\"@type\":\"Article\",\"@id\":\"https:\\\/\\\/fr.motocrossmag.be\\\/index.php\\\/2021\\\/09\\\/victoire-du-team-dam-racing-ktm-sur-les-20-heures-de-compiegne\\\/#article\",\"isPartOf\":{\"@id\":\"https:\\\/\\\/fr.motocrossmag.be\\\/index.php\\\/2021\\\/09\\\/victoire-du-team-dam-racing-ktm-sur-les-20-heures-de-compiegne\\\/\"},\"author\":{\"name\":\"oliviere\",\"@id\":\"https:\\\/\\\/fr.motocrossmag.be\\\/#\\\/schema\\\/person\\\/11b47143d9f755babca2c9110e03235c\"},\"headline\":\"Victoire du team DAM Racing KTM sur les 20 Heures de Compi\u00e8gne\",\"datePublished\":\"2021-09-26T12:00:24+00:00\",\"mainEntityOfPage\":{\"@id\":\"https:\\\/\\\/fr.motocrossmag.be\\\/index.php\\\/2021\\\/09\\\/victoire-du-team-dam-racing-ktm-sur-les-20-heures-de-compiegne\\\/\"},\"wordCount\":292,\"commentCount\":0,\"image\":{\"@id\":\"https:\\\/\\\/fr.motocrossmag.be\\\/index.php\\\/2021\\\/09\\\/victoire-du-team-dam-racing-ktm-sur-les-20-heures-de-compiegne\\\/#primaryimage\"},\"thumbnailUrl\":\"https:\\\/\\\/fr.motocrossmag.be\\\/wp-content\\\/uploads\\\/2021\\\/09\\\/20h-compiegne-dam-racing.jpg\",\"keywords\":[\"endurance\",\"Enduro\"],\"articleSection\":[\"Actualit\u00e9\",\"Enduro\",\"News\",\"News\",\"R\u00e9sultats\",\"Slideshow\"],\"inLanguage\":\"fr-FR\",\"potentialAction\":[{\"@type\":\"CommentAction\",\"name\":\"Comment\",\"target\":[\"https:\\\/\\\/fr.motocrossmag.be\\\/index.php\\\/2021\\\/09\\\/victoire-du-team-dam-racing-ktm-sur-les-20-heures-de-compiegne\\\/#respond\"]}]},{\"@type\":\"WebPage\",\"@id\":\"https:\\\/\\\/fr.motocrossmag.be\\\/index.php\\\/2021\\\/09\\\/victoire-du-team-dam-racing-ktm-sur-les-20-heures-de-compiegne\\\/\",\"url\":\"https:\\\/\\\/fr.motocrossmag.be\\\/index.php\\\/2021\\\/09\\\/victoire-du-team-dam-racing-ktm-sur-les-20-heures-de-compiegne\\\/\",\"name\":\"Victoire du team DAM Racing KTM sur les 20 Heures de Compi\u00e8gne - Motocross - Enduro - Supermoto | MotocrossMag\",\"isPartOf\":{\"@id\":\"https:\\\/\\\/fr.motocrossmag.be\\\/#website\"},\"primaryImageOfPage\":{\"@id\":\"https:\\\/\\\/fr.motocrossmag.be\\\/index.php\\\/2021\\\/09\\\/victoire-du-team-dam-racing-ktm-sur-les-20-heures-de-compiegne\\\/#primaryimage\"},\"image\":{\"@id\":\"https:\\\/\\\/fr.motocrossmag.be\\\/index.php\\\/2021\\\/09\\\/victoire-du-team-dam-racing-ktm-sur-les-20-heures-de-compiegne\\\/#primaryimage\"},\"thumbnailUrl\":\"https:\\\/\\\/fr.motocrossmag.be\\\/wp-content\\\/uploads\\\/2021\\\/09\\\/20h-compiegne-dam-racing.jpg\",\"datePublished\":\"2021-09-26T12:00:24+00:00\",\"author\":{\"@id\":\"https:\\\/\\\/fr.motocrossmag.be\\\/#\\\/schema\\\/person\\\/11b47143d9f755babca2c9110e03235c\"},\"breadcrumb\":{\"@id\":\"https:\\\/\\\/fr.motocrossmag.be\\\/index.php\\\/2021\\\/09\\\/victoire-du-team-dam-racing-ktm-sur-les-20-heures-de-compiegne\\\/#breadcrumb\"},\"inLanguage\":\"fr-FR\",\"potentialAction\":[{\"@type\":\"ReadAction\",\"target\":[\"https:\\\/\\\/fr.motocrossmag.be\\\/index.php\\\/2021\\\/09\\\/victoire-du-team-dam-racing-ktm-sur-les-20-heures-de-compiegne\\\/\"]}]},{\"@type\":\"ImageObject\",\"inLanguage\":\"fr-FR\",\"@id\":\"https:\\\/\\\/fr.motocrossmag.be\\\/index.php\\\/2021\\\/09\\\/victoire-du-team-dam-racing-ktm-sur-les-20-heures-de-compiegne\\\/#primaryimage\",\"url\":\"https:\\\/\\\/fr.motocrossmag.be\\\/wp-content\\\/uploads\\\/2021\\\/09\\\/20h-compiegne-dam-racing.jpg\",\"contentUrl\":\"https:\\\/\\\/fr.motocrossmag.be\\\/wp-content\\\/uploads\\\/2021\\\/09\\\/20h-compiegne-dam-racing.jpg\",\"width\":1000,\"height\":667},{\"@type\":\"BreadcrumbList\",\"@id\":\"https:\\\/\\\/fr.motocrossmag.be\\\/index.php\\\/2021\\\/09\\\/victoire-du-team-dam-racing-ktm-sur-les-20-heures-de-compiegne\\\/#breadcrumb\",\"itemListElement\":[{\"@type\":\"ListItem\",\"position\":1,\"name\":\"Accueil\",\"item\":\"https:\\\/\\\/fr.motocrossmag.be\\\/\"},{\"@type\":\"ListItem\",\"position\":2,\"name\":\"Victoire du team DAM Racing KTM sur les 20 Heures de Compi\u00e8gne\"}]},{\"@type\":\"WebSite\",\"@id\":\"https:\\\/\\\/fr.motocrossmag.be\\\/#website\",\"url\":\"https:\\\/\\\/fr.motocrossmag.be\\\/\",\"name\":\"Motocross - Enduro - Supermoto | MotocrossMag\",\"description\":\"L&#039;actualit\u00e9 du motocross, de l&#039;enduro et du Supermoto en ligne!\",\"potentialAction\":[{\"@type\":\"SearchAction\",\"target\":{\"@type\":\"EntryPoint\",\"urlTemplate\":\"https:\\\/\\\/fr.motocrossmag.be\\\/?s={search_term_string}\"},\"query-input\":{\"@type\":\"PropertyValueSpecification\",\"valueRequired\":true,\"valueName\":\"search_term_string\"}}],\"inLanguage\":\"fr-FR\"},{\"@type\":\"Person\",\"@id\":\"https:\\\/\\\/fr.motocrossmag.be\\\/#\\\/schema\\\/person\\\/11b47143d9f755babca2c9110e03235c\",\"name\":\"oliviere\",\"image\":{\"@type\":\"ImageObject\",\"inLanguage\":\"fr-FR\",\"@id\":\"https:\\\/\\\/secure.gravatar.com\\\/avatar\\\/907069e0b81d119452040469e4a7501da1100f54f7f80180ce77bfab718288f6?s=96&d=mm&r=g\",\"url\":\"https:\\\/\\\/secure.gravatar.com\\\/avatar\\\/907069e0b81d119452040469e4a7501da1100f54f7f80180ce77bfab718288f6?s=96&d=mm&r=g\",\"contentUrl\":\"https:\\\/\\\/secure.gravatar.com\\\/avatar\\\/907069e0b81d119452040469e4a7501da1100f54f7f80180ce77bfab718288f6?s=96&d=mm&r=g\",\"caption\":\"oliviere\"},\"sameAs\":[\"http:\\\/\\\/www.motocrossmag.be\"],\"url\":\"https:\\\/\\\/fr.motocrossmag.be\\\/index.php\\\/author\\\/oliviere\\\/\"}]}<\/script>\n<!-- \/ Yoast SEO plugin. -->","yoast_head_json":{"title":"Victoire du team DAM Racing KTM sur les 20 Heures de Compi\u00e8gne - Motocross - Enduro - Supermoto | MotocrossMag","robots":{"index":"index","follow":"follow","max-snippet":"max-snippet:-1","max-image-preview":"max-image-preview:large","max-video-preview":"max-video-preview:-1"},"canonical":"https:\/\/fr.motocrossmag.be\/index.php\/2021\/09\/victoire-du-team-dam-racing-ktm-sur-les-20-heures-de-compiegne\/","og_locale":"fr_FR","og_type":"article","og_title":"Victoire du team DAM Racing KTM sur les 20 Heures de Compi\u00e8gne - Motocross - Enduro - Supermoto | MotocrossMag","og_description":"Organis\u00e9es au profit du T\u00e9l\u00e9thon, les 20 heures de Compi\u00e8gne, en France, accueillent chaque ann\u00e9e pas mal de concurrents belges. Cette ann\u00e9e encore, nos compatriotes ont jou\u00e9 les premiers r\u00f4les [...]","og_url":"https:\/\/fr.motocrossmag.be\/index.php\/2021\/09\/victoire-du-team-dam-racing-ktm-sur-les-20-heures-de-compiegne\/","og_site_name":"Motocross - Enduro - Supermoto | MotocrossMag","article_published_time":"2021-09-26T12:00:24+00:00","og_image":[{"width":1000,"height":667,"url":"https:\/\/fr.motocrossmag.be\/wp-content\/uploads\/2021\/09\/20h-compiegne-dam-racing.jpg","type":"image\/jpeg"}],"author":"oliviere","twitter_card":"summary_large_image","twitter_misc":{"\u00c9crit par":"oliviere","Dur\u00e9e de lecture estim\u00e9e":"1 minute"},"schema":{"@context":"https:\/\/schema.org","@graph":[{"@type":"Article","@id":"https:\/\/fr.motocrossmag.be\/index.php\/2021\/09\/victoire-du-team-dam-racing-ktm-sur-les-20-heures-de-compiegne\/#article","isPartOf":{"@id":"https:\/\/fr.motocrossmag.be\/index.php\/2021\/09\/victoire-du-team-dam-racing-ktm-sur-les-20-heures-de-compiegne\/"},"author":{"name":"oliviere","@id":"https:\/\/fr.motocrossmag.be\/#\/schema\/person\/11b47143d9f755babca2c9110e03235c"},"headline":"Victoire du team DAM Racing KTM sur les 20 Heures de Compi\u00e8gne","datePublished":"2021-09-26T12:00:24+00:00","mainEntityOfPage":{"@id":"https:\/\/fr.motocrossmag.be\/index.php\/2021\/09\/victoire-du-team-dam-racing-ktm-sur-les-20-heures-de-compiegne\/"},"wordCount":292,"commentCount":0,"image":{"@id":"https:\/\/fr.motocrossmag.be\/index.php\/2021\/09\/victoire-du-team-dam-racing-ktm-sur-les-20-heures-de-compiegne\/#primaryimage"},"thumbnailUrl":"https:\/\/fr.motocrossmag.be\/wp-content\/uploads\/2021\/09\/20h-compiegne-dam-racing.jpg","keywords":["endurance","Enduro"],"articleSection":["Actualit\u00e9","Enduro","News","News","R\u00e9sultats","Slideshow"],"inLanguage":"fr-FR","potentialAction":[{"@type":"CommentAction","name":"Comment","target":["https:\/\/fr.motocrossmag.be\/index.php\/2021\/09\/victoire-du-team-dam-racing-ktm-sur-les-20-heures-de-compiegne\/#respond"]}]},{"@type":"WebPage","@id":"https:\/\/fr.motocrossmag.be\/index.php\/2021\/09\/victoire-du-team-dam-racing-ktm-sur-les-20-heures-de-compiegne\/","url":"https:\/\/fr.motocrossmag.be\/index.php\/2021\/09\/victoire-du-team-dam-racing-ktm-sur-les-20-heures-de-compiegne\/","name":"Victoire du team DAM Racing KTM sur les 20 Heures de Compi\u00e8gne - Motocross - Enduro - Supermoto | MotocrossMag","isPartOf":{"@id":"https:\/\/fr.motocrossmag.be\/#website"},"primaryImageOfPage":{"@id":"https:\/\/fr.motocrossmag.be\/index.php\/2021\/09\/victoire-du-team-dam-racing-ktm-sur-les-20-heures-de-compiegne\/#primaryimage"},"image":{"@id":"https:\/\/fr.motocrossmag.be\/index.php\/2021\/09\/victoire-du-team-dam-racing-ktm-sur-les-20-heures-de-compiegne\/#primaryimage"},"thumbnailUrl":"https:\/\/fr.motocrossmag.be\/wp-content\/uploads\/2021\/09\/20h-compiegne-dam-racing.jpg","datePublished":"2021-09-26T12:00:24+00:00","author":{"@id":"https:\/\/fr.motocrossmag.be\/#\/schema\/person\/11b47143d9f755babca2c9110e03235c"},"breadcrumb":{"@id":"https:\/\/fr.motocrossmag.be\/index.php\/2021\/09\/victoire-du-team-dam-racing-ktm-sur-les-20-heures-de-compiegne\/#breadcrumb"},"inLanguage":"fr-FR","potentialAction":[{"@type":"ReadAction","target":["https:\/\/fr.motocrossmag.be\/index.php\/2021\/09\/victoire-du-team-dam-racing-ktm-sur-les-20-heures-de-compiegne\/"]}]},{"@type":"ImageObject","inLanguage":"fr-FR","@id":"https:\/\/fr.motocrossmag.be\/index.php\/2021\/09\/victoire-du-team-dam-racing-ktm-sur-les-20-heures-de-compiegne\/#primaryimage","url":"https:\/\/fr.motocrossmag.be\/wp-content\/uploads\/2021\/09\/20h-compiegne-dam-racing.jpg","contentUrl":"https:\/\/fr.motocrossmag.be\/wp-content\/uploads\/2021\/09\/20h-compiegne-dam-racing.jpg","width":1000,"height":667},{"@type":"BreadcrumbList","@id":"https:\/\/fr.motocrossmag.be\/index.php\/2021\/09\/victoire-du-team-dam-racing-ktm-sur-les-20-heures-de-compiegne\/#breadcrumb","itemListElement":[{"@type":"ListItem","position":1,"name":"Accueil","item":"https:\/\/fr.motocrossmag.be\/"},{"@type":"ListItem","position":2,"name":"Victoire du team DAM Racing KTM sur les 20 Heures de Compi\u00e8gne"}]},{"@type":"WebSite","@id":"https:\/\/fr.motocrossmag.be\/#website","url":"https:\/\/fr.motocrossmag.be\/","name":"Motocross - Enduro - Supermoto | MotocrossMag","description":"L&#039;actualit\u00e9 du motocross, de l&#039;enduro et du Supermoto en ligne!","potentialAction":[{"@type":"SearchAction","target":{"@type":"EntryPoint","urlTemplate":"https:\/\/fr.motocrossmag.be\/?s={search_term_string}"},"query-input":{"@type":"PropertyValueSpecification","valueRequired":true,"valueName":"search_term_string"}}],"inLanguage":"fr-FR"},{"@type":"Person","@id":"https:\/\/fr.motocrossmag.be\/#\/schema\/person\/11b47143d9f755babca2c9110e03235c","name":"oliviere","image":{"@type":"ImageObject","inLanguage":"fr-FR","@id":"https:\/\/secure.gravatar.com\/avatar\/907069e0b81d119452040469e4a7501da1100f54f7f80180ce77bfab718288f6?s=96&d=mm&r=g","url":"https:\/\/secure.gravatar.com\/avatar\/907069e0b81d119452040469e4a7501da1100f54f7f80180ce77bfab718288f6?s=96&d=mm&r=g","contentUrl":"https:\/\/secure.gravatar.com\/avatar\/907069e0b81d119452040469e4a7501da1100f54f7f80180ce77bfab718288f6?s=96&d=mm&r=g","caption":"oliviere"},"sameAs":["http:\/\/www.motocrossmag.be"],"url":"https:\/\/fr.motocrossmag.be\/index.php\/author\/oliviere\/"}]}},"_links":{"self":[{"href":"https:\/\/fr.motocrossmag.be\/index.php\/wp-json\/wp\/v2\/posts\/112969","targetHints":{"allow":["GET"]}}],"collection":[{"href":"https:\/\/fr.motocrossmag.be\/index.php\/wp-json\/wp\/v2\/posts"}],"about":[{"href":"https:\/\/fr.motocrossmag.be\/index.php\/wp-json\/wp\/v2\/types\/post"}],"author":[{"embeddable":true,"href":"https:\/\/fr.motocrossmag.be\/index.php\/wp-json\/wp\/v2\/users\/932"}],"replies":[{"embeddable":true,"href":"https:\/\/fr.motocrossmag.be\/index.php\/wp-json\/wp\/v2\/comments?post=112969"}],"version-history":[{"count":0,"href":"https:\/\/fr.motocrossmag.be\/index.php\/wp-json\/wp\/v2\/posts\/112969\/revisions"}],"wp:featuredmedia":[{"embeddable":true,"href":"https:\/\/fr.motocrossmag.be\/index.php\/wp-json\/wp\/v2\/media\/112970"}],"wp:attachment":[{"href":"https:\/\/fr.motocrossmag.be\/index.php\/wp-json\/wp\/v2\/media?parent=112969"}],"wp:term":[{"taxonomy":"category","embeddable":true,"href":"https:\/\/fr.motocrossmag.be\/index.php\/wp-json\/wp\/v2\/categories?post=112969"},{"taxonomy":"post_tag","embeddable":true,"href":"https:\/\/fr.motocrossmag.be\/index.php\/wp-json\/wp\/v2\/tags?post=112969"}],"curies":[{"name":"wp","href":"https:\/\/api.w.org\/{rel}","templated":true}]}}