{"id":113104,"date":"2021-09-29T17:38:56","date_gmt":"2021-09-29T15:38:56","guid":{"rendered":"http:\/\/fr.motocrossmag.be\/?p=113104"},"modified":"2021-09-29T17:38:56","modified_gmt":"2021-09-29T15:38:56","slug":"cyril-genot-une-formidable-experience","status":"publish","type":"post","link":"https:\/\/fr.motocrossmag.be\/index.php\/2021\/09\/cyril-genot-une-formidable-experience\/","title":{"rendered":"Cyril Genot : \u00ab\u00a0Une formidable exp\u00e9rience !\u00a0\u00bb"},"content":{"rendered":"<p><strong>Cyril Genot a remplac\u00e9 Jeremy Van Horebeek au pied lev\u00e9 le week-end pass\u00e9 sur le Motocross des Nations. Dans le sable de Mantova, le Limbourgeois ne s&rsquo;est pas content\u00e9 de \u00ab\u00a0faire du d\u00e9pannage\u00a0\u00bb, bien au contraire.<\/strong><\/p>\n<p>La saison 2021 a \u00e9t\u00e9 riche en moments forts pour Cyril Genot. Le pilote Sarholz KTM a en effet remport\u00e9 sa premi\u00e8re \u00e9preuve ADAC MX Masters il y a quelques semaines, est rest\u00e9 en lice pour le titre allemand jusqu&rsquo;\u00e0 la finale du championnat et vient de signer une belle prestation sur le MX des Nations le week-end pass\u00e9 \u00e0 Mantova. Il s&rsquo;est qualifi\u00e9 13e dans la classe MXGP le samedi avant de terminer 6\u00e8me dans la boue de la premi\u00e8re manche le dimanche. Malheureusement, des ennuis m\u00e9caniques ne lui ont pas permis de r\u00e9\u00e9diter son exploit dans la 3\u00e8me manche.<\/p>\n<p><img decoding=\"async\" class=\"lazyload aligncenter size-full wp-image-112825\" src=\"http:\/\/fr.motocrossmag.be\/wp-content\/uploads\/2021\/09\/MXoN-2905.jpg\" data-orig-src=\"http:\/\/fr.motocrossmag.be\/wp-content\/uploads\/2021\/09\/MXoN-2905.jpg\" alt=\"\" width=\"1000\" height=\"666\" srcset=\"data:image\/svg+xml,%3Csvg%20xmlns%3D%27http%3A%2F%2Fwww.w3.org%2F2000%2Fsvg%27%20width%3D%271000%27%20height%3D%27666%27%20viewBox%3D%270%200%201000%20666%27%3E%3Crect%20width%3D%271000%27%20height%3D%27666%27%20fill-opacity%3D%220%22%2F%3E%3C%2Fsvg%3E\" data-srcset=\"https:\/\/fr.motocrossmag.be\/wp-content\/uploads\/2021\/09\/MXoN-2905-650x433.jpg 650w, https:\/\/fr.motocrossmag.be\/wp-content\/uploads\/2021\/09\/MXoN-2905-768x511.jpg 768w, https:\/\/fr.motocrossmag.be\/wp-content\/uploads\/2021\/09\/MXoN-2905.jpg 1000w\" data-sizes=\"auto\" data-orig-sizes=\"(max-width: 1000px) 100vw, 1000px\" \/><\/p>\n<p>\u00ab\u00a0Lorsque Johan Boonen m&rsquo;a propos\u00e9 de remplacer J\u00e9r\u00e9my van Horebeek, c\u00e9tait une grande surprise ! Apr\u00e8s la fin de la saison ADAC, j&rsquo;\u00e9tais encore en pleine recherche de mes prochains objectifs\u00a0\u00bb, explique Genot. \u00ab\u00a0Heureusement, le coup de t\u00e9l\u00e9phone est arriv\u00e9. Quand j&rsquo;ai raccroch\u00e9, j&rsquo;avais encore exactement une semaine et demie pour me pr\u00e9parer pour les Nations !\u00a0\u00bb<\/p>\n<p>\u00ab\u00a0L&rsquo;ambiance autour de cet \u00e9v\u00e9nement est formidable. Tout est sp\u00e9cial, y compris la conf\u00e9rence de presse et la pr\u00e9sentation de l&rsquo;\u00e9quipe en amont. C&rsquo;est merveilleux de pouvoir vivre tout cela. J&rsquo;ai beaucoup aim\u00e9 et d\u00e9fendre les couleurs belges sur un \u00e9v\u00e9nement aussi important. J&rsquo;\u00e9tais tr\u00e8s motiv\u00e9 !\u00a0\u00bb, commente le pilote KTM. \u00ab\u00a0La piste de Mantova n&rsquo;est pas aussi sablonneuse qu&rsquo;on ne le dit souvent. Le samedi, elle \u00e9tait plut\u00f4t dure. Le dimanche, c&rsquo;\u00e9tait diff\u00e9rent \u00e0 cause de la pluie. \u00c0 chaque s\u00e9ance, je me sentais de mieux en mieux sur la piste et cela m&rsquo;a donn\u00e9 beaucoup de confiance.\u00a0\u00bb<\/p>\n<p><img decoding=\"async\" class=\"lazyload aligncenter size-full wp-image-112762\" src=\"http:\/\/fr.motocrossmag.be\/wp-content\/uploads\/2021\/09\/MXoN-3472.jpg\" data-orig-src=\"http:\/\/fr.motocrossmag.be\/wp-content\/uploads\/2021\/09\/MXoN-3472.jpg\" alt=\"\" width=\"1000\" height=\"666\" srcset=\"data:image\/svg+xml,%3Csvg%20xmlns%3D%27http%3A%2F%2Fwww.w3.org%2F2000%2Fsvg%27%20width%3D%271000%27%20height%3D%27666%27%20viewBox%3D%270%200%201000%20666%27%3E%3Crect%20width%3D%271000%27%20height%3D%27666%27%20fill-opacity%3D%220%22%2F%3E%3C%2Fsvg%3E\" data-srcset=\"https:\/\/fr.motocrossmag.be\/wp-content\/uploads\/2021\/09\/MXoN-3472-650x433.jpg 650w, https:\/\/fr.motocrossmag.be\/wp-content\/uploads\/2021\/09\/MXoN-3472-768x511.jpg 768w, https:\/\/fr.motocrossmag.be\/wp-content\/uploads\/2021\/09\/MXoN-3472.jpg 1000w\" data-sizes=\"auto\" data-orig-sizes=\"(max-width: 1000px) 100vw, 1000px\" \/><\/p>\n<p>\u00ab\u00a0Apr\u00e8s une bonne premi\u00e8re manche, ma seconde manche s&rsquo;est beaucoup moins bien d\u00e9roul\u00e9e\u00a0\u00bb, analyse Genot. \u00ab\u00a0J&rsquo;ai fait une erreur regrettable en revenant dans le top 10, mon genou a heurt\u00e9 le levier d&#8217;embrayage et s&rsquo;est bris\u00e9. Rouler dans cette boue sans levier d&#8217;embrayage n&rsquo;\u00e9tait tout simplement pas possible. Bien s\u00fbr, la frustration est \u00e9norme car nous avions l&rsquo;opportunit\u00e9 de monter sur le podium. Une chose sur laquelle personne n&rsquo;aurait os\u00e9 parier avant la course.\u00a0\u00bb<\/p>\n<p><img decoding=\"async\" class=\"lazyload aligncenter size-full wp-image-112839\" src=\"http:\/\/fr.motocrossmag.be\/wp-content\/uploads\/2021\/09\/MXoN-3362-1.jpg\" data-orig-src=\"http:\/\/fr.motocrossmag.be\/wp-content\/uploads\/2021\/09\/MXoN-3362-1.jpg\" alt=\"\" width=\"1000\" height=\"666\" srcset=\"data:image\/svg+xml,%3Csvg%20xmlns%3D%27http%3A%2F%2Fwww.w3.org%2F2000%2Fsvg%27%20width%3D%271000%27%20height%3D%27666%27%20viewBox%3D%270%200%201000%20666%27%3E%3Crect%20width%3D%271000%27%20height%3D%27666%27%20fill-opacity%3D%220%22%2F%3E%3C%2Fsvg%3E\" data-srcset=\"https:\/\/fr.motocrossmag.be\/wp-content\/uploads\/2021\/09\/MXoN-3362-1-650x433.jpg 650w, https:\/\/fr.motocrossmag.be\/wp-content\/uploads\/2021\/09\/MXoN-3362-1-768x511.jpg 768w, https:\/\/fr.motocrossmag.be\/wp-content\/uploads\/2021\/09\/MXoN-3362-1.jpg 1000w\" data-sizes=\"auto\" data-orig-sizes=\"(max-width: 1000px) 100vw, 1000px\" \/><\/p>\n<p>\u00ab\u00a0Au final, ce fut un week-end r\u00e9ussi pour moi, les probl\u00e8mes m\u00e9caniques font partie du sport. Je tiens \u00e0 remercier tous ceux qui ont rendu cela possible. Tout d&rsquo;abord Johan Boonen pour m&rsquo;avoir donn\u00e9 cette opportunit\u00e9, tout le Team Belgium et mes partenaires Sarholz KTM, Benzim, Garage Piraux, Bihr, Scott Benelux, Chateau Anti\u00e9mont, 6D Helmets, Pro Sports Alliance, FXR,\u2026\u00a0\u00bb conclut Genot.<\/p>\n","protected":false},"excerpt":{"rendered":"<p>Cyril Genot a remplac\u00e9 Jeremy Van Horebeek au pied lev\u00e9 le week-end pass\u00e9 sur le Motocross des Nations. Dans le sable de Mantova, le Limbourgeois ne s&rsquo;est pas content\u00e9 de [&#8230;]<\/p>\n","protected":false},"author":932,"featured_media":112723,"comment_status":"open","ping_status":"closed","sticky":false,"template":"","format":"standard","meta":{"footnotes":""},"categories":[54,58,4,6,74,5,55,65],"tags":[1361,454,947,568,288],"class_list":["post-113104","post","type-post","status-publish","format-standard","has-post-thumbnail","hentry","category-actualite","category-interviews-actualite","category-motocross","category-mx1mx2","category-mx-des-nations","category-news","category-news-actualite","category-slideshow","tag-cyril-genot","tag-mantova","tag-motocross","tag-mxgp","tag-mxon"],"yoast_head":"<!-- This site is optimized with the Yoast SEO plugin v27.4 - https:\/\/yoast.com\/product\/yoast-seo-wordpress\/ -->\n<title>Cyril Genot : &quot;Une formidable exp\u00e9rience !&quot; - Motocross - Enduro - Supermoto | MotocrossMag<\/title>\n<meta name=\"robots\" content=\"index, follow, max-snippet:-1, max-image-preview:large, max-video-preview:-1\" \/>\n<link rel=\"canonical\" href=\"https:\/\/fr.motocrossmag.be\/index.php\/2021\/09\/cyril-genot-une-formidable-experience\/\" \/>\n<meta property=\"og:locale\" content=\"fr_FR\" \/>\n<meta property=\"og:type\" content=\"article\" \/>\n<meta property=\"og:title\" content=\"Cyril Genot : &quot;Une formidable exp\u00e9rience !&quot; - Motocross - Enduro - Supermoto | MotocrossMag\" \/>\n<meta property=\"og:description\" content=\"Cyril Genot a remplac\u00e9 Jeremy Van Horebeek au pied lev\u00e9 le week-end pass\u00e9 sur le Motocross des Nations. Dans le sable de Mantova, le Limbourgeois ne s&rsquo;est pas content\u00e9 de [...]\" \/>\n<meta property=\"og:url\" content=\"https:\/\/fr.motocrossmag.be\/index.php\/2021\/09\/cyril-genot-une-formidable-experience\/\" \/>\n<meta property=\"og:site_name\" content=\"Motocross - Enduro - Supermoto | MotocrossMag\" \/>\n<meta property=\"article:published_time\" content=\"2021-09-29T15:38:56+00:00\" \/>\n<meta property=\"og:image\" content=\"https:\/\/fr.motocrossmag.be\/wp-content\/uploads\/2021\/09\/MXoN-3309.jpg\" \/>\n\t<meta property=\"og:image:width\" content=\"1000\" \/>\n\t<meta property=\"og:image:height\" content=\"666\" \/>\n\t<meta property=\"og:image:type\" content=\"image\/jpeg\" \/>\n<meta name=\"author\" content=\"oliviere\" \/>\n<meta name=\"twitter:card\" content=\"summary_large_image\" \/>\n<meta name=\"twitter:label1\" content=\"\u00c9crit par\" \/>\n\t<meta name=\"twitter:data1\" content=\"oliviere\" \/>\n\t<meta name=\"twitter:label2\" content=\"Dur\u00e9e de lecture estim\u00e9e\" \/>\n\t<meta name=\"twitter:data2\" content=\"2 minutes\" \/>\n<script type=\"application\/ld+json\" class=\"yoast-schema-graph\">{\"@context\":\"https:\\\/\\\/schema.org\",\"@graph\":[{\"@type\":\"Article\",\"@id\":\"https:\\\/\\\/fr.motocrossmag.be\\\/index.php\\\/2021\\\/09\\\/cyril-genot-une-formidable-experience\\\/#article\",\"isPartOf\":{\"@id\":\"https:\\\/\\\/fr.motocrossmag.be\\\/index.php\\\/2021\\\/09\\\/cyril-genot-une-formidable-experience\\\/\"},\"author\":{\"name\":\"oliviere\",\"@id\":\"https:\\\/\\\/fr.motocrossmag.be\\\/#\\\/schema\\\/person\\\/11b47143d9f755babca2c9110e03235c\"},\"headline\":\"Cyril Genot : \u00ab\u00a0Une formidable exp\u00e9rience !\u00a0\u00bb\",\"datePublished\":\"2021-09-29T15:38:56+00:00\",\"mainEntityOfPage\":{\"@id\":\"https:\\\/\\\/fr.motocrossmag.be\\\/index.php\\\/2021\\\/09\\\/cyril-genot-une-formidable-experience\\\/\"},\"wordCount\":481,\"commentCount\":0,\"image\":{\"@id\":\"https:\\\/\\\/fr.motocrossmag.be\\\/index.php\\\/2021\\\/09\\\/cyril-genot-une-formidable-experience\\\/#primaryimage\"},\"thumbnailUrl\":\"https:\\\/\\\/fr.motocrossmag.be\\\/wp-content\\\/uploads\\\/2021\\\/09\\\/MXoN-3309.jpg\",\"keywords\":[\"cyril genot\",\"mantova\",\"Motocross\",\"MXGP\",\"mxon\"],\"articleSection\":[\"Actualit\u00e9\",\"Interviews -all\",\"Motocross\",\"Motocross MXGP\",\"MX des Nations\",\"News\",\"News\",\"Slideshow\"],\"inLanguage\":\"fr-FR\",\"potentialAction\":[{\"@type\":\"CommentAction\",\"name\":\"Comment\",\"target\":[\"https:\\\/\\\/fr.motocrossmag.be\\\/index.php\\\/2021\\\/09\\\/cyril-genot-une-formidable-experience\\\/#respond\"]}]},{\"@type\":\"WebPage\",\"@id\":\"https:\\\/\\\/fr.motocrossmag.be\\\/index.php\\\/2021\\\/09\\\/cyril-genot-une-formidable-experience\\\/\",\"url\":\"https:\\\/\\\/fr.motocrossmag.be\\\/index.php\\\/2021\\\/09\\\/cyril-genot-une-formidable-experience\\\/\",\"name\":\"Cyril Genot : \\\"Une formidable exp\u00e9rience !\\\" - Motocross - Enduro - Supermoto | MotocrossMag\",\"isPartOf\":{\"@id\":\"https:\\\/\\\/fr.motocrossmag.be\\\/#website\"},\"primaryImageOfPage\":{\"@id\":\"https:\\\/\\\/fr.motocrossmag.be\\\/index.php\\\/2021\\\/09\\\/cyril-genot-une-formidable-experience\\\/#primaryimage\"},\"image\":{\"@id\":\"https:\\\/\\\/fr.motocrossmag.be\\\/index.php\\\/2021\\\/09\\\/cyril-genot-une-formidable-experience\\\/#primaryimage\"},\"thumbnailUrl\":\"https:\\\/\\\/fr.motocrossmag.be\\\/wp-content\\\/uploads\\\/2021\\\/09\\\/MXoN-3309.jpg\",\"datePublished\":\"2021-09-29T15:38:56+00:00\",\"author\":{\"@id\":\"https:\\\/\\\/fr.motocrossmag.be\\\/#\\\/schema\\\/person\\\/11b47143d9f755babca2c9110e03235c\"},\"breadcrumb\":{\"@id\":\"https:\\\/\\\/fr.motocrossmag.be\\\/index.php\\\/2021\\\/09\\\/cyril-genot-une-formidable-experience\\\/#breadcrumb\"},\"inLanguage\":\"fr-FR\",\"potentialAction\":[{\"@type\":\"ReadAction\",\"target\":[\"https:\\\/\\\/fr.motocrossmag.be\\\/index.php\\\/2021\\\/09\\\/cyril-genot-une-formidable-experience\\\/\"]}]},{\"@type\":\"ImageObject\",\"inLanguage\":\"fr-FR\",\"@id\":\"https:\\\/\\\/fr.motocrossmag.be\\\/index.php\\\/2021\\\/09\\\/cyril-genot-une-formidable-experience\\\/#primaryimage\",\"url\":\"https:\\\/\\\/fr.motocrossmag.be\\\/wp-content\\\/uploads\\\/2021\\\/09\\\/MXoN-3309.jpg\",\"contentUrl\":\"https:\\\/\\\/fr.motocrossmag.be\\\/wp-content\\\/uploads\\\/2021\\\/09\\\/MXoN-3309.jpg\",\"width\":1000,\"height\":666},{\"@type\":\"BreadcrumbList\",\"@id\":\"https:\\\/\\\/fr.motocrossmag.be\\\/index.php\\\/2021\\\/09\\\/cyril-genot-une-formidable-experience\\\/#breadcrumb\",\"itemListElement\":[{\"@type\":\"ListItem\",\"position\":1,\"name\":\"Accueil\",\"item\":\"https:\\\/\\\/fr.motocrossmag.be\\\/\"},{\"@type\":\"ListItem\",\"position\":2,\"name\":\"Cyril Genot : \u00ab\u00a0Une formidable exp\u00e9rience !\u00a0\u00bb\"}]},{\"@type\":\"WebSite\",\"@id\":\"https:\\\/\\\/fr.motocrossmag.be\\\/#website\",\"url\":\"https:\\\/\\\/fr.motocrossmag.be\\\/\",\"name\":\"Motocross - Enduro - Supermoto | MotocrossMag\",\"description\":\"L&#039;actualit\u00e9 du motocross, de l&#039;enduro et du Supermoto en ligne!\",\"potentialAction\":[{\"@type\":\"SearchAction\",\"target\":{\"@type\":\"EntryPoint\",\"urlTemplate\":\"https:\\\/\\\/fr.motocrossmag.be\\\/?s={search_term_string}\"},\"query-input\":{\"@type\":\"PropertyValueSpecification\",\"valueRequired\":true,\"valueName\":\"search_term_string\"}}],\"inLanguage\":\"fr-FR\"},{\"@type\":\"Person\",\"@id\":\"https:\\\/\\\/fr.motocrossmag.be\\\/#\\\/schema\\\/person\\\/11b47143d9f755babca2c9110e03235c\",\"name\":\"oliviere\",\"image\":{\"@type\":\"ImageObject\",\"inLanguage\":\"fr-FR\",\"@id\":\"https:\\\/\\\/secure.gravatar.com\\\/avatar\\\/907069e0b81d119452040469e4a7501da1100f54f7f80180ce77bfab718288f6?s=96&d=mm&r=g\",\"url\":\"https:\\\/\\\/secure.gravatar.com\\\/avatar\\\/907069e0b81d119452040469e4a7501da1100f54f7f80180ce77bfab718288f6?s=96&d=mm&r=g\",\"contentUrl\":\"https:\\\/\\\/secure.gravatar.com\\\/avatar\\\/907069e0b81d119452040469e4a7501da1100f54f7f80180ce77bfab718288f6?s=96&d=mm&r=g\",\"caption\":\"oliviere\"},\"sameAs\":[\"http:\\\/\\\/www.motocrossmag.be\"],\"url\":\"https:\\\/\\\/fr.motocrossmag.be\\\/index.php\\\/author\\\/oliviere\\\/\"}]}<\/script>\n<!-- \/ Yoast SEO plugin. -->","yoast_head_json":{"title":"Cyril Genot : \"Une formidable exp\u00e9rience !\" - Motocross - Enduro - Supermoto | MotocrossMag","robots":{"index":"index","follow":"follow","max-snippet":"max-snippet:-1","max-image-preview":"max-image-preview:large","max-video-preview":"max-video-preview:-1"},"canonical":"https:\/\/fr.motocrossmag.be\/index.php\/2021\/09\/cyril-genot-une-formidable-experience\/","og_locale":"fr_FR","og_type":"article","og_title":"Cyril Genot : \"Une formidable exp\u00e9rience !\" - Motocross - Enduro - Supermoto | MotocrossMag","og_description":"Cyril Genot a remplac\u00e9 Jeremy Van Horebeek au pied lev\u00e9 le week-end pass\u00e9 sur le Motocross des Nations. Dans le sable de Mantova, le Limbourgeois ne s&rsquo;est pas content\u00e9 de [...]","og_url":"https:\/\/fr.motocrossmag.be\/index.php\/2021\/09\/cyril-genot-une-formidable-experience\/","og_site_name":"Motocross - Enduro - Supermoto | MotocrossMag","article_published_time":"2021-09-29T15:38:56+00:00","og_image":[{"width":1000,"height":666,"url":"https:\/\/fr.motocrossmag.be\/wp-content\/uploads\/2021\/09\/MXoN-3309.jpg","type":"image\/jpeg"}],"author":"oliviere","twitter_card":"summary_large_image","twitter_misc":{"\u00c9crit par":"oliviere","Dur\u00e9e de lecture estim\u00e9e":"2 minutes"},"schema":{"@context":"https:\/\/schema.org","@graph":[{"@type":"Article","@id":"https:\/\/fr.motocrossmag.be\/index.php\/2021\/09\/cyril-genot-une-formidable-experience\/#article","isPartOf":{"@id":"https:\/\/fr.motocrossmag.be\/index.php\/2021\/09\/cyril-genot-une-formidable-experience\/"},"author":{"name":"oliviere","@id":"https:\/\/fr.motocrossmag.be\/#\/schema\/person\/11b47143d9f755babca2c9110e03235c"},"headline":"Cyril Genot : \u00ab\u00a0Une formidable exp\u00e9rience !\u00a0\u00bb","datePublished":"2021-09-29T15:38:56+00:00","mainEntityOfPage":{"@id":"https:\/\/fr.motocrossmag.be\/index.php\/2021\/09\/cyril-genot-une-formidable-experience\/"},"wordCount":481,"commentCount":0,"image":{"@id":"https:\/\/fr.motocrossmag.be\/index.php\/2021\/09\/cyril-genot-une-formidable-experience\/#primaryimage"},"thumbnailUrl":"https:\/\/fr.motocrossmag.be\/wp-content\/uploads\/2021\/09\/MXoN-3309.jpg","keywords":["cyril genot","mantova","Motocross","MXGP","mxon"],"articleSection":["Actualit\u00e9","Interviews -all","Motocross","Motocross MXGP","MX des Nations","News","News","Slideshow"],"inLanguage":"fr-FR","potentialAction":[{"@type":"CommentAction","name":"Comment","target":["https:\/\/fr.motocrossmag.be\/index.php\/2021\/09\/cyril-genot-une-formidable-experience\/#respond"]}]},{"@type":"WebPage","@id":"https:\/\/fr.motocrossmag.be\/index.php\/2021\/09\/cyril-genot-une-formidable-experience\/","url":"https:\/\/fr.motocrossmag.be\/index.php\/2021\/09\/cyril-genot-une-formidable-experience\/","name":"Cyril Genot : \"Une formidable exp\u00e9rience !\" - Motocross - Enduro - Supermoto | MotocrossMag","isPartOf":{"@id":"https:\/\/fr.motocrossmag.be\/#website"},"primaryImageOfPage":{"@id":"https:\/\/fr.motocrossmag.be\/index.php\/2021\/09\/cyril-genot-une-formidable-experience\/#primaryimage"},"image":{"@id":"https:\/\/fr.motocrossmag.be\/index.php\/2021\/09\/cyril-genot-une-formidable-experience\/#primaryimage"},"thumbnailUrl":"https:\/\/fr.motocrossmag.be\/wp-content\/uploads\/2021\/09\/MXoN-3309.jpg","datePublished":"2021-09-29T15:38:56+00:00","author":{"@id":"https:\/\/fr.motocrossmag.be\/#\/schema\/person\/11b47143d9f755babca2c9110e03235c"},"breadcrumb":{"@id":"https:\/\/fr.motocrossmag.be\/index.php\/2021\/09\/cyril-genot-une-formidable-experience\/#breadcrumb"},"inLanguage":"fr-FR","potentialAction":[{"@type":"ReadAction","target":["https:\/\/fr.motocrossmag.be\/index.php\/2021\/09\/cyril-genot-une-formidable-experience\/"]}]},{"@type":"ImageObject","inLanguage":"fr-FR","@id":"https:\/\/fr.motocrossmag.be\/index.php\/2021\/09\/cyril-genot-une-formidable-experience\/#primaryimage","url":"https:\/\/fr.motocrossmag.be\/wp-content\/uploads\/2021\/09\/MXoN-3309.jpg","contentUrl":"https:\/\/fr.motocrossmag.be\/wp-content\/uploads\/2021\/09\/MXoN-3309.jpg","width":1000,"height":666},{"@type":"BreadcrumbList","@id":"https:\/\/fr.motocrossmag.be\/index.php\/2021\/09\/cyril-genot-une-formidable-experience\/#breadcrumb","itemListElement":[{"@type":"ListItem","position":1,"name":"Accueil","item":"https:\/\/fr.motocrossmag.be\/"},{"@type":"ListItem","position":2,"name":"Cyril Genot : \u00ab\u00a0Une formidable exp\u00e9rience !\u00a0\u00bb"}]},{"@type":"WebSite","@id":"https:\/\/fr.motocrossmag.be\/#website","url":"https:\/\/fr.motocrossmag.be\/","name":"Motocross - Enduro - Supermoto | MotocrossMag","description":"L&#039;actualit\u00e9 du motocross, de l&#039;enduro et du Supermoto en ligne!","potentialAction":[{"@type":"SearchAction","target":{"@type":"EntryPoint","urlTemplate":"https:\/\/fr.motocrossmag.be\/?s={search_term_string}"},"query-input":{"@type":"PropertyValueSpecification","valueRequired":true,"valueName":"search_term_string"}}],"inLanguage":"fr-FR"},{"@type":"Person","@id":"https:\/\/fr.motocrossmag.be\/#\/schema\/person\/11b47143d9f755babca2c9110e03235c","name":"oliviere","image":{"@type":"ImageObject","inLanguage":"fr-FR","@id":"https:\/\/secure.gravatar.com\/avatar\/907069e0b81d119452040469e4a7501da1100f54f7f80180ce77bfab718288f6?s=96&d=mm&r=g","url":"https:\/\/secure.gravatar.com\/avatar\/907069e0b81d119452040469e4a7501da1100f54f7f80180ce77bfab718288f6?s=96&d=mm&r=g","contentUrl":"https:\/\/secure.gravatar.com\/avatar\/907069e0b81d119452040469e4a7501da1100f54f7f80180ce77bfab718288f6?s=96&d=mm&r=g","caption":"oliviere"},"sameAs":["http:\/\/www.motocrossmag.be"],"url":"https:\/\/fr.motocrossmag.be\/index.php\/author\/oliviere\/"}]}},"_links":{"self":[{"href":"https:\/\/fr.motocrossmag.be\/index.php\/wp-json\/wp\/v2\/posts\/113104","targetHints":{"allow":["GET"]}}],"collection":[{"href":"https:\/\/fr.motocrossmag.be\/index.php\/wp-json\/wp\/v2\/posts"}],"about":[{"href":"https:\/\/fr.motocrossmag.be\/index.php\/wp-json\/wp\/v2\/types\/post"}],"author":[{"embeddable":true,"href":"https:\/\/fr.motocrossmag.be\/index.php\/wp-json\/wp\/v2\/users\/932"}],"replies":[{"embeddable":true,"href":"https:\/\/fr.motocrossmag.be\/index.php\/wp-json\/wp\/v2\/comments?post=113104"}],"version-history":[{"count":0,"href":"https:\/\/fr.motocrossmag.be\/index.php\/wp-json\/wp\/v2\/posts\/113104\/revisions"}],"wp:featuredmedia":[{"embeddable":true,"href":"https:\/\/fr.motocrossmag.be\/index.php\/wp-json\/wp\/v2\/media\/112723"}],"wp:attachment":[{"href":"https:\/\/fr.motocrossmag.be\/index.php\/wp-json\/wp\/v2\/media?parent=113104"}],"wp:term":[{"taxonomy":"category","embeddable":true,"href":"https:\/\/fr.motocrossmag.be\/index.php\/wp-json\/wp\/v2\/categories?post=113104"},{"taxonomy":"post_tag","embeddable":true,"href":"https:\/\/fr.motocrossmag.be\/index.php\/wp-json\/wp\/v2\/tags?post=113104"}],"curies":[{"name":"wp","href":"https:\/\/api.w.org\/{rel}","templated":true}]}}