{"id":113111,"date":"2021-09-30T12:58:14","date_gmt":"2021-09-30T10:58:14","guid":{"rendered":"http:\/\/fr.motocrossmag.be\/?p=113111"},"modified":"2021-09-30T12:58:14","modified_gmt":"2021-09-30T10:58:14","slug":"nathan-watson-revient-sur-lendurogp-avec-honda-redmoto","status":"publish","type":"post","link":"https:\/\/fr.motocrossmag.be\/index.php\/2021\/09\/nathan-watson-revient-sur-lendurogp-avec-honda-redmoto\/","title":{"rendered":"Nathan Watson revient sur l&rsquo;EnduroGP avec Honda RedMoto"},"content":{"rendered":"<p><strong>Comme il fallait s&rsquo;y attendre, Nathan Watson va retourner sur les sp\u00e9ciales du championnat du monde EnduroGP. Ce sera avec le team Honda RedMoto, sur les deux derniers GP de la saison, au Portugal puis en France.<\/strong><\/p>\n<p>Le retour en MXGP n&rsquo;est pas pass\u00e9 comme le Britannique et l&rsquo;\u00e9quipe Honda SR Motoblouz l&rsquo;avaient esp\u00e9r\u00e9. <a href=\"http:\/\/fr.motocrossmag.be\/index.php\/2021\/07\/mxgp-nathan-watson-marque-une-pause\/\">Rapidement \u00e9cart\u00e9 du championnat apr\u00e8s des d\u00e9buts tr\u00e8s d\u00e9cevants<\/a>, Watson a r\u00e9cemment annonc\u00e9 la rupture de son contrat avec le team fran\u00e7ais et <a href=\"http:\/\/fr.motocrossmag.be\/index.php\/2021\/09\/nathan-watson-absent-du-championnat-de-france-des-sables\/\">son absence du prochain championnat de France des Sables<\/a>.<\/p>\n<p>En 2019, il avait \u00e9t\u00e9 le premier Britannique a s&rsquo;imposer sur la plage du Touquet.<\/p>\n","protected":false},"excerpt":{"rendered":"<p>Comme il fallait s&rsquo;y attendre, Nathan Watson va retourner sur les sp\u00e9ciales du championnat du monde EnduroGP. Ce sera avec le team Honda RedMoto, sur les deux derniers GP de [&#8230;]<\/p>\n","protected":false},"author":932,"featured_media":110164,"comment_status":"open","ping_status":"closed","sticky":false,"template":"","format":"standard","meta":{"footnotes":""},"categories":[54,34,33,55],"tags":[951,1186,1505],"class_list":["post-113111","post","type-post","status-publish","format-standard","has-post-thumbnail","hentry","category-actualite","category-endurogp","category-news-enduro","category-news-actualite","tag-enduro","tag-endurogp","tag-nathan-watson"],"yoast_head":"<!-- This site is optimized with the Yoast SEO plugin v27.4 - https:\/\/yoast.com\/product\/yoast-seo-wordpress\/ -->\n<title>Nathan Watson revient sur l&#039;EnduroGP avec Honda RedMoto - Motocross - Enduro - Supermoto | MotocrossMag<\/title>\n<meta name=\"robots\" content=\"index, follow, max-snippet:-1, max-image-preview:large, max-video-preview:-1\" \/>\n<link rel=\"canonical\" href=\"https:\/\/fr.motocrossmag.be\/index.php\/2021\/09\/nathan-watson-revient-sur-lendurogp-avec-honda-redmoto\/\" \/>\n<meta property=\"og:locale\" content=\"fr_FR\" \/>\n<meta property=\"og:type\" content=\"article\" \/>\n<meta property=\"og:title\" content=\"Nathan Watson revient sur l&#039;EnduroGP avec Honda RedMoto - Motocross - Enduro - Supermoto | MotocrossMag\" \/>\n<meta property=\"og:description\" content=\"Comme il fallait s&rsquo;y attendre, Nathan Watson va retourner sur les sp\u00e9ciales du championnat du monde EnduroGP. Ce sera avec le team Honda RedMoto, sur les deux derniers GP de [...]\" \/>\n<meta property=\"og:url\" content=\"https:\/\/fr.motocrossmag.be\/index.php\/2021\/09\/nathan-watson-revient-sur-lendurogp-avec-honda-redmoto\/\" \/>\n<meta property=\"og:site_name\" content=\"Motocross - Enduro - Supermoto | MotocrossMag\" \/>\n<meta property=\"article:published_time\" content=\"2021-09-30T10:58:14+00:00\" \/>\n<meta property=\"og:image\" content=\"https:\/\/fr.motocrossmag.be\/wp-content\/uploads\/2021\/06\/Watson_Orlyonok_@shotbybavo_DSC_9493.jpg\" \/>\n\t<meta property=\"og:image:width\" content=\"1000\" \/>\n\t<meta property=\"og:image:height\" content=\"666\" \/>\n\t<meta property=\"og:image:type\" content=\"image\/jpeg\" \/>\n<meta name=\"author\" content=\"oliviere\" \/>\n<meta name=\"twitter:card\" content=\"summary_large_image\" \/>\n<meta name=\"twitter:label1\" content=\"\u00c9crit par\" \/>\n\t<meta name=\"twitter:data1\" content=\"oliviere\" \/>\n\t<meta name=\"twitter:label2\" content=\"Dur\u00e9e de lecture estim\u00e9e\" \/>\n\t<meta name=\"twitter:data2\" content=\"1 minute\" \/>\n<script type=\"application\/ld+json\" class=\"yoast-schema-graph\">{\"@context\":\"https:\\\/\\\/schema.org\",\"@graph\":[{\"@type\":\"Article\",\"@id\":\"https:\\\/\\\/fr.motocrossmag.be\\\/index.php\\\/2021\\\/09\\\/nathan-watson-revient-sur-lendurogp-avec-honda-redmoto\\\/#article\",\"isPartOf\":{\"@id\":\"https:\\\/\\\/fr.motocrossmag.be\\\/index.php\\\/2021\\\/09\\\/nathan-watson-revient-sur-lendurogp-avec-honda-redmoto\\\/\"},\"author\":{\"name\":\"oliviere\",\"@id\":\"https:\\\/\\\/fr.motocrossmag.be\\\/#\\\/schema\\\/person\\\/11b47143d9f755babca2c9110e03235c\"},\"headline\":\"Nathan Watson revient sur l&rsquo;EnduroGP avec Honda RedMoto\",\"datePublished\":\"2021-09-30T10:58:14+00:00\",\"mainEntityOfPage\":{\"@id\":\"https:\\\/\\\/fr.motocrossmag.be\\\/index.php\\\/2021\\\/09\\\/nathan-watson-revient-sur-lendurogp-avec-honda-redmoto\\\/\"},\"wordCount\":122,\"commentCount\":0,\"image\":{\"@id\":\"https:\\\/\\\/fr.motocrossmag.be\\\/index.php\\\/2021\\\/09\\\/nathan-watson-revient-sur-lendurogp-avec-honda-redmoto\\\/#primaryimage\"},\"thumbnailUrl\":\"https:\\\/\\\/fr.motocrossmag.be\\\/wp-content\\\/uploads\\\/2021\\\/06\\\/Watson_Orlyonok_@shotbybavo_DSC_9493.jpg\",\"keywords\":[\"Enduro\",\"endurogp\",\"nathan watson\"],\"articleSection\":[\"Actualit\u00e9\",\"EnduroGP\",\"News\",\"News\"],\"inLanguage\":\"fr-FR\",\"potentialAction\":[{\"@type\":\"CommentAction\",\"name\":\"Comment\",\"target\":[\"https:\\\/\\\/fr.motocrossmag.be\\\/index.php\\\/2021\\\/09\\\/nathan-watson-revient-sur-lendurogp-avec-honda-redmoto\\\/#respond\"]}]},{\"@type\":\"WebPage\",\"@id\":\"https:\\\/\\\/fr.motocrossmag.be\\\/index.php\\\/2021\\\/09\\\/nathan-watson-revient-sur-lendurogp-avec-honda-redmoto\\\/\",\"url\":\"https:\\\/\\\/fr.motocrossmag.be\\\/index.php\\\/2021\\\/09\\\/nathan-watson-revient-sur-lendurogp-avec-honda-redmoto\\\/\",\"name\":\"Nathan Watson revient sur l'EnduroGP avec Honda RedMoto - Motocross - Enduro - Supermoto | MotocrossMag\",\"isPartOf\":{\"@id\":\"https:\\\/\\\/fr.motocrossmag.be\\\/#website\"},\"primaryImageOfPage\":{\"@id\":\"https:\\\/\\\/fr.motocrossmag.be\\\/index.php\\\/2021\\\/09\\\/nathan-watson-revient-sur-lendurogp-avec-honda-redmoto\\\/#primaryimage\"},\"image\":{\"@id\":\"https:\\\/\\\/fr.motocrossmag.be\\\/index.php\\\/2021\\\/09\\\/nathan-watson-revient-sur-lendurogp-avec-honda-redmoto\\\/#primaryimage\"},\"thumbnailUrl\":\"https:\\\/\\\/fr.motocrossmag.be\\\/wp-content\\\/uploads\\\/2021\\\/06\\\/Watson_Orlyonok_@shotbybavo_DSC_9493.jpg\",\"datePublished\":\"2021-09-30T10:58:14+00:00\",\"author\":{\"@id\":\"https:\\\/\\\/fr.motocrossmag.be\\\/#\\\/schema\\\/person\\\/11b47143d9f755babca2c9110e03235c\"},\"breadcrumb\":{\"@id\":\"https:\\\/\\\/fr.motocrossmag.be\\\/index.php\\\/2021\\\/09\\\/nathan-watson-revient-sur-lendurogp-avec-honda-redmoto\\\/#breadcrumb\"},\"inLanguage\":\"fr-FR\",\"potentialAction\":[{\"@type\":\"ReadAction\",\"target\":[\"https:\\\/\\\/fr.motocrossmag.be\\\/index.php\\\/2021\\\/09\\\/nathan-watson-revient-sur-lendurogp-avec-honda-redmoto\\\/\"]}]},{\"@type\":\"ImageObject\",\"inLanguage\":\"fr-FR\",\"@id\":\"https:\\\/\\\/fr.motocrossmag.be\\\/index.php\\\/2021\\\/09\\\/nathan-watson-revient-sur-lendurogp-avec-honda-redmoto\\\/#primaryimage\",\"url\":\"https:\\\/\\\/fr.motocrossmag.be\\\/wp-content\\\/uploads\\\/2021\\\/06\\\/Watson_Orlyonok_@shotbybavo_DSC_9493.jpg\",\"contentUrl\":\"https:\\\/\\\/fr.motocrossmag.be\\\/wp-content\\\/uploads\\\/2021\\\/06\\\/Watson_Orlyonok_@shotbybavo_DSC_9493.jpg\",\"width\":1000,\"height\":666},{\"@type\":\"BreadcrumbList\",\"@id\":\"https:\\\/\\\/fr.motocrossmag.be\\\/index.php\\\/2021\\\/09\\\/nathan-watson-revient-sur-lendurogp-avec-honda-redmoto\\\/#breadcrumb\",\"itemListElement\":[{\"@type\":\"ListItem\",\"position\":1,\"name\":\"Accueil\",\"item\":\"https:\\\/\\\/fr.motocrossmag.be\\\/\"},{\"@type\":\"ListItem\",\"position\":2,\"name\":\"Nathan Watson revient sur l&rsquo;EnduroGP avec Honda RedMoto\"}]},{\"@type\":\"WebSite\",\"@id\":\"https:\\\/\\\/fr.motocrossmag.be\\\/#website\",\"url\":\"https:\\\/\\\/fr.motocrossmag.be\\\/\",\"name\":\"Motocross - Enduro - Supermoto | MotocrossMag\",\"description\":\"L&#039;actualit\u00e9 du motocross, de l&#039;enduro et du Supermoto en ligne!\",\"potentialAction\":[{\"@type\":\"SearchAction\",\"target\":{\"@type\":\"EntryPoint\",\"urlTemplate\":\"https:\\\/\\\/fr.motocrossmag.be\\\/?s={search_term_string}\"},\"query-input\":{\"@type\":\"PropertyValueSpecification\",\"valueRequired\":true,\"valueName\":\"search_term_string\"}}],\"inLanguage\":\"fr-FR\"},{\"@type\":\"Person\",\"@id\":\"https:\\\/\\\/fr.motocrossmag.be\\\/#\\\/schema\\\/person\\\/11b47143d9f755babca2c9110e03235c\",\"name\":\"oliviere\",\"image\":{\"@type\":\"ImageObject\",\"inLanguage\":\"fr-FR\",\"@id\":\"https:\\\/\\\/secure.gravatar.com\\\/avatar\\\/907069e0b81d119452040469e4a7501da1100f54f7f80180ce77bfab718288f6?s=96&d=mm&r=g\",\"url\":\"https:\\\/\\\/secure.gravatar.com\\\/avatar\\\/907069e0b81d119452040469e4a7501da1100f54f7f80180ce77bfab718288f6?s=96&d=mm&r=g\",\"contentUrl\":\"https:\\\/\\\/secure.gravatar.com\\\/avatar\\\/907069e0b81d119452040469e4a7501da1100f54f7f80180ce77bfab718288f6?s=96&d=mm&r=g\",\"caption\":\"oliviere\"},\"sameAs\":[\"http:\\\/\\\/www.motocrossmag.be\"],\"url\":\"https:\\\/\\\/fr.motocrossmag.be\\\/index.php\\\/author\\\/oliviere\\\/\"}]}<\/script>\n<!-- \/ Yoast SEO plugin. -->","yoast_head_json":{"title":"Nathan Watson revient sur l'EnduroGP avec Honda RedMoto - Motocross - Enduro - Supermoto | MotocrossMag","robots":{"index":"index","follow":"follow","max-snippet":"max-snippet:-1","max-image-preview":"max-image-preview:large","max-video-preview":"max-video-preview:-1"},"canonical":"https:\/\/fr.motocrossmag.be\/index.php\/2021\/09\/nathan-watson-revient-sur-lendurogp-avec-honda-redmoto\/","og_locale":"fr_FR","og_type":"article","og_title":"Nathan Watson revient sur l'EnduroGP avec Honda RedMoto - Motocross - Enduro - Supermoto | MotocrossMag","og_description":"Comme il fallait s&rsquo;y attendre, Nathan Watson va retourner sur les sp\u00e9ciales du championnat du monde EnduroGP. Ce sera avec le team Honda RedMoto, sur les deux derniers GP de [...]","og_url":"https:\/\/fr.motocrossmag.be\/index.php\/2021\/09\/nathan-watson-revient-sur-lendurogp-avec-honda-redmoto\/","og_site_name":"Motocross - Enduro - Supermoto | MotocrossMag","article_published_time":"2021-09-30T10:58:14+00:00","og_image":[{"width":1000,"height":666,"url":"https:\/\/fr.motocrossmag.be\/wp-content\/uploads\/2021\/06\/Watson_Orlyonok_@shotbybavo_DSC_9493.jpg","type":"image\/jpeg"}],"author":"oliviere","twitter_card":"summary_large_image","twitter_misc":{"\u00c9crit par":"oliviere","Dur\u00e9e de lecture estim\u00e9e":"1 minute"},"schema":{"@context":"https:\/\/schema.org","@graph":[{"@type":"Article","@id":"https:\/\/fr.motocrossmag.be\/index.php\/2021\/09\/nathan-watson-revient-sur-lendurogp-avec-honda-redmoto\/#article","isPartOf":{"@id":"https:\/\/fr.motocrossmag.be\/index.php\/2021\/09\/nathan-watson-revient-sur-lendurogp-avec-honda-redmoto\/"},"author":{"name":"oliviere","@id":"https:\/\/fr.motocrossmag.be\/#\/schema\/person\/11b47143d9f755babca2c9110e03235c"},"headline":"Nathan Watson revient sur l&rsquo;EnduroGP avec Honda RedMoto","datePublished":"2021-09-30T10:58:14+00:00","mainEntityOfPage":{"@id":"https:\/\/fr.motocrossmag.be\/index.php\/2021\/09\/nathan-watson-revient-sur-lendurogp-avec-honda-redmoto\/"},"wordCount":122,"commentCount":0,"image":{"@id":"https:\/\/fr.motocrossmag.be\/index.php\/2021\/09\/nathan-watson-revient-sur-lendurogp-avec-honda-redmoto\/#primaryimage"},"thumbnailUrl":"https:\/\/fr.motocrossmag.be\/wp-content\/uploads\/2021\/06\/Watson_Orlyonok_@shotbybavo_DSC_9493.jpg","keywords":["Enduro","endurogp","nathan watson"],"articleSection":["Actualit\u00e9","EnduroGP","News","News"],"inLanguage":"fr-FR","potentialAction":[{"@type":"CommentAction","name":"Comment","target":["https:\/\/fr.motocrossmag.be\/index.php\/2021\/09\/nathan-watson-revient-sur-lendurogp-avec-honda-redmoto\/#respond"]}]},{"@type":"WebPage","@id":"https:\/\/fr.motocrossmag.be\/index.php\/2021\/09\/nathan-watson-revient-sur-lendurogp-avec-honda-redmoto\/","url":"https:\/\/fr.motocrossmag.be\/index.php\/2021\/09\/nathan-watson-revient-sur-lendurogp-avec-honda-redmoto\/","name":"Nathan Watson revient sur l'EnduroGP avec Honda RedMoto - Motocross - Enduro - Supermoto | MotocrossMag","isPartOf":{"@id":"https:\/\/fr.motocrossmag.be\/#website"},"primaryImageOfPage":{"@id":"https:\/\/fr.motocrossmag.be\/index.php\/2021\/09\/nathan-watson-revient-sur-lendurogp-avec-honda-redmoto\/#primaryimage"},"image":{"@id":"https:\/\/fr.motocrossmag.be\/index.php\/2021\/09\/nathan-watson-revient-sur-lendurogp-avec-honda-redmoto\/#primaryimage"},"thumbnailUrl":"https:\/\/fr.motocrossmag.be\/wp-content\/uploads\/2021\/06\/Watson_Orlyonok_@shotbybavo_DSC_9493.jpg","datePublished":"2021-09-30T10:58:14+00:00","author":{"@id":"https:\/\/fr.motocrossmag.be\/#\/schema\/person\/11b47143d9f755babca2c9110e03235c"},"breadcrumb":{"@id":"https:\/\/fr.motocrossmag.be\/index.php\/2021\/09\/nathan-watson-revient-sur-lendurogp-avec-honda-redmoto\/#breadcrumb"},"inLanguage":"fr-FR","potentialAction":[{"@type":"ReadAction","target":["https:\/\/fr.motocrossmag.be\/index.php\/2021\/09\/nathan-watson-revient-sur-lendurogp-avec-honda-redmoto\/"]}]},{"@type":"ImageObject","inLanguage":"fr-FR","@id":"https:\/\/fr.motocrossmag.be\/index.php\/2021\/09\/nathan-watson-revient-sur-lendurogp-avec-honda-redmoto\/#primaryimage","url":"https:\/\/fr.motocrossmag.be\/wp-content\/uploads\/2021\/06\/Watson_Orlyonok_@shotbybavo_DSC_9493.jpg","contentUrl":"https:\/\/fr.motocrossmag.be\/wp-content\/uploads\/2021\/06\/Watson_Orlyonok_@shotbybavo_DSC_9493.jpg","width":1000,"height":666},{"@type":"BreadcrumbList","@id":"https:\/\/fr.motocrossmag.be\/index.php\/2021\/09\/nathan-watson-revient-sur-lendurogp-avec-honda-redmoto\/#breadcrumb","itemListElement":[{"@type":"ListItem","position":1,"name":"Accueil","item":"https:\/\/fr.motocrossmag.be\/"},{"@type":"ListItem","position":2,"name":"Nathan Watson revient sur l&rsquo;EnduroGP avec Honda RedMoto"}]},{"@type":"WebSite","@id":"https:\/\/fr.motocrossmag.be\/#website","url":"https:\/\/fr.motocrossmag.be\/","name":"Motocross - Enduro - Supermoto | MotocrossMag","description":"L&#039;actualit\u00e9 du motocross, de l&#039;enduro et du Supermoto en ligne!","potentialAction":[{"@type":"SearchAction","target":{"@type":"EntryPoint","urlTemplate":"https:\/\/fr.motocrossmag.be\/?s={search_term_string}"},"query-input":{"@type":"PropertyValueSpecification","valueRequired":true,"valueName":"search_term_string"}}],"inLanguage":"fr-FR"},{"@type":"Person","@id":"https:\/\/fr.motocrossmag.be\/#\/schema\/person\/11b47143d9f755babca2c9110e03235c","name":"oliviere","image":{"@type":"ImageObject","inLanguage":"fr-FR","@id":"https:\/\/secure.gravatar.com\/avatar\/907069e0b81d119452040469e4a7501da1100f54f7f80180ce77bfab718288f6?s=96&d=mm&r=g","url":"https:\/\/secure.gravatar.com\/avatar\/907069e0b81d119452040469e4a7501da1100f54f7f80180ce77bfab718288f6?s=96&d=mm&r=g","contentUrl":"https:\/\/secure.gravatar.com\/avatar\/907069e0b81d119452040469e4a7501da1100f54f7f80180ce77bfab718288f6?s=96&d=mm&r=g","caption":"oliviere"},"sameAs":["http:\/\/www.motocrossmag.be"],"url":"https:\/\/fr.motocrossmag.be\/index.php\/author\/oliviere\/"}]}},"_links":{"self":[{"href":"https:\/\/fr.motocrossmag.be\/index.php\/wp-json\/wp\/v2\/posts\/113111","targetHints":{"allow":["GET"]}}],"collection":[{"href":"https:\/\/fr.motocrossmag.be\/index.php\/wp-json\/wp\/v2\/posts"}],"about":[{"href":"https:\/\/fr.motocrossmag.be\/index.php\/wp-json\/wp\/v2\/types\/post"}],"author":[{"embeddable":true,"href":"https:\/\/fr.motocrossmag.be\/index.php\/wp-json\/wp\/v2\/users\/932"}],"replies":[{"embeddable":true,"href":"https:\/\/fr.motocrossmag.be\/index.php\/wp-json\/wp\/v2\/comments?post=113111"}],"version-history":[{"count":0,"href":"https:\/\/fr.motocrossmag.be\/index.php\/wp-json\/wp\/v2\/posts\/113111\/revisions"}],"wp:featuredmedia":[{"embeddable":true,"href":"https:\/\/fr.motocrossmag.be\/index.php\/wp-json\/wp\/v2\/media\/110164"}],"wp:attachment":[{"href":"https:\/\/fr.motocrossmag.be\/index.php\/wp-json\/wp\/v2\/media?parent=113111"}],"wp:term":[{"taxonomy":"category","embeddable":true,"href":"https:\/\/fr.motocrossmag.be\/index.php\/wp-json\/wp\/v2\/categories?post=113111"},{"taxonomy":"post_tag","embeddable":true,"href":"https:\/\/fr.motocrossmag.be\/index.php\/wp-json\/wp\/v2\/tags?post=113111"}],"curies":[{"name":"wp","href":"https:\/\/api.w.org\/{rel}","templated":true}]}}