{"id":113207,"date":"2021-10-11T09:23:44","date_gmt":"2021-10-11T07:23:44","guid":{"rendered":"http:\/\/fr.motocrossmag.be\/?p=113207"},"modified":"2021-10-11T09:23:44","modified_gmt":"2021-10-11T07:23:44","slug":"romain-febvre-jai-vite-compris-que-cela-se-jouerait-entre-herlings-et-moi","status":"publish","type":"post","link":"https:\/\/fr.motocrossmag.be\/index.php\/2021\/10\/romain-febvre-jai-vite-compris-que-cela-se-jouerait-entre-herlings-et-moi\/","title":{"rendered":"Romain Febvre : \u00ab\u00a0J&rsquo;ai vite compris que cela se jouerait entre Herlings et moi\u00a0\u00bb"},"content":{"rendered":"<p><strong>Le GP de France disput\u00e9 ce week-end \u00e0 Lacapelle-Marival a \u00e9t\u00e9 marqu\u00e9 par le duel au sommet entre deux hommes. Jeffrey Herlings et Romain Febvre ont domin\u00e9 l&rsquo;\u00e9preuve d\u00e8s les essais matinaux avant de tenir le public en haleine l&rsquo;apr\u00e8s-midi en livrant dans les deux manches un combat passionnant pour la victoire, repoussant leurs limites respectives.<\/strong><\/p>\n<p>Dans les deux courses de ce 12\u00e8me round de la saison MXGP, Herlings et Febvre se sont tr\u00e8s vite isol\u00e9s en t\u00eate pour s&rsquo;expliquer \u00e0 deux face au public fran\u00e7ais. Le public de Lacapelle a donc pu vibrer aux exploits de Febvre qui jamais ne s&rsquo;est avou\u00e9 vaincu face \u00e0 celui qui a repris en France la plaque rouge de leader du classement provisoire. Vainqueur d&rsquo;une manche, second de l&rsquo;autre, Febvre termine avec le m\u00eame nombre de points que Herlings mais laisse le Hollandais, vainqueur de la seconde manche, monter sur la plus haute marche du podium du GP de France.<\/p>\n<p><img decoding=\"async\" class=\"lazyload aligncenter size-full wp-image-113210\" src=\"http:\/\/fr.motocrossmag.be\/wp-content\/uploads\/2021\/10\/FEBVRE_GP12_PH_8224_001.jpg\" data-orig-src=\"http:\/\/fr.motocrossmag.be\/wp-content\/uploads\/2021\/10\/FEBVRE_GP12_PH_8224_001.jpg\" alt=\"\" width=\"1000\" height=\"699\" srcset=\"data:image\/svg+xml,%3Csvg%20xmlns%3D%27http%3A%2F%2Fwww.w3.org%2F2000%2Fsvg%27%20width%3D%271000%27%20height%3D%27699%27%20viewBox%3D%270%200%201000%20699%27%3E%3Crect%20width%3D%271000%27%20height%3D%27699%27%20fill-opacity%3D%220%22%2F%3E%3C%2Fsvg%3E\" data-srcset=\"https:\/\/fr.motocrossmag.be\/wp-content\/uploads\/2021\/10\/FEBVRE_GP12_PH_8224_001-650x454.jpg 650w, https:\/\/fr.motocrossmag.be\/wp-content\/uploads\/2021\/10\/FEBVRE_GP12_PH_8224_001-768x537.jpg 768w, https:\/\/fr.motocrossmag.be\/wp-content\/uploads\/2021\/10\/FEBVRE_GP12_PH_8224_001.jpg 1000w\" data-sizes=\"auto\" data-orig-sizes=\"(max-width: 1000px) 100vw, 1000px\" \/><\/p>\n<p>\u00ab\u00a0D\u00e8s le matin, nous avons pu constater que nous \u00e9tions Jeffrey et moi beaucoup plus rapides que les autres. Je savais donc que c&rsquo;\u00e9tait probablement entre lui et moi que le GP allait se jouer\u00a0\u00bb, entame Febvre.\u00a0 \u00ab\u00a0Dans la premi\u00e8re manche, je me suis tr\u00e8s vite retrouv\u00e9 en deuxi\u00e8me position derri\u00e8re lui. J&rsquo;avais identifi\u00e9 un excellent passage pour le passer mais je ne voulais pas le montrer \u00e0 Jeffrey avant d&rsquo;\u00eatre s\u00fbr d&rsquo;\u00eatre assez proche de lui que pour concr\u00e9tiser mon attaque. C&rsquo;\u00e9tait difficile \u00e0 la fin avec les pilotes doubl\u00e9s mais j&rsquo;ai au final pu f\u00eater la victoire avec les fans fran\u00e7ais.\u00a0\u00bb<\/p>\n<p><img decoding=\"async\" class=\"lazyload aligncenter size-full wp-image-113211\" src=\"http:\/\/fr.motocrossmag.be\/wp-content\/uploads\/2021\/10\/FEBVRE_GP12_PH_6907.jpg\" data-orig-src=\"http:\/\/fr.motocrossmag.be\/wp-content\/uploads\/2021\/10\/FEBVRE_GP12_PH_6907.jpg\" alt=\"\" width=\"1000\" height=\"666\" srcset=\"data:image\/svg+xml,%3Csvg%20xmlns%3D%27http%3A%2F%2Fwww.w3.org%2F2000%2Fsvg%27%20width%3D%271000%27%20height%3D%27666%27%20viewBox%3D%270%200%201000%20666%27%3E%3Crect%20width%3D%271000%27%20height%3D%27666%27%20fill-opacity%3D%220%22%2F%3E%3C%2Fsvg%3E\" data-srcset=\"https:\/\/fr.motocrossmag.be\/wp-content\/uploads\/2021\/10\/FEBVRE_GP12_PH_6907-650x433.jpg 650w, https:\/\/fr.motocrossmag.be\/wp-content\/uploads\/2021\/10\/FEBVRE_GP12_PH_6907-768x511.jpg 768w, https:\/\/fr.motocrossmag.be\/wp-content\/uploads\/2021\/10\/FEBVRE_GP12_PH_6907.jpg 1000w\" data-sizes=\"auto\" data-orig-sizes=\"(max-width: 1000px) 100vw, 1000px\" \/><\/p>\n<p>Un duel qui se r\u00e9p\u00e9tera un peu plus tard dans l&rsquo;apr\u00e8s-midi, avec une issue toutefois diff\u00e9rente pour Febvre. \u00ab\u00a0Dans la deuxi\u00e8me manche, nous \u00e9tions d\u00e9j\u00e0 premier et deuxi\u00e8me apr\u00e8s quelques virages\u00a0\u00bb, poursuit le pilote Kawasaki. \u00ab\u00a0J&rsquo;ai donc tr\u00e8s vite eu la confirmation que je devrais me battre avec Jeffrey jusqu&rsquo;au bout pour esp\u00e9rer remporter le GP. J&rsquo;ai contourn\u00e9 Jeffrey quand il a fait une erreur et j&rsquo;ai fait quelques tours rapides pour creuser un \u00e9cart mais \u00e0 la fin il \u00e9tait plus rapide dans certains secteurs. Evidemment je suis un peu d\u00e9\u00e7u. J&rsquo;ai failli gagner \u00e0 domicile mais c&rsquo;est bien d&rsquo;\u00eatre sur le podium et je suis content de voir autant de fans autour du circuit. Ils m\u00e9ritaient une victoire, mais je ne suis pas parvenu \u00e0 la leur offrir.\u00a0\u00bb<\/p>\n<p><img decoding=\"async\" class=\"lazyload aligncenter size-full wp-image-113208\" src=\"http:\/\/fr.motocrossmag.be\/wp-content\/uploads\/2021\/10\/Photo-10-10-2021-11-50-30.jpg\" data-orig-src=\"http:\/\/fr.motocrossmag.be\/wp-content\/uploads\/2021\/10\/Photo-10-10-2021-11-50-30.jpg\" alt=\"\" width=\"1000\" height=\"666\" srcset=\"data:image\/svg+xml,%3Csvg%20xmlns%3D%27http%3A%2F%2Fwww.w3.org%2F2000%2Fsvg%27%20width%3D%271000%27%20height%3D%27666%27%20viewBox%3D%270%200%201000%20666%27%3E%3Crect%20width%3D%271000%27%20height%3D%27666%27%20fill-opacity%3D%220%22%2F%3E%3C%2Fsvg%3E\" data-srcset=\"https:\/\/fr.motocrossmag.be\/wp-content\/uploads\/2021\/10\/Photo-10-10-2021-11-50-30-650x433.jpg 650w, https:\/\/fr.motocrossmag.be\/wp-content\/uploads\/2021\/10\/Photo-10-10-2021-11-50-30-768x511.jpg 768w, https:\/\/fr.motocrossmag.be\/wp-content\/uploads\/2021\/10\/Photo-10-10-2021-11-50-30.jpg 1000w\" data-sizes=\"auto\" data-orig-sizes=\"(max-width: 1000px) 100vw, 1000px\" \/><\/p>\n<p>\u00ab\u00a0Pour la suite de la saison, c&rsquo;est bien d&rsquo;avoir trois d&rsquo;entre nous tr\u00e8s proches les uns des autres en termes de points au classement provisoire\u00a0\u00bb, analyse l&rsquo;ancien champion du monde MXGP. \u00ab\u00a0J&rsquo;esp\u00e8re que nous continuerons comme \u00e7a jusqu&rsquo;\u00e0 la fin et je pourrai trouver quelque chose pour faire la diff\u00e9rence lors des derniers GP.\u00a0\u00bb<\/p>\n<p>Au classement provisoire du championnat, Herlings a repris la t\u00eate et est d\u00e9sormais poursuivi par Febvre, deuxi\u00e8me \u00e0 6 unit\u00e9s du Hollandais pour arriver le week-end prochain en Espagne, \u00e0 Intu Xanadu, sur le 13\u00e8me des 18 rounds de la saison.<\/p>\n","protected":false},"excerpt":{"rendered":"<p>Le GP de France disput\u00e9 ce week-end \u00e0 Lacapelle-Marival a \u00e9t\u00e9 marqu\u00e9 par le duel au sommet entre deux hommes. Jeffrey Herlings et Romain Febvre ont domin\u00e9 l&rsquo;\u00e9preuve d\u00e8s les [&#8230;]<\/p>\n","protected":false},"author":932,"featured_media":113209,"comment_status":"open","ping_status":"closed","sticky":false,"template":"","format":"standard","meta":{"footnotes":""},"categories":[54,7,58,4,6,5,55,65],"tags":[77,504,947,568,456],"class_list":["post-113207","post","type-post","status-publish","format-standard","has-post-thumbnail","hentry","category-actualite","category-interviews","category-interviews-actualite","category-motocross","category-mx1mx2","category-news","category-news-actualite","category-slideshow","tag-jeffrey-herlings","tag-lacapelle-marival","tag-motocross","tag-mxgp","tag-romain-febvre"],"yoast_head":"<!-- This site is optimized with the Yoast SEO plugin v27.4 - https:\/\/yoast.com\/product\/yoast-seo-wordpress\/ -->\n<title>Romain Febvre : &quot;J&#039;ai vite compris que cela se jouerait entre Herlings et moi&quot; - Motocross - Enduro - Supermoto | MotocrossMag<\/title>\n<meta name=\"robots\" content=\"index, follow, max-snippet:-1, max-image-preview:large, max-video-preview:-1\" \/>\n<link rel=\"canonical\" href=\"https:\/\/fr.motocrossmag.be\/index.php\/2021\/10\/romain-febvre-jai-vite-compris-que-cela-se-jouerait-entre-herlings-et-moi\/\" \/>\n<meta property=\"og:locale\" content=\"fr_FR\" \/>\n<meta property=\"og:type\" content=\"article\" \/>\n<meta property=\"og:title\" content=\"Romain Febvre : &quot;J&#039;ai vite compris que cela se jouerait entre Herlings et moi&quot; - Motocross - Enduro - Supermoto | MotocrossMag\" \/>\n<meta property=\"og:description\" content=\"Le GP de France disput\u00e9 ce week-end \u00e0 Lacapelle-Marival a \u00e9t\u00e9 marqu\u00e9 par le duel au sommet entre deux hommes. Jeffrey Herlings et Romain Febvre ont domin\u00e9 l&rsquo;\u00e9preuve d\u00e8s les [...]\" \/>\n<meta property=\"og:url\" content=\"https:\/\/fr.motocrossmag.be\/index.php\/2021\/10\/romain-febvre-jai-vite-compris-que-cela-se-jouerait-entre-herlings-et-moi\/\" \/>\n<meta property=\"og:site_name\" content=\"Motocross - Enduro - Supermoto | MotocrossMag\" \/>\n<meta property=\"article:published_time\" content=\"2021-10-11T07:23:44+00:00\" \/>\n<meta property=\"og:image\" content=\"https:\/\/fr.motocrossmag.be\/wp-content\/uploads\/2021\/10\/FEBVRE_GP12_PH_8103.jpg\" \/>\n\t<meta property=\"og:image:width\" content=\"1000\" \/>\n\t<meta property=\"og:image:height\" content=\"666\" \/>\n\t<meta property=\"og:image:type\" content=\"image\/jpeg\" \/>\n<meta name=\"author\" content=\"oliviere\" \/>\n<meta name=\"twitter:card\" content=\"summary_large_image\" \/>\n<meta name=\"twitter:label1\" content=\"\u00c9crit par\" \/>\n\t<meta name=\"twitter:data1\" content=\"oliviere\" \/>\n\t<meta name=\"twitter:label2\" content=\"Dur\u00e9e de lecture estim\u00e9e\" \/>\n\t<meta name=\"twitter:data2\" content=\"3 minutes\" \/>\n<script type=\"application\/ld+json\" class=\"yoast-schema-graph\">{\"@context\":\"https:\\\/\\\/schema.org\",\"@graph\":[{\"@type\":\"Article\",\"@id\":\"https:\\\/\\\/fr.motocrossmag.be\\\/index.php\\\/2021\\\/10\\\/romain-febvre-jai-vite-compris-que-cela-se-jouerait-entre-herlings-et-moi\\\/#article\",\"isPartOf\":{\"@id\":\"https:\\\/\\\/fr.motocrossmag.be\\\/index.php\\\/2021\\\/10\\\/romain-febvre-jai-vite-compris-que-cela-se-jouerait-entre-herlings-et-moi\\\/\"},\"author\":{\"name\":\"oliviere\",\"@id\":\"https:\\\/\\\/fr.motocrossmag.be\\\/#\\\/schema\\\/person\\\/11b47143d9f755babca2c9110e03235c\"},\"headline\":\"Romain Febvre : \u00ab\u00a0J&rsquo;ai vite compris que cela se jouerait entre Herlings et moi\u00a0\u00bb\",\"datePublished\":\"2021-10-11T07:23:44+00:00\",\"mainEntityOfPage\":{\"@id\":\"https:\\\/\\\/fr.motocrossmag.be\\\/index.php\\\/2021\\\/10\\\/romain-febvre-jai-vite-compris-que-cela-se-jouerait-entre-herlings-et-moi\\\/\"},\"wordCount\":548,\"commentCount\":0,\"image\":{\"@id\":\"https:\\\/\\\/fr.motocrossmag.be\\\/index.php\\\/2021\\\/10\\\/romain-febvre-jai-vite-compris-que-cela-se-jouerait-entre-herlings-et-moi\\\/#primaryimage\"},\"thumbnailUrl\":\"https:\\\/\\\/fr.motocrossmag.be\\\/wp-content\\\/uploads\\\/2021\\\/10\\\/FEBVRE_GP12_PH_8103.jpg\",\"keywords\":[\"Jeffrey Herlings\",\"lacapelle-marival\",\"Motocross\",\"MXGP\",\"romain febvre\"],\"articleSection\":[\"Actualit\u00e9\",\"Interviews\",\"Interviews -all\",\"Motocross\",\"Motocross MXGP\",\"News\",\"News\",\"Slideshow\"],\"inLanguage\":\"fr-FR\",\"potentialAction\":[{\"@type\":\"CommentAction\",\"name\":\"Comment\",\"target\":[\"https:\\\/\\\/fr.motocrossmag.be\\\/index.php\\\/2021\\\/10\\\/romain-febvre-jai-vite-compris-que-cela-se-jouerait-entre-herlings-et-moi\\\/#respond\"]}]},{\"@type\":\"WebPage\",\"@id\":\"https:\\\/\\\/fr.motocrossmag.be\\\/index.php\\\/2021\\\/10\\\/romain-febvre-jai-vite-compris-que-cela-se-jouerait-entre-herlings-et-moi\\\/\",\"url\":\"https:\\\/\\\/fr.motocrossmag.be\\\/index.php\\\/2021\\\/10\\\/romain-febvre-jai-vite-compris-que-cela-se-jouerait-entre-herlings-et-moi\\\/\",\"name\":\"Romain Febvre : \\\"J'ai vite compris que cela se jouerait entre Herlings et moi\\\" - Motocross - Enduro - Supermoto | MotocrossMag\",\"isPartOf\":{\"@id\":\"https:\\\/\\\/fr.motocrossmag.be\\\/#website\"},\"primaryImageOfPage\":{\"@id\":\"https:\\\/\\\/fr.motocrossmag.be\\\/index.php\\\/2021\\\/10\\\/romain-febvre-jai-vite-compris-que-cela-se-jouerait-entre-herlings-et-moi\\\/#primaryimage\"},\"image\":{\"@id\":\"https:\\\/\\\/fr.motocrossmag.be\\\/index.php\\\/2021\\\/10\\\/romain-febvre-jai-vite-compris-que-cela-se-jouerait-entre-herlings-et-moi\\\/#primaryimage\"},\"thumbnailUrl\":\"https:\\\/\\\/fr.motocrossmag.be\\\/wp-content\\\/uploads\\\/2021\\\/10\\\/FEBVRE_GP12_PH_8103.jpg\",\"datePublished\":\"2021-10-11T07:23:44+00:00\",\"author\":{\"@id\":\"https:\\\/\\\/fr.motocrossmag.be\\\/#\\\/schema\\\/person\\\/11b47143d9f755babca2c9110e03235c\"},\"breadcrumb\":{\"@id\":\"https:\\\/\\\/fr.motocrossmag.be\\\/index.php\\\/2021\\\/10\\\/romain-febvre-jai-vite-compris-que-cela-se-jouerait-entre-herlings-et-moi\\\/#breadcrumb\"},\"inLanguage\":\"fr-FR\",\"potentialAction\":[{\"@type\":\"ReadAction\",\"target\":[\"https:\\\/\\\/fr.motocrossmag.be\\\/index.php\\\/2021\\\/10\\\/romain-febvre-jai-vite-compris-que-cela-se-jouerait-entre-herlings-et-moi\\\/\"]}]},{\"@type\":\"ImageObject\",\"inLanguage\":\"fr-FR\",\"@id\":\"https:\\\/\\\/fr.motocrossmag.be\\\/index.php\\\/2021\\\/10\\\/romain-febvre-jai-vite-compris-que-cela-se-jouerait-entre-herlings-et-moi\\\/#primaryimage\",\"url\":\"https:\\\/\\\/fr.motocrossmag.be\\\/wp-content\\\/uploads\\\/2021\\\/10\\\/FEBVRE_GP12_PH_8103.jpg\",\"contentUrl\":\"https:\\\/\\\/fr.motocrossmag.be\\\/wp-content\\\/uploads\\\/2021\\\/10\\\/FEBVRE_GP12_PH_8103.jpg\",\"width\":1000,\"height\":666},{\"@type\":\"BreadcrumbList\",\"@id\":\"https:\\\/\\\/fr.motocrossmag.be\\\/index.php\\\/2021\\\/10\\\/romain-febvre-jai-vite-compris-que-cela-se-jouerait-entre-herlings-et-moi\\\/#breadcrumb\",\"itemListElement\":[{\"@type\":\"ListItem\",\"position\":1,\"name\":\"Accueil\",\"item\":\"https:\\\/\\\/fr.motocrossmag.be\\\/\"},{\"@type\":\"ListItem\",\"position\":2,\"name\":\"Romain Febvre : \u00ab\u00a0J&rsquo;ai vite compris que cela se jouerait entre Herlings et moi\u00a0\u00bb\"}]},{\"@type\":\"WebSite\",\"@id\":\"https:\\\/\\\/fr.motocrossmag.be\\\/#website\",\"url\":\"https:\\\/\\\/fr.motocrossmag.be\\\/\",\"name\":\"Motocross - Enduro - Supermoto | MotocrossMag\",\"description\":\"L&#039;actualit\u00e9 du motocross, de l&#039;enduro et du Supermoto en ligne!\",\"potentialAction\":[{\"@type\":\"SearchAction\",\"target\":{\"@type\":\"EntryPoint\",\"urlTemplate\":\"https:\\\/\\\/fr.motocrossmag.be\\\/?s={search_term_string}\"},\"query-input\":{\"@type\":\"PropertyValueSpecification\",\"valueRequired\":true,\"valueName\":\"search_term_string\"}}],\"inLanguage\":\"fr-FR\"},{\"@type\":\"Person\",\"@id\":\"https:\\\/\\\/fr.motocrossmag.be\\\/#\\\/schema\\\/person\\\/11b47143d9f755babca2c9110e03235c\",\"name\":\"oliviere\",\"image\":{\"@type\":\"ImageObject\",\"inLanguage\":\"fr-FR\",\"@id\":\"https:\\\/\\\/secure.gravatar.com\\\/avatar\\\/907069e0b81d119452040469e4a7501da1100f54f7f80180ce77bfab718288f6?s=96&d=mm&r=g\",\"url\":\"https:\\\/\\\/secure.gravatar.com\\\/avatar\\\/907069e0b81d119452040469e4a7501da1100f54f7f80180ce77bfab718288f6?s=96&d=mm&r=g\",\"contentUrl\":\"https:\\\/\\\/secure.gravatar.com\\\/avatar\\\/907069e0b81d119452040469e4a7501da1100f54f7f80180ce77bfab718288f6?s=96&d=mm&r=g\",\"caption\":\"oliviere\"},\"sameAs\":[\"http:\\\/\\\/www.motocrossmag.be\"],\"url\":\"https:\\\/\\\/fr.motocrossmag.be\\\/index.php\\\/author\\\/oliviere\\\/\"}]}<\/script>\n<!-- \/ Yoast SEO plugin. -->","yoast_head_json":{"title":"Romain Febvre : \"J'ai vite compris que cela se jouerait entre Herlings et moi\" - Motocross - Enduro - Supermoto | MotocrossMag","robots":{"index":"index","follow":"follow","max-snippet":"max-snippet:-1","max-image-preview":"max-image-preview:large","max-video-preview":"max-video-preview:-1"},"canonical":"https:\/\/fr.motocrossmag.be\/index.php\/2021\/10\/romain-febvre-jai-vite-compris-que-cela-se-jouerait-entre-herlings-et-moi\/","og_locale":"fr_FR","og_type":"article","og_title":"Romain Febvre : \"J'ai vite compris que cela se jouerait entre Herlings et moi\" - Motocross - Enduro - Supermoto | MotocrossMag","og_description":"Le GP de France disput\u00e9 ce week-end \u00e0 Lacapelle-Marival a \u00e9t\u00e9 marqu\u00e9 par le duel au sommet entre deux hommes. Jeffrey Herlings et Romain Febvre ont domin\u00e9 l&rsquo;\u00e9preuve d\u00e8s les [...]","og_url":"https:\/\/fr.motocrossmag.be\/index.php\/2021\/10\/romain-febvre-jai-vite-compris-que-cela-se-jouerait-entre-herlings-et-moi\/","og_site_name":"Motocross - Enduro - Supermoto | MotocrossMag","article_published_time":"2021-10-11T07:23:44+00:00","og_image":[{"width":1000,"height":666,"url":"https:\/\/fr.motocrossmag.be\/wp-content\/uploads\/2021\/10\/FEBVRE_GP12_PH_8103.jpg","type":"image\/jpeg"}],"author":"oliviere","twitter_card":"summary_large_image","twitter_misc":{"\u00c9crit par":"oliviere","Dur\u00e9e de lecture estim\u00e9e":"3 minutes"},"schema":{"@context":"https:\/\/schema.org","@graph":[{"@type":"Article","@id":"https:\/\/fr.motocrossmag.be\/index.php\/2021\/10\/romain-febvre-jai-vite-compris-que-cela-se-jouerait-entre-herlings-et-moi\/#article","isPartOf":{"@id":"https:\/\/fr.motocrossmag.be\/index.php\/2021\/10\/romain-febvre-jai-vite-compris-que-cela-se-jouerait-entre-herlings-et-moi\/"},"author":{"name":"oliviere","@id":"https:\/\/fr.motocrossmag.be\/#\/schema\/person\/11b47143d9f755babca2c9110e03235c"},"headline":"Romain Febvre : \u00ab\u00a0J&rsquo;ai vite compris que cela se jouerait entre Herlings et moi\u00a0\u00bb","datePublished":"2021-10-11T07:23:44+00:00","mainEntityOfPage":{"@id":"https:\/\/fr.motocrossmag.be\/index.php\/2021\/10\/romain-febvre-jai-vite-compris-que-cela-se-jouerait-entre-herlings-et-moi\/"},"wordCount":548,"commentCount":0,"image":{"@id":"https:\/\/fr.motocrossmag.be\/index.php\/2021\/10\/romain-febvre-jai-vite-compris-que-cela-se-jouerait-entre-herlings-et-moi\/#primaryimage"},"thumbnailUrl":"https:\/\/fr.motocrossmag.be\/wp-content\/uploads\/2021\/10\/FEBVRE_GP12_PH_8103.jpg","keywords":["Jeffrey Herlings","lacapelle-marival","Motocross","MXGP","romain febvre"],"articleSection":["Actualit\u00e9","Interviews","Interviews -all","Motocross","Motocross MXGP","News","News","Slideshow"],"inLanguage":"fr-FR","potentialAction":[{"@type":"CommentAction","name":"Comment","target":["https:\/\/fr.motocrossmag.be\/index.php\/2021\/10\/romain-febvre-jai-vite-compris-que-cela-se-jouerait-entre-herlings-et-moi\/#respond"]}]},{"@type":"WebPage","@id":"https:\/\/fr.motocrossmag.be\/index.php\/2021\/10\/romain-febvre-jai-vite-compris-que-cela-se-jouerait-entre-herlings-et-moi\/","url":"https:\/\/fr.motocrossmag.be\/index.php\/2021\/10\/romain-febvre-jai-vite-compris-que-cela-se-jouerait-entre-herlings-et-moi\/","name":"Romain Febvre : \"J'ai vite compris que cela se jouerait entre Herlings et moi\" - Motocross - Enduro - Supermoto | MotocrossMag","isPartOf":{"@id":"https:\/\/fr.motocrossmag.be\/#website"},"primaryImageOfPage":{"@id":"https:\/\/fr.motocrossmag.be\/index.php\/2021\/10\/romain-febvre-jai-vite-compris-que-cela-se-jouerait-entre-herlings-et-moi\/#primaryimage"},"image":{"@id":"https:\/\/fr.motocrossmag.be\/index.php\/2021\/10\/romain-febvre-jai-vite-compris-que-cela-se-jouerait-entre-herlings-et-moi\/#primaryimage"},"thumbnailUrl":"https:\/\/fr.motocrossmag.be\/wp-content\/uploads\/2021\/10\/FEBVRE_GP12_PH_8103.jpg","datePublished":"2021-10-11T07:23:44+00:00","author":{"@id":"https:\/\/fr.motocrossmag.be\/#\/schema\/person\/11b47143d9f755babca2c9110e03235c"},"breadcrumb":{"@id":"https:\/\/fr.motocrossmag.be\/index.php\/2021\/10\/romain-febvre-jai-vite-compris-que-cela-se-jouerait-entre-herlings-et-moi\/#breadcrumb"},"inLanguage":"fr-FR","potentialAction":[{"@type":"ReadAction","target":["https:\/\/fr.motocrossmag.be\/index.php\/2021\/10\/romain-febvre-jai-vite-compris-que-cela-se-jouerait-entre-herlings-et-moi\/"]}]},{"@type":"ImageObject","inLanguage":"fr-FR","@id":"https:\/\/fr.motocrossmag.be\/index.php\/2021\/10\/romain-febvre-jai-vite-compris-que-cela-se-jouerait-entre-herlings-et-moi\/#primaryimage","url":"https:\/\/fr.motocrossmag.be\/wp-content\/uploads\/2021\/10\/FEBVRE_GP12_PH_8103.jpg","contentUrl":"https:\/\/fr.motocrossmag.be\/wp-content\/uploads\/2021\/10\/FEBVRE_GP12_PH_8103.jpg","width":1000,"height":666},{"@type":"BreadcrumbList","@id":"https:\/\/fr.motocrossmag.be\/index.php\/2021\/10\/romain-febvre-jai-vite-compris-que-cela-se-jouerait-entre-herlings-et-moi\/#breadcrumb","itemListElement":[{"@type":"ListItem","position":1,"name":"Accueil","item":"https:\/\/fr.motocrossmag.be\/"},{"@type":"ListItem","position":2,"name":"Romain Febvre : \u00ab\u00a0J&rsquo;ai vite compris que cela se jouerait entre Herlings et moi\u00a0\u00bb"}]},{"@type":"WebSite","@id":"https:\/\/fr.motocrossmag.be\/#website","url":"https:\/\/fr.motocrossmag.be\/","name":"Motocross - Enduro - Supermoto | MotocrossMag","description":"L&#039;actualit\u00e9 du motocross, de l&#039;enduro et du Supermoto en ligne!","potentialAction":[{"@type":"SearchAction","target":{"@type":"EntryPoint","urlTemplate":"https:\/\/fr.motocrossmag.be\/?s={search_term_string}"},"query-input":{"@type":"PropertyValueSpecification","valueRequired":true,"valueName":"search_term_string"}}],"inLanguage":"fr-FR"},{"@type":"Person","@id":"https:\/\/fr.motocrossmag.be\/#\/schema\/person\/11b47143d9f755babca2c9110e03235c","name":"oliviere","image":{"@type":"ImageObject","inLanguage":"fr-FR","@id":"https:\/\/secure.gravatar.com\/avatar\/907069e0b81d119452040469e4a7501da1100f54f7f80180ce77bfab718288f6?s=96&d=mm&r=g","url":"https:\/\/secure.gravatar.com\/avatar\/907069e0b81d119452040469e4a7501da1100f54f7f80180ce77bfab718288f6?s=96&d=mm&r=g","contentUrl":"https:\/\/secure.gravatar.com\/avatar\/907069e0b81d119452040469e4a7501da1100f54f7f80180ce77bfab718288f6?s=96&d=mm&r=g","caption":"oliviere"},"sameAs":["http:\/\/www.motocrossmag.be"],"url":"https:\/\/fr.motocrossmag.be\/index.php\/author\/oliviere\/"}]}},"_links":{"self":[{"href":"https:\/\/fr.motocrossmag.be\/index.php\/wp-json\/wp\/v2\/posts\/113207","targetHints":{"allow":["GET"]}}],"collection":[{"href":"https:\/\/fr.motocrossmag.be\/index.php\/wp-json\/wp\/v2\/posts"}],"about":[{"href":"https:\/\/fr.motocrossmag.be\/index.php\/wp-json\/wp\/v2\/types\/post"}],"author":[{"embeddable":true,"href":"https:\/\/fr.motocrossmag.be\/index.php\/wp-json\/wp\/v2\/users\/932"}],"replies":[{"embeddable":true,"href":"https:\/\/fr.motocrossmag.be\/index.php\/wp-json\/wp\/v2\/comments?post=113207"}],"version-history":[{"count":0,"href":"https:\/\/fr.motocrossmag.be\/index.php\/wp-json\/wp\/v2\/posts\/113207\/revisions"}],"wp:featuredmedia":[{"embeddable":true,"href":"https:\/\/fr.motocrossmag.be\/index.php\/wp-json\/wp\/v2\/media\/113209"}],"wp:attachment":[{"href":"https:\/\/fr.motocrossmag.be\/index.php\/wp-json\/wp\/v2\/media?parent=113207"}],"wp:term":[{"taxonomy":"category","embeddable":true,"href":"https:\/\/fr.motocrossmag.be\/index.php\/wp-json\/wp\/v2\/categories?post=113207"},{"taxonomy":"post_tag","embeddable":true,"href":"https:\/\/fr.motocrossmag.be\/index.php\/wp-json\/wp\/v2\/tags?post=113207"}],"curies":[{"name":"wp","href":"https:\/\/api.w.org\/{rel}","templated":true}]}}