{"id":113407,"date":"2021-10-14T16:57:46","date_gmt":"2021-10-14T14:57:46","guid":{"rendered":"http:\/\/fr.motocrossmag.be\/?p=113407"},"modified":"2021-10-14T16:57:46","modified_gmt":"2021-10-14T14:57:46","slug":"mxgp-ou-mx2-pour-maxime-renaux-la-saison-prochaine","status":"publish","type":"post","link":"https:\/\/fr.motocrossmag.be\/index.php\/2021\/10\/mxgp-ou-mx2-pour-maxime-renaux-la-saison-prochaine\/","title":{"rendered":"MXGP ou MX2 pour Maxime Renaux la saison prochaine ?"},"content":{"rendered":"<p><strong>Il est de plus en plus clair que Maxime Renaux \u00e0 toutes les cartes en main pour devenir champion du monde MX2 cette ann\u00e9e. Il dispute sa premi\u00e8re saison en tant que pilote officiel dans la structure Kemea. Quant \u00e0 son avenir sportif, aucune d\u00e9cision n&rsquo;a encore \u00e9t\u00e9 prise pour 2022 mais il se pourrait que le Fran\u00e7ais, 21 ans, passe d\u00e8s la saison prochaine en MXGP.<\/strong><\/p>\n<p>Rien n&rsquo;est officiel, loin de l\u00e0, mais certaines rumeurs en font \u00e9tat et le fait que Yamaha Motor Europe tra\u00eene \u00e0 prolonger le contrat de Ben Watson, qui dispute pour sa part sa premi\u00e8re saison avec l&rsquo;\u00e9quipe officielle MXGP Yamaha, indique qu&rsquo;il pourrait y avoir une place pour Maxime Renaux dans le team.<\/p>\n<p><img decoding=\"async\" class=\"lazyload aligncenter size-full wp-image-111738\" src=\"http:\/\/fr.motocrossmag.be\/wp-content\/uploads\/2021\/08\/renaux-kegums.jpeg\" data-orig-src=\"http:\/\/fr.motocrossmag.be\/wp-content\/uploads\/2021\/08\/renaux-kegums.jpeg\" alt=\"\" width=\"1000\" height=\"666\" srcset=\"data:image\/svg+xml,%3Csvg%20xmlns%3D%27http%3A%2F%2Fwww.w3.org%2F2000%2Fsvg%27%20width%3D%271000%27%20height%3D%27666%27%20viewBox%3D%270%200%201000%20666%27%3E%3Crect%20width%3D%271000%27%20height%3D%27666%27%20fill-opacity%3D%220%22%2F%3E%3C%2Fsvg%3E\" data-srcset=\"https:\/\/fr.motocrossmag.be\/wp-content\/uploads\/2021\/08\/renaux-kegums-650x433.jpeg 650w, https:\/\/fr.motocrossmag.be\/wp-content\/uploads\/2021\/08\/renaux-kegums-768x511.jpeg 768w, https:\/\/fr.motocrossmag.be\/wp-content\/uploads\/2021\/08\/renaux-kegums.jpeg 1000w\" data-sizes=\"auto\" data-orig-sizes=\"(max-width: 1000px) 100vw, 1000px\" \/><\/p>\n<p>Watson avait atteint la limite d&rsquo;\u00e2ge de 23 ans et a donc d\u00fb quitter Kemea pour rejoindre la classe MXGP. Le manque de patience dont Yamaha semble vouloir faire preuve avec l&rsquo;Anglais pourrait refroidir Renaux qui pr\u00e9f\u00e8re pour l&rsquo;instant rest\u00e9 concentr\u00e9 sur son objectif : le titre mondial MX2.<\/p>\n<p>\u00ab\u00a0Je suis vraiment concentr\u00e9 sur le titre en ce moment\u00a0\u00bb, exprime le Fran\u00e7ais. \u00ab\u00a0D\u00e8s lors, aucune d\u00e9cision n&rsquo;a \u00e9t\u00e9 prise \u00e0 ce jour. Nous n&rsquo;en avons en fait pas encore vraiment parl\u00e9. Nous devons d&rsquo;abord remporter le titre MX2 et ensuite nous verrons. La 450 est d\u00e9finitivement une machine que j&rsquo;aime mais je veux aussi acqu\u00e9rir le plus d&rsquo;exp\u00e9rience possible pour me donner toutes les chances en MXGP par la suite. En esp\u00e9rant pouvoir terminer cette saison avec le titre mondial, nous d\u00e9terminons ensuite la direction que prendra ma carri\u00e8re pour les ann\u00e9es \u00e0 venir.\u00a0\u00bb<\/p>\n<p>L&rsquo;h\u00e9sitation de Renaux est compr\u00e9hensible. On imagine que, comme Vialle, il souhaitera acqu\u00e9rir un maximum d&rsquo;exp\u00e9rience en MX2 avant de passer dans le grand bain du MXGP. Par ailleurs, il est vraisemblable que Yamaha Motor Europe souhaite trancher la question d&rsquo;ici la fin de la saison mondiale, en novembre.<\/p>\n<p>Texte : Adam Wheeler<\/p>\n","protected":false},"excerpt":{"rendered":"<p>Il est de plus en plus clair que Maxime Renaux \u00e0 toutes les cartes en main pour devenir champion du monde MX2 cette ann\u00e9e. Il dispute sa premi\u00e8re saison en [&#8230;]<\/p>\n","protected":false},"author":932,"featured_media":110846,"comment_status":"open","ping_status":"closed","sticky":false,"template":"","format":"standard","meta":{"footnotes":""},"categories":[54,58,4,6,5,55,65],"tags":[1041,947,568],"class_list":["post-113407","post","type-post","status-publish","format-standard","has-post-thumbnail","hentry","category-actualite","category-interviews-actualite","category-motocross","category-mx1mx2","category-news","category-news-actualite","category-slideshow","tag-maxime-renaux","tag-motocross","tag-mxgp"],"yoast_head":"<!-- This site is optimized with the Yoast SEO plugin v27.4 - https:\/\/yoast.com\/product\/yoast-seo-wordpress\/ -->\n<title>MXGP ou MX2 pour Maxime Renaux la saison prochaine ? - Motocross - Enduro - Supermoto | MotocrossMag<\/title>\n<meta name=\"robots\" content=\"index, follow, max-snippet:-1, max-image-preview:large, max-video-preview:-1\" \/>\n<link rel=\"canonical\" href=\"https:\/\/fr.motocrossmag.be\/index.php\/2021\/10\/mxgp-ou-mx2-pour-maxime-renaux-la-saison-prochaine\/\" \/>\n<meta property=\"og:locale\" content=\"fr_FR\" \/>\n<meta property=\"og:type\" content=\"article\" \/>\n<meta property=\"og:title\" content=\"MXGP ou MX2 pour Maxime Renaux la saison prochaine ? - Motocross - Enduro - Supermoto | MotocrossMag\" \/>\n<meta property=\"og:description\" content=\"Il est de plus en plus clair que Maxime Renaux \u00e0 toutes les cartes en main pour devenir champion du monde MX2 cette ann\u00e9e. Il dispute sa premi\u00e8re saison en [...]\" \/>\n<meta property=\"og:url\" content=\"https:\/\/fr.motocrossmag.be\/index.php\/2021\/10\/mxgp-ou-mx2-pour-maxime-renaux-la-saison-prochaine\/\" \/>\n<meta property=\"og:site_name\" content=\"Motocross - Enduro - Supermoto | MotocrossMag\" \/>\n<meta property=\"article:published_time\" content=\"2021-10-14T14:57:46+00:00\" \/>\n<meta property=\"og:image\" content=\"https:\/\/fr.motocrossmag.be\/wp-content\/uploads\/2021\/07\/renaux_matterley_CDS_AL1U9156.jpg\" \/>\n\t<meta property=\"og:image:width\" content=\"1000\" \/>\n\t<meta property=\"og:image:height\" content=\"666\" \/>\n\t<meta property=\"og:image:type\" content=\"image\/jpeg\" \/>\n<meta name=\"author\" content=\"oliviere\" \/>\n<meta name=\"twitter:card\" content=\"summary_large_image\" \/>\n<meta name=\"twitter:label1\" content=\"\u00c9crit par\" \/>\n\t<meta name=\"twitter:data1\" content=\"oliviere\" \/>\n\t<meta name=\"twitter:label2\" content=\"Dur\u00e9e de lecture estim\u00e9e\" \/>\n\t<meta name=\"twitter:data2\" content=\"2 minutes\" \/>\n<script type=\"application\/ld+json\" class=\"yoast-schema-graph\">{\"@context\":\"https:\\\/\\\/schema.org\",\"@graph\":[{\"@type\":\"Article\",\"@id\":\"https:\\\/\\\/fr.motocrossmag.be\\\/index.php\\\/2021\\\/10\\\/mxgp-ou-mx2-pour-maxime-renaux-la-saison-prochaine\\\/#article\",\"isPartOf\":{\"@id\":\"https:\\\/\\\/fr.motocrossmag.be\\\/index.php\\\/2021\\\/10\\\/mxgp-ou-mx2-pour-maxime-renaux-la-saison-prochaine\\\/\"},\"author\":{\"name\":\"oliviere\",\"@id\":\"https:\\\/\\\/fr.motocrossmag.be\\\/#\\\/schema\\\/person\\\/11b47143d9f755babca2c9110e03235c\"},\"headline\":\"MXGP ou MX2 pour Maxime Renaux la saison prochaine ?\",\"datePublished\":\"2021-10-14T14:57:46+00:00\",\"mainEntityOfPage\":{\"@id\":\"https:\\\/\\\/fr.motocrossmag.be\\\/index.php\\\/2021\\\/10\\\/mxgp-ou-mx2-pour-maxime-renaux-la-saison-prochaine\\\/\"},\"wordCount\":353,\"commentCount\":0,\"image\":{\"@id\":\"https:\\\/\\\/fr.motocrossmag.be\\\/index.php\\\/2021\\\/10\\\/mxgp-ou-mx2-pour-maxime-renaux-la-saison-prochaine\\\/#primaryimage\"},\"thumbnailUrl\":\"https:\\\/\\\/fr.motocrossmag.be\\\/wp-content\\\/uploads\\\/2021\\\/07\\\/renaux_matterley_CDS_AL1U9156.jpg\",\"keywords\":[\"maxime renaux\",\"Motocross\",\"MXGP\"],\"articleSection\":[\"Actualit\u00e9\",\"Interviews -all\",\"Motocross\",\"Motocross MXGP\",\"News\",\"News\",\"Slideshow\"],\"inLanguage\":\"fr-FR\",\"potentialAction\":[{\"@type\":\"CommentAction\",\"name\":\"Comment\",\"target\":[\"https:\\\/\\\/fr.motocrossmag.be\\\/index.php\\\/2021\\\/10\\\/mxgp-ou-mx2-pour-maxime-renaux-la-saison-prochaine\\\/#respond\"]}]},{\"@type\":\"WebPage\",\"@id\":\"https:\\\/\\\/fr.motocrossmag.be\\\/index.php\\\/2021\\\/10\\\/mxgp-ou-mx2-pour-maxime-renaux-la-saison-prochaine\\\/\",\"url\":\"https:\\\/\\\/fr.motocrossmag.be\\\/index.php\\\/2021\\\/10\\\/mxgp-ou-mx2-pour-maxime-renaux-la-saison-prochaine\\\/\",\"name\":\"MXGP ou MX2 pour Maxime Renaux la saison prochaine ? - Motocross - Enduro - Supermoto | MotocrossMag\",\"isPartOf\":{\"@id\":\"https:\\\/\\\/fr.motocrossmag.be\\\/#website\"},\"primaryImageOfPage\":{\"@id\":\"https:\\\/\\\/fr.motocrossmag.be\\\/index.php\\\/2021\\\/10\\\/mxgp-ou-mx2-pour-maxime-renaux-la-saison-prochaine\\\/#primaryimage\"},\"image\":{\"@id\":\"https:\\\/\\\/fr.motocrossmag.be\\\/index.php\\\/2021\\\/10\\\/mxgp-ou-mx2-pour-maxime-renaux-la-saison-prochaine\\\/#primaryimage\"},\"thumbnailUrl\":\"https:\\\/\\\/fr.motocrossmag.be\\\/wp-content\\\/uploads\\\/2021\\\/07\\\/renaux_matterley_CDS_AL1U9156.jpg\",\"datePublished\":\"2021-10-14T14:57:46+00:00\",\"author\":{\"@id\":\"https:\\\/\\\/fr.motocrossmag.be\\\/#\\\/schema\\\/person\\\/11b47143d9f755babca2c9110e03235c\"},\"breadcrumb\":{\"@id\":\"https:\\\/\\\/fr.motocrossmag.be\\\/index.php\\\/2021\\\/10\\\/mxgp-ou-mx2-pour-maxime-renaux-la-saison-prochaine\\\/#breadcrumb\"},\"inLanguage\":\"fr-FR\",\"potentialAction\":[{\"@type\":\"ReadAction\",\"target\":[\"https:\\\/\\\/fr.motocrossmag.be\\\/index.php\\\/2021\\\/10\\\/mxgp-ou-mx2-pour-maxime-renaux-la-saison-prochaine\\\/\"]}]},{\"@type\":\"ImageObject\",\"inLanguage\":\"fr-FR\",\"@id\":\"https:\\\/\\\/fr.motocrossmag.be\\\/index.php\\\/2021\\\/10\\\/mxgp-ou-mx2-pour-maxime-renaux-la-saison-prochaine\\\/#primaryimage\",\"url\":\"https:\\\/\\\/fr.motocrossmag.be\\\/wp-content\\\/uploads\\\/2021\\\/07\\\/renaux_matterley_CDS_AL1U9156.jpg\",\"contentUrl\":\"https:\\\/\\\/fr.motocrossmag.be\\\/wp-content\\\/uploads\\\/2021\\\/07\\\/renaux_matterley_CDS_AL1U9156.jpg\",\"width\":1000,\"height\":666},{\"@type\":\"BreadcrumbList\",\"@id\":\"https:\\\/\\\/fr.motocrossmag.be\\\/index.php\\\/2021\\\/10\\\/mxgp-ou-mx2-pour-maxime-renaux-la-saison-prochaine\\\/#breadcrumb\",\"itemListElement\":[{\"@type\":\"ListItem\",\"position\":1,\"name\":\"Accueil\",\"item\":\"https:\\\/\\\/fr.motocrossmag.be\\\/\"},{\"@type\":\"ListItem\",\"position\":2,\"name\":\"MXGP ou MX2 pour Maxime Renaux la saison prochaine ?\"}]},{\"@type\":\"WebSite\",\"@id\":\"https:\\\/\\\/fr.motocrossmag.be\\\/#website\",\"url\":\"https:\\\/\\\/fr.motocrossmag.be\\\/\",\"name\":\"Motocross - Enduro - Supermoto | MotocrossMag\",\"description\":\"L&#039;actualit\u00e9 du motocross, de l&#039;enduro et du Supermoto en ligne!\",\"potentialAction\":[{\"@type\":\"SearchAction\",\"target\":{\"@type\":\"EntryPoint\",\"urlTemplate\":\"https:\\\/\\\/fr.motocrossmag.be\\\/?s={search_term_string}\"},\"query-input\":{\"@type\":\"PropertyValueSpecification\",\"valueRequired\":true,\"valueName\":\"search_term_string\"}}],\"inLanguage\":\"fr-FR\"},{\"@type\":\"Person\",\"@id\":\"https:\\\/\\\/fr.motocrossmag.be\\\/#\\\/schema\\\/person\\\/11b47143d9f755babca2c9110e03235c\",\"name\":\"oliviere\",\"image\":{\"@type\":\"ImageObject\",\"inLanguage\":\"fr-FR\",\"@id\":\"https:\\\/\\\/secure.gravatar.com\\\/avatar\\\/907069e0b81d119452040469e4a7501da1100f54f7f80180ce77bfab718288f6?s=96&d=mm&r=g\",\"url\":\"https:\\\/\\\/secure.gravatar.com\\\/avatar\\\/907069e0b81d119452040469e4a7501da1100f54f7f80180ce77bfab718288f6?s=96&d=mm&r=g\",\"contentUrl\":\"https:\\\/\\\/secure.gravatar.com\\\/avatar\\\/907069e0b81d119452040469e4a7501da1100f54f7f80180ce77bfab718288f6?s=96&d=mm&r=g\",\"caption\":\"oliviere\"},\"sameAs\":[\"http:\\\/\\\/www.motocrossmag.be\"],\"url\":\"https:\\\/\\\/fr.motocrossmag.be\\\/index.php\\\/author\\\/oliviere\\\/\"}]}<\/script>\n<!-- \/ Yoast SEO plugin. -->","yoast_head_json":{"title":"MXGP ou MX2 pour Maxime Renaux la saison prochaine ? - Motocross - Enduro - Supermoto | MotocrossMag","robots":{"index":"index","follow":"follow","max-snippet":"max-snippet:-1","max-image-preview":"max-image-preview:large","max-video-preview":"max-video-preview:-1"},"canonical":"https:\/\/fr.motocrossmag.be\/index.php\/2021\/10\/mxgp-ou-mx2-pour-maxime-renaux-la-saison-prochaine\/","og_locale":"fr_FR","og_type":"article","og_title":"MXGP ou MX2 pour Maxime Renaux la saison prochaine ? - Motocross - Enduro - Supermoto | MotocrossMag","og_description":"Il est de plus en plus clair que Maxime Renaux \u00e0 toutes les cartes en main pour devenir champion du monde MX2 cette ann\u00e9e. Il dispute sa premi\u00e8re saison en [...]","og_url":"https:\/\/fr.motocrossmag.be\/index.php\/2021\/10\/mxgp-ou-mx2-pour-maxime-renaux-la-saison-prochaine\/","og_site_name":"Motocross - Enduro - Supermoto | MotocrossMag","article_published_time":"2021-10-14T14:57:46+00:00","og_image":[{"width":1000,"height":666,"url":"https:\/\/fr.motocrossmag.be\/wp-content\/uploads\/2021\/07\/renaux_matterley_CDS_AL1U9156.jpg","type":"image\/jpeg"}],"author":"oliviere","twitter_card":"summary_large_image","twitter_misc":{"\u00c9crit par":"oliviere","Dur\u00e9e de lecture estim\u00e9e":"2 minutes"},"schema":{"@context":"https:\/\/schema.org","@graph":[{"@type":"Article","@id":"https:\/\/fr.motocrossmag.be\/index.php\/2021\/10\/mxgp-ou-mx2-pour-maxime-renaux-la-saison-prochaine\/#article","isPartOf":{"@id":"https:\/\/fr.motocrossmag.be\/index.php\/2021\/10\/mxgp-ou-mx2-pour-maxime-renaux-la-saison-prochaine\/"},"author":{"name":"oliviere","@id":"https:\/\/fr.motocrossmag.be\/#\/schema\/person\/11b47143d9f755babca2c9110e03235c"},"headline":"MXGP ou MX2 pour Maxime Renaux la saison prochaine ?","datePublished":"2021-10-14T14:57:46+00:00","mainEntityOfPage":{"@id":"https:\/\/fr.motocrossmag.be\/index.php\/2021\/10\/mxgp-ou-mx2-pour-maxime-renaux-la-saison-prochaine\/"},"wordCount":353,"commentCount":0,"image":{"@id":"https:\/\/fr.motocrossmag.be\/index.php\/2021\/10\/mxgp-ou-mx2-pour-maxime-renaux-la-saison-prochaine\/#primaryimage"},"thumbnailUrl":"https:\/\/fr.motocrossmag.be\/wp-content\/uploads\/2021\/07\/renaux_matterley_CDS_AL1U9156.jpg","keywords":["maxime renaux","Motocross","MXGP"],"articleSection":["Actualit\u00e9","Interviews -all","Motocross","Motocross MXGP","News","News","Slideshow"],"inLanguage":"fr-FR","potentialAction":[{"@type":"CommentAction","name":"Comment","target":["https:\/\/fr.motocrossmag.be\/index.php\/2021\/10\/mxgp-ou-mx2-pour-maxime-renaux-la-saison-prochaine\/#respond"]}]},{"@type":"WebPage","@id":"https:\/\/fr.motocrossmag.be\/index.php\/2021\/10\/mxgp-ou-mx2-pour-maxime-renaux-la-saison-prochaine\/","url":"https:\/\/fr.motocrossmag.be\/index.php\/2021\/10\/mxgp-ou-mx2-pour-maxime-renaux-la-saison-prochaine\/","name":"MXGP ou MX2 pour Maxime Renaux la saison prochaine ? - Motocross - Enduro - Supermoto | MotocrossMag","isPartOf":{"@id":"https:\/\/fr.motocrossmag.be\/#website"},"primaryImageOfPage":{"@id":"https:\/\/fr.motocrossmag.be\/index.php\/2021\/10\/mxgp-ou-mx2-pour-maxime-renaux-la-saison-prochaine\/#primaryimage"},"image":{"@id":"https:\/\/fr.motocrossmag.be\/index.php\/2021\/10\/mxgp-ou-mx2-pour-maxime-renaux-la-saison-prochaine\/#primaryimage"},"thumbnailUrl":"https:\/\/fr.motocrossmag.be\/wp-content\/uploads\/2021\/07\/renaux_matterley_CDS_AL1U9156.jpg","datePublished":"2021-10-14T14:57:46+00:00","author":{"@id":"https:\/\/fr.motocrossmag.be\/#\/schema\/person\/11b47143d9f755babca2c9110e03235c"},"breadcrumb":{"@id":"https:\/\/fr.motocrossmag.be\/index.php\/2021\/10\/mxgp-ou-mx2-pour-maxime-renaux-la-saison-prochaine\/#breadcrumb"},"inLanguage":"fr-FR","potentialAction":[{"@type":"ReadAction","target":["https:\/\/fr.motocrossmag.be\/index.php\/2021\/10\/mxgp-ou-mx2-pour-maxime-renaux-la-saison-prochaine\/"]}]},{"@type":"ImageObject","inLanguage":"fr-FR","@id":"https:\/\/fr.motocrossmag.be\/index.php\/2021\/10\/mxgp-ou-mx2-pour-maxime-renaux-la-saison-prochaine\/#primaryimage","url":"https:\/\/fr.motocrossmag.be\/wp-content\/uploads\/2021\/07\/renaux_matterley_CDS_AL1U9156.jpg","contentUrl":"https:\/\/fr.motocrossmag.be\/wp-content\/uploads\/2021\/07\/renaux_matterley_CDS_AL1U9156.jpg","width":1000,"height":666},{"@type":"BreadcrumbList","@id":"https:\/\/fr.motocrossmag.be\/index.php\/2021\/10\/mxgp-ou-mx2-pour-maxime-renaux-la-saison-prochaine\/#breadcrumb","itemListElement":[{"@type":"ListItem","position":1,"name":"Accueil","item":"https:\/\/fr.motocrossmag.be\/"},{"@type":"ListItem","position":2,"name":"MXGP ou MX2 pour Maxime Renaux la saison prochaine ?"}]},{"@type":"WebSite","@id":"https:\/\/fr.motocrossmag.be\/#website","url":"https:\/\/fr.motocrossmag.be\/","name":"Motocross - Enduro - Supermoto | MotocrossMag","description":"L&#039;actualit\u00e9 du motocross, de l&#039;enduro et du Supermoto en ligne!","potentialAction":[{"@type":"SearchAction","target":{"@type":"EntryPoint","urlTemplate":"https:\/\/fr.motocrossmag.be\/?s={search_term_string}"},"query-input":{"@type":"PropertyValueSpecification","valueRequired":true,"valueName":"search_term_string"}}],"inLanguage":"fr-FR"},{"@type":"Person","@id":"https:\/\/fr.motocrossmag.be\/#\/schema\/person\/11b47143d9f755babca2c9110e03235c","name":"oliviere","image":{"@type":"ImageObject","inLanguage":"fr-FR","@id":"https:\/\/secure.gravatar.com\/avatar\/907069e0b81d119452040469e4a7501da1100f54f7f80180ce77bfab718288f6?s=96&d=mm&r=g","url":"https:\/\/secure.gravatar.com\/avatar\/907069e0b81d119452040469e4a7501da1100f54f7f80180ce77bfab718288f6?s=96&d=mm&r=g","contentUrl":"https:\/\/secure.gravatar.com\/avatar\/907069e0b81d119452040469e4a7501da1100f54f7f80180ce77bfab718288f6?s=96&d=mm&r=g","caption":"oliviere"},"sameAs":["http:\/\/www.motocrossmag.be"],"url":"https:\/\/fr.motocrossmag.be\/index.php\/author\/oliviere\/"}]}},"_links":{"self":[{"href":"https:\/\/fr.motocrossmag.be\/index.php\/wp-json\/wp\/v2\/posts\/113407","targetHints":{"allow":["GET"]}}],"collection":[{"href":"https:\/\/fr.motocrossmag.be\/index.php\/wp-json\/wp\/v2\/posts"}],"about":[{"href":"https:\/\/fr.motocrossmag.be\/index.php\/wp-json\/wp\/v2\/types\/post"}],"author":[{"embeddable":true,"href":"https:\/\/fr.motocrossmag.be\/index.php\/wp-json\/wp\/v2\/users\/932"}],"replies":[{"embeddable":true,"href":"https:\/\/fr.motocrossmag.be\/index.php\/wp-json\/wp\/v2\/comments?post=113407"}],"version-history":[{"count":1,"href":"https:\/\/fr.motocrossmag.be\/index.php\/wp-json\/wp\/v2\/posts\/113407\/revisions"}],"predecessor-version":[{"id":113408,"href":"https:\/\/fr.motocrossmag.be\/index.php\/wp-json\/wp\/v2\/posts\/113407\/revisions\/113408"}],"wp:featuredmedia":[{"embeddable":true,"href":"https:\/\/fr.motocrossmag.be\/index.php\/wp-json\/wp\/v2\/media\/110846"}],"wp:attachment":[{"href":"https:\/\/fr.motocrossmag.be\/index.php\/wp-json\/wp\/v2\/media?parent=113407"}],"wp:term":[{"taxonomy":"category","embeddable":true,"href":"https:\/\/fr.motocrossmag.be\/index.php\/wp-json\/wp\/v2\/categories?post=113407"},{"taxonomy":"post_tag","embeddable":true,"href":"https:\/\/fr.motocrossmag.be\/index.php\/wp-json\/wp\/v2\/tags?post=113407"}],"curies":[{"name":"wp","href":"https:\/\/api.w.org\/{rel}","templated":true}]}}