{"id":113409,"date":"2021-10-14T17:18:35","date_gmt":"2021-10-14T15:18:35","guid":{"rendered":"http:\/\/fr.motocrossmag.be\/?p=113409"},"modified":"2021-10-14T17:20:29","modified_gmt":"2021-10-14T15:20:29","slug":"yamaha-kawasaki-suzuki-les-geants-japonais-boudent-le-salon-de-bruxelles","status":"publish","type":"post","link":"https:\/\/fr.motocrossmag.be\/index.php\/2021\/10\/yamaha-kawasaki-suzuki-les-geants-japonais-boudent-le-salon-de-bruxelles\/","title":{"rendered":"Yamaha, Kawasaki, Suzuki : les g\u00e9ants japonais boudent le Salon de Bruxelles"},"content":{"rendered":"<p><strong>Longtemps ind\u00e9cise \u00e0 cause des incertitudes li\u00e9es \u00e0 l&rsquo;\u00e9volution de la situation sanitaire mais aussi face au manque d&rsquo;engouement de certains grands constructeurs automobiles, la FEBIAC a fini par confirmer l&rsquo;organisation du Salon de Bruxelles en janvier 2022.<\/strong><\/p>\n<p>Encore incontournable il y a peu, le Salon de Bruxelles, comme d&rsquo;autres \u00e9v\u00e9nements du m\u00eame genre en Europe, subit de plein fouet la crise du coronavirus. La pand\u00e9mie et les mesures sanitaires qu&rsquo;elle a amen\u00e9e avec elle ont fait \u00e9voluer durablement les habitudes des consommateurs, d\u00e9sormais davantage attir\u00e9s par des \u00e9v\u00e9nements plus modestes, plus pr\u00e8s de chez eux. Une \u00e9volution \u00e0 laquelle les constructeurs se doivent de s&rsquo;adapter.<\/p>\n<p><strong>Roadshows et salons virtuels<\/strong><\/p>\n<p>Et c&rsquo;est pr\u00e9cis\u00e9ment ce qu&rsquo;ils font puisque chacun y va de son \u00ab\u00a0Salon virtuel\u00a0\u00bb avec des plateformes d\u00e9di\u00e9es pr\u00e9sentant les offres habituellement n\u00e9goci\u00e9es face \u00e0 un vendeur sur les stands de Bruxelles, ou encore de son roadshow \u00e0 travers son r\u00e9seau de dealers, o\u00f9 le client peut voir de pr\u00e8s et m\u00eame parfois essayer les nouveaux mod\u00e8les de la marque, le tout sous les conseils avis\u00e9s de son concessionnaire.<\/p>\n<p>Bref, les temps changent, les constructeurs s&rsquo;adaptent. Et boudent les Salons comme Bruxelles. En quelques jours, ce sont successivement Suzuki, Kawasaki puis Yamaha qui viennent d&rsquo;annoncer qu&rsquo;ils ne seraient pas pr\u00e9sents \u00e0 Bruxelles cet hiver, pr\u00e9sentant dans la foul\u00e9e une s\u00e9rie d&rsquo;actions de promotion en ligne ou dans leur r\u00e9seau. Esp\u00e9rons que l&rsquo;h\u00e9morragie finisse par s&rsquo;arr\u00eater&#8230;<\/p>\n","protected":false},"excerpt":{"rendered":"<p>Longtemps ind\u00e9cise \u00e0 cause des incertitudes li\u00e9es \u00e0 l&rsquo;\u00e9volution de la situation sanitaire mais aussi face au manque d&rsquo;engouement de certains grands constructeurs automobiles, la FEBIAC a fini par confirmer [&#8230;]<\/p>\n","protected":false},"author":932,"featured_media":68938,"comment_status":"open","ping_status":"closed","sticky":false,"template":"","format":"standard","meta":{"footnotes":""},"categories":[54,545,4,5,55,65],"tags":[947,1813],"class_list":["post-113409","post","type-post","status-publish","format-standard","has-post-thumbnail","hentry","category-actualite","category-industrie","category-motocross","category-news","category-news-actualite","category-slideshow","tag-motocross","tag-salon-de-bruxelles"],"yoast_head":"<!-- This site is optimized with the Yoast SEO plugin v27.4 - https:\/\/yoast.com\/product\/yoast-seo-wordpress\/ -->\n<title>Yamaha, Kawasaki, Suzuki : les g\u00e9ants japonais boudent le Salon de Bruxelles - Motocross - Enduro - Supermoto | MotocrossMag<\/title>\n<meta name=\"robots\" content=\"index, follow, max-snippet:-1, max-image-preview:large, max-video-preview:-1\" \/>\n<link rel=\"canonical\" href=\"https:\/\/fr.motocrossmag.be\/index.php\/2021\/10\/yamaha-kawasaki-suzuki-les-geants-japonais-boudent-le-salon-de-bruxelles\/\" \/>\n<meta property=\"og:locale\" content=\"fr_FR\" \/>\n<meta property=\"og:type\" content=\"article\" \/>\n<meta property=\"og:title\" content=\"Yamaha, Kawasaki, Suzuki : les g\u00e9ants japonais boudent le Salon de Bruxelles - Motocross - Enduro - Supermoto | MotocrossMag\" \/>\n<meta property=\"og:description\" content=\"Longtemps ind\u00e9cise \u00e0 cause des incertitudes li\u00e9es \u00e0 l&rsquo;\u00e9volution de la situation sanitaire mais aussi face au manque d&rsquo;engouement de certains grands constructeurs automobiles, la FEBIAC a fini par confirmer [...]\" \/>\n<meta property=\"og:url\" content=\"https:\/\/fr.motocrossmag.be\/index.php\/2021\/10\/yamaha-kawasaki-suzuki-les-geants-japonais-boudent-le-salon-de-bruxelles\/\" \/>\n<meta property=\"og:site_name\" content=\"Motocross - Enduro - Supermoto | MotocrossMag\" \/>\n<meta property=\"article:published_time\" content=\"2021-10-14T15:18:35+00:00\" \/>\n<meta property=\"article:modified_time\" content=\"2021-10-14T15:20:29+00:00\" \/>\n<meta property=\"og:image\" content=\"https:\/\/fr.motocrossmag.be\/wp-content\/uploads\/2018\/01\/Salon-Brussels-2018-IMG_7719-1.jpg\" \/>\n\t<meta property=\"og:image:width\" content=\"1400\" \/>\n\t<meta property=\"og:image:height\" content=\"933\" \/>\n\t<meta property=\"og:image:type\" content=\"image\/jpeg\" \/>\n<meta name=\"author\" content=\"oliviere\" \/>\n<meta name=\"twitter:card\" content=\"summary_large_image\" \/>\n<meta name=\"twitter:label1\" content=\"\u00c9crit par\" \/>\n\t<meta name=\"twitter:data1\" content=\"oliviere\" \/>\n\t<meta name=\"twitter:label2\" content=\"Dur\u00e9e de lecture estim\u00e9e\" \/>\n\t<meta name=\"twitter:data2\" content=\"1 minute\" \/>\n<script type=\"application\/ld+json\" class=\"yoast-schema-graph\">{\"@context\":\"https:\\\/\\\/schema.org\",\"@graph\":[{\"@type\":\"Article\",\"@id\":\"https:\\\/\\\/fr.motocrossmag.be\\\/index.php\\\/2021\\\/10\\\/yamaha-kawasaki-suzuki-les-geants-japonais-boudent-le-salon-de-bruxelles\\\/#article\",\"isPartOf\":{\"@id\":\"https:\\\/\\\/fr.motocrossmag.be\\\/index.php\\\/2021\\\/10\\\/yamaha-kawasaki-suzuki-les-geants-japonais-boudent-le-salon-de-bruxelles\\\/\"},\"author\":{\"name\":\"oliviere\",\"@id\":\"https:\\\/\\\/fr.motocrossmag.be\\\/#\\\/schema\\\/person\\\/11b47143d9f755babca2c9110e03235c\"},\"headline\":\"Yamaha, Kawasaki, Suzuki : les g\u00e9ants japonais boudent le Salon de Bruxelles\",\"datePublished\":\"2021-10-14T15:18:35+00:00\",\"dateModified\":\"2021-10-14T15:20:29+00:00\",\"mainEntityOfPage\":{\"@id\":\"https:\\\/\\\/fr.motocrossmag.be\\\/index.php\\\/2021\\\/10\\\/yamaha-kawasaki-suzuki-les-geants-japonais-boudent-le-salon-de-bruxelles\\\/\"},\"wordCount\":284,\"commentCount\":0,\"image\":{\"@id\":\"https:\\\/\\\/fr.motocrossmag.be\\\/index.php\\\/2021\\\/10\\\/yamaha-kawasaki-suzuki-les-geants-japonais-boudent-le-salon-de-bruxelles\\\/#primaryimage\"},\"thumbnailUrl\":\"https:\\\/\\\/fr.motocrossmag.be\\\/wp-content\\\/uploads\\\/2018\\\/01\\\/Salon-Brussels-2018-IMG_7719-1.jpg\",\"keywords\":[\"Motocross\",\"salon de bruxelles\"],\"articleSection\":[\"Actualit\u00e9\",\"Industrie\",\"Motocross\",\"News\",\"News\",\"Slideshow\"],\"inLanguage\":\"fr-FR\",\"potentialAction\":[{\"@type\":\"CommentAction\",\"name\":\"Comment\",\"target\":[\"https:\\\/\\\/fr.motocrossmag.be\\\/index.php\\\/2021\\\/10\\\/yamaha-kawasaki-suzuki-les-geants-japonais-boudent-le-salon-de-bruxelles\\\/#respond\"]}]},{\"@type\":\"WebPage\",\"@id\":\"https:\\\/\\\/fr.motocrossmag.be\\\/index.php\\\/2021\\\/10\\\/yamaha-kawasaki-suzuki-les-geants-japonais-boudent-le-salon-de-bruxelles\\\/\",\"url\":\"https:\\\/\\\/fr.motocrossmag.be\\\/index.php\\\/2021\\\/10\\\/yamaha-kawasaki-suzuki-les-geants-japonais-boudent-le-salon-de-bruxelles\\\/\",\"name\":\"Yamaha, Kawasaki, Suzuki : les g\u00e9ants japonais boudent le Salon de Bruxelles - Motocross - Enduro - Supermoto | MotocrossMag\",\"isPartOf\":{\"@id\":\"https:\\\/\\\/fr.motocrossmag.be\\\/#website\"},\"primaryImageOfPage\":{\"@id\":\"https:\\\/\\\/fr.motocrossmag.be\\\/index.php\\\/2021\\\/10\\\/yamaha-kawasaki-suzuki-les-geants-japonais-boudent-le-salon-de-bruxelles\\\/#primaryimage\"},\"image\":{\"@id\":\"https:\\\/\\\/fr.motocrossmag.be\\\/index.php\\\/2021\\\/10\\\/yamaha-kawasaki-suzuki-les-geants-japonais-boudent-le-salon-de-bruxelles\\\/#primaryimage\"},\"thumbnailUrl\":\"https:\\\/\\\/fr.motocrossmag.be\\\/wp-content\\\/uploads\\\/2018\\\/01\\\/Salon-Brussels-2018-IMG_7719-1.jpg\",\"datePublished\":\"2021-10-14T15:18:35+00:00\",\"dateModified\":\"2021-10-14T15:20:29+00:00\",\"author\":{\"@id\":\"https:\\\/\\\/fr.motocrossmag.be\\\/#\\\/schema\\\/person\\\/11b47143d9f755babca2c9110e03235c\"},\"breadcrumb\":{\"@id\":\"https:\\\/\\\/fr.motocrossmag.be\\\/index.php\\\/2021\\\/10\\\/yamaha-kawasaki-suzuki-les-geants-japonais-boudent-le-salon-de-bruxelles\\\/#breadcrumb\"},\"inLanguage\":\"fr-FR\",\"potentialAction\":[{\"@type\":\"ReadAction\",\"target\":[\"https:\\\/\\\/fr.motocrossmag.be\\\/index.php\\\/2021\\\/10\\\/yamaha-kawasaki-suzuki-les-geants-japonais-boudent-le-salon-de-bruxelles\\\/\"]}]},{\"@type\":\"ImageObject\",\"inLanguage\":\"fr-FR\",\"@id\":\"https:\\\/\\\/fr.motocrossmag.be\\\/index.php\\\/2021\\\/10\\\/yamaha-kawasaki-suzuki-les-geants-japonais-boudent-le-salon-de-bruxelles\\\/#primaryimage\",\"url\":\"https:\\\/\\\/fr.motocrossmag.be\\\/wp-content\\\/uploads\\\/2018\\\/01\\\/Salon-Brussels-2018-IMG_7719-1.jpg\",\"contentUrl\":\"https:\\\/\\\/fr.motocrossmag.be\\\/wp-content\\\/uploads\\\/2018\\\/01\\\/Salon-Brussels-2018-IMG_7719-1.jpg\",\"width\":1400,\"height\":933},{\"@type\":\"BreadcrumbList\",\"@id\":\"https:\\\/\\\/fr.motocrossmag.be\\\/index.php\\\/2021\\\/10\\\/yamaha-kawasaki-suzuki-les-geants-japonais-boudent-le-salon-de-bruxelles\\\/#breadcrumb\",\"itemListElement\":[{\"@type\":\"ListItem\",\"position\":1,\"name\":\"Accueil\",\"item\":\"https:\\\/\\\/fr.motocrossmag.be\\\/\"},{\"@type\":\"ListItem\",\"position\":2,\"name\":\"Yamaha, Kawasaki, Suzuki : les g\u00e9ants japonais boudent le Salon de Bruxelles\"}]},{\"@type\":\"WebSite\",\"@id\":\"https:\\\/\\\/fr.motocrossmag.be\\\/#website\",\"url\":\"https:\\\/\\\/fr.motocrossmag.be\\\/\",\"name\":\"Motocross - Enduro - Supermoto | MotocrossMag\",\"description\":\"L&#039;actualit\u00e9 du motocross, de l&#039;enduro et du Supermoto en ligne!\",\"potentialAction\":[{\"@type\":\"SearchAction\",\"target\":{\"@type\":\"EntryPoint\",\"urlTemplate\":\"https:\\\/\\\/fr.motocrossmag.be\\\/?s={search_term_string}\"},\"query-input\":{\"@type\":\"PropertyValueSpecification\",\"valueRequired\":true,\"valueName\":\"search_term_string\"}}],\"inLanguage\":\"fr-FR\"},{\"@type\":\"Person\",\"@id\":\"https:\\\/\\\/fr.motocrossmag.be\\\/#\\\/schema\\\/person\\\/11b47143d9f755babca2c9110e03235c\",\"name\":\"oliviere\",\"image\":{\"@type\":\"ImageObject\",\"inLanguage\":\"fr-FR\",\"@id\":\"https:\\\/\\\/secure.gravatar.com\\\/avatar\\\/907069e0b81d119452040469e4a7501da1100f54f7f80180ce77bfab718288f6?s=96&d=mm&r=g\",\"url\":\"https:\\\/\\\/secure.gravatar.com\\\/avatar\\\/907069e0b81d119452040469e4a7501da1100f54f7f80180ce77bfab718288f6?s=96&d=mm&r=g\",\"contentUrl\":\"https:\\\/\\\/secure.gravatar.com\\\/avatar\\\/907069e0b81d119452040469e4a7501da1100f54f7f80180ce77bfab718288f6?s=96&d=mm&r=g\",\"caption\":\"oliviere\"},\"sameAs\":[\"http:\\\/\\\/www.motocrossmag.be\"],\"url\":\"https:\\\/\\\/fr.motocrossmag.be\\\/index.php\\\/author\\\/oliviere\\\/\"}]}<\/script>\n<!-- \/ Yoast SEO plugin. -->","yoast_head_json":{"title":"Yamaha, Kawasaki, Suzuki : les g\u00e9ants japonais boudent le Salon de Bruxelles - Motocross - Enduro - Supermoto | MotocrossMag","robots":{"index":"index","follow":"follow","max-snippet":"max-snippet:-1","max-image-preview":"max-image-preview:large","max-video-preview":"max-video-preview:-1"},"canonical":"https:\/\/fr.motocrossmag.be\/index.php\/2021\/10\/yamaha-kawasaki-suzuki-les-geants-japonais-boudent-le-salon-de-bruxelles\/","og_locale":"fr_FR","og_type":"article","og_title":"Yamaha, Kawasaki, Suzuki : les g\u00e9ants japonais boudent le Salon de Bruxelles - Motocross - Enduro - Supermoto | MotocrossMag","og_description":"Longtemps ind\u00e9cise \u00e0 cause des incertitudes li\u00e9es \u00e0 l&rsquo;\u00e9volution de la situation sanitaire mais aussi face au manque d&rsquo;engouement de certains grands constructeurs automobiles, la FEBIAC a fini par confirmer [...]","og_url":"https:\/\/fr.motocrossmag.be\/index.php\/2021\/10\/yamaha-kawasaki-suzuki-les-geants-japonais-boudent-le-salon-de-bruxelles\/","og_site_name":"Motocross - Enduro - Supermoto | MotocrossMag","article_published_time":"2021-10-14T15:18:35+00:00","article_modified_time":"2021-10-14T15:20:29+00:00","og_image":[{"width":1400,"height":933,"url":"https:\/\/fr.motocrossmag.be\/wp-content\/uploads\/2018\/01\/Salon-Brussels-2018-IMG_7719-1.jpg","type":"image\/jpeg"}],"author":"oliviere","twitter_card":"summary_large_image","twitter_misc":{"\u00c9crit par":"oliviere","Dur\u00e9e de lecture estim\u00e9e":"1 minute"},"schema":{"@context":"https:\/\/schema.org","@graph":[{"@type":"Article","@id":"https:\/\/fr.motocrossmag.be\/index.php\/2021\/10\/yamaha-kawasaki-suzuki-les-geants-japonais-boudent-le-salon-de-bruxelles\/#article","isPartOf":{"@id":"https:\/\/fr.motocrossmag.be\/index.php\/2021\/10\/yamaha-kawasaki-suzuki-les-geants-japonais-boudent-le-salon-de-bruxelles\/"},"author":{"name":"oliviere","@id":"https:\/\/fr.motocrossmag.be\/#\/schema\/person\/11b47143d9f755babca2c9110e03235c"},"headline":"Yamaha, Kawasaki, Suzuki : les g\u00e9ants japonais boudent le Salon de Bruxelles","datePublished":"2021-10-14T15:18:35+00:00","dateModified":"2021-10-14T15:20:29+00:00","mainEntityOfPage":{"@id":"https:\/\/fr.motocrossmag.be\/index.php\/2021\/10\/yamaha-kawasaki-suzuki-les-geants-japonais-boudent-le-salon-de-bruxelles\/"},"wordCount":284,"commentCount":0,"image":{"@id":"https:\/\/fr.motocrossmag.be\/index.php\/2021\/10\/yamaha-kawasaki-suzuki-les-geants-japonais-boudent-le-salon-de-bruxelles\/#primaryimage"},"thumbnailUrl":"https:\/\/fr.motocrossmag.be\/wp-content\/uploads\/2018\/01\/Salon-Brussels-2018-IMG_7719-1.jpg","keywords":["Motocross","salon de bruxelles"],"articleSection":["Actualit\u00e9","Industrie","Motocross","News","News","Slideshow"],"inLanguage":"fr-FR","potentialAction":[{"@type":"CommentAction","name":"Comment","target":["https:\/\/fr.motocrossmag.be\/index.php\/2021\/10\/yamaha-kawasaki-suzuki-les-geants-japonais-boudent-le-salon-de-bruxelles\/#respond"]}]},{"@type":"WebPage","@id":"https:\/\/fr.motocrossmag.be\/index.php\/2021\/10\/yamaha-kawasaki-suzuki-les-geants-japonais-boudent-le-salon-de-bruxelles\/","url":"https:\/\/fr.motocrossmag.be\/index.php\/2021\/10\/yamaha-kawasaki-suzuki-les-geants-japonais-boudent-le-salon-de-bruxelles\/","name":"Yamaha, Kawasaki, Suzuki : les g\u00e9ants japonais boudent le Salon de Bruxelles - Motocross - Enduro - Supermoto | MotocrossMag","isPartOf":{"@id":"https:\/\/fr.motocrossmag.be\/#website"},"primaryImageOfPage":{"@id":"https:\/\/fr.motocrossmag.be\/index.php\/2021\/10\/yamaha-kawasaki-suzuki-les-geants-japonais-boudent-le-salon-de-bruxelles\/#primaryimage"},"image":{"@id":"https:\/\/fr.motocrossmag.be\/index.php\/2021\/10\/yamaha-kawasaki-suzuki-les-geants-japonais-boudent-le-salon-de-bruxelles\/#primaryimage"},"thumbnailUrl":"https:\/\/fr.motocrossmag.be\/wp-content\/uploads\/2018\/01\/Salon-Brussels-2018-IMG_7719-1.jpg","datePublished":"2021-10-14T15:18:35+00:00","dateModified":"2021-10-14T15:20:29+00:00","author":{"@id":"https:\/\/fr.motocrossmag.be\/#\/schema\/person\/11b47143d9f755babca2c9110e03235c"},"breadcrumb":{"@id":"https:\/\/fr.motocrossmag.be\/index.php\/2021\/10\/yamaha-kawasaki-suzuki-les-geants-japonais-boudent-le-salon-de-bruxelles\/#breadcrumb"},"inLanguage":"fr-FR","potentialAction":[{"@type":"ReadAction","target":["https:\/\/fr.motocrossmag.be\/index.php\/2021\/10\/yamaha-kawasaki-suzuki-les-geants-japonais-boudent-le-salon-de-bruxelles\/"]}]},{"@type":"ImageObject","inLanguage":"fr-FR","@id":"https:\/\/fr.motocrossmag.be\/index.php\/2021\/10\/yamaha-kawasaki-suzuki-les-geants-japonais-boudent-le-salon-de-bruxelles\/#primaryimage","url":"https:\/\/fr.motocrossmag.be\/wp-content\/uploads\/2018\/01\/Salon-Brussels-2018-IMG_7719-1.jpg","contentUrl":"https:\/\/fr.motocrossmag.be\/wp-content\/uploads\/2018\/01\/Salon-Brussels-2018-IMG_7719-1.jpg","width":1400,"height":933},{"@type":"BreadcrumbList","@id":"https:\/\/fr.motocrossmag.be\/index.php\/2021\/10\/yamaha-kawasaki-suzuki-les-geants-japonais-boudent-le-salon-de-bruxelles\/#breadcrumb","itemListElement":[{"@type":"ListItem","position":1,"name":"Accueil","item":"https:\/\/fr.motocrossmag.be\/"},{"@type":"ListItem","position":2,"name":"Yamaha, Kawasaki, Suzuki : les g\u00e9ants japonais boudent le Salon de Bruxelles"}]},{"@type":"WebSite","@id":"https:\/\/fr.motocrossmag.be\/#website","url":"https:\/\/fr.motocrossmag.be\/","name":"Motocross - Enduro - Supermoto | MotocrossMag","description":"L&#039;actualit\u00e9 du motocross, de l&#039;enduro et du Supermoto en ligne!","potentialAction":[{"@type":"SearchAction","target":{"@type":"EntryPoint","urlTemplate":"https:\/\/fr.motocrossmag.be\/?s={search_term_string}"},"query-input":{"@type":"PropertyValueSpecification","valueRequired":true,"valueName":"search_term_string"}}],"inLanguage":"fr-FR"},{"@type":"Person","@id":"https:\/\/fr.motocrossmag.be\/#\/schema\/person\/11b47143d9f755babca2c9110e03235c","name":"oliviere","image":{"@type":"ImageObject","inLanguage":"fr-FR","@id":"https:\/\/secure.gravatar.com\/avatar\/907069e0b81d119452040469e4a7501da1100f54f7f80180ce77bfab718288f6?s=96&d=mm&r=g","url":"https:\/\/secure.gravatar.com\/avatar\/907069e0b81d119452040469e4a7501da1100f54f7f80180ce77bfab718288f6?s=96&d=mm&r=g","contentUrl":"https:\/\/secure.gravatar.com\/avatar\/907069e0b81d119452040469e4a7501da1100f54f7f80180ce77bfab718288f6?s=96&d=mm&r=g","caption":"oliviere"},"sameAs":["http:\/\/www.motocrossmag.be"],"url":"https:\/\/fr.motocrossmag.be\/index.php\/author\/oliviere\/"}]}},"_links":{"self":[{"href":"https:\/\/fr.motocrossmag.be\/index.php\/wp-json\/wp\/v2\/posts\/113409","targetHints":{"allow":["GET"]}}],"collection":[{"href":"https:\/\/fr.motocrossmag.be\/index.php\/wp-json\/wp\/v2\/posts"}],"about":[{"href":"https:\/\/fr.motocrossmag.be\/index.php\/wp-json\/wp\/v2\/types\/post"}],"author":[{"embeddable":true,"href":"https:\/\/fr.motocrossmag.be\/index.php\/wp-json\/wp\/v2\/users\/932"}],"replies":[{"embeddable":true,"href":"https:\/\/fr.motocrossmag.be\/index.php\/wp-json\/wp\/v2\/comments?post=113409"}],"version-history":[{"count":1,"href":"https:\/\/fr.motocrossmag.be\/index.php\/wp-json\/wp\/v2\/posts\/113409\/revisions"}],"predecessor-version":[{"id":113410,"href":"https:\/\/fr.motocrossmag.be\/index.php\/wp-json\/wp\/v2\/posts\/113409\/revisions\/113410"}],"wp:featuredmedia":[{"embeddable":true,"href":"https:\/\/fr.motocrossmag.be\/index.php\/wp-json\/wp\/v2\/media\/68938"}],"wp:attachment":[{"href":"https:\/\/fr.motocrossmag.be\/index.php\/wp-json\/wp\/v2\/media?parent=113409"}],"wp:term":[{"taxonomy":"category","embeddable":true,"href":"https:\/\/fr.motocrossmag.be\/index.php\/wp-json\/wp\/v2\/categories?post=113409"},{"taxonomy":"post_tag","embeddable":true,"href":"https:\/\/fr.motocrossmag.be\/index.php\/wp-json\/wp\/v2\/tags?post=113409"}],"curies":[{"name":"wp","href":"https:\/\/api.w.org\/{rel}","templated":true}]}}