{"id":113443,"date":"2021-10-20T17:06:31","date_gmt":"2021-10-20T15:06:31","guid":{"rendered":"http:\/\/fr.motocrossmag.be\/?p=113443"},"modified":"2021-10-20T17:07:49","modified_gmt":"2021-10-20T15:07:49","slug":"jerome-martiny-vers-le-dakar-avec-serenite","status":"publish","type":"post","link":"https:\/\/fr.motocrossmag.be\/index.php\/2021\/10\/jerome-martiny-vers-le-dakar-avec-serenite\/","title":{"rendered":"J\u00e9r\u00f4me Martiny : \u00ab\u00a0Vers le Dakar avec s\u00e9r\u00e9nit\u00e9\u00a0\u00bb"},"content":{"rendered":"<p><strong>En janvier 2022, J\u00e9r\u00f4me Martiny participera \u00e0 son premier Dakar. Un challenge que le pilote habitu\u00e9 des circuits de l&rsquo;AMPL et des sp\u00e9ciales du championnat de Belgique d&rsquo;enduro pr\u00e9parent avec soin. Apr\u00e8s le rallye d&rsquo;Andalousie en mai dernier, le pilote Anquety Motorsport Husqvarna \u00e9tait la semaine pass\u00e9e sur celui du Maroc. Il en revient avec des enseignements plein la t\u00eate, des r\u00e9ponses \u00e0 la plupart de ses questions et forc\u00e9ment plus motiv\u00e9 que jamais \u00e0 l&rsquo;id\u00e9e d&rsquo;entrer dans la derni\u00e8re ligne droite qui le s\u00e9pare encore de son r\u00eave.<\/strong><\/p>\n<p>\u00ab\u00a0Le Rallye du Maroc, c&rsquo;est vraiment un mini-Dakar, il faut le faire absolument, c&rsquo;est un super rallye!\u00a0\u00bb, lance avec enthousiasme Martiny. \u00ab\u00a0Je suis vraiment heureux d&rsquo;avoir pris la d\u00e9cision d&rsquo;y aller alors qu&rsquo;au d\u00e9part j&rsquo;avais pr\u00e9vu de ne disputer que le rallye d&rsquo;Andalousie pour me qualifier pour le Dakar.\u00a0\u00bb<\/p>\n<p><img decoding=\"async\" class=\"lazyload size-full wp-image-113528 alignnone\" src=\"http:\/\/fr.motocrossmag.be\/wp-content\/uploads\/2021\/10\/IMG-20211020-WA0007.jpg\" data-orig-src=\"http:\/\/fr.motocrossmag.be\/wp-content\/uploads\/2021\/10\/IMG-20211020-WA0007.jpg\" alt=\"\" width=\"750\" height=\"563\" srcset=\"data:image\/svg+xml,%3Csvg%20xmlns%3D%27http%3A%2F%2Fwww.w3.org%2F2000%2Fsvg%27%20width%3D%27750%27%20height%3D%27563%27%20viewBox%3D%270%200%20750%20563%27%3E%3Crect%20width%3D%27750%27%20height%3D%27563%27%20fill-opacity%3D%220%22%2F%3E%3C%2Fsvg%3E\" data-srcset=\"https:\/\/fr.motocrossmag.be\/wp-content\/uploads\/2021\/10\/IMG-20211020-WA0007-650x488.jpg 650w, https:\/\/fr.motocrossmag.be\/wp-content\/uploads\/2021\/10\/IMG-20211020-WA0007.jpg 750w\" data-sizes=\"auto\" data-orig-sizes=\"(max-width: 750px) 100vw, 750px\" \/><\/p>\n<p>Un mini-Dakar qui a permis \u00e0 J\u00e9r\u00f4me de tester sa nouvelle Husqvarna \u00ab\u00a0Rallye\u00a0\u00bb en conditions r\u00e9elles et de s&rsquo;initier \u00e0 la navigation en course. \u00ab\u00a0C&rsquo;\u00e9tait la premi\u00e8re fois que je roulais avec la moto, je l&rsquo;avais juste rod\u00e9e avant de partir pour le Maroc. Elle ne m&rsquo;a pas d\u00e9\u00e7u, c&rsquo;est une machine qui pardonne beaucoup d&rsquo;erreurs, sur laquelle on se sent bien m\u00eame sur de longues distances, on sent qu&rsquo;elle est vraiment faite pour cela\u00a0\u00bb, poursuit-il. \u00ab\u00a0J&rsquo;ai donc \u00e9t\u00e9 rassur\u00e9 quant \u00e0 mon feeling avec la moto de rallye mais je l&rsquo;ai surtout \u00e9t\u00e9 sur ma capacit\u00e9 \u00e0 rouler dans les dunes et, surtout, \u00e0 g\u00e9rer la navigation.\u00a0\u00bb<\/p>\n<blockquote><p>\u00ab\u00a0Je sais ce que je dois faire pour arriver pr\u00eat sur le Dakar, j&rsquo;ai eu au Maroc les r\u00e9ponses \u00e0 mes questions.\u00a0\u00bb<\/p><\/blockquote>\n<p>\u00ab\u00a0Bien s\u00fbr, je dois encore progresser sur le plan de la navigation\u00a0\u00bb, ajoute le pilote Husqvarna, \u00ab\u00a0mais je sais ce sur quoi je dois travailler dans les semaines qui viennent pour arriver pr\u00eat sur le Dakar. J&rsquo;ai vu au Maroc que je pouvais rester calme, concentr\u00e9, tout en naviguant correctement et en roulant \u00e0 une bonne vitesse. Je dois encore apprendre \u00e0 rouler plus vite tout en naviguant mais j&rsquo;ai pu voir que je suis dans la bonne direction. C&rsquo;est un exercice qui n&rsquo;est pas facile, il faut sans cesse chercher le bon \u00e9quilibre entre vitesse \u00e9lev\u00e9e et risque d&rsquo;erreurs de navigation. Quant au plan physique, je me sens bien, je vais continuer \u00e0 me pr\u00e9parer comme je l&rsquo;ai fait ces derniers mois.\u00a0\u00bb<\/p>\n<p><img decoding=\"async\" class=\"lazyload size-full wp-image-113529 alignnone\" src=\"http:\/\/fr.motocrossmag.be\/wp-content\/uploads\/2021\/10\/martiny-maroc-2.jpg\" data-orig-src=\"http:\/\/fr.motocrossmag.be\/wp-content\/uploads\/2021\/10\/martiny-maroc-2.jpg\" alt=\"\" width=\"900\" height=\"624\" srcset=\"data:image\/svg+xml,%3Csvg%20xmlns%3D%27http%3A%2F%2Fwww.w3.org%2F2000%2Fsvg%27%20width%3D%27900%27%20height%3D%27624%27%20viewBox%3D%270%200%20900%20624%27%3E%3Crect%20width%3D%27900%27%20height%3D%27624%27%20fill-opacity%3D%220%22%2F%3E%3C%2Fsvg%3E\" data-srcset=\"https:\/\/fr.motocrossmag.be\/wp-content\/uploads\/2021\/10\/martiny-maroc-2-650x451.jpg 650w, https:\/\/fr.motocrossmag.be\/wp-content\/uploads\/2021\/10\/martiny-maroc-2-768x532.jpg 768w, https:\/\/fr.motocrossmag.be\/wp-content\/uploads\/2021\/10\/martiny-maroc-2.jpg 900w\" data-sizes=\"auto\" data-orig-sizes=\"(max-width: 900px) 100vw, 900px\" \/><\/p>\n<p>Enfin, participer \u00e0 un Dakar est un d\u00e9fi sportif mais aussi un vrai challenge sur le plan logistique et financier. Sur ce dernier point \u00e9galement, J\u00e9r\u00f4me se veut optimiste. \u00ab\u00a0Les choses se pr\u00e9sentent bien. J&rsquo;ai la chance de pouvoir compter sur plusieurs partenaires fid\u00e8les et d&rsquo;autres qui m&rsquo;ont rejoint dans cette aventure. Merci \u00e0 eux ! Je peux aussi compter sur la g\u00e9n\u00e9rosit\u00e9 et la participation de nombreux supporters qui s&rsquo;investissent dans les activit\u00e9s que j&rsquo;organise.\u00a0\u00bb<\/p>\n<p>En parlant d&rsquo;activit\u00e9s organis\u00e9es par J\u00e9r\u00f4me, la prochaine est <a href=\"https:\/\/www.facebook.com\/events\/396708095248072\" target=\"_blank\" rel=\"noopener\">une marche gourmande au d\u00e9part de Longchamps le dimanche 31 octobre prochain<\/a>.<\/p>\n","protected":false},"excerpt":{"rendered":"<p>En janvier 2022, J\u00e9r\u00f4me Martiny participera \u00e0 son premier Dakar. Un challenge que le pilote habitu\u00e9 des circuits de l&rsquo;AMPL et des sp\u00e9ciales du championnat de Belgique d&rsquo;enduro pr\u00e9parent avec [&#8230;]<\/p>\n","protected":false},"author":932,"featured_media":113527,"comment_status":"open","ping_status":"closed","sticky":false,"template":"","format":"standard","meta":{"footnotes":""},"categories":[54,58,55,450,65],"tags":[687,1675,962],"class_list":["post-113443","post","type-post","status-publish","format-standard","has-post-thumbnail","hentry","category-actualite","category-interviews-actualite","category-news-actualite","category-rallye","category-slideshow","tag-dakar","tag-jerome-martiny","tag-rallye"],"yoast_head":"<!-- This site is optimized with the Yoast SEO plugin v27.4 - https:\/\/yoast.com\/product\/yoast-seo-wordpress\/ -->\n<title>J\u00e9r\u00f4me Martiny : &quot;Vers le Dakar avec s\u00e9r\u00e9nit\u00e9&quot; - Motocross - Enduro - Supermoto | MotocrossMag<\/title>\n<meta name=\"robots\" content=\"index, follow, max-snippet:-1, max-image-preview:large, max-video-preview:-1\" \/>\n<link rel=\"canonical\" href=\"https:\/\/fr.motocrossmag.be\/index.php\/2021\/10\/jerome-martiny-vers-le-dakar-avec-serenite\/\" \/>\n<meta property=\"og:locale\" content=\"fr_FR\" \/>\n<meta property=\"og:type\" content=\"article\" \/>\n<meta property=\"og:title\" content=\"J\u00e9r\u00f4me Martiny : &quot;Vers le Dakar avec s\u00e9r\u00e9nit\u00e9&quot; - Motocross - Enduro - Supermoto | MotocrossMag\" \/>\n<meta property=\"og:description\" content=\"En janvier 2022, J\u00e9r\u00f4me Martiny participera \u00e0 son premier Dakar. Un challenge que le pilote habitu\u00e9 des circuits de l&rsquo;AMPL et des sp\u00e9ciales du championnat de Belgique d&rsquo;enduro pr\u00e9parent avec [...]\" \/>\n<meta property=\"og:url\" content=\"https:\/\/fr.motocrossmag.be\/index.php\/2021\/10\/jerome-martiny-vers-le-dakar-avec-serenite\/\" \/>\n<meta property=\"og:site_name\" content=\"Motocross - Enduro - Supermoto | MotocrossMag\" \/>\n<meta property=\"article:published_time\" content=\"2021-10-20T15:06:31+00:00\" \/>\n<meta property=\"article:modified_time\" content=\"2021-10-20T15:07:49+00:00\" \/>\n<meta property=\"og:image\" content=\"https:\/\/fr.motocrossmag.be\/wp-content\/uploads\/2021\/10\/martiny-maroc.jpg\" \/>\n\t<meta property=\"og:image:width\" content=\"750\" \/>\n\t<meta property=\"og:image:height\" content=\"524\" \/>\n\t<meta property=\"og:image:type\" content=\"image\/jpeg\" \/>\n<meta name=\"author\" content=\"oliviere\" \/>\n<meta name=\"twitter:card\" content=\"summary_large_image\" \/>\n<meta name=\"twitter:label1\" content=\"\u00c9crit par\" \/>\n\t<meta name=\"twitter:data1\" content=\"oliviere\" \/>\n\t<meta name=\"twitter:label2\" content=\"Dur\u00e9e de lecture estim\u00e9e\" \/>\n\t<meta name=\"twitter:data2\" content=\"3 minutes\" \/>\n<script type=\"application\/ld+json\" class=\"yoast-schema-graph\">{\"@context\":\"https:\\\/\\\/schema.org\",\"@graph\":[{\"@type\":\"Article\",\"@id\":\"https:\\\/\\\/fr.motocrossmag.be\\\/index.php\\\/2021\\\/10\\\/jerome-martiny-vers-le-dakar-avec-serenite\\\/#article\",\"isPartOf\":{\"@id\":\"https:\\\/\\\/fr.motocrossmag.be\\\/index.php\\\/2021\\\/10\\\/jerome-martiny-vers-le-dakar-avec-serenite\\\/\"},\"author\":{\"name\":\"oliviere\",\"@id\":\"https:\\\/\\\/fr.motocrossmag.be\\\/#\\\/schema\\\/person\\\/11b47143d9f755babca2c9110e03235c\"},\"headline\":\"J\u00e9r\u00f4me Martiny : \u00ab\u00a0Vers le Dakar avec s\u00e9r\u00e9nit\u00e9\u00a0\u00bb\",\"datePublished\":\"2021-10-20T15:06:31+00:00\",\"dateModified\":\"2021-10-20T15:07:49+00:00\",\"mainEntityOfPage\":{\"@id\":\"https:\\\/\\\/fr.motocrossmag.be\\\/index.php\\\/2021\\\/10\\\/jerome-martiny-vers-le-dakar-avec-serenite\\\/\"},\"wordCount\":559,\"commentCount\":0,\"image\":{\"@id\":\"https:\\\/\\\/fr.motocrossmag.be\\\/index.php\\\/2021\\\/10\\\/jerome-martiny-vers-le-dakar-avec-serenite\\\/#primaryimage\"},\"thumbnailUrl\":\"https:\\\/\\\/fr.motocrossmag.be\\\/wp-content\\\/uploads\\\/2021\\\/10\\\/martiny-maroc.jpg\",\"keywords\":[\"dakar\",\"j\u00e9r\u00f4me martiny\",\"rallye\"],\"articleSection\":[\"Actualit\u00e9\",\"Interviews -all\",\"News\",\"Rallye-raid\\\/Aventure\",\"Slideshow\"],\"inLanguage\":\"fr-FR\",\"potentialAction\":[{\"@type\":\"CommentAction\",\"name\":\"Comment\",\"target\":[\"https:\\\/\\\/fr.motocrossmag.be\\\/index.php\\\/2021\\\/10\\\/jerome-martiny-vers-le-dakar-avec-serenite\\\/#respond\"]}]},{\"@type\":\"WebPage\",\"@id\":\"https:\\\/\\\/fr.motocrossmag.be\\\/index.php\\\/2021\\\/10\\\/jerome-martiny-vers-le-dakar-avec-serenite\\\/\",\"url\":\"https:\\\/\\\/fr.motocrossmag.be\\\/index.php\\\/2021\\\/10\\\/jerome-martiny-vers-le-dakar-avec-serenite\\\/\",\"name\":\"J\u00e9r\u00f4me Martiny : \\\"Vers le Dakar avec s\u00e9r\u00e9nit\u00e9\\\" - Motocross - Enduro - Supermoto | MotocrossMag\",\"isPartOf\":{\"@id\":\"https:\\\/\\\/fr.motocrossmag.be\\\/#website\"},\"primaryImageOfPage\":{\"@id\":\"https:\\\/\\\/fr.motocrossmag.be\\\/index.php\\\/2021\\\/10\\\/jerome-martiny-vers-le-dakar-avec-serenite\\\/#primaryimage\"},\"image\":{\"@id\":\"https:\\\/\\\/fr.motocrossmag.be\\\/index.php\\\/2021\\\/10\\\/jerome-martiny-vers-le-dakar-avec-serenite\\\/#primaryimage\"},\"thumbnailUrl\":\"https:\\\/\\\/fr.motocrossmag.be\\\/wp-content\\\/uploads\\\/2021\\\/10\\\/martiny-maroc.jpg\",\"datePublished\":\"2021-10-20T15:06:31+00:00\",\"dateModified\":\"2021-10-20T15:07:49+00:00\",\"author\":{\"@id\":\"https:\\\/\\\/fr.motocrossmag.be\\\/#\\\/schema\\\/person\\\/11b47143d9f755babca2c9110e03235c\"},\"breadcrumb\":{\"@id\":\"https:\\\/\\\/fr.motocrossmag.be\\\/index.php\\\/2021\\\/10\\\/jerome-martiny-vers-le-dakar-avec-serenite\\\/#breadcrumb\"},\"inLanguage\":\"fr-FR\",\"potentialAction\":[{\"@type\":\"ReadAction\",\"target\":[\"https:\\\/\\\/fr.motocrossmag.be\\\/index.php\\\/2021\\\/10\\\/jerome-martiny-vers-le-dakar-avec-serenite\\\/\"]}]},{\"@type\":\"ImageObject\",\"inLanguage\":\"fr-FR\",\"@id\":\"https:\\\/\\\/fr.motocrossmag.be\\\/index.php\\\/2021\\\/10\\\/jerome-martiny-vers-le-dakar-avec-serenite\\\/#primaryimage\",\"url\":\"https:\\\/\\\/fr.motocrossmag.be\\\/wp-content\\\/uploads\\\/2021\\\/10\\\/martiny-maroc.jpg\",\"contentUrl\":\"https:\\\/\\\/fr.motocrossmag.be\\\/wp-content\\\/uploads\\\/2021\\\/10\\\/martiny-maroc.jpg\",\"width\":750,\"height\":524},{\"@type\":\"BreadcrumbList\",\"@id\":\"https:\\\/\\\/fr.motocrossmag.be\\\/index.php\\\/2021\\\/10\\\/jerome-martiny-vers-le-dakar-avec-serenite\\\/#breadcrumb\",\"itemListElement\":[{\"@type\":\"ListItem\",\"position\":1,\"name\":\"Accueil\",\"item\":\"https:\\\/\\\/fr.motocrossmag.be\\\/\"},{\"@type\":\"ListItem\",\"position\":2,\"name\":\"J\u00e9r\u00f4me Martiny : \u00ab\u00a0Vers le Dakar avec s\u00e9r\u00e9nit\u00e9\u00a0\u00bb\"}]},{\"@type\":\"WebSite\",\"@id\":\"https:\\\/\\\/fr.motocrossmag.be\\\/#website\",\"url\":\"https:\\\/\\\/fr.motocrossmag.be\\\/\",\"name\":\"Motocross - Enduro - Supermoto | MotocrossMag\",\"description\":\"L&#039;actualit\u00e9 du motocross, de l&#039;enduro et du Supermoto en ligne!\",\"potentialAction\":[{\"@type\":\"SearchAction\",\"target\":{\"@type\":\"EntryPoint\",\"urlTemplate\":\"https:\\\/\\\/fr.motocrossmag.be\\\/?s={search_term_string}\"},\"query-input\":{\"@type\":\"PropertyValueSpecification\",\"valueRequired\":true,\"valueName\":\"search_term_string\"}}],\"inLanguage\":\"fr-FR\"},{\"@type\":\"Person\",\"@id\":\"https:\\\/\\\/fr.motocrossmag.be\\\/#\\\/schema\\\/person\\\/11b47143d9f755babca2c9110e03235c\",\"name\":\"oliviere\",\"image\":{\"@type\":\"ImageObject\",\"inLanguage\":\"fr-FR\",\"@id\":\"https:\\\/\\\/secure.gravatar.com\\\/avatar\\\/907069e0b81d119452040469e4a7501da1100f54f7f80180ce77bfab718288f6?s=96&d=mm&r=g\",\"url\":\"https:\\\/\\\/secure.gravatar.com\\\/avatar\\\/907069e0b81d119452040469e4a7501da1100f54f7f80180ce77bfab718288f6?s=96&d=mm&r=g\",\"contentUrl\":\"https:\\\/\\\/secure.gravatar.com\\\/avatar\\\/907069e0b81d119452040469e4a7501da1100f54f7f80180ce77bfab718288f6?s=96&d=mm&r=g\",\"caption\":\"oliviere\"},\"sameAs\":[\"http:\\\/\\\/www.motocrossmag.be\"],\"url\":\"https:\\\/\\\/fr.motocrossmag.be\\\/index.php\\\/author\\\/oliviere\\\/\"}]}<\/script>\n<!-- \/ Yoast SEO plugin. -->","yoast_head_json":{"title":"J\u00e9r\u00f4me Martiny : \"Vers le Dakar avec s\u00e9r\u00e9nit\u00e9\" - Motocross - Enduro - Supermoto | MotocrossMag","robots":{"index":"index","follow":"follow","max-snippet":"max-snippet:-1","max-image-preview":"max-image-preview:large","max-video-preview":"max-video-preview:-1"},"canonical":"https:\/\/fr.motocrossmag.be\/index.php\/2021\/10\/jerome-martiny-vers-le-dakar-avec-serenite\/","og_locale":"fr_FR","og_type":"article","og_title":"J\u00e9r\u00f4me Martiny : \"Vers le Dakar avec s\u00e9r\u00e9nit\u00e9\" - Motocross - Enduro - Supermoto | MotocrossMag","og_description":"En janvier 2022, J\u00e9r\u00f4me Martiny participera \u00e0 son premier Dakar. Un challenge que le pilote habitu\u00e9 des circuits de l&rsquo;AMPL et des sp\u00e9ciales du championnat de Belgique d&rsquo;enduro pr\u00e9parent avec [...]","og_url":"https:\/\/fr.motocrossmag.be\/index.php\/2021\/10\/jerome-martiny-vers-le-dakar-avec-serenite\/","og_site_name":"Motocross - Enduro - Supermoto | MotocrossMag","article_published_time":"2021-10-20T15:06:31+00:00","article_modified_time":"2021-10-20T15:07:49+00:00","og_image":[{"width":750,"height":524,"url":"https:\/\/fr.motocrossmag.be\/wp-content\/uploads\/2021\/10\/martiny-maroc.jpg","type":"image\/jpeg"}],"author":"oliviere","twitter_card":"summary_large_image","twitter_misc":{"\u00c9crit par":"oliviere","Dur\u00e9e de lecture estim\u00e9e":"3 minutes"},"schema":{"@context":"https:\/\/schema.org","@graph":[{"@type":"Article","@id":"https:\/\/fr.motocrossmag.be\/index.php\/2021\/10\/jerome-martiny-vers-le-dakar-avec-serenite\/#article","isPartOf":{"@id":"https:\/\/fr.motocrossmag.be\/index.php\/2021\/10\/jerome-martiny-vers-le-dakar-avec-serenite\/"},"author":{"name":"oliviere","@id":"https:\/\/fr.motocrossmag.be\/#\/schema\/person\/11b47143d9f755babca2c9110e03235c"},"headline":"J\u00e9r\u00f4me Martiny : \u00ab\u00a0Vers le Dakar avec s\u00e9r\u00e9nit\u00e9\u00a0\u00bb","datePublished":"2021-10-20T15:06:31+00:00","dateModified":"2021-10-20T15:07:49+00:00","mainEntityOfPage":{"@id":"https:\/\/fr.motocrossmag.be\/index.php\/2021\/10\/jerome-martiny-vers-le-dakar-avec-serenite\/"},"wordCount":559,"commentCount":0,"image":{"@id":"https:\/\/fr.motocrossmag.be\/index.php\/2021\/10\/jerome-martiny-vers-le-dakar-avec-serenite\/#primaryimage"},"thumbnailUrl":"https:\/\/fr.motocrossmag.be\/wp-content\/uploads\/2021\/10\/martiny-maroc.jpg","keywords":["dakar","j\u00e9r\u00f4me martiny","rallye"],"articleSection":["Actualit\u00e9","Interviews -all","News","Rallye-raid\/Aventure","Slideshow"],"inLanguage":"fr-FR","potentialAction":[{"@type":"CommentAction","name":"Comment","target":["https:\/\/fr.motocrossmag.be\/index.php\/2021\/10\/jerome-martiny-vers-le-dakar-avec-serenite\/#respond"]}]},{"@type":"WebPage","@id":"https:\/\/fr.motocrossmag.be\/index.php\/2021\/10\/jerome-martiny-vers-le-dakar-avec-serenite\/","url":"https:\/\/fr.motocrossmag.be\/index.php\/2021\/10\/jerome-martiny-vers-le-dakar-avec-serenite\/","name":"J\u00e9r\u00f4me Martiny : \"Vers le Dakar avec s\u00e9r\u00e9nit\u00e9\" - Motocross - Enduro - Supermoto | MotocrossMag","isPartOf":{"@id":"https:\/\/fr.motocrossmag.be\/#website"},"primaryImageOfPage":{"@id":"https:\/\/fr.motocrossmag.be\/index.php\/2021\/10\/jerome-martiny-vers-le-dakar-avec-serenite\/#primaryimage"},"image":{"@id":"https:\/\/fr.motocrossmag.be\/index.php\/2021\/10\/jerome-martiny-vers-le-dakar-avec-serenite\/#primaryimage"},"thumbnailUrl":"https:\/\/fr.motocrossmag.be\/wp-content\/uploads\/2021\/10\/martiny-maroc.jpg","datePublished":"2021-10-20T15:06:31+00:00","dateModified":"2021-10-20T15:07:49+00:00","author":{"@id":"https:\/\/fr.motocrossmag.be\/#\/schema\/person\/11b47143d9f755babca2c9110e03235c"},"breadcrumb":{"@id":"https:\/\/fr.motocrossmag.be\/index.php\/2021\/10\/jerome-martiny-vers-le-dakar-avec-serenite\/#breadcrumb"},"inLanguage":"fr-FR","potentialAction":[{"@type":"ReadAction","target":["https:\/\/fr.motocrossmag.be\/index.php\/2021\/10\/jerome-martiny-vers-le-dakar-avec-serenite\/"]}]},{"@type":"ImageObject","inLanguage":"fr-FR","@id":"https:\/\/fr.motocrossmag.be\/index.php\/2021\/10\/jerome-martiny-vers-le-dakar-avec-serenite\/#primaryimage","url":"https:\/\/fr.motocrossmag.be\/wp-content\/uploads\/2021\/10\/martiny-maroc.jpg","contentUrl":"https:\/\/fr.motocrossmag.be\/wp-content\/uploads\/2021\/10\/martiny-maroc.jpg","width":750,"height":524},{"@type":"BreadcrumbList","@id":"https:\/\/fr.motocrossmag.be\/index.php\/2021\/10\/jerome-martiny-vers-le-dakar-avec-serenite\/#breadcrumb","itemListElement":[{"@type":"ListItem","position":1,"name":"Accueil","item":"https:\/\/fr.motocrossmag.be\/"},{"@type":"ListItem","position":2,"name":"J\u00e9r\u00f4me Martiny : \u00ab\u00a0Vers le Dakar avec s\u00e9r\u00e9nit\u00e9\u00a0\u00bb"}]},{"@type":"WebSite","@id":"https:\/\/fr.motocrossmag.be\/#website","url":"https:\/\/fr.motocrossmag.be\/","name":"Motocross - Enduro - Supermoto | MotocrossMag","description":"L&#039;actualit\u00e9 du motocross, de l&#039;enduro et du Supermoto en ligne!","potentialAction":[{"@type":"SearchAction","target":{"@type":"EntryPoint","urlTemplate":"https:\/\/fr.motocrossmag.be\/?s={search_term_string}"},"query-input":{"@type":"PropertyValueSpecification","valueRequired":true,"valueName":"search_term_string"}}],"inLanguage":"fr-FR"},{"@type":"Person","@id":"https:\/\/fr.motocrossmag.be\/#\/schema\/person\/11b47143d9f755babca2c9110e03235c","name":"oliviere","image":{"@type":"ImageObject","inLanguage":"fr-FR","@id":"https:\/\/secure.gravatar.com\/avatar\/907069e0b81d119452040469e4a7501da1100f54f7f80180ce77bfab718288f6?s=96&d=mm&r=g","url":"https:\/\/secure.gravatar.com\/avatar\/907069e0b81d119452040469e4a7501da1100f54f7f80180ce77bfab718288f6?s=96&d=mm&r=g","contentUrl":"https:\/\/secure.gravatar.com\/avatar\/907069e0b81d119452040469e4a7501da1100f54f7f80180ce77bfab718288f6?s=96&d=mm&r=g","caption":"oliviere"},"sameAs":["http:\/\/www.motocrossmag.be"],"url":"https:\/\/fr.motocrossmag.be\/index.php\/author\/oliviere\/"}]}},"_links":{"self":[{"href":"https:\/\/fr.motocrossmag.be\/index.php\/wp-json\/wp\/v2\/posts\/113443","targetHints":{"allow":["GET"]}}],"collection":[{"href":"https:\/\/fr.motocrossmag.be\/index.php\/wp-json\/wp\/v2\/posts"}],"about":[{"href":"https:\/\/fr.motocrossmag.be\/index.php\/wp-json\/wp\/v2\/types\/post"}],"author":[{"embeddable":true,"href":"https:\/\/fr.motocrossmag.be\/index.php\/wp-json\/wp\/v2\/users\/932"}],"replies":[{"embeddable":true,"href":"https:\/\/fr.motocrossmag.be\/index.php\/wp-json\/wp\/v2\/comments?post=113443"}],"version-history":[{"count":0,"href":"https:\/\/fr.motocrossmag.be\/index.php\/wp-json\/wp\/v2\/posts\/113443\/revisions"}],"wp:featuredmedia":[{"embeddable":true,"href":"https:\/\/fr.motocrossmag.be\/index.php\/wp-json\/wp\/v2\/media\/113527"}],"wp:attachment":[{"href":"https:\/\/fr.motocrossmag.be\/index.php\/wp-json\/wp\/v2\/media?parent=113443"}],"wp:term":[{"taxonomy":"category","embeddable":true,"href":"https:\/\/fr.motocrossmag.be\/index.php\/wp-json\/wp\/v2\/categories?post=113443"},{"taxonomy":"post_tag","embeddable":true,"href":"https:\/\/fr.motocrossmag.be\/index.php\/wp-json\/wp\/v2\/tags?post=113443"}],"curies":[{"name":"wp","href":"https:\/\/api.w.org\/{rel}","templated":true}]}}